{"id":217387,"date":"2025-04-04T21:33:00","date_gmt":"2025-04-05T00:33:00","guid":{"rendered":"https:\/\/informelitoral.com.ar\/?p=217387"},"modified":"2025-04-04T21:33:00","modified_gmt":"2025-04-05T00:33:00","slug":"la-mesa-de-enlace-emplazo-la-eliminacion-de-retenciones","status":"publish","type":"post","link":"https:\/\/informelitoral.com.ar\/la-mesa-de-enlace-emplazo-la-eliminacion-de-retenciones\/","title":{"rendered":"La Mesa de Enlace emplaz\u00f3 la eliminaci\u00f3n de retenciones"},"content":{"rendered":"<p>En una reuni\u00f3n mantenida con el secretario de Agricultura, Sergio Iraeta, y su equipo t\u00e9cnico, los dirigentes de la Mesa de Enlace reclamaron definiciones urgentes. El encuentro fue la continuidad de una mesa de di\u00e1logo con se inici\u00f3 en el encuentro mantenido con el ministro de Econom\u00eda, Luis Caputo. En ese contexto, los referentes del campo destacaron el valor del espacio de trabajo, pero insistieron en la necesidad de que el Gobierno avance con definiciones concretas en temas clave como las retenciones, la infraestructura, la seguridad rural y la situaci\u00f3n ganadera.<\/p>\n<p>Uno de los reclamos que unific\u00f3 a las entidades fue la necesidad urgente de inversi\u00f3n en infraestructura. Seg\u00fan detallaron, se plante\u00f3 la posibilidad de realizar una reuni\u00f3n conjunta con Vialidad Nacional para definir prioridades y zonas cr\u00edticas. Andrea Sarnari, presidente de Federaci\u00f3n Agraria Argentina, alert\u00f3 sobre \u201crutas destruidas en plena cosecha gruesa\u201d y pidi\u00f3 avanzar con las obras en la cuenca del Salado \u201cante las inundaciones que afectan a distintas regiones de Buenos Aires\u201d.<\/p>\n<p>Otro de los temas abordado fue la emergencia agropecuaria. Desde el Gobierno se comunic\u00f3 que los dict\u00e1menes jur\u00eddicos ya est\u00e1n en tratamiento en el Ministerio, y que se eval\u00faan situaciones cr\u00edticas por sequ\u00eda en Santa Fe, incendios en La Pampa y heladas en R\u00edo Negro, adem\u00e1s de la sequ\u00eda en Chaco, cuya homologaci\u00f3n ser\u00e1 tratada por la Comisi\u00f3n Nacional de Emergencia Agropecuaria el pr\u00f3ximo martes 8.<\/p>\n<p>Otro de los temas abordado fue el de las retenciones a las exportaciones. Sarnari, reiter\u00f3 el pedido de las entidades para que la baja temporal se convierta en definitiva. \u201cEspecialmente para la campa\u00f1a fina. Pedimos que antes del 1 de junio, cuando comienza la siembra de trigo, se eliminen totalmente las retenciones\u201d, afirm\u00f3.<\/p>\n<p>En cuanto a la financiaci\u00f3n para el agro, Lucas Magnano, presidente de Coninagro, se\u00f1al\u00f3 que \u201clas nuevas l\u00edneas que trabaja la Secretar\u00eda tanto para lecher\u00eda, como para producci\u00f3n ovina, porcina, para la vid, la pera y la manzana, son importantes\u201d. Y adelant\u00f3 que \u201ctendr\u00e1n una l\u00ednea especial por intermedio de las provincias\u201d lo cual \u201ces muy necesario para los productores\u201d.<\/p>\n<p>En materia de seguridad rural, los dirigentes de la SRA, Coninagro, FAA y CRA plantearon formalmente la necesidad de constituir una Mesa Federal junto al Ministerio de Seguridad y las provincias, frente a la escalada de delitos en zonas rurales. La propuesta incluye reflotar instancias anteriores de coordinaci\u00f3n o adaptarlas a la actualidad.<\/p>\n<p>Por otra parte, se trat\u00f3 el tema de la barrera sanitaria patag\u00f3nica, y la pr\u00f3rroga por 90 d\u00edas para el ingreso de carne bovina con hueso, para lo cual se anticip\u00f3 una pr\u00f3xima reuni\u00f3n con el Senasa y la Secretar\u00eda para discutir su funcionamiento integral. <em>(Fuente: Revista Chacra)<\/em><\/p>\n<h6><em><strong>Del archivo:\u00a0<a href=\"https:\/\/informelitoral.com.ar\/por-que-entre-rios-necesita-la-eliminacion-de-las-retenciones\/\" target=\"_blank\" rel=\"noopener\">Por qu\u00e9 Entre R\u00edos necesita la eliminaci\u00f3n de las retenciones<\/a><\/strong><\/em><\/h6>\n<h6><em><strong><a href=\"https:\/\/informelitoral.com.ar\/sarnari-y-martiarena-contaron-que-el-desafio-en-conseguir-previsibilidad\/\" target=\"_blank\" rel=\"noopener\">Sarnari y Martiarena contaron que el desaf\u00edo en conseguir previsibilidad<\/a><\/strong><\/em><\/h6>\n","protected":false},"excerpt":{"rendered":"<p>Dirigentes de las entidades nacionales del campo mantuvieron una reuni\u00f3n con el secretario de Agricultura, Sergio Iraeta, y su equipo t\u00e9cnico, en la cual solicitaron que la baja temporal de derechos de exportaci\u00f3n se convierta en definitiva, \u201cantes de iniciar la campa\u00f1a fina\u201d. <\/p>\n","protected":false},"author":2,"featured_media":73533,"comment_status":"open","ping_status":"open","sticky":false,"template":"","format":"standard","meta":{"fifu_image_url":"","fifu_image_alt":"","footnotes":""},"categories":[10],"tags":[195,157],"class_list":{"0":"post-217387","1":"post","2":"type-post","3":"status-publish","4":"format-standard","5":"has-post-thumbnail","7":"category-campo","8":"tag-mesa-de-enlace","9":"tag-retenciones"},"yoast_head":"<title>La Mesa de Enlace emplaz\u00f3 la eliminaci\u00f3n de retenciones - Informe Litoral<\/title>\n<meta name=\"robots\" content=\"index, follow, max-snippet:-1, max-image-preview:large, max-video-preview:-1\" \/>\n<link rel=\"canonical\" href=\"https:\/\/informelitoral.com.ar\/la-mesa-de-enlace-emplazo-la-eliminacion-de-retenciones\/\" \/>\n<meta property=\"og:locale\" content=\"es_ES\" \/>\n<meta property=\"og:type\" content=\"article\" \/>\n<meta property=\"og:title\" content=\"La Mesa de Enlace emplaz\u00f3 la eliminaci\u00f3n de retenciones - Informe Litoral\" \/>\n<meta property=\"og:description\" content=\"Dirigentes de las entidades nacionales del campo mantuvieron una reuni\u00f3n con el secretario de Agricultura, Sergio Iraeta, y su equipo t\u00e9cnico, en la cual solicitaron que la baja temporal de derechos de exportaci\u00f3n se convierta en definitiva, \u201cantes de iniciar la campa\u00f1a fina\u201d.\" \/>\n<meta property=\"og:url\" content=\"https:\/\/informelitoral.com.ar\/la-mesa-de-enlace-emplazo-la-eliminacion-de-retenciones\/\" \/>\n<meta property=\"og:site_name\" content=\"Informe Litoral\" \/>\n<meta property=\"article:publisher\" content=\"https:\/\/www.facebook.com\/informelitoral\/\" \/>\n<meta property=\"article:published_time\" content=\"2025-04-05T00:33:00+00:00\" \/>\n<meta property=\"og:image\" content=\"https:\/\/informelitoral.com.ar\/%77%70%2d%63%6f%6e%74%65%6e%74\/uploads\/2022\/03\/retenciones-soja-granos-infocampo.jpg\" \/>\n\t<meta property=\"og:image:width\" content=\"1000\" \/>\n\t<meta property=\"og:image:height\" content=\"570\" \/>\n\t<meta property=\"og:image:type\" content=\"image\/jpeg\" \/>\n<meta name=\"author\" content=\"Gonzalo Schmidt\" \/>\n<meta name=\"twitter:card\" content=\"summary_large_image\" \/>\n<meta name=\"twitter:creator\" content=\"@InformeLitoral\" \/>\n<meta name=\"twitter:site\" content=\"@InformeLitoral\" \/>\n<meta name=\"twitter:label1\" content=\"Escrito por\" \/>\n\t<meta name=\"twitter:data1\" content=\"Gonzalo Schmidt\" \/>\n\t<meta name=\"twitter:label2\" content=\"Tiempo de lectura\" \/>\n\t<meta name=\"twitter:data2\" content=\"3 minutos\" \/>\n<script type=\"application\/ld+json\" class=\"yoast-schema-graph\">{\"@context\":\"https:\\\/\\\/schema.org\",\"@graph\":[{\"@type\":\"Article\",\"@id\":\"https:\\\/\\\/informelitoral.com.ar\\\/la-mesa-de-enlace-emplazo-la-eliminacion-de-retenciones\\\/#article\",\"isPartOf\":{\"@id\":\"https:\\\/\\\/informelitoral.com.ar\\\/la-mesa-de-enlace-emplazo-la-eliminacion-de-retenciones\\\/\"},\"author\":{\"name\":\"Gonzalo Schmidt\",\"@id\":\"https:\\\/\\\/informelitoral.com.ar\\\/#\\\/schema\\\/person\\\/b9d00407c836482871ef1d57bf8e3180\"},\"headline\":\"La Mesa de Enlace emplaz\u00f3 la eliminaci\u00f3n de retenciones\",\"datePublished\":\"2025-04-05T00:33:00+00:00\",\"mainEntityOfPage\":{\"@id\":\"https:\\\/\\\/informelitoral.com.ar\\\/la-mesa-de-enlace-emplazo-la-eliminacion-de-retenciones\\\/\"},\"wordCount\":515,\"commentCount\":0,\"publisher\":{\"@id\":\"https:\\\/\\\/informelitoral.com.ar\\\/#organization\"},\"image\":{\"@id\":\"https:\\\/\\\/informelitoral.com.ar\\\/la-mesa-de-enlace-emplazo-la-eliminacion-de-retenciones\\\/#primaryimage\"},\"thumbnailUrl\":\"https:\\\/\\\/informelitoral.com.ar\\\/%77%70%2d%63%6f%6e%74%65%6e%74\\\/uploads\\\/2022\\\/03\\\/retenciones-soja-granos-infocampo.jpg\",\"keywords\":[\"Mesa de Enlace\",\"Retenciones\"],\"articleSection\":[\"Campo\"],\"inLanguage\":\"es\",\"potentialAction\":[{\"@type\":\"CommentAction\",\"name\":\"Comment\",\"target\":[\"https:\\\/\\\/informelitoral.com.ar\\\/la-mesa-de-enlace-emplazo-la-eliminacion-de-retenciones\\\/#respond\"]}]},{\"@type\":\"WebPage\",\"@id\":\"https:\\\/\\\/informelitoral.com.ar\\\/la-mesa-de-enlace-emplazo-la-eliminacion-de-retenciones\\\/\",\"url\":\"https:\\\/\\\/informelitoral.com.ar\\\/la-mesa-de-enlace-emplazo-la-eliminacion-de-retenciones\\\/\",\"name\":\"La Mesa de Enlace emplaz\u00f3 la eliminaci\u00f3n de retenciones - Informe Litoral\",\"isPartOf\":{\"@id\":\"https:\\\/\\\/informelitoral.com.ar\\\/#website\"},\"primaryImageOfPage\":{\"@id\":\"https:\\\/\\\/informelitoral.com.ar\\\/la-mesa-de-enlace-emplazo-la-eliminacion-de-retenciones\\\/#primaryimage\"},\"image\":{\"@id\":\"https:\\\/\\\/informelitoral.com.ar\\\/la-mesa-de-enlace-emplazo-la-eliminacion-de-retenciones\\\/#primaryimage\"},\"thumbnailUrl\":\"https:\\\/\\\/informelitoral.com.ar\\\/%77%70%2d%63%6f%6e%74%65%6e%74\\\/uploads\\\/2022\\\/03\\\/retenciones-soja-granos-infocampo.jpg\",\"datePublished\":\"2025-04-05T00:33:00+00:00\",\"breadcrumb\":{\"@id\":\"https:\\\/\\\/informelitoral.com.ar\\\/la-mesa-de-enlace-emplazo-la-eliminacion-de-retenciones\\\/#breadcrumb\"},\"inLanguage\":\"es\",\"potentialAction\":[{\"@type\":\"ReadAction\",\"target\":[\"https:\\\/\\\/informelitoral.com.ar\\\/la-mesa-de-enlace-emplazo-la-eliminacion-de-retenciones\\\/\"]}]},{\"@type\":\"ImageObject\",\"inLanguage\":\"es\",\"@id\":\"https:\\\/\\\/informelitoral.com.ar\\\/la-mesa-de-enlace-emplazo-la-eliminacion-de-retenciones\\\/#primaryimage\",\"url\":\"https:\\\/\\\/informelitoral.com.ar\\\/%77%70%2d%63%6f%6e%74%65%6e%74\\\/uploads\\\/2022\\\/03\\\/retenciones-soja-granos-infocampo.jpg\",\"contentUrl\":\"https:\\\/\\\/informelitoral.com.ar\\\/%77%70%2d%63%6f%6e%74%65%6e%74\\\/uploads\\\/2022\\\/03\\\/retenciones-soja-granos-infocampo.jpg\",\"width\":1000,\"height\":570},{\"@type\":\"BreadcrumbList\",\"@id\":\"https:\\\/\\\/informelitoral.com.ar\\\/la-mesa-de-enlace-emplazo-la-eliminacion-de-retenciones\\\/#breadcrumb\",\"itemListElement\":[{\"@type\":\"ListItem\",\"position\":1,\"name\":\"Portada\",\"item\":\"https:\\\/\\\/informelitoral.com.ar\\\/\"},{\"@type\":\"ListItem\",\"position\":2,\"name\":\"La Mesa de Enlace emplaz\u00f3 la eliminaci\u00f3n de retenciones\"}]},{\"@type\":\"WebSite\",\"@id\":\"https:\\\/\\\/informelitoral.com.ar\\\/#website\",\"url\":\"https:\\\/\\\/informelitoral.com.ar\\\/\",\"name\":\"Informe Litoral\",\"description\":\"&quot;Nos informamos&quot; \",\"publisher\":{\"@id\":\"https:\\\/\\\/informelitoral.com.ar\\\/#organization\"},\"potentialAction\":[{\"@type\":\"SearchAction\",\"target\":{\"@type\":\"EntryPoint\",\"urlTemplate\":\"https:\\\/\\\/informelitoral.com.ar\\\/?s={search_term_string}\"},\"query-input\":{\"@type\":\"PropertyValueSpecification\",\"valueRequired\":true,\"valueName\":\"search_term_string\"}}],\"inLanguage\":\"es\"},{\"@type\":\"Organization\",\"@id\":\"https:\\\/\\\/informelitoral.com.ar\\\/#organization\",\"name\":\"Informe Litoral\",\"url\":\"https:\\\/\\\/informelitoral.com.ar\\\/\",\"logo\":{\"@type\":\"ImageObject\",\"inLanguage\":\"es\",\"@id\":\"https:\\\/\\\/informelitoral.com.ar\\\/#\\\/schema\\\/logo\\\/image\\\/\",\"url\":\"https:\\\/\\\/informelitoral.com.ar\\\/%77%70%2d%63%6f%6e%74%65%6e%74\\\/uploads\\\/2021\\\/01\\\/circulo.png\",\"contentUrl\":\"https:\\\/\\\/informelitoral.com.ar\\\/%77%70%2d%63%6f%6e%74%65%6e%74\\\/uploads\\\/2021\\\/01\\\/circulo.png\",\"width\":723,\"height\":731,\"caption\":\"Informe Litoral\"},\"image\":{\"@id\":\"https:\\\/\\\/informelitoral.com.ar\\\/#\\\/schema\\\/logo\\\/image\\\/\"},\"sameAs\":[\"https:\\\/\\\/www.facebook.com\\\/informelitoral\\\/\",\"https:\\\/\\\/x.com\\\/InformeLitoral\",\"https:\\\/\\\/www.instagram.com\\\/informelitoral\\\/\",\"https:\\\/\\\/www.youtube.com\\\/channel\\\/UCua4Qvz8Icb6MYqhoq9xLXw\"]},{\"@type\":\"Person\",\"@id\":\"https:\\\/\\\/informelitoral.com.ar\\\/#\\\/schema\\\/person\\\/b9d00407c836482871ef1d57bf8e3180\",\"name\":\"Gonzalo Schmidt\",\"image\":{\"@type\":\"ImageObject\",\"inLanguage\":\"es\",\"@id\":\"https:\\\/\\\/secure.gravatar.com\\\/avatar\\\/31a1a7b66ff2de83bd0e9fd79d026630d2d99e55e8bfe501287647b4fd9743de?s=96&d=mm&r=g\",\"url\":\"https:\\\/\\\/secure.gravatar.com\\\/avatar\\\/31a1a7b66ff2de83bd0e9fd79d026630d2d99e55e8bfe501287647b4fd9743de?s=96&d=mm&r=g\",\"contentUrl\":\"https:\\\/\\\/secure.gravatar.com\\\/avatar\\\/31a1a7b66ff2de83bd0e9fd79d026630d2d99e55e8bfe501287647b4fd9743de?s=96&d=mm&r=g\",\"caption\":\"Gonzalo Schmidt\"},\"description\":\"Sitio web de noticias de la provincia de Entre R\u00edos, Argentina. Informaci\u00f3n y entretenimiento. Informe Litoral, nos informamos.\",\"sameAs\":[\"http:\\\/\\\/www.isletasnoticias.com.ar\"],\"url\":\"https:\\\/\\\/informelitoral.com.ar\\\/author\\\/gonzalo\\\/\"}]}<\/script>","yoast_head_json":{"title":"La Mesa de Enlace emplaz\u00f3 la eliminaci\u00f3n de retenciones - Informe Litoral","robots":{"index":"index","follow":"follow","max-snippet":"max-snippet:-1","max-image-preview":"max-image-preview:large","max-video-preview":"max-video-preview:-1"},"canonical":"https:\/\/informelitoral.com.ar\/la-mesa-de-enlace-emplazo-la-eliminacion-de-retenciones\/","og_locale":"es_ES","og_type":"article","og_title":"La Mesa de Enlace emplaz\u00f3 la eliminaci\u00f3n de retenciones - Informe Litoral","og_description":"Dirigentes de las entidades nacionales del campo mantuvieron una reuni\u00f3n con el secretario de Agricultura, Sergio Iraeta, y su equipo t\u00e9cnico, en la cual solicitaron que la baja temporal de derechos de exportaci\u00f3n se convierta en definitiva, \u201cantes de iniciar la campa\u00f1a fina\u201d.","og_url":"https:\/\/informelitoral.com.ar\/la-mesa-de-enlace-emplazo-la-eliminacion-de-retenciones\/","og_site_name":"Informe Litoral","article_publisher":"https:\/\/www.facebook.com\/informelitoral\/","article_published_time":"2025-04-05T00:33:00+00:00","og_image":[{"width":1000,"height":570,"url":"https:\/\/informelitoral.com.ar\/%77%70%2d%63%6f%6e%74%65%6e%74\/uploads\/2022\/03\/retenciones-soja-granos-infocampo.jpg","type":"image\/jpeg"}],"author":"Gonzalo Schmidt","twitter_card":"summary_large_image","twitter_creator":"@InformeLitoral","twitter_site":"@InformeLitoral","twitter_misc":{"Escrito por":"Gonzalo Schmidt","Tiempo de lectura":"3 minutos"},"schema":{"@context":"https:\/\/schema.org","@graph":[{"@type":"Article","@id":"https:\/\/informelitoral.com.ar\/la-mesa-de-enlace-emplazo-la-eliminacion-de-retenciones\/#article","isPartOf":{"@id":"https:\/\/informelitoral.com.ar\/la-mesa-de-enlace-emplazo-la-eliminacion-de-retenciones\/"},"author":{"name":"Gonzalo Schmidt","@id":"https:\/\/informelitoral.com.ar\/#\/schema\/person\/b9d00407c836482871ef1d57bf8e3180"},"headline":"La Mesa de Enlace emplaz\u00f3 la eliminaci\u00f3n de retenciones","datePublished":"2025-04-05T00:33:00+00:00","mainEntityOfPage":{"@id":"https:\/\/informelitoral.com.ar\/la-mesa-de-enlace-emplazo-la-eliminacion-de-retenciones\/"},"wordCount":515,"commentCount":0,"publisher":{"@id":"https:\/\/informelitoral.com.ar\/#organization"},"image":{"@id":"https:\/\/informelitoral.com.ar\/la-mesa-de-enlace-emplazo-la-eliminacion-de-retenciones\/#primaryimage"},"thumbnailUrl":"https:\/\/informelitoral.com.ar\/%77%70%2d%63%6f%6e%74%65%6e%74\/uploads\/2022\/03\/retenciones-soja-granos-infocampo.jpg","keywords":["Mesa de Enlace","Retenciones"],"articleSection":["Campo"],"inLanguage":"es","potentialAction":[{"@type":"CommentAction","name":"Comment","target":["https:\/\/informelitoral.com.ar\/la-mesa-de-enlace-emplazo-la-eliminacion-de-retenciones\/#respond"]}]},{"@type":"WebPage","@id":"https:\/\/informelitoral.com.ar\/la-mesa-de-enlace-emplazo-la-eliminacion-de-retenciones\/","url":"https:\/\/informelitoral.com.ar\/la-mesa-de-enlace-emplazo-la-eliminacion-de-retenciones\/","name":"La Mesa de Enlace emplaz\u00f3 la eliminaci\u00f3n de retenciones - Informe Litoral","isPartOf":{"@id":"https:\/\/informelitoral.com.ar\/#website"},"primaryImageOfPage":{"@id":"https:\/\/informelitoral.com.ar\/la-mesa-de-enlace-emplazo-la-eliminacion-de-retenciones\/#primaryimage"},"image":{"@id":"https:\/\/informelitoral.com.ar\/la-mesa-de-enlace-emplazo-la-eliminacion-de-retenciones\/#primaryimage"},"thumbnailUrl":"https:\/\/informelitoral.com.ar\/%77%70%2d%63%6f%6e%74%65%6e%74\/uploads\/2022\/03\/retenciones-soja-granos-infocampo.jpg","datePublished":"2025-04-05T00:33:00+00:00","breadcrumb":{"@id":"https:\/\/informelitoral.com.ar\/la-mesa-de-enlace-emplazo-la-eliminacion-de-retenciones\/#breadcrumb"},"inLanguage":"es","potentialAction":[{"@type":"ReadAction","target":["https:\/\/informelitoral.com.ar\/la-mesa-de-enlace-emplazo-la-eliminacion-de-retenciones\/"]}]},{"@type":"ImageObject","inLanguage":"es","@id":"https:\/\/informelitoral.com.ar\/la-mesa-de-enlace-emplazo-la-eliminacion-de-retenciones\/#primaryimage","url":"https:\/\/informelitoral.com.ar\/%77%70%2d%63%6f%6e%74%65%6e%74\/uploads\/2022\/03\/retenciones-soja-granos-infocampo.jpg","contentUrl":"https:\/\/informelitoral.com.ar\/%77%70%2d%63%6f%6e%74%65%6e%74\/uploads\/2022\/03\/retenciones-soja-granos-infocampo.jpg","width":1000,"height":570},{"@type":"BreadcrumbList","@id":"https:\/\/informelitoral.com.ar\/la-mesa-de-enlace-emplazo-la-eliminacion-de-retenciones\/#breadcrumb","itemListElement":[{"@type":"ListItem","position":1,"name":"Portada","item":"https:\/\/informelitoral.com.ar\/"},{"@type":"ListItem","position":2,"name":"La Mesa de Enlace emplaz\u00f3 la eliminaci\u00f3n de retenciones"}]},{"@type":"WebSite","@id":"https:\/\/informelitoral.com.ar\/#website","url":"https:\/\/informelitoral.com.ar\/","name":"Informe Litoral","description":"&quot;Nos informamos&quot; ","publisher":{"@id":"https:\/\/informelitoral.com.ar\/#organization"},"potentialAction":[{"@type":"SearchAction","target":{"@type":"EntryPoint","urlTemplate":"https:\/\/informelitoral.com.ar\/?s={search_term_string}"},"query-input":{"@type":"PropertyValueSpecification","valueRequired":true,"valueName":"search_term_string"}}],"inLanguage":"es"},{"@type":"Organization","@id":"https:\/\/informelitoral.com.ar\/#organization","name":"Informe Litoral","url":"https:\/\/informelitoral.com.ar\/","logo":{"@type":"ImageObject","inLanguage":"es","@id":"https:\/\/informelitoral.com.ar\/#\/schema\/logo\/image\/","url":"https:\/\/informelitoral.com.ar\/%77%70%2d%63%6f%6e%74%65%6e%74\/uploads\/2021\/01\/circulo.png","contentUrl":"https:\/\/informelitoral.com.ar\/%77%70%2d%63%6f%6e%74%65%6e%74\/uploads\/2021\/01\/circulo.png","width":723,"height":731,"caption":"Informe Litoral"},"image":{"@id":"https:\/\/informelitoral.com.ar\/#\/schema\/logo\/image\/"},"sameAs":["https:\/\/www.facebook.com\/informelitoral\/","https:\/\/x.com\/InformeLitoral","https:\/\/www.instagram.com\/informelitoral\/","https:\/\/www.youtube.com\/channel\/UCua4Qvz8Icb6MYqhoq9xLXw"]},{"@type":"Person","@id":"https:\/\/informelitoral.com.ar\/#\/schema\/person\/b9d00407c836482871ef1d57bf8e3180","name":"Gonzalo Schmidt","image":{"@type":"ImageObject","inLanguage":"es","@id":"https:\/\/secure.gravatar.com\/avatar\/31a1a7b66ff2de83bd0e9fd79d026630d2d99e55e8bfe501287647b4fd9743de?s=96&d=mm&r=g","url":"https:\/\/secure.gravatar.com\/avatar\/31a1a7b66ff2de83bd0e9fd79d026630d2d99e55e8bfe501287647b4fd9743de?s=96&d=mm&r=g","contentUrl":"https:\/\/secure.gravatar.com\/avatar\/31a1a7b66ff2de83bd0e9fd79d026630d2d99e55e8bfe501287647b4fd9743de?s=96&d=mm&r=g","caption":"Gonzalo Schmidt"},"description":"Sitio web de noticias de la provincia de Entre R\u00edos, Argentina. Informaci\u00f3n y entretenimiento. Informe Litoral, nos informamos.","sameAs":["http:\/\/www.isletasnoticias.com.ar"],"url":"https:\/\/informelitoral.com.ar\/author\/gonzalo\/"}]}},"_links":{"self":[{"href":"https:\/\/informelitoral.com.ar\/%77%70%2d%6a%73%6f%6e\/wp\/v2\/posts\/217387","targetHints":{"allow":["GET"]}}],"collection":[{"href":"https:\/\/informelitoral.com.ar\/%77%70%2d%6a%73%6f%6e\/wp\/v2\/posts"}],"about":[{"href":"https:\/\/informelitoral.com.ar\/%77%70%2d%6a%73%6f%6e\/wp\/v2\/types\/post"}],"author":[{"embeddable":true,"href":"https:\/\/informelitoral.com.ar\/%77%70%2d%6a%73%6f%6e\/wp\/v2\/users\/2"}],"replies":[{"embeddable":true,"href":"https:\/\/informelitoral.com.ar\/%77%70%2d%6a%73%6f%6e\/wp\/v2\/comments?post=217387"}],"version-history":[{"count":0,"href":"https:\/\/informelitoral.com.ar\/%77%70%2d%6a%73%6f%6e\/wp\/v2\/posts\/217387\/revisions"}],"wp:featuredmedia":[{"embeddable":true,"href":"https:\/\/informelitoral.com.ar\/%77%70%2d%6a%73%6f%6e\/wp\/v2\/media\/73533"}],"wp:attachment":[{"href":"https:\/\/informelitoral.com.ar\/%77%70%2d%6a%73%6f%6e\/wp\/v2\/media?parent=217387"}],"wp:term":[{"taxonomy":"category","embeddable":true,"href":"https:\/\/informelitoral.com.ar\/%77%70%2d%6a%73%6f%6e\/wp\/v2\/categories?post=217387"},{"taxonomy":"post_tag","embeddable":true,"href":"https:\/\/informelitoral.com.ar\/%77%70%2d%6a%73%6f%6e\/wp\/v2\/tags?post=217387"}],"curies":[{"name":"wp","href":"https:\/\/api.w.org\/{rel}","templated":true}]}}