{"id":217384,"date":"2025-04-04T21:20:28","date_gmt":"2025-04-05T00:20:28","guid":{"rendered":"https:\/\/informelitoral.com.ar\/?p=217384"},"modified":"2025-04-04T21:21:51","modified_gmt":"2025-04-05T00:21:51","slug":"agmer-se-suma-a-un-paro-nacional-docente","status":"publish","type":"post","link":"https:\/\/informelitoral.com.ar\/agmer-se-suma-a-un-paro-nacional-docente\/","title":{"rendered":"Agmer se suma a un paro nacional docente"},"content":{"rendered":"<p>La CTERA convoc\u00f3 a un Paro Nacional Docente el jueves 10 de abril y a una movilizaci\u00f3n en todo el pa\u00eds el mi\u00e9rcoles 9, \u201cen defensa de la educaci\u00f3n p\u00fablica, los derechos de las y los trabajadores de la educaci\u00f3n y de nuestros jubilados y jubiladas\u201d.<\/p>\n<p>Desde la Comisi\u00f3n Directiva Central de AGMER, \u201cen consonancia con nuestra pertenencia a la Confederaci\u00f3n convocamos a las acciones resueltas en unidad en cada punto de la provincia en defensa de la escuela p\u00fablica y nuestro sistema previsional\u201d.<\/p>\n<p>Estas medidas \u201cson la continuidad del plan de lucha aprobado en el congreso de CTERA en febrero de este a\u00f1o, encuentro en donde dimos cuenta de las gravosas consecuencias de las pol\u00edticas de Milei y los gobiernos provinciales que lo apoyan, no solo para la docencia sino para el conjunto del pueblo argentino\u201d.<\/p>\n<h2><strong>Qu\u00e9 exigen desde el gremio docente:\u00a0<\/strong><\/h2>\n<ul>\n<li><i>Urgente convocatoria a la Paritaria Nacional Docente.<\/i><\/li>\n<li><i>Piso Salarial acorde al contexto actual para que ning\u00fan docente del pa\u00eds est\u00e9 por debajo de la l\u00ednea de la pobreza.<\/i><\/li>\n<li><i>Urgente aumento del financiamiento educativo y el cumplimiento de la Ley de Financiamiento Educativo.<\/i><\/li>\n<li><i>Restituci\u00f3n y actualizaci\u00f3n del FONID.<\/i><\/li>\n<li><i>Solidaridad con AMP, Adosac y Atech, le exigimos a los gobiernos provinciales que cesen en su conducta anti sindical y su pr\u00e1ctica desleal.<\/i><\/li>\n<li><i>Exigimos mayor Presupuesto Educativo Nacional para garantizar Escuelas en condiciones dignas para ense\u00f1ar y aprender en todo el pa\u00eds.<\/i><\/li>\n<li><i>En Defensa del Sistema Previsional P\u00fablico, Solidario y de Reparto y en defensa de la Jubilaci\u00f3n Docente Nacional.<\/i><\/li>\n<li><i>Cese del ajuste y recortes en educaci\u00f3n que afectan a estudiantes y docentes.<\/i><\/li>\n<li><i>Aumento de partidas para refuerzo nutricional de almuerzo y copa de leche.<\/i><\/li>\n<li><i>No al FMI.<\/i><\/li>\n<li><i>Basta de despidos.<\/i><\/li>\n<li><i>No a la Criminalizaci\u00f3n de la Protesta Social.<\/i><\/li>\n<li><i>Rechazo a los dichos de Milei, defensa irrestricta de la soberan\u00eda sobre nuestras Islas Malvinas.<\/i><\/li>\n<\/ul>\n<p>\u201cEl ajuste en educaci\u00f3n y en el sistema previsional golpea a miles de estudiantes, trabajadores y jubilados\/as, afectando el derecho fundamental a una educaci\u00f3n p\u00fablica de calidad y una jubilaci\u00f3n digna. Ante esta grave situaci\u00f3n, llamamos a la unidad y a la movilizaci\u00f3n de toda la comunidad educativa para frenar la continuidad del brutal ajuste del gobierno nacional\u201d, expresaron.<\/p>\n<h2><strong>\u00bfSe descontar\u00e1 el d\u00eda?<\/strong><\/h2>\n<p>Respecto a los posibles descuentos por los d\u00edas de paro, el secretario gremial de Agmer, <strong>Guillermo Zampedri<\/strong> se\u00f1al\u00f3: \u201cNo sabemos qu\u00e9 decisi\u00f3n tomar\u00e1 el gobierno provincial. Nosotros seguimos ratificando con firmeza que la Constituci\u00f3n establece que el ejercicio pleno del derecho a huelga incluye el cobro del salario. Sin embargo, somos conscientes de que el Ejecutivo aplica otra l\u00f3gica, que consideramos antiobrera\u201d.<\/p>\n<h6><em><strong>Del archivo:\u00a0<a href=\"https:\/\/informelitoral.com.ar\/desde-el-lunes-se-exponen-los-listados-de-docentes-provisorios-de-suplencias-de-ascenso\/\" target=\"_blank\" rel=\"noopener\">Desde el lunes se exponen los listados de docentes provisorios de suplencias de ascenso<\/a><\/strong><\/em><\/h6>\n<h6><em><strong><a href=\"https:\/\/informelitoral.com.ar\/acuerdo-con-gremios-docentes-es-historico-dijo-frigerio\/\" target=\"_blank\" rel=\"noopener\">Acuerdo con gremios docentes: \u00abEs hist\u00f3rico\u00bb dijo Frigerio<\/a><\/strong><\/em><\/h6>\n<h6><em><strong><a href=\"https:\/\/informelitoral.com.ar\/nydia-schmidt-vuelve-a-la-radio-y-television-en-crespo\/\" target=\"_blank\" rel=\"noopener\">Nydia Schmidt vuelve a la radio y televisi\u00f3n en Crespo<\/a><\/strong><\/em><\/h6>\n","protected":false},"excerpt":{"rendered":"<p>La medida de fuerza fue convocada por CTERA y se efectivizar\u00e1 el jueves 10 de abril. \u00bfLa Provincia descontar\u00e1 el d\u00eda no trabajado? Mir\u00e1 qu\u00e9 reclaman en esta nota.<\/p>\n","protected":false},"author":2,"featured_media":194293,"comment_status":"open","ping_status":"open","sticky":false,"template":"","format":"standard","meta":{"fifu_image_url":"","fifu_image_alt":"","footnotes":""},"categories":[6],"tags":[64,1198,49,1199,1014],"class_list":{"0":"post-217384","1":"post","2":"type-post","3":"status-publish","4":"format-standard","5":"has-post-thumbnail","7":"category-entre-rios","8":"tag-agmer","9":"tag-ctera","10":"tag-docentes","11":"tag-gremios-docentes","12":"tag-paro-docente"},"yoast_head":"<title>Agmer se suma a un paro nacional docente - Informe Litoral<\/title>\n<meta name=\"robots\" content=\"index, follow, max-snippet:-1, max-image-preview:large, max-video-preview:-1\" \/>\n<link rel=\"canonical\" href=\"https:\/\/informelitoral.com.ar\/agmer-se-suma-a-un-paro-nacional-docente\/\" \/>\n<meta property=\"og:locale\" content=\"es_ES\" \/>\n<meta property=\"og:type\" content=\"article\" \/>\n<meta property=\"og:title\" content=\"Agmer se suma a un paro nacional docente - Informe Litoral\" \/>\n<meta property=\"og:description\" content=\"La medida de fuerza fue convocada por CTERA y se efectivizar\u00e1 el jueves 10 de abril. \u00bfLa Provincia descontar\u00e1 el d\u00eda no trabajado? Mir\u00e1 qu\u00e9 reclaman en esta nota.\" \/>\n<meta property=\"og:url\" content=\"https:\/\/informelitoral.com.ar\/agmer-se-suma-a-un-paro-nacional-docente\/\" \/>\n<meta property=\"og:site_name\" content=\"Informe Litoral\" \/>\n<meta property=\"article:publisher\" content=\"https:\/\/www.facebook.com\/informelitoral\/\" \/>\n<meta property=\"article:published_time\" content=\"2025-04-05T00:20:28+00:00\" \/>\n<meta property=\"article:modified_time\" content=\"2025-04-05T00:21:51+00:00\" \/>\n<meta property=\"og:image\" content=\"https:\/\/informelitoral.com.ar\/%77%70%2d%63%6f%6e%74%65%6e%74\/uploads\/2024\/08\/aulas-docentes.webp\" \/>\n\t<meta property=\"og:image:width\" content=\"1200\" \/>\n\t<meta property=\"og:image:height\" content=\"675\" \/>\n\t<meta property=\"og:image:type\" content=\"image\/webp\" \/>\n<meta name=\"author\" content=\"Gonzalo Schmidt\" \/>\n<meta name=\"twitter:card\" content=\"summary_large_image\" \/>\n<meta name=\"twitter:creator\" content=\"@InformeLitoral\" \/>\n<meta name=\"twitter:site\" content=\"@InformeLitoral\" \/>\n<meta name=\"twitter:label1\" content=\"Escrito por\" \/>\n\t<meta name=\"twitter:data1\" content=\"Gonzalo Schmidt\" \/>\n\t<meta name=\"twitter:label2\" content=\"Tiempo de lectura\" \/>\n\t<meta name=\"twitter:data2\" content=\"3 minutos\" \/>\n<script type=\"application\/ld+json\" class=\"yoast-schema-graph\">{\"@context\":\"https:\\\/\\\/schema.org\",\"@graph\":[{\"@type\":\"Article\",\"@id\":\"https:\\\/\\\/informelitoral.com.ar\\\/agmer-se-suma-a-un-paro-nacional-docente\\\/#article\",\"isPartOf\":{\"@id\":\"https:\\\/\\\/informelitoral.com.ar\\\/agmer-se-suma-a-un-paro-nacional-docente\\\/\"},\"author\":{\"name\":\"Gonzalo Schmidt\",\"@id\":\"https:\\\/\\\/informelitoral.com.ar\\\/#\\\/schema\\\/person\\\/b9d00407c836482871ef1d57bf8e3180\"},\"headline\":\"Agmer se suma a un paro nacional docente\",\"datePublished\":\"2025-04-05T00:20:28+00:00\",\"dateModified\":\"2025-04-05T00:21:51+00:00\",\"mainEntityOfPage\":{\"@id\":\"https:\\\/\\\/informelitoral.com.ar\\\/agmer-se-suma-a-un-paro-nacional-docente\\\/\"},\"wordCount\":508,\"commentCount\":0,\"publisher\":{\"@id\":\"https:\\\/\\\/informelitoral.com.ar\\\/#organization\"},\"image\":{\"@id\":\"https:\\\/\\\/informelitoral.com.ar\\\/agmer-se-suma-a-un-paro-nacional-docente\\\/#primaryimage\"},\"thumbnailUrl\":\"https:\\\/\\\/informelitoral.com.ar\\\/%77%70%2d%63%6f%6e%74%65%6e%74\\\/uploads\\\/2024\\\/08\\\/aulas-docentes.webp\",\"keywords\":[\"Agmer\",\"Ctera\",\"Docentes\",\"Gremios docentes\",\"Paro docente\"],\"articleSection\":[\"Entre R\u00edos\"],\"inLanguage\":\"es\",\"potentialAction\":[{\"@type\":\"CommentAction\",\"name\":\"Comment\",\"target\":[\"https:\\\/\\\/informelitoral.com.ar\\\/agmer-se-suma-a-un-paro-nacional-docente\\\/#respond\"]}]},{\"@type\":\"WebPage\",\"@id\":\"https:\\\/\\\/informelitoral.com.ar\\\/agmer-se-suma-a-un-paro-nacional-docente\\\/\",\"url\":\"https:\\\/\\\/informelitoral.com.ar\\\/agmer-se-suma-a-un-paro-nacional-docente\\\/\",\"name\":\"Agmer se suma a un paro nacional docente - Informe Litoral\",\"isPartOf\":{\"@id\":\"https:\\\/\\\/informelitoral.com.ar\\\/#website\"},\"primaryImageOfPage\":{\"@id\":\"https:\\\/\\\/informelitoral.com.ar\\\/agmer-se-suma-a-un-paro-nacional-docente\\\/#primaryimage\"},\"image\":{\"@id\":\"https:\\\/\\\/informelitoral.com.ar\\\/agmer-se-suma-a-un-paro-nacional-docente\\\/#primaryimage\"},\"thumbnailUrl\":\"https:\\\/\\\/informelitoral.com.ar\\\/%77%70%2d%63%6f%6e%74%65%6e%74\\\/uploads\\\/2024\\\/08\\\/aulas-docentes.webp\",\"datePublished\":\"2025-04-05T00:20:28+00:00\",\"dateModified\":\"2025-04-05T00:21:51+00:00\",\"breadcrumb\":{\"@id\":\"https:\\\/\\\/informelitoral.com.ar\\\/agmer-se-suma-a-un-paro-nacional-docente\\\/#breadcrumb\"},\"inLanguage\":\"es\",\"potentialAction\":[{\"@type\":\"ReadAction\",\"target\":[\"https:\\\/\\\/informelitoral.com.ar\\\/agmer-se-suma-a-un-paro-nacional-docente\\\/\"]}]},{\"@type\":\"ImageObject\",\"inLanguage\":\"es\",\"@id\":\"https:\\\/\\\/informelitoral.com.ar\\\/agmer-se-suma-a-un-paro-nacional-docente\\\/#primaryimage\",\"url\":\"https:\\\/\\\/informelitoral.com.ar\\\/%77%70%2d%63%6f%6e%74%65%6e%74\\\/uploads\\\/2024\\\/08\\\/aulas-docentes.webp\",\"contentUrl\":\"https:\\\/\\\/informelitoral.com.ar\\\/%77%70%2d%63%6f%6e%74%65%6e%74\\\/uploads\\\/2024\\\/08\\\/aulas-docentes.webp\",\"width\":1200,\"height\":675},{\"@type\":\"BreadcrumbList\",\"@id\":\"https:\\\/\\\/informelitoral.com.ar\\\/agmer-se-suma-a-un-paro-nacional-docente\\\/#breadcrumb\",\"itemListElement\":[{\"@type\":\"ListItem\",\"position\":1,\"name\":\"Portada\",\"item\":\"https:\\\/\\\/informelitoral.com.ar\\\/\"},{\"@type\":\"ListItem\",\"position\":2,\"name\":\"Agmer se suma a un paro nacional docente\"}]},{\"@type\":\"WebSite\",\"@id\":\"https:\\\/\\\/informelitoral.com.ar\\\/#website\",\"url\":\"https:\\\/\\\/informelitoral.com.ar\\\/\",\"name\":\"Informe Litoral\",\"description\":\"&quot;Nos informamos&quot; \",\"publisher\":{\"@id\":\"https:\\\/\\\/informelitoral.com.ar\\\/#organization\"},\"potentialAction\":[{\"@type\":\"SearchAction\",\"target\":{\"@type\":\"EntryPoint\",\"urlTemplate\":\"https:\\\/\\\/informelitoral.com.ar\\\/?s={search_term_string}\"},\"query-input\":{\"@type\":\"PropertyValueSpecification\",\"valueRequired\":true,\"valueName\":\"search_term_string\"}}],\"inLanguage\":\"es\"},{\"@type\":\"Organization\",\"@id\":\"https:\\\/\\\/informelitoral.com.ar\\\/#organization\",\"name\":\"Informe Litoral\",\"url\":\"https:\\\/\\\/informelitoral.com.ar\\\/\",\"logo\":{\"@type\":\"ImageObject\",\"inLanguage\":\"es\",\"@id\":\"https:\\\/\\\/informelitoral.com.ar\\\/#\\\/schema\\\/logo\\\/image\\\/\",\"url\":\"https:\\\/\\\/informelitoral.com.ar\\\/%77%70%2d%63%6f%6e%74%65%6e%74\\\/uploads\\\/2021\\\/01\\\/circulo.png\",\"contentUrl\":\"https:\\\/\\\/informelitoral.com.ar\\\/%77%70%2d%63%6f%6e%74%65%6e%74\\\/uploads\\\/2021\\\/01\\\/circulo.png\",\"width\":723,\"height\":731,\"caption\":\"Informe Litoral\"},\"image\":{\"@id\":\"https:\\\/\\\/informelitoral.com.ar\\\/#\\\/schema\\\/logo\\\/image\\\/\"},\"sameAs\":[\"https:\\\/\\\/www.facebook.com\\\/informelitoral\\\/\",\"https:\\\/\\\/x.com\\\/InformeLitoral\",\"https:\\\/\\\/www.instagram.com\\\/informelitoral\\\/\",\"https:\\\/\\\/www.youtube.com\\\/channel\\\/UCua4Qvz8Icb6MYqhoq9xLXw\"]},{\"@type\":\"Person\",\"@id\":\"https:\\\/\\\/informelitoral.com.ar\\\/#\\\/schema\\\/person\\\/b9d00407c836482871ef1d57bf8e3180\",\"name\":\"Gonzalo Schmidt\",\"image\":{\"@type\":\"ImageObject\",\"inLanguage\":\"es\",\"@id\":\"https:\\\/\\\/secure.gravatar.com\\\/avatar\\\/31a1a7b66ff2de83bd0e9fd79d026630d2d99e55e8bfe501287647b4fd9743de?s=96&d=mm&r=g\",\"url\":\"https:\\\/\\\/secure.gravatar.com\\\/avatar\\\/31a1a7b66ff2de83bd0e9fd79d026630d2d99e55e8bfe501287647b4fd9743de?s=96&d=mm&r=g\",\"contentUrl\":\"https:\\\/\\\/secure.gravatar.com\\\/avatar\\\/31a1a7b66ff2de83bd0e9fd79d026630d2d99e55e8bfe501287647b4fd9743de?s=96&d=mm&r=g\",\"caption\":\"Gonzalo Schmidt\"},\"description\":\"Sitio web de noticias de la provincia de Entre R\u00edos, Argentina. Informaci\u00f3n y entretenimiento. Informe Litoral, nos informamos.\",\"sameAs\":[\"http:\\\/\\\/www.isletasnoticias.com.ar\"],\"url\":\"https:\\\/\\\/informelitoral.com.ar\\\/author\\\/gonzalo\\\/\"}]}<\/script>","yoast_head_json":{"title":"Agmer se suma a un paro nacional docente - Informe Litoral","robots":{"index":"index","follow":"follow","max-snippet":"max-snippet:-1","max-image-preview":"max-image-preview:large","max-video-preview":"max-video-preview:-1"},"canonical":"https:\/\/informelitoral.com.ar\/agmer-se-suma-a-un-paro-nacional-docente\/","og_locale":"es_ES","og_type":"article","og_title":"Agmer se suma a un paro nacional docente - Informe Litoral","og_description":"La medida de fuerza fue convocada por CTERA y se efectivizar\u00e1 el jueves 10 de abril. \u00bfLa Provincia descontar\u00e1 el d\u00eda no trabajado? Mir\u00e1 qu\u00e9 reclaman en esta nota.","og_url":"https:\/\/informelitoral.com.ar\/agmer-se-suma-a-un-paro-nacional-docente\/","og_site_name":"Informe Litoral","article_publisher":"https:\/\/www.facebook.com\/informelitoral\/","article_published_time":"2025-04-05T00:20:28+00:00","article_modified_time":"2025-04-05T00:21:51+00:00","og_image":[{"width":1200,"height":675,"url":"https:\/\/informelitoral.com.ar\/%77%70%2d%63%6f%6e%74%65%6e%74\/uploads\/2024\/08\/aulas-docentes.webp","type":"image\/webp"}],"author":"Gonzalo Schmidt","twitter_card":"summary_large_image","twitter_creator":"@InformeLitoral","twitter_site":"@InformeLitoral","twitter_misc":{"Escrito por":"Gonzalo Schmidt","Tiempo de lectura":"3 minutos"},"schema":{"@context":"https:\/\/schema.org","@graph":[{"@type":"Article","@id":"https:\/\/informelitoral.com.ar\/agmer-se-suma-a-un-paro-nacional-docente\/#article","isPartOf":{"@id":"https:\/\/informelitoral.com.ar\/agmer-se-suma-a-un-paro-nacional-docente\/"},"author":{"name":"Gonzalo Schmidt","@id":"https:\/\/informelitoral.com.ar\/#\/schema\/person\/b9d00407c836482871ef1d57bf8e3180"},"headline":"Agmer se suma a un paro nacional docente","datePublished":"2025-04-05T00:20:28+00:00","dateModified":"2025-04-05T00:21:51+00:00","mainEntityOfPage":{"@id":"https:\/\/informelitoral.com.ar\/agmer-se-suma-a-un-paro-nacional-docente\/"},"wordCount":508,"commentCount":0,"publisher":{"@id":"https:\/\/informelitoral.com.ar\/#organization"},"image":{"@id":"https:\/\/informelitoral.com.ar\/agmer-se-suma-a-un-paro-nacional-docente\/#primaryimage"},"thumbnailUrl":"https:\/\/informelitoral.com.ar\/%77%70%2d%63%6f%6e%74%65%6e%74\/uploads\/2024\/08\/aulas-docentes.webp","keywords":["Agmer","Ctera","Docentes","Gremios docentes","Paro docente"],"articleSection":["Entre R\u00edos"],"inLanguage":"es","potentialAction":[{"@type":"CommentAction","name":"Comment","target":["https:\/\/informelitoral.com.ar\/agmer-se-suma-a-un-paro-nacional-docente\/#respond"]}]},{"@type":"WebPage","@id":"https:\/\/informelitoral.com.ar\/agmer-se-suma-a-un-paro-nacional-docente\/","url":"https:\/\/informelitoral.com.ar\/agmer-se-suma-a-un-paro-nacional-docente\/","name":"Agmer se suma a un paro nacional docente - Informe Litoral","isPartOf":{"@id":"https:\/\/informelitoral.com.ar\/#website"},"primaryImageOfPage":{"@id":"https:\/\/informelitoral.com.ar\/agmer-se-suma-a-un-paro-nacional-docente\/#primaryimage"},"image":{"@id":"https:\/\/informelitoral.com.ar\/agmer-se-suma-a-un-paro-nacional-docente\/#primaryimage"},"thumbnailUrl":"https:\/\/informelitoral.com.ar\/%77%70%2d%63%6f%6e%74%65%6e%74\/uploads\/2024\/08\/aulas-docentes.webp","datePublished":"2025-04-05T00:20:28+00:00","dateModified":"2025-04-05T00:21:51+00:00","breadcrumb":{"@id":"https:\/\/informelitoral.com.ar\/agmer-se-suma-a-un-paro-nacional-docente\/#breadcrumb"},"inLanguage":"es","potentialAction":[{"@type":"ReadAction","target":["https:\/\/informelitoral.com.ar\/agmer-se-suma-a-un-paro-nacional-docente\/"]}]},{"@type":"ImageObject","inLanguage":"es","@id":"https:\/\/informelitoral.com.ar\/agmer-se-suma-a-un-paro-nacional-docente\/#primaryimage","url":"https:\/\/informelitoral.com.ar\/%77%70%2d%63%6f%6e%74%65%6e%74\/uploads\/2024\/08\/aulas-docentes.webp","contentUrl":"https:\/\/informelitoral.com.ar\/%77%70%2d%63%6f%6e%74%65%6e%74\/uploads\/2024\/08\/aulas-docentes.webp","width":1200,"height":675},{"@type":"BreadcrumbList","@id":"https:\/\/informelitoral.com.ar\/agmer-se-suma-a-un-paro-nacional-docente\/#breadcrumb","itemListElement":[{"@type":"ListItem","position":1,"name":"Portada","item":"https:\/\/informelitoral.com.ar\/"},{"@type":"ListItem","position":2,"name":"Agmer se suma a un paro nacional docente"}]},{"@type":"WebSite","@id":"https:\/\/informelitoral.com.ar\/#website","url":"https:\/\/informelitoral.com.ar\/","name":"Informe Litoral","description":"&quot;Nos informamos&quot; ","publisher":{"@id":"https:\/\/informelitoral.com.ar\/#organization"},"potentialAction":[{"@type":"SearchAction","target":{"@type":"EntryPoint","urlTemplate":"https:\/\/informelitoral.com.ar\/?s={search_term_string}"},"query-input":{"@type":"PropertyValueSpecification","valueRequired":true,"valueName":"search_term_string"}}],"inLanguage":"es"},{"@type":"Organization","@id":"https:\/\/informelitoral.com.ar\/#organization","name":"Informe Litoral","url":"https:\/\/informelitoral.com.ar\/","logo":{"@type":"ImageObject","inLanguage":"es","@id":"https:\/\/informelitoral.com.ar\/#\/schema\/logo\/image\/","url":"https:\/\/informelitoral.com.ar\/%77%70%2d%63%6f%6e%74%65%6e%74\/uploads\/2021\/01\/circulo.png","contentUrl":"https:\/\/informelitoral.com.ar\/%77%70%2d%63%6f%6e%74%65%6e%74\/uploads\/2021\/01\/circulo.png","width":723,"height":731,"caption":"Informe Litoral"},"image":{"@id":"https:\/\/informelitoral.com.ar\/#\/schema\/logo\/image\/"},"sameAs":["https:\/\/www.facebook.com\/informelitoral\/","https:\/\/x.com\/InformeLitoral","https:\/\/www.instagram.com\/informelitoral\/","https:\/\/www.youtube.com\/channel\/UCua4Qvz8Icb6MYqhoq9xLXw"]},{"@type":"Person","@id":"https:\/\/informelitoral.com.ar\/#\/schema\/person\/b9d00407c836482871ef1d57bf8e3180","name":"Gonzalo Schmidt","image":{"@type":"ImageObject","inLanguage":"es","@id":"https:\/\/secure.gravatar.com\/avatar\/31a1a7b66ff2de83bd0e9fd79d026630d2d99e55e8bfe501287647b4fd9743de?s=96&d=mm&r=g","url":"https:\/\/secure.gravatar.com\/avatar\/31a1a7b66ff2de83bd0e9fd79d026630d2d99e55e8bfe501287647b4fd9743de?s=96&d=mm&r=g","contentUrl":"https:\/\/secure.gravatar.com\/avatar\/31a1a7b66ff2de83bd0e9fd79d026630d2d99e55e8bfe501287647b4fd9743de?s=96&d=mm&r=g","caption":"Gonzalo Schmidt"},"description":"Sitio web de noticias de la provincia de Entre R\u00edos, Argentina. Informaci\u00f3n y entretenimiento. Informe Litoral, nos informamos.","sameAs":["http:\/\/www.isletasnoticias.com.ar"],"url":"https:\/\/informelitoral.com.ar\/author\/gonzalo\/"}]}},"_links":{"self":[{"href":"https:\/\/informelitoral.com.ar\/%77%70%2d%6a%73%6f%6e\/wp\/v2\/posts\/217384","targetHints":{"allow":["GET"]}}],"collection":[{"href":"https:\/\/informelitoral.com.ar\/%77%70%2d%6a%73%6f%6e\/wp\/v2\/posts"}],"about":[{"href":"https:\/\/informelitoral.com.ar\/%77%70%2d%6a%73%6f%6e\/wp\/v2\/types\/post"}],"author":[{"embeddable":true,"href":"https:\/\/informelitoral.com.ar\/%77%70%2d%6a%73%6f%6e\/wp\/v2\/users\/2"}],"replies":[{"embeddable":true,"href":"https:\/\/informelitoral.com.ar\/%77%70%2d%6a%73%6f%6e\/wp\/v2\/comments?post=217384"}],"version-history":[{"count":0,"href":"https:\/\/informelitoral.com.ar\/%77%70%2d%6a%73%6f%6e\/wp\/v2\/posts\/217384\/revisions"}],"wp:featuredmedia":[{"embeddable":true,"href":"https:\/\/informelitoral.com.ar\/%77%70%2d%6a%73%6f%6e\/wp\/v2\/media\/194293"}],"wp:attachment":[{"href":"https:\/\/informelitoral.com.ar\/%77%70%2d%6a%73%6f%6e\/wp\/v2\/media?parent=217384"}],"wp:term":[{"taxonomy":"category","embeddable":true,"href":"https:\/\/informelitoral.com.ar\/%77%70%2d%6a%73%6f%6e\/wp\/v2\/categories?post=217384"},{"taxonomy":"post_tag","embeddable":true,"href":"https:\/\/informelitoral.com.ar\/%77%70%2d%6a%73%6f%6e\/wp\/v2\/tags?post=217384"}],"curies":[{"name":"wp","href":"https:\/\/api.w.org\/{rel}","templated":true}]}}