{"id":217351,"date":"2025-04-04T12:25:35","date_gmt":"2025-04-04T15:25:35","guid":{"rendered":"https:\/\/informelitoral.com.ar\/?p=217351"},"modified":"2025-04-04T12:33:21","modified_gmt":"2025-04-04T15:33:21","slug":"formula-1-alpine-confirmo-cuando-regresara-colapinto-a-un-gran-premio","status":"publish","type":"post","link":"https:\/\/informelitoral.com.ar\/formula-1-alpine-confirmo-cuando-regresara-colapinto-a-un-gran-premio\/","title":{"rendered":"F\u00f3rmula 1: Alpine confirm\u00f3 cu\u00e1ndo regresar\u00e1 Colapinto a un Gran Premio"},"content":{"rendered":"<p class=\"paragraph\" data-mrf-recirculation=\"Links inline\">Este fin de semana\u00a0<b>Franco Colapinto<\/b>\u00a0no estar\u00e1 en el Aut\u00f3dromo de\u00a0<b>Suzuka<\/b>, donde la\u00a0<b>F\u00f3rmula 1<\/b>\u00a0correr\u00e1 su tercera fecha. Sin embargo, el argentino de 21 a\u00f1os que es piloto de reserva de\u00a0<b>Alpine<\/b>, no tiene descanso y divide sus d\u00edas entre el departamento donde vive en\u00a0<b>Madrid<\/b>\u00a0y\u00a0<b>Enstone<\/b>, donde est\u00e1 la sede de la escuder\u00eda francesa. All\u00ed, el bonaerense se entrena en el simulador y as\u00ed seguir\u00e1 las pr\u00f3ximas dos semanas para verlo otra vez en un circuito.<\/p>\n<p class=\"paragraph\" data-mrf-recirculation=\"Links inline\">El pilarense contin\u00faa con su formaci\u00f3n en el\u00a0<b>team franc\u00e9s<\/b>\u00a0(tiene la sede en\u00a0<b>Inglaterra<\/b>, dado el equipo original era\u00a0<b>Toleman<\/b>) y estar\u00e1 de regreso acompa\u00f1ando a su escuder\u00eda el fin de semana del 20 de abril, cuando se disputar\u00e1 el\u00a0<b>Gran Premio de Arabia Saudita<\/b>\u00a0en el trazado urbano de\u00a0<b>Yeda<\/b>, seg\u00fan le confirm\u00f3 una fuente de\u00a0<b>Alpine<\/b>\u00a0a\u00a0<b>Infobae<\/b>.\u00a0<b>All\u00ed otra vez estar\u00e1 disponible ante alguna eventualidad de los corredores titulares, Pierre Gasly y Jack Doohan<\/b>.<\/p>\n<p class=\"paragraph\" data-mrf-recirculation=\"Links inline\">En Jap\u00f3n, el local\u00a0<b>Ryo Hirakawa<\/b>\u00a0ser\u00e1 el piloto de reserva presente y formar\u00e1 parte de la primera pr\u00e1ctica libre con el A525 (auto de Alpine) de\u00a0<b>Doohan<\/b>. Se trata de una decisi\u00f3n estrat\u00e9gica de la escuder\u00eda de darle la posibilidad al nip\u00f3n en su casa. Cabe recordar que\u00a0<b>Colapinto<\/b> no podr\u00e1 girar en los ensayos de los Grandes Premios porque ya no es considerado un rookie (novato).<\/p>\n<p class=\"paragraph\" data-mrf-recirculation=\"Links inline\">Dos semanas m\u00e1s tarde se lo ver\u00e1 otra vez en los boxes ya que estar\u00e1 presente en el\u00a0<b>Gran Premio de Miami<\/b>, algo que se confirm\u00f3 en el propio sitio oficial del piloto.\u00a0<b>El evento estadounidense tambi\u00e9n ser\u00e1 estrat\u00e9gico ya que se trata del primero en Am\u00e9rica<\/b>\u00a0y debido al apoyo que recibi\u00f3\u00a0<b>Colapinto<\/b>\u00a0de la conocida empresa de venta electr\u00f3nica y distribuci\u00f3n, se espera la presencia de los emisarios de dicha firma y de otros sponsors de\u00a0<b>Franco<\/b>.<\/p>\n<div class=\"visual__image image-full-width\"><picture><source srcset=\"https:\/\/www.infobae.com\/resizer\/v2\/LDLTCENTWJBT7DCOYK276NUXQI.jpg?auth=1d598e7ed709c2513369e95d52ca6e8559720f052071839b05edf57ad439b017&amp;smart=true&amp;width=1200&amp;height=1600&amp;quality=85\" media=\"(min-width: 1200px)\" \/><source srcset=\"https:\/\/www.infobae.com\/resizer\/v2\/LDLTCENTWJBT7DCOYK276NUXQI.jpg?auth=1d598e7ed709c2513369e95d52ca6e8559720f052071839b05edf57ad439b017&amp;smart=true&amp;width=992&amp;height=1323&amp;quality=85\" media=\"(min-width: 1000px)\" \/><source srcset=\"https:\/\/www.infobae.com\/resizer\/v2\/LDLTCENTWJBT7DCOYK276NUXQI.jpg?auth=1d598e7ed709c2513369e95d52ca6e8559720f052071839b05edf57ad439b017&amp;smart=true&amp;width=768&amp;height=1024&amp;quality=85\" media=\"(min-width: 768px)\" \/><source srcset=\"https:\/\/www.infobae.com\/resizer\/v2\/LDLTCENTWJBT7DCOYK276NUXQI.jpg?auth=1d598e7ed709c2513369e95d52ca6e8559720f052071839b05edf57ad439b017&amp;smart=true&amp;width=577&amp;height=769&amp;quality=85\" media=\"(min-width: 580px)\" \/><source srcset=\"https:\/\/www.infobae.com\/resizer\/v2\/LDLTCENTWJBT7DCOYK276NUXQI.jpg?auth=1d598e7ed709c2513369e95d52ca6e8559720f052071839b05edf57ad439b017&amp;smart=true&amp;width=420&amp;height=560&amp;quality=85\" media=\"(min-width: 350px)\" \/><source srcset=\"https:\/\/www.infobae.com\/resizer\/v2\/LDLTCENTWJBT7DCOYK276NUXQI.jpg?auth=1d598e7ed709c2513369e95d52ca6e8559720f052071839b05edf57ad439b017&amp;smart=true&amp;width=350&amp;height=467&amp;quality=85\" media=\"(min-width: 80px)\" \/><img loading=\"lazy\" decoding=\"async\" class=\"global-image\" src=\"https:\/\/www.infobae.com\/resizer\/v2\/LDLTCENTWJBT7DCOYK276NUXQI.jpg?auth=1d598e7ed709c2513369e95d52ca6e8559720f052071839b05edf57ad439b017&amp;smart=true&amp;width=350&amp;height=467&amp;quality=85\" alt=\"Franco Colapinto es la gran\" width=\"1920\" height=\"2400\" \/><\/picture><\/div>\n<p class=\"paragraph\" data-mrf-recirculation=\"Links inline\">Luego, a\u00fan no est\u00e1 confirmado en qu\u00e9 otros escenarios estar\u00e1 presente\u00a0<b>Franco<\/b>, seg\u00fan lo indicado desde\u00a0<b>Alpine<\/b>. No obstante, cabe recordar el supuesto contrato de\u00a0<b>seis Grandes Premios<\/b>\u00a0que tendr\u00eda\u00a0<b>Doohan<\/b>, y cuya continuidad estar\u00eda supeditada a buenos resultados, algo que el australiano no consigui\u00f3 en las dos primeras fechas del presente ejercicio. Ya disput\u00f3 tres, la \u00faltima fecha de 2024 y las dos primeras de la actual temporada.\u00a0<b>La sexta carrera de Jack se cumplir\u00e1 justo en Arabia Saudita, donde volver\u00e1 Colapinto.<\/b><\/p>\n<p class=\"paragraph\" data-mrf-recirculation=\"Links inline\">El hijo de\u00a0<b>Mick Doohan, el<\/b>\u00a0<b>qu\u00edntuple campe\u00f3n mundial de motociclismo en 500 cm3<\/b>, comenz\u00f3 mal la temporada con un choque antes de cumplir la primera vuelta en\u00a0<b>Australia<\/b>.\u00a0<b>En China fue penalizado dos veces con diez segundos y la quita de 4 puntos para la Superlicencia<\/b>; primero, por un choque a\u00a0<b>Gabriel Bortoleto<\/b>\u00a0en la carrera\u00a0<b>Sprint<\/b>, y luego por tirarle el auto encima a\u00a0<b>Isack Hadjar<\/b>\u00a0en un frenaje en la carrera disputada este domingo. Si el australiano llega a 12 puntos de sanci\u00f3n, deber\u00e1 ausentarse una carrera.<\/p>\n<p class=\"paragraph\" data-mrf-recirculation=\"Links inline\"><b>Colapinto<\/b>\u00a0es en los papeles el m\u00e1s id\u00f3neo para reemplazar al oce\u00e1nico pues disput\u00f3 nueve Grandes Premios en\u00a0<b>2024<\/b>\u00a0con\u00a0<b>Williams<\/b>\u00a0y es el \u00fanico de los cuatro pilotos de reserva en\u00a0<b>Alpine<\/b>\u00a0que corri\u00f3. Lleg\u00f3 a la escuadra francesa luego de una negociaci\u00f3n que dur\u00f3 m\u00e1s de un mes y en la que el asesor ejecutivo y hombre fuerte de\u00a0<b>Alpine, Flavio Briatore<\/b>, gestion\u00f3 personalmente la llegada de argentino.<\/p>\n<p class=\"paragraph\" data-mrf-recirculation=\"Links inline\">A prop\u00f3sito, pese a que a\u00a0<b>Briatore<\/b>\u00a0se lo vio muy cerca de\u00a0<b>Franco<\/b>\u00a0dentro y afuera de los circuitos,\u00a0<b>Infobae<\/b>\u00a0pudo saber que\u00a0<b>Catarineu<\/b>\u00a0y su marido,\u00a0<b>Jamie Campbell-Walter<\/b>, siguen en el d\u00eda a d\u00eda de su pupilo y\u00a0<b>contin\u00faan directamente involucrados en lo que pasa con<\/b>\u00a0<b>Franco<\/b>, pese a no haber ido a las dos primeras citas del a\u00f1o.<\/p>\n<div class=\"visual__image image-full-width\"><picture><source srcset=\"https:\/\/www.infobae.com\/resizer\/v2\/3SNIU6KVMVBEDC6D6VGXBUN65A.jpg?auth=07bbad935a1c42012d62310811d5382df7b49b0dbd1b3507f393205350753c2f&amp;smart=true&amp;width=1200&amp;height=1029&amp;quality=85\" media=\"(min-width: 1200px)\" \/><source srcset=\"https:\/\/www.infobae.com\/resizer\/v2\/3SNIU6KVMVBEDC6D6VGXBUN65A.jpg?auth=07bbad935a1c42012d62310811d5382df7b49b0dbd1b3507f393205350753c2f&amp;smart=true&amp;width=992&amp;height=850&amp;quality=85\" media=\"(min-width: 1000px)\" \/><source srcset=\"https:\/\/www.infobae.com\/resizer\/v2\/3SNIU6KVMVBEDC6D6VGXBUN65A.jpg?auth=07bbad935a1c42012d62310811d5382df7b49b0dbd1b3507f393205350753c2f&amp;smart=true&amp;width=768&amp;height=658&amp;quality=85\" media=\"(min-width: 768px)\" \/><source srcset=\"https:\/\/www.infobae.com\/resizer\/v2\/3SNIU6KVMVBEDC6D6VGXBUN65A.jpg?auth=07bbad935a1c42012d62310811d5382df7b49b0dbd1b3507f393205350753c2f&amp;smart=true&amp;width=577&amp;height=495&amp;quality=85\" media=\"(min-width: 580px)\" \/><source srcset=\"https:\/\/www.infobae.com\/resizer\/v2\/3SNIU6KVMVBEDC6D6VGXBUN65A.jpg?auth=07bbad935a1c42012d62310811d5382df7b49b0dbd1b3507f393205350753c2f&amp;smart=true&amp;width=420&amp;height=360&amp;quality=85\" media=\"(min-width: 350px)\" \/><source srcset=\"https:\/\/www.infobae.com\/resizer\/v2\/3SNIU6KVMVBEDC6D6VGXBUN65A.jpg?auth=07bbad935a1c42012d62310811d5382df7b49b0dbd1b3507f393205350753c2f&amp;smart=true&amp;width=350&amp;height=300&amp;quality=85\" media=\"(min-width: 80px)\" \/><img loading=\"lazy\" decoding=\"async\" class=\"global-image\" src=\"https:\/\/www.infobae.com\/resizer\/v2\/3SNIU6KVMVBEDC6D6VGXBUN65A.jpg?auth=07bbad935a1c42012d62310811d5382df7b49b0dbd1b3507f393205350753c2f&amp;smart=true&amp;width=350&amp;height=300&amp;quality=85\" alt=\"Franco Colapinto tomando mate, una\" width=\"1920\" height=\"1600\" \/><\/picture><\/div>\n<p class=\"paragraph\" data-mrf-recirculation=\"Links inline\">Mientras tanto, y pese a que a\u00fan no puede correr, se supo que\u00a0<b>Colapinto<\/b>\u00a0est\u00e1 cada vez c\u00f3modo en\u00a0<b>Alpine<\/b>\u00a0y se fue ganando la confianza de los mec\u00e1nicos y otros integrantes. Entre mates y bizcochos (otro de sus patrocinantes),\u00a0<b>Franco<\/b>\u00a0lleva sus horas en\u00a0<b>Enstone<\/b>\u00a0cada vez que se hace presente. Se incorpor\u00f3 por medio de una cesi\u00f3n que\u00a0<b>Williams<\/b>\u00a0acept\u00f3 por cinco a\u00f1os, debido a que en el equipo ingl\u00e9s no tuvo lugar ante la llegada de\u00a0<b>Carlos Sainz<\/b>\u00a0y la continuidad de\u00a0<b>Alex Albon<\/b>.<\/p>\n<p class=\"paragraph\" data-mrf-recirculation=\"Links inline\">Su plan de trabajo continuar\u00e1 con las pruebas TPC (Test Previous Cars), que son entrenamientos con autos que tengan como m\u00ednimo dos temporadas de antig\u00fcedad. M\u00e1s all\u00e1 de su retorno a los boxes en Medio Oriente y de lo mencionado en\u00a0<b>Miami<\/b>, apuntar\u00eda a que tambi\u00e9n pueda estar en el inicio del periplo europeo, desde el 18 de mayo en Imola, sede del\u00a0<b>Gran Premio de Emilia Roma\u00f1a<\/b>. All\u00ed, en el\u00a0<b>Aut\u00f3dromo Enzo y Dino Ferrari,<\/b>\u00a0logr\u00f3 su \u00fanico triunfo en la F\u00f3rmula 2 el a\u00f1o pasado.<\/p>\n<p class=\"paragraph\" data-mrf-recirculation=\"Links inline\">Tras el\u00a0<b>Gran Premio de China<\/b>\u00a0circul\u00f3 el rumor de que\u00a0<b>Colapinto<\/b>\u00a0ten\u00eda la chance de sumarse a\u00a0<b>Racing Bulls<\/b>, algo que<b>\u00a0este medio pudo confirmar que no prosper\u00f3<\/b>, aunque no se descartar\u00eda la posibilidad de que venga otro equipo y lo quiera.<\/p>\n<p class=\"paragraph\" data-mrf-recirculation=\"Links inline\">Para un eventual cambio o cesi\u00f3n a otro equipo, las partes que deber\u00edan ponerse de acuerdo son: el propio\u00a0<b>Briatore<\/b>,\u00a0<b>Alpine<\/b>,\u00a0<b>Williams<\/b>\u00a0(porque a\u00fan sigue vinculado al piloto) y\u00a0<b>Bullet Sport Management<\/b>, empresa que representa a\u00a0<b>Franco<\/b>\u00a0y que est\u00e1 a cargo de\u00a0<b>Mar\u00eda Catarineu<\/b>\u00a0y\u00a0<b>Jamie Campbell-Walter<\/b>. La posibilidad de un cambio no est\u00e1 descartada, pero ahora no ser\u00eda el momento.<\/p>\n<p class=\"paragraph\" data-mrf-recirculation=\"Links inline\"><b>Colapinto revolucion\u00f3 la F1 desde su debut en Italia el 1 de septiembre de 2024<\/b>, donde reemplaz\u00f3 en\u00a0<b>Williams<\/b>\u00a0a\u00a0<b>Logan Sargeant<\/b>, quien fue desvinculado por sus malos resultados y accidentes; el \u00faltimo en su despedida en los\u00a0<b>Pa\u00edses Bajos<\/b>. Sum\u00f3 puntos en su segunda carrera al ser octavo en\u00a0<b>Azerbaiy\u00e1n<\/b>. Fue el primer argentino en cosechar unidades desde\u00a0<b>Carlos Alberto Reutemann<\/b>\u00a0en enero de 1982. Luego sum\u00f3 otro tanto al ser d\u00e9cimo en\u00a0<b>Austin<\/b>. Tuvo una largada de antolog\u00eda en\u00a0<b>Singapur<\/b>, donde parti\u00f3 12 y antes de llegar a la primera curva se ubic\u00f3 noveno. En\u00a0<b>San Pablo<\/b>, en su primera experiencia con lluvia sobre un coche de\u00a0<b>la M\u00e1xima<\/b>, logr\u00f3 un soberbio sobrepaso ante\u00a0<b>Lewis Hamilton<\/b>.<\/p>\n<p class=\"paragraph\" data-mrf-recirculation=\"Links inline\">El fen\u00f3meno\u00a0<b>Colapinto<\/b>\u00a0explot\u00f3 arriba y abajo del auto desde su debut en\u00a0<b>Monza<\/b>, donde cientos de argentinos coparon la recta principal luego de la carrera, en una escena que se repiti\u00f3 en otros escenarios como\u00a0<b>Austin<\/b>\u00a0y en\u00a0<b>Brasil<\/b>, donde viajaron unos diez mil hinchas. La expectativa de los fan\u00e1ticos es enorme y cada publicaci\u00f3n referida al bonaerense suele ser viral.<\/p>\n<p class=\"paragraph\" data-mrf-recirculation=\"Links inline\">Quiz\u00e1 el silencio impuesto por\u00a0<b>Alpine<\/b>\u00a0sobre\u00a0<b>Colapinto\u00a0<\/b>sea para evitar que se le escape alg\u00fan comentario sobre su futuro. Las chances de poder correr est\u00e1n y\u00a0<b>Franco<\/b>\u00a0solo deber\u00e1 esperar el momento. Aunque para eso es clave mantener su preparaci\u00f3n y estar en condiciones ante alguna eventualidad de\u00a0<b>Gasly<\/b>\u00a0o\u00a0<b>Doohan<\/b>, o directamente para volver a ser titular.(<em>Infobae<\/em>)<\/p>\n","protected":false},"excerpt":{"rendered":"<p>El argentino no viaj\u00f3 a Jap\u00f3n y se entrena en el simulador en Enstone. Deber\u00e1 seguir su preparaci\u00f3n para estar listo ante alguna eventualidad.<\/p>\n","protected":false},"author":8,"featured_media":217354,"comment_status":"open","ping_status":"open","sticky":false,"template":"","format":"standard","meta":{"fifu_image_url":"","fifu_image_alt":"","footnotes":""},"categories":[13],"tags":[5121,5120],"class_list":{"0":"post-217351","1":"post","2":"type-post","3":"status-publish","4":"format-standard","5":"has-post-thumbnail","7":"category-deportes","8":"tag-formula-1","9":"tag-franco-colapinto"},"yoast_head":"<title>F\u00f3rmula 1: Alpine confirm\u00f3 cu\u00e1ndo regresar\u00e1 Colapinto a un Gran Premio - Informe Litoral<\/title>\n<meta name=\"robots\" content=\"index, follow, max-snippet:-1, max-image-preview:large, max-video-preview:-1\" \/>\n<link rel=\"canonical\" href=\"https:\/\/informelitoral.com.ar\/formula-1-alpine-confirmo-cuando-regresara-colapinto-a-un-gran-premio\/\" \/>\n<meta property=\"og:locale\" content=\"es_ES\" \/>\n<meta property=\"og:type\" content=\"article\" \/>\n<meta property=\"og:title\" content=\"F\u00f3rmula 1: Alpine confirm\u00f3 cu\u00e1ndo regresar\u00e1 Colapinto a un Gran Premio - Informe Litoral\" \/>\n<meta property=\"og:description\" content=\"El argentino no viaj\u00f3 a Jap\u00f3n y se entrena en el simulador en Enstone. Deber\u00e1 seguir su preparaci\u00f3n para estar listo ante alguna eventualidad.\" \/>\n<meta property=\"og:url\" content=\"https:\/\/informelitoral.com.ar\/formula-1-alpine-confirmo-cuando-regresara-colapinto-a-un-gran-premio\/\" \/>\n<meta property=\"og:site_name\" content=\"Informe Litoral\" \/>\n<meta property=\"article:publisher\" content=\"https:\/\/www.facebook.com\/informelitoral\/\" \/>\n<meta property=\"article:published_time\" content=\"2025-04-04T15:25:35+00:00\" \/>\n<meta property=\"article:modified_time\" content=\"2025-04-04T15:33:21+00:00\" \/>\n<meta property=\"og:image\" content=\"https:\/\/informelitoral.com.ar\/%77%70%2d%63%6f%6e%74%65%6e%74\/uploads\/2025\/04\/600x400_se-confirmo-cuando-regresara-franco-colapinto-gran-premio-formula-1-1077746-102814.webp\" \/>\n\t<meta property=\"og:image:width\" content=\"600\" \/>\n\t<meta property=\"og:image:height\" content=\"400\" \/>\n\t<meta property=\"og:image:type\" content=\"image\/webp\" \/>\n<meta name=\"author\" content=\"Sebastian\" \/>\n<meta name=\"twitter:card\" content=\"summary_large_image\" \/>\n<meta name=\"twitter:creator\" content=\"@InformeLitoral\" \/>\n<meta name=\"twitter:site\" content=\"@InformeLitoral\" \/>\n<meta name=\"twitter:label1\" content=\"Escrito por\" \/>\n\t<meta name=\"twitter:data1\" content=\"Sebastian\" \/>\n\t<meta name=\"twitter:label2\" content=\"Tiempo de lectura\" \/>\n\t<meta name=\"twitter:data2\" content=\"6 minutos\" \/>\n<script type=\"application\/ld+json\" class=\"yoast-schema-graph\">{\"@context\":\"https:\\\/\\\/schema.org\",\"@graph\":[{\"@type\":\"Article\",\"@id\":\"https:\\\/\\\/informelitoral.com.ar\\\/formula-1-alpine-confirmo-cuando-regresara-colapinto-a-un-gran-premio\\\/#article\",\"isPartOf\":{\"@id\":\"https:\\\/\\\/informelitoral.com.ar\\\/formula-1-alpine-confirmo-cuando-regresara-colapinto-a-un-gran-premio\\\/\"},\"author\":{\"name\":\"Sebastian\",\"@id\":\"https:\\\/\\\/informelitoral.com.ar\\\/#\\\/schema\\\/person\\\/f05f9f461677119578717524b127d6d5\"},\"headline\":\"F\u00f3rmula 1: Alpine confirm\u00f3 cu\u00e1ndo regresar\u00e1 Colapinto a un Gran Premio\",\"datePublished\":\"2025-04-04T15:25:35+00:00\",\"dateModified\":\"2025-04-04T15:33:21+00:00\",\"mainEntityOfPage\":{\"@id\":\"https:\\\/\\\/informelitoral.com.ar\\\/formula-1-alpine-confirmo-cuando-regresara-colapinto-a-un-gran-premio\\\/\"},\"wordCount\":1201,\"commentCount\":0,\"publisher\":{\"@id\":\"https:\\\/\\\/informelitoral.com.ar\\\/#organization\"},\"image\":{\"@id\":\"https:\\\/\\\/informelitoral.com.ar\\\/formula-1-alpine-confirmo-cuando-regresara-colapinto-a-un-gran-premio\\\/#primaryimage\"},\"thumbnailUrl\":\"https:\\\/\\\/informelitoral.com.ar\\\/%77%70%2d%63%6f%6e%74%65%6e%74\\\/uploads\\\/2025\\\/04\\\/600x400_se-confirmo-cuando-regresara-franco-colapinto-gran-premio-formula-1-1077746-102814.webp\",\"keywords\":[\"F\u00f3rmula 1\",\"Franco Colapinto\"],\"articleSection\":[\"Deportes\"],\"inLanguage\":\"es\",\"potentialAction\":[{\"@type\":\"CommentAction\",\"name\":\"Comment\",\"target\":[\"https:\\\/\\\/informelitoral.com.ar\\\/formula-1-alpine-confirmo-cuando-regresara-colapinto-a-un-gran-premio\\\/#respond\"]}]},{\"@type\":\"WebPage\",\"@id\":\"https:\\\/\\\/informelitoral.com.ar\\\/formula-1-alpine-confirmo-cuando-regresara-colapinto-a-un-gran-premio\\\/\",\"url\":\"https:\\\/\\\/informelitoral.com.ar\\\/formula-1-alpine-confirmo-cuando-regresara-colapinto-a-un-gran-premio\\\/\",\"name\":\"F\u00f3rmula 1: Alpine confirm\u00f3 cu\u00e1ndo regresar\u00e1 Colapinto a un Gran Premio - Informe Litoral\",\"isPartOf\":{\"@id\":\"https:\\\/\\\/informelitoral.com.ar\\\/#website\"},\"primaryImageOfPage\":{\"@id\":\"https:\\\/\\\/informelitoral.com.ar\\\/formula-1-alpine-confirmo-cuando-regresara-colapinto-a-un-gran-premio\\\/#primaryimage\"},\"image\":{\"@id\":\"https:\\\/\\\/informelitoral.com.ar\\\/formula-1-alpine-confirmo-cuando-regresara-colapinto-a-un-gran-premio\\\/#primaryimage\"},\"thumbnailUrl\":\"https:\\\/\\\/informelitoral.com.ar\\\/%77%70%2d%63%6f%6e%74%65%6e%74\\\/uploads\\\/2025\\\/04\\\/600x400_se-confirmo-cuando-regresara-franco-colapinto-gran-premio-formula-1-1077746-102814.webp\",\"datePublished\":\"2025-04-04T15:25:35+00:00\",\"dateModified\":\"2025-04-04T15:33:21+00:00\",\"breadcrumb\":{\"@id\":\"https:\\\/\\\/informelitoral.com.ar\\\/formula-1-alpine-confirmo-cuando-regresara-colapinto-a-un-gran-premio\\\/#breadcrumb\"},\"inLanguage\":\"es\",\"potentialAction\":[{\"@type\":\"ReadAction\",\"target\":[\"https:\\\/\\\/informelitoral.com.ar\\\/formula-1-alpine-confirmo-cuando-regresara-colapinto-a-un-gran-premio\\\/\"]}]},{\"@type\":\"ImageObject\",\"inLanguage\":\"es\",\"@id\":\"https:\\\/\\\/informelitoral.com.ar\\\/formula-1-alpine-confirmo-cuando-regresara-colapinto-a-un-gran-premio\\\/#primaryimage\",\"url\":\"https:\\\/\\\/informelitoral.com.ar\\\/%77%70%2d%63%6f%6e%74%65%6e%74\\\/uploads\\\/2025\\\/04\\\/600x400_se-confirmo-cuando-regresara-franco-colapinto-gran-premio-formula-1-1077746-102814.webp\",\"contentUrl\":\"https:\\\/\\\/informelitoral.com.ar\\\/%77%70%2d%63%6f%6e%74%65%6e%74\\\/uploads\\\/2025\\\/04\\\/600x400_se-confirmo-cuando-regresara-franco-colapinto-gran-premio-formula-1-1077746-102814.webp\",\"width\":600,\"height\":400},{\"@type\":\"BreadcrumbList\",\"@id\":\"https:\\\/\\\/informelitoral.com.ar\\\/formula-1-alpine-confirmo-cuando-regresara-colapinto-a-un-gran-premio\\\/#breadcrumb\",\"itemListElement\":[{\"@type\":\"ListItem\",\"position\":1,\"name\":\"Portada\",\"item\":\"https:\\\/\\\/informelitoral.com.ar\\\/\"},{\"@type\":\"ListItem\",\"position\":2,\"name\":\"F\u00f3rmula 1: Alpine confirm\u00f3 cu\u00e1ndo regresar\u00e1 Colapinto a un Gran Premio\"}]},{\"@type\":\"WebSite\",\"@id\":\"https:\\\/\\\/informelitoral.com.ar\\\/#website\",\"url\":\"https:\\\/\\\/informelitoral.com.ar\\\/\",\"name\":\"Informe Litoral\",\"description\":\"&quot;Nos informamos&quot; \",\"publisher\":{\"@id\":\"https:\\\/\\\/informelitoral.com.ar\\\/#organization\"},\"potentialAction\":[{\"@type\":\"SearchAction\",\"target\":{\"@type\":\"EntryPoint\",\"urlTemplate\":\"https:\\\/\\\/informelitoral.com.ar\\\/?s={search_term_string}\"},\"query-input\":{\"@type\":\"PropertyValueSpecification\",\"valueRequired\":true,\"valueName\":\"search_term_string\"}}],\"inLanguage\":\"es\"},{\"@type\":\"Organization\",\"@id\":\"https:\\\/\\\/informelitoral.com.ar\\\/#organization\",\"name\":\"Informe Litoral\",\"url\":\"https:\\\/\\\/informelitoral.com.ar\\\/\",\"logo\":{\"@type\":\"ImageObject\",\"inLanguage\":\"es\",\"@id\":\"https:\\\/\\\/informelitoral.com.ar\\\/#\\\/schema\\\/logo\\\/image\\\/\",\"url\":\"https:\\\/\\\/informelitoral.com.ar\\\/%77%70%2d%63%6f%6e%74%65%6e%74\\\/uploads\\\/2021\\\/01\\\/circulo.png\",\"contentUrl\":\"https:\\\/\\\/informelitoral.com.ar\\\/%77%70%2d%63%6f%6e%74%65%6e%74\\\/uploads\\\/2021\\\/01\\\/circulo.png\",\"width\":723,\"height\":731,\"caption\":\"Informe Litoral\"},\"image\":{\"@id\":\"https:\\\/\\\/informelitoral.com.ar\\\/#\\\/schema\\\/logo\\\/image\\\/\"},\"sameAs\":[\"https:\\\/\\\/www.facebook.com\\\/informelitoral\\\/\",\"https:\\\/\\\/x.com\\\/InformeLitoral\",\"https:\\\/\\\/www.instagram.com\\\/informelitoral\\\/\",\"https:\\\/\\\/www.youtube.com\\\/channel\\\/UCua4Qvz8Icb6MYqhoq9xLXw\"]},{\"@type\":\"Person\",\"@id\":\"https:\\\/\\\/informelitoral.com.ar\\\/#\\\/schema\\\/person\\\/f05f9f461677119578717524b127d6d5\",\"name\":\"Sebastian\",\"image\":{\"@type\":\"ImageObject\",\"inLanguage\":\"es\",\"@id\":\"https:\\\/\\\/secure.gravatar.com\\\/avatar\\\/b71bf7481d447dfb9583c7f2798e7cc64de6efb9067b74633ed8c31059a3bd82?s=96&d=mm&r=g\",\"url\":\"https:\\\/\\\/secure.gravatar.com\\\/avatar\\\/b71bf7481d447dfb9583c7f2798e7cc64de6efb9067b74633ed8c31059a3bd82?s=96&d=mm&r=g\",\"contentUrl\":\"https:\\\/\\\/secure.gravatar.com\\\/avatar\\\/b71bf7481d447dfb9583c7f2798e7cc64de6efb9067b74633ed8c31059a3bd82?s=96&d=mm&r=g\",\"caption\":\"Sebastian\"},\"url\":\"https:\\\/\\\/informelitoral.com.ar\\\/author\\\/sebastian\\\/\"}]}<\/script>","yoast_head_json":{"title":"F\u00f3rmula 1: Alpine confirm\u00f3 cu\u00e1ndo regresar\u00e1 Colapinto a un Gran Premio - Informe Litoral","robots":{"index":"index","follow":"follow","max-snippet":"max-snippet:-1","max-image-preview":"max-image-preview:large","max-video-preview":"max-video-preview:-1"},"canonical":"https:\/\/informelitoral.com.ar\/formula-1-alpine-confirmo-cuando-regresara-colapinto-a-un-gran-premio\/","og_locale":"es_ES","og_type":"article","og_title":"F\u00f3rmula 1: Alpine confirm\u00f3 cu\u00e1ndo regresar\u00e1 Colapinto a un Gran Premio - Informe Litoral","og_description":"El argentino no viaj\u00f3 a Jap\u00f3n y se entrena en el simulador en Enstone. Deber\u00e1 seguir su preparaci\u00f3n para estar listo ante alguna eventualidad.","og_url":"https:\/\/informelitoral.com.ar\/formula-1-alpine-confirmo-cuando-regresara-colapinto-a-un-gran-premio\/","og_site_name":"Informe Litoral","article_publisher":"https:\/\/www.facebook.com\/informelitoral\/","article_published_time":"2025-04-04T15:25:35+00:00","article_modified_time":"2025-04-04T15:33:21+00:00","og_image":[{"width":600,"height":400,"url":"https:\/\/informelitoral.com.ar\/%77%70%2d%63%6f%6e%74%65%6e%74\/uploads\/2025\/04\/600x400_se-confirmo-cuando-regresara-franco-colapinto-gran-premio-formula-1-1077746-102814.webp","type":"image\/webp"}],"author":"Sebastian","twitter_card":"summary_large_image","twitter_creator":"@InformeLitoral","twitter_site":"@InformeLitoral","twitter_misc":{"Escrito por":"Sebastian","Tiempo de lectura":"6 minutos"},"schema":{"@context":"https:\/\/schema.org","@graph":[{"@type":"Article","@id":"https:\/\/informelitoral.com.ar\/formula-1-alpine-confirmo-cuando-regresara-colapinto-a-un-gran-premio\/#article","isPartOf":{"@id":"https:\/\/informelitoral.com.ar\/formula-1-alpine-confirmo-cuando-regresara-colapinto-a-un-gran-premio\/"},"author":{"name":"Sebastian","@id":"https:\/\/informelitoral.com.ar\/#\/schema\/person\/f05f9f461677119578717524b127d6d5"},"headline":"F\u00f3rmula 1: Alpine confirm\u00f3 cu\u00e1ndo regresar\u00e1 Colapinto a un Gran Premio","datePublished":"2025-04-04T15:25:35+00:00","dateModified":"2025-04-04T15:33:21+00:00","mainEntityOfPage":{"@id":"https:\/\/informelitoral.com.ar\/formula-1-alpine-confirmo-cuando-regresara-colapinto-a-un-gran-premio\/"},"wordCount":1201,"commentCount":0,"publisher":{"@id":"https:\/\/informelitoral.com.ar\/#organization"},"image":{"@id":"https:\/\/informelitoral.com.ar\/formula-1-alpine-confirmo-cuando-regresara-colapinto-a-un-gran-premio\/#primaryimage"},"thumbnailUrl":"https:\/\/informelitoral.com.ar\/%77%70%2d%63%6f%6e%74%65%6e%74\/uploads\/2025\/04\/600x400_se-confirmo-cuando-regresara-franco-colapinto-gran-premio-formula-1-1077746-102814.webp","keywords":["F\u00f3rmula 1","Franco Colapinto"],"articleSection":["Deportes"],"inLanguage":"es","potentialAction":[{"@type":"CommentAction","name":"Comment","target":["https:\/\/informelitoral.com.ar\/formula-1-alpine-confirmo-cuando-regresara-colapinto-a-un-gran-premio\/#respond"]}]},{"@type":"WebPage","@id":"https:\/\/informelitoral.com.ar\/formula-1-alpine-confirmo-cuando-regresara-colapinto-a-un-gran-premio\/","url":"https:\/\/informelitoral.com.ar\/formula-1-alpine-confirmo-cuando-regresara-colapinto-a-un-gran-premio\/","name":"F\u00f3rmula 1: Alpine confirm\u00f3 cu\u00e1ndo regresar\u00e1 Colapinto a un Gran Premio - Informe Litoral","isPartOf":{"@id":"https:\/\/informelitoral.com.ar\/#website"},"primaryImageOfPage":{"@id":"https:\/\/informelitoral.com.ar\/formula-1-alpine-confirmo-cuando-regresara-colapinto-a-un-gran-premio\/#primaryimage"},"image":{"@id":"https:\/\/informelitoral.com.ar\/formula-1-alpine-confirmo-cuando-regresara-colapinto-a-un-gran-premio\/#primaryimage"},"thumbnailUrl":"https:\/\/informelitoral.com.ar\/%77%70%2d%63%6f%6e%74%65%6e%74\/uploads\/2025\/04\/600x400_se-confirmo-cuando-regresara-franco-colapinto-gran-premio-formula-1-1077746-102814.webp","datePublished":"2025-04-04T15:25:35+00:00","dateModified":"2025-04-04T15:33:21+00:00","breadcrumb":{"@id":"https:\/\/informelitoral.com.ar\/formula-1-alpine-confirmo-cuando-regresara-colapinto-a-un-gran-premio\/#breadcrumb"},"inLanguage":"es","potentialAction":[{"@type":"ReadAction","target":["https:\/\/informelitoral.com.ar\/formula-1-alpine-confirmo-cuando-regresara-colapinto-a-un-gran-premio\/"]}]},{"@type":"ImageObject","inLanguage":"es","@id":"https:\/\/informelitoral.com.ar\/formula-1-alpine-confirmo-cuando-regresara-colapinto-a-un-gran-premio\/#primaryimage","url":"https:\/\/informelitoral.com.ar\/%77%70%2d%63%6f%6e%74%65%6e%74\/uploads\/2025\/04\/600x400_se-confirmo-cuando-regresara-franco-colapinto-gran-premio-formula-1-1077746-102814.webp","contentUrl":"https:\/\/informelitoral.com.ar\/%77%70%2d%63%6f%6e%74%65%6e%74\/uploads\/2025\/04\/600x400_se-confirmo-cuando-regresara-franco-colapinto-gran-premio-formula-1-1077746-102814.webp","width":600,"height":400},{"@type":"BreadcrumbList","@id":"https:\/\/informelitoral.com.ar\/formula-1-alpine-confirmo-cuando-regresara-colapinto-a-un-gran-premio\/#breadcrumb","itemListElement":[{"@type":"ListItem","position":1,"name":"Portada","item":"https:\/\/informelitoral.com.ar\/"},{"@type":"ListItem","position":2,"name":"F\u00f3rmula 1: Alpine confirm\u00f3 cu\u00e1ndo regresar\u00e1 Colapinto a un Gran Premio"}]},{"@type":"WebSite","@id":"https:\/\/informelitoral.com.ar\/#website","url":"https:\/\/informelitoral.com.ar\/","name":"Informe Litoral","description":"&quot;Nos informamos&quot; ","publisher":{"@id":"https:\/\/informelitoral.com.ar\/#organization"},"potentialAction":[{"@type":"SearchAction","target":{"@type":"EntryPoint","urlTemplate":"https:\/\/informelitoral.com.ar\/?s={search_term_string}"},"query-input":{"@type":"PropertyValueSpecification","valueRequired":true,"valueName":"search_term_string"}}],"inLanguage":"es"},{"@type":"Organization","@id":"https:\/\/informelitoral.com.ar\/#organization","name":"Informe Litoral","url":"https:\/\/informelitoral.com.ar\/","logo":{"@type":"ImageObject","inLanguage":"es","@id":"https:\/\/informelitoral.com.ar\/#\/schema\/logo\/image\/","url":"https:\/\/informelitoral.com.ar\/%77%70%2d%63%6f%6e%74%65%6e%74\/uploads\/2021\/01\/circulo.png","contentUrl":"https:\/\/informelitoral.com.ar\/%77%70%2d%63%6f%6e%74%65%6e%74\/uploads\/2021\/01\/circulo.png","width":723,"height":731,"caption":"Informe Litoral"},"image":{"@id":"https:\/\/informelitoral.com.ar\/#\/schema\/logo\/image\/"},"sameAs":["https:\/\/www.facebook.com\/informelitoral\/","https:\/\/x.com\/InformeLitoral","https:\/\/www.instagram.com\/informelitoral\/","https:\/\/www.youtube.com\/channel\/UCua4Qvz8Icb6MYqhoq9xLXw"]},{"@type":"Person","@id":"https:\/\/informelitoral.com.ar\/#\/schema\/person\/f05f9f461677119578717524b127d6d5","name":"Sebastian","image":{"@type":"ImageObject","inLanguage":"es","@id":"https:\/\/secure.gravatar.com\/avatar\/b71bf7481d447dfb9583c7f2798e7cc64de6efb9067b74633ed8c31059a3bd82?s=96&d=mm&r=g","url":"https:\/\/secure.gravatar.com\/avatar\/b71bf7481d447dfb9583c7f2798e7cc64de6efb9067b74633ed8c31059a3bd82?s=96&d=mm&r=g","contentUrl":"https:\/\/secure.gravatar.com\/avatar\/b71bf7481d447dfb9583c7f2798e7cc64de6efb9067b74633ed8c31059a3bd82?s=96&d=mm&r=g","caption":"Sebastian"},"url":"https:\/\/informelitoral.com.ar\/author\/sebastian\/"}]}},"_links":{"self":[{"href":"https:\/\/informelitoral.com.ar\/%77%70%2d%6a%73%6f%6e\/wp\/v2\/posts\/217351","targetHints":{"allow":["GET"]}}],"collection":[{"href":"https:\/\/informelitoral.com.ar\/%77%70%2d%6a%73%6f%6e\/wp\/v2\/posts"}],"about":[{"href":"https:\/\/informelitoral.com.ar\/%77%70%2d%6a%73%6f%6e\/wp\/v2\/types\/post"}],"author":[{"embeddable":true,"href":"https:\/\/informelitoral.com.ar\/%77%70%2d%6a%73%6f%6e\/wp\/v2\/users\/8"}],"replies":[{"embeddable":true,"href":"https:\/\/informelitoral.com.ar\/%77%70%2d%6a%73%6f%6e\/wp\/v2\/comments?post=217351"}],"version-history":[{"count":0,"href":"https:\/\/informelitoral.com.ar\/%77%70%2d%6a%73%6f%6e\/wp\/v2\/posts\/217351\/revisions"}],"wp:featuredmedia":[{"embeddable":true,"href":"https:\/\/informelitoral.com.ar\/%77%70%2d%6a%73%6f%6e\/wp\/v2\/media\/217354"}],"wp:attachment":[{"href":"https:\/\/informelitoral.com.ar\/%77%70%2d%6a%73%6f%6e\/wp\/v2\/media?parent=217351"}],"wp:term":[{"taxonomy":"category","embeddable":true,"href":"https:\/\/informelitoral.com.ar\/%77%70%2d%6a%73%6f%6e\/wp\/v2\/categories?post=217351"},{"taxonomy":"post_tag","embeddable":true,"href":"https:\/\/informelitoral.com.ar\/%77%70%2d%6a%73%6f%6e\/wp\/v2\/tags?post=217351"}],"curies":[{"name":"wp","href":"https:\/\/api.w.org\/{rel}","templated":true}]}}