{"id":217227,"date":"2025-04-04T07:01:10","date_gmt":"2025-04-04T10:01:10","guid":{"rendered":"https:\/\/informelitoral.com.ar\/?p=217227"},"modified":"2025-04-04T07:01:10","modified_gmt":"2025-04-04T10:01:10","slug":"hein-coordina-acciones-en-salud-mental-con-la-cartera-sanitaria-y-desarrollo-humano","status":"publish","type":"post","link":"https:\/\/informelitoral.com.ar\/hein-coordina-acciones-en-salud-mental-con-la-cartera-sanitaria-y-desarrollo-humano\/","title":{"rendered":"Hein coordina acciones en salud mental con la cartera sanitaria y Desarrollo Humano"},"content":{"rendered":"<p>En una reuni\u00f3n convocada por el presidente de la C\u00e1mara de Diputados,<strong> Gustavo Hein<\/strong>, realizada este jueves en su despacho, autoridades de los Ministerios de Salud y de Desarrollo Humano avanzaron con la articulaci\u00f3n interinstitucional para el desarrollo de pol\u00edticas en materia de salud mental. Espec\u00edficamente, acordaron l\u00edneas de trabajo para la atenci\u00f3n de las problem\u00e1ticas de adicciones y suicidios.<\/p>\n<p>Hein recibi\u00f3 a los ministros de Salud,<strong> Daniel Blanzaco<\/strong>, y de Desarrollo Humano, <strong>Ver\u00f3nica Berisso<\/strong>; as\u00ed como al secretario de Salud, <strong>Daniel Valentinuz,<\/strong> y al director general de Salud Mental, <strong>Esteban D\u00e1vila<\/strong>. Lo hizo en el marco de una agenda que viene llevando adelante desde la Presidencia de la C\u00e1mara baja para abordar situaciones que preocupan a la sociedad entrerriana.<\/p>\n<p>Luego de la reuni\u00f3n, el ministro Blanzaco consider\u00f3 \u201cmuy importante la convocatoria del presidente de la C\u00e1mara\u201d, al tiempo que detall\u00f3: \u201cEstamos armando un observatorio com\u00fan en salud mental. Nosotros elevamos la Direcci\u00f3n de Salud Mental a una Direcci\u00f3n General, que creemos que es la jerarqu\u00eda que corresponde, y la idea es fortalecer el trabajo de manera intersectorial, con el Ministerio de Desarrollo Humano, con Educaci\u00f3n, con la Polic\u00eda, para establecer estrategias comunes de acci\u00f3n y poder tener una llegada adecuada a la demanda de la gente\u201d.<\/p>\n<p>Consultado sobre las principales necesidades de la poblaci\u00f3n entrerriana en la materia, Blanzaco coment\u00f3: \u201cTenemos un gran problema con el tema de suicidios. Lamentablemente nuestra provincia es una de las que tiene mayor estad\u00edstica en este sentido. Y el otro tema que nos preocupa mucho tambi\u00e9n es el de las problem\u00e1ticas de consumo. Estos son los lineamientos iniciales para trabajar\u201d.<\/p>\n<p>\u201cAhora estamos conformando la mesa. Ya hay una resoluci\u00f3n previa que establec\u00eda algunos lineamientos; le vamos a dar jerarqu\u00eda y disponer de la gente para empezar a trabajar y vamos a ir convocando a los otros sectores que hoy no est\u00e1n, para poder llevar adelante esa estrategia\u201d, dijo el ministro sobre los pasos a seguir.<\/p>\n<p>Por su parte, Berisso remarc\u00f3: \u201cTratamos de articular algunos temas de salud mental que realmente nos preocupan, siempre poniendo a la cabeza al Ministerio de Salud, que es donde est\u00e1n las personas t\u00e9cnicamente preparadas para abordar estos temas\u201d.<\/p>\n<p>\u201cDesde el Ministerio de Desarrollo Humano colaboramos y nos ponemos a disposici\u00f3n. Ya vamos a delinear la estrategia, pero en nuestro caso podr\u00edamos apuntar un poquito m\u00e1s a la prevenci\u00f3n y articular para que todos participemos en estas cuestiones que tanto nos preocupan\u201d,\u00a0complet\u00f3.<\/p>\n<h6><em><strong>Del archivo:\u00a0<a href=\"https:\/\/informelitoral.com.ar\/diputados-trataron-proyectos-vinculados-con-la-actividad-turistica-de-la-provincia\/\" target=\"_blank\" rel=\"noopener\">Diputados trataron proyectos vinculados con la actividad tur\u00edstica de la provincia<\/a><\/strong><\/em><\/h6>\n<h6><em><strong><a href=\"https:\/\/informelitoral.com.ar\/silvina-decco-uno-de-los-desafios-es-ubicar-a-la-salud-mental-en-la-agenda\/\" target=\"_blank\" rel=\"noopener\">Silvina Decc\u00f3: \u201cUno de los desaf\u00edos es ubicar a la salud mental en la agenda\u201d<\/a><\/strong><\/em><\/h6>\n","protected":false},"excerpt":{"rendered":"<p>El presidente de la C\u00e1mara de Diputados recibi\u00f3 a los ministros Blanzaco y Berisso, con el objetivo de coordinar acciones para el abordaje de las problem\u00e1ticas de suicidio y de consumo.<\/p>\n","protected":false},"author":2,"featured_media":217228,"comment_status":"open","ping_status":"open","sticky":false,"template":"","format":"standard","meta":{"fifu_image_url":"","fifu_image_alt":"","footnotes":""},"categories":[16],"tags":[3627,196,287],"class_list":{"0":"post-217227","1":"post","2":"type-post","3":"status-publish","4":"format-standard","5":"has-post-thumbnail","7":"category-politi","8":"tag-camara-de-diputados","9":"tag-diputados","10":"tag-legislativas"},"yoast_head":"<title>Hein coordina acciones en salud mental con la cartera sanitaria y Desarrollo Humano - Informe Litoral<\/title>\n<meta name=\"robots\" content=\"index, follow, max-snippet:-1, max-image-preview:large, max-video-preview:-1\" \/>\n<link rel=\"canonical\" href=\"https:\/\/informelitoral.com.ar\/hein-coordina-acciones-en-salud-mental-con-la-cartera-sanitaria-y-desarrollo-humano\/\" \/>\n<meta property=\"og:locale\" content=\"es_ES\" \/>\n<meta property=\"og:type\" content=\"article\" \/>\n<meta property=\"og:title\" content=\"Hein coordina acciones en salud mental con la cartera sanitaria y Desarrollo Humano - Informe Litoral\" \/>\n<meta property=\"og:description\" content=\"El presidente de la C\u00e1mara de Diputados recibi\u00f3 a los ministros Blanzaco y Berisso, con el objetivo de coordinar acciones para el abordaje de las problem\u00e1ticas de suicidio y de consumo.\" \/>\n<meta property=\"og:url\" content=\"https:\/\/informelitoral.com.ar\/hein-coordina-acciones-en-salud-mental-con-la-cartera-sanitaria-y-desarrollo-humano\/\" \/>\n<meta property=\"og:site_name\" content=\"Informe Litoral\" \/>\n<meta property=\"article:publisher\" content=\"https:\/\/www.facebook.com\/informelitoral\/\" \/>\n<meta property=\"article:published_time\" content=\"2025-04-04T10:01:10+00:00\" \/>\n<meta property=\"og:image\" content=\"https:\/\/informelitoral.com.ar\/%77%70%2d%63%6f%6e%74%65%6e%74\/uploads\/2025\/04\/a11b832ebdc004f6adfe3739c9dde78c.jpg\" \/>\n\t<meta property=\"og:image:width\" content=\"2048\" \/>\n\t<meta property=\"og:image:height\" content=\"1365\" \/>\n\t<meta property=\"og:image:type\" content=\"image\/jpeg\" \/>\n<meta name=\"author\" content=\"Gonzalo Schmidt\" \/>\n<meta name=\"twitter:card\" content=\"summary_large_image\" \/>\n<meta name=\"twitter:creator\" content=\"@InformeLitoral\" \/>\n<meta name=\"twitter:site\" content=\"@InformeLitoral\" \/>\n<meta name=\"twitter:label1\" content=\"Escrito por\" \/>\n\t<meta name=\"twitter:data1\" content=\"Gonzalo Schmidt\" \/>\n\t<meta name=\"twitter:label2\" content=\"Tiempo de lectura\" \/>\n\t<meta name=\"twitter:data2\" content=\"2 minutos\" \/>\n<script type=\"application\/ld+json\" class=\"yoast-schema-graph\">{\"@context\":\"https:\\\/\\\/schema.org\",\"@graph\":[{\"@type\":\"Article\",\"@id\":\"https:\\\/\\\/informelitoral.com.ar\\\/hein-coordina-acciones-en-salud-mental-con-la-cartera-sanitaria-y-desarrollo-humano\\\/#article\",\"isPartOf\":{\"@id\":\"https:\\\/\\\/informelitoral.com.ar\\\/hein-coordina-acciones-en-salud-mental-con-la-cartera-sanitaria-y-desarrollo-humano\\\/\"},\"author\":{\"name\":\"Gonzalo Schmidt\",\"@id\":\"https:\\\/\\\/informelitoral.com.ar\\\/#\\\/schema\\\/person\\\/b9d00407c836482871ef1d57bf8e3180\"},\"headline\":\"Hein coordina acciones en salud mental con la cartera sanitaria y Desarrollo Humano\",\"datePublished\":\"2025-04-04T10:01:10+00:00\",\"mainEntityOfPage\":{\"@id\":\"https:\\\/\\\/informelitoral.com.ar\\\/hein-coordina-acciones-en-salud-mental-con-la-cartera-sanitaria-y-desarrollo-humano\\\/\"},\"wordCount\":481,\"commentCount\":0,\"publisher\":{\"@id\":\"https:\\\/\\\/informelitoral.com.ar\\\/#organization\"},\"image\":{\"@id\":\"https:\\\/\\\/informelitoral.com.ar\\\/hein-coordina-acciones-en-salud-mental-con-la-cartera-sanitaria-y-desarrollo-humano\\\/#primaryimage\"},\"thumbnailUrl\":\"https:\\\/\\\/informelitoral.com.ar\\\/%77%70%2d%63%6f%6e%74%65%6e%74\\\/uploads\\\/2025\\\/04\\\/a11b832ebdc004f6adfe3739c9dde78c.jpg\",\"keywords\":[\"C\u00e1mara de Diputados\",\"Diputados\",\"Legislativas\"],\"articleSection\":[\"Politica\"],\"inLanguage\":\"es\",\"potentialAction\":[{\"@type\":\"CommentAction\",\"name\":\"Comment\",\"target\":[\"https:\\\/\\\/informelitoral.com.ar\\\/hein-coordina-acciones-en-salud-mental-con-la-cartera-sanitaria-y-desarrollo-humano\\\/#respond\"]}]},{\"@type\":\"WebPage\",\"@id\":\"https:\\\/\\\/informelitoral.com.ar\\\/hein-coordina-acciones-en-salud-mental-con-la-cartera-sanitaria-y-desarrollo-humano\\\/\",\"url\":\"https:\\\/\\\/informelitoral.com.ar\\\/hein-coordina-acciones-en-salud-mental-con-la-cartera-sanitaria-y-desarrollo-humano\\\/\",\"name\":\"Hein coordina acciones en salud mental con la cartera sanitaria y Desarrollo Humano - Informe Litoral\",\"isPartOf\":{\"@id\":\"https:\\\/\\\/informelitoral.com.ar\\\/#website\"},\"primaryImageOfPage\":{\"@id\":\"https:\\\/\\\/informelitoral.com.ar\\\/hein-coordina-acciones-en-salud-mental-con-la-cartera-sanitaria-y-desarrollo-humano\\\/#primaryimage\"},\"image\":{\"@id\":\"https:\\\/\\\/informelitoral.com.ar\\\/hein-coordina-acciones-en-salud-mental-con-la-cartera-sanitaria-y-desarrollo-humano\\\/#primaryimage\"},\"thumbnailUrl\":\"https:\\\/\\\/informelitoral.com.ar\\\/%77%70%2d%63%6f%6e%74%65%6e%74\\\/uploads\\\/2025\\\/04\\\/a11b832ebdc004f6adfe3739c9dde78c.jpg\",\"datePublished\":\"2025-04-04T10:01:10+00:00\",\"breadcrumb\":{\"@id\":\"https:\\\/\\\/informelitoral.com.ar\\\/hein-coordina-acciones-en-salud-mental-con-la-cartera-sanitaria-y-desarrollo-humano\\\/#breadcrumb\"},\"inLanguage\":\"es\",\"potentialAction\":[{\"@type\":\"ReadAction\",\"target\":[\"https:\\\/\\\/informelitoral.com.ar\\\/hein-coordina-acciones-en-salud-mental-con-la-cartera-sanitaria-y-desarrollo-humano\\\/\"]}]},{\"@type\":\"ImageObject\",\"inLanguage\":\"es\",\"@id\":\"https:\\\/\\\/informelitoral.com.ar\\\/hein-coordina-acciones-en-salud-mental-con-la-cartera-sanitaria-y-desarrollo-humano\\\/#primaryimage\",\"url\":\"https:\\\/\\\/informelitoral.com.ar\\\/%77%70%2d%63%6f%6e%74%65%6e%74\\\/uploads\\\/2025\\\/04\\\/a11b832ebdc004f6adfe3739c9dde78c.jpg\",\"contentUrl\":\"https:\\\/\\\/informelitoral.com.ar\\\/%77%70%2d%63%6f%6e%74%65%6e%74\\\/uploads\\\/2025\\\/04\\\/a11b832ebdc004f6adfe3739c9dde78c.jpg\",\"width\":2048,\"height\":1365},{\"@type\":\"BreadcrumbList\",\"@id\":\"https:\\\/\\\/informelitoral.com.ar\\\/hein-coordina-acciones-en-salud-mental-con-la-cartera-sanitaria-y-desarrollo-humano\\\/#breadcrumb\",\"itemListElement\":[{\"@type\":\"ListItem\",\"position\":1,\"name\":\"Portada\",\"item\":\"https:\\\/\\\/informelitoral.com.ar\\\/\"},{\"@type\":\"ListItem\",\"position\":2,\"name\":\"Hein coordina acciones en salud mental con la cartera sanitaria y Desarrollo Humano\"}]},{\"@type\":\"WebSite\",\"@id\":\"https:\\\/\\\/informelitoral.com.ar\\\/#website\",\"url\":\"https:\\\/\\\/informelitoral.com.ar\\\/\",\"name\":\"Informe Litoral\",\"description\":\"&quot;Nos informamos&quot; \",\"publisher\":{\"@id\":\"https:\\\/\\\/informelitoral.com.ar\\\/#organization\"},\"potentialAction\":[{\"@type\":\"SearchAction\",\"target\":{\"@type\":\"EntryPoint\",\"urlTemplate\":\"https:\\\/\\\/informelitoral.com.ar\\\/?s={search_term_string}\"},\"query-input\":{\"@type\":\"PropertyValueSpecification\",\"valueRequired\":true,\"valueName\":\"search_term_string\"}}],\"inLanguage\":\"es\"},{\"@type\":\"Organization\",\"@id\":\"https:\\\/\\\/informelitoral.com.ar\\\/#organization\",\"name\":\"Informe Litoral\",\"url\":\"https:\\\/\\\/informelitoral.com.ar\\\/\",\"logo\":{\"@type\":\"ImageObject\",\"inLanguage\":\"es\",\"@id\":\"https:\\\/\\\/informelitoral.com.ar\\\/#\\\/schema\\\/logo\\\/image\\\/\",\"url\":\"https:\\\/\\\/informelitoral.com.ar\\\/%77%70%2d%63%6f%6e%74%65%6e%74\\\/uploads\\\/2021\\\/01\\\/circulo.png\",\"contentUrl\":\"https:\\\/\\\/informelitoral.com.ar\\\/%77%70%2d%63%6f%6e%74%65%6e%74\\\/uploads\\\/2021\\\/01\\\/circulo.png\",\"width\":723,\"height\":731,\"caption\":\"Informe Litoral\"},\"image\":{\"@id\":\"https:\\\/\\\/informelitoral.com.ar\\\/#\\\/schema\\\/logo\\\/image\\\/\"},\"sameAs\":[\"https:\\\/\\\/www.facebook.com\\\/informelitoral\\\/\",\"https:\\\/\\\/x.com\\\/InformeLitoral\",\"https:\\\/\\\/www.instagram.com\\\/informelitoral\\\/\",\"https:\\\/\\\/www.youtube.com\\\/channel\\\/UCua4Qvz8Icb6MYqhoq9xLXw\"]},{\"@type\":\"Person\",\"@id\":\"https:\\\/\\\/informelitoral.com.ar\\\/#\\\/schema\\\/person\\\/b9d00407c836482871ef1d57bf8e3180\",\"name\":\"Gonzalo Schmidt\",\"image\":{\"@type\":\"ImageObject\",\"inLanguage\":\"es\",\"@id\":\"https:\\\/\\\/secure.gravatar.com\\\/avatar\\\/31a1a7b66ff2de83bd0e9fd79d026630d2d99e55e8bfe501287647b4fd9743de?s=96&d=mm&r=g\",\"url\":\"https:\\\/\\\/secure.gravatar.com\\\/avatar\\\/31a1a7b66ff2de83bd0e9fd79d026630d2d99e55e8bfe501287647b4fd9743de?s=96&d=mm&r=g\",\"contentUrl\":\"https:\\\/\\\/secure.gravatar.com\\\/avatar\\\/31a1a7b66ff2de83bd0e9fd79d026630d2d99e55e8bfe501287647b4fd9743de?s=96&d=mm&r=g\",\"caption\":\"Gonzalo Schmidt\"},\"description\":\"Sitio web de noticias de la provincia de Entre R\u00edos, Argentina. Informaci\u00f3n y entretenimiento. Informe Litoral, nos informamos.\",\"sameAs\":[\"http:\\\/\\\/www.isletasnoticias.com.ar\"],\"url\":\"https:\\\/\\\/informelitoral.com.ar\\\/author\\\/gonzalo\\\/\"}]}<\/script>","yoast_head_json":{"title":"Hein coordina acciones en salud mental con la cartera sanitaria y Desarrollo Humano - Informe Litoral","robots":{"index":"index","follow":"follow","max-snippet":"max-snippet:-1","max-image-preview":"max-image-preview:large","max-video-preview":"max-video-preview:-1"},"canonical":"https:\/\/informelitoral.com.ar\/hein-coordina-acciones-en-salud-mental-con-la-cartera-sanitaria-y-desarrollo-humano\/","og_locale":"es_ES","og_type":"article","og_title":"Hein coordina acciones en salud mental con la cartera sanitaria y Desarrollo Humano - Informe Litoral","og_description":"El presidente de la C\u00e1mara de Diputados recibi\u00f3 a los ministros Blanzaco y Berisso, con el objetivo de coordinar acciones para el abordaje de las problem\u00e1ticas de suicidio y de consumo.","og_url":"https:\/\/informelitoral.com.ar\/hein-coordina-acciones-en-salud-mental-con-la-cartera-sanitaria-y-desarrollo-humano\/","og_site_name":"Informe Litoral","article_publisher":"https:\/\/www.facebook.com\/informelitoral\/","article_published_time":"2025-04-04T10:01:10+00:00","og_image":[{"width":2048,"height":1365,"url":"https:\/\/informelitoral.com.ar\/%77%70%2d%63%6f%6e%74%65%6e%74\/uploads\/2025\/04\/a11b832ebdc004f6adfe3739c9dde78c.jpg","type":"image\/jpeg"}],"author":"Gonzalo Schmidt","twitter_card":"summary_large_image","twitter_creator":"@InformeLitoral","twitter_site":"@InformeLitoral","twitter_misc":{"Escrito por":"Gonzalo Schmidt","Tiempo de lectura":"2 minutos"},"schema":{"@context":"https:\/\/schema.org","@graph":[{"@type":"Article","@id":"https:\/\/informelitoral.com.ar\/hein-coordina-acciones-en-salud-mental-con-la-cartera-sanitaria-y-desarrollo-humano\/#article","isPartOf":{"@id":"https:\/\/informelitoral.com.ar\/hein-coordina-acciones-en-salud-mental-con-la-cartera-sanitaria-y-desarrollo-humano\/"},"author":{"name":"Gonzalo Schmidt","@id":"https:\/\/informelitoral.com.ar\/#\/schema\/person\/b9d00407c836482871ef1d57bf8e3180"},"headline":"Hein coordina acciones en salud mental con la cartera sanitaria y Desarrollo Humano","datePublished":"2025-04-04T10:01:10+00:00","mainEntityOfPage":{"@id":"https:\/\/informelitoral.com.ar\/hein-coordina-acciones-en-salud-mental-con-la-cartera-sanitaria-y-desarrollo-humano\/"},"wordCount":481,"commentCount":0,"publisher":{"@id":"https:\/\/informelitoral.com.ar\/#organization"},"image":{"@id":"https:\/\/informelitoral.com.ar\/hein-coordina-acciones-en-salud-mental-con-la-cartera-sanitaria-y-desarrollo-humano\/#primaryimage"},"thumbnailUrl":"https:\/\/informelitoral.com.ar\/%77%70%2d%63%6f%6e%74%65%6e%74\/uploads\/2025\/04\/a11b832ebdc004f6adfe3739c9dde78c.jpg","keywords":["C\u00e1mara de Diputados","Diputados","Legislativas"],"articleSection":["Politica"],"inLanguage":"es","potentialAction":[{"@type":"CommentAction","name":"Comment","target":["https:\/\/informelitoral.com.ar\/hein-coordina-acciones-en-salud-mental-con-la-cartera-sanitaria-y-desarrollo-humano\/#respond"]}]},{"@type":"WebPage","@id":"https:\/\/informelitoral.com.ar\/hein-coordina-acciones-en-salud-mental-con-la-cartera-sanitaria-y-desarrollo-humano\/","url":"https:\/\/informelitoral.com.ar\/hein-coordina-acciones-en-salud-mental-con-la-cartera-sanitaria-y-desarrollo-humano\/","name":"Hein coordina acciones en salud mental con la cartera sanitaria y Desarrollo Humano - Informe Litoral","isPartOf":{"@id":"https:\/\/informelitoral.com.ar\/#website"},"primaryImageOfPage":{"@id":"https:\/\/informelitoral.com.ar\/hein-coordina-acciones-en-salud-mental-con-la-cartera-sanitaria-y-desarrollo-humano\/#primaryimage"},"image":{"@id":"https:\/\/informelitoral.com.ar\/hein-coordina-acciones-en-salud-mental-con-la-cartera-sanitaria-y-desarrollo-humano\/#primaryimage"},"thumbnailUrl":"https:\/\/informelitoral.com.ar\/%77%70%2d%63%6f%6e%74%65%6e%74\/uploads\/2025\/04\/a11b832ebdc004f6adfe3739c9dde78c.jpg","datePublished":"2025-04-04T10:01:10+00:00","breadcrumb":{"@id":"https:\/\/informelitoral.com.ar\/hein-coordina-acciones-en-salud-mental-con-la-cartera-sanitaria-y-desarrollo-humano\/#breadcrumb"},"inLanguage":"es","potentialAction":[{"@type":"ReadAction","target":["https:\/\/informelitoral.com.ar\/hein-coordina-acciones-en-salud-mental-con-la-cartera-sanitaria-y-desarrollo-humano\/"]}]},{"@type":"ImageObject","inLanguage":"es","@id":"https:\/\/informelitoral.com.ar\/hein-coordina-acciones-en-salud-mental-con-la-cartera-sanitaria-y-desarrollo-humano\/#primaryimage","url":"https:\/\/informelitoral.com.ar\/%77%70%2d%63%6f%6e%74%65%6e%74\/uploads\/2025\/04\/a11b832ebdc004f6adfe3739c9dde78c.jpg","contentUrl":"https:\/\/informelitoral.com.ar\/%77%70%2d%63%6f%6e%74%65%6e%74\/uploads\/2025\/04\/a11b832ebdc004f6adfe3739c9dde78c.jpg","width":2048,"height":1365},{"@type":"BreadcrumbList","@id":"https:\/\/informelitoral.com.ar\/hein-coordina-acciones-en-salud-mental-con-la-cartera-sanitaria-y-desarrollo-humano\/#breadcrumb","itemListElement":[{"@type":"ListItem","position":1,"name":"Portada","item":"https:\/\/informelitoral.com.ar\/"},{"@type":"ListItem","position":2,"name":"Hein coordina acciones en salud mental con la cartera sanitaria y Desarrollo Humano"}]},{"@type":"WebSite","@id":"https:\/\/informelitoral.com.ar\/#website","url":"https:\/\/informelitoral.com.ar\/","name":"Informe Litoral","description":"&quot;Nos informamos&quot; ","publisher":{"@id":"https:\/\/informelitoral.com.ar\/#organization"},"potentialAction":[{"@type":"SearchAction","target":{"@type":"EntryPoint","urlTemplate":"https:\/\/informelitoral.com.ar\/?s={search_term_string}"},"query-input":{"@type":"PropertyValueSpecification","valueRequired":true,"valueName":"search_term_string"}}],"inLanguage":"es"},{"@type":"Organization","@id":"https:\/\/informelitoral.com.ar\/#organization","name":"Informe Litoral","url":"https:\/\/informelitoral.com.ar\/","logo":{"@type":"ImageObject","inLanguage":"es","@id":"https:\/\/informelitoral.com.ar\/#\/schema\/logo\/image\/","url":"https:\/\/informelitoral.com.ar\/%77%70%2d%63%6f%6e%74%65%6e%74\/uploads\/2021\/01\/circulo.png","contentUrl":"https:\/\/informelitoral.com.ar\/%77%70%2d%63%6f%6e%74%65%6e%74\/uploads\/2021\/01\/circulo.png","width":723,"height":731,"caption":"Informe Litoral"},"image":{"@id":"https:\/\/informelitoral.com.ar\/#\/schema\/logo\/image\/"},"sameAs":["https:\/\/www.facebook.com\/informelitoral\/","https:\/\/x.com\/InformeLitoral","https:\/\/www.instagram.com\/informelitoral\/","https:\/\/www.youtube.com\/channel\/UCua4Qvz8Icb6MYqhoq9xLXw"]},{"@type":"Person","@id":"https:\/\/informelitoral.com.ar\/#\/schema\/person\/b9d00407c836482871ef1d57bf8e3180","name":"Gonzalo Schmidt","image":{"@type":"ImageObject","inLanguage":"es","@id":"https:\/\/secure.gravatar.com\/avatar\/31a1a7b66ff2de83bd0e9fd79d026630d2d99e55e8bfe501287647b4fd9743de?s=96&d=mm&r=g","url":"https:\/\/secure.gravatar.com\/avatar\/31a1a7b66ff2de83bd0e9fd79d026630d2d99e55e8bfe501287647b4fd9743de?s=96&d=mm&r=g","contentUrl":"https:\/\/secure.gravatar.com\/avatar\/31a1a7b66ff2de83bd0e9fd79d026630d2d99e55e8bfe501287647b4fd9743de?s=96&d=mm&r=g","caption":"Gonzalo Schmidt"},"description":"Sitio web de noticias de la provincia de Entre R\u00edos, Argentina. Informaci\u00f3n y entretenimiento. Informe Litoral, nos informamos.","sameAs":["http:\/\/www.isletasnoticias.com.ar"],"url":"https:\/\/informelitoral.com.ar\/author\/gonzalo\/"}]}},"_links":{"self":[{"href":"https:\/\/informelitoral.com.ar\/%77%70%2d%6a%73%6f%6e\/wp\/v2\/posts\/217227","targetHints":{"allow":["GET"]}}],"collection":[{"href":"https:\/\/informelitoral.com.ar\/%77%70%2d%6a%73%6f%6e\/wp\/v2\/posts"}],"about":[{"href":"https:\/\/informelitoral.com.ar\/%77%70%2d%6a%73%6f%6e\/wp\/v2\/types\/post"}],"author":[{"embeddable":true,"href":"https:\/\/informelitoral.com.ar\/%77%70%2d%6a%73%6f%6e\/wp\/v2\/users\/2"}],"replies":[{"embeddable":true,"href":"https:\/\/informelitoral.com.ar\/%77%70%2d%6a%73%6f%6e\/wp\/v2\/comments?post=217227"}],"version-history":[{"count":0,"href":"https:\/\/informelitoral.com.ar\/%77%70%2d%6a%73%6f%6e\/wp\/v2\/posts\/217227\/revisions"}],"wp:featuredmedia":[{"embeddable":true,"href":"https:\/\/informelitoral.com.ar\/%77%70%2d%6a%73%6f%6e\/wp\/v2\/media\/217228"}],"wp:attachment":[{"href":"https:\/\/informelitoral.com.ar\/%77%70%2d%6a%73%6f%6e\/wp\/v2\/media?parent=217227"}],"wp:term":[{"taxonomy":"category","embeddable":true,"href":"https:\/\/informelitoral.com.ar\/%77%70%2d%6a%73%6f%6e\/wp\/v2\/categories?post=217227"},{"taxonomy":"post_tag","embeddable":true,"href":"https:\/\/informelitoral.com.ar\/%77%70%2d%6a%73%6f%6e\/wp\/v2\/tags?post=217227"}],"curies":[{"name":"wp","href":"https:\/\/api.w.org\/{rel}","templated":true}]}}