{"id":217225,"date":"2025-04-04T06:49:16","date_gmt":"2025-04-04T09:49:16","guid":{"rendered":"https:\/\/informelitoral.com.ar\/?p=217225"},"modified":"2025-04-04T06:49:16","modified_gmt":"2025-04-04T09:49:16","slug":"la-luna-rosa-se-podra-contemplar-un-fin-de-semana-de-abril","status":"publish","type":"post","link":"https:\/\/informelitoral.com.ar\/la-luna-rosa-se-podra-contemplar-un-fin-de-semana-de-abril\/","title":{"rendered":"La Luna Rosa se podr\u00e1 contemplar un fin de semana de abril"},"content":{"rendered":"<p>Abril nos sorprender\u00e1 con un nuevo fen\u00f3meno astron\u00f3mico. Resulta que este evento astron\u00f3mico ocurre en ciertas \u00e9pocas del a\u00f1o y su nombre tiene un por qu\u00e9.<\/p>\n<p>La Luna llena Rosa, aunque tenga este nombre, no obtiene ese color durante este evento y, en esta ocasi\u00f3n, ser\u00e1 reemplazado por un rojizo leve o anaranjado.<\/p>\n<p>El evento coincidir\u00e1 con la ocultaci\u00f3n de la estrella Spica, una de las m\u00e1s brillantes del firmamento y principal astro de la constelaci\u00f3n de Virgo, y se podr\u00e1 ver desde varios puntos del mundo.<\/p>\n<p>Esta luna podr\u00e1 verse el domingo 13 de abril y su m\u00e1ximo punto de iluminaci\u00f3n en Argentina ser\u00e1 a las 21:22 horas. En este punto, estar\u00e1 iluminada completamente debido a que es el momento en el que la luna se encuentra en direcci\u00f3n opuesta al sol, desde la perspectiva de la Tierra.<\/p>\n<h2 class=\"wp-block-heading\"><strong>\u00bfPor qu\u00e9 se llama Luna Rosa?<\/strong><\/h2>\n<p>Este sat\u00e9lite natural proviene de antiguas tribus del noreste de Estados Unidos que la llamaban as\u00ed porque coincide con la \u00e9poca de floraci\u00f3n del flox rastrero, una planta de tono rosado.<\/p>\n<p>A su vez, todas las culturas remiten significaciones distintas a este fen\u00f3meno. En algunas, la luna rosa simboliza la fertilidad, el crecimiento y, seg\u00fan expertos, otras culturas la nombran luna de la liebre, de la siembra de ma\u00edz y de la leche.<\/p>\n<p>Seg\u00fan informa\u00a0<a href=\"https:\/\/www.nationalgeographicla.com\/\">NatGeo<\/a>, \u00abestos cambios de color se deben a la dispersi\u00f3n de la luz en la atm\u00f3sfera terrestre, que afecta c\u00f3mo percibimos la luz reflejada por la Luna\u00bb.<\/p>\n<p>En la actualidad, este estado de la Luna tiene una connotaci\u00f3n espiritual de cosecha y floraci\u00f3n. Inspira el cultivo de valores, relaciones y dem\u00e1s semillas que, al germinar, dar\u00e1n grandes resultados.<\/p>\n<h3 class=\"wp-block-heading\"><strong>Recomendaciones para verla mejor<\/strong><\/h3>\n<ul class=\"wp-block-list\">\n<li>Busca un lugar oscuro: al igual que con cualquier Luna llena, es ideal estar en un lugar apartado de las luces de la ciudad. Esto permitir\u00e1 que puedas disfrutar mejor del resplandor de la Luna.<\/li>\n<li>Elige un lugar con buena visibilidad: busca una ubicaci\u00f3n con una vista despejada del horizonte, sin obst\u00e1culos como \u00e1rboles o edificios que bloqueen tu vista.<\/li>\n<li>Prepara tus ojos: usar binoculares o un telescopio puede enriquecer la experiencia permiti\u00e9ndote ver m\u00e1s detalles de la superficie lunar, como cr\u00e1teres y mares.<\/li>\n<li>Fotograf\u00eda la Luna: si te interesa capturar el momento, usa una c\u00e1mara con un lente telefoto o un tel\u00e9fono m\u00f3vil con buena c\u00e1mara. Ajusta la configuraci\u00f3n de la c\u00e1mara para evitar que la Luna se vea demasiado brillante, lo que puede hacer que se pierdan detalles.<\/li>\n<li>Observa con telescopio: si tienes acceso a un telescopio, es un buen momento para observar m\u00e1s de cerca los cr\u00e1teres y mares lunares.<\/li>\n<\/ul>\n<h3 class=\"wp-block-heading\"><strong>Otros eventos astron\u00f3micos de abril<\/strong><\/h3>\n<p>5 de abril:\u00a0La Luna se acercar\u00e1 visualmente a Marte en la constelaci\u00f3n de G\u00e9minis.<\/p>\n<p>17 de abril:\u00a0Se alinear\u00e1n cuatro planetas: Neptuno, Mercurio, Saturno y Venus. Los tres \u00faltimos ser\u00e1n visibles a simple vista en la madrugada.<\/p>\n<p>21 y 22 de abril:\u00a0Se producir\u00e1 la lluvia de meteoros L\u00edridas, con fragmentos del cometa C\/1861 G1 Thatcher.<\/p>\n<h6><em><strong>Del archivo:\u00a0<a href=\"https:\/\/informelitoral.com.ar\/trump-le-aplico-un-arancel-del-10-a-los-productos-argentinos\/\" target=\"_blank\" rel=\"noopener\">Trump le aplic\u00f3 un arancel del 10% a los productos argentinos<\/a><\/strong><\/em><\/h6>\n<h6><em><strong><a href=\"https:\/\/informelitoral.com.ar\/remar-contracorriente-explican-porque-es-necesario-defender-el-rio-parana\/\" target=\"_blank\" rel=\"noopener\">Remar contracorriente: Explican porqu\u00e9 es necesario defender el R\u00edo Paran\u00e1<\/a><\/strong><\/em><\/h6>\n","protected":false},"excerpt":{"rendered":"<p>El nombre de Luna Rosa se debe a una tradici\u00f3n cultural de los pueblos de Estados Unidos. Su aparici\u00f3n coincidir\u00e1 con la ocultaci\u00f3n de la estrella Spica.<\/p>\n","protected":false},"author":2,"featured_media":41705,"comment_status":"open","ping_status":"open","sticky":false,"template":"","format":"standard","meta":{"fifu_image_url":"","fifu_image_alt":"","footnotes":""},"categories":[9],"tags":[759,286,2273],"class_list":{"0":"post-217225","1":"post","2":"type-post","3":"status-publish","4":"format-standard","5":"has-post-thumbnail","7":"category-sociedad","8":"tag-luna","9":"tag-luna-llena","10":"tag-superluna-rosa"},"yoast_head":"<title>La Luna Rosa se podr\u00e1 contemplar un fin de semana de abril - Informe Litoral<\/title>\n<meta name=\"robots\" content=\"index, follow, max-snippet:-1, max-image-preview:large, max-video-preview:-1\" \/>\n<link rel=\"canonical\" href=\"https:\/\/informelitoral.com.ar\/la-luna-rosa-se-podra-contemplar-un-fin-de-semana-de-abril\/\" \/>\n<meta property=\"og:locale\" content=\"es_ES\" \/>\n<meta property=\"og:type\" content=\"article\" \/>\n<meta property=\"og:title\" content=\"La Luna Rosa se podr\u00e1 contemplar un fin de semana de abril - Informe Litoral\" \/>\n<meta property=\"og:description\" content=\"El nombre de Luna Rosa se debe a una tradici\u00f3n cultural de los pueblos de Estados Unidos. Su aparici\u00f3n coincidir\u00e1 con la ocultaci\u00f3n de la estrella Spica.\" \/>\n<meta property=\"og:url\" content=\"https:\/\/informelitoral.com.ar\/la-luna-rosa-se-podra-contemplar-un-fin-de-semana-de-abril\/\" \/>\n<meta property=\"og:site_name\" content=\"Informe Litoral\" \/>\n<meta property=\"article:publisher\" content=\"https:\/\/www.facebook.com\/informelitoral\/\" \/>\n<meta property=\"article:published_time\" content=\"2025-04-04T09:49:16+00:00\" \/>\n<meta property=\"og:image\" content=\"https:\/\/informelitoral.com.ar\/%77%70%2d%63%6f%6e%74%65%6e%74\/uploads\/2020\/04\/superlunarosa-2391a79c714a475664d8c2151e5500e6-1200x600.jpg\" \/>\n\t<meta property=\"og:image:width\" content=\"1200\" \/>\n\t<meta property=\"og:image:height\" content=\"600\" \/>\n\t<meta property=\"og:image:type\" content=\"image\/jpeg\" \/>\n<meta name=\"author\" content=\"Gonzalo Schmidt\" \/>\n<meta name=\"twitter:card\" content=\"summary_large_image\" \/>\n<meta name=\"twitter:creator\" content=\"@InformeLitoral\" \/>\n<meta name=\"twitter:site\" content=\"@InformeLitoral\" \/>\n<meta name=\"twitter:label1\" content=\"Escrito por\" \/>\n\t<meta name=\"twitter:data1\" content=\"Gonzalo Schmidt\" \/>\n\t<meta name=\"twitter:label2\" content=\"Tiempo de lectura\" \/>\n\t<meta name=\"twitter:data2\" content=\"3 minutos\" \/>\n<script type=\"application\/ld+json\" class=\"yoast-schema-graph\">{\"@context\":\"https:\\\/\\\/schema.org\",\"@graph\":[{\"@type\":\"Article\",\"@id\":\"https:\\\/\\\/informelitoral.com.ar\\\/la-luna-rosa-se-podra-contemplar-un-fin-de-semana-de-abril\\\/#article\",\"isPartOf\":{\"@id\":\"https:\\\/\\\/informelitoral.com.ar\\\/la-luna-rosa-se-podra-contemplar-un-fin-de-semana-de-abril\\\/\"},\"author\":{\"name\":\"Gonzalo Schmidt\",\"@id\":\"https:\\\/\\\/informelitoral.com.ar\\\/#\\\/schema\\\/person\\\/b9d00407c836482871ef1d57bf8e3180\"},\"headline\":\"La Luna Rosa se podr\u00e1 contemplar un fin de semana de abril\",\"datePublished\":\"2025-04-04T09:49:16+00:00\",\"mainEntityOfPage\":{\"@id\":\"https:\\\/\\\/informelitoral.com.ar\\\/la-luna-rosa-se-podra-contemplar-un-fin-de-semana-de-abril\\\/\"},\"wordCount\":570,\"commentCount\":0,\"publisher\":{\"@id\":\"https:\\\/\\\/informelitoral.com.ar\\\/#organization\"},\"image\":{\"@id\":\"https:\\\/\\\/informelitoral.com.ar\\\/la-luna-rosa-se-podra-contemplar-un-fin-de-semana-de-abril\\\/#primaryimage\"},\"thumbnailUrl\":\"https:\\\/\\\/informelitoral.com.ar\\\/%77%70%2d%63%6f%6e%74%65%6e%74\\\/uploads\\\/2020\\\/04\\\/superlunarosa-2391a79c714a475664d8c2151e5500e6-1200x600.jpg\",\"keywords\":[\"Luna\",\"Luna llena\",\"Superluna rosa\"],\"articleSection\":[\"Sociedad\"],\"inLanguage\":\"es\",\"potentialAction\":[{\"@type\":\"CommentAction\",\"name\":\"Comment\",\"target\":[\"https:\\\/\\\/informelitoral.com.ar\\\/la-luna-rosa-se-podra-contemplar-un-fin-de-semana-de-abril\\\/#respond\"]}]},{\"@type\":\"WebPage\",\"@id\":\"https:\\\/\\\/informelitoral.com.ar\\\/la-luna-rosa-se-podra-contemplar-un-fin-de-semana-de-abril\\\/\",\"url\":\"https:\\\/\\\/informelitoral.com.ar\\\/la-luna-rosa-se-podra-contemplar-un-fin-de-semana-de-abril\\\/\",\"name\":\"La Luna Rosa se podr\u00e1 contemplar un fin de semana de abril - Informe Litoral\",\"isPartOf\":{\"@id\":\"https:\\\/\\\/informelitoral.com.ar\\\/#website\"},\"primaryImageOfPage\":{\"@id\":\"https:\\\/\\\/informelitoral.com.ar\\\/la-luna-rosa-se-podra-contemplar-un-fin-de-semana-de-abril\\\/#primaryimage\"},\"image\":{\"@id\":\"https:\\\/\\\/informelitoral.com.ar\\\/la-luna-rosa-se-podra-contemplar-un-fin-de-semana-de-abril\\\/#primaryimage\"},\"thumbnailUrl\":\"https:\\\/\\\/informelitoral.com.ar\\\/%77%70%2d%63%6f%6e%74%65%6e%74\\\/uploads\\\/2020\\\/04\\\/superlunarosa-2391a79c714a475664d8c2151e5500e6-1200x600.jpg\",\"datePublished\":\"2025-04-04T09:49:16+00:00\",\"breadcrumb\":{\"@id\":\"https:\\\/\\\/informelitoral.com.ar\\\/la-luna-rosa-se-podra-contemplar-un-fin-de-semana-de-abril\\\/#breadcrumb\"},\"inLanguage\":\"es\",\"potentialAction\":[{\"@type\":\"ReadAction\",\"target\":[\"https:\\\/\\\/informelitoral.com.ar\\\/la-luna-rosa-se-podra-contemplar-un-fin-de-semana-de-abril\\\/\"]}]},{\"@type\":\"ImageObject\",\"inLanguage\":\"es\",\"@id\":\"https:\\\/\\\/informelitoral.com.ar\\\/la-luna-rosa-se-podra-contemplar-un-fin-de-semana-de-abril\\\/#primaryimage\",\"url\":\"https:\\\/\\\/informelitoral.com.ar\\\/%77%70%2d%63%6f%6e%74%65%6e%74\\\/uploads\\\/2020\\\/04\\\/superlunarosa-2391a79c714a475664d8c2151e5500e6-1200x600.jpg\",\"contentUrl\":\"https:\\\/\\\/informelitoral.com.ar\\\/%77%70%2d%63%6f%6e%74%65%6e%74\\\/uploads\\\/2020\\\/04\\\/superlunarosa-2391a79c714a475664d8c2151e5500e6-1200x600.jpg\",\"width\":1200,\"height\":600},{\"@type\":\"BreadcrumbList\",\"@id\":\"https:\\\/\\\/informelitoral.com.ar\\\/la-luna-rosa-se-podra-contemplar-un-fin-de-semana-de-abril\\\/#breadcrumb\",\"itemListElement\":[{\"@type\":\"ListItem\",\"position\":1,\"name\":\"Portada\",\"item\":\"https:\\\/\\\/informelitoral.com.ar\\\/\"},{\"@type\":\"ListItem\",\"position\":2,\"name\":\"La Luna Rosa se podr\u00e1 contemplar un fin de semana de abril\"}]},{\"@type\":\"WebSite\",\"@id\":\"https:\\\/\\\/informelitoral.com.ar\\\/#website\",\"url\":\"https:\\\/\\\/informelitoral.com.ar\\\/\",\"name\":\"Informe Litoral\",\"description\":\"&quot;Nos informamos&quot; \",\"publisher\":{\"@id\":\"https:\\\/\\\/informelitoral.com.ar\\\/#organization\"},\"potentialAction\":[{\"@type\":\"SearchAction\",\"target\":{\"@type\":\"EntryPoint\",\"urlTemplate\":\"https:\\\/\\\/informelitoral.com.ar\\\/?s={search_term_string}\"},\"query-input\":{\"@type\":\"PropertyValueSpecification\",\"valueRequired\":true,\"valueName\":\"search_term_string\"}}],\"inLanguage\":\"es\"},{\"@type\":\"Organization\",\"@id\":\"https:\\\/\\\/informelitoral.com.ar\\\/#organization\",\"name\":\"Informe Litoral\",\"url\":\"https:\\\/\\\/informelitoral.com.ar\\\/\",\"logo\":{\"@type\":\"ImageObject\",\"inLanguage\":\"es\",\"@id\":\"https:\\\/\\\/informelitoral.com.ar\\\/#\\\/schema\\\/logo\\\/image\\\/\",\"url\":\"https:\\\/\\\/informelitoral.com.ar\\\/%77%70%2d%63%6f%6e%74%65%6e%74\\\/uploads\\\/2021\\\/01\\\/circulo.png\",\"contentUrl\":\"https:\\\/\\\/informelitoral.com.ar\\\/%77%70%2d%63%6f%6e%74%65%6e%74\\\/uploads\\\/2021\\\/01\\\/circulo.png\",\"width\":723,\"height\":731,\"caption\":\"Informe Litoral\"},\"image\":{\"@id\":\"https:\\\/\\\/informelitoral.com.ar\\\/#\\\/schema\\\/logo\\\/image\\\/\"},\"sameAs\":[\"https:\\\/\\\/www.facebook.com\\\/informelitoral\\\/\",\"https:\\\/\\\/x.com\\\/InformeLitoral\",\"https:\\\/\\\/www.instagram.com\\\/informelitoral\\\/\",\"https:\\\/\\\/www.youtube.com\\\/channel\\\/UCua4Qvz8Icb6MYqhoq9xLXw\"]},{\"@type\":\"Person\",\"@id\":\"https:\\\/\\\/informelitoral.com.ar\\\/#\\\/schema\\\/person\\\/b9d00407c836482871ef1d57bf8e3180\",\"name\":\"Gonzalo Schmidt\",\"image\":{\"@type\":\"ImageObject\",\"inLanguage\":\"es\",\"@id\":\"https:\\\/\\\/secure.gravatar.com\\\/avatar\\\/31a1a7b66ff2de83bd0e9fd79d026630d2d99e55e8bfe501287647b4fd9743de?s=96&d=mm&r=g\",\"url\":\"https:\\\/\\\/secure.gravatar.com\\\/avatar\\\/31a1a7b66ff2de83bd0e9fd79d026630d2d99e55e8bfe501287647b4fd9743de?s=96&d=mm&r=g\",\"contentUrl\":\"https:\\\/\\\/secure.gravatar.com\\\/avatar\\\/31a1a7b66ff2de83bd0e9fd79d026630d2d99e55e8bfe501287647b4fd9743de?s=96&d=mm&r=g\",\"caption\":\"Gonzalo Schmidt\"},\"description\":\"Sitio web de noticias de la provincia de Entre R\u00edos, Argentina. Informaci\u00f3n y entretenimiento. Informe Litoral, nos informamos.\",\"sameAs\":[\"http:\\\/\\\/www.isletasnoticias.com.ar\"],\"url\":\"https:\\\/\\\/informelitoral.com.ar\\\/author\\\/gonzalo\\\/\"}]}<\/script>","yoast_head_json":{"title":"La Luna Rosa se podr\u00e1 contemplar un fin de semana de abril - Informe Litoral","robots":{"index":"index","follow":"follow","max-snippet":"max-snippet:-1","max-image-preview":"max-image-preview:large","max-video-preview":"max-video-preview:-1"},"canonical":"https:\/\/informelitoral.com.ar\/la-luna-rosa-se-podra-contemplar-un-fin-de-semana-de-abril\/","og_locale":"es_ES","og_type":"article","og_title":"La Luna Rosa se podr\u00e1 contemplar un fin de semana de abril - Informe Litoral","og_description":"El nombre de Luna Rosa se debe a una tradici\u00f3n cultural de los pueblos de Estados Unidos. Su aparici\u00f3n coincidir\u00e1 con la ocultaci\u00f3n de la estrella Spica.","og_url":"https:\/\/informelitoral.com.ar\/la-luna-rosa-se-podra-contemplar-un-fin-de-semana-de-abril\/","og_site_name":"Informe Litoral","article_publisher":"https:\/\/www.facebook.com\/informelitoral\/","article_published_time":"2025-04-04T09:49:16+00:00","og_image":[{"width":1200,"height":600,"url":"https:\/\/informelitoral.com.ar\/%77%70%2d%63%6f%6e%74%65%6e%74\/uploads\/2020\/04\/superlunarosa-2391a79c714a475664d8c2151e5500e6-1200x600.jpg","type":"image\/jpeg"}],"author":"Gonzalo Schmidt","twitter_card":"summary_large_image","twitter_creator":"@InformeLitoral","twitter_site":"@InformeLitoral","twitter_misc":{"Escrito por":"Gonzalo Schmidt","Tiempo de lectura":"3 minutos"},"schema":{"@context":"https:\/\/schema.org","@graph":[{"@type":"Article","@id":"https:\/\/informelitoral.com.ar\/la-luna-rosa-se-podra-contemplar-un-fin-de-semana-de-abril\/#article","isPartOf":{"@id":"https:\/\/informelitoral.com.ar\/la-luna-rosa-se-podra-contemplar-un-fin-de-semana-de-abril\/"},"author":{"name":"Gonzalo Schmidt","@id":"https:\/\/informelitoral.com.ar\/#\/schema\/person\/b9d00407c836482871ef1d57bf8e3180"},"headline":"La Luna Rosa se podr\u00e1 contemplar un fin de semana de abril","datePublished":"2025-04-04T09:49:16+00:00","mainEntityOfPage":{"@id":"https:\/\/informelitoral.com.ar\/la-luna-rosa-se-podra-contemplar-un-fin-de-semana-de-abril\/"},"wordCount":570,"commentCount":0,"publisher":{"@id":"https:\/\/informelitoral.com.ar\/#organization"},"image":{"@id":"https:\/\/informelitoral.com.ar\/la-luna-rosa-se-podra-contemplar-un-fin-de-semana-de-abril\/#primaryimage"},"thumbnailUrl":"https:\/\/informelitoral.com.ar\/%77%70%2d%63%6f%6e%74%65%6e%74\/uploads\/2020\/04\/superlunarosa-2391a79c714a475664d8c2151e5500e6-1200x600.jpg","keywords":["Luna","Luna llena","Superluna rosa"],"articleSection":["Sociedad"],"inLanguage":"es","potentialAction":[{"@type":"CommentAction","name":"Comment","target":["https:\/\/informelitoral.com.ar\/la-luna-rosa-se-podra-contemplar-un-fin-de-semana-de-abril\/#respond"]}]},{"@type":"WebPage","@id":"https:\/\/informelitoral.com.ar\/la-luna-rosa-se-podra-contemplar-un-fin-de-semana-de-abril\/","url":"https:\/\/informelitoral.com.ar\/la-luna-rosa-se-podra-contemplar-un-fin-de-semana-de-abril\/","name":"La Luna Rosa se podr\u00e1 contemplar un fin de semana de abril - Informe Litoral","isPartOf":{"@id":"https:\/\/informelitoral.com.ar\/#website"},"primaryImageOfPage":{"@id":"https:\/\/informelitoral.com.ar\/la-luna-rosa-se-podra-contemplar-un-fin-de-semana-de-abril\/#primaryimage"},"image":{"@id":"https:\/\/informelitoral.com.ar\/la-luna-rosa-se-podra-contemplar-un-fin-de-semana-de-abril\/#primaryimage"},"thumbnailUrl":"https:\/\/informelitoral.com.ar\/%77%70%2d%63%6f%6e%74%65%6e%74\/uploads\/2020\/04\/superlunarosa-2391a79c714a475664d8c2151e5500e6-1200x600.jpg","datePublished":"2025-04-04T09:49:16+00:00","breadcrumb":{"@id":"https:\/\/informelitoral.com.ar\/la-luna-rosa-se-podra-contemplar-un-fin-de-semana-de-abril\/#breadcrumb"},"inLanguage":"es","potentialAction":[{"@type":"ReadAction","target":["https:\/\/informelitoral.com.ar\/la-luna-rosa-se-podra-contemplar-un-fin-de-semana-de-abril\/"]}]},{"@type":"ImageObject","inLanguage":"es","@id":"https:\/\/informelitoral.com.ar\/la-luna-rosa-se-podra-contemplar-un-fin-de-semana-de-abril\/#primaryimage","url":"https:\/\/informelitoral.com.ar\/%77%70%2d%63%6f%6e%74%65%6e%74\/uploads\/2020\/04\/superlunarosa-2391a79c714a475664d8c2151e5500e6-1200x600.jpg","contentUrl":"https:\/\/informelitoral.com.ar\/%77%70%2d%63%6f%6e%74%65%6e%74\/uploads\/2020\/04\/superlunarosa-2391a79c714a475664d8c2151e5500e6-1200x600.jpg","width":1200,"height":600},{"@type":"BreadcrumbList","@id":"https:\/\/informelitoral.com.ar\/la-luna-rosa-se-podra-contemplar-un-fin-de-semana-de-abril\/#breadcrumb","itemListElement":[{"@type":"ListItem","position":1,"name":"Portada","item":"https:\/\/informelitoral.com.ar\/"},{"@type":"ListItem","position":2,"name":"La Luna Rosa se podr\u00e1 contemplar un fin de semana de abril"}]},{"@type":"WebSite","@id":"https:\/\/informelitoral.com.ar\/#website","url":"https:\/\/informelitoral.com.ar\/","name":"Informe Litoral","description":"&quot;Nos informamos&quot; ","publisher":{"@id":"https:\/\/informelitoral.com.ar\/#organization"},"potentialAction":[{"@type":"SearchAction","target":{"@type":"EntryPoint","urlTemplate":"https:\/\/informelitoral.com.ar\/?s={search_term_string}"},"query-input":{"@type":"PropertyValueSpecification","valueRequired":true,"valueName":"search_term_string"}}],"inLanguage":"es"},{"@type":"Organization","@id":"https:\/\/informelitoral.com.ar\/#organization","name":"Informe Litoral","url":"https:\/\/informelitoral.com.ar\/","logo":{"@type":"ImageObject","inLanguage":"es","@id":"https:\/\/informelitoral.com.ar\/#\/schema\/logo\/image\/","url":"https:\/\/informelitoral.com.ar\/%77%70%2d%63%6f%6e%74%65%6e%74\/uploads\/2021\/01\/circulo.png","contentUrl":"https:\/\/informelitoral.com.ar\/%77%70%2d%63%6f%6e%74%65%6e%74\/uploads\/2021\/01\/circulo.png","width":723,"height":731,"caption":"Informe Litoral"},"image":{"@id":"https:\/\/informelitoral.com.ar\/#\/schema\/logo\/image\/"},"sameAs":["https:\/\/www.facebook.com\/informelitoral\/","https:\/\/x.com\/InformeLitoral","https:\/\/www.instagram.com\/informelitoral\/","https:\/\/www.youtube.com\/channel\/UCua4Qvz8Icb6MYqhoq9xLXw"]},{"@type":"Person","@id":"https:\/\/informelitoral.com.ar\/#\/schema\/person\/b9d00407c836482871ef1d57bf8e3180","name":"Gonzalo Schmidt","image":{"@type":"ImageObject","inLanguage":"es","@id":"https:\/\/secure.gravatar.com\/avatar\/31a1a7b66ff2de83bd0e9fd79d026630d2d99e55e8bfe501287647b4fd9743de?s=96&d=mm&r=g","url":"https:\/\/secure.gravatar.com\/avatar\/31a1a7b66ff2de83bd0e9fd79d026630d2d99e55e8bfe501287647b4fd9743de?s=96&d=mm&r=g","contentUrl":"https:\/\/secure.gravatar.com\/avatar\/31a1a7b66ff2de83bd0e9fd79d026630d2d99e55e8bfe501287647b4fd9743de?s=96&d=mm&r=g","caption":"Gonzalo Schmidt"},"description":"Sitio web de noticias de la provincia de Entre R\u00edos, Argentina. Informaci\u00f3n y entretenimiento. Informe Litoral, nos informamos.","sameAs":["http:\/\/www.isletasnoticias.com.ar"],"url":"https:\/\/informelitoral.com.ar\/author\/gonzalo\/"}]}},"_links":{"self":[{"href":"https:\/\/informelitoral.com.ar\/%77%70%2d%6a%73%6f%6e\/wp\/v2\/posts\/217225","targetHints":{"allow":["GET"]}}],"collection":[{"href":"https:\/\/informelitoral.com.ar\/%77%70%2d%6a%73%6f%6e\/wp\/v2\/posts"}],"about":[{"href":"https:\/\/informelitoral.com.ar\/%77%70%2d%6a%73%6f%6e\/wp\/v2\/types\/post"}],"author":[{"embeddable":true,"href":"https:\/\/informelitoral.com.ar\/%77%70%2d%6a%73%6f%6e\/wp\/v2\/users\/2"}],"replies":[{"embeddable":true,"href":"https:\/\/informelitoral.com.ar\/%77%70%2d%6a%73%6f%6e\/wp\/v2\/comments?post=217225"}],"version-history":[{"count":0,"href":"https:\/\/informelitoral.com.ar\/%77%70%2d%6a%73%6f%6e\/wp\/v2\/posts\/217225\/revisions"}],"wp:featuredmedia":[{"embeddable":true,"href":"https:\/\/informelitoral.com.ar\/%77%70%2d%6a%73%6f%6e\/wp\/v2\/media\/41705"}],"wp:attachment":[{"href":"https:\/\/informelitoral.com.ar\/%77%70%2d%6a%73%6f%6e\/wp\/v2\/media?parent=217225"}],"wp:term":[{"taxonomy":"category","embeddable":true,"href":"https:\/\/informelitoral.com.ar\/%77%70%2d%6a%73%6f%6e\/wp\/v2\/categories?post=217225"},{"taxonomy":"post_tag","embeddable":true,"href":"https:\/\/informelitoral.com.ar\/%77%70%2d%6a%73%6f%6e\/wp\/v2\/tags?post=217225"}],"curies":[{"name":"wp","href":"https:\/\/api.w.org\/{rel}","templated":true}]}}