{"id":217101,"date":"2025-04-02T14:21:19","date_gmt":"2025-04-02T17:21:19","guid":{"rendered":"https:\/\/informelitoral.com.ar\/?p=217101"},"modified":"2025-04-02T14:22:24","modified_gmt":"2025-04-02T17:22:24","slug":"malvinas-frigerio-sostuvo-que-el-homenaje-tambien-debe-ser-con-hechos-concretos","status":"publish","type":"post","link":"https:\/\/informelitoral.com.ar\/malvinas-frigerio-sostuvo-que-el-homenaje-tambien-debe-ser-con-hechos-concretos\/","title":{"rendered":"Malvinas: Frigerio sostuvo que el homenaje tambi\u00e9n debe ser con hechos concretos"},"content":{"rendered":"<div class=\"col-xl-8 col-lg-12 col-sm-12 col-12\">\n<div class=\"texto-pregunta mb-400 mt-200\">\n<div>\n<p>\u00abTenemos que ser agradecidos con nuestros h\u00e9roes y honrar siempre su ejemplo. Ustedes ofrecieron su vida para defender eso que nos hace Naci\u00f3n: nuestra soberan\u00eda\u00bb, se\u00f1al\u00f3 tras instar a \u00abmirar a los ojos a nuestros h\u00e9roes. Hay que ponernos en sus zapatos. Ustedes no son parte de nuestra historia porque su lucha no qued\u00f3 atr\u00e1s. Malvinas es parte de nuestro ADN. Ser argentinos es asumir cada d\u00eda el compromiso de defender nuestro pa\u00eds como lo hicieron ustedes\u00bb, remarc\u00f3 en el predio donde funcionan la II Brigada Blindada \u00abJusto Jos\u00e9 de Urquiza\u00bb, el Escuadr\u00f3n de Comunicaciones, la Base de Apoyo Log\u00edstico Paran\u00e1, y el Hospital Militar.<\/p>\n<p>Insisti\u00f3 en que \u00abhay que mantener viva la memoria siempre, pero tambi\u00e9n hay que inspirar a las nuevas generaciones con nuestras acciones de todos los d\u00edas\u00bb y detall\u00f3 lo que se est\u00e1 haciendo desde el gobierno provincial en ese sentido. \u00abEstamos trabajando para que el reconocimiento de nuestros h\u00e9roes se traduzca en apoyo y en hechos concretos\u00bb, precis\u00f3.<\/p>\n<p>Frigerio se\u00f1al\u00f3 que el gobierno provincial resolvi\u00f3 una deuda hist\u00f3rica relacionada con la cobertura de salud para 33 veteranos de Malvinas y sus familias. Habl\u00f3 de \u00abuna deuda hist\u00f3rica\u00bb al decir \u00abllevaban m\u00e1s de 30 a\u00f1os esperando acceso a la obra social correspondiente. Gracias a la intervenci\u00f3n del Instituto Obra Social de la Provincia de Entre R\u00edos (Iosper) y la colaboraci\u00f3n del presidente de la C\u00e1mara de Diputados y de diferentes organismos provinciales, este problema se solucion\u00f3 en apenas 48 horas tras una reuni\u00f3n clave con representantes de la Federaci\u00f3n de Veteranos.<\/p>\n<p>En cuanto el acceso a la vivienda y a las pensiones de veteranos y viudas que a\u00fan no cuentas con a ese derecho, el gobernador subray\u00f3: \u00abEstamos haciendo todas las gestiones para darles, en el corto plazo, a nuestros h\u00e9roes lo que les corresponde hace much\u00edsimo tiempo\u00bb. El mandatario concluy\u00f3 reafirmando su compromiso con la causa Malvinas y el reconocimiento tangible hacia quienes combatieron por la soberan\u00eda nacional.<\/p>\n<p>Junto al gobernador Frigerio, estuvieron \u00a0la intendenta Paran\u00e1, Rosario Romero; el presidente de la C\u00e1mara de Diputados, Gustavo Hein; el presidente del Superior Tribunal de Justicia, Leonardo Portela; los ministros de Desarrollo Humano, de Hacienda y de Seguridad y Justicia, Ver\u00f3nica Berisso, Fabi\u00e1n Boleas y N\u00e9stor Roncaglia, respectivamente; la presidenta del Consejo General de Educaci\u00f3n (CGE), Alicia Fregonese; y el secretario de Articulaci\u00f3n Educativa, Luciano Filipuzzi, entre otras autoridades. Tambi\u00e9n asistieron veteranos de Malvinas y referentes de las Fuerzas de Seguridad.<\/p>\n<\/div>\n<\/div>\n<div class=\"row row-cols-xl-3 g-xl-4 row-cols-lg-3 g-lg-4 row-cols-md-3 g-md-4 row-cols-sm-3 g-sm-4 row-cols-1 g-3\"><\/div>\n<\/div>\n","protected":false},"excerpt":{"rendered":"<p>El gobernador Rogelio Frigerio particip\u00f3 este mi\u00e9rcoles del desfile militar en el marco del acto por el D\u00eda del Veterano y de los Ca\u00eddos en la Guerra de las Malvinas. Se refiri\u00f3 a las principales acciones que su administraci\u00f3n est\u00e1 llevando a cabo en materia de salud, pensiones y vivienda para los veteranos de Malvinas y sus familias. Fue en la Plaza de Armas del Ej\u00e9rcito Argentino, en Paran\u00e1.<\/p>\n","protected":false},"author":8,"featured_media":217102,"comment_status":"open","ping_status":"open","sticky":false,"template":"","format":"standard","meta":{"fifu_image_url":"","fifu_image_alt":"","footnotes":""},"categories":[16],"tags":[90,4228,949],"class_list":{"0":"post-217101","1":"post","2":"type-post","3":"status-publish","4":"format-standard","5":"has-post-thumbnail","7":"category-politi","8":"tag-heroes-de-malvinas","9":"tag-islas-malvinas","10":"tag-rogelio-frigerio"},"yoast_head":"<title>Malvinas: Frigerio sostuvo que el homenaje tambi\u00e9n debe ser con hechos concretos - Informe Litoral<\/title>\n<meta name=\"robots\" content=\"index, follow, max-snippet:-1, max-image-preview:large, max-video-preview:-1\" \/>\n<link rel=\"canonical\" href=\"https:\/\/informelitoral.com.ar\/malvinas-frigerio-sostuvo-que-el-homenaje-tambien-debe-ser-con-hechos-concretos\/\" \/>\n<meta property=\"og:locale\" content=\"es_ES\" \/>\n<meta property=\"og:type\" content=\"article\" \/>\n<meta property=\"og:title\" content=\"Malvinas: Frigerio sostuvo que el homenaje tambi\u00e9n debe ser con hechos concretos - Informe Litoral\" \/>\n<meta property=\"og:description\" content=\"El gobernador Rogelio Frigerio particip\u00f3 este mi\u00e9rcoles del desfile militar en el marco del acto por el D\u00eda del Veterano y de los Ca\u00eddos en la Guerra de las Malvinas. Se refiri\u00f3 a las principales acciones que su administraci\u00f3n est\u00e1 llevando a cabo en materia de salud, pensiones y vivienda para los veteranos de Malvinas y sus familias. Fue en la Plaza de Armas del Ej\u00e9rcito Argentino, en Paran\u00e1.\" \/>\n<meta property=\"og:url\" content=\"https:\/\/informelitoral.com.ar\/malvinas-frigerio-sostuvo-que-el-homenaje-tambien-debe-ser-con-hechos-concretos\/\" \/>\n<meta property=\"og:site_name\" content=\"Informe Litoral\" \/>\n<meta property=\"article:publisher\" content=\"https:\/\/www.facebook.com\/informelitoral\/\" \/>\n<meta property=\"article:published_time\" content=\"2025-04-02T17:21:19+00:00\" \/>\n<meta property=\"article:modified_time\" content=\"2025-04-02T17:22:24+00:00\" \/>\n<meta property=\"og:image\" content=\"https:\/\/informelitoral.com.ar\/%77%70%2d%63%6f%6e%74%65%6e%74\/uploads\/2025\/04\/c-scaled.jpg\" \/>\n\t<meta property=\"og:image:width\" content=\"2560\" \/>\n\t<meta property=\"og:image:height\" content=\"1707\" \/>\n\t<meta property=\"og:image:type\" content=\"image\/jpeg\" \/>\n<meta name=\"author\" content=\"Sebastian\" \/>\n<meta name=\"twitter:card\" content=\"summary_large_image\" \/>\n<meta name=\"twitter:creator\" content=\"@InformeLitoral\" \/>\n<meta name=\"twitter:site\" content=\"@InformeLitoral\" \/>\n<meta name=\"twitter:label1\" content=\"Escrito por\" \/>\n\t<meta name=\"twitter:data1\" content=\"Sebastian\" \/>\n\t<meta name=\"twitter:label2\" content=\"Tiempo de lectura\" \/>\n\t<meta name=\"twitter:data2\" content=\"2 minutos\" \/>\n<script type=\"application\/ld+json\" class=\"yoast-schema-graph\">{\"@context\":\"https:\\\/\\\/schema.org\",\"@graph\":[{\"@type\":\"Article\",\"@id\":\"https:\\\/\\\/informelitoral.com.ar\\\/malvinas-frigerio-sostuvo-que-el-homenaje-tambien-debe-ser-con-hechos-concretos\\\/#article\",\"isPartOf\":{\"@id\":\"https:\\\/\\\/informelitoral.com.ar\\\/malvinas-frigerio-sostuvo-que-el-homenaje-tambien-debe-ser-con-hechos-concretos\\\/\"},\"author\":{\"name\":\"Sebastian\",\"@id\":\"https:\\\/\\\/informelitoral.com.ar\\\/#\\\/schema\\\/person\\\/f05f9f461677119578717524b127d6d5\"},\"headline\":\"Malvinas: Frigerio sostuvo que el homenaje tambi\u00e9n debe ser con hechos concretos\",\"datePublished\":\"2025-04-02T17:21:19+00:00\",\"dateModified\":\"2025-04-02T17:22:24+00:00\",\"mainEntityOfPage\":{\"@id\":\"https:\\\/\\\/informelitoral.com.ar\\\/malvinas-frigerio-sostuvo-que-el-homenaje-tambien-debe-ser-con-hechos-concretos\\\/\"},\"wordCount\":449,\"commentCount\":0,\"publisher\":{\"@id\":\"https:\\\/\\\/informelitoral.com.ar\\\/#organization\"},\"image\":{\"@id\":\"https:\\\/\\\/informelitoral.com.ar\\\/malvinas-frigerio-sostuvo-que-el-homenaje-tambien-debe-ser-con-hechos-concretos\\\/#primaryimage\"},\"thumbnailUrl\":\"https:\\\/\\\/informelitoral.com.ar\\\/%77%70%2d%63%6f%6e%74%65%6e%74\\\/uploads\\\/2025\\\/04\\\/c-scaled.jpg\",\"keywords\":[\"H\u00e9roes de Malvinas\",\"Islas Malvinas\",\"Rogelio Frigerio\"],\"articleSection\":[\"Politica\"],\"inLanguage\":\"es\",\"potentialAction\":[{\"@type\":\"CommentAction\",\"name\":\"Comment\",\"target\":[\"https:\\\/\\\/informelitoral.com.ar\\\/malvinas-frigerio-sostuvo-que-el-homenaje-tambien-debe-ser-con-hechos-concretos\\\/#respond\"]}]},{\"@type\":\"WebPage\",\"@id\":\"https:\\\/\\\/informelitoral.com.ar\\\/malvinas-frigerio-sostuvo-que-el-homenaje-tambien-debe-ser-con-hechos-concretos\\\/\",\"url\":\"https:\\\/\\\/informelitoral.com.ar\\\/malvinas-frigerio-sostuvo-que-el-homenaje-tambien-debe-ser-con-hechos-concretos\\\/\",\"name\":\"Malvinas: Frigerio sostuvo que el homenaje tambi\u00e9n debe ser con hechos concretos - Informe Litoral\",\"isPartOf\":{\"@id\":\"https:\\\/\\\/informelitoral.com.ar\\\/#website\"},\"primaryImageOfPage\":{\"@id\":\"https:\\\/\\\/informelitoral.com.ar\\\/malvinas-frigerio-sostuvo-que-el-homenaje-tambien-debe-ser-con-hechos-concretos\\\/#primaryimage\"},\"image\":{\"@id\":\"https:\\\/\\\/informelitoral.com.ar\\\/malvinas-frigerio-sostuvo-que-el-homenaje-tambien-debe-ser-con-hechos-concretos\\\/#primaryimage\"},\"thumbnailUrl\":\"https:\\\/\\\/informelitoral.com.ar\\\/%77%70%2d%63%6f%6e%74%65%6e%74\\\/uploads\\\/2025\\\/04\\\/c-scaled.jpg\",\"datePublished\":\"2025-04-02T17:21:19+00:00\",\"dateModified\":\"2025-04-02T17:22:24+00:00\",\"breadcrumb\":{\"@id\":\"https:\\\/\\\/informelitoral.com.ar\\\/malvinas-frigerio-sostuvo-que-el-homenaje-tambien-debe-ser-con-hechos-concretos\\\/#breadcrumb\"},\"inLanguage\":\"es\",\"potentialAction\":[{\"@type\":\"ReadAction\",\"target\":[\"https:\\\/\\\/informelitoral.com.ar\\\/malvinas-frigerio-sostuvo-que-el-homenaje-tambien-debe-ser-con-hechos-concretos\\\/\"]}]},{\"@type\":\"ImageObject\",\"inLanguage\":\"es\",\"@id\":\"https:\\\/\\\/informelitoral.com.ar\\\/malvinas-frigerio-sostuvo-que-el-homenaje-tambien-debe-ser-con-hechos-concretos\\\/#primaryimage\",\"url\":\"https:\\\/\\\/informelitoral.com.ar\\\/%77%70%2d%63%6f%6e%74%65%6e%74\\\/uploads\\\/2025\\\/04\\\/c-scaled.jpg\",\"contentUrl\":\"https:\\\/\\\/informelitoral.com.ar\\\/%77%70%2d%63%6f%6e%74%65%6e%74\\\/uploads\\\/2025\\\/04\\\/c-scaled.jpg\",\"width\":2560,\"height\":1707},{\"@type\":\"BreadcrumbList\",\"@id\":\"https:\\\/\\\/informelitoral.com.ar\\\/malvinas-frigerio-sostuvo-que-el-homenaje-tambien-debe-ser-con-hechos-concretos\\\/#breadcrumb\",\"itemListElement\":[{\"@type\":\"ListItem\",\"position\":1,\"name\":\"Portada\",\"item\":\"https:\\\/\\\/informelitoral.com.ar\\\/\"},{\"@type\":\"ListItem\",\"position\":2,\"name\":\"Malvinas: Frigerio sostuvo que el homenaje tambi\u00e9n debe ser con hechos concretos\"}]},{\"@type\":\"WebSite\",\"@id\":\"https:\\\/\\\/informelitoral.com.ar\\\/#website\",\"url\":\"https:\\\/\\\/informelitoral.com.ar\\\/\",\"name\":\"Informe Litoral\",\"description\":\"&quot;Nos informamos&quot; \",\"publisher\":{\"@id\":\"https:\\\/\\\/informelitoral.com.ar\\\/#organization\"},\"potentialAction\":[{\"@type\":\"SearchAction\",\"target\":{\"@type\":\"EntryPoint\",\"urlTemplate\":\"https:\\\/\\\/informelitoral.com.ar\\\/?s={search_term_string}\"},\"query-input\":{\"@type\":\"PropertyValueSpecification\",\"valueRequired\":true,\"valueName\":\"search_term_string\"}}],\"inLanguage\":\"es\"},{\"@type\":\"Organization\",\"@id\":\"https:\\\/\\\/informelitoral.com.ar\\\/#organization\",\"name\":\"Informe Litoral\",\"url\":\"https:\\\/\\\/informelitoral.com.ar\\\/\",\"logo\":{\"@type\":\"ImageObject\",\"inLanguage\":\"es\",\"@id\":\"https:\\\/\\\/informelitoral.com.ar\\\/#\\\/schema\\\/logo\\\/image\\\/\",\"url\":\"https:\\\/\\\/informelitoral.com.ar\\\/%77%70%2d%63%6f%6e%74%65%6e%74\\\/uploads\\\/2021\\\/01\\\/circulo.png\",\"contentUrl\":\"https:\\\/\\\/informelitoral.com.ar\\\/%77%70%2d%63%6f%6e%74%65%6e%74\\\/uploads\\\/2021\\\/01\\\/circulo.png\",\"width\":723,\"height\":731,\"caption\":\"Informe Litoral\"},\"image\":{\"@id\":\"https:\\\/\\\/informelitoral.com.ar\\\/#\\\/schema\\\/logo\\\/image\\\/\"},\"sameAs\":[\"https:\\\/\\\/www.facebook.com\\\/informelitoral\\\/\",\"https:\\\/\\\/x.com\\\/InformeLitoral\",\"https:\\\/\\\/www.instagram.com\\\/informelitoral\\\/\",\"https:\\\/\\\/www.youtube.com\\\/channel\\\/UCua4Qvz8Icb6MYqhoq9xLXw\"]},{\"@type\":\"Person\",\"@id\":\"https:\\\/\\\/informelitoral.com.ar\\\/#\\\/schema\\\/person\\\/f05f9f461677119578717524b127d6d5\",\"name\":\"Sebastian\",\"image\":{\"@type\":\"ImageObject\",\"inLanguage\":\"es\",\"@id\":\"https:\\\/\\\/secure.gravatar.com\\\/avatar\\\/b71bf7481d447dfb9583c7f2798e7cc64de6efb9067b74633ed8c31059a3bd82?s=96&d=mm&r=g\",\"url\":\"https:\\\/\\\/secure.gravatar.com\\\/avatar\\\/b71bf7481d447dfb9583c7f2798e7cc64de6efb9067b74633ed8c31059a3bd82?s=96&d=mm&r=g\",\"contentUrl\":\"https:\\\/\\\/secure.gravatar.com\\\/avatar\\\/b71bf7481d447dfb9583c7f2798e7cc64de6efb9067b74633ed8c31059a3bd82?s=96&d=mm&r=g\",\"caption\":\"Sebastian\"},\"url\":\"https:\\\/\\\/informelitoral.com.ar\\\/author\\\/sebastian\\\/\"}]}<\/script>","yoast_head_json":{"title":"Malvinas: Frigerio sostuvo que el homenaje tambi\u00e9n debe ser con hechos concretos - Informe Litoral","robots":{"index":"index","follow":"follow","max-snippet":"max-snippet:-1","max-image-preview":"max-image-preview:large","max-video-preview":"max-video-preview:-1"},"canonical":"https:\/\/informelitoral.com.ar\/malvinas-frigerio-sostuvo-que-el-homenaje-tambien-debe-ser-con-hechos-concretos\/","og_locale":"es_ES","og_type":"article","og_title":"Malvinas: Frigerio sostuvo que el homenaje tambi\u00e9n debe ser con hechos concretos - Informe Litoral","og_description":"El gobernador Rogelio Frigerio particip\u00f3 este mi\u00e9rcoles del desfile militar en el marco del acto por el D\u00eda del Veterano y de los Ca\u00eddos en la Guerra de las Malvinas. Se refiri\u00f3 a las principales acciones que su administraci\u00f3n est\u00e1 llevando a cabo en materia de salud, pensiones y vivienda para los veteranos de Malvinas y sus familias. Fue en la Plaza de Armas del Ej\u00e9rcito Argentino, en Paran\u00e1.","og_url":"https:\/\/informelitoral.com.ar\/malvinas-frigerio-sostuvo-que-el-homenaje-tambien-debe-ser-con-hechos-concretos\/","og_site_name":"Informe Litoral","article_publisher":"https:\/\/www.facebook.com\/informelitoral\/","article_published_time":"2025-04-02T17:21:19+00:00","article_modified_time":"2025-04-02T17:22:24+00:00","og_image":[{"width":2560,"height":1707,"url":"https:\/\/informelitoral.com.ar\/%77%70%2d%63%6f%6e%74%65%6e%74\/uploads\/2025\/04\/c-scaled.jpg","type":"image\/jpeg"}],"author":"Sebastian","twitter_card":"summary_large_image","twitter_creator":"@InformeLitoral","twitter_site":"@InformeLitoral","twitter_misc":{"Escrito por":"Sebastian","Tiempo de lectura":"2 minutos"},"schema":{"@context":"https:\/\/schema.org","@graph":[{"@type":"Article","@id":"https:\/\/informelitoral.com.ar\/malvinas-frigerio-sostuvo-que-el-homenaje-tambien-debe-ser-con-hechos-concretos\/#article","isPartOf":{"@id":"https:\/\/informelitoral.com.ar\/malvinas-frigerio-sostuvo-que-el-homenaje-tambien-debe-ser-con-hechos-concretos\/"},"author":{"name":"Sebastian","@id":"https:\/\/informelitoral.com.ar\/#\/schema\/person\/f05f9f461677119578717524b127d6d5"},"headline":"Malvinas: Frigerio sostuvo que el homenaje tambi\u00e9n debe ser con hechos concretos","datePublished":"2025-04-02T17:21:19+00:00","dateModified":"2025-04-02T17:22:24+00:00","mainEntityOfPage":{"@id":"https:\/\/informelitoral.com.ar\/malvinas-frigerio-sostuvo-que-el-homenaje-tambien-debe-ser-con-hechos-concretos\/"},"wordCount":449,"commentCount":0,"publisher":{"@id":"https:\/\/informelitoral.com.ar\/#organization"},"image":{"@id":"https:\/\/informelitoral.com.ar\/malvinas-frigerio-sostuvo-que-el-homenaje-tambien-debe-ser-con-hechos-concretos\/#primaryimage"},"thumbnailUrl":"https:\/\/informelitoral.com.ar\/%77%70%2d%63%6f%6e%74%65%6e%74\/uploads\/2025\/04\/c-scaled.jpg","keywords":["H\u00e9roes de Malvinas","Islas Malvinas","Rogelio Frigerio"],"articleSection":["Politica"],"inLanguage":"es","potentialAction":[{"@type":"CommentAction","name":"Comment","target":["https:\/\/informelitoral.com.ar\/malvinas-frigerio-sostuvo-que-el-homenaje-tambien-debe-ser-con-hechos-concretos\/#respond"]}]},{"@type":"WebPage","@id":"https:\/\/informelitoral.com.ar\/malvinas-frigerio-sostuvo-que-el-homenaje-tambien-debe-ser-con-hechos-concretos\/","url":"https:\/\/informelitoral.com.ar\/malvinas-frigerio-sostuvo-que-el-homenaje-tambien-debe-ser-con-hechos-concretos\/","name":"Malvinas: Frigerio sostuvo que el homenaje tambi\u00e9n debe ser con hechos concretos - Informe Litoral","isPartOf":{"@id":"https:\/\/informelitoral.com.ar\/#website"},"primaryImageOfPage":{"@id":"https:\/\/informelitoral.com.ar\/malvinas-frigerio-sostuvo-que-el-homenaje-tambien-debe-ser-con-hechos-concretos\/#primaryimage"},"image":{"@id":"https:\/\/informelitoral.com.ar\/malvinas-frigerio-sostuvo-que-el-homenaje-tambien-debe-ser-con-hechos-concretos\/#primaryimage"},"thumbnailUrl":"https:\/\/informelitoral.com.ar\/%77%70%2d%63%6f%6e%74%65%6e%74\/uploads\/2025\/04\/c-scaled.jpg","datePublished":"2025-04-02T17:21:19+00:00","dateModified":"2025-04-02T17:22:24+00:00","breadcrumb":{"@id":"https:\/\/informelitoral.com.ar\/malvinas-frigerio-sostuvo-que-el-homenaje-tambien-debe-ser-con-hechos-concretos\/#breadcrumb"},"inLanguage":"es","potentialAction":[{"@type":"ReadAction","target":["https:\/\/informelitoral.com.ar\/malvinas-frigerio-sostuvo-que-el-homenaje-tambien-debe-ser-con-hechos-concretos\/"]}]},{"@type":"ImageObject","inLanguage":"es","@id":"https:\/\/informelitoral.com.ar\/malvinas-frigerio-sostuvo-que-el-homenaje-tambien-debe-ser-con-hechos-concretos\/#primaryimage","url":"https:\/\/informelitoral.com.ar\/%77%70%2d%63%6f%6e%74%65%6e%74\/uploads\/2025\/04\/c-scaled.jpg","contentUrl":"https:\/\/informelitoral.com.ar\/%77%70%2d%63%6f%6e%74%65%6e%74\/uploads\/2025\/04\/c-scaled.jpg","width":2560,"height":1707},{"@type":"BreadcrumbList","@id":"https:\/\/informelitoral.com.ar\/malvinas-frigerio-sostuvo-que-el-homenaje-tambien-debe-ser-con-hechos-concretos\/#breadcrumb","itemListElement":[{"@type":"ListItem","position":1,"name":"Portada","item":"https:\/\/informelitoral.com.ar\/"},{"@type":"ListItem","position":2,"name":"Malvinas: Frigerio sostuvo que el homenaje tambi\u00e9n debe ser con hechos concretos"}]},{"@type":"WebSite","@id":"https:\/\/informelitoral.com.ar\/#website","url":"https:\/\/informelitoral.com.ar\/","name":"Informe Litoral","description":"&quot;Nos informamos&quot; ","publisher":{"@id":"https:\/\/informelitoral.com.ar\/#organization"},"potentialAction":[{"@type":"SearchAction","target":{"@type":"EntryPoint","urlTemplate":"https:\/\/informelitoral.com.ar\/?s={search_term_string}"},"query-input":{"@type":"PropertyValueSpecification","valueRequired":true,"valueName":"search_term_string"}}],"inLanguage":"es"},{"@type":"Organization","@id":"https:\/\/informelitoral.com.ar\/#organization","name":"Informe Litoral","url":"https:\/\/informelitoral.com.ar\/","logo":{"@type":"ImageObject","inLanguage":"es","@id":"https:\/\/informelitoral.com.ar\/#\/schema\/logo\/image\/","url":"https:\/\/informelitoral.com.ar\/%77%70%2d%63%6f%6e%74%65%6e%74\/uploads\/2021\/01\/circulo.png","contentUrl":"https:\/\/informelitoral.com.ar\/%77%70%2d%63%6f%6e%74%65%6e%74\/uploads\/2021\/01\/circulo.png","width":723,"height":731,"caption":"Informe Litoral"},"image":{"@id":"https:\/\/informelitoral.com.ar\/#\/schema\/logo\/image\/"},"sameAs":["https:\/\/www.facebook.com\/informelitoral\/","https:\/\/x.com\/InformeLitoral","https:\/\/www.instagram.com\/informelitoral\/","https:\/\/www.youtube.com\/channel\/UCua4Qvz8Icb6MYqhoq9xLXw"]},{"@type":"Person","@id":"https:\/\/informelitoral.com.ar\/#\/schema\/person\/f05f9f461677119578717524b127d6d5","name":"Sebastian","image":{"@type":"ImageObject","inLanguage":"es","@id":"https:\/\/secure.gravatar.com\/avatar\/b71bf7481d447dfb9583c7f2798e7cc64de6efb9067b74633ed8c31059a3bd82?s=96&d=mm&r=g","url":"https:\/\/secure.gravatar.com\/avatar\/b71bf7481d447dfb9583c7f2798e7cc64de6efb9067b74633ed8c31059a3bd82?s=96&d=mm&r=g","contentUrl":"https:\/\/secure.gravatar.com\/avatar\/b71bf7481d447dfb9583c7f2798e7cc64de6efb9067b74633ed8c31059a3bd82?s=96&d=mm&r=g","caption":"Sebastian"},"url":"https:\/\/informelitoral.com.ar\/author\/sebastian\/"}]}},"_links":{"self":[{"href":"https:\/\/informelitoral.com.ar\/%77%70%2d%6a%73%6f%6e\/wp\/v2\/posts\/217101","targetHints":{"allow":["GET"]}}],"collection":[{"href":"https:\/\/informelitoral.com.ar\/%77%70%2d%6a%73%6f%6e\/wp\/v2\/posts"}],"about":[{"href":"https:\/\/informelitoral.com.ar\/%77%70%2d%6a%73%6f%6e\/wp\/v2\/types\/post"}],"author":[{"embeddable":true,"href":"https:\/\/informelitoral.com.ar\/%77%70%2d%6a%73%6f%6e\/wp\/v2\/users\/8"}],"replies":[{"embeddable":true,"href":"https:\/\/informelitoral.com.ar\/%77%70%2d%6a%73%6f%6e\/wp\/v2\/comments?post=217101"}],"version-history":[{"count":0,"href":"https:\/\/informelitoral.com.ar\/%77%70%2d%6a%73%6f%6e\/wp\/v2\/posts\/217101\/revisions"}],"wp:featuredmedia":[{"embeddable":true,"href":"https:\/\/informelitoral.com.ar\/%77%70%2d%6a%73%6f%6e\/wp\/v2\/media\/217102"}],"wp:attachment":[{"href":"https:\/\/informelitoral.com.ar\/%77%70%2d%6a%73%6f%6e\/wp\/v2\/media?parent=217101"}],"wp:term":[{"taxonomy":"category","embeddable":true,"href":"https:\/\/informelitoral.com.ar\/%77%70%2d%6a%73%6f%6e\/wp\/v2\/categories?post=217101"},{"taxonomy":"post_tag","embeddable":true,"href":"https:\/\/informelitoral.com.ar\/%77%70%2d%6a%73%6f%6e\/wp\/v2\/tags?post=217101"}],"curies":[{"name":"wp","href":"https:\/\/api.w.org\/{rel}","templated":true}]}}