{"id":217078,"date":"2025-04-02T10:43:40","date_gmt":"2025-04-02T13:43:40","guid":{"rendered":"https:\/\/informelitoral.com.ar\/?p=217078"},"modified":"2025-04-02T12:11:25","modified_gmt":"2025-04-02T15:11:25","slug":"universitario-vs-river-plate-por-la-copa-libertadores-2025-dia-horario-y-tv","status":"publish","type":"post","link":"https:\/\/informelitoral.com.ar\/universitario-vs-river-plate-por-la-copa-libertadores-2025-dia-horario-y-tv\/","title":{"rendered":"Universitario vs. River Plate, por la Copa Libertadores 2025: d\u00eda, horario y TV"},"content":{"rendered":"<p class=\"com-paragraph --s\"><strong>River Plate debutar\u00e1 en la\u00a0<\/strong><strong>Copa Libertadores 2025<\/strong><strong>\u00a0el pr\u00f3ximo mi\u00e9rcoles como visitante\u00a0<\/strong><strong>frente a Universitario de Per\u00fa<\/strong>\u00a0en el encuentro correspondiente a la primera fecha del grupo B que se disputar\u00e1 en el estadio Monumental de Lima.\u00a0<strong>El cotejo est\u00e1 programado a las 21.30 (hora argentina) y se transmitir\u00e1 en vivo por Fox Sports, Telef\u00e9 y las plataformas digitales Disney+ Premium y Pluto TV.<\/strong> El canal deportivo tambi\u00e9n se puede sintonizar online en Flow, DGO y Telecentro Play.<\/p>\n<p class=\"com-paragraph --s\">En la previa al partido que arbitrar\u00e1 el uruguayo\u00a0<strong>Gustavo Tejera,<\/strong> el favorito al triunfo seg\u00fan los pron\u00f3sticos de las apuestas es el visitante con una cuota m\u00e1xima de 2.05 contra 5.0 que cotiza su derrota, es decir una victoria del local. El empate llega a 3.39.<\/p>\n<p class=\"com-paragraph --s\">La Crema es dirigida por el argentino\u00a0<strong>Fabi\u00e1n Bustos<\/strong>\u00a0y tiene en el plantel a sus coterr\u00e1neos\u00a0<strong>Mat\u00edas Di Benedetto<\/strong>\u00a0-lesionado-,<strong>\u00a0Mart\u00edn P\u00e9rez Guedes, Horacio Calcaterra y Diego Chur\u00edn.<\/strong>\u00a0Es el actual bicampe\u00f3n de la Liga 1 de Per\u00fa y en el torneo actual marcha tercero con 13 puntos en cinco partidos producto de cuatro triunfos y un empate, por lo que est\u00e1 invicto. M\u00e1s all\u00e1 de ese gran presente, en los \u00faltimos a\u00f1os no trascendi\u00f3 a nivel internacional y lejos est\u00e1 de su \u00e9poca dorada de principios de la d\u00e9cada del \u201870 cuando fue subcampe\u00f3n de Am\u00e9rica (1972).<\/p>\n<p class=\"com-paragraph --s\">El Millonario, por su parte, es el principal favorito a liderar la zona y llega a su debut internacional en la temporada con muchas dudas en el adamiaje que, de hecho, quedaron a la vista en el empate del s\u00e1bado pasado vs. Rosario Central 2 a 2 por el Torneo Apertura 2025. El entrenador\u00a0<strong>Marcelo Gallardo\u00a0<\/strong>est\u00e1 bajo presi\u00f3n y no tan c\u00f3modo a ra\u00edz de los reclamos de los hinchas porque el equipo todav\u00eda no funciona como se pretende aun cuando la Comisi\u00f3n Directiva invirti\u00f3 mucho millones de d\u00f3lares en refuerzos.<\/p>\n<p class=\"com-paragraph --s\">El DT espera que algunos de los futbolistas lesionados est\u00e9 a disposici\u00f3n para viajar a Per\u00fa y quien m\u00e1s chances tiene de volver es\u00a0<strong>Facundo Colidio. Giuliano Galoppo\u00a0<\/strong>sum\u00f3 minutos contra Rosario Central, pero tuvo que ser reemplazado en el entretiempo y es una inc\u00f3gnita. Est\u00e1n descartados para el debut en la Copa Libertadores\u00a0<strong>Gonzalo Martinez, Mat\u00edas Kranevitter y Gonzalo Montiel.<\/strong><\/p>\n","protected":false},"excerpt":{"rendered":"<p>El debut del Millonario en el torneo internacional es en Per\u00fa y el partido se transmite en vivo por Telef\u00e9, Fox Sports y Disney+ Premium<\/p>\n","protected":false},"author":8,"featured_media":217079,"comment_status":"open","ping_status":"open","sticky":false,"template":"","format":"standard","meta":{"fifu_image_url":"","fifu_image_alt":"","footnotes":""},"categories":[13],"tags":[3160,3528,5671],"class_list":{"0":"post-217078","1":"post","2":"type-post","3":"status-publish","4":"format-standard","5":"has-post-thumbnail","7":"category-deportes","8":"tag-partido","9":"tag-river-plate","10":"tag-universitario"},"yoast_head":"<title>Universitario vs. River Plate, por la Copa Libertadores 2025: d\u00eda, horario y TV - Informe Litoral<\/title>\n<meta name=\"robots\" content=\"index, follow, max-snippet:-1, max-image-preview:large, max-video-preview:-1\" \/>\n<link rel=\"canonical\" href=\"https:\/\/informelitoral.com.ar\/universitario-vs-river-plate-por-la-copa-libertadores-2025-dia-horario-y-tv\/\" \/>\n<meta property=\"og:locale\" content=\"es_ES\" \/>\n<meta property=\"og:type\" content=\"article\" \/>\n<meta property=\"og:title\" content=\"Universitario vs. River Plate, por la Copa Libertadores 2025: d\u00eda, horario y TV - Informe Litoral\" \/>\n<meta property=\"og:description\" content=\"El debut del Millonario en el torneo internacional es en Per\u00fa y el partido se transmite en vivo por Telef\u00e9, Fox Sports y Disney+ Premium\" \/>\n<meta property=\"og:url\" content=\"https:\/\/informelitoral.com.ar\/universitario-vs-river-plate-por-la-copa-libertadores-2025-dia-horario-y-tv\/\" \/>\n<meta property=\"og:site_name\" content=\"Informe Litoral\" \/>\n<meta property=\"article:publisher\" content=\"https:\/\/www.facebook.com\/informelitoral\/\" \/>\n<meta property=\"article:published_time\" content=\"2025-04-02T13:43:40+00:00\" \/>\n<meta property=\"article:modified_time\" content=\"2025-04-02T15:11:25+00:00\" \/>\n<meta property=\"og:image\" content=\"https:\/\/informelitoral.com.ar\/%77%70%2d%63%6f%6e%74%65%6e%74\/uploads\/2025\/04\/universitario-vs-river-plate-en-vivo-como-llegan-al-partido_862x485-1.webp\" \/>\n\t<meta property=\"og:image:width\" content=\"862\" \/>\n\t<meta property=\"og:image:height\" content=\"485\" \/>\n\t<meta property=\"og:image:type\" content=\"image\/webp\" \/>\n<meta name=\"author\" content=\"Sebastian\" \/>\n<meta name=\"twitter:card\" content=\"summary_large_image\" \/>\n<meta name=\"twitter:creator\" content=\"@InformeLitoral\" \/>\n<meta name=\"twitter:site\" content=\"@InformeLitoral\" \/>\n<meta name=\"twitter:label1\" content=\"Escrito por\" \/>\n\t<meta name=\"twitter:data1\" content=\"Sebastian\" \/>\n\t<meta name=\"twitter:label2\" content=\"Tiempo de lectura\" \/>\n\t<meta name=\"twitter:data2\" content=\"2 minutos\" \/>\n<script type=\"application\/ld+json\" class=\"yoast-schema-graph\">{\"@context\":\"https:\\\/\\\/schema.org\",\"@graph\":[{\"@type\":\"Article\",\"@id\":\"https:\\\/\\\/informelitoral.com.ar\\\/universitario-vs-river-plate-por-la-copa-libertadores-2025-dia-horario-y-tv\\\/#article\",\"isPartOf\":{\"@id\":\"https:\\\/\\\/informelitoral.com.ar\\\/universitario-vs-river-plate-por-la-copa-libertadores-2025-dia-horario-y-tv\\\/\"},\"author\":{\"name\":\"Sebastian\",\"@id\":\"https:\\\/\\\/informelitoral.com.ar\\\/#\\\/schema\\\/person\\\/f05f9f461677119578717524b127d6d5\"},\"headline\":\"Universitario vs. River Plate, por la Copa Libertadores 2025: d\u00eda, horario y TV\",\"datePublished\":\"2025-04-02T13:43:40+00:00\",\"dateModified\":\"2025-04-02T15:11:25+00:00\",\"mainEntityOfPage\":{\"@id\":\"https:\\\/\\\/informelitoral.com.ar\\\/universitario-vs-river-plate-por-la-copa-libertadores-2025-dia-horario-y-tv\\\/\"},\"wordCount\":409,\"commentCount\":0,\"publisher\":{\"@id\":\"https:\\\/\\\/informelitoral.com.ar\\\/#organization\"},\"image\":{\"@id\":\"https:\\\/\\\/informelitoral.com.ar\\\/universitario-vs-river-plate-por-la-copa-libertadores-2025-dia-horario-y-tv\\\/#primaryimage\"},\"thumbnailUrl\":\"https:\\\/\\\/informelitoral.com.ar\\\/%77%70%2d%63%6f%6e%74%65%6e%74\\\/uploads\\\/2025\\\/04\\\/universitario-vs-river-plate-en-vivo-como-llegan-al-partido_862x485-1.webp\",\"keywords\":[\"Partido\",\"River Plate\",\"Universitario\"],\"articleSection\":[\"Deportes\"],\"inLanguage\":\"es\",\"potentialAction\":[{\"@type\":\"CommentAction\",\"name\":\"Comment\",\"target\":[\"https:\\\/\\\/informelitoral.com.ar\\\/universitario-vs-river-plate-por-la-copa-libertadores-2025-dia-horario-y-tv\\\/#respond\"]}]},{\"@type\":\"WebPage\",\"@id\":\"https:\\\/\\\/informelitoral.com.ar\\\/universitario-vs-river-plate-por-la-copa-libertadores-2025-dia-horario-y-tv\\\/\",\"url\":\"https:\\\/\\\/informelitoral.com.ar\\\/universitario-vs-river-plate-por-la-copa-libertadores-2025-dia-horario-y-tv\\\/\",\"name\":\"Universitario vs. River Plate, por la Copa Libertadores 2025: d\u00eda, horario y TV - Informe Litoral\",\"isPartOf\":{\"@id\":\"https:\\\/\\\/informelitoral.com.ar\\\/#website\"},\"primaryImageOfPage\":{\"@id\":\"https:\\\/\\\/informelitoral.com.ar\\\/universitario-vs-river-plate-por-la-copa-libertadores-2025-dia-horario-y-tv\\\/#primaryimage\"},\"image\":{\"@id\":\"https:\\\/\\\/informelitoral.com.ar\\\/universitario-vs-river-plate-por-la-copa-libertadores-2025-dia-horario-y-tv\\\/#primaryimage\"},\"thumbnailUrl\":\"https:\\\/\\\/informelitoral.com.ar\\\/%77%70%2d%63%6f%6e%74%65%6e%74\\\/uploads\\\/2025\\\/04\\\/universitario-vs-river-plate-en-vivo-como-llegan-al-partido_862x485-1.webp\",\"datePublished\":\"2025-04-02T13:43:40+00:00\",\"dateModified\":\"2025-04-02T15:11:25+00:00\",\"breadcrumb\":{\"@id\":\"https:\\\/\\\/informelitoral.com.ar\\\/universitario-vs-river-plate-por-la-copa-libertadores-2025-dia-horario-y-tv\\\/#breadcrumb\"},\"inLanguage\":\"es\",\"potentialAction\":[{\"@type\":\"ReadAction\",\"target\":[\"https:\\\/\\\/informelitoral.com.ar\\\/universitario-vs-river-plate-por-la-copa-libertadores-2025-dia-horario-y-tv\\\/\"]}]},{\"@type\":\"ImageObject\",\"inLanguage\":\"es\",\"@id\":\"https:\\\/\\\/informelitoral.com.ar\\\/universitario-vs-river-plate-por-la-copa-libertadores-2025-dia-horario-y-tv\\\/#primaryimage\",\"url\":\"https:\\\/\\\/informelitoral.com.ar\\\/%77%70%2d%63%6f%6e%74%65%6e%74\\\/uploads\\\/2025\\\/04\\\/universitario-vs-river-plate-en-vivo-como-llegan-al-partido_862x485-1.webp\",\"contentUrl\":\"https:\\\/\\\/informelitoral.com.ar\\\/%77%70%2d%63%6f%6e%74%65%6e%74\\\/uploads\\\/2025\\\/04\\\/universitario-vs-river-plate-en-vivo-como-llegan-al-partido_862x485-1.webp\",\"width\":862,\"height\":485},{\"@type\":\"BreadcrumbList\",\"@id\":\"https:\\\/\\\/informelitoral.com.ar\\\/universitario-vs-river-plate-por-la-copa-libertadores-2025-dia-horario-y-tv\\\/#breadcrumb\",\"itemListElement\":[{\"@type\":\"ListItem\",\"position\":1,\"name\":\"Portada\",\"item\":\"https:\\\/\\\/informelitoral.com.ar\\\/\"},{\"@type\":\"ListItem\",\"position\":2,\"name\":\"Universitario vs. River Plate, por la Copa Libertadores 2025: d\u00eda, horario y TV\"}]},{\"@type\":\"WebSite\",\"@id\":\"https:\\\/\\\/informelitoral.com.ar\\\/#website\",\"url\":\"https:\\\/\\\/informelitoral.com.ar\\\/\",\"name\":\"Informe Litoral\",\"description\":\"&quot;Nos informamos&quot; \",\"publisher\":{\"@id\":\"https:\\\/\\\/informelitoral.com.ar\\\/#organization\"},\"potentialAction\":[{\"@type\":\"SearchAction\",\"target\":{\"@type\":\"EntryPoint\",\"urlTemplate\":\"https:\\\/\\\/informelitoral.com.ar\\\/?s={search_term_string}\"},\"query-input\":{\"@type\":\"PropertyValueSpecification\",\"valueRequired\":true,\"valueName\":\"search_term_string\"}}],\"inLanguage\":\"es\"},{\"@type\":\"Organization\",\"@id\":\"https:\\\/\\\/informelitoral.com.ar\\\/#organization\",\"name\":\"Informe Litoral\",\"url\":\"https:\\\/\\\/informelitoral.com.ar\\\/\",\"logo\":{\"@type\":\"ImageObject\",\"inLanguage\":\"es\",\"@id\":\"https:\\\/\\\/informelitoral.com.ar\\\/#\\\/schema\\\/logo\\\/image\\\/\",\"url\":\"https:\\\/\\\/informelitoral.com.ar\\\/%77%70%2d%63%6f%6e%74%65%6e%74\\\/uploads\\\/2021\\\/01\\\/circulo.png\",\"contentUrl\":\"https:\\\/\\\/informelitoral.com.ar\\\/%77%70%2d%63%6f%6e%74%65%6e%74\\\/uploads\\\/2021\\\/01\\\/circulo.png\",\"width\":723,\"height\":731,\"caption\":\"Informe Litoral\"},\"image\":{\"@id\":\"https:\\\/\\\/informelitoral.com.ar\\\/#\\\/schema\\\/logo\\\/image\\\/\"},\"sameAs\":[\"https:\\\/\\\/www.facebook.com\\\/informelitoral\\\/\",\"https:\\\/\\\/x.com\\\/InformeLitoral\",\"https:\\\/\\\/www.instagram.com\\\/informelitoral\\\/\",\"https:\\\/\\\/www.youtube.com\\\/channel\\\/UCua4Qvz8Icb6MYqhoq9xLXw\"]},{\"@type\":\"Person\",\"@id\":\"https:\\\/\\\/informelitoral.com.ar\\\/#\\\/schema\\\/person\\\/f05f9f461677119578717524b127d6d5\",\"name\":\"Sebastian\",\"image\":{\"@type\":\"ImageObject\",\"inLanguage\":\"es\",\"@id\":\"https:\\\/\\\/secure.gravatar.com\\\/avatar\\\/b71bf7481d447dfb9583c7f2798e7cc64de6efb9067b74633ed8c31059a3bd82?s=96&d=mm&r=g\",\"url\":\"https:\\\/\\\/secure.gravatar.com\\\/avatar\\\/b71bf7481d447dfb9583c7f2798e7cc64de6efb9067b74633ed8c31059a3bd82?s=96&d=mm&r=g\",\"contentUrl\":\"https:\\\/\\\/secure.gravatar.com\\\/avatar\\\/b71bf7481d447dfb9583c7f2798e7cc64de6efb9067b74633ed8c31059a3bd82?s=96&d=mm&r=g\",\"caption\":\"Sebastian\"},\"url\":\"https:\\\/\\\/informelitoral.com.ar\\\/author\\\/sebastian\\\/\"}]}<\/script>","yoast_head_json":{"title":"Universitario vs. River Plate, por la Copa Libertadores 2025: d\u00eda, horario y TV - Informe Litoral","robots":{"index":"index","follow":"follow","max-snippet":"max-snippet:-1","max-image-preview":"max-image-preview:large","max-video-preview":"max-video-preview:-1"},"canonical":"https:\/\/informelitoral.com.ar\/universitario-vs-river-plate-por-la-copa-libertadores-2025-dia-horario-y-tv\/","og_locale":"es_ES","og_type":"article","og_title":"Universitario vs. River Plate, por la Copa Libertadores 2025: d\u00eda, horario y TV - Informe Litoral","og_description":"El debut del Millonario en el torneo internacional es en Per\u00fa y el partido se transmite en vivo por Telef\u00e9, Fox Sports y Disney+ Premium","og_url":"https:\/\/informelitoral.com.ar\/universitario-vs-river-plate-por-la-copa-libertadores-2025-dia-horario-y-tv\/","og_site_name":"Informe Litoral","article_publisher":"https:\/\/www.facebook.com\/informelitoral\/","article_published_time":"2025-04-02T13:43:40+00:00","article_modified_time":"2025-04-02T15:11:25+00:00","og_image":[{"width":862,"height":485,"url":"https:\/\/informelitoral.com.ar\/%77%70%2d%63%6f%6e%74%65%6e%74\/uploads\/2025\/04\/universitario-vs-river-plate-en-vivo-como-llegan-al-partido_862x485-1.webp","type":"image\/webp"}],"author":"Sebastian","twitter_card":"summary_large_image","twitter_creator":"@InformeLitoral","twitter_site":"@InformeLitoral","twitter_misc":{"Escrito por":"Sebastian","Tiempo de lectura":"2 minutos"},"schema":{"@context":"https:\/\/schema.org","@graph":[{"@type":"Article","@id":"https:\/\/informelitoral.com.ar\/universitario-vs-river-plate-por-la-copa-libertadores-2025-dia-horario-y-tv\/#article","isPartOf":{"@id":"https:\/\/informelitoral.com.ar\/universitario-vs-river-plate-por-la-copa-libertadores-2025-dia-horario-y-tv\/"},"author":{"name":"Sebastian","@id":"https:\/\/informelitoral.com.ar\/#\/schema\/person\/f05f9f461677119578717524b127d6d5"},"headline":"Universitario vs. River Plate, por la Copa Libertadores 2025: d\u00eda, horario y TV","datePublished":"2025-04-02T13:43:40+00:00","dateModified":"2025-04-02T15:11:25+00:00","mainEntityOfPage":{"@id":"https:\/\/informelitoral.com.ar\/universitario-vs-river-plate-por-la-copa-libertadores-2025-dia-horario-y-tv\/"},"wordCount":409,"commentCount":0,"publisher":{"@id":"https:\/\/informelitoral.com.ar\/#organization"},"image":{"@id":"https:\/\/informelitoral.com.ar\/universitario-vs-river-plate-por-la-copa-libertadores-2025-dia-horario-y-tv\/#primaryimage"},"thumbnailUrl":"https:\/\/informelitoral.com.ar\/%77%70%2d%63%6f%6e%74%65%6e%74\/uploads\/2025\/04\/universitario-vs-river-plate-en-vivo-como-llegan-al-partido_862x485-1.webp","keywords":["Partido","River Plate","Universitario"],"articleSection":["Deportes"],"inLanguage":"es","potentialAction":[{"@type":"CommentAction","name":"Comment","target":["https:\/\/informelitoral.com.ar\/universitario-vs-river-plate-por-la-copa-libertadores-2025-dia-horario-y-tv\/#respond"]}]},{"@type":"WebPage","@id":"https:\/\/informelitoral.com.ar\/universitario-vs-river-plate-por-la-copa-libertadores-2025-dia-horario-y-tv\/","url":"https:\/\/informelitoral.com.ar\/universitario-vs-river-plate-por-la-copa-libertadores-2025-dia-horario-y-tv\/","name":"Universitario vs. River Plate, por la Copa Libertadores 2025: d\u00eda, horario y TV - Informe Litoral","isPartOf":{"@id":"https:\/\/informelitoral.com.ar\/#website"},"primaryImageOfPage":{"@id":"https:\/\/informelitoral.com.ar\/universitario-vs-river-plate-por-la-copa-libertadores-2025-dia-horario-y-tv\/#primaryimage"},"image":{"@id":"https:\/\/informelitoral.com.ar\/universitario-vs-river-plate-por-la-copa-libertadores-2025-dia-horario-y-tv\/#primaryimage"},"thumbnailUrl":"https:\/\/informelitoral.com.ar\/%77%70%2d%63%6f%6e%74%65%6e%74\/uploads\/2025\/04\/universitario-vs-river-plate-en-vivo-como-llegan-al-partido_862x485-1.webp","datePublished":"2025-04-02T13:43:40+00:00","dateModified":"2025-04-02T15:11:25+00:00","breadcrumb":{"@id":"https:\/\/informelitoral.com.ar\/universitario-vs-river-plate-por-la-copa-libertadores-2025-dia-horario-y-tv\/#breadcrumb"},"inLanguage":"es","potentialAction":[{"@type":"ReadAction","target":["https:\/\/informelitoral.com.ar\/universitario-vs-river-plate-por-la-copa-libertadores-2025-dia-horario-y-tv\/"]}]},{"@type":"ImageObject","inLanguage":"es","@id":"https:\/\/informelitoral.com.ar\/universitario-vs-river-plate-por-la-copa-libertadores-2025-dia-horario-y-tv\/#primaryimage","url":"https:\/\/informelitoral.com.ar\/%77%70%2d%63%6f%6e%74%65%6e%74\/uploads\/2025\/04\/universitario-vs-river-plate-en-vivo-como-llegan-al-partido_862x485-1.webp","contentUrl":"https:\/\/informelitoral.com.ar\/%77%70%2d%63%6f%6e%74%65%6e%74\/uploads\/2025\/04\/universitario-vs-river-plate-en-vivo-como-llegan-al-partido_862x485-1.webp","width":862,"height":485},{"@type":"BreadcrumbList","@id":"https:\/\/informelitoral.com.ar\/universitario-vs-river-plate-por-la-copa-libertadores-2025-dia-horario-y-tv\/#breadcrumb","itemListElement":[{"@type":"ListItem","position":1,"name":"Portada","item":"https:\/\/informelitoral.com.ar\/"},{"@type":"ListItem","position":2,"name":"Universitario vs. River Plate, por la Copa Libertadores 2025: d\u00eda, horario y TV"}]},{"@type":"WebSite","@id":"https:\/\/informelitoral.com.ar\/#website","url":"https:\/\/informelitoral.com.ar\/","name":"Informe Litoral","description":"&quot;Nos informamos&quot; ","publisher":{"@id":"https:\/\/informelitoral.com.ar\/#organization"},"potentialAction":[{"@type":"SearchAction","target":{"@type":"EntryPoint","urlTemplate":"https:\/\/informelitoral.com.ar\/?s={search_term_string}"},"query-input":{"@type":"PropertyValueSpecification","valueRequired":true,"valueName":"search_term_string"}}],"inLanguage":"es"},{"@type":"Organization","@id":"https:\/\/informelitoral.com.ar\/#organization","name":"Informe Litoral","url":"https:\/\/informelitoral.com.ar\/","logo":{"@type":"ImageObject","inLanguage":"es","@id":"https:\/\/informelitoral.com.ar\/#\/schema\/logo\/image\/","url":"https:\/\/informelitoral.com.ar\/%77%70%2d%63%6f%6e%74%65%6e%74\/uploads\/2021\/01\/circulo.png","contentUrl":"https:\/\/informelitoral.com.ar\/%77%70%2d%63%6f%6e%74%65%6e%74\/uploads\/2021\/01\/circulo.png","width":723,"height":731,"caption":"Informe Litoral"},"image":{"@id":"https:\/\/informelitoral.com.ar\/#\/schema\/logo\/image\/"},"sameAs":["https:\/\/www.facebook.com\/informelitoral\/","https:\/\/x.com\/InformeLitoral","https:\/\/www.instagram.com\/informelitoral\/","https:\/\/www.youtube.com\/channel\/UCua4Qvz8Icb6MYqhoq9xLXw"]},{"@type":"Person","@id":"https:\/\/informelitoral.com.ar\/#\/schema\/person\/f05f9f461677119578717524b127d6d5","name":"Sebastian","image":{"@type":"ImageObject","inLanguage":"es","@id":"https:\/\/secure.gravatar.com\/avatar\/b71bf7481d447dfb9583c7f2798e7cc64de6efb9067b74633ed8c31059a3bd82?s=96&d=mm&r=g","url":"https:\/\/secure.gravatar.com\/avatar\/b71bf7481d447dfb9583c7f2798e7cc64de6efb9067b74633ed8c31059a3bd82?s=96&d=mm&r=g","contentUrl":"https:\/\/secure.gravatar.com\/avatar\/b71bf7481d447dfb9583c7f2798e7cc64de6efb9067b74633ed8c31059a3bd82?s=96&d=mm&r=g","caption":"Sebastian"},"url":"https:\/\/informelitoral.com.ar\/author\/sebastian\/"}]}},"_links":{"self":[{"href":"https:\/\/informelitoral.com.ar\/%77%70%2d%6a%73%6f%6e\/wp\/v2\/posts\/217078","targetHints":{"allow":["GET"]}}],"collection":[{"href":"https:\/\/informelitoral.com.ar\/%77%70%2d%6a%73%6f%6e\/wp\/v2\/posts"}],"about":[{"href":"https:\/\/informelitoral.com.ar\/%77%70%2d%6a%73%6f%6e\/wp\/v2\/types\/post"}],"author":[{"embeddable":true,"href":"https:\/\/informelitoral.com.ar\/%77%70%2d%6a%73%6f%6e\/wp\/v2\/users\/8"}],"replies":[{"embeddable":true,"href":"https:\/\/informelitoral.com.ar\/%77%70%2d%6a%73%6f%6e\/wp\/v2\/comments?post=217078"}],"version-history":[{"count":0,"href":"https:\/\/informelitoral.com.ar\/%77%70%2d%6a%73%6f%6e\/wp\/v2\/posts\/217078\/revisions"}],"wp:featuredmedia":[{"embeddable":true,"href":"https:\/\/informelitoral.com.ar\/%77%70%2d%6a%73%6f%6e\/wp\/v2\/media\/217079"}],"wp:attachment":[{"href":"https:\/\/informelitoral.com.ar\/%77%70%2d%6a%73%6f%6e\/wp\/v2\/media?parent=217078"}],"wp:term":[{"taxonomy":"category","embeddable":true,"href":"https:\/\/informelitoral.com.ar\/%77%70%2d%6a%73%6f%6e\/wp\/v2\/categories?post=217078"},{"taxonomy":"post_tag","embeddable":true,"href":"https:\/\/informelitoral.com.ar\/%77%70%2d%6a%73%6f%6e\/wp\/v2\/tags?post=217078"}],"curies":[{"name":"wp","href":"https:\/\/api.w.org\/{rel}","templated":true}]}}