{"id":217046,"date":"2025-04-02T09:58:45","date_gmt":"2025-04-02T12:58:45","guid":{"rendered":"https:\/\/informelitoral.com.ar\/?p=217046"},"modified":"2025-04-02T10:01:53","modified_gmt":"2025-04-02T13:01:53","slug":"boca-juniors-se-confirmo-la-lesion-de-ander-herrera-y-podria-perderse-el-superclasico-ante-river","status":"publish","type":"post","link":"https:\/\/informelitoral.com.ar\/boca-juniors-se-confirmo-la-lesion-de-ander-herrera-y-podria-perderse-el-superclasico-ante-river\/","title":{"rendered":"Boca Juniors: se confirm\u00f3 la lesi\u00f3n de Ander Herrera y podr\u00eda perderse el Supercl\u00e1sico ante River"},"content":{"rendered":"<p class=\"paragraph font__body-regular\">Los estudios m\u00e9dicos confirmaron que<b>\u00a0Ander Herrera<\/b>\u00a0sufri\u00f3 una<b>\u00a0\u201clesi\u00f3n grado 2 cu\u00e1driceps derecho\u201d<\/b>\u00a0durante el partido que Boca jug\u00f3 el domingo ante Newell\u2019s en Rosario. Por el tiempo de recuperaci\u00f3n que le demandar\u00e1 esta dolencia, el espa\u00f1ol\u00a0<b>est\u00e1 en serio riesgo de perderse el Supercl\u00e1sico\u00a0<\/b>que su equipo jugar\u00e1 ante River el 27 de abril por el Torneo Apertura.<\/p>\n<p class=\"paragraph font__body-regular\">Este martes, el club public\u00f3 a trav\u00e9s de sus redes sociales los resultados de los estudios m\u00e9dicos que se hizo el mediocampista de 35 a\u00f1os. Esta es la<b>\u00a0tercera lesi\u00f3n muscular\u00a0<\/b>que sufre desde su llegada al Xeneize a principios de a\u00f1o.<\/p>\n<p class=\"paragraph font__body-regular\">Este tipo de lesiones suelen requerir un<b>\u00a0tiempo de recuperaci\u00f3n cercano a las tres semanas.\u00a0<\/b>Pero, al ser una reca\u00edda, en el caso de Herrera podr\u00eda requerir m\u00e1s tiempo. Esto es lo que plantea serias dudas de que pueda estar disponible para el encuentro ante River en el estadio Monumental.<\/p>\n<p class=\"paragraph font__body-regular\">El espa\u00f1ol, que hab\u00eda empezado el partido ante Newell\u2019s en el banco de suplentes,\u00a0<b>entr\u00f3 en el arranque del segundo tiempo y pidi\u00f3 el cambio tan solo cinco minutos despu\u00e9s.<\/b><\/p>\n<p class=\"paragraph font__body-regular\">Tras sentir la molestia muscular, Herrera se fue directo al banco de suplentes -sin esperar por su reemplazo- y\u00a0<b>se puso a llorar de la bronca.\u00a0<\/b>Finalmente, el que entr\u00f3 en su lugar fue Exequiel Zeballos.<\/p>\n<h2 class=\"font--primary font__display\"><strong>Todas las lesiones de Ander Herrera en Boca<\/strong><\/h2>\n<p class=\"paragraph font__body-regular\">La primera lesi\u00f3n de Herrera en Boca hab\u00eda sido en el partido ante Argentinos Juniors en la Bombonera por la fecha 1 del Torneo Apertura. Esa vez tuvo una\u00a0lesi\u00f3n grado II en el isquiotibial derecho\u00a0que lo margin\u00f3 de las canchas por varias semanas.<\/p>\n<p class=\"paragraph font__body-regular\">Ante Newell\u2019s hab\u00eda vuelto a jugar despu\u00e9s de\u00a0haber estado parado por otra molestia muscular, sufrida en la goleada por 3-0 ante Central C\u00f3rdoba. Esa dolencia le hab\u00eda impedido estar en la fecha pasada ante Defensa y Justicia.(<em>TN<\/em>)<\/p>\n","protected":false},"excerpt":{"rendered":"<p>El espa\u00f1ol sinti\u00f3 una molesta en el partido ante Newell\u2019s en Rosario. Este martes se conocieron los resultados de los estudios m\u00e9dicos.<\/p>\n","protected":false},"author":8,"featured_media":217047,"comment_status":"open","ping_status":"open","sticky":false,"template":"","format":"standard","meta":{"fifu_image_url":"","fifu_image_alt":"","footnotes":""},"categories":[13],"tags":[5519,384,3713],"class_list":{"0":"post-217046","1":"post","2":"type-post","3":"status-publish","4":"format-standard","5":"has-post-thumbnail","7":"category-deportes","8":"tag-ander-herrera","9":"tag-boca-juniors","10":"tag-lesionado"},"yoast_head":"<title>Boca Juniors: se confirm\u00f3 la lesi\u00f3n de Ander Herrera y podr\u00eda perderse el Supercl\u00e1sico ante River - Informe Litoral<\/title>\n<meta name=\"robots\" content=\"index, follow, max-snippet:-1, max-image-preview:large, max-video-preview:-1\" \/>\n<link rel=\"canonical\" href=\"https:\/\/informelitoral.com.ar\/boca-juniors-se-confirmo-la-lesion-de-ander-herrera-y-podria-perderse-el-superclasico-ante-river\/\" \/>\n<meta property=\"og:locale\" content=\"es_ES\" \/>\n<meta property=\"og:type\" content=\"article\" \/>\n<meta property=\"og:title\" content=\"Boca Juniors: se confirm\u00f3 la lesi\u00f3n de Ander Herrera y podr\u00eda perderse el Supercl\u00e1sico ante River - Informe Litoral\" \/>\n<meta property=\"og:description\" content=\"El espa\u00f1ol sinti\u00f3 una molesta en el partido ante Newell\u2019s en Rosario. Este martes se conocieron los resultados de los estudios m\u00e9dicos.\" \/>\n<meta property=\"og:url\" content=\"https:\/\/informelitoral.com.ar\/boca-juniors-se-confirmo-la-lesion-de-ander-herrera-y-podria-perderse-el-superclasico-ante-river\/\" \/>\n<meta property=\"og:site_name\" content=\"Informe Litoral\" \/>\n<meta property=\"article:publisher\" content=\"https:\/\/www.facebook.com\/informelitoral\/\" \/>\n<meta property=\"article:published_time\" content=\"2025-04-02T12:58:45+00:00\" \/>\n<meta property=\"article:modified_time\" content=\"2025-04-02T13:01:53+00:00\" \/>\n<meta property=\"og:image\" content=\"https:\/\/informelitoral.com.ar\/%77%70%2d%63%6f%6e%74%65%6e%74\/uploads\/2025\/04\/67c7327b4aa64.jpeg\" \/>\n\t<meta property=\"og:image:width\" content=\"1980\" \/>\n\t<meta property=\"og:image:height\" content=\"1320\" \/>\n\t<meta property=\"og:image:type\" content=\"image\/jpeg\" \/>\n<meta name=\"author\" content=\"Sebastian\" \/>\n<meta name=\"twitter:card\" content=\"summary_large_image\" \/>\n<meta name=\"twitter:creator\" content=\"@InformeLitoral\" \/>\n<meta name=\"twitter:site\" content=\"@InformeLitoral\" \/>\n<meta name=\"twitter:label1\" content=\"Escrito por\" \/>\n\t<meta name=\"twitter:data1\" content=\"Sebastian\" \/>\n\t<meta name=\"twitter:label2\" content=\"Tiempo de lectura\" \/>\n\t<meta name=\"twitter:data2\" content=\"2 minutos\" \/>\n<script type=\"application\/ld+json\" class=\"yoast-schema-graph\">{\"@context\":\"https:\\\/\\\/schema.org\",\"@graph\":[{\"@type\":\"Article\",\"@id\":\"https:\\\/\\\/informelitoral.com.ar\\\/boca-juniors-se-confirmo-la-lesion-de-ander-herrera-y-podria-perderse-el-superclasico-ante-river\\\/#article\",\"isPartOf\":{\"@id\":\"https:\\\/\\\/informelitoral.com.ar\\\/boca-juniors-se-confirmo-la-lesion-de-ander-herrera-y-podria-perderse-el-superclasico-ante-river\\\/\"},\"author\":{\"name\":\"Sebastian\",\"@id\":\"https:\\\/\\\/informelitoral.com.ar\\\/#\\\/schema\\\/person\\\/f05f9f461677119578717524b127d6d5\"},\"headline\":\"Boca Juniors: se confirm\u00f3 la lesi\u00f3n de Ander Herrera y podr\u00eda perderse el Supercl\u00e1sico ante River\",\"datePublished\":\"2025-04-02T12:58:45+00:00\",\"dateModified\":\"2025-04-02T13:01:53+00:00\",\"mainEntityOfPage\":{\"@id\":\"https:\\\/\\\/informelitoral.com.ar\\\/boca-juniors-se-confirmo-la-lesion-de-ander-herrera-y-podria-perderse-el-superclasico-ante-river\\\/\"},\"wordCount\":353,\"commentCount\":0,\"publisher\":{\"@id\":\"https:\\\/\\\/informelitoral.com.ar\\\/#organization\"},\"image\":{\"@id\":\"https:\\\/\\\/informelitoral.com.ar\\\/boca-juniors-se-confirmo-la-lesion-de-ander-herrera-y-podria-perderse-el-superclasico-ante-river\\\/#primaryimage\"},\"thumbnailUrl\":\"https:\\\/\\\/informelitoral.com.ar\\\/%77%70%2d%63%6f%6e%74%65%6e%74\\\/uploads\\\/2025\\\/04\\\/67c7327b4aa64.jpeg\",\"keywords\":[\"Ander Herrera\",\"Boca Juniors\",\"Lesionado\"],\"articleSection\":[\"Deportes\"],\"inLanguage\":\"es\",\"potentialAction\":[{\"@type\":\"CommentAction\",\"name\":\"Comment\",\"target\":[\"https:\\\/\\\/informelitoral.com.ar\\\/boca-juniors-se-confirmo-la-lesion-de-ander-herrera-y-podria-perderse-el-superclasico-ante-river\\\/#respond\"]}]},{\"@type\":\"WebPage\",\"@id\":\"https:\\\/\\\/informelitoral.com.ar\\\/boca-juniors-se-confirmo-la-lesion-de-ander-herrera-y-podria-perderse-el-superclasico-ante-river\\\/\",\"url\":\"https:\\\/\\\/informelitoral.com.ar\\\/boca-juniors-se-confirmo-la-lesion-de-ander-herrera-y-podria-perderse-el-superclasico-ante-river\\\/\",\"name\":\"Boca Juniors: se confirm\u00f3 la lesi\u00f3n de Ander Herrera y podr\u00eda perderse el Supercl\u00e1sico ante River - Informe Litoral\",\"isPartOf\":{\"@id\":\"https:\\\/\\\/informelitoral.com.ar\\\/#website\"},\"primaryImageOfPage\":{\"@id\":\"https:\\\/\\\/informelitoral.com.ar\\\/boca-juniors-se-confirmo-la-lesion-de-ander-herrera-y-podria-perderse-el-superclasico-ante-river\\\/#primaryimage\"},\"image\":{\"@id\":\"https:\\\/\\\/informelitoral.com.ar\\\/boca-juniors-se-confirmo-la-lesion-de-ander-herrera-y-podria-perderse-el-superclasico-ante-river\\\/#primaryimage\"},\"thumbnailUrl\":\"https:\\\/\\\/informelitoral.com.ar\\\/%77%70%2d%63%6f%6e%74%65%6e%74\\\/uploads\\\/2025\\\/04\\\/67c7327b4aa64.jpeg\",\"datePublished\":\"2025-04-02T12:58:45+00:00\",\"dateModified\":\"2025-04-02T13:01:53+00:00\",\"breadcrumb\":{\"@id\":\"https:\\\/\\\/informelitoral.com.ar\\\/boca-juniors-se-confirmo-la-lesion-de-ander-herrera-y-podria-perderse-el-superclasico-ante-river\\\/#breadcrumb\"},\"inLanguage\":\"es\",\"potentialAction\":[{\"@type\":\"ReadAction\",\"target\":[\"https:\\\/\\\/informelitoral.com.ar\\\/boca-juniors-se-confirmo-la-lesion-de-ander-herrera-y-podria-perderse-el-superclasico-ante-river\\\/\"]}]},{\"@type\":\"ImageObject\",\"inLanguage\":\"es\",\"@id\":\"https:\\\/\\\/informelitoral.com.ar\\\/boca-juniors-se-confirmo-la-lesion-de-ander-herrera-y-podria-perderse-el-superclasico-ante-river\\\/#primaryimage\",\"url\":\"https:\\\/\\\/informelitoral.com.ar\\\/%77%70%2d%63%6f%6e%74%65%6e%74\\\/uploads\\\/2025\\\/04\\\/67c7327b4aa64.jpeg\",\"contentUrl\":\"https:\\\/\\\/informelitoral.com.ar\\\/%77%70%2d%63%6f%6e%74%65%6e%74\\\/uploads\\\/2025\\\/04\\\/67c7327b4aa64.jpeg\",\"width\":1980,\"height\":1320},{\"@type\":\"BreadcrumbList\",\"@id\":\"https:\\\/\\\/informelitoral.com.ar\\\/boca-juniors-se-confirmo-la-lesion-de-ander-herrera-y-podria-perderse-el-superclasico-ante-river\\\/#breadcrumb\",\"itemListElement\":[{\"@type\":\"ListItem\",\"position\":1,\"name\":\"Portada\",\"item\":\"https:\\\/\\\/informelitoral.com.ar\\\/\"},{\"@type\":\"ListItem\",\"position\":2,\"name\":\"Boca Juniors: se confirm\u00f3 la lesi\u00f3n de Ander Herrera y podr\u00eda perderse el Supercl\u00e1sico ante River\"}]},{\"@type\":\"WebSite\",\"@id\":\"https:\\\/\\\/informelitoral.com.ar\\\/#website\",\"url\":\"https:\\\/\\\/informelitoral.com.ar\\\/\",\"name\":\"Informe Litoral\",\"description\":\"&quot;Nos informamos&quot; \",\"publisher\":{\"@id\":\"https:\\\/\\\/informelitoral.com.ar\\\/#organization\"},\"potentialAction\":[{\"@type\":\"SearchAction\",\"target\":{\"@type\":\"EntryPoint\",\"urlTemplate\":\"https:\\\/\\\/informelitoral.com.ar\\\/?s={search_term_string}\"},\"query-input\":{\"@type\":\"PropertyValueSpecification\",\"valueRequired\":true,\"valueName\":\"search_term_string\"}}],\"inLanguage\":\"es\"},{\"@type\":\"Organization\",\"@id\":\"https:\\\/\\\/informelitoral.com.ar\\\/#organization\",\"name\":\"Informe Litoral\",\"url\":\"https:\\\/\\\/informelitoral.com.ar\\\/\",\"logo\":{\"@type\":\"ImageObject\",\"inLanguage\":\"es\",\"@id\":\"https:\\\/\\\/informelitoral.com.ar\\\/#\\\/schema\\\/logo\\\/image\\\/\",\"url\":\"https:\\\/\\\/informelitoral.com.ar\\\/%77%70%2d%63%6f%6e%74%65%6e%74\\\/uploads\\\/2021\\\/01\\\/circulo.png\",\"contentUrl\":\"https:\\\/\\\/informelitoral.com.ar\\\/%77%70%2d%63%6f%6e%74%65%6e%74\\\/uploads\\\/2021\\\/01\\\/circulo.png\",\"width\":723,\"height\":731,\"caption\":\"Informe Litoral\"},\"image\":{\"@id\":\"https:\\\/\\\/informelitoral.com.ar\\\/#\\\/schema\\\/logo\\\/image\\\/\"},\"sameAs\":[\"https:\\\/\\\/www.facebook.com\\\/informelitoral\\\/\",\"https:\\\/\\\/x.com\\\/InformeLitoral\",\"https:\\\/\\\/www.instagram.com\\\/informelitoral\\\/\",\"https:\\\/\\\/www.youtube.com\\\/channel\\\/UCua4Qvz8Icb6MYqhoq9xLXw\"]},{\"@type\":\"Person\",\"@id\":\"https:\\\/\\\/informelitoral.com.ar\\\/#\\\/schema\\\/person\\\/f05f9f461677119578717524b127d6d5\",\"name\":\"Sebastian\",\"image\":{\"@type\":\"ImageObject\",\"inLanguage\":\"es\",\"@id\":\"https:\\\/\\\/secure.gravatar.com\\\/avatar\\\/b71bf7481d447dfb9583c7f2798e7cc64de6efb9067b74633ed8c31059a3bd82?s=96&d=mm&r=g\",\"url\":\"https:\\\/\\\/secure.gravatar.com\\\/avatar\\\/b71bf7481d447dfb9583c7f2798e7cc64de6efb9067b74633ed8c31059a3bd82?s=96&d=mm&r=g\",\"contentUrl\":\"https:\\\/\\\/secure.gravatar.com\\\/avatar\\\/b71bf7481d447dfb9583c7f2798e7cc64de6efb9067b74633ed8c31059a3bd82?s=96&d=mm&r=g\",\"caption\":\"Sebastian\"},\"url\":\"https:\\\/\\\/informelitoral.com.ar\\\/author\\\/sebastian\\\/\"}]}<\/script>","yoast_head_json":{"title":"Boca Juniors: se confirm\u00f3 la lesi\u00f3n de Ander Herrera y podr\u00eda perderse el Supercl\u00e1sico ante River - Informe Litoral","robots":{"index":"index","follow":"follow","max-snippet":"max-snippet:-1","max-image-preview":"max-image-preview:large","max-video-preview":"max-video-preview:-1"},"canonical":"https:\/\/informelitoral.com.ar\/boca-juniors-se-confirmo-la-lesion-de-ander-herrera-y-podria-perderse-el-superclasico-ante-river\/","og_locale":"es_ES","og_type":"article","og_title":"Boca Juniors: se confirm\u00f3 la lesi\u00f3n de Ander Herrera y podr\u00eda perderse el Supercl\u00e1sico ante River - Informe Litoral","og_description":"El espa\u00f1ol sinti\u00f3 una molesta en el partido ante Newell\u2019s en Rosario. Este martes se conocieron los resultados de los estudios m\u00e9dicos.","og_url":"https:\/\/informelitoral.com.ar\/boca-juniors-se-confirmo-la-lesion-de-ander-herrera-y-podria-perderse-el-superclasico-ante-river\/","og_site_name":"Informe Litoral","article_publisher":"https:\/\/www.facebook.com\/informelitoral\/","article_published_time":"2025-04-02T12:58:45+00:00","article_modified_time":"2025-04-02T13:01:53+00:00","og_image":[{"width":1980,"height":1320,"url":"https:\/\/informelitoral.com.ar\/%77%70%2d%63%6f%6e%74%65%6e%74\/uploads\/2025\/04\/67c7327b4aa64.jpeg","type":"image\/jpeg"}],"author":"Sebastian","twitter_card":"summary_large_image","twitter_creator":"@InformeLitoral","twitter_site":"@InformeLitoral","twitter_misc":{"Escrito por":"Sebastian","Tiempo de lectura":"2 minutos"},"schema":{"@context":"https:\/\/schema.org","@graph":[{"@type":"Article","@id":"https:\/\/informelitoral.com.ar\/boca-juniors-se-confirmo-la-lesion-de-ander-herrera-y-podria-perderse-el-superclasico-ante-river\/#article","isPartOf":{"@id":"https:\/\/informelitoral.com.ar\/boca-juniors-se-confirmo-la-lesion-de-ander-herrera-y-podria-perderse-el-superclasico-ante-river\/"},"author":{"name":"Sebastian","@id":"https:\/\/informelitoral.com.ar\/#\/schema\/person\/f05f9f461677119578717524b127d6d5"},"headline":"Boca Juniors: se confirm\u00f3 la lesi\u00f3n de Ander Herrera y podr\u00eda perderse el Supercl\u00e1sico ante River","datePublished":"2025-04-02T12:58:45+00:00","dateModified":"2025-04-02T13:01:53+00:00","mainEntityOfPage":{"@id":"https:\/\/informelitoral.com.ar\/boca-juniors-se-confirmo-la-lesion-de-ander-herrera-y-podria-perderse-el-superclasico-ante-river\/"},"wordCount":353,"commentCount":0,"publisher":{"@id":"https:\/\/informelitoral.com.ar\/#organization"},"image":{"@id":"https:\/\/informelitoral.com.ar\/boca-juniors-se-confirmo-la-lesion-de-ander-herrera-y-podria-perderse-el-superclasico-ante-river\/#primaryimage"},"thumbnailUrl":"https:\/\/informelitoral.com.ar\/%77%70%2d%63%6f%6e%74%65%6e%74\/uploads\/2025\/04\/67c7327b4aa64.jpeg","keywords":["Ander Herrera","Boca Juniors","Lesionado"],"articleSection":["Deportes"],"inLanguage":"es","potentialAction":[{"@type":"CommentAction","name":"Comment","target":["https:\/\/informelitoral.com.ar\/boca-juniors-se-confirmo-la-lesion-de-ander-herrera-y-podria-perderse-el-superclasico-ante-river\/#respond"]}]},{"@type":"WebPage","@id":"https:\/\/informelitoral.com.ar\/boca-juniors-se-confirmo-la-lesion-de-ander-herrera-y-podria-perderse-el-superclasico-ante-river\/","url":"https:\/\/informelitoral.com.ar\/boca-juniors-se-confirmo-la-lesion-de-ander-herrera-y-podria-perderse-el-superclasico-ante-river\/","name":"Boca Juniors: se confirm\u00f3 la lesi\u00f3n de Ander Herrera y podr\u00eda perderse el Supercl\u00e1sico ante River - Informe Litoral","isPartOf":{"@id":"https:\/\/informelitoral.com.ar\/#website"},"primaryImageOfPage":{"@id":"https:\/\/informelitoral.com.ar\/boca-juniors-se-confirmo-la-lesion-de-ander-herrera-y-podria-perderse-el-superclasico-ante-river\/#primaryimage"},"image":{"@id":"https:\/\/informelitoral.com.ar\/boca-juniors-se-confirmo-la-lesion-de-ander-herrera-y-podria-perderse-el-superclasico-ante-river\/#primaryimage"},"thumbnailUrl":"https:\/\/informelitoral.com.ar\/%77%70%2d%63%6f%6e%74%65%6e%74\/uploads\/2025\/04\/67c7327b4aa64.jpeg","datePublished":"2025-04-02T12:58:45+00:00","dateModified":"2025-04-02T13:01:53+00:00","breadcrumb":{"@id":"https:\/\/informelitoral.com.ar\/boca-juniors-se-confirmo-la-lesion-de-ander-herrera-y-podria-perderse-el-superclasico-ante-river\/#breadcrumb"},"inLanguage":"es","potentialAction":[{"@type":"ReadAction","target":["https:\/\/informelitoral.com.ar\/boca-juniors-se-confirmo-la-lesion-de-ander-herrera-y-podria-perderse-el-superclasico-ante-river\/"]}]},{"@type":"ImageObject","inLanguage":"es","@id":"https:\/\/informelitoral.com.ar\/boca-juniors-se-confirmo-la-lesion-de-ander-herrera-y-podria-perderse-el-superclasico-ante-river\/#primaryimage","url":"https:\/\/informelitoral.com.ar\/%77%70%2d%63%6f%6e%74%65%6e%74\/uploads\/2025\/04\/67c7327b4aa64.jpeg","contentUrl":"https:\/\/informelitoral.com.ar\/%77%70%2d%63%6f%6e%74%65%6e%74\/uploads\/2025\/04\/67c7327b4aa64.jpeg","width":1980,"height":1320},{"@type":"BreadcrumbList","@id":"https:\/\/informelitoral.com.ar\/boca-juniors-se-confirmo-la-lesion-de-ander-herrera-y-podria-perderse-el-superclasico-ante-river\/#breadcrumb","itemListElement":[{"@type":"ListItem","position":1,"name":"Portada","item":"https:\/\/informelitoral.com.ar\/"},{"@type":"ListItem","position":2,"name":"Boca Juniors: se confirm\u00f3 la lesi\u00f3n de Ander Herrera y podr\u00eda perderse el Supercl\u00e1sico ante River"}]},{"@type":"WebSite","@id":"https:\/\/informelitoral.com.ar\/#website","url":"https:\/\/informelitoral.com.ar\/","name":"Informe Litoral","description":"&quot;Nos informamos&quot; ","publisher":{"@id":"https:\/\/informelitoral.com.ar\/#organization"},"potentialAction":[{"@type":"SearchAction","target":{"@type":"EntryPoint","urlTemplate":"https:\/\/informelitoral.com.ar\/?s={search_term_string}"},"query-input":{"@type":"PropertyValueSpecification","valueRequired":true,"valueName":"search_term_string"}}],"inLanguage":"es"},{"@type":"Organization","@id":"https:\/\/informelitoral.com.ar\/#organization","name":"Informe Litoral","url":"https:\/\/informelitoral.com.ar\/","logo":{"@type":"ImageObject","inLanguage":"es","@id":"https:\/\/informelitoral.com.ar\/#\/schema\/logo\/image\/","url":"https:\/\/informelitoral.com.ar\/%77%70%2d%63%6f%6e%74%65%6e%74\/uploads\/2021\/01\/circulo.png","contentUrl":"https:\/\/informelitoral.com.ar\/%77%70%2d%63%6f%6e%74%65%6e%74\/uploads\/2021\/01\/circulo.png","width":723,"height":731,"caption":"Informe Litoral"},"image":{"@id":"https:\/\/informelitoral.com.ar\/#\/schema\/logo\/image\/"},"sameAs":["https:\/\/www.facebook.com\/informelitoral\/","https:\/\/x.com\/InformeLitoral","https:\/\/www.instagram.com\/informelitoral\/","https:\/\/www.youtube.com\/channel\/UCua4Qvz8Icb6MYqhoq9xLXw"]},{"@type":"Person","@id":"https:\/\/informelitoral.com.ar\/#\/schema\/person\/f05f9f461677119578717524b127d6d5","name":"Sebastian","image":{"@type":"ImageObject","inLanguage":"es","@id":"https:\/\/secure.gravatar.com\/avatar\/b71bf7481d447dfb9583c7f2798e7cc64de6efb9067b74633ed8c31059a3bd82?s=96&d=mm&r=g","url":"https:\/\/secure.gravatar.com\/avatar\/b71bf7481d447dfb9583c7f2798e7cc64de6efb9067b74633ed8c31059a3bd82?s=96&d=mm&r=g","contentUrl":"https:\/\/secure.gravatar.com\/avatar\/b71bf7481d447dfb9583c7f2798e7cc64de6efb9067b74633ed8c31059a3bd82?s=96&d=mm&r=g","caption":"Sebastian"},"url":"https:\/\/informelitoral.com.ar\/author\/sebastian\/"}]}},"_links":{"self":[{"href":"https:\/\/informelitoral.com.ar\/%77%70%2d%6a%73%6f%6e\/wp\/v2\/posts\/217046","targetHints":{"allow":["GET"]}}],"collection":[{"href":"https:\/\/informelitoral.com.ar\/%77%70%2d%6a%73%6f%6e\/wp\/v2\/posts"}],"about":[{"href":"https:\/\/informelitoral.com.ar\/%77%70%2d%6a%73%6f%6e\/wp\/v2\/types\/post"}],"author":[{"embeddable":true,"href":"https:\/\/informelitoral.com.ar\/%77%70%2d%6a%73%6f%6e\/wp\/v2\/users\/8"}],"replies":[{"embeddable":true,"href":"https:\/\/informelitoral.com.ar\/%77%70%2d%6a%73%6f%6e\/wp\/v2\/comments?post=217046"}],"version-history":[{"count":0,"href":"https:\/\/informelitoral.com.ar\/%77%70%2d%6a%73%6f%6e\/wp\/v2\/posts\/217046\/revisions"}],"wp:featuredmedia":[{"embeddable":true,"href":"https:\/\/informelitoral.com.ar\/%77%70%2d%6a%73%6f%6e\/wp\/v2\/media\/217047"}],"wp:attachment":[{"href":"https:\/\/informelitoral.com.ar\/%77%70%2d%6a%73%6f%6e\/wp\/v2\/media?parent=217046"}],"wp:term":[{"taxonomy":"category","embeddable":true,"href":"https:\/\/informelitoral.com.ar\/%77%70%2d%6a%73%6f%6e\/wp\/v2\/categories?post=217046"},{"taxonomy":"post_tag","embeddable":true,"href":"https:\/\/informelitoral.com.ar\/%77%70%2d%6a%73%6f%6e\/wp\/v2\/tags?post=217046"}],"curies":[{"name":"wp","href":"https:\/\/api.w.org\/{rel}","templated":true}]}}