{"id":216985,"date":"2025-04-02T08:05:12","date_gmt":"2025-04-02T11:05:12","guid":{"rendered":"https:\/\/informelitoral.com.ar\/?p=216985"},"modified":"2025-04-03T06:24:51","modified_gmt":"2025-04-03T09:24:51","slug":"general-ramirez-impulsa-su-desarrollo-industrial-con-inversion-en-infraestructura-electrica","status":"publish","type":"post","link":"https:\/\/informelitoral.com.ar\/general-ramirez-impulsa-su-desarrollo-industrial-con-inversion-en-infraestructura-electrica\/","title":{"rendered":"General Ram\u00edrez impulsa su desarrollo industrial con inversi\u00f3n en infraestructura El\u00e9ctrica"},"content":{"rendered":"<p>La intendenta<strong> Flavia Pamberger<\/strong>, junto a su gabinete, recibi\u00f3 al ministro <strong>Manuel Troncoso<\/strong> para presentar un informe de gesti\u00f3n y detallar las principales obras de infraestructura necesarias para el desarrollo de la ciudad. El encuentro culmin\u00f3 con una visita al Parque Industrial, donde se destac\u00f3 la reciente inversi\u00f3n en mejoras el\u00e9ctricas.<\/p>\n<p>El <strong>Parque Industrial de General Ram\u00edrez<\/strong>, con una superficie de 23 hect\u00e1reas, fue el centro de atenci\u00f3n durante la visita. Se resalt\u00f3 la reciente obra realizada por <strong>Enersa<\/strong>, empresa de la cual Troncoso es vicepresidente, que consisti\u00f3 en la colocaci\u00f3n de 1.100 metros de l\u00ednea de media tensi\u00f3n y 400 metros de baja tensi\u00f3n. Esta mejora, con una inversi\u00f3n de 228.000.000 pesos, optimiza el abastecimiento energ\u00e9tico en la zona industrial. Los trabajos, que comenzaron a mediados de 2024, finalizaron en enero de este a\u00f1o.<\/p>\n<p>El ministro Manuel Troncoso destac\u00f3 la importancia del trabajo conjunto entre la provincia y los municipios: \u00abEstamos muy contentos de estar en territorio, trabajando con los municipios. El gobernador <strong>Rogelio Frigerio<\/strong> plantea metas y un norte claro: trabajar por el desarrollo estrat\u00e9gico de nuestra provincia. Y no hay desarrollo si no trabajamos estrat\u00e9gicamente juntos y en sinergia junto a los municipios y gobiernos locales\u00bb.<\/p>\n<p>Adem\u00e1s, agreg\u00f3: \u00abNosotros creemos en la presencia del Estado, pero un Estado activo, eficiente, moderno y poniendo los recursos donde deben estar. Apostamos a una provincia que crezca, que produzca valor agregado y que cree empleo genuino\u00bb.<\/p>\n<p>Por su parte, la intendenta Pamberger resalt\u00f3 la colaboraci\u00f3n con la provincia: \u00abEstamos trabajando en conjunto con la provincia para gestionar obras de infraestructura para la ciudad. Recorrimos la obra de energ\u00eda el\u00e9ctrica en el Parque Industrial con inversi\u00f3n del municipio y de Enersa. Es un tendido el\u00e9ctrico para que las empresas cuenten con m\u00e1s potencia, para que otras empresas puedan instalarse y expandirse y seguir generando puestos de trabajo en beneficio de la comunidad\u00bb.<\/p>\n<p>Del encuentro en el municipio y la recorrida por el Parque Industrial participaron los legisladores <strong>Gustavo Vergara y Lenico Aranda, el secretario de Asuntos Pol\u00edticos, Juli\u00e1n Maneiro<\/strong>, y el gabinete municipal.<\/p>\n","protected":false},"excerpt":{"rendered":"<p>El ministro de Gobierno y Trabajo de Entre R\u00edos, Manuel Troncoso, visit\u00f3 la localidad de General Ram\u00edrez, donde mantuvo un encuentro de trabajo con la intendenta Flavia Pamberger y los legisladores Gustavo Vergara y Lenico Aranda. Posteriormente recorrieron el Parque Industrial y la obra de energ\u00eda el\u00e9ctrica. <\/p>\n","protected":false},"author":8,"featured_media":216986,"comment_status":"open","ping_status":"open","sticky":false,"template":"","format":"standard","meta":{"fifu_image_url":"","fifu_image_alt":"","footnotes":""},"categories":[5,4586],"tags":[556,201,1520,27],"class_list":{"0":"post-216985","1":"post","2":"type-post","3":"status-publish","4":"format-standard","5":"has-post-thumbnail","7":"category-zonales","8":"category-general-ramirez","9":"tag-general-ramirez","10":"tag-municipios","11":"tag-parque-industrial","12":"tag-ramirez"},"yoast_head":"<title>General Ram\u00edrez impulsa su desarrollo industrial con inversi\u00f3n en infraestructura El\u00e9ctrica - Informe Litoral<\/title>\n<meta name=\"robots\" content=\"index, follow, max-snippet:-1, max-image-preview:large, max-video-preview:-1\" \/>\n<link rel=\"canonical\" href=\"https:\/\/informelitoral.com.ar\/general-ramirez-impulsa-su-desarrollo-industrial-con-inversion-en-infraestructura-electrica\/\" \/>\n<meta property=\"og:locale\" content=\"es_ES\" \/>\n<meta property=\"og:type\" content=\"article\" \/>\n<meta property=\"og:title\" content=\"General Ram\u00edrez impulsa su desarrollo industrial con inversi\u00f3n en infraestructura El\u00e9ctrica - Informe Litoral\" \/>\n<meta property=\"og:description\" content=\"El ministro de Gobierno y Trabajo de Entre R\u00edos, Manuel Troncoso, visit\u00f3 la localidad de General Ram\u00edrez, donde mantuvo un encuentro de trabajo con la intendenta Flavia Pamberger y los legisladores Gustavo Vergara y Lenico Aranda. Posteriormente recorrieron el Parque Industrial y la obra de energ\u00eda el\u00e9ctrica.\" \/>\n<meta property=\"og:url\" content=\"https:\/\/informelitoral.com.ar\/general-ramirez-impulsa-su-desarrollo-industrial-con-inversion-en-infraestructura-electrica\/\" \/>\n<meta property=\"og:site_name\" content=\"Informe Litoral\" \/>\n<meta property=\"article:publisher\" content=\"https:\/\/www.facebook.com\/informelitoral\/\" \/>\n<meta property=\"article:published_time\" content=\"2025-04-02T11:05:12+00:00\" \/>\n<meta property=\"article:modified_time\" content=\"2025-04-03T09:24:51+00:00\" \/>\n<meta property=\"og:image\" content=\"https:\/\/informelitoral.com.ar\/%77%70%2d%63%6f%6e%74%65%6e%74\/uploads\/2025\/04\/MT-Ramirez-1.jpg\" \/>\n\t<meta property=\"og:image:width\" content=\"1920\" \/>\n\t<meta property=\"og:image:height\" content=\"1280\" \/>\n\t<meta property=\"og:image:type\" content=\"image\/jpeg\" \/>\n<meta name=\"author\" content=\"Sebastian\" \/>\n<meta name=\"twitter:card\" content=\"summary_large_image\" \/>\n<meta name=\"twitter:creator\" content=\"@InformeLitoral\" \/>\n<meta name=\"twitter:site\" content=\"@InformeLitoral\" \/>\n<meta name=\"twitter:label1\" content=\"Escrito por\" \/>\n\t<meta name=\"twitter:data1\" content=\"Sebastian\" \/>\n\t<meta name=\"twitter:label2\" content=\"Tiempo de lectura\" \/>\n\t<meta name=\"twitter:data2\" content=\"2 minutos\" \/>\n<script type=\"application\/ld+json\" class=\"yoast-schema-graph\">{\"@context\":\"https:\\\/\\\/schema.org\",\"@graph\":[{\"@type\":\"Article\",\"@id\":\"https:\\\/\\\/informelitoral.com.ar\\\/general-ramirez-impulsa-su-desarrollo-industrial-con-inversion-en-infraestructura-electrica\\\/#article\",\"isPartOf\":{\"@id\":\"https:\\\/\\\/informelitoral.com.ar\\\/general-ramirez-impulsa-su-desarrollo-industrial-con-inversion-en-infraestructura-electrica\\\/\"},\"author\":{\"name\":\"Sebastian\",\"@id\":\"https:\\\/\\\/informelitoral.com.ar\\\/#\\\/schema\\\/person\\\/f05f9f461677119578717524b127d6d5\"},\"headline\":\"General Ram\u00edrez impulsa su desarrollo industrial con inversi\u00f3n en infraestructura El\u00e9ctrica\",\"datePublished\":\"2025-04-02T11:05:12+00:00\",\"dateModified\":\"2025-04-03T09:24:51+00:00\",\"mainEntityOfPage\":{\"@id\":\"https:\\\/\\\/informelitoral.com.ar\\\/general-ramirez-impulsa-su-desarrollo-industrial-con-inversion-en-infraestructura-electrica\\\/\"},\"wordCount\":375,\"commentCount\":0,\"publisher\":{\"@id\":\"https:\\\/\\\/informelitoral.com.ar\\\/#organization\"},\"image\":{\"@id\":\"https:\\\/\\\/informelitoral.com.ar\\\/general-ramirez-impulsa-su-desarrollo-industrial-con-inversion-en-infraestructura-electrica\\\/#primaryimage\"},\"thumbnailUrl\":\"https:\\\/\\\/informelitoral.com.ar\\\/%77%70%2d%63%6f%6e%74%65%6e%74\\\/uploads\\\/2025\\\/04\\\/MT-Ramirez-1.jpg\",\"keywords\":[\"General Ram\u00edrez\",\"Municipios\",\"Parque Industrial\",\"Ram\u00edrez\"],\"articleSection\":[\"Departamento Diamante\",\"General Ram\u00edrez\"],\"inLanguage\":\"es\",\"potentialAction\":[{\"@type\":\"CommentAction\",\"name\":\"Comment\",\"target\":[\"https:\\\/\\\/informelitoral.com.ar\\\/general-ramirez-impulsa-su-desarrollo-industrial-con-inversion-en-infraestructura-electrica\\\/#respond\"]}]},{\"@type\":\"WebPage\",\"@id\":\"https:\\\/\\\/informelitoral.com.ar\\\/general-ramirez-impulsa-su-desarrollo-industrial-con-inversion-en-infraestructura-electrica\\\/\",\"url\":\"https:\\\/\\\/informelitoral.com.ar\\\/general-ramirez-impulsa-su-desarrollo-industrial-con-inversion-en-infraestructura-electrica\\\/\",\"name\":\"General Ram\u00edrez impulsa su desarrollo industrial con inversi\u00f3n en infraestructura El\u00e9ctrica - Informe Litoral\",\"isPartOf\":{\"@id\":\"https:\\\/\\\/informelitoral.com.ar\\\/#website\"},\"primaryImageOfPage\":{\"@id\":\"https:\\\/\\\/informelitoral.com.ar\\\/general-ramirez-impulsa-su-desarrollo-industrial-con-inversion-en-infraestructura-electrica\\\/#primaryimage\"},\"image\":{\"@id\":\"https:\\\/\\\/informelitoral.com.ar\\\/general-ramirez-impulsa-su-desarrollo-industrial-con-inversion-en-infraestructura-electrica\\\/#primaryimage\"},\"thumbnailUrl\":\"https:\\\/\\\/informelitoral.com.ar\\\/%77%70%2d%63%6f%6e%74%65%6e%74\\\/uploads\\\/2025\\\/04\\\/MT-Ramirez-1.jpg\",\"datePublished\":\"2025-04-02T11:05:12+00:00\",\"dateModified\":\"2025-04-03T09:24:51+00:00\",\"breadcrumb\":{\"@id\":\"https:\\\/\\\/informelitoral.com.ar\\\/general-ramirez-impulsa-su-desarrollo-industrial-con-inversion-en-infraestructura-electrica\\\/#breadcrumb\"},\"inLanguage\":\"es\",\"potentialAction\":[{\"@type\":\"ReadAction\",\"target\":[\"https:\\\/\\\/informelitoral.com.ar\\\/general-ramirez-impulsa-su-desarrollo-industrial-con-inversion-en-infraestructura-electrica\\\/\"]}]},{\"@type\":\"ImageObject\",\"inLanguage\":\"es\",\"@id\":\"https:\\\/\\\/informelitoral.com.ar\\\/general-ramirez-impulsa-su-desarrollo-industrial-con-inversion-en-infraestructura-electrica\\\/#primaryimage\",\"url\":\"https:\\\/\\\/informelitoral.com.ar\\\/%77%70%2d%63%6f%6e%74%65%6e%74\\\/uploads\\\/2025\\\/04\\\/MT-Ramirez-1.jpg\",\"contentUrl\":\"https:\\\/\\\/informelitoral.com.ar\\\/%77%70%2d%63%6f%6e%74%65%6e%74\\\/uploads\\\/2025\\\/04\\\/MT-Ramirez-1.jpg\",\"width\":1920,\"height\":1280},{\"@type\":\"BreadcrumbList\",\"@id\":\"https:\\\/\\\/informelitoral.com.ar\\\/general-ramirez-impulsa-su-desarrollo-industrial-con-inversion-en-infraestructura-electrica\\\/#breadcrumb\",\"itemListElement\":[{\"@type\":\"ListItem\",\"position\":1,\"name\":\"Portada\",\"item\":\"https:\\\/\\\/informelitoral.com.ar\\\/\"},{\"@type\":\"ListItem\",\"position\":2,\"name\":\"General Ram\u00edrez impulsa su desarrollo industrial con inversi\u00f3n en infraestructura El\u00e9ctrica\"}]},{\"@type\":\"WebSite\",\"@id\":\"https:\\\/\\\/informelitoral.com.ar\\\/#website\",\"url\":\"https:\\\/\\\/informelitoral.com.ar\\\/\",\"name\":\"Informe Litoral\",\"description\":\"&quot;Nos informamos&quot; \",\"publisher\":{\"@id\":\"https:\\\/\\\/informelitoral.com.ar\\\/#organization\"},\"potentialAction\":[{\"@type\":\"SearchAction\",\"target\":{\"@type\":\"EntryPoint\",\"urlTemplate\":\"https:\\\/\\\/informelitoral.com.ar\\\/?s={search_term_string}\"},\"query-input\":{\"@type\":\"PropertyValueSpecification\",\"valueRequired\":true,\"valueName\":\"search_term_string\"}}],\"inLanguage\":\"es\"},{\"@type\":\"Organization\",\"@id\":\"https:\\\/\\\/informelitoral.com.ar\\\/#organization\",\"name\":\"Informe Litoral\",\"url\":\"https:\\\/\\\/informelitoral.com.ar\\\/\",\"logo\":{\"@type\":\"ImageObject\",\"inLanguage\":\"es\",\"@id\":\"https:\\\/\\\/informelitoral.com.ar\\\/#\\\/schema\\\/logo\\\/image\\\/\",\"url\":\"https:\\\/\\\/informelitoral.com.ar\\\/%77%70%2d%63%6f%6e%74%65%6e%74\\\/uploads\\\/2021\\\/01\\\/circulo.png\",\"contentUrl\":\"https:\\\/\\\/informelitoral.com.ar\\\/%77%70%2d%63%6f%6e%74%65%6e%74\\\/uploads\\\/2021\\\/01\\\/circulo.png\",\"width\":723,\"height\":731,\"caption\":\"Informe Litoral\"},\"image\":{\"@id\":\"https:\\\/\\\/informelitoral.com.ar\\\/#\\\/schema\\\/logo\\\/image\\\/\"},\"sameAs\":[\"https:\\\/\\\/www.facebook.com\\\/informelitoral\\\/\",\"https:\\\/\\\/x.com\\\/InformeLitoral\",\"https:\\\/\\\/www.instagram.com\\\/informelitoral\\\/\",\"https:\\\/\\\/www.youtube.com\\\/channel\\\/UCua4Qvz8Icb6MYqhoq9xLXw\"]},{\"@type\":\"Person\",\"@id\":\"https:\\\/\\\/informelitoral.com.ar\\\/#\\\/schema\\\/person\\\/f05f9f461677119578717524b127d6d5\",\"name\":\"Sebastian\",\"image\":{\"@type\":\"ImageObject\",\"inLanguage\":\"es\",\"@id\":\"https:\\\/\\\/secure.gravatar.com\\\/avatar\\\/b71bf7481d447dfb9583c7f2798e7cc64de6efb9067b74633ed8c31059a3bd82?s=96&d=mm&r=g\",\"url\":\"https:\\\/\\\/secure.gravatar.com\\\/avatar\\\/b71bf7481d447dfb9583c7f2798e7cc64de6efb9067b74633ed8c31059a3bd82?s=96&d=mm&r=g\",\"contentUrl\":\"https:\\\/\\\/secure.gravatar.com\\\/avatar\\\/b71bf7481d447dfb9583c7f2798e7cc64de6efb9067b74633ed8c31059a3bd82?s=96&d=mm&r=g\",\"caption\":\"Sebastian\"},\"url\":\"https:\\\/\\\/informelitoral.com.ar\\\/author\\\/sebastian\\\/\"}]}<\/script>","yoast_head_json":{"title":"General Ram\u00edrez impulsa su desarrollo industrial con inversi\u00f3n en infraestructura El\u00e9ctrica - Informe Litoral","robots":{"index":"index","follow":"follow","max-snippet":"max-snippet:-1","max-image-preview":"max-image-preview:large","max-video-preview":"max-video-preview:-1"},"canonical":"https:\/\/informelitoral.com.ar\/general-ramirez-impulsa-su-desarrollo-industrial-con-inversion-en-infraestructura-electrica\/","og_locale":"es_ES","og_type":"article","og_title":"General Ram\u00edrez impulsa su desarrollo industrial con inversi\u00f3n en infraestructura El\u00e9ctrica - Informe Litoral","og_description":"El ministro de Gobierno y Trabajo de Entre R\u00edos, Manuel Troncoso, visit\u00f3 la localidad de General Ram\u00edrez, donde mantuvo un encuentro de trabajo con la intendenta Flavia Pamberger y los legisladores Gustavo Vergara y Lenico Aranda. Posteriormente recorrieron el Parque Industrial y la obra de energ\u00eda el\u00e9ctrica.","og_url":"https:\/\/informelitoral.com.ar\/general-ramirez-impulsa-su-desarrollo-industrial-con-inversion-en-infraestructura-electrica\/","og_site_name":"Informe Litoral","article_publisher":"https:\/\/www.facebook.com\/informelitoral\/","article_published_time":"2025-04-02T11:05:12+00:00","article_modified_time":"2025-04-03T09:24:51+00:00","og_image":[{"width":1920,"height":1280,"url":"https:\/\/informelitoral.com.ar\/%77%70%2d%63%6f%6e%74%65%6e%74\/uploads\/2025\/04\/MT-Ramirez-1.jpg","type":"image\/jpeg"}],"author":"Sebastian","twitter_card":"summary_large_image","twitter_creator":"@InformeLitoral","twitter_site":"@InformeLitoral","twitter_misc":{"Escrito por":"Sebastian","Tiempo de lectura":"2 minutos"},"schema":{"@context":"https:\/\/schema.org","@graph":[{"@type":"Article","@id":"https:\/\/informelitoral.com.ar\/general-ramirez-impulsa-su-desarrollo-industrial-con-inversion-en-infraestructura-electrica\/#article","isPartOf":{"@id":"https:\/\/informelitoral.com.ar\/general-ramirez-impulsa-su-desarrollo-industrial-con-inversion-en-infraestructura-electrica\/"},"author":{"name":"Sebastian","@id":"https:\/\/informelitoral.com.ar\/#\/schema\/person\/f05f9f461677119578717524b127d6d5"},"headline":"General Ram\u00edrez impulsa su desarrollo industrial con inversi\u00f3n en infraestructura El\u00e9ctrica","datePublished":"2025-04-02T11:05:12+00:00","dateModified":"2025-04-03T09:24:51+00:00","mainEntityOfPage":{"@id":"https:\/\/informelitoral.com.ar\/general-ramirez-impulsa-su-desarrollo-industrial-con-inversion-en-infraestructura-electrica\/"},"wordCount":375,"commentCount":0,"publisher":{"@id":"https:\/\/informelitoral.com.ar\/#organization"},"image":{"@id":"https:\/\/informelitoral.com.ar\/general-ramirez-impulsa-su-desarrollo-industrial-con-inversion-en-infraestructura-electrica\/#primaryimage"},"thumbnailUrl":"https:\/\/informelitoral.com.ar\/%77%70%2d%63%6f%6e%74%65%6e%74\/uploads\/2025\/04\/MT-Ramirez-1.jpg","keywords":["General Ram\u00edrez","Municipios","Parque Industrial","Ram\u00edrez"],"articleSection":["Departamento Diamante","General Ram\u00edrez"],"inLanguage":"es","potentialAction":[{"@type":"CommentAction","name":"Comment","target":["https:\/\/informelitoral.com.ar\/general-ramirez-impulsa-su-desarrollo-industrial-con-inversion-en-infraestructura-electrica\/#respond"]}]},{"@type":"WebPage","@id":"https:\/\/informelitoral.com.ar\/general-ramirez-impulsa-su-desarrollo-industrial-con-inversion-en-infraestructura-electrica\/","url":"https:\/\/informelitoral.com.ar\/general-ramirez-impulsa-su-desarrollo-industrial-con-inversion-en-infraestructura-electrica\/","name":"General Ram\u00edrez impulsa su desarrollo industrial con inversi\u00f3n en infraestructura El\u00e9ctrica - Informe Litoral","isPartOf":{"@id":"https:\/\/informelitoral.com.ar\/#website"},"primaryImageOfPage":{"@id":"https:\/\/informelitoral.com.ar\/general-ramirez-impulsa-su-desarrollo-industrial-con-inversion-en-infraestructura-electrica\/#primaryimage"},"image":{"@id":"https:\/\/informelitoral.com.ar\/general-ramirez-impulsa-su-desarrollo-industrial-con-inversion-en-infraestructura-electrica\/#primaryimage"},"thumbnailUrl":"https:\/\/informelitoral.com.ar\/%77%70%2d%63%6f%6e%74%65%6e%74\/uploads\/2025\/04\/MT-Ramirez-1.jpg","datePublished":"2025-04-02T11:05:12+00:00","dateModified":"2025-04-03T09:24:51+00:00","breadcrumb":{"@id":"https:\/\/informelitoral.com.ar\/general-ramirez-impulsa-su-desarrollo-industrial-con-inversion-en-infraestructura-electrica\/#breadcrumb"},"inLanguage":"es","potentialAction":[{"@type":"ReadAction","target":["https:\/\/informelitoral.com.ar\/general-ramirez-impulsa-su-desarrollo-industrial-con-inversion-en-infraestructura-electrica\/"]}]},{"@type":"ImageObject","inLanguage":"es","@id":"https:\/\/informelitoral.com.ar\/general-ramirez-impulsa-su-desarrollo-industrial-con-inversion-en-infraestructura-electrica\/#primaryimage","url":"https:\/\/informelitoral.com.ar\/%77%70%2d%63%6f%6e%74%65%6e%74\/uploads\/2025\/04\/MT-Ramirez-1.jpg","contentUrl":"https:\/\/informelitoral.com.ar\/%77%70%2d%63%6f%6e%74%65%6e%74\/uploads\/2025\/04\/MT-Ramirez-1.jpg","width":1920,"height":1280},{"@type":"BreadcrumbList","@id":"https:\/\/informelitoral.com.ar\/general-ramirez-impulsa-su-desarrollo-industrial-con-inversion-en-infraestructura-electrica\/#breadcrumb","itemListElement":[{"@type":"ListItem","position":1,"name":"Portada","item":"https:\/\/informelitoral.com.ar\/"},{"@type":"ListItem","position":2,"name":"General Ram\u00edrez impulsa su desarrollo industrial con inversi\u00f3n en infraestructura El\u00e9ctrica"}]},{"@type":"WebSite","@id":"https:\/\/informelitoral.com.ar\/#website","url":"https:\/\/informelitoral.com.ar\/","name":"Informe Litoral","description":"&quot;Nos informamos&quot; ","publisher":{"@id":"https:\/\/informelitoral.com.ar\/#organization"},"potentialAction":[{"@type":"SearchAction","target":{"@type":"EntryPoint","urlTemplate":"https:\/\/informelitoral.com.ar\/?s={search_term_string}"},"query-input":{"@type":"PropertyValueSpecification","valueRequired":true,"valueName":"search_term_string"}}],"inLanguage":"es"},{"@type":"Organization","@id":"https:\/\/informelitoral.com.ar\/#organization","name":"Informe Litoral","url":"https:\/\/informelitoral.com.ar\/","logo":{"@type":"ImageObject","inLanguage":"es","@id":"https:\/\/informelitoral.com.ar\/#\/schema\/logo\/image\/","url":"https:\/\/informelitoral.com.ar\/%77%70%2d%63%6f%6e%74%65%6e%74\/uploads\/2021\/01\/circulo.png","contentUrl":"https:\/\/informelitoral.com.ar\/%77%70%2d%63%6f%6e%74%65%6e%74\/uploads\/2021\/01\/circulo.png","width":723,"height":731,"caption":"Informe Litoral"},"image":{"@id":"https:\/\/informelitoral.com.ar\/#\/schema\/logo\/image\/"},"sameAs":["https:\/\/www.facebook.com\/informelitoral\/","https:\/\/x.com\/InformeLitoral","https:\/\/www.instagram.com\/informelitoral\/","https:\/\/www.youtube.com\/channel\/UCua4Qvz8Icb6MYqhoq9xLXw"]},{"@type":"Person","@id":"https:\/\/informelitoral.com.ar\/#\/schema\/person\/f05f9f461677119578717524b127d6d5","name":"Sebastian","image":{"@type":"ImageObject","inLanguage":"es","@id":"https:\/\/secure.gravatar.com\/avatar\/b71bf7481d447dfb9583c7f2798e7cc64de6efb9067b74633ed8c31059a3bd82?s=96&d=mm&r=g","url":"https:\/\/secure.gravatar.com\/avatar\/b71bf7481d447dfb9583c7f2798e7cc64de6efb9067b74633ed8c31059a3bd82?s=96&d=mm&r=g","contentUrl":"https:\/\/secure.gravatar.com\/avatar\/b71bf7481d447dfb9583c7f2798e7cc64de6efb9067b74633ed8c31059a3bd82?s=96&d=mm&r=g","caption":"Sebastian"},"url":"https:\/\/informelitoral.com.ar\/author\/sebastian\/"}]}},"_links":{"self":[{"href":"https:\/\/informelitoral.com.ar\/%77%70%2d%6a%73%6f%6e\/wp\/v2\/posts\/216985","targetHints":{"allow":["GET"]}}],"collection":[{"href":"https:\/\/informelitoral.com.ar\/%77%70%2d%6a%73%6f%6e\/wp\/v2\/posts"}],"about":[{"href":"https:\/\/informelitoral.com.ar\/%77%70%2d%6a%73%6f%6e\/wp\/v2\/types\/post"}],"author":[{"embeddable":true,"href":"https:\/\/informelitoral.com.ar\/%77%70%2d%6a%73%6f%6e\/wp\/v2\/users\/8"}],"replies":[{"embeddable":true,"href":"https:\/\/informelitoral.com.ar\/%77%70%2d%6a%73%6f%6e\/wp\/v2\/comments?post=216985"}],"version-history":[{"count":0,"href":"https:\/\/informelitoral.com.ar\/%77%70%2d%6a%73%6f%6e\/wp\/v2\/posts\/216985\/revisions"}],"wp:featuredmedia":[{"embeddable":true,"href":"https:\/\/informelitoral.com.ar\/%77%70%2d%6a%73%6f%6e\/wp\/v2\/media\/216986"}],"wp:attachment":[{"href":"https:\/\/informelitoral.com.ar\/%77%70%2d%6a%73%6f%6e\/wp\/v2\/media?parent=216985"}],"wp:term":[{"taxonomy":"category","embeddable":true,"href":"https:\/\/informelitoral.com.ar\/%77%70%2d%6a%73%6f%6e\/wp\/v2\/categories?post=216985"},{"taxonomy":"post_tag","embeddable":true,"href":"https:\/\/informelitoral.com.ar\/%77%70%2d%6a%73%6f%6e\/wp\/v2\/tags?post=216985"}],"curies":[{"name":"wp","href":"https:\/\/api.w.org\/{rel}","templated":true}]}}