{"id":216976,"date":"2025-04-02T07:57:36","date_gmt":"2025-04-02T10:57:36","guid":{"rendered":"https:\/\/informelitoral.com.ar\/?p=216976"},"modified":"2025-04-02T07:57:36","modified_gmt":"2025-04-02T10:57:36","slug":"primeras-heladas-del-otono-el-frio-se-intensifica-en-estas-provincias","status":"publish","type":"post","link":"https:\/\/informelitoral.com.ar\/primeras-heladas-del-otono-el-frio-se-intensifica-en-estas-provincias\/","title":{"rendered":"Primeras heladas del oto\u00f1o: el fr\u00edo se intensifica en estas provincias"},"content":{"rendered":"<p>\u201cEl patr\u00f3n meteorol\u00f3gico en Argentina dio un giro dr\u00e1stico. Luego de un per\u00edodo marcado por lluvias intensas y eventos severos en el centro y norte del pa\u00eds, el ingreso de una masa de aire fr\u00edo y seco estabiliz\u00f3 las condiciones atmosf\u00e9ricas\u201d, describi\u00f3 el meteor\u00f3logo, Leonardo De Benedictis.<\/p>\n<p>El especialista advirti\u00f3 que \u201ceste breve respiro meteorol\u00f3gico tendr\u00e1 una nueva transici\u00f3n en los pr\u00f3ximos d\u00edas, con la llegada de un refuerzo de aire fr\u00edo que podr\u00eda generar heladas en varias regiones productivas\u201d.<\/p>\n<p><b>Para hoy en Entre R\u00edos se anuncia cielo con alguna nubosidad y registros t\u00e9rmicos que a la tarde llegar\u00edan a los 24 o 25 grados<\/b>.<\/p>\n<h2><strong>Refuerzo de aire fr\u00edo y posibles heladas en algunas provincias<\/strong><\/h2>\n<p><b>A partir del jueves, se espera una nueva irrupci\u00f3n de aire fr\u00edo desde el sur<\/b>, lo que provocar\u00e1 un nuevo descenso significativo de las temperaturas en la regi\u00f3n Pampeana y parte del noroeste patag\u00f3nico. \u201cEste ingreso fr\u00edo vendr\u00e1 acompa\u00f1ado de chaparrones en la costa Atl\u00e1ntica de Buenos Aires y un posterior desplome t\u00e9rmico en el interior del pa\u00eds\u201d.<\/p>\n<p><b>El viernes por la ma\u00f1ana ser\u00e1 el momento cr\u00edtico, con temperaturas que podr\u00edan descender a un promedio entre 3 \u00baC y 0\u00b0C en sectores del sur de Buenos Aires<\/b>,\u00a0<b>La<\/b>\u00a0<b>Pampa, San Luis, Mendoza y el norte patag\u00f3nico<\/b>. Este escenario configura la\u00a0<b>primera posibilidad concreta de heladas de la temporada<\/b>, con impactos a evaluar en la producci\u00f3n agropecuaria.<\/p>\n<p>Si bien la presencia de humedad residual en los suelos podr\u00eda atenuar los efectos del fr\u00edo, los productores deber\u00e1n estar atentos a la evoluci\u00f3n de las condiciones meteorol\u00f3gicas, ya que este pulso fr\u00edo podr\u00eda afectar cultivos sensibles y etapas clave de la producci\u00f3n.<\/p>\n<p><b>En principio esto no afectar\u00eda a Entre R\u00edos puesto que en nuestra provincia se estiman m\u00ednimas de siete grados, con m\u00e1ximas que estar\u00e1n por debajo de los 20 grados<\/b>.<\/p>\n<p>En las jornadas siguientes,\u00a0<b>se dar\u00eda un paulatino aumento de los registros t\u00e9rmicos<\/b>\u00a0que lentamente ir\u00edan superando los 20 grados hasta acercarse a los 25 en el inicio de la semana venidera.<\/p>\n<h2><strong>Una transici\u00f3n t\u00edpica del oto\u00f1o<\/strong><\/h2>\n<p>De Benedictis aclar\u00f3 que \u201ceste cambio de condiciones es caracter\u00edstico del per\u00edodo de transici\u00f3n entre el verano y el oto\u00f1o. Tras las intensas precipitaciones de marzo, el establecimiento de masas de aire fr\u00edo y seco marca un nuevo ciclo en la atm\u00f3sfera, con jornadas soleadas y una mayor amplitud t\u00e9rmica\u201d.<\/p>\n<p><b>Para los pr\u00f3ximos d\u00edas, se espera que la estabilidad predomine, salvo por el ingreso del aire fr\u00edo<\/b>, que podr\u00eda generar nuevas alertas por heladas en sectores productivos clave.<\/p>\n<p>La atenci\u00f3n \u201cestar\u00e1 puesta en la\u00a0<b>evoluci\u00f3n de estos eventos y su impacto en el sector agropecuario<\/b>, que deber\u00e1 tomar precauciones ante el inicio de la temporada fr\u00eda\u201d, complet\u00f3.<\/p>\n","protected":false},"excerpt":{"rendered":"<p>Un cambio significativo en las condiciones meteorol\u00f3gicas consolidar\u00e1 la estabilidad. Las pr\u00f3ximas jornadas presentar\u00e1n un refuerzo de aire fr\u00edo, por lo que anticipan posibles heladas en zonas clave para la producci\u00f3n agropecuaria.<\/p>\n","protected":false},"author":8,"featured_media":84262,"comment_status":"open","ping_status":"open","sticky":false,"template":"","format":"standard","meta":{"fifu_image_url":"","fifu_image_alt":"","footnotes":""},"categories":[7],"tags":[113],"class_list":{"0":"post-216976","1":"post","2":"type-post","3":"status-publish","4":"format-standard","5":"has-post-thumbnail","7":"category-nacionales","8":"tag-smn"},"yoast_head":"<title>Primeras heladas del oto\u00f1o: el fr\u00edo se intensifica en estas provincias - Informe Litoral<\/title>\n<meta name=\"robots\" content=\"index, follow, max-snippet:-1, max-image-preview:large, max-video-preview:-1\" \/>\n<link rel=\"canonical\" href=\"https:\/\/informelitoral.com.ar\/primeras-heladas-del-otono-el-frio-se-intensifica-en-estas-provincias\/\" \/>\n<meta property=\"og:locale\" content=\"es_ES\" \/>\n<meta property=\"og:type\" content=\"article\" \/>\n<meta property=\"og:title\" content=\"Primeras heladas del oto\u00f1o: el fr\u00edo se intensifica en estas provincias - Informe Litoral\" \/>\n<meta property=\"og:description\" content=\"Un cambio significativo en las condiciones meteorol\u00f3gicas consolidar\u00e1 la estabilidad. Las pr\u00f3ximas jornadas presentar\u00e1n un refuerzo de aire fr\u00edo, por lo que anticipan posibles heladas en zonas clave para la producci\u00f3n agropecuaria.\" \/>\n<meta property=\"og:url\" content=\"https:\/\/informelitoral.com.ar\/primeras-heladas-del-otono-el-frio-se-intensifica-en-estas-provincias\/\" \/>\n<meta property=\"og:site_name\" content=\"Informe Litoral\" \/>\n<meta property=\"article:publisher\" content=\"https:\/\/www.facebook.com\/informelitoral\/\" \/>\n<meta property=\"article:published_time\" content=\"2025-04-02T10:57:36+00:00\" \/>\n<meta property=\"og:image\" content=\"https:\/\/informelitoral.com.ar\/%77%70%2d%63%6f%6e%74%65%6e%74\/uploads\/2022\/08\/ola.de_.frio_.en_.la_.costa_.sierra.jpg\" \/>\n\t<meta property=\"og:image:width\" content=\"760\" \/>\n\t<meta property=\"og:image:height\" content=\"450\" \/>\n\t<meta property=\"og:image:type\" content=\"image\/jpeg\" \/>\n<meta name=\"author\" content=\"Sebastian\" \/>\n<meta name=\"twitter:card\" content=\"summary_large_image\" \/>\n<meta name=\"twitter:creator\" content=\"@InformeLitoral\" \/>\n<meta name=\"twitter:site\" content=\"@InformeLitoral\" \/>\n<meta name=\"twitter:label1\" content=\"Escrito por\" \/>\n\t<meta name=\"twitter:data1\" content=\"Sebastian\" \/>\n\t<meta name=\"twitter:label2\" content=\"Tiempo de lectura\" \/>\n\t<meta name=\"twitter:data2\" content=\"3 minutos\" \/>\n<script type=\"application\/ld+json\" class=\"yoast-schema-graph\">{\"@context\":\"https:\\\/\\\/schema.org\",\"@graph\":[{\"@type\":\"Article\",\"@id\":\"https:\\\/\\\/informelitoral.com.ar\\\/primeras-heladas-del-otono-el-frio-se-intensifica-en-estas-provincias\\\/#article\",\"isPartOf\":{\"@id\":\"https:\\\/\\\/informelitoral.com.ar\\\/primeras-heladas-del-otono-el-frio-se-intensifica-en-estas-provincias\\\/\"},\"author\":{\"name\":\"Sebastian\",\"@id\":\"https:\\\/\\\/informelitoral.com.ar\\\/#\\\/schema\\\/person\\\/f05f9f461677119578717524b127d6d5\"},\"headline\":\"Primeras heladas del oto\u00f1o: el fr\u00edo se intensifica en estas provincias\",\"datePublished\":\"2025-04-02T10:57:36+00:00\",\"mainEntityOfPage\":{\"@id\":\"https:\\\/\\\/informelitoral.com.ar\\\/primeras-heladas-del-otono-el-frio-se-intensifica-en-estas-provincias\\\/\"},\"wordCount\":519,\"commentCount\":0,\"publisher\":{\"@id\":\"https:\\\/\\\/informelitoral.com.ar\\\/#organization\"},\"image\":{\"@id\":\"https:\\\/\\\/informelitoral.com.ar\\\/primeras-heladas-del-otono-el-frio-se-intensifica-en-estas-provincias\\\/#primaryimage\"},\"thumbnailUrl\":\"https:\\\/\\\/informelitoral.com.ar\\\/%77%70%2d%63%6f%6e%74%65%6e%74\\\/uploads\\\/2022\\\/08\\\/ola.de_.frio_.en_.la_.costa_.sierra.jpg\",\"keywords\":[\"SMN\"],\"articleSection\":[\"Nacionales\"],\"inLanguage\":\"es\",\"potentialAction\":[{\"@type\":\"CommentAction\",\"name\":\"Comment\",\"target\":[\"https:\\\/\\\/informelitoral.com.ar\\\/primeras-heladas-del-otono-el-frio-se-intensifica-en-estas-provincias\\\/#respond\"]}]},{\"@type\":\"WebPage\",\"@id\":\"https:\\\/\\\/informelitoral.com.ar\\\/primeras-heladas-del-otono-el-frio-se-intensifica-en-estas-provincias\\\/\",\"url\":\"https:\\\/\\\/informelitoral.com.ar\\\/primeras-heladas-del-otono-el-frio-se-intensifica-en-estas-provincias\\\/\",\"name\":\"Primeras heladas del oto\u00f1o: el fr\u00edo se intensifica en estas provincias - Informe Litoral\",\"isPartOf\":{\"@id\":\"https:\\\/\\\/informelitoral.com.ar\\\/#website\"},\"primaryImageOfPage\":{\"@id\":\"https:\\\/\\\/informelitoral.com.ar\\\/primeras-heladas-del-otono-el-frio-se-intensifica-en-estas-provincias\\\/#primaryimage\"},\"image\":{\"@id\":\"https:\\\/\\\/informelitoral.com.ar\\\/primeras-heladas-del-otono-el-frio-se-intensifica-en-estas-provincias\\\/#primaryimage\"},\"thumbnailUrl\":\"https:\\\/\\\/informelitoral.com.ar\\\/%77%70%2d%63%6f%6e%74%65%6e%74\\\/uploads\\\/2022\\\/08\\\/ola.de_.frio_.en_.la_.costa_.sierra.jpg\",\"datePublished\":\"2025-04-02T10:57:36+00:00\",\"breadcrumb\":{\"@id\":\"https:\\\/\\\/informelitoral.com.ar\\\/primeras-heladas-del-otono-el-frio-se-intensifica-en-estas-provincias\\\/#breadcrumb\"},\"inLanguage\":\"es\",\"potentialAction\":[{\"@type\":\"ReadAction\",\"target\":[\"https:\\\/\\\/informelitoral.com.ar\\\/primeras-heladas-del-otono-el-frio-se-intensifica-en-estas-provincias\\\/\"]}]},{\"@type\":\"ImageObject\",\"inLanguage\":\"es\",\"@id\":\"https:\\\/\\\/informelitoral.com.ar\\\/primeras-heladas-del-otono-el-frio-se-intensifica-en-estas-provincias\\\/#primaryimage\",\"url\":\"https:\\\/\\\/informelitoral.com.ar\\\/%77%70%2d%63%6f%6e%74%65%6e%74\\\/uploads\\\/2022\\\/08\\\/ola.de_.frio_.en_.la_.costa_.sierra.jpg\",\"contentUrl\":\"https:\\\/\\\/informelitoral.com.ar\\\/%77%70%2d%63%6f%6e%74%65%6e%74\\\/uploads\\\/2022\\\/08\\\/ola.de_.frio_.en_.la_.costa_.sierra.jpg\",\"width\":760,\"height\":450},{\"@type\":\"BreadcrumbList\",\"@id\":\"https:\\\/\\\/informelitoral.com.ar\\\/primeras-heladas-del-otono-el-frio-se-intensifica-en-estas-provincias\\\/#breadcrumb\",\"itemListElement\":[{\"@type\":\"ListItem\",\"position\":1,\"name\":\"Portada\",\"item\":\"https:\\\/\\\/informelitoral.com.ar\\\/\"},{\"@type\":\"ListItem\",\"position\":2,\"name\":\"Primeras heladas del oto\u00f1o: el fr\u00edo se intensifica en estas provincias\"}]},{\"@type\":\"WebSite\",\"@id\":\"https:\\\/\\\/informelitoral.com.ar\\\/#website\",\"url\":\"https:\\\/\\\/informelitoral.com.ar\\\/\",\"name\":\"Informe Litoral\",\"description\":\"&quot;Nos informamos&quot; \",\"publisher\":{\"@id\":\"https:\\\/\\\/informelitoral.com.ar\\\/#organization\"},\"potentialAction\":[{\"@type\":\"SearchAction\",\"target\":{\"@type\":\"EntryPoint\",\"urlTemplate\":\"https:\\\/\\\/informelitoral.com.ar\\\/?s={search_term_string}\"},\"query-input\":{\"@type\":\"PropertyValueSpecification\",\"valueRequired\":true,\"valueName\":\"search_term_string\"}}],\"inLanguage\":\"es\"},{\"@type\":\"Organization\",\"@id\":\"https:\\\/\\\/informelitoral.com.ar\\\/#organization\",\"name\":\"Informe Litoral\",\"url\":\"https:\\\/\\\/informelitoral.com.ar\\\/\",\"logo\":{\"@type\":\"ImageObject\",\"inLanguage\":\"es\",\"@id\":\"https:\\\/\\\/informelitoral.com.ar\\\/#\\\/schema\\\/logo\\\/image\\\/\",\"url\":\"https:\\\/\\\/informelitoral.com.ar\\\/%77%70%2d%63%6f%6e%74%65%6e%74\\\/uploads\\\/2021\\\/01\\\/circulo.png\",\"contentUrl\":\"https:\\\/\\\/informelitoral.com.ar\\\/%77%70%2d%63%6f%6e%74%65%6e%74\\\/uploads\\\/2021\\\/01\\\/circulo.png\",\"width\":723,\"height\":731,\"caption\":\"Informe Litoral\"},\"image\":{\"@id\":\"https:\\\/\\\/informelitoral.com.ar\\\/#\\\/schema\\\/logo\\\/image\\\/\"},\"sameAs\":[\"https:\\\/\\\/www.facebook.com\\\/informelitoral\\\/\",\"https:\\\/\\\/x.com\\\/InformeLitoral\",\"https:\\\/\\\/www.instagram.com\\\/informelitoral\\\/\",\"https:\\\/\\\/www.youtube.com\\\/channel\\\/UCua4Qvz8Icb6MYqhoq9xLXw\"]},{\"@type\":\"Person\",\"@id\":\"https:\\\/\\\/informelitoral.com.ar\\\/#\\\/schema\\\/person\\\/f05f9f461677119578717524b127d6d5\",\"name\":\"Sebastian\",\"image\":{\"@type\":\"ImageObject\",\"inLanguage\":\"es\",\"@id\":\"https:\\\/\\\/secure.gravatar.com\\\/avatar\\\/b71bf7481d447dfb9583c7f2798e7cc64de6efb9067b74633ed8c31059a3bd82?s=96&d=mm&r=g\",\"url\":\"https:\\\/\\\/secure.gravatar.com\\\/avatar\\\/b71bf7481d447dfb9583c7f2798e7cc64de6efb9067b74633ed8c31059a3bd82?s=96&d=mm&r=g\",\"contentUrl\":\"https:\\\/\\\/secure.gravatar.com\\\/avatar\\\/b71bf7481d447dfb9583c7f2798e7cc64de6efb9067b74633ed8c31059a3bd82?s=96&d=mm&r=g\",\"caption\":\"Sebastian\"},\"url\":\"https:\\\/\\\/informelitoral.com.ar\\\/author\\\/sebastian\\\/\"}]}<\/script>","yoast_head_json":{"title":"Primeras heladas del oto\u00f1o: el fr\u00edo se intensifica en estas provincias - Informe Litoral","robots":{"index":"index","follow":"follow","max-snippet":"max-snippet:-1","max-image-preview":"max-image-preview:large","max-video-preview":"max-video-preview:-1"},"canonical":"https:\/\/informelitoral.com.ar\/primeras-heladas-del-otono-el-frio-se-intensifica-en-estas-provincias\/","og_locale":"es_ES","og_type":"article","og_title":"Primeras heladas del oto\u00f1o: el fr\u00edo se intensifica en estas provincias - Informe Litoral","og_description":"Un cambio significativo en las condiciones meteorol\u00f3gicas consolidar\u00e1 la estabilidad. Las pr\u00f3ximas jornadas presentar\u00e1n un refuerzo de aire fr\u00edo, por lo que anticipan posibles heladas en zonas clave para la producci\u00f3n agropecuaria.","og_url":"https:\/\/informelitoral.com.ar\/primeras-heladas-del-otono-el-frio-se-intensifica-en-estas-provincias\/","og_site_name":"Informe Litoral","article_publisher":"https:\/\/www.facebook.com\/informelitoral\/","article_published_time":"2025-04-02T10:57:36+00:00","og_image":[{"width":760,"height":450,"url":"https:\/\/informelitoral.com.ar\/%77%70%2d%63%6f%6e%74%65%6e%74\/uploads\/2022\/08\/ola.de_.frio_.en_.la_.costa_.sierra.jpg","type":"image\/jpeg"}],"author":"Sebastian","twitter_card":"summary_large_image","twitter_creator":"@InformeLitoral","twitter_site":"@InformeLitoral","twitter_misc":{"Escrito por":"Sebastian","Tiempo de lectura":"3 minutos"},"schema":{"@context":"https:\/\/schema.org","@graph":[{"@type":"Article","@id":"https:\/\/informelitoral.com.ar\/primeras-heladas-del-otono-el-frio-se-intensifica-en-estas-provincias\/#article","isPartOf":{"@id":"https:\/\/informelitoral.com.ar\/primeras-heladas-del-otono-el-frio-se-intensifica-en-estas-provincias\/"},"author":{"name":"Sebastian","@id":"https:\/\/informelitoral.com.ar\/#\/schema\/person\/f05f9f461677119578717524b127d6d5"},"headline":"Primeras heladas del oto\u00f1o: el fr\u00edo se intensifica en estas provincias","datePublished":"2025-04-02T10:57:36+00:00","mainEntityOfPage":{"@id":"https:\/\/informelitoral.com.ar\/primeras-heladas-del-otono-el-frio-se-intensifica-en-estas-provincias\/"},"wordCount":519,"commentCount":0,"publisher":{"@id":"https:\/\/informelitoral.com.ar\/#organization"},"image":{"@id":"https:\/\/informelitoral.com.ar\/primeras-heladas-del-otono-el-frio-se-intensifica-en-estas-provincias\/#primaryimage"},"thumbnailUrl":"https:\/\/informelitoral.com.ar\/%77%70%2d%63%6f%6e%74%65%6e%74\/uploads\/2022\/08\/ola.de_.frio_.en_.la_.costa_.sierra.jpg","keywords":["SMN"],"articleSection":["Nacionales"],"inLanguage":"es","potentialAction":[{"@type":"CommentAction","name":"Comment","target":["https:\/\/informelitoral.com.ar\/primeras-heladas-del-otono-el-frio-se-intensifica-en-estas-provincias\/#respond"]}]},{"@type":"WebPage","@id":"https:\/\/informelitoral.com.ar\/primeras-heladas-del-otono-el-frio-se-intensifica-en-estas-provincias\/","url":"https:\/\/informelitoral.com.ar\/primeras-heladas-del-otono-el-frio-se-intensifica-en-estas-provincias\/","name":"Primeras heladas del oto\u00f1o: el fr\u00edo se intensifica en estas provincias - Informe Litoral","isPartOf":{"@id":"https:\/\/informelitoral.com.ar\/#website"},"primaryImageOfPage":{"@id":"https:\/\/informelitoral.com.ar\/primeras-heladas-del-otono-el-frio-se-intensifica-en-estas-provincias\/#primaryimage"},"image":{"@id":"https:\/\/informelitoral.com.ar\/primeras-heladas-del-otono-el-frio-se-intensifica-en-estas-provincias\/#primaryimage"},"thumbnailUrl":"https:\/\/informelitoral.com.ar\/%77%70%2d%63%6f%6e%74%65%6e%74\/uploads\/2022\/08\/ola.de_.frio_.en_.la_.costa_.sierra.jpg","datePublished":"2025-04-02T10:57:36+00:00","breadcrumb":{"@id":"https:\/\/informelitoral.com.ar\/primeras-heladas-del-otono-el-frio-se-intensifica-en-estas-provincias\/#breadcrumb"},"inLanguage":"es","potentialAction":[{"@type":"ReadAction","target":["https:\/\/informelitoral.com.ar\/primeras-heladas-del-otono-el-frio-se-intensifica-en-estas-provincias\/"]}]},{"@type":"ImageObject","inLanguage":"es","@id":"https:\/\/informelitoral.com.ar\/primeras-heladas-del-otono-el-frio-se-intensifica-en-estas-provincias\/#primaryimage","url":"https:\/\/informelitoral.com.ar\/%77%70%2d%63%6f%6e%74%65%6e%74\/uploads\/2022\/08\/ola.de_.frio_.en_.la_.costa_.sierra.jpg","contentUrl":"https:\/\/informelitoral.com.ar\/%77%70%2d%63%6f%6e%74%65%6e%74\/uploads\/2022\/08\/ola.de_.frio_.en_.la_.costa_.sierra.jpg","width":760,"height":450},{"@type":"BreadcrumbList","@id":"https:\/\/informelitoral.com.ar\/primeras-heladas-del-otono-el-frio-se-intensifica-en-estas-provincias\/#breadcrumb","itemListElement":[{"@type":"ListItem","position":1,"name":"Portada","item":"https:\/\/informelitoral.com.ar\/"},{"@type":"ListItem","position":2,"name":"Primeras heladas del oto\u00f1o: el fr\u00edo se intensifica en estas provincias"}]},{"@type":"WebSite","@id":"https:\/\/informelitoral.com.ar\/#website","url":"https:\/\/informelitoral.com.ar\/","name":"Informe Litoral","description":"&quot;Nos informamos&quot; ","publisher":{"@id":"https:\/\/informelitoral.com.ar\/#organization"},"potentialAction":[{"@type":"SearchAction","target":{"@type":"EntryPoint","urlTemplate":"https:\/\/informelitoral.com.ar\/?s={search_term_string}"},"query-input":{"@type":"PropertyValueSpecification","valueRequired":true,"valueName":"search_term_string"}}],"inLanguage":"es"},{"@type":"Organization","@id":"https:\/\/informelitoral.com.ar\/#organization","name":"Informe Litoral","url":"https:\/\/informelitoral.com.ar\/","logo":{"@type":"ImageObject","inLanguage":"es","@id":"https:\/\/informelitoral.com.ar\/#\/schema\/logo\/image\/","url":"https:\/\/informelitoral.com.ar\/%77%70%2d%63%6f%6e%74%65%6e%74\/uploads\/2021\/01\/circulo.png","contentUrl":"https:\/\/informelitoral.com.ar\/%77%70%2d%63%6f%6e%74%65%6e%74\/uploads\/2021\/01\/circulo.png","width":723,"height":731,"caption":"Informe Litoral"},"image":{"@id":"https:\/\/informelitoral.com.ar\/#\/schema\/logo\/image\/"},"sameAs":["https:\/\/www.facebook.com\/informelitoral\/","https:\/\/x.com\/InformeLitoral","https:\/\/www.instagram.com\/informelitoral\/","https:\/\/www.youtube.com\/channel\/UCua4Qvz8Icb6MYqhoq9xLXw"]},{"@type":"Person","@id":"https:\/\/informelitoral.com.ar\/#\/schema\/person\/f05f9f461677119578717524b127d6d5","name":"Sebastian","image":{"@type":"ImageObject","inLanguage":"es","@id":"https:\/\/secure.gravatar.com\/avatar\/b71bf7481d447dfb9583c7f2798e7cc64de6efb9067b74633ed8c31059a3bd82?s=96&d=mm&r=g","url":"https:\/\/secure.gravatar.com\/avatar\/b71bf7481d447dfb9583c7f2798e7cc64de6efb9067b74633ed8c31059a3bd82?s=96&d=mm&r=g","contentUrl":"https:\/\/secure.gravatar.com\/avatar\/b71bf7481d447dfb9583c7f2798e7cc64de6efb9067b74633ed8c31059a3bd82?s=96&d=mm&r=g","caption":"Sebastian"},"url":"https:\/\/informelitoral.com.ar\/author\/sebastian\/"}]}},"_links":{"self":[{"href":"https:\/\/informelitoral.com.ar\/%77%70%2d%6a%73%6f%6e\/wp\/v2\/posts\/216976","targetHints":{"allow":["GET"]}}],"collection":[{"href":"https:\/\/informelitoral.com.ar\/%77%70%2d%6a%73%6f%6e\/wp\/v2\/posts"}],"about":[{"href":"https:\/\/informelitoral.com.ar\/%77%70%2d%6a%73%6f%6e\/wp\/v2\/types\/post"}],"author":[{"embeddable":true,"href":"https:\/\/informelitoral.com.ar\/%77%70%2d%6a%73%6f%6e\/wp\/v2\/users\/8"}],"replies":[{"embeddable":true,"href":"https:\/\/informelitoral.com.ar\/%77%70%2d%6a%73%6f%6e\/wp\/v2\/comments?post=216976"}],"version-history":[{"count":0,"href":"https:\/\/informelitoral.com.ar\/%77%70%2d%6a%73%6f%6e\/wp\/v2\/posts\/216976\/revisions"}],"wp:featuredmedia":[{"embeddable":true,"href":"https:\/\/informelitoral.com.ar\/%77%70%2d%6a%73%6f%6e\/wp\/v2\/media\/84262"}],"wp:attachment":[{"href":"https:\/\/informelitoral.com.ar\/%77%70%2d%6a%73%6f%6e\/wp\/v2\/media?parent=216976"}],"wp:term":[{"taxonomy":"category","embeddable":true,"href":"https:\/\/informelitoral.com.ar\/%77%70%2d%6a%73%6f%6e\/wp\/v2\/categories?post=216976"},{"taxonomy":"post_tag","embeddable":true,"href":"https:\/\/informelitoral.com.ar\/%77%70%2d%6a%73%6f%6e\/wp\/v2\/tags?post=216976"}],"curies":[{"name":"wp","href":"https:\/\/api.w.org\/{rel}","templated":true}]}}