{"id":216899,"date":"2025-04-01T10:31:32","date_gmt":"2025-04-01T13:31:32","guid":{"rendered":"https:\/\/informelitoral.com.ar\/?p=216899"},"modified":"2025-04-01T11:27:31","modified_gmt":"2025-04-01T14:27:31","slug":"el-kun-aguero-volvio-a-jugar-en-independiente-marco-un-golazo-en-el-empate-ante-racing","status":"publish","type":"post","link":"https:\/\/informelitoral.com.ar\/el-kun-aguero-volvio-a-jugar-en-independiente-marco-un-golazo-en-el-empate-ante-racing\/","title":{"rendered":"El Kun Ag\u00fcero volvi\u00f3 a jugar en Independiente: marc\u00f3 un golazo en el empate ante Racing"},"content":{"rendered":"<div class=\"common-layout wrapper-layout center-content center_story max-width story article\">\n<div class=\"col-content\">\n<p><b>Sergio<\/b>\u00a0<b>Ag\u00fcero<\/b>\u00a0volvi\u00f3 a ponerse la camiseta de\u00a0<b>Independiente<\/b><b>\u00a0<\/b>para disputar un\u00a0<b>nuevo cl\u00e1sico de Avellaneda de la categor\u00eda Senior ante Racing<\/b>, que se jug\u00f3<b>\u00a0<\/b>en el estadio Libertadores de Am\u00e9rica-Ricardo Bochini. El Kun marc\u00f3 un golazo en el empate 3-3 entre el Rojo y la Academia.<\/p>\n<div class=\"default-article-color article__body article__article\">\n<p class=\"paragraph font__body-regular\">El cl\u00e1sico comenz\u00f3 a favor de Racing, que abri\u00f3 el marcador en los primeros minutos de juego gracias a un gol de\u00a0<b>Gonzalo Garc\u00eda<\/b>. En la segunda parte,\u00a0<b>el Kun dej\u00f3 en el camino a dos rivales dentro del \u00e1rea y anot\u00f3 el empate parcial<\/b>. Poco despu\u00e9s,<b>\u00a0Ignacio Barcia<\/b>\u00a0dio vuelta el resultado para el equipo local.<\/p>\n<p class=\"paragraph font__body-regular\">Minutos m\u00e1s tarde,<b>\u00a0Gonzalo Bergessio<\/b>\u00a0convirti\u00f3 el 2-2, pero el Rojo volvi\u00f3 a ponerse en ventaja con un tanto de<b>\u00a0Jerem\u00edas Caggiano<\/b>. Sin embargo, en la \u00faltima jugada del partido,\u00a0<b>Hern\u00e1n Grimaldi\u00a0<\/b>sentenci\u00f3 el empate final.<\/p>\n<h6><em><strong>Te puede interesar:\u00a0<a href=\"https:\/\/informelitoral.com.ar\/que-dijo-gago-tras-la-derrota-de-boca-ante-newells\/\" target=\"_blank\" rel=\"noopener\">Qu\u00e9 dijo Gago tras la derrota de Boca ante Newell\u2019s<\/a><\/strong><\/em><\/h6>\n<p class=\"paragraph font__body-regular\">\u201c\u00a1BIENVENIDO KUN!. @kunaguero se suma al plantel de Independiente Senior +35 para disputar el Torneo de Primera Divisi\u00f3n. Con un destacado paso por el club y una trayectoria sobresaliente en Europa y la Selecci\u00f3n Argentina,<b>\u00a0el delantero vuelve a casa\u201d<\/b>, a\u00f1adieron desde la cuenta de la entidad de Avellaneda.<\/p>\n<p class=\"paragraph font__body-regular\">El ex futbolista, que se retir\u00f3 del f\u00fatbol profesional a causa de una arritmia, volvi\u00f3 poner los botines y la camiseta del club que lo form\u00f3.<\/p>\n<figure class=\"\" data-testid=\"figure-testid\">\n<div class=\"aspect_ratio__container\"><picture class=\"responsive-image\"><source srcset=\"https:\/\/tn.com.ar\/resizer\/v2\/kun-aguero-jugara-en-el-senior-de-independiente-foto-independiente-7KR6QETZWNA7ZESTIOYETG6FTU.heic?auth=1fc7e28caf9d55155202b99f842264e98e8b268ad1833344023582418bbea5b9&amp;width=767\" type=\"image\/jpg\" media=\"(max-width: 728px)\" \/><source srcset=\"https:\/\/tn.com.ar\/resizer\/v2\/kun-aguero-jugara-en-el-senior-de-independiente-foto-independiente-7KR6QETZWNA7ZESTIOYETG6FTU.heic?auth=1fc7e28caf9d55155202b99f842264e98e8b268ad1833344023582418bbea5b9&amp;width=1023\" type=\"image\/jpg\" media=\"(max-width: 1023px)\" \/><source srcset=\"https:\/\/tn.com.ar\/resizer\/v2\/kun-aguero-jugara-en-el-senior-de-independiente-foto-independiente-7KR6QETZWNA7ZESTIOYETG6FTU.heic?auth=1fc7e28caf9d55155202b99f842264e98e8b268ad1833344023582418bbea5b9&amp;width=1440\" type=\"image\/jpg\" \/><img loading=\"lazy\" decoding=\"async\" class=\"image content-image image_placeholder\" src=\"https:\/\/tn.com.ar\/resizer\/v2\/kun-aguero-jugara-en-el-senior-de-independiente-foto-independiente-7KR6QETZWNA7ZESTIOYETG6FTU.heic?auth=1fc7e28caf9d55155202b99f842264e98e8b268ad1833344023582418bbea5b9&amp;width=767\" alt=\"Kun Ag\u00fcero jugar\u00e1 en el Senior de Independiente. (Foto Independiente)\" width=\"767\" height=\"959\" data-testid=\"loading-testid\" \/><\/picture><\/div>\n<\/figure>\n<p class=\"paragraph font__body-regular\">El anuncio de la vuelta del Kun gener\u00f3 un boom total en las redes sociales del club, ya que varios hinchas decidieron inundar de mensajes con consultas para presenciar el partido. Sin embargo, desde la dirigencia aclararon que el partido ser\u00e1 a puertas cerradas.<\/p>\n<p class=\"paragraph font__body-regular\">Adem\u00e1s de la vuelta del \u201cKun\u201d Ag\u00fcero, el entrenador del equipo, Oscar Olivera, cont\u00f3 con campeones como<b>\u00a0Daniel \u201cRolfi\u201d Montenegro, Leonel R\u00edos, Emanuel Rivas y Carlos Matheu,\u00a0<\/b>entre otros. En esta sinton\u00eda, tambi\u00e9n hay nombres de peso como Rodrigo \u201cRengo\u201d D\u00edaz, Adri\u00e1n Calello, Livio Prieto, entre otros.<\/p>\n<\/div>\n<p>&nbsp;<\/p>\n<\/div>\n<\/div>\n","protected":false},"excerpt":{"rendered":"<p>El exfutbolista, que se retir\u00f3 del f\u00fatbol profesional a causa de una arritmia, regres\u00f3 al club que lo form\u00f3 para disputar un encuentro especial en el estadio del Rojo.<\/p>\n","protected":false},"author":8,"featured_media":216900,"comment_status":"open","ping_status":"open","sticky":false,"template":"","format":"standard","meta":{"fifu_image_url":"","fifu_image_alt":"","footnotes":""},"categories":[13],"tags":[4195,2662],"class_list":{"0":"post-216899","1":"post","2":"type-post","3":"status-publish","4":"format-standard","5":"has-post-thumbnail","7":"category-deportes","8":"tag-independiente","9":"tag-kun-aguero"},"yoast_head":"<title>El Kun Ag\u00fcero volvi\u00f3 a jugar en Independiente: marc\u00f3 un golazo en el empate ante Racing - Informe Litoral<\/title>\n<meta name=\"robots\" content=\"index, follow, max-snippet:-1, max-image-preview:large, max-video-preview:-1\" \/>\n<link rel=\"canonical\" href=\"https:\/\/informelitoral.com.ar\/el-kun-aguero-volvio-a-jugar-en-independiente-marco-un-golazo-en-el-empate-ante-racing\/\" \/>\n<meta property=\"og:locale\" content=\"es_ES\" \/>\n<meta property=\"og:type\" content=\"article\" \/>\n<meta property=\"og:title\" content=\"El Kun Ag\u00fcero volvi\u00f3 a jugar en Independiente: marc\u00f3 un golazo en el empate ante Racing - Informe Litoral\" \/>\n<meta property=\"og:description\" content=\"El exfutbolista, que se retir\u00f3 del f\u00fatbol profesional a causa de una arritmia, regres\u00f3 al club que lo form\u00f3 para disputar un encuentro especial en el estadio del Rojo.\" \/>\n<meta property=\"og:url\" content=\"https:\/\/informelitoral.com.ar\/el-kun-aguero-volvio-a-jugar-en-independiente-marco-un-golazo-en-el-empate-ante-racing\/\" \/>\n<meta property=\"og:site_name\" content=\"Informe Litoral\" \/>\n<meta property=\"article:publisher\" content=\"https:\/\/www.facebook.com\/informelitoral\/\" \/>\n<meta property=\"article:published_time\" content=\"2025-04-01T13:31:32+00:00\" \/>\n<meta property=\"article:modified_time\" content=\"2025-04-01T14:27:31+00:00\" \/>\n<meta property=\"og:image\" content=\"https:\/\/informelitoral.com.ar\/%77%70%2d%63%6f%6e%74%65%6e%74\/uploads\/2025\/04\/15SoueM6s_720x0__1.jpg\" \/>\n\t<meta property=\"og:image:width\" content=\"720\" \/>\n\t<meta property=\"og:image:height\" content=\"480\" \/>\n\t<meta property=\"og:image:type\" content=\"image\/jpeg\" \/>\n<meta name=\"author\" content=\"Sebastian\" \/>\n<meta name=\"twitter:card\" content=\"summary_large_image\" \/>\n<meta name=\"twitter:creator\" content=\"@InformeLitoral\" \/>\n<meta name=\"twitter:site\" content=\"@InformeLitoral\" \/>\n<meta name=\"twitter:label1\" content=\"Escrito por\" \/>\n\t<meta name=\"twitter:data1\" content=\"Sebastian\" \/>\n\t<meta name=\"twitter:label2\" content=\"Tiempo de lectura\" \/>\n\t<meta name=\"twitter:data2\" content=\"2 minutos\" \/>\n<script type=\"application\/ld+json\" class=\"yoast-schema-graph\">{\"@context\":\"https:\\\/\\\/schema.org\",\"@graph\":[{\"@type\":\"Article\",\"@id\":\"https:\\\/\\\/informelitoral.com.ar\\\/el-kun-aguero-volvio-a-jugar-en-independiente-marco-un-golazo-en-el-empate-ante-racing\\\/#article\",\"isPartOf\":{\"@id\":\"https:\\\/\\\/informelitoral.com.ar\\\/el-kun-aguero-volvio-a-jugar-en-independiente-marco-un-golazo-en-el-empate-ante-racing\\\/\"},\"author\":{\"name\":\"Sebastian\",\"@id\":\"https:\\\/\\\/informelitoral.com.ar\\\/#\\\/schema\\\/person\\\/f05f9f461677119578717524b127d6d5\"},\"headline\":\"El Kun Ag\u00fcero volvi\u00f3 a jugar en Independiente: marc\u00f3 un golazo en el empate ante Racing\",\"datePublished\":\"2025-04-01T13:31:32+00:00\",\"dateModified\":\"2025-04-01T14:27:31+00:00\",\"mainEntityOfPage\":{\"@id\":\"https:\\\/\\\/informelitoral.com.ar\\\/el-kun-aguero-volvio-a-jugar-en-independiente-marco-un-golazo-en-el-empate-ante-racing\\\/\"},\"wordCount\":358,\"commentCount\":0,\"publisher\":{\"@id\":\"https:\\\/\\\/informelitoral.com.ar\\\/#organization\"},\"image\":{\"@id\":\"https:\\\/\\\/informelitoral.com.ar\\\/el-kun-aguero-volvio-a-jugar-en-independiente-marco-un-golazo-en-el-empate-ante-racing\\\/#primaryimage\"},\"thumbnailUrl\":\"https:\\\/\\\/informelitoral.com.ar\\\/%77%70%2d%63%6f%6e%74%65%6e%74\\\/uploads\\\/2025\\\/04\\\/15SoueM6s_720x0__1.jpg\",\"keywords\":[\"Independiente\",\"Kun Ag\u00fcero\"],\"articleSection\":[\"Deportes\"],\"inLanguage\":\"es\",\"potentialAction\":[{\"@type\":\"CommentAction\",\"name\":\"Comment\",\"target\":[\"https:\\\/\\\/informelitoral.com.ar\\\/el-kun-aguero-volvio-a-jugar-en-independiente-marco-un-golazo-en-el-empate-ante-racing\\\/#respond\"]}]},{\"@type\":\"WebPage\",\"@id\":\"https:\\\/\\\/informelitoral.com.ar\\\/el-kun-aguero-volvio-a-jugar-en-independiente-marco-un-golazo-en-el-empate-ante-racing\\\/\",\"url\":\"https:\\\/\\\/informelitoral.com.ar\\\/el-kun-aguero-volvio-a-jugar-en-independiente-marco-un-golazo-en-el-empate-ante-racing\\\/\",\"name\":\"El Kun Ag\u00fcero volvi\u00f3 a jugar en Independiente: marc\u00f3 un golazo en el empate ante Racing - Informe Litoral\",\"isPartOf\":{\"@id\":\"https:\\\/\\\/informelitoral.com.ar\\\/#website\"},\"primaryImageOfPage\":{\"@id\":\"https:\\\/\\\/informelitoral.com.ar\\\/el-kun-aguero-volvio-a-jugar-en-independiente-marco-un-golazo-en-el-empate-ante-racing\\\/#primaryimage\"},\"image\":{\"@id\":\"https:\\\/\\\/informelitoral.com.ar\\\/el-kun-aguero-volvio-a-jugar-en-independiente-marco-un-golazo-en-el-empate-ante-racing\\\/#primaryimage\"},\"thumbnailUrl\":\"https:\\\/\\\/informelitoral.com.ar\\\/%77%70%2d%63%6f%6e%74%65%6e%74\\\/uploads\\\/2025\\\/04\\\/15SoueM6s_720x0__1.jpg\",\"datePublished\":\"2025-04-01T13:31:32+00:00\",\"dateModified\":\"2025-04-01T14:27:31+00:00\",\"breadcrumb\":{\"@id\":\"https:\\\/\\\/informelitoral.com.ar\\\/el-kun-aguero-volvio-a-jugar-en-independiente-marco-un-golazo-en-el-empate-ante-racing\\\/#breadcrumb\"},\"inLanguage\":\"es\",\"potentialAction\":[{\"@type\":\"ReadAction\",\"target\":[\"https:\\\/\\\/informelitoral.com.ar\\\/el-kun-aguero-volvio-a-jugar-en-independiente-marco-un-golazo-en-el-empate-ante-racing\\\/\"]}]},{\"@type\":\"ImageObject\",\"inLanguage\":\"es\",\"@id\":\"https:\\\/\\\/informelitoral.com.ar\\\/el-kun-aguero-volvio-a-jugar-en-independiente-marco-un-golazo-en-el-empate-ante-racing\\\/#primaryimage\",\"url\":\"https:\\\/\\\/informelitoral.com.ar\\\/%77%70%2d%63%6f%6e%74%65%6e%74\\\/uploads\\\/2025\\\/04\\\/15SoueM6s_720x0__1.jpg\",\"contentUrl\":\"https:\\\/\\\/informelitoral.com.ar\\\/%77%70%2d%63%6f%6e%74%65%6e%74\\\/uploads\\\/2025\\\/04\\\/15SoueM6s_720x0__1.jpg\",\"width\":720,\"height\":480},{\"@type\":\"BreadcrumbList\",\"@id\":\"https:\\\/\\\/informelitoral.com.ar\\\/el-kun-aguero-volvio-a-jugar-en-independiente-marco-un-golazo-en-el-empate-ante-racing\\\/#breadcrumb\",\"itemListElement\":[{\"@type\":\"ListItem\",\"position\":1,\"name\":\"Portada\",\"item\":\"https:\\\/\\\/informelitoral.com.ar\\\/\"},{\"@type\":\"ListItem\",\"position\":2,\"name\":\"El Kun Ag\u00fcero volvi\u00f3 a jugar en Independiente: marc\u00f3 un golazo en el empate ante Racing\"}]},{\"@type\":\"WebSite\",\"@id\":\"https:\\\/\\\/informelitoral.com.ar\\\/#website\",\"url\":\"https:\\\/\\\/informelitoral.com.ar\\\/\",\"name\":\"Informe Litoral\",\"description\":\"&quot;Nos informamos&quot; \",\"publisher\":{\"@id\":\"https:\\\/\\\/informelitoral.com.ar\\\/#organization\"},\"potentialAction\":[{\"@type\":\"SearchAction\",\"target\":{\"@type\":\"EntryPoint\",\"urlTemplate\":\"https:\\\/\\\/informelitoral.com.ar\\\/?s={search_term_string}\"},\"query-input\":{\"@type\":\"PropertyValueSpecification\",\"valueRequired\":true,\"valueName\":\"search_term_string\"}}],\"inLanguage\":\"es\"},{\"@type\":\"Organization\",\"@id\":\"https:\\\/\\\/informelitoral.com.ar\\\/#organization\",\"name\":\"Informe Litoral\",\"url\":\"https:\\\/\\\/informelitoral.com.ar\\\/\",\"logo\":{\"@type\":\"ImageObject\",\"inLanguage\":\"es\",\"@id\":\"https:\\\/\\\/informelitoral.com.ar\\\/#\\\/schema\\\/logo\\\/image\\\/\",\"url\":\"https:\\\/\\\/informelitoral.com.ar\\\/%77%70%2d%63%6f%6e%74%65%6e%74\\\/uploads\\\/2021\\\/01\\\/circulo.png\",\"contentUrl\":\"https:\\\/\\\/informelitoral.com.ar\\\/%77%70%2d%63%6f%6e%74%65%6e%74\\\/uploads\\\/2021\\\/01\\\/circulo.png\",\"width\":723,\"height\":731,\"caption\":\"Informe Litoral\"},\"image\":{\"@id\":\"https:\\\/\\\/informelitoral.com.ar\\\/#\\\/schema\\\/logo\\\/image\\\/\"},\"sameAs\":[\"https:\\\/\\\/www.facebook.com\\\/informelitoral\\\/\",\"https:\\\/\\\/x.com\\\/InformeLitoral\",\"https:\\\/\\\/www.instagram.com\\\/informelitoral\\\/\",\"https:\\\/\\\/www.youtube.com\\\/channel\\\/UCua4Qvz8Icb6MYqhoq9xLXw\"]},{\"@type\":\"Person\",\"@id\":\"https:\\\/\\\/informelitoral.com.ar\\\/#\\\/schema\\\/person\\\/f05f9f461677119578717524b127d6d5\",\"name\":\"Sebastian\",\"image\":{\"@type\":\"ImageObject\",\"inLanguage\":\"es\",\"@id\":\"https:\\\/\\\/secure.gravatar.com\\\/avatar\\\/b71bf7481d447dfb9583c7f2798e7cc64de6efb9067b74633ed8c31059a3bd82?s=96&d=mm&r=g\",\"url\":\"https:\\\/\\\/secure.gravatar.com\\\/avatar\\\/b71bf7481d447dfb9583c7f2798e7cc64de6efb9067b74633ed8c31059a3bd82?s=96&d=mm&r=g\",\"contentUrl\":\"https:\\\/\\\/secure.gravatar.com\\\/avatar\\\/b71bf7481d447dfb9583c7f2798e7cc64de6efb9067b74633ed8c31059a3bd82?s=96&d=mm&r=g\",\"caption\":\"Sebastian\"},\"url\":\"https:\\\/\\\/informelitoral.com.ar\\\/author\\\/sebastian\\\/\"}]}<\/script>","yoast_head_json":{"title":"El Kun Ag\u00fcero volvi\u00f3 a jugar en Independiente: marc\u00f3 un golazo en el empate ante Racing - Informe Litoral","robots":{"index":"index","follow":"follow","max-snippet":"max-snippet:-1","max-image-preview":"max-image-preview:large","max-video-preview":"max-video-preview:-1"},"canonical":"https:\/\/informelitoral.com.ar\/el-kun-aguero-volvio-a-jugar-en-independiente-marco-un-golazo-en-el-empate-ante-racing\/","og_locale":"es_ES","og_type":"article","og_title":"El Kun Ag\u00fcero volvi\u00f3 a jugar en Independiente: marc\u00f3 un golazo en el empate ante Racing - Informe Litoral","og_description":"El exfutbolista, que se retir\u00f3 del f\u00fatbol profesional a causa de una arritmia, regres\u00f3 al club que lo form\u00f3 para disputar un encuentro especial en el estadio del Rojo.","og_url":"https:\/\/informelitoral.com.ar\/el-kun-aguero-volvio-a-jugar-en-independiente-marco-un-golazo-en-el-empate-ante-racing\/","og_site_name":"Informe Litoral","article_publisher":"https:\/\/www.facebook.com\/informelitoral\/","article_published_time":"2025-04-01T13:31:32+00:00","article_modified_time":"2025-04-01T14:27:31+00:00","og_image":[{"width":720,"height":480,"url":"https:\/\/informelitoral.com.ar\/%77%70%2d%63%6f%6e%74%65%6e%74\/uploads\/2025\/04\/15SoueM6s_720x0__1.jpg","type":"image\/jpeg"}],"author":"Sebastian","twitter_card":"summary_large_image","twitter_creator":"@InformeLitoral","twitter_site":"@InformeLitoral","twitter_misc":{"Escrito por":"Sebastian","Tiempo de lectura":"2 minutos"},"schema":{"@context":"https:\/\/schema.org","@graph":[{"@type":"Article","@id":"https:\/\/informelitoral.com.ar\/el-kun-aguero-volvio-a-jugar-en-independiente-marco-un-golazo-en-el-empate-ante-racing\/#article","isPartOf":{"@id":"https:\/\/informelitoral.com.ar\/el-kun-aguero-volvio-a-jugar-en-independiente-marco-un-golazo-en-el-empate-ante-racing\/"},"author":{"name":"Sebastian","@id":"https:\/\/informelitoral.com.ar\/#\/schema\/person\/f05f9f461677119578717524b127d6d5"},"headline":"El Kun Ag\u00fcero volvi\u00f3 a jugar en Independiente: marc\u00f3 un golazo en el empate ante Racing","datePublished":"2025-04-01T13:31:32+00:00","dateModified":"2025-04-01T14:27:31+00:00","mainEntityOfPage":{"@id":"https:\/\/informelitoral.com.ar\/el-kun-aguero-volvio-a-jugar-en-independiente-marco-un-golazo-en-el-empate-ante-racing\/"},"wordCount":358,"commentCount":0,"publisher":{"@id":"https:\/\/informelitoral.com.ar\/#organization"},"image":{"@id":"https:\/\/informelitoral.com.ar\/el-kun-aguero-volvio-a-jugar-en-independiente-marco-un-golazo-en-el-empate-ante-racing\/#primaryimage"},"thumbnailUrl":"https:\/\/informelitoral.com.ar\/%77%70%2d%63%6f%6e%74%65%6e%74\/uploads\/2025\/04\/15SoueM6s_720x0__1.jpg","keywords":["Independiente","Kun Ag\u00fcero"],"articleSection":["Deportes"],"inLanguage":"es","potentialAction":[{"@type":"CommentAction","name":"Comment","target":["https:\/\/informelitoral.com.ar\/el-kun-aguero-volvio-a-jugar-en-independiente-marco-un-golazo-en-el-empate-ante-racing\/#respond"]}]},{"@type":"WebPage","@id":"https:\/\/informelitoral.com.ar\/el-kun-aguero-volvio-a-jugar-en-independiente-marco-un-golazo-en-el-empate-ante-racing\/","url":"https:\/\/informelitoral.com.ar\/el-kun-aguero-volvio-a-jugar-en-independiente-marco-un-golazo-en-el-empate-ante-racing\/","name":"El Kun Ag\u00fcero volvi\u00f3 a jugar en Independiente: marc\u00f3 un golazo en el empate ante Racing - Informe Litoral","isPartOf":{"@id":"https:\/\/informelitoral.com.ar\/#website"},"primaryImageOfPage":{"@id":"https:\/\/informelitoral.com.ar\/el-kun-aguero-volvio-a-jugar-en-independiente-marco-un-golazo-en-el-empate-ante-racing\/#primaryimage"},"image":{"@id":"https:\/\/informelitoral.com.ar\/el-kun-aguero-volvio-a-jugar-en-independiente-marco-un-golazo-en-el-empate-ante-racing\/#primaryimage"},"thumbnailUrl":"https:\/\/informelitoral.com.ar\/%77%70%2d%63%6f%6e%74%65%6e%74\/uploads\/2025\/04\/15SoueM6s_720x0__1.jpg","datePublished":"2025-04-01T13:31:32+00:00","dateModified":"2025-04-01T14:27:31+00:00","breadcrumb":{"@id":"https:\/\/informelitoral.com.ar\/el-kun-aguero-volvio-a-jugar-en-independiente-marco-un-golazo-en-el-empate-ante-racing\/#breadcrumb"},"inLanguage":"es","potentialAction":[{"@type":"ReadAction","target":["https:\/\/informelitoral.com.ar\/el-kun-aguero-volvio-a-jugar-en-independiente-marco-un-golazo-en-el-empate-ante-racing\/"]}]},{"@type":"ImageObject","inLanguage":"es","@id":"https:\/\/informelitoral.com.ar\/el-kun-aguero-volvio-a-jugar-en-independiente-marco-un-golazo-en-el-empate-ante-racing\/#primaryimage","url":"https:\/\/informelitoral.com.ar\/%77%70%2d%63%6f%6e%74%65%6e%74\/uploads\/2025\/04\/15SoueM6s_720x0__1.jpg","contentUrl":"https:\/\/informelitoral.com.ar\/%77%70%2d%63%6f%6e%74%65%6e%74\/uploads\/2025\/04\/15SoueM6s_720x0__1.jpg","width":720,"height":480},{"@type":"BreadcrumbList","@id":"https:\/\/informelitoral.com.ar\/el-kun-aguero-volvio-a-jugar-en-independiente-marco-un-golazo-en-el-empate-ante-racing\/#breadcrumb","itemListElement":[{"@type":"ListItem","position":1,"name":"Portada","item":"https:\/\/informelitoral.com.ar\/"},{"@type":"ListItem","position":2,"name":"El Kun Ag\u00fcero volvi\u00f3 a jugar en Independiente: marc\u00f3 un golazo en el empate ante Racing"}]},{"@type":"WebSite","@id":"https:\/\/informelitoral.com.ar\/#website","url":"https:\/\/informelitoral.com.ar\/","name":"Informe Litoral","description":"&quot;Nos informamos&quot; ","publisher":{"@id":"https:\/\/informelitoral.com.ar\/#organization"},"potentialAction":[{"@type":"SearchAction","target":{"@type":"EntryPoint","urlTemplate":"https:\/\/informelitoral.com.ar\/?s={search_term_string}"},"query-input":{"@type":"PropertyValueSpecification","valueRequired":true,"valueName":"search_term_string"}}],"inLanguage":"es"},{"@type":"Organization","@id":"https:\/\/informelitoral.com.ar\/#organization","name":"Informe Litoral","url":"https:\/\/informelitoral.com.ar\/","logo":{"@type":"ImageObject","inLanguage":"es","@id":"https:\/\/informelitoral.com.ar\/#\/schema\/logo\/image\/","url":"https:\/\/informelitoral.com.ar\/%77%70%2d%63%6f%6e%74%65%6e%74\/uploads\/2021\/01\/circulo.png","contentUrl":"https:\/\/informelitoral.com.ar\/%77%70%2d%63%6f%6e%74%65%6e%74\/uploads\/2021\/01\/circulo.png","width":723,"height":731,"caption":"Informe Litoral"},"image":{"@id":"https:\/\/informelitoral.com.ar\/#\/schema\/logo\/image\/"},"sameAs":["https:\/\/www.facebook.com\/informelitoral\/","https:\/\/x.com\/InformeLitoral","https:\/\/www.instagram.com\/informelitoral\/","https:\/\/www.youtube.com\/channel\/UCua4Qvz8Icb6MYqhoq9xLXw"]},{"@type":"Person","@id":"https:\/\/informelitoral.com.ar\/#\/schema\/person\/f05f9f461677119578717524b127d6d5","name":"Sebastian","image":{"@type":"ImageObject","inLanguage":"es","@id":"https:\/\/secure.gravatar.com\/avatar\/b71bf7481d447dfb9583c7f2798e7cc64de6efb9067b74633ed8c31059a3bd82?s=96&d=mm&r=g","url":"https:\/\/secure.gravatar.com\/avatar\/b71bf7481d447dfb9583c7f2798e7cc64de6efb9067b74633ed8c31059a3bd82?s=96&d=mm&r=g","contentUrl":"https:\/\/secure.gravatar.com\/avatar\/b71bf7481d447dfb9583c7f2798e7cc64de6efb9067b74633ed8c31059a3bd82?s=96&d=mm&r=g","caption":"Sebastian"},"url":"https:\/\/informelitoral.com.ar\/author\/sebastian\/"}]}},"_links":{"self":[{"href":"https:\/\/informelitoral.com.ar\/%77%70%2d%6a%73%6f%6e\/wp\/v2\/posts\/216899","targetHints":{"allow":["GET"]}}],"collection":[{"href":"https:\/\/informelitoral.com.ar\/%77%70%2d%6a%73%6f%6e\/wp\/v2\/posts"}],"about":[{"href":"https:\/\/informelitoral.com.ar\/%77%70%2d%6a%73%6f%6e\/wp\/v2\/types\/post"}],"author":[{"embeddable":true,"href":"https:\/\/informelitoral.com.ar\/%77%70%2d%6a%73%6f%6e\/wp\/v2\/users\/8"}],"replies":[{"embeddable":true,"href":"https:\/\/informelitoral.com.ar\/%77%70%2d%6a%73%6f%6e\/wp\/v2\/comments?post=216899"}],"version-history":[{"count":0,"href":"https:\/\/informelitoral.com.ar\/%77%70%2d%6a%73%6f%6e\/wp\/v2\/posts\/216899\/revisions"}],"wp:featuredmedia":[{"embeddable":true,"href":"https:\/\/informelitoral.com.ar\/%77%70%2d%6a%73%6f%6e\/wp\/v2\/media\/216900"}],"wp:attachment":[{"href":"https:\/\/informelitoral.com.ar\/%77%70%2d%6a%73%6f%6e\/wp\/v2\/media?parent=216899"}],"wp:term":[{"taxonomy":"category","embeddable":true,"href":"https:\/\/informelitoral.com.ar\/%77%70%2d%6a%73%6f%6e\/wp\/v2\/categories?post=216899"},{"taxonomy":"post_tag","embeddable":true,"href":"https:\/\/informelitoral.com.ar\/%77%70%2d%6a%73%6f%6e\/wp\/v2\/tags?post=216899"}],"curies":[{"name":"wp","href":"https:\/\/api.w.org\/{rel}","templated":true}]}}