{"id":216889,"date":"2025-04-01T10:20:03","date_gmt":"2025-04-01T13:20:03","guid":{"rendered":"https:\/\/informelitoral.com.ar\/?p=216889"},"modified":"2025-04-01T10:24:04","modified_gmt":"2025-04-01T13:24:04","slug":"departamento-diamante-brigada-flotante-vuelve-a-patrullar-el-parana-tras-importante-reacondicionamiento","status":"publish","type":"post","link":"https:\/\/informelitoral.com.ar\/departamento-diamante-brigada-flotante-vuelve-a-patrullar-el-parana-tras-importante-reacondicionamiento\/","title":{"rendered":"Departamento Diamante: \u00abBrigada Flotante\u00bb vuelve a patrullar el Paran\u00e1 tras importante reacondicionamiento"},"content":{"rendered":"<p>Reacondicionaron y pusieron en funcionamiento la<strong> \u201cBrigada Flotante\u201d<\/strong>, ubicada en el <strong>departamento<\/strong> <strong>Diamante<\/strong> y dependiente de la <strong>Direcci\u00f3n de Delitos Rurales de Polic\u00eda de Entre R\u00edos<\/strong>. Los trabajos implicaron diversas gestiones y colaboraci\u00f3n de distintos productores ganaderos de la zona.<\/p>\n<p>En detalle, se inform\u00f3 que a la embarcaci\u00f3n se le repararon los pontones y se le hizo el piso de hormig\u00f3n, adem\u00e1s de trabajos de pintura exterior e interior conforme los colores reglamentarios, se le provey\u00f3 de muebles interiores, se repar\u00f3 la instalaci\u00f3n el\u00e9ctrica e instal\u00f3 un nuevo panel solar y un aire acondicionado.<\/p>\n<p>Fuentes policiales destacaron el apoyo y predisposici\u00f3n de un vecino de Diamante, quien dispuso de su embarcaci\u00f3n para remolcarla hasta el lugar de implementaci\u00f3n.<\/p>\n<p><strong>La Brigada Flotante ya se encuentra en pleno funcionamiento y dotada de una lancha operativa con personal de la Direcci\u00f3n de Delitos Rurales en Islas Las Cuatro Bocas sobre Arroyo Paranacito<\/strong>.<\/p>\n","protected":false},"excerpt":{"rendered":"<p>La Brigada Flotante ya se encuentra en pleno funcionamiento y dotada de una lancha operativa con personal de la Direcci\u00f3n de Delitos Rurales en Islas Las Cuatro Bocas sobre Arroyo Paranacito.<\/p>\n","protected":false},"author":8,"featured_media":216891,"comment_status":"open","ping_status":"open","sticky":false,"template":"","format":"standard","meta":{"fifu_image_url":"","fifu_image_alt":"","footnotes":""},"categories":[14],"tags":[5668,1385],"class_list":{"0":"post-216889","1":"post","2":"type-post","3":"status-publish","4":"format-standard","5":"has-post-thumbnail","7":"category-policiales","8":"tag-brigada-flotante","9":"tag-departamento-diamante"},"yoast_head":"<title>Departamento Diamante: &quot;Brigada Flotante&quot; vuelve a patrullar el Paran\u00e1 tras importante reacondicionamiento - Informe Litoral<\/title>\n<meta name=\"robots\" content=\"index, follow, max-snippet:-1, max-image-preview:large, max-video-preview:-1\" \/>\n<link rel=\"canonical\" href=\"https:\/\/informelitoral.com.ar\/departamento-diamante-brigada-flotante-vuelve-a-patrullar-el-parana-tras-importante-reacondicionamiento\/\" \/>\n<meta property=\"og:locale\" content=\"es_ES\" \/>\n<meta property=\"og:type\" content=\"article\" \/>\n<meta property=\"og:title\" content=\"Departamento Diamante: &quot;Brigada Flotante&quot; vuelve a patrullar el Paran\u00e1 tras importante reacondicionamiento - Informe Litoral\" \/>\n<meta property=\"og:description\" content=\"La Brigada Flotante ya se encuentra en pleno funcionamiento y dotada de una lancha operativa con personal de la Direcci\u00f3n de Delitos Rurales en Islas Las Cuatro Bocas sobre Arroyo Paranacito.\" \/>\n<meta property=\"og:url\" content=\"https:\/\/informelitoral.com.ar\/departamento-diamante-brigada-flotante-vuelve-a-patrullar-el-parana-tras-importante-reacondicionamiento\/\" \/>\n<meta property=\"og:site_name\" content=\"Informe Litoral\" \/>\n<meta property=\"article:publisher\" content=\"https:\/\/www.facebook.com\/informelitoral\/\" \/>\n<meta property=\"article:published_time\" content=\"2025-04-01T13:20:03+00:00\" \/>\n<meta property=\"article:modified_time\" content=\"2025-04-01T13:24:04+00:00\" \/>\n<meta property=\"og:image\" content=\"https:\/\/informelitoral.com.ar\/%77%70%2d%63%6f%6e%74%65%6e%74\/uploads\/2025\/04\/l_1743510228_60130.webp\" \/>\n\t<meta property=\"og:image:width\" content=\"1200\" \/>\n\t<meta property=\"og:image:height\" content=\"800\" \/>\n\t<meta property=\"og:image:type\" content=\"image\/webp\" \/>\n<meta name=\"author\" content=\"Sebastian\" \/>\n<meta name=\"twitter:card\" content=\"summary_large_image\" \/>\n<meta name=\"twitter:creator\" content=\"@InformeLitoral\" \/>\n<meta name=\"twitter:site\" content=\"@InformeLitoral\" \/>\n<meta name=\"twitter:label1\" content=\"Escrito por\" \/>\n\t<meta name=\"twitter:data1\" content=\"Sebastian\" \/>\n\t<meta name=\"twitter:label2\" content=\"Tiempo de lectura\" \/>\n\t<meta name=\"twitter:data2\" content=\"1 minuto\" \/>\n<script type=\"application\/ld+json\" class=\"yoast-schema-graph\">{\"@context\":\"https:\\\/\\\/schema.org\",\"@graph\":[{\"@type\":\"Article\",\"@id\":\"https:\\\/\\\/informelitoral.com.ar\\\/departamento-diamante-brigada-flotante-vuelve-a-patrullar-el-parana-tras-importante-reacondicionamiento\\\/#article\",\"isPartOf\":{\"@id\":\"https:\\\/\\\/informelitoral.com.ar\\\/departamento-diamante-brigada-flotante-vuelve-a-patrullar-el-parana-tras-importante-reacondicionamiento\\\/\"},\"author\":{\"name\":\"Sebastian\",\"@id\":\"https:\\\/\\\/informelitoral.com.ar\\\/#\\\/schema\\\/person\\\/f05f9f461677119578717524b127d6d5\"},\"headline\":\"Departamento Diamante: \u00abBrigada Flotante\u00bb vuelve a patrullar el Paran\u00e1 tras importante reacondicionamiento\",\"datePublished\":\"2025-04-01T13:20:03+00:00\",\"dateModified\":\"2025-04-01T13:24:04+00:00\",\"mainEntityOfPage\":{\"@id\":\"https:\\\/\\\/informelitoral.com.ar\\\/departamento-diamante-brigada-flotante-vuelve-a-patrullar-el-parana-tras-importante-reacondicionamiento\\\/\"},\"wordCount\":174,\"commentCount\":0,\"publisher\":{\"@id\":\"https:\\\/\\\/informelitoral.com.ar\\\/#organization\"},\"image\":{\"@id\":\"https:\\\/\\\/informelitoral.com.ar\\\/departamento-diamante-brigada-flotante-vuelve-a-patrullar-el-parana-tras-importante-reacondicionamiento\\\/#primaryimage\"},\"thumbnailUrl\":\"https:\\\/\\\/informelitoral.com.ar\\\/%77%70%2d%63%6f%6e%74%65%6e%74\\\/uploads\\\/2025\\\/04\\\/l_1743510228_60130.webp\",\"keywords\":[\"Brigada Flotante\",\"Departamento Diamante\"],\"articleSection\":[\"Policiales\"],\"inLanguage\":\"es\",\"potentialAction\":[{\"@type\":\"CommentAction\",\"name\":\"Comment\",\"target\":[\"https:\\\/\\\/informelitoral.com.ar\\\/departamento-diamante-brigada-flotante-vuelve-a-patrullar-el-parana-tras-importante-reacondicionamiento\\\/#respond\"]}]},{\"@type\":\"WebPage\",\"@id\":\"https:\\\/\\\/informelitoral.com.ar\\\/departamento-diamante-brigada-flotante-vuelve-a-patrullar-el-parana-tras-importante-reacondicionamiento\\\/\",\"url\":\"https:\\\/\\\/informelitoral.com.ar\\\/departamento-diamante-brigada-flotante-vuelve-a-patrullar-el-parana-tras-importante-reacondicionamiento\\\/\",\"name\":\"Departamento Diamante: \\\"Brigada Flotante\\\" vuelve a patrullar el Paran\u00e1 tras importante reacondicionamiento - Informe Litoral\",\"isPartOf\":{\"@id\":\"https:\\\/\\\/informelitoral.com.ar\\\/#website\"},\"primaryImageOfPage\":{\"@id\":\"https:\\\/\\\/informelitoral.com.ar\\\/departamento-diamante-brigada-flotante-vuelve-a-patrullar-el-parana-tras-importante-reacondicionamiento\\\/#primaryimage\"},\"image\":{\"@id\":\"https:\\\/\\\/informelitoral.com.ar\\\/departamento-diamante-brigada-flotante-vuelve-a-patrullar-el-parana-tras-importante-reacondicionamiento\\\/#primaryimage\"},\"thumbnailUrl\":\"https:\\\/\\\/informelitoral.com.ar\\\/%77%70%2d%63%6f%6e%74%65%6e%74\\\/uploads\\\/2025\\\/04\\\/l_1743510228_60130.webp\",\"datePublished\":\"2025-04-01T13:20:03+00:00\",\"dateModified\":\"2025-04-01T13:24:04+00:00\",\"breadcrumb\":{\"@id\":\"https:\\\/\\\/informelitoral.com.ar\\\/departamento-diamante-brigada-flotante-vuelve-a-patrullar-el-parana-tras-importante-reacondicionamiento\\\/#breadcrumb\"},\"inLanguage\":\"es\",\"potentialAction\":[{\"@type\":\"ReadAction\",\"target\":[\"https:\\\/\\\/informelitoral.com.ar\\\/departamento-diamante-brigada-flotante-vuelve-a-patrullar-el-parana-tras-importante-reacondicionamiento\\\/\"]}]},{\"@type\":\"ImageObject\",\"inLanguage\":\"es\",\"@id\":\"https:\\\/\\\/informelitoral.com.ar\\\/departamento-diamante-brigada-flotante-vuelve-a-patrullar-el-parana-tras-importante-reacondicionamiento\\\/#primaryimage\",\"url\":\"https:\\\/\\\/informelitoral.com.ar\\\/%77%70%2d%63%6f%6e%74%65%6e%74\\\/uploads\\\/2025\\\/04\\\/l_1743510228_60130.webp\",\"contentUrl\":\"https:\\\/\\\/informelitoral.com.ar\\\/%77%70%2d%63%6f%6e%74%65%6e%74\\\/uploads\\\/2025\\\/04\\\/l_1743510228_60130.webp\",\"width\":1200,\"height\":800},{\"@type\":\"BreadcrumbList\",\"@id\":\"https:\\\/\\\/informelitoral.com.ar\\\/departamento-diamante-brigada-flotante-vuelve-a-patrullar-el-parana-tras-importante-reacondicionamiento\\\/#breadcrumb\",\"itemListElement\":[{\"@type\":\"ListItem\",\"position\":1,\"name\":\"Portada\",\"item\":\"https:\\\/\\\/informelitoral.com.ar\\\/\"},{\"@type\":\"ListItem\",\"position\":2,\"name\":\"Departamento Diamante: \u00abBrigada Flotante\u00bb vuelve a patrullar el Paran\u00e1 tras importante reacondicionamiento\"}]},{\"@type\":\"WebSite\",\"@id\":\"https:\\\/\\\/informelitoral.com.ar\\\/#website\",\"url\":\"https:\\\/\\\/informelitoral.com.ar\\\/\",\"name\":\"Informe Litoral\",\"description\":\"&quot;Nos informamos&quot; \",\"publisher\":{\"@id\":\"https:\\\/\\\/informelitoral.com.ar\\\/#organization\"},\"potentialAction\":[{\"@type\":\"SearchAction\",\"target\":{\"@type\":\"EntryPoint\",\"urlTemplate\":\"https:\\\/\\\/informelitoral.com.ar\\\/?s={search_term_string}\"},\"query-input\":{\"@type\":\"PropertyValueSpecification\",\"valueRequired\":true,\"valueName\":\"search_term_string\"}}],\"inLanguage\":\"es\"},{\"@type\":\"Organization\",\"@id\":\"https:\\\/\\\/informelitoral.com.ar\\\/#organization\",\"name\":\"Informe Litoral\",\"url\":\"https:\\\/\\\/informelitoral.com.ar\\\/\",\"logo\":{\"@type\":\"ImageObject\",\"inLanguage\":\"es\",\"@id\":\"https:\\\/\\\/informelitoral.com.ar\\\/#\\\/schema\\\/logo\\\/image\\\/\",\"url\":\"https:\\\/\\\/informelitoral.com.ar\\\/%77%70%2d%63%6f%6e%74%65%6e%74\\\/uploads\\\/2021\\\/01\\\/circulo.png\",\"contentUrl\":\"https:\\\/\\\/informelitoral.com.ar\\\/%77%70%2d%63%6f%6e%74%65%6e%74\\\/uploads\\\/2021\\\/01\\\/circulo.png\",\"width\":723,\"height\":731,\"caption\":\"Informe Litoral\"},\"image\":{\"@id\":\"https:\\\/\\\/informelitoral.com.ar\\\/#\\\/schema\\\/logo\\\/image\\\/\"},\"sameAs\":[\"https:\\\/\\\/www.facebook.com\\\/informelitoral\\\/\",\"https:\\\/\\\/x.com\\\/InformeLitoral\",\"https:\\\/\\\/www.instagram.com\\\/informelitoral\\\/\",\"https:\\\/\\\/www.youtube.com\\\/channel\\\/UCua4Qvz8Icb6MYqhoq9xLXw\"]},{\"@type\":\"Person\",\"@id\":\"https:\\\/\\\/informelitoral.com.ar\\\/#\\\/schema\\\/person\\\/f05f9f461677119578717524b127d6d5\",\"name\":\"Sebastian\",\"image\":{\"@type\":\"ImageObject\",\"inLanguage\":\"es\",\"@id\":\"https:\\\/\\\/secure.gravatar.com\\\/avatar\\\/b71bf7481d447dfb9583c7f2798e7cc64de6efb9067b74633ed8c31059a3bd82?s=96&d=mm&r=g\",\"url\":\"https:\\\/\\\/secure.gravatar.com\\\/avatar\\\/b71bf7481d447dfb9583c7f2798e7cc64de6efb9067b74633ed8c31059a3bd82?s=96&d=mm&r=g\",\"contentUrl\":\"https:\\\/\\\/secure.gravatar.com\\\/avatar\\\/b71bf7481d447dfb9583c7f2798e7cc64de6efb9067b74633ed8c31059a3bd82?s=96&d=mm&r=g\",\"caption\":\"Sebastian\"},\"url\":\"https:\\\/\\\/informelitoral.com.ar\\\/author\\\/sebastian\\\/\"}]}<\/script>","yoast_head_json":{"title":"Departamento Diamante: \"Brigada Flotante\" vuelve a patrullar el Paran\u00e1 tras importante reacondicionamiento - Informe Litoral","robots":{"index":"index","follow":"follow","max-snippet":"max-snippet:-1","max-image-preview":"max-image-preview:large","max-video-preview":"max-video-preview:-1"},"canonical":"https:\/\/informelitoral.com.ar\/departamento-diamante-brigada-flotante-vuelve-a-patrullar-el-parana-tras-importante-reacondicionamiento\/","og_locale":"es_ES","og_type":"article","og_title":"Departamento Diamante: \"Brigada Flotante\" vuelve a patrullar el Paran\u00e1 tras importante reacondicionamiento - Informe Litoral","og_description":"La Brigada Flotante ya se encuentra en pleno funcionamiento y dotada de una lancha operativa con personal de la Direcci\u00f3n de Delitos Rurales en Islas Las Cuatro Bocas sobre Arroyo Paranacito.","og_url":"https:\/\/informelitoral.com.ar\/departamento-diamante-brigada-flotante-vuelve-a-patrullar-el-parana-tras-importante-reacondicionamiento\/","og_site_name":"Informe Litoral","article_publisher":"https:\/\/www.facebook.com\/informelitoral\/","article_published_time":"2025-04-01T13:20:03+00:00","article_modified_time":"2025-04-01T13:24:04+00:00","og_image":[{"width":1200,"height":800,"url":"https:\/\/informelitoral.com.ar\/%77%70%2d%63%6f%6e%74%65%6e%74\/uploads\/2025\/04\/l_1743510228_60130.webp","type":"image\/webp"}],"author":"Sebastian","twitter_card":"summary_large_image","twitter_creator":"@InformeLitoral","twitter_site":"@InformeLitoral","twitter_misc":{"Escrito por":"Sebastian","Tiempo de lectura":"1 minuto"},"schema":{"@context":"https:\/\/schema.org","@graph":[{"@type":"Article","@id":"https:\/\/informelitoral.com.ar\/departamento-diamante-brigada-flotante-vuelve-a-patrullar-el-parana-tras-importante-reacondicionamiento\/#article","isPartOf":{"@id":"https:\/\/informelitoral.com.ar\/departamento-diamante-brigada-flotante-vuelve-a-patrullar-el-parana-tras-importante-reacondicionamiento\/"},"author":{"name":"Sebastian","@id":"https:\/\/informelitoral.com.ar\/#\/schema\/person\/f05f9f461677119578717524b127d6d5"},"headline":"Departamento Diamante: \u00abBrigada Flotante\u00bb vuelve a patrullar el Paran\u00e1 tras importante reacondicionamiento","datePublished":"2025-04-01T13:20:03+00:00","dateModified":"2025-04-01T13:24:04+00:00","mainEntityOfPage":{"@id":"https:\/\/informelitoral.com.ar\/departamento-diamante-brigada-flotante-vuelve-a-patrullar-el-parana-tras-importante-reacondicionamiento\/"},"wordCount":174,"commentCount":0,"publisher":{"@id":"https:\/\/informelitoral.com.ar\/#organization"},"image":{"@id":"https:\/\/informelitoral.com.ar\/departamento-diamante-brigada-flotante-vuelve-a-patrullar-el-parana-tras-importante-reacondicionamiento\/#primaryimage"},"thumbnailUrl":"https:\/\/informelitoral.com.ar\/%77%70%2d%63%6f%6e%74%65%6e%74\/uploads\/2025\/04\/l_1743510228_60130.webp","keywords":["Brigada Flotante","Departamento Diamante"],"articleSection":["Policiales"],"inLanguage":"es","potentialAction":[{"@type":"CommentAction","name":"Comment","target":["https:\/\/informelitoral.com.ar\/departamento-diamante-brigada-flotante-vuelve-a-patrullar-el-parana-tras-importante-reacondicionamiento\/#respond"]}]},{"@type":"WebPage","@id":"https:\/\/informelitoral.com.ar\/departamento-diamante-brigada-flotante-vuelve-a-patrullar-el-parana-tras-importante-reacondicionamiento\/","url":"https:\/\/informelitoral.com.ar\/departamento-diamante-brigada-flotante-vuelve-a-patrullar-el-parana-tras-importante-reacondicionamiento\/","name":"Departamento Diamante: \"Brigada Flotante\" vuelve a patrullar el Paran\u00e1 tras importante reacondicionamiento - Informe Litoral","isPartOf":{"@id":"https:\/\/informelitoral.com.ar\/#website"},"primaryImageOfPage":{"@id":"https:\/\/informelitoral.com.ar\/departamento-diamante-brigada-flotante-vuelve-a-patrullar-el-parana-tras-importante-reacondicionamiento\/#primaryimage"},"image":{"@id":"https:\/\/informelitoral.com.ar\/departamento-diamante-brigada-flotante-vuelve-a-patrullar-el-parana-tras-importante-reacondicionamiento\/#primaryimage"},"thumbnailUrl":"https:\/\/informelitoral.com.ar\/%77%70%2d%63%6f%6e%74%65%6e%74\/uploads\/2025\/04\/l_1743510228_60130.webp","datePublished":"2025-04-01T13:20:03+00:00","dateModified":"2025-04-01T13:24:04+00:00","breadcrumb":{"@id":"https:\/\/informelitoral.com.ar\/departamento-diamante-brigada-flotante-vuelve-a-patrullar-el-parana-tras-importante-reacondicionamiento\/#breadcrumb"},"inLanguage":"es","potentialAction":[{"@type":"ReadAction","target":["https:\/\/informelitoral.com.ar\/departamento-diamante-brigada-flotante-vuelve-a-patrullar-el-parana-tras-importante-reacondicionamiento\/"]}]},{"@type":"ImageObject","inLanguage":"es","@id":"https:\/\/informelitoral.com.ar\/departamento-diamante-brigada-flotante-vuelve-a-patrullar-el-parana-tras-importante-reacondicionamiento\/#primaryimage","url":"https:\/\/informelitoral.com.ar\/%77%70%2d%63%6f%6e%74%65%6e%74\/uploads\/2025\/04\/l_1743510228_60130.webp","contentUrl":"https:\/\/informelitoral.com.ar\/%77%70%2d%63%6f%6e%74%65%6e%74\/uploads\/2025\/04\/l_1743510228_60130.webp","width":1200,"height":800},{"@type":"BreadcrumbList","@id":"https:\/\/informelitoral.com.ar\/departamento-diamante-brigada-flotante-vuelve-a-patrullar-el-parana-tras-importante-reacondicionamiento\/#breadcrumb","itemListElement":[{"@type":"ListItem","position":1,"name":"Portada","item":"https:\/\/informelitoral.com.ar\/"},{"@type":"ListItem","position":2,"name":"Departamento Diamante: \u00abBrigada Flotante\u00bb vuelve a patrullar el Paran\u00e1 tras importante reacondicionamiento"}]},{"@type":"WebSite","@id":"https:\/\/informelitoral.com.ar\/#website","url":"https:\/\/informelitoral.com.ar\/","name":"Informe Litoral","description":"&quot;Nos informamos&quot; ","publisher":{"@id":"https:\/\/informelitoral.com.ar\/#organization"},"potentialAction":[{"@type":"SearchAction","target":{"@type":"EntryPoint","urlTemplate":"https:\/\/informelitoral.com.ar\/?s={search_term_string}"},"query-input":{"@type":"PropertyValueSpecification","valueRequired":true,"valueName":"search_term_string"}}],"inLanguage":"es"},{"@type":"Organization","@id":"https:\/\/informelitoral.com.ar\/#organization","name":"Informe Litoral","url":"https:\/\/informelitoral.com.ar\/","logo":{"@type":"ImageObject","inLanguage":"es","@id":"https:\/\/informelitoral.com.ar\/#\/schema\/logo\/image\/","url":"https:\/\/informelitoral.com.ar\/%77%70%2d%63%6f%6e%74%65%6e%74\/uploads\/2021\/01\/circulo.png","contentUrl":"https:\/\/informelitoral.com.ar\/%77%70%2d%63%6f%6e%74%65%6e%74\/uploads\/2021\/01\/circulo.png","width":723,"height":731,"caption":"Informe Litoral"},"image":{"@id":"https:\/\/informelitoral.com.ar\/#\/schema\/logo\/image\/"},"sameAs":["https:\/\/www.facebook.com\/informelitoral\/","https:\/\/x.com\/InformeLitoral","https:\/\/www.instagram.com\/informelitoral\/","https:\/\/www.youtube.com\/channel\/UCua4Qvz8Icb6MYqhoq9xLXw"]},{"@type":"Person","@id":"https:\/\/informelitoral.com.ar\/#\/schema\/person\/f05f9f461677119578717524b127d6d5","name":"Sebastian","image":{"@type":"ImageObject","inLanguage":"es","@id":"https:\/\/secure.gravatar.com\/avatar\/b71bf7481d447dfb9583c7f2798e7cc64de6efb9067b74633ed8c31059a3bd82?s=96&d=mm&r=g","url":"https:\/\/secure.gravatar.com\/avatar\/b71bf7481d447dfb9583c7f2798e7cc64de6efb9067b74633ed8c31059a3bd82?s=96&d=mm&r=g","contentUrl":"https:\/\/secure.gravatar.com\/avatar\/b71bf7481d447dfb9583c7f2798e7cc64de6efb9067b74633ed8c31059a3bd82?s=96&d=mm&r=g","caption":"Sebastian"},"url":"https:\/\/informelitoral.com.ar\/author\/sebastian\/"}]}},"_links":{"self":[{"href":"https:\/\/informelitoral.com.ar\/%77%70%2d%6a%73%6f%6e\/wp\/v2\/posts\/216889","targetHints":{"allow":["GET"]}}],"collection":[{"href":"https:\/\/informelitoral.com.ar\/%77%70%2d%6a%73%6f%6e\/wp\/v2\/posts"}],"about":[{"href":"https:\/\/informelitoral.com.ar\/%77%70%2d%6a%73%6f%6e\/wp\/v2\/types\/post"}],"author":[{"embeddable":true,"href":"https:\/\/informelitoral.com.ar\/%77%70%2d%6a%73%6f%6e\/wp\/v2\/users\/8"}],"replies":[{"embeddable":true,"href":"https:\/\/informelitoral.com.ar\/%77%70%2d%6a%73%6f%6e\/wp\/v2\/comments?post=216889"}],"version-history":[{"count":0,"href":"https:\/\/informelitoral.com.ar\/%77%70%2d%6a%73%6f%6e\/wp\/v2\/posts\/216889\/revisions"}],"wp:featuredmedia":[{"embeddable":true,"href":"https:\/\/informelitoral.com.ar\/%77%70%2d%6a%73%6f%6e\/wp\/v2\/media\/216891"}],"wp:attachment":[{"href":"https:\/\/informelitoral.com.ar\/%77%70%2d%6a%73%6f%6e\/wp\/v2\/media?parent=216889"}],"wp:term":[{"taxonomy":"category","embeddable":true,"href":"https:\/\/informelitoral.com.ar\/%77%70%2d%6a%73%6f%6e\/wp\/v2\/categories?post=216889"},{"taxonomy":"post_tag","embeddable":true,"href":"https:\/\/informelitoral.com.ar\/%77%70%2d%6a%73%6f%6e\/wp\/v2\/tags?post=216889"}],"curies":[{"name":"wp","href":"https:\/\/api.w.org\/{rel}","templated":true}]}}