{"id":216867,"date":"2025-04-01T09:20:02","date_gmt":"2025-04-01T12:20:02","guid":{"rendered":"https:\/\/informelitoral.com.ar\/?p=216867"},"modified":"2025-04-01T09:24:21","modified_gmt":"2025-04-01T12:24:21","slug":"proponen-que-entre-rios-adhiera-a-la-ley-antimafias","status":"publish","type":"post","link":"https:\/\/informelitoral.com.ar\/proponen-que-entre-rios-adhiera-a-la-ley-antimafias\/","title":{"rendered":"Proponen que Entre R\u00edos adhiera a la Ley Antimafias"},"content":{"rendered":"<p>La iniciativa s\u00f3lo cuenta con dos art\u00edculos: de adhesi\u00f3n y de forma. En los fundamentos, su autora subraya que <strong>Entre R\u00edos<\/strong> \u201cno es ajena a la problem\u00e1tica de las asociaciones il\u00edcitas criminales dedicadas a m\u00faltiples delitos como el narcotr\u00e1fico\u201d, por lo tanto considera necesario que \u201cadhiera las disposiciones contenidas en la Ley N\u00b0 27.786, en sus aspectos procesales y de colaboraci\u00f3n interjurisdiccional\u201d.<\/p>\n<p>Adem\u00e1s, <strong>Laner<\/strong> hace un repaso de las disposiciones de la norma nacional y destaca que fue \u201csancionada recientemente por el Congreso Nacional en el marco de la lucha contra las organizaciones criminales\u201d.<\/p>\n<p>Se\u00f1ala que la ley \u201ctiene por objeto brindar al Estado herramientas \u00fatiles en materia de investigaci\u00f3n y sanci\u00f3n de las organizaciones criminales, entendi\u00e9ndose por tales a los grupos de tres (3) o m\u00e1s personas que durante cierto tiempo, en \u00e1reas geogr\u00e1ficas determinadas y bajo ciertas modalidades operativas, act\u00faan concertadamente con el prop\u00f3sito de cometer delitos especialmente graves\u201d.<\/p>\n<p>Apunta tambi\u00e9n que se delimita su aplicaci\u00f3n a la comisi\u00f3n de delitos que involucren tipos penales espec\u00edficos, entre ellos tr\u00e1fico il\u00edcito de estupefacientes, lavado de activos, homicidios, lesiones, pornograf\u00eda infantil, privaci\u00f3n ileg\u00edtima de la libertad, secuestro, coacci\u00f3n, amenazas, extorsi\u00f3n, trata de personas, tr\u00e1fico de \u00f3rganos, intimidaci\u00f3n p\u00fablica, incendios, estragos y tenencia ilegal de armas y\/o explosivos.<\/p>\n<p>A la vez, destaca que \u201cdada la gravedad de esos delitos, se contempla una pena m\u00e1s alta \u2013de 8 a 20 a\u00f1os de prisi\u00f3n o reclusi\u00f3n\u2013 por la mera pertenencia a la asociaci\u00f3n\u201d<\/p>\n<p>Entiende que el concepto de Zona Sujeta a Investigaci\u00f3n Especial, que tiene el objeto de establecer mecanismos de actuaci\u00f3n \u00e1giles para los diversos poderes del Estado, \u201cposibilitar\u00e1 una respuesta m\u00e1s r\u00e1pida y efectiva en el marco de la actuaci\u00f3n operativa y de investigaci\u00f3n, de conformidad con la modalidad que adquiere el crimen organizado en nuestro pa\u00eds\u201d.<\/p>\n<p>En lo respecta a la competencia provincial, la diputada destaca el Cap\u00edtulo II Zona sujeta a investigaci\u00f3n especial y particularmente el art\u00edculo 10, que establece el decomiso anticipado de los bienes desapoderados.<\/p>\n<p>Son coautores del proyecto Noelia Taborda, Mariana Bentos, Gabriela Lena, Mauro Godein, Carolina Streitenberger y Maria Elena Romero.<\/p>\n","protected":false},"excerpt":{"rendered":"<p>La iniciativa que ingres\u00f3 a la C\u00e1mara de Diputados es autor\u00eda de la diputada Carola Laner, de Juntos por Entre R\u00edos. Establece la adhesi\u00f3n de la provincia a la Ley Nacional N\u00ba 27.786, denominada Ley Antimafias. Ser\u00e1 discutida en la comisi\u00f3n de Legislaci\u00f3n general.<\/p>\n","protected":false},"author":8,"featured_media":216869,"comment_status":"open","ping_status":"open","sticky":false,"template":"","format":"standard","meta":{"fifu_image_url":"","fifu_image_alt":"","footnotes":""},"categories":[3],"tags":[5667,264],"class_list":{"0":"post-216867","1":"post","2":"type-post","3":"status-publish","4":"format-standard","5":"has-post-thumbnail","7":"category-noticias","8":"tag-ley-antimafias","9":"tag-patricia-bullrich"},"yoast_head":"<title>Proponen que Entre R\u00edos adhiera a la Ley Antimafias - Informe Litoral<\/title>\n<meta name=\"robots\" content=\"index, follow, max-snippet:-1, max-image-preview:large, max-video-preview:-1\" \/>\n<link rel=\"canonical\" href=\"https:\/\/informelitoral.com.ar\/proponen-que-entre-rios-adhiera-a-la-ley-antimafias\/\" \/>\n<meta property=\"og:locale\" content=\"es_ES\" \/>\n<meta property=\"og:type\" content=\"article\" \/>\n<meta property=\"og:title\" content=\"Proponen que Entre R\u00edos adhiera a la Ley Antimafias - Informe Litoral\" \/>\n<meta property=\"og:description\" content=\"La iniciativa que ingres\u00f3 a la C\u00e1mara de Diputados es autor\u00eda de la diputada Carola Laner, de Juntos por Entre R\u00edos. Establece la adhesi\u00f3n de la provincia a la Ley Nacional N\u00ba 27.786, denominada Ley Antimafias. Ser\u00e1 discutida en la comisi\u00f3n de Legislaci\u00f3n general.\" \/>\n<meta property=\"og:url\" content=\"https:\/\/informelitoral.com.ar\/proponen-que-entre-rios-adhiera-a-la-ley-antimafias\/\" \/>\n<meta property=\"og:site_name\" content=\"Informe Litoral\" \/>\n<meta property=\"article:publisher\" content=\"https:\/\/www.facebook.com\/informelitoral\/\" \/>\n<meta property=\"article:published_time\" content=\"2025-04-01T12:20:02+00:00\" \/>\n<meta property=\"article:modified_time\" content=\"2025-04-01T12:24:21+00:00\" \/>\n<meta property=\"og:image\" content=\"https:\/\/informelitoral.com.ar\/%77%70%2d%63%6f%6e%74%65%6e%74\/uploads\/2025\/04\/20250331125047_patricia.jpg\" \/>\n\t<meta property=\"og:image:width\" content=\"880\" \/>\n\t<meta property=\"og:image:height\" content=\"512\" \/>\n\t<meta property=\"og:image:type\" content=\"image\/jpeg\" \/>\n<meta name=\"author\" content=\"Sebastian\" \/>\n<meta name=\"twitter:card\" content=\"summary_large_image\" \/>\n<meta name=\"twitter:creator\" content=\"@InformeLitoral\" \/>\n<meta name=\"twitter:site\" content=\"@InformeLitoral\" \/>\n<meta name=\"twitter:label1\" content=\"Escrito por\" \/>\n\t<meta name=\"twitter:data1\" content=\"Sebastian\" \/>\n\t<meta name=\"twitter:label2\" content=\"Tiempo de lectura\" \/>\n\t<meta name=\"twitter:data2\" content=\"2 minutos\" \/>\n<script type=\"application\/ld+json\" class=\"yoast-schema-graph\">{\"@context\":\"https:\\\/\\\/schema.org\",\"@graph\":[{\"@type\":\"Article\",\"@id\":\"https:\\\/\\\/informelitoral.com.ar\\\/proponen-que-entre-rios-adhiera-a-la-ley-antimafias\\\/#article\",\"isPartOf\":{\"@id\":\"https:\\\/\\\/informelitoral.com.ar\\\/proponen-que-entre-rios-adhiera-a-la-ley-antimafias\\\/\"},\"author\":{\"name\":\"Sebastian\",\"@id\":\"https:\\\/\\\/informelitoral.com.ar\\\/#\\\/schema\\\/person\\\/f05f9f461677119578717524b127d6d5\"},\"headline\":\"Proponen que Entre R\u00edos adhiera a la Ley Antimafias\",\"datePublished\":\"2025-04-01T12:20:02+00:00\",\"dateModified\":\"2025-04-01T12:24:21+00:00\",\"mainEntityOfPage\":{\"@id\":\"https:\\\/\\\/informelitoral.com.ar\\\/proponen-que-entre-rios-adhiera-a-la-ley-antimafias\\\/\"},\"wordCount\":399,\"commentCount\":0,\"publisher\":{\"@id\":\"https:\\\/\\\/informelitoral.com.ar\\\/#organization\"},\"image\":{\"@id\":\"https:\\\/\\\/informelitoral.com.ar\\\/proponen-que-entre-rios-adhiera-a-la-ley-antimafias\\\/#primaryimage\"},\"thumbnailUrl\":\"https:\\\/\\\/informelitoral.com.ar\\\/%77%70%2d%63%6f%6e%74%65%6e%74\\\/uploads\\\/2025\\\/04\\\/20250331125047_patricia.jpg\",\"keywords\":[\"Ley Antimafias\",\"Patricia Bullrich\"],\"articleSection\":[\"Noticias\"],\"inLanguage\":\"es\",\"potentialAction\":[{\"@type\":\"CommentAction\",\"name\":\"Comment\",\"target\":[\"https:\\\/\\\/informelitoral.com.ar\\\/proponen-que-entre-rios-adhiera-a-la-ley-antimafias\\\/#respond\"]}]},{\"@type\":\"WebPage\",\"@id\":\"https:\\\/\\\/informelitoral.com.ar\\\/proponen-que-entre-rios-adhiera-a-la-ley-antimafias\\\/\",\"url\":\"https:\\\/\\\/informelitoral.com.ar\\\/proponen-que-entre-rios-adhiera-a-la-ley-antimafias\\\/\",\"name\":\"Proponen que Entre R\u00edos adhiera a la Ley Antimafias - Informe Litoral\",\"isPartOf\":{\"@id\":\"https:\\\/\\\/informelitoral.com.ar\\\/#website\"},\"primaryImageOfPage\":{\"@id\":\"https:\\\/\\\/informelitoral.com.ar\\\/proponen-que-entre-rios-adhiera-a-la-ley-antimafias\\\/#primaryimage\"},\"image\":{\"@id\":\"https:\\\/\\\/informelitoral.com.ar\\\/proponen-que-entre-rios-adhiera-a-la-ley-antimafias\\\/#primaryimage\"},\"thumbnailUrl\":\"https:\\\/\\\/informelitoral.com.ar\\\/%77%70%2d%63%6f%6e%74%65%6e%74\\\/uploads\\\/2025\\\/04\\\/20250331125047_patricia.jpg\",\"datePublished\":\"2025-04-01T12:20:02+00:00\",\"dateModified\":\"2025-04-01T12:24:21+00:00\",\"breadcrumb\":{\"@id\":\"https:\\\/\\\/informelitoral.com.ar\\\/proponen-que-entre-rios-adhiera-a-la-ley-antimafias\\\/#breadcrumb\"},\"inLanguage\":\"es\",\"potentialAction\":[{\"@type\":\"ReadAction\",\"target\":[\"https:\\\/\\\/informelitoral.com.ar\\\/proponen-que-entre-rios-adhiera-a-la-ley-antimafias\\\/\"]}]},{\"@type\":\"ImageObject\",\"inLanguage\":\"es\",\"@id\":\"https:\\\/\\\/informelitoral.com.ar\\\/proponen-que-entre-rios-adhiera-a-la-ley-antimafias\\\/#primaryimage\",\"url\":\"https:\\\/\\\/informelitoral.com.ar\\\/%77%70%2d%63%6f%6e%74%65%6e%74\\\/uploads\\\/2025\\\/04\\\/20250331125047_patricia.jpg\",\"contentUrl\":\"https:\\\/\\\/informelitoral.com.ar\\\/%77%70%2d%63%6f%6e%74%65%6e%74\\\/uploads\\\/2025\\\/04\\\/20250331125047_patricia.jpg\",\"width\":880,\"height\":512},{\"@type\":\"BreadcrumbList\",\"@id\":\"https:\\\/\\\/informelitoral.com.ar\\\/proponen-que-entre-rios-adhiera-a-la-ley-antimafias\\\/#breadcrumb\",\"itemListElement\":[{\"@type\":\"ListItem\",\"position\":1,\"name\":\"Portada\",\"item\":\"https:\\\/\\\/informelitoral.com.ar\\\/\"},{\"@type\":\"ListItem\",\"position\":2,\"name\":\"Proponen que Entre R\u00edos adhiera a la Ley Antimafias\"}]},{\"@type\":\"WebSite\",\"@id\":\"https:\\\/\\\/informelitoral.com.ar\\\/#website\",\"url\":\"https:\\\/\\\/informelitoral.com.ar\\\/\",\"name\":\"Informe Litoral\",\"description\":\"&quot;Nos informamos&quot; \",\"publisher\":{\"@id\":\"https:\\\/\\\/informelitoral.com.ar\\\/#organization\"},\"potentialAction\":[{\"@type\":\"SearchAction\",\"target\":{\"@type\":\"EntryPoint\",\"urlTemplate\":\"https:\\\/\\\/informelitoral.com.ar\\\/?s={search_term_string}\"},\"query-input\":{\"@type\":\"PropertyValueSpecification\",\"valueRequired\":true,\"valueName\":\"search_term_string\"}}],\"inLanguage\":\"es\"},{\"@type\":\"Organization\",\"@id\":\"https:\\\/\\\/informelitoral.com.ar\\\/#organization\",\"name\":\"Informe Litoral\",\"url\":\"https:\\\/\\\/informelitoral.com.ar\\\/\",\"logo\":{\"@type\":\"ImageObject\",\"inLanguage\":\"es\",\"@id\":\"https:\\\/\\\/informelitoral.com.ar\\\/#\\\/schema\\\/logo\\\/image\\\/\",\"url\":\"https:\\\/\\\/informelitoral.com.ar\\\/%77%70%2d%63%6f%6e%74%65%6e%74\\\/uploads\\\/2021\\\/01\\\/circulo.png\",\"contentUrl\":\"https:\\\/\\\/informelitoral.com.ar\\\/%77%70%2d%63%6f%6e%74%65%6e%74\\\/uploads\\\/2021\\\/01\\\/circulo.png\",\"width\":723,\"height\":731,\"caption\":\"Informe Litoral\"},\"image\":{\"@id\":\"https:\\\/\\\/informelitoral.com.ar\\\/#\\\/schema\\\/logo\\\/image\\\/\"},\"sameAs\":[\"https:\\\/\\\/www.facebook.com\\\/informelitoral\\\/\",\"https:\\\/\\\/x.com\\\/InformeLitoral\",\"https:\\\/\\\/www.instagram.com\\\/informelitoral\\\/\",\"https:\\\/\\\/www.youtube.com\\\/channel\\\/UCua4Qvz8Icb6MYqhoq9xLXw\"]},{\"@type\":\"Person\",\"@id\":\"https:\\\/\\\/informelitoral.com.ar\\\/#\\\/schema\\\/person\\\/f05f9f461677119578717524b127d6d5\",\"name\":\"Sebastian\",\"image\":{\"@type\":\"ImageObject\",\"inLanguage\":\"es\",\"@id\":\"https:\\\/\\\/secure.gravatar.com\\\/avatar\\\/b71bf7481d447dfb9583c7f2798e7cc64de6efb9067b74633ed8c31059a3bd82?s=96&d=mm&r=g\",\"url\":\"https:\\\/\\\/secure.gravatar.com\\\/avatar\\\/b71bf7481d447dfb9583c7f2798e7cc64de6efb9067b74633ed8c31059a3bd82?s=96&d=mm&r=g\",\"contentUrl\":\"https:\\\/\\\/secure.gravatar.com\\\/avatar\\\/b71bf7481d447dfb9583c7f2798e7cc64de6efb9067b74633ed8c31059a3bd82?s=96&d=mm&r=g\",\"caption\":\"Sebastian\"},\"url\":\"https:\\\/\\\/informelitoral.com.ar\\\/author\\\/sebastian\\\/\"}]}<\/script>","yoast_head_json":{"title":"Proponen que Entre R\u00edos adhiera a la Ley Antimafias - Informe Litoral","robots":{"index":"index","follow":"follow","max-snippet":"max-snippet:-1","max-image-preview":"max-image-preview:large","max-video-preview":"max-video-preview:-1"},"canonical":"https:\/\/informelitoral.com.ar\/proponen-que-entre-rios-adhiera-a-la-ley-antimafias\/","og_locale":"es_ES","og_type":"article","og_title":"Proponen que Entre R\u00edos adhiera a la Ley Antimafias - Informe Litoral","og_description":"La iniciativa que ingres\u00f3 a la C\u00e1mara de Diputados es autor\u00eda de la diputada Carola Laner, de Juntos por Entre R\u00edos. Establece la adhesi\u00f3n de la provincia a la Ley Nacional N\u00ba 27.786, denominada Ley Antimafias. Ser\u00e1 discutida en la comisi\u00f3n de Legislaci\u00f3n general.","og_url":"https:\/\/informelitoral.com.ar\/proponen-que-entre-rios-adhiera-a-la-ley-antimafias\/","og_site_name":"Informe Litoral","article_publisher":"https:\/\/www.facebook.com\/informelitoral\/","article_published_time":"2025-04-01T12:20:02+00:00","article_modified_time":"2025-04-01T12:24:21+00:00","og_image":[{"width":880,"height":512,"url":"https:\/\/informelitoral.com.ar\/%77%70%2d%63%6f%6e%74%65%6e%74\/uploads\/2025\/04\/20250331125047_patricia.jpg","type":"image\/jpeg"}],"author":"Sebastian","twitter_card":"summary_large_image","twitter_creator":"@InformeLitoral","twitter_site":"@InformeLitoral","twitter_misc":{"Escrito por":"Sebastian","Tiempo de lectura":"2 minutos"},"schema":{"@context":"https:\/\/schema.org","@graph":[{"@type":"Article","@id":"https:\/\/informelitoral.com.ar\/proponen-que-entre-rios-adhiera-a-la-ley-antimafias\/#article","isPartOf":{"@id":"https:\/\/informelitoral.com.ar\/proponen-que-entre-rios-adhiera-a-la-ley-antimafias\/"},"author":{"name":"Sebastian","@id":"https:\/\/informelitoral.com.ar\/#\/schema\/person\/f05f9f461677119578717524b127d6d5"},"headline":"Proponen que Entre R\u00edos adhiera a la Ley Antimafias","datePublished":"2025-04-01T12:20:02+00:00","dateModified":"2025-04-01T12:24:21+00:00","mainEntityOfPage":{"@id":"https:\/\/informelitoral.com.ar\/proponen-que-entre-rios-adhiera-a-la-ley-antimafias\/"},"wordCount":399,"commentCount":0,"publisher":{"@id":"https:\/\/informelitoral.com.ar\/#organization"},"image":{"@id":"https:\/\/informelitoral.com.ar\/proponen-que-entre-rios-adhiera-a-la-ley-antimafias\/#primaryimage"},"thumbnailUrl":"https:\/\/informelitoral.com.ar\/%77%70%2d%63%6f%6e%74%65%6e%74\/uploads\/2025\/04\/20250331125047_patricia.jpg","keywords":["Ley Antimafias","Patricia Bullrich"],"articleSection":["Noticias"],"inLanguage":"es","potentialAction":[{"@type":"CommentAction","name":"Comment","target":["https:\/\/informelitoral.com.ar\/proponen-que-entre-rios-adhiera-a-la-ley-antimafias\/#respond"]}]},{"@type":"WebPage","@id":"https:\/\/informelitoral.com.ar\/proponen-que-entre-rios-adhiera-a-la-ley-antimafias\/","url":"https:\/\/informelitoral.com.ar\/proponen-que-entre-rios-adhiera-a-la-ley-antimafias\/","name":"Proponen que Entre R\u00edos adhiera a la Ley Antimafias - Informe Litoral","isPartOf":{"@id":"https:\/\/informelitoral.com.ar\/#website"},"primaryImageOfPage":{"@id":"https:\/\/informelitoral.com.ar\/proponen-que-entre-rios-adhiera-a-la-ley-antimafias\/#primaryimage"},"image":{"@id":"https:\/\/informelitoral.com.ar\/proponen-que-entre-rios-adhiera-a-la-ley-antimafias\/#primaryimage"},"thumbnailUrl":"https:\/\/informelitoral.com.ar\/%77%70%2d%63%6f%6e%74%65%6e%74\/uploads\/2025\/04\/20250331125047_patricia.jpg","datePublished":"2025-04-01T12:20:02+00:00","dateModified":"2025-04-01T12:24:21+00:00","breadcrumb":{"@id":"https:\/\/informelitoral.com.ar\/proponen-que-entre-rios-adhiera-a-la-ley-antimafias\/#breadcrumb"},"inLanguage":"es","potentialAction":[{"@type":"ReadAction","target":["https:\/\/informelitoral.com.ar\/proponen-que-entre-rios-adhiera-a-la-ley-antimafias\/"]}]},{"@type":"ImageObject","inLanguage":"es","@id":"https:\/\/informelitoral.com.ar\/proponen-que-entre-rios-adhiera-a-la-ley-antimafias\/#primaryimage","url":"https:\/\/informelitoral.com.ar\/%77%70%2d%63%6f%6e%74%65%6e%74\/uploads\/2025\/04\/20250331125047_patricia.jpg","contentUrl":"https:\/\/informelitoral.com.ar\/%77%70%2d%63%6f%6e%74%65%6e%74\/uploads\/2025\/04\/20250331125047_patricia.jpg","width":880,"height":512},{"@type":"BreadcrumbList","@id":"https:\/\/informelitoral.com.ar\/proponen-que-entre-rios-adhiera-a-la-ley-antimafias\/#breadcrumb","itemListElement":[{"@type":"ListItem","position":1,"name":"Portada","item":"https:\/\/informelitoral.com.ar\/"},{"@type":"ListItem","position":2,"name":"Proponen que Entre R\u00edos adhiera a la Ley Antimafias"}]},{"@type":"WebSite","@id":"https:\/\/informelitoral.com.ar\/#website","url":"https:\/\/informelitoral.com.ar\/","name":"Informe Litoral","description":"&quot;Nos informamos&quot; ","publisher":{"@id":"https:\/\/informelitoral.com.ar\/#organization"},"potentialAction":[{"@type":"SearchAction","target":{"@type":"EntryPoint","urlTemplate":"https:\/\/informelitoral.com.ar\/?s={search_term_string}"},"query-input":{"@type":"PropertyValueSpecification","valueRequired":true,"valueName":"search_term_string"}}],"inLanguage":"es"},{"@type":"Organization","@id":"https:\/\/informelitoral.com.ar\/#organization","name":"Informe Litoral","url":"https:\/\/informelitoral.com.ar\/","logo":{"@type":"ImageObject","inLanguage":"es","@id":"https:\/\/informelitoral.com.ar\/#\/schema\/logo\/image\/","url":"https:\/\/informelitoral.com.ar\/%77%70%2d%63%6f%6e%74%65%6e%74\/uploads\/2021\/01\/circulo.png","contentUrl":"https:\/\/informelitoral.com.ar\/%77%70%2d%63%6f%6e%74%65%6e%74\/uploads\/2021\/01\/circulo.png","width":723,"height":731,"caption":"Informe Litoral"},"image":{"@id":"https:\/\/informelitoral.com.ar\/#\/schema\/logo\/image\/"},"sameAs":["https:\/\/www.facebook.com\/informelitoral\/","https:\/\/x.com\/InformeLitoral","https:\/\/www.instagram.com\/informelitoral\/","https:\/\/www.youtube.com\/channel\/UCua4Qvz8Icb6MYqhoq9xLXw"]},{"@type":"Person","@id":"https:\/\/informelitoral.com.ar\/#\/schema\/person\/f05f9f461677119578717524b127d6d5","name":"Sebastian","image":{"@type":"ImageObject","inLanguage":"es","@id":"https:\/\/secure.gravatar.com\/avatar\/b71bf7481d447dfb9583c7f2798e7cc64de6efb9067b74633ed8c31059a3bd82?s=96&d=mm&r=g","url":"https:\/\/secure.gravatar.com\/avatar\/b71bf7481d447dfb9583c7f2798e7cc64de6efb9067b74633ed8c31059a3bd82?s=96&d=mm&r=g","contentUrl":"https:\/\/secure.gravatar.com\/avatar\/b71bf7481d447dfb9583c7f2798e7cc64de6efb9067b74633ed8c31059a3bd82?s=96&d=mm&r=g","caption":"Sebastian"},"url":"https:\/\/informelitoral.com.ar\/author\/sebastian\/"}]}},"_links":{"self":[{"href":"https:\/\/informelitoral.com.ar\/%77%70%2d%6a%73%6f%6e\/wp\/v2\/posts\/216867","targetHints":{"allow":["GET"]}}],"collection":[{"href":"https:\/\/informelitoral.com.ar\/%77%70%2d%6a%73%6f%6e\/wp\/v2\/posts"}],"about":[{"href":"https:\/\/informelitoral.com.ar\/%77%70%2d%6a%73%6f%6e\/wp\/v2\/types\/post"}],"author":[{"embeddable":true,"href":"https:\/\/informelitoral.com.ar\/%77%70%2d%6a%73%6f%6e\/wp\/v2\/users\/8"}],"replies":[{"embeddable":true,"href":"https:\/\/informelitoral.com.ar\/%77%70%2d%6a%73%6f%6e\/wp\/v2\/comments?post=216867"}],"version-history":[{"count":0,"href":"https:\/\/informelitoral.com.ar\/%77%70%2d%6a%73%6f%6e\/wp\/v2\/posts\/216867\/revisions"}],"wp:featuredmedia":[{"embeddable":true,"href":"https:\/\/informelitoral.com.ar\/%77%70%2d%6a%73%6f%6e\/wp\/v2\/media\/216869"}],"wp:attachment":[{"href":"https:\/\/informelitoral.com.ar\/%77%70%2d%6a%73%6f%6e\/wp\/v2\/media?parent=216867"}],"wp:term":[{"taxonomy":"category","embeddable":true,"href":"https:\/\/informelitoral.com.ar\/%77%70%2d%6a%73%6f%6e\/wp\/v2\/categories?post=216867"},{"taxonomy":"post_tag","embeddable":true,"href":"https:\/\/informelitoral.com.ar\/%77%70%2d%6a%73%6f%6e\/wp\/v2\/tags?post=216867"}],"curies":[{"name":"wp","href":"https:\/\/api.w.org\/{rel}","templated":true}]}}