{"id":216828,"date":"2025-04-01T08:08:29","date_gmt":"2025-04-01T11:08:29","guid":{"rendered":"https:\/\/informelitoral.com.ar\/?p=216828"},"modified":"2025-04-01T08:21:47","modified_gmt":"2025-04-01T11:21:47","slug":"remar-contracorriente-explican-porque-es-necesario-defender-el-rio-parana","status":"publish","type":"post","link":"https:\/\/informelitoral.com.ar\/remar-contracorriente-explican-porque-es-necesario-defender-el-rio-parana\/","title":{"rendered":"Remar contracorriente: Explican porqu\u00e9 es necesario defender el R\u00edo Paran\u00e1"},"content":{"rendered":"<p>Luego de remar durante m\u00e1s de 20 d\u00edas por el R\u00edo Paran\u00e1, desde Clorinda (Formosa) hasta Rosario, en el marco de <em>Remar contracorriente<\/em> por el agua, la vida y la soberan\u00eda en defensa del R\u00edo Paran\u00e1, <strong>Luis \u201cCosita\u201d Romero<\/strong> acompa\u00f1ado por <strong>Horacio Enr\u00edquez<\/strong>, visitaron <a href=\"https:\/\/informelitoral.com.ar\/la-hora-del-6-cumple-seis-meses\/\" target=\"_blank\" rel=\"noopener\"><strong><em>La Hora del 6<\/em><\/strong> <\/a>por <em>Canal 6 ERTV.<\/em><\/p>\n<p>El reconocido ambientalista y vaqueano del r\u00edo, \u201cCosita\u201d Romero, adem\u00e1s de contar las vivencias en el trayecto, donde pasaron desde calor extremo hasta jornadas lluviosas, pero a la vez recibieron el afecto de las poblaciones ribere\u00f1as, cont\u00f3 qu\u00e9 implica la profundizaci\u00f3n de la hidrov\u00eda.<\/p>\n<p>En caso de llevarse adelante el proyecto impulsado por el Gobierno nacional y grandes grupos econ\u00f3micos como las agroexportadoras, <strong>\u201cse profundizar\u00eda el canal artificial a 18 metros (44 pies) por lo que la mayor parte del agua correr\u00eda por ah\u00ed, por ese cauce principal.<\/strong> <strong>De esa manera desaparecer\u00edan muchos humedales, se secar\u00edan algunas islas, dejar\u00edan de existir las lagunas que son las guarder\u00edas de los peces, afectar\u00eda a los parques y \u00e1reas naturales\u2026 es decir, cambiaria todo el sistema. Ser\u00eda como una canaleta por donde escurre r\u00e1pidamente el agua\u201d,<\/strong> ejemplific\u00f3 Romero.<a href=\"https:\/\/informelitoral.com.ar\/%77%70%2d%63%6f%6e%74%65%6e%74\/uploads\/2025\/01\/Hidrovia-Parana-Paraguay.webp\"><img loading=\"lazy\" decoding=\"async\" class=\"aligncenter wp-image-208581 size-full\" src=\"https:\/\/informelitoral.com.ar\/%77%70%2d%63%6f%6e%74%65%6e%74\/uploads\/2025\/01\/Hidrovia-Parana-Paraguay.webp\" alt=\"\" width=\"696\" height=\"459\" srcset=\"https:\/\/informelitoral.com.ar\/%77%70%2d%63%6f%6e%74%65%6e%74\/uploads\/2025\/01\/Hidrovia-Parana-Paraguay.webp 696w, https:\/\/informelitoral.com.ar\/%77%70%2d%63%6f%6e%74%65%6e%74\/uploads\/2025\/01\/Hidrovia-Parana-Paraguay-300x198.webp 300w, https:\/\/informelitoral.com.ar\/%77%70%2d%63%6f%6e%74%65%6e%74\/uploads\/2025\/01\/Hidrovia-Parana-Paraguay-637x420.webp 637w\" sizes=\"auto, (max-width: 696px) 100vw, 696px\" \/><\/a><\/p>\n<p>En tanto, en el \u00e1mbito social, <strong>\u201cafectar\u00eda la pesca artesanal, poblaciones ribere\u00f1as podr\u00edan sufrir problemas con el agua protable. Quedar\u00eda desertificado, solo servir\u00eda a la producci\u00f3n. Tambi\u00e9n se ver\u00edan cambios en las lluvias, como ya est\u00e1 pasando con la modificaci\u00f3n del Amazonas y nos afecta a nosotros. El clima era distinto hace a\u00f1os atr\u00e1s\u201d<\/strong>, asegur\u00f3 \u201cCosita\u201d Romero.<\/p>\n<p>Horacio Enr\u00edquez sum\u00f3 que <strong>no hay estudio de impacto ambiental.<\/strong> \u201cSolo se habla de qu\u00e9 empresa se har\u00eda cargo o qu\u00e9 significar\u00eda para la producci\u00f3n, del ambiente no se acuerdan. <strong>Tendr\u00edan que remover millones de toneladas del lecho, el barro del r\u00edo y eso tiene much\u00edsimo glifosato, todo eso se mover\u00eda y contaminar\u00eda m\u00e1s que hoy<\/strong>\u201d, sostuvo.<\/p>\n<p>Al mismo tiempo, el referente de EcoUrbano dej\u00f3 en claro: \u201c<strong>Nosotros no somos extremistas, queremos que la producci\u00f3n salga y sabemos de la importancia de eso para la econom\u00eda, el trabajo y el desarrollo pero que siga siendo con las barcazas como hasta ahora.<\/strong> Las nuevas generaciones tienen derecho a disfrutar del r\u00edo como lo conocemos nosotros. No podemos destruir todo solo por la producci\u00f3n\u201d, indic\u00f3.<\/p>\n<p>Por \u00faltimo, Romero aport\u00f3: <strong>\u201cTenemos una Ley Antirepresas y nuestra constituci\u00f3n habla de la protecci\u00f3n del r\u00edo.<\/strong> Lo que se va a hacer no es una obra de infraestructura, es para beneficiar a grandes intereses econ\u00f3micos del pa\u00eds y el mundo\u201d, concluy\u00f3 \u201cCosita\u201d. <em>(Informe Litoral)<\/em><\/p>\n<h2><strong>Ver la entrevista completa a Luis \u00abCosita\u00bb Romero y Horacio Enr\u00edquez:<\/strong><\/h2>\n<div class=\"youtube-embed\" data-video_id=\"-tnz5RU_Y7k\"><iframe loading=\"lazy\" title=\"Remar contra corriente: Cosita Romero explic\u00f3 porqu\u00e9 luchan\" width=\"696\" height=\"392\" src=\"https:\/\/www.youtube.com\/embed\/-tnz5RU_Y7k?feature=oembed&#038;enablejsapi=1\" frameborder=\"0\" allow=\"accelerometer; autoplay; clipboard-write; encrypted-media; gyroscope; picture-in-picture; web-share\" referrerpolicy=\"strict-origin-when-cross-origin\" allowfullscreen><\/iframe><\/div>\n<h6><em><strong>Del archivo:\u00a0<a href=\"https:\/\/informelitoral.com.ar\/el-gobierno-nacional-anulo-licitacion-de-la-hidrovia\/\" target=\"_blank\" rel=\"noopener\">El Gobierno nacional anul\u00f3 licitaci\u00f3n de la Hidrov\u00eda<\/a><\/strong><\/em><\/h6>\n<h6><em><strong><a href=\"https:\/\/informelitoral.com.ar\/llaman-a-tomar-conciencia-sobre-el-cuidado-del-agua\/\" target=\"_blank\" rel=\"noopener\">Llaman a tomar conciencia sobre el cuidado del agua<\/a><\/strong><\/em><\/h6>\n<h6><em><strong><a href=\"https:\/\/informelitoral.com.ar\/atropellaron-a-un-gato-montes-entre-crespo-y-libertador-san-martin\/\" target=\"_blank\" rel=\"noopener\">Atropellaron a un gato mont\u00e9s entre Crespo y Libertador San Mart\u00edn<\/a><\/strong><\/em><\/h6>\n","protected":false},"excerpt":{"rendered":"<p>Tras concluir Remar contracorriente, Luis \u00abCosita\u00bb Romero y Horacio Enr\u00edquez visitaron La Hora del 6 donde explicaron c\u00f3mo afectar\u00e1 la vida la profundizaci\u00f3n de la hidrov\u00eda. \u00abSer\u00eda como una canaleta por donde escurre r\u00e1pidamente el agua\u201d, ejemplific\u00f3 Romero.<\/p>\n","protected":false},"author":2,"featured_media":216829,"comment_status":"open","ping_status":"open","sticky":false,"template":"","format":"standard","meta":{"fifu_image_url":"","fifu_image_alt":"","footnotes":""},"categories":[6],"tags":[477,3476,2318,1701,5126,777],"class_list":{"0":"post-216828","1":"post","2":"type-post","3":"status-publish","4":"format-standard","5":"has-post-thumbnail","7":"category-entre-rios","8":"tag-agua","9":"tag-canal-6-ertv","10":"tag-hidrovia","11":"tag-hidrovia-paraguay-parana","12":"tag-la-hora-del-6","13":"tag-rio-parana"},"yoast_head":"<title>Remar contracorriente: Explican porqu\u00e9 es necesario defender el R\u00edo Paran\u00e1 - Informe Litoral<\/title>\n<meta name=\"robots\" content=\"index, follow, max-snippet:-1, max-image-preview:large, max-video-preview:-1\" \/>\n<link rel=\"canonical\" href=\"https:\/\/informelitoral.com.ar\/remar-contracorriente-explican-porque-es-necesario-defender-el-rio-parana\/\" \/>\n<meta property=\"og:locale\" content=\"es_ES\" \/>\n<meta property=\"og:type\" content=\"article\" \/>\n<meta property=\"og:title\" content=\"Remar contracorriente: Explican porqu\u00e9 es necesario defender el R\u00edo Paran\u00e1 - Informe Litoral\" \/>\n<meta property=\"og:description\" content=\"Tras concluir Remar contracorriente, Luis &quot;Cosita&quot; Romero y Horacio Enr\u00edquez visitaron La Hora del 6 donde explicaron c\u00f3mo afectar\u00e1 la vida la profundizaci\u00f3n de la hidrov\u00eda. &quot;Ser\u00eda como una canaleta por donde escurre r\u00e1pidamente el agua\u201d, ejemplific\u00f3 Romero.\" \/>\n<meta property=\"og:url\" content=\"https:\/\/informelitoral.com.ar\/remar-contracorriente-explican-porque-es-necesario-defender-el-rio-parana\/\" \/>\n<meta property=\"og:site_name\" content=\"Informe Litoral\" \/>\n<meta property=\"article:publisher\" content=\"https:\/\/www.facebook.com\/informelitoral\/\" \/>\n<meta property=\"article:published_time\" content=\"2025-04-01T11:08:29+00:00\" \/>\n<meta property=\"article:modified_time\" content=\"2025-04-01T11:21:47+00:00\" \/>\n<meta property=\"og:image\" content=\"https:\/\/informelitoral.com.ar\/%77%70%2d%63%6f%6e%74%65%6e%74\/uploads\/2025\/04\/cosita-romero-horacio-enriquez-la-hora-del-6-canal-6-ertv.jpg\" \/>\n\t<meta property=\"og:image:width\" content=\"1932\" \/>\n\t<meta property=\"og:image:height\" content=\"1080\" \/>\n\t<meta property=\"og:image:type\" content=\"image\/jpeg\" \/>\n<meta name=\"author\" content=\"Gonzalo Schmidt\" \/>\n<meta name=\"twitter:card\" content=\"summary_large_image\" \/>\n<meta name=\"twitter:creator\" content=\"@InformeLitoral\" \/>\n<meta name=\"twitter:site\" content=\"@InformeLitoral\" \/>\n<meta name=\"twitter:label1\" content=\"Escrito por\" \/>\n\t<meta name=\"twitter:data1\" content=\"Gonzalo Schmidt\" \/>\n\t<meta name=\"twitter:label2\" content=\"Tiempo de lectura\" \/>\n\t<meta name=\"twitter:data2\" content=\"3 minutos\" \/>\n<script type=\"application\/ld+json\" class=\"yoast-schema-graph\">{\"@context\":\"https:\\\/\\\/schema.org\",\"@graph\":[{\"@type\":\"Article\",\"@id\":\"https:\\\/\\\/informelitoral.com.ar\\\/remar-contracorriente-explican-porque-es-necesario-defender-el-rio-parana\\\/#article\",\"isPartOf\":{\"@id\":\"https:\\\/\\\/informelitoral.com.ar\\\/remar-contracorriente-explican-porque-es-necesario-defender-el-rio-parana\\\/\"},\"author\":{\"name\":\"Gonzalo Schmidt\",\"@id\":\"https:\\\/\\\/informelitoral.com.ar\\\/#\\\/schema\\\/person\\\/b9d00407c836482871ef1d57bf8e3180\"},\"headline\":\"Remar contracorriente: Explican porqu\u00e9 es necesario defender el R\u00edo Paran\u00e1\",\"datePublished\":\"2025-04-01T11:08:29+00:00\",\"dateModified\":\"2025-04-01T11:21:47+00:00\",\"mainEntityOfPage\":{\"@id\":\"https:\\\/\\\/informelitoral.com.ar\\\/remar-contracorriente-explican-porque-es-necesario-defender-el-rio-parana\\\/\"},\"wordCount\":526,\"commentCount\":0,\"publisher\":{\"@id\":\"https:\\\/\\\/informelitoral.com.ar\\\/#organization\"},\"image\":{\"@id\":\"https:\\\/\\\/informelitoral.com.ar\\\/remar-contracorriente-explican-porque-es-necesario-defender-el-rio-parana\\\/#primaryimage\"},\"thumbnailUrl\":\"https:\\\/\\\/informelitoral.com.ar\\\/%77%70%2d%63%6f%6e%74%65%6e%74\\\/uploads\\\/2025\\\/04\\\/cosita-romero-horacio-enriquez-la-hora-del-6-canal-6-ertv.jpg\",\"keywords\":[\"Agua\",\"Canal 6 ERTV\",\"Hidrov\u00eda\",\"Hidrov\u00eda Paraguay-Paran\u00e1\",\"La hora del 6\",\"R\u00edo Paran\u00e1\"],\"articleSection\":[\"Entre R\u00edos\"],\"inLanguage\":\"es\",\"potentialAction\":[{\"@type\":\"CommentAction\",\"name\":\"Comment\",\"target\":[\"https:\\\/\\\/informelitoral.com.ar\\\/remar-contracorriente-explican-porque-es-necesario-defender-el-rio-parana\\\/#respond\"]}]},{\"@type\":\"WebPage\",\"@id\":\"https:\\\/\\\/informelitoral.com.ar\\\/remar-contracorriente-explican-porque-es-necesario-defender-el-rio-parana\\\/\",\"url\":\"https:\\\/\\\/informelitoral.com.ar\\\/remar-contracorriente-explican-porque-es-necesario-defender-el-rio-parana\\\/\",\"name\":\"Remar contracorriente: Explican porqu\u00e9 es necesario defender el R\u00edo Paran\u00e1 - Informe Litoral\",\"isPartOf\":{\"@id\":\"https:\\\/\\\/informelitoral.com.ar\\\/#website\"},\"primaryImageOfPage\":{\"@id\":\"https:\\\/\\\/informelitoral.com.ar\\\/remar-contracorriente-explican-porque-es-necesario-defender-el-rio-parana\\\/#primaryimage\"},\"image\":{\"@id\":\"https:\\\/\\\/informelitoral.com.ar\\\/remar-contracorriente-explican-porque-es-necesario-defender-el-rio-parana\\\/#primaryimage\"},\"thumbnailUrl\":\"https:\\\/\\\/informelitoral.com.ar\\\/%77%70%2d%63%6f%6e%74%65%6e%74\\\/uploads\\\/2025\\\/04\\\/cosita-romero-horacio-enriquez-la-hora-del-6-canal-6-ertv.jpg\",\"datePublished\":\"2025-04-01T11:08:29+00:00\",\"dateModified\":\"2025-04-01T11:21:47+00:00\",\"breadcrumb\":{\"@id\":\"https:\\\/\\\/informelitoral.com.ar\\\/remar-contracorriente-explican-porque-es-necesario-defender-el-rio-parana\\\/#breadcrumb\"},\"inLanguage\":\"es\",\"potentialAction\":[{\"@type\":\"ReadAction\",\"target\":[\"https:\\\/\\\/informelitoral.com.ar\\\/remar-contracorriente-explican-porque-es-necesario-defender-el-rio-parana\\\/\"]}]},{\"@type\":\"ImageObject\",\"inLanguage\":\"es\",\"@id\":\"https:\\\/\\\/informelitoral.com.ar\\\/remar-contracorriente-explican-porque-es-necesario-defender-el-rio-parana\\\/#primaryimage\",\"url\":\"https:\\\/\\\/informelitoral.com.ar\\\/%77%70%2d%63%6f%6e%74%65%6e%74\\\/uploads\\\/2025\\\/04\\\/cosita-romero-horacio-enriquez-la-hora-del-6-canal-6-ertv.jpg\",\"contentUrl\":\"https:\\\/\\\/informelitoral.com.ar\\\/%77%70%2d%63%6f%6e%74%65%6e%74\\\/uploads\\\/2025\\\/04\\\/cosita-romero-horacio-enriquez-la-hora-del-6-canal-6-ertv.jpg\",\"width\":1932,\"height\":1080,\"caption\":\"Luis \\\"Cosita\\\" Romero y Horacio Enr\u00edquez en La Hora del 6 por Canal 6 ERTV.\"},{\"@type\":\"BreadcrumbList\",\"@id\":\"https:\\\/\\\/informelitoral.com.ar\\\/remar-contracorriente-explican-porque-es-necesario-defender-el-rio-parana\\\/#breadcrumb\",\"itemListElement\":[{\"@type\":\"ListItem\",\"position\":1,\"name\":\"Portada\",\"item\":\"https:\\\/\\\/informelitoral.com.ar\\\/\"},{\"@type\":\"ListItem\",\"position\":2,\"name\":\"Remar contracorriente: Explican porqu\u00e9 es necesario defender el R\u00edo Paran\u00e1\"}]},{\"@type\":\"WebSite\",\"@id\":\"https:\\\/\\\/informelitoral.com.ar\\\/#website\",\"url\":\"https:\\\/\\\/informelitoral.com.ar\\\/\",\"name\":\"Informe Litoral\",\"description\":\"&quot;Nos informamos&quot; \",\"publisher\":{\"@id\":\"https:\\\/\\\/informelitoral.com.ar\\\/#organization\"},\"potentialAction\":[{\"@type\":\"SearchAction\",\"target\":{\"@type\":\"EntryPoint\",\"urlTemplate\":\"https:\\\/\\\/informelitoral.com.ar\\\/?s={search_term_string}\"},\"query-input\":{\"@type\":\"PropertyValueSpecification\",\"valueRequired\":true,\"valueName\":\"search_term_string\"}}],\"inLanguage\":\"es\"},{\"@type\":\"Organization\",\"@id\":\"https:\\\/\\\/informelitoral.com.ar\\\/#organization\",\"name\":\"Informe Litoral\",\"url\":\"https:\\\/\\\/informelitoral.com.ar\\\/\",\"logo\":{\"@type\":\"ImageObject\",\"inLanguage\":\"es\",\"@id\":\"https:\\\/\\\/informelitoral.com.ar\\\/#\\\/schema\\\/logo\\\/image\\\/\",\"url\":\"https:\\\/\\\/informelitoral.com.ar\\\/%77%70%2d%63%6f%6e%74%65%6e%74\\\/uploads\\\/2021\\\/01\\\/circulo.png\",\"contentUrl\":\"https:\\\/\\\/informelitoral.com.ar\\\/%77%70%2d%63%6f%6e%74%65%6e%74\\\/uploads\\\/2021\\\/01\\\/circulo.png\",\"width\":723,\"height\":731,\"caption\":\"Informe Litoral\"},\"image\":{\"@id\":\"https:\\\/\\\/informelitoral.com.ar\\\/#\\\/schema\\\/logo\\\/image\\\/\"},\"sameAs\":[\"https:\\\/\\\/www.facebook.com\\\/informelitoral\\\/\",\"https:\\\/\\\/x.com\\\/InformeLitoral\",\"https:\\\/\\\/www.instagram.com\\\/informelitoral\\\/\",\"https:\\\/\\\/www.youtube.com\\\/channel\\\/UCua4Qvz8Icb6MYqhoq9xLXw\"]},{\"@type\":\"Person\",\"@id\":\"https:\\\/\\\/informelitoral.com.ar\\\/#\\\/schema\\\/person\\\/b9d00407c836482871ef1d57bf8e3180\",\"name\":\"Gonzalo Schmidt\",\"image\":{\"@type\":\"ImageObject\",\"inLanguage\":\"es\",\"@id\":\"https:\\\/\\\/secure.gravatar.com\\\/avatar\\\/31a1a7b66ff2de83bd0e9fd79d026630d2d99e55e8bfe501287647b4fd9743de?s=96&d=mm&r=g\",\"url\":\"https:\\\/\\\/secure.gravatar.com\\\/avatar\\\/31a1a7b66ff2de83bd0e9fd79d026630d2d99e55e8bfe501287647b4fd9743de?s=96&d=mm&r=g\",\"contentUrl\":\"https:\\\/\\\/secure.gravatar.com\\\/avatar\\\/31a1a7b66ff2de83bd0e9fd79d026630d2d99e55e8bfe501287647b4fd9743de?s=96&d=mm&r=g\",\"caption\":\"Gonzalo Schmidt\"},\"description\":\"Sitio web de noticias de la provincia de Entre R\u00edos, Argentina. Informaci\u00f3n y entretenimiento. Informe Litoral, nos informamos.\",\"sameAs\":[\"http:\\\/\\\/www.isletasnoticias.com.ar\"],\"url\":\"https:\\\/\\\/informelitoral.com.ar\\\/author\\\/gonzalo\\\/\"}]}<\/script>","yoast_head_json":{"title":"Remar contracorriente: Explican porqu\u00e9 es necesario defender el R\u00edo Paran\u00e1 - Informe Litoral","robots":{"index":"index","follow":"follow","max-snippet":"max-snippet:-1","max-image-preview":"max-image-preview:large","max-video-preview":"max-video-preview:-1"},"canonical":"https:\/\/informelitoral.com.ar\/remar-contracorriente-explican-porque-es-necesario-defender-el-rio-parana\/","og_locale":"es_ES","og_type":"article","og_title":"Remar contracorriente: Explican porqu\u00e9 es necesario defender el R\u00edo Paran\u00e1 - Informe Litoral","og_description":"Tras concluir Remar contracorriente, Luis \"Cosita\" Romero y Horacio Enr\u00edquez visitaron La Hora del 6 donde explicaron c\u00f3mo afectar\u00e1 la vida la profundizaci\u00f3n de la hidrov\u00eda. \"Ser\u00eda como una canaleta por donde escurre r\u00e1pidamente el agua\u201d, ejemplific\u00f3 Romero.","og_url":"https:\/\/informelitoral.com.ar\/remar-contracorriente-explican-porque-es-necesario-defender-el-rio-parana\/","og_site_name":"Informe Litoral","article_publisher":"https:\/\/www.facebook.com\/informelitoral\/","article_published_time":"2025-04-01T11:08:29+00:00","article_modified_time":"2025-04-01T11:21:47+00:00","og_image":[{"width":1932,"height":1080,"url":"https:\/\/informelitoral.com.ar\/%77%70%2d%63%6f%6e%74%65%6e%74\/uploads\/2025\/04\/cosita-romero-horacio-enriquez-la-hora-del-6-canal-6-ertv.jpg","type":"image\/jpeg"}],"author":"Gonzalo Schmidt","twitter_card":"summary_large_image","twitter_creator":"@InformeLitoral","twitter_site":"@InformeLitoral","twitter_misc":{"Escrito por":"Gonzalo Schmidt","Tiempo de lectura":"3 minutos"},"schema":{"@context":"https:\/\/schema.org","@graph":[{"@type":"Article","@id":"https:\/\/informelitoral.com.ar\/remar-contracorriente-explican-porque-es-necesario-defender-el-rio-parana\/#article","isPartOf":{"@id":"https:\/\/informelitoral.com.ar\/remar-contracorriente-explican-porque-es-necesario-defender-el-rio-parana\/"},"author":{"name":"Gonzalo Schmidt","@id":"https:\/\/informelitoral.com.ar\/#\/schema\/person\/b9d00407c836482871ef1d57bf8e3180"},"headline":"Remar contracorriente: Explican porqu\u00e9 es necesario defender el R\u00edo Paran\u00e1","datePublished":"2025-04-01T11:08:29+00:00","dateModified":"2025-04-01T11:21:47+00:00","mainEntityOfPage":{"@id":"https:\/\/informelitoral.com.ar\/remar-contracorriente-explican-porque-es-necesario-defender-el-rio-parana\/"},"wordCount":526,"commentCount":0,"publisher":{"@id":"https:\/\/informelitoral.com.ar\/#organization"},"image":{"@id":"https:\/\/informelitoral.com.ar\/remar-contracorriente-explican-porque-es-necesario-defender-el-rio-parana\/#primaryimage"},"thumbnailUrl":"https:\/\/informelitoral.com.ar\/%77%70%2d%63%6f%6e%74%65%6e%74\/uploads\/2025\/04\/cosita-romero-horacio-enriquez-la-hora-del-6-canal-6-ertv.jpg","keywords":["Agua","Canal 6 ERTV","Hidrov\u00eda","Hidrov\u00eda Paraguay-Paran\u00e1","La hora del 6","R\u00edo Paran\u00e1"],"articleSection":["Entre R\u00edos"],"inLanguage":"es","potentialAction":[{"@type":"CommentAction","name":"Comment","target":["https:\/\/informelitoral.com.ar\/remar-contracorriente-explican-porque-es-necesario-defender-el-rio-parana\/#respond"]}]},{"@type":"WebPage","@id":"https:\/\/informelitoral.com.ar\/remar-contracorriente-explican-porque-es-necesario-defender-el-rio-parana\/","url":"https:\/\/informelitoral.com.ar\/remar-contracorriente-explican-porque-es-necesario-defender-el-rio-parana\/","name":"Remar contracorriente: Explican porqu\u00e9 es necesario defender el R\u00edo Paran\u00e1 - Informe Litoral","isPartOf":{"@id":"https:\/\/informelitoral.com.ar\/#website"},"primaryImageOfPage":{"@id":"https:\/\/informelitoral.com.ar\/remar-contracorriente-explican-porque-es-necesario-defender-el-rio-parana\/#primaryimage"},"image":{"@id":"https:\/\/informelitoral.com.ar\/remar-contracorriente-explican-porque-es-necesario-defender-el-rio-parana\/#primaryimage"},"thumbnailUrl":"https:\/\/informelitoral.com.ar\/%77%70%2d%63%6f%6e%74%65%6e%74\/uploads\/2025\/04\/cosita-romero-horacio-enriquez-la-hora-del-6-canal-6-ertv.jpg","datePublished":"2025-04-01T11:08:29+00:00","dateModified":"2025-04-01T11:21:47+00:00","breadcrumb":{"@id":"https:\/\/informelitoral.com.ar\/remar-contracorriente-explican-porque-es-necesario-defender-el-rio-parana\/#breadcrumb"},"inLanguage":"es","potentialAction":[{"@type":"ReadAction","target":["https:\/\/informelitoral.com.ar\/remar-contracorriente-explican-porque-es-necesario-defender-el-rio-parana\/"]}]},{"@type":"ImageObject","inLanguage":"es","@id":"https:\/\/informelitoral.com.ar\/remar-contracorriente-explican-porque-es-necesario-defender-el-rio-parana\/#primaryimage","url":"https:\/\/informelitoral.com.ar\/%77%70%2d%63%6f%6e%74%65%6e%74\/uploads\/2025\/04\/cosita-romero-horacio-enriquez-la-hora-del-6-canal-6-ertv.jpg","contentUrl":"https:\/\/informelitoral.com.ar\/%77%70%2d%63%6f%6e%74%65%6e%74\/uploads\/2025\/04\/cosita-romero-horacio-enriquez-la-hora-del-6-canal-6-ertv.jpg","width":1932,"height":1080,"caption":"Luis \"Cosita\" Romero y Horacio Enr\u00edquez en La Hora del 6 por Canal 6 ERTV."},{"@type":"BreadcrumbList","@id":"https:\/\/informelitoral.com.ar\/remar-contracorriente-explican-porque-es-necesario-defender-el-rio-parana\/#breadcrumb","itemListElement":[{"@type":"ListItem","position":1,"name":"Portada","item":"https:\/\/informelitoral.com.ar\/"},{"@type":"ListItem","position":2,"name":"Remar contracorriente: Explican porqu\u00e9 es necesario defender el R\u00edo Paran\u00e1"}]},{"@type":"WebSite","@id":"https:\/\/informelitoral.com.ar\/#website","url":"https:\/\/informelitoral.com.ar\/","name":"Informe Litoral","description":"&quot;Nos informamos&quot; ","publisher":{"@id":"https:\/\/informelitoral.com.ar\/#organization"},"potentialAction":[{"@type":"SearchAction","target":{"@type":"EntryPoint","urlTemplate":"https:\/\/informelitoral.com.ar\/?s={search_term_string}"},"query-input":{"@type":"PropertyValueSpecification","valueRequired":true,"valueName":"search_term_string"}}],"inLanguage":"es"},{"@type":"Organization","@id":"https:\/\/informelitoral.com.ar\/#organization","name":"Informe Litoral","url":"https:\/\/informelitoral.com.ar\/","logo":{"@type":"ImageObject","inLanguage":"es","@id":"https:\/\/informelitoral.com.ar\/#\/schema\/logo\/image\/","url":"https:\/\/informelitoral.com.ar\/%77%70%2d%63%6f%6e%74%65%6e%74\/uploads\/2021\/01\/circulo.png","contentUrl":"https:\/\/informelitoral.com.ar\/%77%70%2d%63%6f%6e%74%65%6e%74\/uploads\/2021\/01\/circulo.png","width":723,"height":731,"caption":"Informe Litoral"},"image":{"@id":"https:\/\/informelitoral.com.ar\/#\/schema\/logo\/image\/"},"sameAs":["https:\/\/www.facebook.com\/informelitoral\/","https:\/\/x.com\/InformeLitoral","https:\/\/www.instagram.com\/informelitoral\/","https:\/\/www.youtube.com\/channel\/UCua4Qvz8Icb6MYqhoq9xLXw"]},{"@type":"Person","@id":"https:\/\/informelitoral.com.ar\/#\/schema\/person\/b9d00407c836482871ef1d57bf8e3180","name":"Gonzalo Schmidt","image":{"@type":"ImageObject","inLanguage":"es","@id":"https:\/\/secure.gravatar.com\/avatar\/31a1a7b66ff2de83bd0e9fd79d026630d2d99e55e8bfe501287647b4fd9743de?s=96&d=mm&r=g","url":"https:\/\/secure.gravatar.com\/avatar\/31a1a7b66ff2de83bd0e9fd79d026630d2d99e55e8bfe501287647b4fd9743de?s=96&d=mm&r=g","contentUrl":"https:\/\/secure.gravatar.com\/avatar\/31a1a7b66ff2de83bd0e9fd79d026630d2d99e55e8bfe501287647b4fd9743de?s=96&d=mm&r=g","caption":"Gonzalo Schmidt"},"description":"Sitio web de noticias de la provincia de Entre R\u00edos, Argentina. Informaci\u00f3n y entretenimiento. Informe Litoral, nos informamos.","sameAs":["http:\/\/www.isletasnoticias.com.ar"],"url":"https:\/\/informelitoral.com.ar\/author\/gonzalo\/"}]}},"_links":{"self":[{"href":"https:\/\/informelitoral.com.ar\/%77%70%2d%6a%73%6f%6e\/wp\/v2\/posts\/216828","targetHints":{"allow":["GET"]}}],"collection":[{"href":"https:\/\/informelitoral.com.ar\/%77%70%2d%6a%73%6f%6e\/wp\/v2\/posts"}],"about":[{"href":"https:\/\/informelitoral.com.ar\/%77%70%2d%6a%73%6f%6e\/wp\/v2\/types\/post"}],"author":[{"embeddable":true,"href":"https:\/\/informelitoral.com.ar\/%77%70%2d%6a%73%6f%6e\/wp\/v2\/users\/2"}],"replies":[{"embeddable":true,"href":"https:\/\/informelitoral.com.ar\/%77%70%2d%6a%73%6f%6e\/wp\/v2\/comments?post=216828"}],"version-history":[{"count":0,"href":"https:\/\/informelitoral.com.ar\/%77%70%2d%6a%73%6f%6e\/wp\/v2\/posts\/216828\/revisions"}],"wp:featuredmedia":[{"embeddable":true,"href":"https:\/\/informelitoral.com.ar\/%77%70%2d%6a%73%6f%6e\/wp\/v2\/media\/216829"}],"wp:attachment":[{"href":"https:\/\/informelitoral.com.ar\/%77%70%2d%6a%73%6f%6e\/wp\/v2\/media?parent=216828"}],"wp:term":[{"taxonomy":"category","embeddable":true,"href":"https:\/\/informelitoral.com.ar\/%77%70%2d%6a%73%6f%6e\/wp\/v2\/categories?post=216828"},{"taxonomy":"post_tag","embeddable":true,"href":"https:\/\/informelitoral.com.ar\/%77%70%2d%6a%73%6f%6e\/wp\/v2\/tags?post=216828"}],"curies":[{"name":"wp","href":"https:\/\/api.w.org\/{rel}","templated":true}]}}