{"id":216822,"date":"2025-04-01T06:49:48","date_gmt":"2025-04-01T09:49:48","guid":{"rendered":"https:\/\/informelitoral.com.ar\/?p=216822"},"modified":"2025-04-01T06:49:48","modified_gmt":"2025-04-01T09:49:48","slug":"sin-pronostico-de-lluvias-anuncian-que-llegara-el-frio-a-la-region","status":"publish","type":"post","link":"https:\/\/informelitoral.com.ar\/sin-pronostico-de-lluvias-anuncian-que-llegara-el-frio-a-la-region\/","title":{"rendered":"Sin pron\u00f3stico de lluvias, anuncian que llegar\u00e1 el fr\u00edo a la regi\u00f3n"},"content":{"rendered":"<p>Un marcado cambio de condiciones de tiempo se produjo durante el lunes en la zona central del pa\u00eds con el ingreso de un intenso frente fr\u00edo que provoc\u00f3 tormentas de variada intensidad y r\u00e1fagas muy fuertes en algunos sectores.<\/p>\n<p>La semana por delante promete \u201c<b>condiciones mucho m\u00e1s estables y secas<\/b>\u00a0respecto a lo que fue la anterior\u201d, indic\u00f3 el meteor\u00f3logo, Christian Garavaglia.<\/p>\n<p>A su vez,\u00a0<b>el descenso t\u00e9rmico recientemente producido en el pa\u00eds \u201cser\u00e1 reforzado\u201d desde el viernes en Entre R\u00edos<\/b>\u00a0\u201ccon otro\u00a0<b>pulso de caracter\u00edsticas polares<\/b>, que llevar\u00e1 a un nuevo derrumbe t\u00e9rmico que dejar\u00e1 en muchos sectores posiblemente las temperaturas m\u00e1s bajas en lo que va del a\u00f1o\u201d.<\/p>\n<h2><strong>Los detalles del estado del tiempo<\/strong><\/h2>\n<p>El especialista se\u00f1al\u00f3 que \u201cen la medida que el tiempo vaya progresivamente estabiliz\u00e1ndose en el centro y norte de la Argentina, por el sur del pa\u00eds cruzar\u00e1 este martes un nuevo y profundo sistema de baja presi\u00f3n, que dejar\u00e1 lluvias y nevadas de variada intensidad\u201d.<\/p>\n<p>Un frente fr\u00edo \u201casociado a este sistema comenzar\u00e1 a desplazarse hacia el norte por la regi\u00f3n Patag\u00f3nica entre el martes y el mi\u00e9rcoles, permitiendo el ingreso por detr\u00e1s de un nuevo refuerzo de aire fr\u00edo con caracter\u00edsticas polares. Ser\u00e1n jornadas inestables y muy ventosas en el sur del pa\u00eds, con frecuentes precipitaciones especialmente en todo el sector costero, y con un descenso importante de las temperaturas\u201d, public\u00f3 en\u00a0<i>Meteored<\/i>.<\/p>\n<h2><strong>El fr\u00edo se apodera del centro del pa\u00eds<\/strong><\/h2>\n<p>Este\u00a0<b>intenso frente fr\u00edo \u201cestar\u00e1 arribando a la franja central de Argentina el pr\u00f3ximo jueves<\/b>, con un fuerte cambio de vientos al sur con r\u00e1fagas y adem\u00e1s precipitaciones en todo el sector costero sur de la Provincia de Buenos Aires\u201d.<\/p>\n<p><b>Para el viernes se habr\u00e1 producido un marcado descenso de temperatura en todo el centro y norte de Argentina<\/b>, probablemente de los m\u00e1s intensos en lo que va del a\u00f1o que dejar\u00e1 tambi\u00e9n de\u00a0<b>las temperaturas m\u00e1s bajas vistas hasta el momento en 2025<\/b>.<\/p>\n<p><b>Temperaturas fr\u00edas a frescas se prev\u00e9 persistan el s\u00e1bado para comenzar el fin de semana pr\u00f3ximo en todo el centro y norte de Argentina<\/b>.<\/p>\n<p><b>En Entre R\u00edos se anuncian desde el viernes m\u00ednimas de 8 a 10 grados, mientras que las m\u00e1ximas estar\u00edan por debajo de los 20 grados<\/b>\u00a0o apenas llegar\u00edan a tocar este n\u00famero. Posteriormente, desde el domingo se prev\u00e9 un progresivo aumento de las marcas t\u00e9rmicas.<\/p>\n","protected":false},"excerpt":{"rendered":"<p>Desde el viernes las temperaturas comenzar\u00e1n a bajar m\u00e1s todav\u00eda en Entre R\u00edos y otras provincias. El cielo estar\u00e1 algo nuboso pero prevalecer\u00e1 el sol durante los pr\u00f3ximos d\u00edas. <\/p>\n","protected":false},"author":2,"featured_media":65990,"comment_status":"open","ping_status":"open","sticky":false,"template":"","format":"standard","meta":{"fifu_image_url":"","fifu_image_alt":"","footnotes":""},"categories":[7],"tags":[38,37,114,2759],"class_list":{"0":"post-216822","1":"post","2":"type-post","3":"status-publish","4":"format-standard","5":"has-post-thumbnail","7":"category-nacionales","8":"tag-el-tiempo","9":"tag-otono","10":"tag-pronostico","11":"tag-pronostico-del-tiempo"},"yoast_head":"<title>Sin pron\u00f3stico de lluvias, anuncian que llegar\u00e1 el fr\u00edo a la regi\u00f3n - Informe Litoral<\/title>\n<meta name=\"robots\" content=\"index, follow, max-snippet:-1, max-image-preview:large, max-video-preview:-1\" \/>\n<link rel=\"canonical\" href=\"https:\/\/informelitoral.com.ar\/sin-pronostico-de-lluvias-anuncian-que-llegara-el-frio-a-la-region\/\" \/>\n<meta property=\"og:locale\" content=\"es_ES\" \/>\n<meta property=\"og:type\" content=\"article\" \/>\n<meta property=\"og:title\" content=\"Sin pron\u00f3stico de lluvias, anuncian que llegar\u00e1 el fr\u00edo a la regi\u00f3n - Informe Litoral\" \/>\n<meta property=\"og:description\" content=\"Desde el viernes las temperaturas comenzar\u00e1n a bajar m\u00e1s todav\u00eda en Entre R\u00edos y otras provincias. El cielo estar\u00e1 algo nuboso pero prevalecer\u00e1 el sol durante los pr\u00f3ximos d\u00edas.\" \/>\n<meta property=\"og:url\" content=\"https:\/\/informelitoral.com.ar\/sin-pronostico-de-lluvias-anuncian-que-llegara-el-frio-a-la-region\/\" \/>\n<meta property=\"og:site_name\" content=\"Informe Litoral\" \/>\n<meta property=\"article:publisher\" content=\"https:\/\/www.facebook.com\/informelitoral\/\" \/>\n<meta property=\"article:published_time\" content=\"2025-04-01T09:49:48+00:00\" \/>\n<meta property=\"og:image\" content=\"https:\/\/informelitoral.com.ar\/%77%70%2d%63%6f%6e%74%65%6e%74\/uploads\/2021\/10\/amanecer-nuboso.jpeg\" \/>\n\t<meta property=\"og:image:width\" content=\"656\" \/>\n\t<meta property=\"og:image:height\" content=\"370\" \/>\n\t<meta property=\"og:image:type\" content=\"image\/jpeg\" \/>\n<meta name=\"author\" content=\"Gonzalo Schmidt\" \/>\n<meta name=\"twitter:card\" content=\"summary_large_image\" \/>\n<meta name=\"twitter:creator\" content=\"@InformeLitoral\" \/>\n<meta name=\"twitter:site\" content=\"@InformeLitoral\" \/>\n<meta name=\"twitter:label1\" content=\"Escrito por\" \/>\n\t<meta name=\"twitter:data1\" content=\"Gonzalo Schmidt\" \/>\n\t<meta name=\"twitter:label2\" content=\"Tiempo de lectura\" \/>\n\t<meta name=\"twitter:data2\" content=\"2 minutos\" \/>\n<script type=\"application\/ld+json\" class=\"yoast-schema-graph\">{\"@context\":\"https:\\\/\\\/schema.org\",\"@graph\":[{\"@type\":\"Article\",\"@id\":\"https:\\\/\\\/informelitoral.com.ar\\\/sin-pronostico-de-lluvias-anuncian-que-llegara-el-frio-a-la-region\\\/#article\",\"isPartOf\":{\"@id\":\"https:\\\/\\\/informelitoral.com.ar\\\/sin-pronostico-de-lluvias-anuncian-que-llegara-el-frio-a-la-region\\\/\"},\"author\":{\"name\":\"Gonzalo Schmidt\",\"@id\":\"https:\\\/\\\/informelitoral.com.ar\\\/#\\\/schema\\\/person\\\/b9d00407c836482871ef1d57bf8e3180\"},\"headline\":\"Sin pron\u00f3stico de lluvias, anuncian que llegar\u00e1 el fr\u00edo a la regi\u00f3n\",\"datePublished\":\"2025-04-01T09:49:48+00:00\",\"mainEntityOfPage\":{\"@id\":\"https:\\\/\\\/informelitoral.com.ar\\\/sin-pronostico-de-lluvias-anuncian-que-llegara-el-frio-a-la-region\\\/\"},\"wordCount\":447,\"commentCount\":0,\"publisher\":{\"@id\":\"https:\\\/\\\/informelitoral.com.ar\\\/#organization\"},\"image\":{\"@id\":\"https:\\\/\\\/informelitoral.com.ar\\\/sin-pronostico-de-lluvias-anuncian-que-llegara-el-frio-a-la-region\\\/#primaryimage\"},\"thumbnailUrl\":\"https:\\\/\\\/informelitoral.com.ar\\\/%77%70%2d%63%6f%6e%74%65%6e%74\\\/uploads\\\/2021\\\/10\\\/amanecer-nuboso.jpeg\",\"keywords\":[\"El tiempo\",\"Oto\u00f1o\",\"Pron\u00f3stico\",\"Pron\u00f3stico del tiempo\"],\"articleSection\":[\"Nacionales\"],\"inLanguage\":\"es\",\"potentialAction\":[{\"@type\":\"CommentAction\",\"name\":\"Comment\",\"target\":[\"https:\\\/\\\/informelitoral.com.ar\\\/sin-pronostico-de-lluvias-anuncian-que-llegara-el-frio-a-la-region\\\/#respond\"]}]},{\"@type\":\"WebPage\",\"@id\":\"https:\\\/\\\/informelitoral.com.ar\\\/sin-pronostico-de-lluvias-anuncian-que-llegara-el-frio-a-la-region\\\/\",\"url\":\"https:\\\/\\\/informelitoral.com.ar\\\/sin-pronostico-de-lluvias-anuncian-que-llegara-el-frio-a-la-region\\\/\",\"name\":\"Sin pron\u00f3stico de lluvias, anuncian que llegar\u00e1 el fr\u00edo a la regi\u00f3n - Informe Litoral\",\"isPartOf\":{\"@id\":\"https:\\\/\\\/informelitoral.com.ar\\\/#website\"},\"primaryImageOfPage\":{\"@id\":\"https:\\\/\\\/informelitoral.com.ar\\\/sin-pronostico-de-lluvias-anuncian-que-llegara-el-frio-a-la-region\\\/#primaryimage\"},\"image\":{\"@id\":\"https:\\\/\\\/informelitoral.com.ar\\\/sin-pronostico-de-lluvias-anuncian-que-llegara-el-frio-a-la-region\\\/#primaryimage\"},\"thumbnailUrl\":\"https:\\\/\\\/informelitoral.com.ar\\\/%77%70%2d%63%6f%6e%74%65%6e%74\\\/uploads\\\/2021\\\/10\\\/amanecer-nuboso.jpeg\",\"datePublished\":\"2025-04-01T09:49:48+00:00\",\"breadcrumb\":{\"@id\":\"https:\\\/\\\/informelitoral.com.ar\\\/sin-pronostico-de-lluvias-anuncian-que-llegara-el-frio-a-la-region\\\/#breadcrumb\"},\"inLanguage\":\"es\",\"potentialAction\":[{\"@type\":\"ReadAction\",\"target\":[\"https:\\\/\\\/informelitoral.com.ar\\\/sin-pronostico-de-lluvias-anuncian-que-llegara-el-frio-a-la-region\\\/\"]}]},{\"@type\":\"ImageObject\",\"inLanguage\":\"es\",\"@id\":\"https:\\\/\\\/informelitoral.com.ar\\\/sin-pronostico-de-lluvias-anuncian-que-llegara-el-frio-a-la-region\\\/#primaryimage\",\"url\":\"https:\\\/\\\/informelitoral.com.ar\\\/%77%70%2d%63%6f%6e%74%65%6e%74\\\/uploads\\\/2021\\\/10\\\/amanecer-nuboso.jpeg\",\"contentUrl\":\"https:\\\/\\\/informelitoral.com.ar\\\/%77%70%2d%63%6f%6e%74%65%6e%74\\\/uploads\\\/2021\\\/10\\\/amanecer-nuboso.jpeg\",\"width\":656,\"height\":370},{\"@type\":\"BreadcrumbList\",\"@id\":\"https:\\\/\\\/informelitoral.com.ar\\\/sin-pronostico-de-lluvias-anuncian-que-llegara-el-frio-a-la-region\\\/#breadcrumb\",\"itemListElement\":[{\"@type\":\"ListItem\",\"position\":1,\"name\":\"Portada\",\"item\":\"https:\\\/\\\/informelitoral.com.ar\\\/\"},{\"@type\":\"ListItem\",\"position\":2,\"name\":\"Sin pron\u00f3stico de lluvias, anuncian que llegar\u00e1 el fr\u00edo a la regi\u00f3n\"}]},{\"@type\":\"WebSite\",\"@id\":\"https:\\\/\\\/informelitoral.com.ar\\\/#website\",\"url\":\"https:\\\/\\\/informelitoral.com.ar\\\/\",\"name\":\"Informe Litoral\",\"description\":\"&quot;Nos informamos&quot; \",\"publisher\":{\"@id\":\"https:\\\/\\\/informelitoral.com.ar\\\/#organization\"},\"potentialAction\":[{\"@type\":\"SearchAction\",\"target\":{\"@type\":\"EntryPoint\",\"urlTemplate\":\"https:\\\/\\\/informelitoral.com.ar\\\/?s={search_term_string}\"},\"query-input\":{\"@type\":\"PropertyValueSpecification\",\"valueRequired\":true,\"valueName\":\"search_term_string\"}}],\"inLanguage\":\"es\"},{\"@type\":\"Organization\",\"@id\":\"https:\\\/\\\/informelitoral.com.ar\\\/#organization\",\"name\":\"Informe Litoral\",\"url\":\"https:\\\/\\\/informelitoral.com.ar\\\/\",\"logo\":{\"@type\":\"ImageObject\",\"inLanguage\":\"es\",\"@id\":\"https:\\\/\\\/informelitoral.com.ar\\\/#\\\/schema\\\/logo\\\/image\\\/\",\"url\":\"https:\\\/\\\/informelitoral.com.ar\\\/%77%70%2d%63%6f%6e%74%65%6e%74\\\/uploads\\\/2021\\\/01\\\/circulo.png\",\"contentUrl\":\"https:\\\/\\\/informelitoral.com.ar\\\/%77%70%2d%63%6f%6e%74%65%6e%74\\\/uploads\\\/2021\\\/01\\\/circulo.png\",\"width\":723,\"height\":731,\"caption\":\"Informe Litoral\"},\"image\":{\"@id\":\"https:\\\/\\\/informelitoral.com.ar\\\/#\\\/schema\\\/logo\\\/image\\\/\"},\"sameAs\":[\"https:\\\/\\\/www.facebook.com\\\/informelitoral\\\/\",\"https:\\\/\\\/x.com\\\/InformeLitoral\",\"https:\\\/\\\/www.instagram.com\\\/informelitoral\\\/\",\"https:\\\/\\\/www.youtube.com\\\/channel\\\/UCua4Qvz8Icb6MYqhoq9xLXw\"]},{\"@type\":\"Person\",\"@id\":\"https:\\\/\\\/informelitoral.com.ar\\\/#\\\/schema\\\/person\\\/b9d00407c836482871ef1d57bf8e3180\",\"name\":\"Gonzalo Schmidt\",\"image\":{\"@type\":\"ImageObject\",\"inLanguage\":\"es\",\"@id\":\"https:\\\/\\\/secure.gravatar.com\\\/avatar\\\/31a1a7b66ff2de83bd0e9fd79d026630d2d99e55e8bfe501287647b4fd9743de?s=96&d=mm&r=g\",\"url\":\"https:\\\/\\\/secure.gravatar.com\\\/avatar\\\/31a1a7b66ff2de83bd0e9fd79d026630d2d99e55e8bfe501287647b4fd9743de?s=96&d=mm&r=g\",\"contentUrl\":\"https:\\\/\\\/secure.gravatar.com\\\/avatar\\\/31a1a7b66ff2de83bd0e9fd79d026630d2d99e55e8bfe501287647b4fd9743de?s=96&d=mm&r=g\",\"caption\":\"Gonzalo Schmidt\"},\"description\":\"Sitio web de noticias de la provincia de Entre R\u00edos, Argentina. Informaci\u00f3n y entretenimiento. Informe Litoral, nos informamos.\",\"sameAs\":[\"http:\\\/\\\/www.isletasnoticias.com.ar\"],\"url\":\"https:\\\/\\\/informelitoral.com.ar\\\/author\\\/gonzalo\\\/\"}]}<\/script>","yoast_head_json":{"title":"Sin pron\u00f3stico de lluvias, anuncian que llegar\u00e1 el fr\u00edo a la regi\u00f3n - Informe Litoral","robots":{"index":"index","follow":"follow","max-snippet":"max-snippet:-1","max-image-preview":"max-image-preview:large","max-video-preview":"max-video-preview:-1"},"canonical":"https:\/\/informelitoral.com.ar\/sin-pronostico-de-lluvias-anuncian-que-llegara-el-frio-a-la-region\/","og_locale":"es_ES","og_type":"article","og_title":"Sin pron\u00f3stico de lluvias, anuncian que llegar\u00e1 el fr\u00edo a la regi\u00f3n - Informe Litoral","og_description":"Desde el viernes las temperaturas comenzar\u00e1n a bajar m\u00e1s todav\u00eda en Entre R\u00edos y otras provincias. El cielo estar\u00e1 algo nuboso pero prevalecer\u00e1 el sol durante los pr\u00f3ximos d\u00edas.","og_url":"https:\/\/informelitoral.com.ar\/sin-pronostico-de-lluvias-anuncian-que-llegara-el-frio-a-la-region\/","og_site_name":"Informe Litoral","article_publisher":"https:\/\/www.facebook.com\/informelitoral\/","article_published_time":"2025-04-01T09:49:48+00:00","og_image":[{"width":656,"height":370,"url":"https:\/\/informelitoral.com.ar\/%77%70%2d%63%6f%6e%74%65%6e%74\/uploads\/2021\/10\/amanecer-nuboso.jpeg","type":"image\/jpeg"}],"author":"Gonzalo Schmidt","twitter_card":"summary_large_image","twitter_creator":"@InformeLitoral","twitter_site":"@InformeLitoral","twitter_misc":{"Escrito por":"Gonzalo Schmidt","Tiempo de lectura":"2 minutos"},"schema":{"@context":"https:\/\/schema.org","@graph":[{"@type":"Article","@id":"https:\/\/informelitoral.com.ar\/sin-pronostico-de-lluvias-anuncian-que-llegara-el-frio-a-la-region\/#article","isPartOf":{"@id":"https:\/\/informelitoral.com.ar\/sin-pronostico-de-lluvias-anuncian-que-llegara-el-frio-a-la-region\/"},"author":{"name":"Gonzalo Schmidt","@id":"https:\/\/informelitoral.com.ar\/#\/schema\/person\/b9d00407c836482871ef1d57bf8e3180"},"headline":"Sin pron\u00f3stico de lluvias, anuncian que llegar\u00e1 el fr\u00edo a la regi\u00f3n","datePublished":"2025-04-01T09:49:48+00:00","mainEntityOfPage":{"@id":"https:\/\/informelitoral.com.ar\/sin-pronostico-de-lluvias-anuncian-que-llegara-el-frio-a-la-region\/"},"wordCount":447,"commentCount":0,"publisher":{"@id":"https:\/\/informelitoral.com.ar\/#organization"},"image":{"@id":"https:\/\/informelitoral.com.ar\/sin-pronostico-de-lluvias-anuncian-que-llegara-el-frio-a-la-region\/#primaryimage"},"thumbnailUrl":"https:\/\/informelitoral.com.ar\/%77%70%2d%63%6f%6e%74%65%6e%74\/uploads\/2021\/10\/amanecer-nuboso.jpeg","keywords":["El tiempo","Oto\u00f1o","Pron\u00f3stico","Pron\u00f3stico del tiempo"],"articleSection":["Nacionales"],"inLanguage":"es","potentialAction":[{"@type":"CommentAction","name":"Comment","target":["https:\/\/informelitoral.com.ar\/sin-pronostico-de-lluvias-anuncian-que-llegara-el-frio-a-la-region\/#respond"]}]},{"@type":"WebPage","@id":"https:\/\/informelitoral.com.ar\/sin-pronostico-de-lluvias-anuncian-que-llegara-el-frio-a-la-region\/","url":"https:\/\/informelitoral.com.ar\/sin-pronostico-de-lluvias-anuncian-que-llegara-el-frio-a-la-region\/","name":"Sin pron\u00f3stico de lluvias, anuncian que llegar\u00e1 el fr\u00edo a la regi\u00f3n - Informe Litoral","isPartOf":{"@id":"https:\/\/informelitoral.com.ar\/#website"},"primaryImageOfPage":{"@id":"https:\/\/informelitoral.com.ar\/sin-pronostico-de-lluvias-anuncian-que-llegara-el-frio-a-la-region\/#primaryimage"},"image":{"@id":"https:\/\/informelitoral.com.ar\/sin-pronostico-de-lluvias-anuncian-que-llegara-el-frio-a-la-region\/#primaryimage"},"thumbnailUrl":"https:\/\/informelitoral.com.ar\/%77%70%2d%63%6f%6e%74%65%6e%74\/uploads\/2021\/10\/amanecer-nuboso.jpeg","datePublished":"2025-04-01T09:49:48+00:00","breadcrumb":{"@id":"https:\/\/informelitoral.com.ar\/sin-pronostico-de-lluvias-anuncian-que-llegara-el-frio-a-la-region\/#breadcrumb"},"inLanguage":"es","potentialAction":[{"@type":"ReadAction","target":["https:\/\/informelitoral.com.ar\/sin-pronostico-de-lluvias-anuncian-que-llegara-el-frio-a-la-region\/"]}]},{"@type":"ImageObject","inLanguage":"es","@id":"https:\/\/informelitoral.com.ar\/sin-pronostico-de-lluvias-anuncian-que-llegara-el-frio-a-la-region\/#primaryimage","url":"https:\/\/informelitoral.com.ar\/%77%70%2d%63%6f%6e%74%65%6e%74\/uploads\/2021\/10\/amanecer-nuboso.jpeg","contentUrl":"https:\/\/informelitoral.com.ar\/%77%70%2d%63%6f%6e%74%65%6e%74\/uploads\/2021\/10\/amanecer-nuboso.jpeg","width":656,"height":370},{"@type":"BreadcrumbList","@id":"https:\/\/informelitoral.com.ar\/sin-pronostico-de-lluvias-anuncian-que-llegara-el-frio-a-la-region\/#breadcrumb","itemListElement":[{"@type":"ListItem","position":1,"name":"Portada","item":"https:\/\/informelitoral.com.ar\/"},{"@type":"ListItem","position":2,"name":"Sin pron\u00f3stico de lluvias, anuncian que llegar\u00e1 el fr\u00edo a la regi\u00f3n"}]},{"@type":"WebSite","@id":"https:\/\/informelitoral.com.ar\/#website","url":"https:\/\/informelitoral.com.ar\/","name":"Informe Litoral","description":"&quot;Nos informamos&quot; ","publisher":{"@id":"https:\/\/informelitoral.com.ar\/#organization"},"potentialAction":[{"@type":"SearchAction","target":{"@type":"EntryPoint","urlTemplate":"https:\/\/informelitoral.com.ar\/?s={search_term_string}"},"query-input":{"@type":"PropertyValueSpecification","valueRequired":true,"valueName":"search_term_string"}}],"inLanguage":"es"},{"@type":"Organization","@id":"https:\/\/informelitoral.com.ar\/#organization","name":"Informe Litoral","url":"https:\/\/informelitoral.com.ar\/","logo":{"@type":"ImageObject","inLanguage":"es","@id":"https:\/\/informelitoral.com.ar\/#\/schema\/logo\/image\/","url":"https:\/\/informelitoral.com.ar\/%77%70%2d%63%6f%6e%74%65%6e%74\/uploads\/2021\/01\/circulo.png","contentUrl":"https:\/\/informelitoral.com.ar\/%77%70%2d%63%6f%6e%74%65%6e%74\/uploads\/2021\/01\/circulo.png","width":723,"height":731,"caption":"Informe Litoral"},"image":{"@id":"https:\/\/informelitoral.com.ar\/#\/schema\/logo\/image\/"},"sameAs":["https:\/\/www.facebook.com\/informelitoral\/","https:\/\/x.com\/InformeLitoral","https:\/\/www.instagram.com\/informelitoral\/","https:\/\/www.youtube.com\/channel\/UCua4Qvz8Icb6MYqhoq9xLXw"]},{"@type":"Person","@id":"https:\/\/informelitoral.com.ar\/#\/schema\/person\/b9d00407c836482871ef1d57bf8e3180","name":"Gonzalo Schmidt","image":{"@type":"ImageObject","inLanguage":"es","@id":"https:\/\/secure.gravatar.com\/avatar\/31a1a7b66ff2de83bd0e9fd79d026630d2d99e55e8bfe501287647b4fd9743de?s=96&d=mm&r=g","url":"https:\/\/secure.gravatar.com\/avatar\/31a1a7b66ff2de83bd0e9fd79d026630d2d99e55e8bfe501287647b4fd9743de?s=96&d=mm&r=g","contentUrl":"https:\/\/secure.gravatar.com\/avatar\/31a1a7b66ff2de83bd0e9fd79d026630d2d99e55e8bfe501287647b4fd9743de?s=96&d=mm&r=g","caption":"Gonzalo Schmidt"},"description":"Sitio web de noticias de la provincia de Entre R\u00edos, Argentina. Informaci\u00f3n y entretenimiento. Informe Litoral, nos informamos.","sameAs":["http:\/\/www.isletasnoticias.com.ar"],"url":"https:\/\/informelitoral.com.ar\/author\/gonzalo\/"}]}},"_links":{"self":[{"href":"https:\/\/informelitoral.com.ar\/%77%70%2d%6a%73%6f%6e\/wp\/v2\/posts\/216822","targetHints":{"allow":["GET"]}}],"collection":[{"href":"https:\/\/informelitoral.com.ar\/%77%70%2d%6a%73%6f%6e\/wp\/v2\/posts"}],"about":[{"href":"https:\/\/informelitoral.com.ar\/%77%70%2d%6a%73%6f%6e\/wp\/v2\/types\/post"}],"author":[{"embeddable":true,"href":"https:\/\/informelitoral.com.ar\/%77%70%2d%6a%73%6f%6e\/wp\/v2\/users\/2"}],"replies":[{"embeddable":true,"href":"https:\/\/informelitoral.com.ar\/%77%70%2d%6a%73%6f%6e\/wp\/v2\/comments?post=216822"}],"version-history":[{"count":0,"href":"https:\/\/informelitoral.com.ar\/%77%70%2d%6a%73%6f%6e\/wp\/v2\/posts\/216822\/revisions"}],"wp:featuredmedia":[{"embeddable":true,"href":"https:\/\/informelitoral.com.ar\/%77%70%2d%6a%73%6f%6e\/wp\/v2\/media\/65990"}],"wp:attachment":[{"href":"https:\/\/informelitoral.com.ar\/%77%70%2d%6a%73%6f%6e\/wp\/v2\/media?parent=216822"}],"wp:term":[{"taxonomy":"category","embeddable":true,"href":"https:\/\/informelitoral.com.ar\/%77%70%2d%6a%73%6f%6e\/wp\/v2\/categories?post=216822"},{"taxonomy":"post_tag","embeddable":true,"href":"https:\/\/informelitoral.com.ar\/%77%70%2d%6a%73%6f%6e\/wp\/v2\/tags?post=216822"}],"curies":[{"name":"wp","href":"https:\/\/api.w.org\/{rel}","templated":true}]}}