{"id":216807,"date":"2025-03-31T19:05:59","date_gmt":"2025-03-31T22:05:59","guid":{"rendered":"https:\/\/informelitoral.com.ar\/?p=216807"},"modified":"2025-03-31T19:05:59","modified_gmt":"2025-03-31T22:05:59","slug":"georges-breitschmitt-es-el-nuevo-presidente-del-ipcva","status":"publish","type":"post","link":"https:\/\/informelitoral.com.ar\/georges-breitschmitt-es-el-nuevo-presidente-del-ipcva\/","title":{"rendered":"Georges Breitschmitt es el nuevo presidente del IPCVA"},"content":{"rendered":"<p>En el marco de la Asamblea Anual Ordinaria del Instituto de Promoci\u00f3n de la Carne Vacuna Argentina (IPCVA) que se realiz\u00f3 este lunes 31 de marzo de 2025, las entidades agropecuarias eligieron por unanimidad a<strong> Georges Breitschmitt<\/strong>, representante de la Confederaci\u00f3n Intercooperativa Agropecuaria Limitada (CONINAGRO), como nuevo presidente del Instituto por dos a\u00f1os. La vicepresidencia seguir\u00e1 a cargo de<strong> Mario Ravettino<\/strong> (Consorcio ABC).<\/p>\n<p>En la asamblea, presidida por<strong> Sergio Iraeta<\/strong>, secretario de Agricultura de la Naci\u00f3n, tambi\u00e9n se aprob\u00f3 memoria, balance y plan anual operativo.<\/p>\n<p>\u00abAsumo esta responsabilidad con un claro sentido de prop\u00f3sito: trabajar incansablemente para que esta gesti\u00f3n no s\u00f3lo mantenga, sino que eleve los est\u00e1ndares de excelencia que el IPCVA ha sabido construir a lo largo de los a\u00f1os\u00bb, asegur\u00f3 Breitschmitt despu\u00e9s de agradecer a las entidades por su elecci\u00f3n. \u00abSabemos que el contexto nos desaf\u00eda constantemente, pero tambi\u00e9n nos ofrece oportunidades\u00bb, agreg\u00f3. Mi compromiso es fortalecer la promoci\u00f3n de la carne vacuna argentina dentro y fuera del pa\u00eds, consolidar nuestra competitividad, y garantizar que cada paso que demos refleje las prioridades de la producci\u00f3n y la industria\u201d.<\/p>\n<p>\u201cCon di\u00e1logo, esfuerzo conjunto y una visi\u00f3n clara, estoy convencido de que lograremos que esta gesti\u00f3n sea un hito en la historia del IPCVA. Los invito a seguir caminando juntos, con la misma pasi\u00f3n y dedicaci\u00f3n que nos trajo hasta aqu\u00ed\u201d, concluy\u00f3.<\/p>\n<p>Los presidentes de Confederaciones Rurales Argentinas<strong>, Carlos Castagnani,<\/strong> de Coninagro, <strong>Lucas Magnano,<\/strong> y de Federaci\u00f3n Agraria Argentina, <strong>Andrea Sarnari,<\/strong> tambi\u00e9n participaron en la asamblea en la que, en el marco de la rotaci\u00f3n que marca la ley de creaci\u00f3n del Instituto, se designaron nuevos representantes de la industria y de la producci\u00f3n.<\/p>\n<h2><strong>El nuevo Consejo de Representantes del IPCVA qued\u00f3 conformado de la siguiente forma:<\/strong><\/h2>\n<p>-Presidente: <strong>Georges Breitschmitt<\/strong> (CONINAGRO).<\/p>\n<p>-Vicepresidente: <strong>Mario Ravettino<\/strong> (Consorcio ABC).<\/p>\n<p>-Consejeros titulares: <strong>Jorge Grimberg<\/strong> (CRA), <strong>Ulises Forte<\/strong> (FAA),<strong> Carlos Odriozola<\/strong> (SRA), <strong>Antonio D\u00b4Angelo<\/strong> (FIFRA), <strong>Gustavo Valsangi\u00e1como<\/strong> (\u00daNICA),<strong> Sergio Iraeta<\/strong> (Secretar\u00eda de Agricultura de la Naci\u00f3n).<\/p>\n<p>-Consejeros Suplentes: <strong>Mart\u00edn Rapetti<\/strong> (CRA), <strong>Mat\u00edas Martiarena<\/strong> (FAA), <strong>Felipe Tavernier<\/strong> (Coninagro), <strong>Fernando Hern\u00e1ndez<\/strong> (SRA), <strong>Miguel Jairala<\/strong> (Consorcio ABC), <strong>Daniel Urc\u00eda<\/strong> (FIFRA), <strong>Ernesto Lowenstein<\/strong> (UNICA), <strong>Manuel Chiappe<\/strong> (Secretar\u00eda de Agricultura de la Naci\u00f3n).<\/p>\n<h2><strong>Sobre Georges Breitschmitt <\/strong><\/h2>\n<p>Georges Breitschmitt (53) es productor agropecuario de Rojas, Provincia de Buenos Aires. Estudi\u00f3 econom\u00eda y tiene un master en Finanzas del ESERP de Barcelona. Se desempe\u00f1\u00f3 en empresas internacionales en el \u00e1rea de finanzas, control de gesti\u00f3n y auditoria. En 2011 ingres\u00f3 al consejo de administraci\u00f3n de la Cooperativa de Carabelas y, a trav\u00e9s de ella, al Consejo de Coninagro por ACA. Como representante de Coninagro forma parte del Consejo de Representantes del IPCVA desde 2021. Entre 2015 y 2021 se desempe\u00f1\u00f3 como secretario de Producci\u00f3n del Municipio de Rojas. Desde 2010, con su hermano y su madre, llevan adelante la producci\u00f3n agropecuaria en la localidad de Carabelas, partido de Rojas, Provincia de Buenos Aires.<\/p>\n<h6><em><strong>Del archivo:\u00a0<a href=\"https:\/\/informelitoral.com.ar\/alfredo-bel-explico-que-le-proponen-a-municipios-y-comunas-para-mejorar-caminos\/\" target=\"_blank\" rel=\"noopener\">Alfredo Bel explic\u00f3 qu\u00e9 le proponen a municipios y comunas para mejorar caminos<\/a><\/strong><\/em><\/h6>\n<h6><em><strong><a href=\"https:\/\/informelitoral.com.ar\/argentina-habilito-exportacion-de-carne-y-menudeo-porcina-a-paraguay\/\" target=\"_blank\" rel=\"noopener\">Argentina habilit\u00f3 la exportaci\u00f3n de carne y menudencias porcinas a Paraguay<\/a><\/strong><\/em><\/h6>\n","protected":false},"excerpt":{"rendered":"<p>Se decidi\u00f3 en la Asamblea Anual del Instituto de Promoci\u00f3n de la Carne Vacuna Argentina.<\/p>\n","protected":false},"author":2,"featured_media":216808,"comment_status":"open","ping_status":"open","sticky":false,"template":"","format":"standard","meta":{"fifu_image_url":"","fifu_image_alt":"","footnotes":""},"categories":[10],"tags":[389,1204,751,1205],"class_list":{"0":"post-216807","1":"post","2":"type-post","3":"status-publish","4":"format-standard","5":"has-post-thumbnail","7":"category-campo","8":"tag-carne","9":"tag-carne-argentina","10":"tag-carne-vacuna","11":"tag-ipcva"},"yoast_head":"<title>Georges Breitschmitt es el nuevo presidente del IPCVA - Informe Litoral<\/title>\n<meta name=\"robots\" content=\"index, follow, max-snippet:-1, max-image-preview:large, max-video-preview:-1\" \/>\n<link rel=\"canonical\" href=\"https:\/\/informelitoral.com.ar\/georges-breitschmitt-es-el-nuevo-presidente-del-ipcva\/\" \/>\n<meta property=\"og:locale\" content=\"es_ES\" \/>\n<meta property=\"og:type\" content=\"article\" \/>\n<meta property=\"og:title\" content=\"Georges Breitschmitt es el nuevo presidente del IPCVA - Informe Litoral\" \/>\n<meta property=\"og:description\" content=\"Se decidi\u00f3 en la Asamblea Anual del Instituto de Promoci\u00f3n de la Carne Vacuna Argentina.\" \/>\n<meta property=\"og:url\" content=\"https:\/\/informelitoral.com.ar\/georges-breitschmitt-es-el-nuevo-presidente-del-ipcva\/\" \/>\n<meta property=\"og:site_name\" content=\"Informe Litoral\" \/>\n<meta property=\"article:publisher\" content=\"https:\/\/www.facebook.com\/informelitoral\/\" \/>\n<meta property=\"article:published_time\" content=\"2025-03-31T22:05:59+00:00\" \/>\n<meta property=\"og:image\" content=\"https:\/\/informelitoral.com.ar\/%77%70%2d%63%6f%6e%74%65%6e%74\/uploads\/2025\/03\/WhatsApp-Image-2025-03-31-at-17.23.35.jpeg\" \/>\n\t<meta property=\"og:image:width\" content=\"1600\" \/>\n\t<meta property=\"og:image:height\" content=\"1595\" \/>\n\t<meta property=\"og:image:type\" content=\"image\/jpeg\" \/>\n<meta name=\"author\" content=\"Gonzalo Schmidt\" \/>\n<meta name=\"twitter:card\" content=\"summary_large_image\" \/>\n<meta name=\"twitter:creator\" content=\"@InformeLitoral\" \/>\n<meta name=\"twitter:site\" content=\"@InformeLitoral\" \/>\n<meta name=\"twitter:label1\" content=\"Escrito por\" \/>\n\t<meta name=\"twitter:data1\" content=\"Gonzalo Schmidt\" \/>\n\t<meta name=\"twitter:label2\" content=\"Tiempo de lectura\" \/>\n\t<meta name=\"twitter:data2\" content=\"3 minutos\" \/>\n<script type=\"application\/ld+json\" class=\"yoast-schema-graph\">{\"@context\":\"https:\\\/\\\/schema.org\",\"@graph\":[{\"@type\":\"Article\",\"@id\":\"https:\\\/\\\/informelitoral.com.ar\\\/georges-breitschmitt-es-el-nuevo-presidente-del-ipcva\\\/#article\",\"isPartOf\":{\"@id\":\"https:\\\/\\\/informelitoral.com.ar\\\/georges-breitschmitt-es-el-nuevo-presidente-del-ipcva\\\/\"},\"author\":{\"name\":\"Gonzalo Schmidt\",\"@id\":\"https:\\\/\\\/informelitoral.com.ar\\\/#\\\/schema\\\/person\\\/b9d00407c836482871ef1d57bf8e3180\"},\"headline\":\"Georges Breitschmitt es el nuevo presidente del IPCVA\",\"datePublished\":\"2025-03-31T22:05:59+00:00\",\"mainEntityOfPage\":{\"@id\":\"https:\\\/\\\/informelitoral.com.ar\\\/georges-breitschmitt-es-el-nuevo-presidente-del-ipcva\\\/\"},\"wordCount\":542,\"commentCount\":0,\"publisher\":{\"@id\":\"https:\\\/\\\/informelitoral.com.ar\\\/#organization\"},\"image\":{\"@id\":\"https:\\\/\\\/informelitoral.com.ar\\\/georges-breitschmitt-es-el-nuevo-presidente-del-ipcva\\\/#primaryimage\"},\"thumbnailUrl\":\"https:\\\/\\\/informelitoral.com.ar\\\/%77%70%2d%63%6f%6e%74%65%6e%74\\\/uploads\\\/2025\\\/03\\\/WhatsApp-Image-2025-03-31-at-17.23.35.jpeg\",\"keywords\":[\"Carne\",\"Carne argentina\",\"Carne vacuna\",\"IPCVA\"],\"articleSection\":[\"Campo\"],\"inLanguage\":\"es\",\"potentialAction\":[{\"@type\":\"CommentAction\",\"name\":\"Comment\",\"target\":[\"https:\\\/\\\/informelitoral.com.ar\\\/georges-breitschmitt-es-el-nuevo-presidente-del-ipcva\\\/#respond\"]}]},{\"@type\":\"WebPage\",\"@id\":\"https:\\\/\\\/informelitoral.com.ar\\\/georges-breitschmitt-es-el-nuevo-presidente-del-ipcva\\\/\",\"url\":\"https:\\\/\\\/informelitoral.com.ar\\\/georges-breitschmitt-es-el-nuevo-presidente-del-ipcva\\\/\",\"name\":\"Georges Breitschmitt es el nuevo presidente del IPCVA - Informe Litoral\",\"isPartOf\":{\"@id\":\"https:\\\/\\\/informelitoral.com.ar\\\/#website\"},\"primaryImageOfPage\":{\"@id\":\"https:\\\/\\\/informelitoral.com.ar\\\/georges-breitschmitt-es-el-nuevo-presidente-del-ipcva\\\/#primaryimage\"},\"image\":{\"@id\":\"https:\\\/\\\/informelitoral.com.ar\\\/georges-breitschmitt-es-el-nuevo-presidente-del-ipcva\\\/#primaryimage\"},\"thumbnailUrl\":\"https:\\\/\\\/informelitoral.com.ar\\\/%77%70%2d%63%6f%6e%74%65%6e%74\\\/uploads\\\/2025\\\/03\\\/WhatsApp-Image-2025-03-31-at-17.23.35.jpeg\",\"datePublished\":\"2025-03-31T22:05:59+00:00\",\"breadcrumb\":{\"@id\":\"https:\\\/\\\/informelitoral.com.ar\\\/georges-breitschmitt-es-el-nuevo-presidente-del-ipcva\\\/#breadcrumb\"},\"inLanguage\":\"es\",\"potentialAction\":[{\"@type\":\"ReadAction\",\"target\":[\"https:\\\/\\\/informelitoral.com.ar\\\/georges-breitschmitt-es-el-nuevo-presidente-del-ipcva\\\/\"]}]},{\"@type\":\"ImageObject\",\"inLanguage\":\"es\",\"@id\":\"https:\\\/\\\/informelitoral.com.ar\\\/georges-breitschmitt-es-el-nuevo-presidente-del-ipcva\\\/#primaryimage\",\"url\":\"https:\\\/\\\/informelitoral.com.ar\\\/%77%70%2d%63%6f%6e%74%65%6e%74\\\/uploads\\\/2025\\\/03\\\/WhatsApp-Image-2025-03-31-at-17.23.35.jpeg\",\"contentUrl\":\"https:\\\/\\\/informelitoral.com.ar\\\/%77%70%2d%63%6f%6e%74%65%6e%74\\\/uploads\\\/2025\\\/03\\\/WhatsApp-Image-2025-03-31-at-17.23.35.jpeg\",\"width\":1600,\"height\":1595},{\"@type\":\"BreadcrumbList\",\"@id\":\"https:\\\/\\\/informelitoral.com.ar\\\/georges-breitschmitt-es-el-nuevo-presidente-del-ipcva\\\/#breadcrumb\",\"itemListElement\":[{\"@type\":\"ListItem\",\"position\":1,\"name\":\"Portada\",\"item\":\"https:\\\/\\\/informelitoral.com.ar\\\/\"},{\"@type\":\"ListItem\",\"position\":2,\"name\":\"Georges Breitschmitt es el nuevo presidente del IPCVA\"}]},{\"@type\":\"WebSite\",\"@id\":\"https:\\\/\\\/informelitoral.com.ar\\\/#website\",\"url\":\"https:\\\/\\\/informelitoral.com.ar\\\/\",\"name\":\"Informe Litoral\",\"description\":\"&quot;Nos informamos&quot; \",\"publisher\":{\"@id\":\"https:\\\/\\\/informelitoral.com.ar\\\/#organization\"},\"potentialAction\":[{\"@type\":\"SearchAction\",\"target\":{\"@type\":\"EntryPoint\",\"urlTemplate\":\"https:\\\/\\\/informelitoral.com.ar\\\/?s={search_term_string}\"},\"query-input\":{\"@type\":\"PropertyValueSpecification\",\"valueRequired\":true,\"valueName\":\"search_term_string\"}}],\"inLanguage\":\"es\"},{\"@type\":\"Organization\",\"@id\":\"https:\\\/\\\/informelitoral.com.ar\\\/#organization\",\"name\":\"Informe Litoral\",\"url\":\"https:\\\/\\\/informelitoral.com.ar\\\/\",\"logo\":{\"@type\":\"ImageObject\",\"inLanguage\":\"es\",\"@id\":\"https:\\\/\\\/informelitoral.com.ar\\\/#\\\/schema\\\/logo\\\/image\\\/\",\"url\":\"https:\\\/\\\/informelitoral.com.ar\\\/%77%70%2d%63%6f%6e%74%65%6e%74\\\/uploads\\\/2021\\\/01\\\/circulo.png\",\"contentUrl\":\"https:\\\/\\\/informelitoral.com.ar\\\/%77%70%2d%63%6f%6e%74%65%6e%74\\\/uploads\\\/2021\\\/01\\\/circulo.png\",\"width\":723,\"height\":731,\"caption\":\"Informe Litoral\"},\"image\":{\"@id\":\"https:\\\/\\\/informelitoral.com.ar\\\/#\\\/schema\\\/logo\\\/image\\\/\"},\"sameAs\":[\"https:\\\/\\\/www.facebook.com\\\/informelitoral\\\/\",\"https:\\\/\\\/x.com\\\/InformeLitoral\",\"https:\\\/\\\/www.instagram.com\\\/informelitoral\\\/\",\"https:\\\/\\\/www.youtube.com\\\/channel\\\/UCua4Qvz8Icb6MYqhoq9xLXw\"]},{\"@type\":\"Person\",\"@id\":\"https:\\\/\\\/informelitoral.com.ar\\\/#\\\/schema\\\/person\\\/b9d00407c836482871ef1d57bf8e3180\",\"name\":\"Gonzalo Schmidt\",\"image\":{\"@type\":\"ImageObject\",\"inLanguage\":\"es\",\"@id\":\"https:\\\/\\\/secure.gravatar.com\\\/avatar\\\/31a1a7b66ff2de83bd0e9fd79d026630d2d99e55e8bfe501287647b4fd9743de?s=96&d=mm&r=g\",\"url\":\"https:\\\/\\\/secure.gravatar.com\\\/avatar\\\/31a1a7b66ff2de83bd0e9fd79d026630d2d99e55e8bfe501287647b4fd9743de?s=96&d=mm&r=g\",\"contentUrl\":\"https:\\\/\\\/secure.gravatar.com\\\/avatar\\\/31a1a7b66ff2de83bd0e9fd79d026630d2d99e55e8bfe501287647b4fd9743de?s=96&d=mm&r=g\",\"caption\":\"Gonzalo Schmidt\"},\"description\":\"Sitio web de noticias de la provincia de Entre R\u00edos, Argentina. Informaci\u00f3n y entretenimiento. Informe Litoral, nos informamos.\",\"sameAs\":[\"http:\\\/\\\/www.isletasnoticias.com.ar\"],\"url\":\"https:\\\/\\\/informelitoral.com.ar\\\/author\\\/gonzalo\\\/\"}]}<\/script>","yoast_head_json":{"title":"Georges Breitschmitt es el nuevo presidente del IPCVA - Informe Litoral","robots":{"index":"index","follow":"follow","max-snippet":"max-snippet:-1","max-image-preview":"max-image-preview:large","max-video-preview":"max-video-preview:-1"},"canonical":"https:\/\/informelitoral.com.ar\/georges-breitschmitt-es-el-nuevo-presidente-del-ipcva\/","og_locale":"es_ES","og_type":"article","og_title":"Georges Breitschmitt es el nuevo presidente del IPCVA - Informe Litoral","og_description":"Se decidi\u00f3 en la Asamblea Anual del Instituto de Promoci\u00f3n de la Carne Vacuna Argentina.","og_url":"https:\/\/informelitoral.com.ar\/georges-breitschmitt-es-el-nuevo-presidente-del-ipcva\/","og_site_name":"Informe Litoral","article_publisher":"https:\/\/www.facebook.com\/informelitoral\/","article_published_time":"2025-03-31T22:05:59+00:00","og_image":[{"width":1600,"height":1595,"url":"https:\/\/informelitoral.com.ar\/%77%70%2d%63%6f%6e%74%65%6e%74\/uploads\/2025\/03\/WhatsApp-Image-2025-03-31-at-17.23.35.jpeg","type":"image\/jpeg"}],"author":"Gonzalo Schmidt","twitter_card":"summary_large_image","twitter_creator":"@InformeLitoral","twitter_site":"@InformeLitoral","twitter_misc":{"Escrito por":"Gonzalo Schmidt","Tiempo de lectura":"3 minutos"},"schema":{"@context":"https:\/\/schema.org","@graph":[{"@type":"Article","@id":"https:\/\/informelitoral.com.ar\/georges-breitschmitt-es-el-nuevo-presidente-del-ipcva\/#article","isPartOf":{"@id":"https:\/\/informelitoral.com.ar\/georges-breitschmitt-es-el-nuevo-presidente-del-ipcva\/"},"author":{"name":"Gonzalo Schmidt","@id":"https:\/\/informelitoral.com.ar\/#\/schema\/person\/b9d00407c836482871ef1d57bf8e3180"},"headline":"Georges Breitschmitt es el nuevo presidente del IPCVA","datePublished":"2025-03-31T22:05:59+00:00","mainEntityOfPage":{"@id":"https:\/\/informelitoral.com.ar\/georges-breitschmitt-es-el-nuevo-presidente-del-ipcva\/"},"wordCount":542,"commentCount":0,"publisher":{"@id":"https:\/\/informelitoral.com.ar\/#organization"},"image":{"@id":"https:\/\/informelitoral.com.ar\/georges-breitschmitt-es-el-nuevo-presidente-del-ipcva\/#primaryimage"},"thumbnailUrl":"https:\/\/informelitoral.com.ar\/%77%70%2d%63%6f%6e%74%65%6e%74\/uploads\/2025\/03\/WhatsApp-Image-2025-03-31-at-17.23.35.jpeg","keywords":["Carne","Carne argentina","Carne vacuna","IPCVA"],"articleSection":["Campo"],"inLanguage":"es","potentialAction":[{"@type":"CommentAction","name":"Comment","target":["https:\/\/informelitoral.com.ar\/georges-breitschmitt-es-el-nuevo-presidente-del-ipcva\/#respond"]}]},{"@type":"WebPage","@id":"https:\/\/informelitoral.com.ar\/georges-breitschmitt-es-el-nuevo-presidente-del-ipcva\/","url":"https:\/\/informelitoral.com.ar\/georges-breitschmitt-es-el-nuevo-presidente-del-ipcva\/","name":"Georges Breitschmitt es el nuevo presidente del IPCVA - Informe Litoral","isPartOf":{"@id":"https:\/\/informelitoral.com.ar\/#website"},"primaryImageOfPage":{"@id":"https:\/\/informelitoral.com.ar\/georges-breitschmitt-es-el-nuevo-presidente-del-ipcva\/#primaryimage"},"image":{"@id":"https:\/\/informelitoral.com.ar\/georges-breitschmitt-es-el-nuevo-presidente-del-ipcva\/#primaryimage"},"thumbnailUrl":"https:\/\/informelitoral.com.ar\/%77%70%2d%63%6f%6e%74%65%6e%74\/uploads\/2025\/03\/WhatsApp-Image-2025-03-31-at-17.23.35.jpeg","datePublished":"2025-03-31T22:05:59+00:00","breadcrumb":{"@id":"https:\/\/informelitoral.com.ar\/georges-breitschmitt-es-el-nuevo-presidente-del-ipcva\/#breadcrumb"},"inLanguage":"es","potentialAction":[{"@type":"ReadAction","target":["https:\/\/informelitoral.com.ar\/georges-breitschmitt-es-el-nuevo-presidente-del-ipcva\/"]}]},{"@type":"ImageObject","inLanguage":"es","@id":"https:\/\/informelitoral.com.ar\/georges-breitschmitt-es-el-nuevo-presidente-del-ipcva\/#primaryimage","url":"https:\/\/informelitoral.com.ar\/%77%70%2d%63%6f%6e%74%65%6e%74\/uploads\/2025\/03\/WhatsApp-Image-2025-03-31-at-17.23.35.jpeg","contentUrl":"https:\/\/informelitoral.com.ar\/%77%70%2d%63%6f%6e%74%65%6e%74\/uploads\/2025\/03\/WhatsApp-Image-2025-03-31-at-17.23.35.jpeg","width":1600,"height":1595},{"@type":"BreadcrumbList","@id":"https:\/\/informelitoral.com.ar\/georges-breitschmitt-es-el-nuevo-presidente-del-ipcva\/#breadcrumb","itemListElement":[{"@type":"ListItem","position":1,"name":"Portada","item":"https:\/\/informelitoral.com.ar\/"},{"@type":"ListItem","position":2,"name":"Georges Breitschmitt es el nuevo presidente del IPCVA"}]},{"@type":"WebSite","@id":"https:\/\/informelitoral.com.ar\/#website","url":"https:\/\/informelitoral.com.ar\/","name":"Informe Litoral","description":"&quot;Nos informamos&quot; ","publisher":{"@id":"https:\/\/informelitoral.com.ar\/#organization"},"potentialAction":[{"@type":"SearchAction","target":{"@type":"EntryPoint","urlTemplate":"https:\/\/informelitoral.com.ar\/?s={search_term_string}"},"query-input":{"@type":"PropertyValueSpecification","valueRequired":true,"valueName":"search_term_string"}}],"inLanguage":"es"},{"@type":"Organization","@id":"https:\/\/informelitoral.com.ar\/#organization","name":"Informe Litoral","url":"https:\/\/informelitoral.com.ar\/","logo":{"@type":"ImageObject","inLanguage":"es","@id":"https:\/\/informelitoral.com.ar\/#\/schema\/logo\/image\/","url":"https:\/\/informelitoral.com.ar\/%77%70%2d%63%6f%6e%74%65%6e%74\/uploads\/2021\/01\/circulo.png","contentUrl":"https:\/\/informelitoral.com.ar\/%77%70%2d%63%6f%6e%74%65%6e%74\/uploads\/2021\/01\/circulo.png","width":723,"height":731,"caption":"Informe Litoral"},"image":{"@id":"https:\/\/informelitoral.com.ar\/#\/schema\/logo\/image\/"},"sameAs":["https:\/\/www.facebook.com\/informelitoral\/","https:\/\/x.com\/InformeLitoral","https:\/\/www.instagram.com\/informelitoral\/","https:\/\/www.youtube.com\/channel\/UCua4Qvz8Icb6MYqhoq9xLXw"]},{"@type":"Person","@id":"https:\/\/informelitoral.com.ar\/#\/schema\/person\/b9d00407c836482871ef1d57bf8e3180","name":"Gonzalo Schmidt","image":{"@type":"ImageObject","inLanguage":"es","@id":"https:\/\/secure.gravatar.com\/avatar\/31a1a7b66ff2de83bd0e9fd79d026630d2d99e55e8bfe501287647b4fd9743de?s=96&d=mm&r=g","url":"https:\/\/secure.gravatar.com\/avatar\/31a1a7b66ff2de83bd0e9fd79d026630d2d99e55e8bfe501287647b4fd9743de?s=96&d=mm&r=g","contentUrl":"https:\/\/secure.gravatar.com\/avatar\/31a1a7b66ff2de83bd0e9fd79d026630d2d99e55e8bfe501287647b4fd9743de?s=96&d=mm&r=g","caption":"Gonzalo Schmidt"},"description":"Sitio web de noticias de la provincia de Entre R\u00edos, Argentina. Informaci\u00f3n y entretenimiento. Informe Litoral, nos informamos.","sameAs":["http:\/\/www.isletasnoticias.com.ar"],"url":"https:\/\/informelitoral.com.ar\/author\/gonzalo\/"}]}},"_links":{"self":[{"href":"https:\/\/informelitoral.com.ar\/%77%70%2d%6a%73%6f%6e\/wp\/v2\/posts\/216807","targetHints":{"allow":["GET"]}}],"collection":[{"href":"https:\/\/informelitoral.com.ar\/%77%70%2d%6a%73%6f%6e\/wp\/v2\/posts"}],"about":[{"href":"https:\/\/informelitoral.com.ar\/%77%70%2d%6a%73%6f%6e\/wp\/v2\/types\/post"}],"author":[{"embeddable":true,"href":"https:\/\/informelitoral.com.ar\/%77%70%2d%6a%73%6f%6e\/wp\/v2\/users\/2"}],"replies":[{"embeddable":true,"href":"https:\/\/informelitoral.com.ar\/%77%70%2d%6a%73%6f%6e\/wp\/v2\/comments?post=216807"}],"version-history":[{"count":0,"href":"https:\/\/informelitoral.com.ar\/%77%70%2d%6a%73%6f%6e\/wp\/v2\/posts\/216807\/revisions"}],"wp:featuredmedia":[{"embeddable":true,"href":"https:\/\/informelitoral.com.ar\/%77%70%2d%6a%73%6f%6e\/wp\/v2\/media\/216808"}],"wp:attachment":[{"href":"https:\/\/informelitoral.com.ar\/%77%70%2d%6a%73%6f%6e\/wp\/v2\/media?parent=216807"}],"wp:term":[{"taxonomy":"category","embeddable":true,"href":"https:\/\/informelitoral.com.ar\/%77%70%2d%6a%73%6f%6e\/wp\/v2\/categories?post=216807"},{"taxonomy":"post_tag","embeddable":true,"href":"https:\/\/informelitoral.com.ar\/%77%70%2d%6a%73%6f%6e\/wp\/v2\/tags?post=216807"}],"curies":[{"name":"wp","href":"https:\/\/api.w.org\/{rel}","templated":true}]}}