{"id":216803,"date":"2025-03-31T18:58:15","date_gmt":"2025-03-31T21:58:15","guid":{"rendered":"https:\/\/informelitoral.com.ar\/?p=216803"},"modified":"2025-03-31T19:01:02","modified_gmt":"2025-03-31T22:01:02","slug":"mato-a-un-joven-en-la-ruta-12-pero-no-ira-preso-porque-pago-a-la-familia","status":"publish","type":"post","link":"https:\/\/informelitoral.com.ar\/mato-a-un-joven-en-la-ruta-12-pero-no-ira-preso-porque-pago-a-la-familia\/","title":{"rendered":"Mat\u00f3 a un joven en la ruta 12 pero no ir\u00e1 preso porque pag\u00f3 a la familia"},"content":{"rendered":"<p><b>Walter Alberto Gross acord\u00f3 en juico abreviado una pena condicional de tres a\u00f1os por el delito de Homicidio Culposo<\/b>; cabe aclarar que el vecino de Villa Urquiza, el 12 de noviembre de 2024 sobre ruta nacional 12 -entre las localidades de Crespo y Colonia Merou- choc\u00f3 a una moto de atr\u00e1s y caus\u00f3 la muerte de uno de los dos ocupantes, mientras que dej\u00f3 al otro muy gravemente herido.<\/p>\n<p>Gross, al mando de una camioneta Dodge RAM embisti\u00f3 a una motocicleta Keller 110cc en la que se trasladaban dos j\u00f3venes de 19 y 25 a\u00f1os. El primero, identificado como\u00a0<b>Alejandro Bosoms<\/b>, sufri\u00f3 grav\u00edsimas heridas y fue trasladado de urgencia al Hospital San Mart\u00edn de la capital. Mientras que el otro,\u00a0<b>Juan Smith<\/b>\u00a0no pudo sobrevivir y muri\u00f3 en el lugar.<\/p>\n<p>Pese a que Gross circulaba con\u00a0<b>exceso de velocidad y con alcohol en sangre<\/b>, estos agravantes fueron atenuados por la\u00a0<b>falta de luces \u00f3ptimas para circular en ruta en la motocicleta y por la falta total de luz artificial que permitiera una plena visualizaci\u00f3n del rodado.<\/b><\/p>\n<p>Adem\u00e1s de los tres a\u00f1os de condicional, se acord\u00f3 tambi\u00e9n cinco a\u00f1os de inhabilitaci\u00f3n para conducir cualquier tipo de veh\u00edculo.<\/p>\n<p>La fiscal Patricia Yedro, el querellante Pedro Fontanetto y el defensor Carlos Antico sellaron el acuerdo que presentaron frente juez Alejandro C\u00e1nepa, quien dar\u00e1 a conocer el 15 de abril si homologa o rechaza este acuerdo de juicio abreviado.<\/p>\n<p>Cabe consignar que los familiares de las v\u00edctimas prestaron conformidad al arreglo entre partes y paralelamente recibieron pagos indemnizatorios por la v\u00eda civil.<\/p>\n<p>Durante la audiencia, Antico solicit\u00f3 \u201cla liberaci\u00f3n de la pick up de Gross para que el valor del ese veh\u00edculo sea incorporado al finalizar con la reparaci\u00f3n econom\u00eda\u201d.<\/p>\n<p>El acusado, de 53 a\u00f1os y nacido en la ciudad diamantina de General Ram\u00edrez, transcurri\u00f3 la espera del juicio en prisi\u00f3n domiciliaria en Villa Urquiza, donde vive hace a\u00f1os con su familia.<\/p>\n<h2><strong>Los fundamentos de la querella para aceptar el juicio abreviado<\/strong><\/h2>\n<p><b>\u201cFue un hecho lamentable y grav\u00edsimo que se cobr\u00f3 la vida de un joven y al otro le amputaron tres dedos de su pie, lo cual trae aparejada la p\u00e9rdida de la funcionalidad normal de su pierna\u201d<\/b>, resumi\u00f3 el querellante a\u00a0<i>Elonce.<\/i><\/p>\n<p>Y, en ese sentido, explic\u00f3 que, durante la modalidad de juicio abreviado, se analizaron los atenuantes y los agravantes, \u201cpara llegar a la pena m\u00e1s justa\u201d. Entre los atenuantes, Fontanetto mencion\u00f3 \u201cla baja de visibilidad en el lugar y que la luz de la moto no era la ideal, pero eso no quita la responsabilidad de Gross, quien viajaba a una velocidad muy por encima de lo permitido y, a su vez, estaba bajo los efectos del alcohol\u201d.<\/p>\n<p>\u201cSi la causa hubiese llegado a juicio oral, la pena para Gross hubiera sido de cumplimiento efectivo por esos agravantes, pero durante el proceso penal se desarroll\u00f3\u00a0<b>una instancia de mediaci\u00f3n civil en la cual el imputado ofreci\u00f3 una importante reparaci\u00f3n econ\u00f3mica a las v\u00edctimas<\/b>\u201d, explic\u00f3 el querellante.<\/p>\n<p>Y agreg\u00f3:\u00a0<b>\u201cSi bien es cierto que una vida no se recupera y las lesiones que sufri\u00f3 uno de los j\u00f3venes tampoco, la reparaci\u00f3n econ\u00f3mica hace que las v\u00edctimas presten su consentimiento para acordar una salida alternativa con una pena de cumplimiento condicional\u201d<\/b>.<\/p>\n<p>\u201cGross no queda exento de responsabilidad por haber reparado econ\u00f3micamente a las v\u00edctimas, pero si hace que tenga una pena de cumplimiento condicional, adem\u00e1s que quedar inhabilitado por cinco a\u00f1os para conducir\u201d, aclar\u00f3 el letrado que representa a las familias de Smith y Bosoms.<\/p>\n<p>Si Gross llegara a incumplir las condiciones, esa pena se reconvierte y pasa a ser de cumplimiento efectivo. <em>(Fuente: Elonce)<\/em><\/p>\n<h6><em><strong>Del archivo:\u00a0<a href=\"https:\/\/informelitoral.com.ar\/invitan-a-participar-de-un-taller-de-danzas-folcloricas-en-isletas\/\" target=\"_blank\" rel=\"noopener\">Invitan a participar de un taller de danzas folcl\u00f3ricas en Isletas<\/a><\/strong><\/em><\/h6>\n<h6><em><strong><a href=\"https:\/\/informelitoral.com.ar\/vacunacion-antigripal-en-entre-rios-comienza-este-lunes-para-mayores-de-65-anos\/\" target=\"_blank\" rel=\"noopener\">Vacunaci\u00f3n antigripal en Entre R\u00edos: comienza este lunes para mayores de 65 a\u00f1os<\/a><\/strong><\/em><\/h6>\n","protected":false},"excerpt":{"rendered":"<p>Walter Gross choc\u00f3 y mat\u00f3 a Juan Smith, de 25, y dej\u00f3 seriamente lesionado a Alejandro Bosoms, de 19. En audiencia de juicio abreviado, el hombre de 53 a\u00f1os acord\u00f3 una pena condicional de tres a\u00f1os. Al momento del choque, ten\u00eda exceso de alcohol en sangre e iba a alta velocidad.  <\/p>\n","protected":false},"author":2,"featured_media":216804,"comment_status":"open","ping_status":"open","sticky":false,"template":"","format":"standard","meta":{"fifu_image_url":"","fifu_image_alt":"","footnotes":""},"categories":[14],"tags":[2978,147,305],"class_list":{"0":"post-216803","1":"post","2":"type-post","3":"status-publish","4":"format-standard","5":"has-post-thumbnail","7":"category-policiales","8":"tag-accidente-de-transito","9":"tag-justicia","10":"tag-ruta-12"},"yoast_head":"<title>Mat\u00f3 a un joven en la ruta 12 pero no ir\u00e1 preso porque pag\u00f3 a la familia - Informe Litoral<\/title>\n<meta name=\"robots\" content=\"index, follow, max-snippet:-1, max-image-preview:large, max-video-preview:-1\" \/>\n<link rel=\"canonical\" href=\"https:\/\/informelitoral.com.ar\/mato-a-un-joven-en-la-ruta-12-pero-no-ira-preso-porque-pago-a-la-familia\/\" \/>\n<meta property=\"og:locale\" content=\"es_ES\" \/>\n<meta property=\"og:type\" content=\"article\" \/>\n<meta property=\"og:title\" content=\"Mat\u00f3 a un joven en la ruta 12 pero no ir\u00e1 preso porque pag\u00f3 a la familia - Informe Litoral\" \/>\n<meta property=\"og:description\" content=\"Walter Gross choc\u00f3 y mat\u00f3 a Juan Smith, de 25, y dej\u00f3 seriamente lesionado a Alejandro Bosoms, de 19. En audiencia de juicio abreviado, el hombre de 53 a\u00f1os acord\u00f3 una pena condicional de tres a\u00f1os. Al momento del choque, ten\u00eda exceso de alcohol en sangre e iba a alta velocidad.\" \/>\n<meta property=\"og:url\" content=\"https:\/\/informelitoral.com.ar\/mato-a-un-joven-en-la-ruta-12-pero-no-ira-preso-porque-pago-a-la-familia\/\" \/>\n<meta property=\"og:site_name\" content=\"Informe Litoral\" \/>\n<meta property=\"article:publisher\" content=\"https:\/\/www.facebook.com\/informelitoral\/\" \/>\n<meta property=\"article:published_time\" content=\"2025-03-31T21:58:15+00:00\" \/>\n<meta property=\"article:modified_time\" content=\"2025-03-31T22:01:02+00:00\" \/>\n<meta property=\"og:image\" content=\"https:\/\/informelitoral.com.ar\/%77%70%2d%63%6f%6e%74%65%6e%74\/uploads\/2025\/03\/walter-gross-accidente-ruta-12.png\" \/>\n\t<meta property=\"og:image:width\" content=\"1080\" \/>\n\t<meta property=\"og:image:height\" content=\"1080\" \/>\n\t<meta property=\"og:image:type\" content=\"image\/png\" \/>\n<meta name=\"author\" content=\"Gonzalo Schmidt\" \/>\n<meta name=\"twitter:card\" content=\"summary_large_image\" \/>\n<meta name=\"twitter:creator\" content=\"@InformeLitoral\" \/>\n<meta name=\"twitter:site\" content=\"@InformeLitoral\" \/>\n<meta name=\"twitter:label1\" content=\"Escrito por\" \/>\n\t<meta name=\"twitter:data1\" content=\"Gonzalo Schmidt\" \/>\n\t<meta name=\"twitter:label2\" content=\"Tiempo de lectura\" \/>\n\t<meta name=\"twitter:data2\" content=\"3 minutos\" \/>\n<script type=\"application\/ld+json\" class=\"yoast-schema-graph\">{\"@context\":\"https:\\\/\\\/schema.org\",\"@graph\":[{\"@type\":\"Article\",\"@id\":\"https:\\\/\\\/informelitoral.com.ar\\\/mato-a-un-joven-en-la-ruta-12-pero-no-ira-preso-porque-pago-a-la-familia\\\/#article\",\"isPartOf\":{\"@id\":\"https:\\\/\\\/informelitoral.com.ar\\\/mato-a-un-joven-en-la-ruta-12-pero-no-ira-preso-porque-pago-a-la-familia\\\/\"},\"author\":{\"name\":\"Gonzalo Schmidt\",\"@id\":\"https:\\\/\\\/informelitoral.com.ar\\\/#\\\/schema\\\/person\\\/b9d00407c836482871ef1d57bf8e3180\"},\"headline\":\"Mat\u00f3 a un joven en la ruta 12 pero no ir\u00e1 preso porque pag\u00f3 a la familia\",\"datePublished\":\"2025-03-31T21:58:15+00:00\",\"dateModified\":\"2025-03-31T22:01:02+00:00\",\"mainEntityOfPage\":{\"@id\":\"https:\\\/\\\/informelitoral.com.ar\\\/mato-a-un-joven-en-la-ruta-12-pero-no-ira-preso-porque-pago-a-la-familia\\\/\"},\"wordCount\":680,\"commentCount\":0,\"publisher\":{\"@id\":\"https:\\\/\\\/informelitoral.com.ar\\\/#organization\"},\"image\":{\"@id\":\"https:\\\/\\\/informelitoral.com.ar\\\/mato-a-un-joven-en-la-ruta-12-pero-no-ira-preso-porque-pago-a-la-familia\\\/#primaryimage\"},\"thumbnailUrl\":\"https:\\\/\\\/informelitoral.com.ar\\\/%77%70%2d%63%6f%6e%74%65%6e%74\\\/uploads\\\/2025\\\/03\\\/walter-gross-accidente-ruta-12.png\",\"keywords\":[\"Accidente de tr\u00e1nsito\",\"Justicia\",\"Ruta 12\"],\"articleSection\":[\"Policiales\"],\"inLanguage\":\"es\",\"potentialAction\":[{\"@type\":\"CommentAction\",\"name\":\"Comment\",\"target\":[\"https:\\\/\\\/informelitoral.com.ar\\\/mato-a-un-joven-en-la-ruta-12-pero-no-ira-preso-porque-pago-a-la-familia\\\/#respond\"]}]},{\"@type\":\"WebPage\",\"@id\":\"https:\\\/\\\/informelitoral.com.ar\\\/mato-a-un-joven-en-la-ruta-12-pero-no-ira-preso-porque-pago-a-la-familia\\\/\",\"url\":\"https:\\\/\\\/informelitoral.com.ar\\\/mato-a-un-joven-en-la-ruta-12-pero-no-ira-preso-porque-pago-a-la-familia\\\/\",\"name\":\"Mat\u00f3 a un joven en la ruta 12 pero no ir\u00e1 preso porque pag\u00f3 a la familia - Informe Litoral\",\"isPartOf\":{\"@id\":\"https:\\\/\\\/informelitoral.com.ar\\\/#website\"},\"primaryImageOfPage\":{\"@id\":\"https:\\\/\\\/informelitoral.com.ar\\\/mato-a-un-joven-en-la-ruta-12-pero-no-ira-preso-porque-pago-a-la-familia\\\/#primaryimage\"},\"image\":{\"@id\":\"https:\\\/\\\/informelitoral.com.ar\\\/mato-a-un-joven-en-la-ruta-12-pero-no-ira-preso-porque-pago-a-la-familia\\\/#primaryimage\"},\"thumbnailUrl\":\"https:\\\/\\\/informelitoral.com.ar\\\/%77%70%2d%63%6f%6e%74%65%6e%74\\\/uploads\\\/2025\\\/03\\\/walter-gross-accidente-ruta-12.png\",\"datePublished\":\"2025-03-31T21:58:15+00:00\",\"dateModified\":\"2025-03-31T22:01:02+00:00\",\"breadcrumb\":{\"@id\":\"https:\\\/\\\/informelitoral.com.ar\\\/mato-a-un-joven-en-la-ruta-12-pero-no-ira-preso-porque-pago-a-la-familia\\\/#breadcrumb\"},\"inLanguage\":\"es\",\"potentialAction\":[{\"@type\":\"ReadAction\",\"target\":[\"https:\\\/\\\/informelitoral.com.ar\\\/mato-a-un-joven-en-la-ruta-12-pero-no-ira-preso-porque-pago-a-la-familia\\\/\"]}]},{\"@type\":\"ImageObject\",\"inLanguage\":\"es\",\"@id\":\"https:\\\/\\\/informelitoral.com.ar\\\/mato-a-un-joven-en-la-ruta-12-pero-no-ira-preso-porque-pago-a-la-familia\\\/#primaryimage\",\"url\":\"https:\\\/\\\/informelitoral.com.ar\\\/%77%70%2d%63%6f%6e%74%65%6e%74\\\/uploads\\\/2025\\\/03\\\/walter-gross-accidente-ruta-12.png\",\"contentUrl\":\"https:\\\/\\\/informelitoral.com.ar\\\/%77%70%2d%63%6f%6e%74%65%6e%74\\\/uploads\\\/2025\\\/03\\\/walter-gross-accidente-ruta-12.png\",\"width\":1080,\"height\":1080},{\"@type\":\"BreadcrumbList\",\"@id\":\"https:\\\/\\\/informelitoral.com.ar\\\/mato-a-un-joven-en-la-ruta-12-pero-no-ira-preso-porque-pago-a-la-familia\\\/#breadcrumb\",\"itemListElement\":[{\"@type\":\"ListItem\",\"position\":1,\"name\":\"Portada\",\"item\":\"https:\\\/\\\/informelitoral.com.ar\\\/\"},{\"@type\":\"ListItem\",\"position\":2,\"name\":\"Mat\u00f3 a un joven en la ruta 12 pero no ir\u00e1 preso porque pag\u00f3 a la familia\"}]},{\"@type\":\"WebSite\",\"@id\":\"https:\\\/\\\/informelitoral.com.ar\\\/#website\",\"url\":\"https:\\\/\\\/informelitoral.com.ar\\\/\",\"name\":\"Informe Litoral\",\"description\":\"&quot;Nos informamos&quot; \",\"publisher\":{\"@id\":\"https:\\\/\\\/informelitoral.com.ar\\\/#organization\"},\"potentialAction\":[{\"@type\":\"SearchAction\",\"target\":{\"@type\":\"EntryPoint\",\"urlTemplate\":\"https:\\\/\\\/informelitoral.com.ar\\\/?s={search_term_string}\"},\"query-input\":{\"@type\":\"PropertyValueSpecification\",\"valueRequired\":true,\"valueName\":\"search_term_string\"}}],\"inLanguage\":\"es\"},{\"@type\":\"Organization\",\"@id\":\"https:\\\/\\\/informelitoral.com.ar\\\/#organization\",\"name\":\"Informe Litoral\",\"url\":\"https:\\\/\\\/informelitoral.com.ar\\\/\",\"logo\":{\"@type\":\"ImageObject\",\"inLanguage\":\"es\",\"@id\":\"https:\\\/\\\/informelitoral.com.ar\\\/#\\\/schema\\\/logo\\\/image\\\/\",\"url\":\"https:\\\/\\\/informelitoral.com.ar\\\/%77%70%2d%63%6f%6e%74%65%6e%74\\\/uploads\\\/2021\\\/01\\\/circulo.png\",\"contentUrl\":\"https:\\\/\\\/informelitoral.com.ar\\\/%77%70%2d%63%6f%6e%74%65%6e%74\\\/uploads\\\/2021\\\/01\\\/circulo.png\",\"width\":723,\"height\":731,\"caption\":\"Informe Litoral\"},\"image\":{\"@id\":\"https:\\\/\\\/informelitoral.com.ar\\\/#\\\/schema\\\/logo\\\/image\\\/\"},\"sameAs\":[\"https:\\\/\\\/www.facebook.com\\\/informelitoral\\\/\",\"https:\\\/\\\/x.com\\\/InformeLitoral\",\"https:\\\/\\\/www.instagram.com\\\/informelitoral\\\/\",\"https:\\\/\\\/www.youtube.com\\\/channel\\\/UCua4Qvz8Icb6MYqhoq9xLXw\"]},{\"@type\":\"Person\",\"@id\":\"https:\\\/\\\/informelitoral.com.ar\\\/#\\\/schema\\\/person\\\/b9d00407c836482871ef1d57bf8e3180\",\"name\":\"Gonzalo Schmidt\",\"image\":{\"@type\":\"ImageObject\",\"inLanguage\":\"es\",\"@id\":\"https:\\\/\\\/secure.gravatar.com\\\/avatar\\\/31a1a7b66ff2de83bd0e9fd79d026630d2d99e55e8bfe501287647b4fd9743de?s=96&d=mm&r=g\",\"url\":\"https:\\\/\\\/secure.gravatar.com\\\/avatar\\\/31a1a7b66ff2de83bd0e9fd79d026630d2d99e55e8bfe501287647b4fd9743de?s=96&d=mm&r=g\",\"contentUrl\":\"https:\\\/\\\/secure.gravatar.com\\\/avatar\\\/31a1a7b66ff2de83bd0e9fd79d026630d2d99e55e8bfe501287647b4fd9743de?s=96&d=mm&r=g\",\"caption\":\"Gonzalo Schmidt\"},\"description\":\"Sitio web de noticias de la provincia de Entre R\u00edos, Argentina. Informaci\u00f3n y entretenimiento. Informe Litoral, nos informamos.\",\"sameAs\":[\"http:\\\/\\\/www.isletasnoticias.com.ar\"],\"url\":\"https:\\\/\\\/informelitoral.com.ar\\\/author\\\/gonzalo\\\/\"}]}<\/script>","yoast_head_json":{"title":"Mat\u00f3 a un joven en la ruta 12 pero no ir\u00e1 preso porque pag\u00f3 a la familia - Informe Litoral","robots":{"index":"index","follow":"follow","max-snippet":"max-snippet:-1","max-image-preview":"max-image-preview:large","max-video-preview":"max-video-preview:-1"},"canonical":"https:\/\/informelitoral.com.ar\/mato-a-un-joven-en-la-ruta-12-pero-no-ira-preso-porque-pago-a-la-familia\/","og_locale":"es_ES","og_type":"article","og_title":"Mat\u00f3 a un joven en la ruta 12 pero no ir\u00e1 preso porque pag\u00f3 a la familia - Informe Litoral","og_description":"Walter Gross choc\u00f3 y mat\u00f3 a Juan Smith, de 25, y dej\u00f3 seriamente lesionado a Alejandro Bosoms, de 19. En audiencia de juicio abreviado, el hombre de 53 a\u00f1os acord\u00f3 una pena condicional de tres a\u00f1os. Al momento del choque, ten\u00eda exceso de alcohol en sangre e iba a alta velocidad.","og_url":"https:\/\/informelitoral.com.ar\/mato-a-un-joven-en-la-ruta-12-pero-no-ira-preso-porque-pago-a-la-familia\/","og_site_name":"Informe Litoral","article_publisher":"https:\/\/www.facebook.com\/informelitoral\/","article_published_time":"2025-03-31T21:58:15+00:00","article_modified_time":"2025-03-31T22:01:02+00:00","og_image":[{"width":1080,"height":1080,"url":"https:\/\/informelitoral.com.ar\/%77%70%2d%63%6f%6e%74%65%6e%74\/uploads\/2025\/03\/walter-gross-accidente-ruta-12.png","type":"image\/png"}],"author":"Gonzalo Schmidt","twitter_card":"summary_large_image","twitter_creator":"@InformeLitoral","twitter_site":"@InformeLitoral","twitter_misc":{"Escrito por":"Gonzalo Schmidt","Tiempo de lectura":"3 minutos"},"schema":{"@context":"https:\/\/schema.org","@graph":[{"@type":"Article","@id":"https:\/\/informelitoral.com.ar\/mato-a-un-joven-en-la-ruta-12-pero-no-ira-preso-porque-pago-a-la-familia\/#article","isPartOf":{"@id":"https:\/\/informelitoral.com.ar\/mato-a-un-joven-en-la-ruta-12-pero-no-ira-preso-porque-pago-a-la-familia\/"},"author":{"name":"Gonzalo Schmidt","@id":"https:\/\/informelitoral.com.ar\/#\/schema\/person\/b9d00407c836482871ef1d57bf8e3180"},"headline":"Mat\u00f3 a un joven en la ruta 12 pero no ir\u00e1 preso porque pag\u00f3 a la familia","datePublished":"2025-03-31T21:58:15+00:00","dateModified":"2025-03-31T22:01:02+00:00","mainEntityOfPage":{"@id":"https:\/\/informelitoral.com.ar\/mato-a-un-joven-en-la-ruta-12-pero-no-ira-preso-porque-pago-a-la-familia\/"},"wordCount":680,"commentCount":0,"publisher":{"@id":"https:\/\/informelitoral.com.ar\/#organization"},"image":{"@id":"https:\/\/informelitoral.com.ar\/mato-a-un-joven-en-la-ruta-12-pero-no-ira-preso-porque-pago-a-la-familia\/#primaryimage"},"thumbnailUrl":"https:\/\/informelitoral.com.ar\/%77%70%2d%63%6f%6e%74%65%6e%74\/uploads\/2025\/03\/walter-gross-accidente-ruta-12.png","keywords":["Accidente de tr\u00e1nsito","Justicia","Ruta 12"],"articleSection":["Policiales"],"inLanguage":"es","potentialAction":[{"@type":"CommentAction","name":"Comment","target":["https:\/\/informelitoral.com.ar\/mato-a-un-joven-en-la-ruta-12-pero-no-ira-preso-porque-pago-a-la-familia\/#respond"]}]},{"@type":"WebPage","@id":"https:\/\/informelitoral.com.ar\/mato-a-un-joven-en-la-ruta-12-pero-no-ira-preso-porque-pago-a-la-familia\/","url":"https:\/\/informelitoral.com.ar\/mato-a-un-joven-en-la-ruta-12-pero-no-ira-preso-porque-pago-a-la-familia\/","name":"Mat\u00f3 a un joven en la ruta 12 pero no ir\u00e1 preso porque pag\u00f3 a la familia - Informe Litoral","isPartOf":{"@id":"https:\/\/informelitoral.com.ar\/#website"},"primaryImageOfPage":{"@id":"https:\/\/informelitoral.com.ar\/mato-a-un-joven-en-la-ruta-12-pero-no-ira-preso-porque-pago-a-la-familia\/#primaryimage"},"image":{"@id":"https:\/\/informelitoral.com.ar\/mato-a-un-joven-en-la-ruta-12-pero-no-ira-preso-porque-pago-a-la-familia\/#primaryimage"},"thumbnailUrl":"https:\/\/informelitoral.com.ar\/%77%70%2d%63%6f%6e%74%65%6e%74\/uploads\/2025\/03\/walter-gross-accidente-ruta-12.png","datePublished":"2025-03-31T21:58:15+00:00","dateModified":"2025-03-31T22:01:02+00:00","breadcrumb":{"@id":"https:\/\/informelitoral.com.ar\/mato-a-un-joven-en-la-ruta-12-pero-no-ira-preso-porque-pago-a-la-familia\/#breadcrumb"},"inLanguage":"es","potentialAction":[{"@type":"ReadAction","target":["https:\/\/informelitoral.com.ar\/mato-a-un-joven-en-la-ruta-12-pero-no-ira-preso-porque-pago-a-la-familia\/"]}]},{"@type":"ImageObject","inLanguage":"es","@id":"https:\/\/informelitoral.com.ar\/mato-a-un-joven-en-la-ruta-12-pero-no-ira-preso-porque-pago-a-la-familia\/#primaryimage","url":"https:\/\/informelitoral.com.ar\/%77%70%2d%63%6f%6e%74%65%6e%74\/uploads\/2025\/03\/walter-gross-accidente-ruta-12.png","contentUrl":"https:\/\/informelitoral.com.ar\/%77%70%2d%63%6f%6e%74%65%6e%74\/uploads\/2025\/03\/walter-gross-accidente-ruta-12.png","width":1080,"height":1080},{"@type":"BreadcrumbList","@id":"https:\/\/informelitoral.com.ar\/mato-a-un-joven-en-la-ruta-12-pero-no-ira-preso-porque-pago-a-la-familia\/#breadcrumb","itemListElement":[{"@type":"ListItem","position":1,"name":"Portada","item":"https:\/\/informelitoral.com.ar\/"},{"@type":"ListItem","position":2,"name":"Mat\u00f3 a un joven en la ruta 12 pero no ir\u00e1 preso porque pag\u00f3 a la familia"}]},{"@type":"WebSite","@id":"https:\/\/informelitoral.com.ar\/#website","url":"https:\/\/informelitoral.com.ar\/","name":"Informe Litoral","description":"&quot;Nos informamos&quot; ","publisher":{"@id":"https:\/\/informelitoral.com.ar\/#organization"},"potentialAction":[{"@type":"SearchAction","target":{"@type":"EntryPoint","urlTemplate":"https:\/\/informelitoral.com.ar\/?s={search_term_string}"},"query-input":{"@type":"PropertyValueSpecification","valueRequired":true,"valueName":"search_term_string"}}],"inLanguage":"es"},{"@type":"Organization","@id":"https:\/\/informelitoral.com.ar\/#organization","name":"Informe Litoral","url":"https:\/\/informelitoral.com.ar\/","logo":{"@type":"ImageObject","inLanguage":"es","@id":"https:\/\/informelitoral.com.ar\/#\/schema\/logo\/image\/","url":"https:\/\/informelitoral.com.ar\/%77%70%2d%63%6f%6e%74%65%6e%74\/uploads\/2021\/01\/circulo.png","contentUrl":"https:\/\/informelitoral.com.ar\/%77%70%2d%63%6f%6e%74%65%6e%74\/uploads\/2021\/01\/circulo.png","width":723,"height":731,"caption":"Informe Litoral"},"image":{"@id":"https:\/\/informelitoral.com.ar\/#\/schema\/logo\/image\/"},"sameAs":["https:\/\/www.facebook.com\/informelitoral\/","https:\/\/x.com\/InformeLitoral","https:\/\/www.instagram.com\/informelitoral\/","https:\/\/www.youtube.com\/channel\/UCua4Qvz8Icb6MYqhoq9xLXw"]},{"@type":"Person","@id":"https:\/\/informelitoral.com.ar\/#\/schema\/person\/b9d00407c836482871ef1d57bf8e3180","name":"Gonzalo Schmidt","image":{"@type":"ImageObject","inLanguage":"es","@id":"https:\/\/secure.gravatar.com\/avatar\/31a1a7b66ff2de83bd0e9fd79d026630d2d99e55e8bfe501287647b4fd9743de?s=96&d=mm&r=g","url":"https:\/\/secure.gravatar.com\/avatar\/31a1a7b66ff2de83bd0e9fd79d026630d2d99e55e8bfe501287647b4fd9743de?s=96&d=mm&r=g","contentUrl":"https:\/\/secure.gravatar.com\/avatar\/31a1a7b66ff2de83bd0e9fd79d026630d2d99e55e8bfe501287647b4fd9743de?s=96&d=mm&r=g","caption":"Gonzalo Schmidt"},"description":"Sitio web de noticias de la provincia de Entre R\u00edos, Argentina. Informaci\u00f3n y entretenimiento. Informe Litoral, nos informamos.","sameAs":["http:\/\/www.isletasnoticias.com.ar"],"url":"https:\/\/informelitoral.com.ar\/author\/gonzalo\/"}]}},"_links":{"self":[{"href":"https:\/\/informelitoral.com.ar\/%77%70%2d%6a%73%6f%6e\/wp\/v2\/posts\/216803","targetHints":{"allow":["GET"]}}],"collection":[{"href":"https:\/\/informelitoral.com.ar\/%77%70%2d%6a%73%6f%6e\/wp\/v2\/posts"}],"about":[{"href":"https:\/\/informelitoral.com.ar\/%77%70%2d%6a%73%6f%6e\/wp\/v2\/types\/post"}],"author":[{"embeddable":true,"href":"https:\/\/informelitoral.com.ar\/%77%70%2d%6a%73%6f%6e\/wp\/v2\/users\/2"}],"replies":[{"embeddable":true,"href":"https:\/\/informelitoral.com.ar\/%77%70%2d%6a%73%6f%6e\/wp\/v2\/comments?post=216803"}],"version-history":[{"count":0,"href":"https:\/\/informelitoral.com.ar\/%77%70%2d%6a%73%6f%6e\/wp\/v2\/posts\/216803\/revisions"}],"wp:featuredmedia":[{"embeddable":true,"href":"https:\/\/informelitoral.com.ar\/%77%70%2d%6a%73%6f%6e\/wp\/v2\/media\/216804"}],"wp:attachment":[{"href":"https:\/\/informelitoral.com.ar\/%77%70%2d%6a%73%6f%6e\/wp\/v2\/media?parent=216803"}],"wp:term":[{"taxonomy":"category","embeddable":true,"href":"https:\/\/informelitoral.com.ar\/%77%70%2d%6a%73%6f%6e\/wp\/v2\/categories?post=216803"},{"taxonomy":"post_tag","embeddable":true,"href":"https:\/\/informelitoral.com.ar\/%77%70%2d%6a%73%6f%6e\/wp\/v2\/tags?post=216803"}],"curies":[{"name":"wp","href":"https:\/\/api.w.org\/{rel}","templated":true}]}}