{"id":216775,"date":"2025-03-31T12:25:58","date_gmt":"2025-03-31T15:25:58","guid":{"rendered":"https:\/\/informelitoral.com.ar\/?p=216775"},"modified":"2025-03-31T14:55:28","modified_gmt":"2025-03-31T17:55:28","slug":"el-gobierno-oficializo-la-reduccion-de-aranceles-a-la-importacion-de-ropa-y-calzado","status":"publish","type":"post","link":"https:\/\/informelitoral.com.ar\/el-gobierno-oficializo-la-reduccion-de-aranceles-a-la-importacion-de-ropa-y-calzado\/","title":{"rendered":"El Gobierno oficializ\u00f3 la reducci\u00f3n de aranceles a la importaci\u00f3n de ropa y calzado"},"content":{"rendered":"<p class=\"paragraph font__body-regular\">El Gobierno inform\u00f3 que\u00a0<b>bajar\u00e1 los aranceles a la importaci\u00f3n de ropa, calzado\u00a0<\/b><b>y telas<\/b>\u00a0con el fin de<b>\u00a0\u201cfomentar la competencia en el sector\u201d<\/b>\u00a0para alentar a la reducci\u00f3n de los \u201celevados precios locales\u201d y continuar con<b> la baja de la inflaci\u00f3n.<\/b><\/p>\n<p class=\"paragraph font__body-regular\">La medida fue informada este lunes a trav\u00e9s del decreto 236\/2025 publicado en el Bolet\u00edn Oficial. En el mismo se se\u00f1ala que esta disminuci\u00f3n de impuestos llega despu\u00e9s de 18 a\u00f1os de haber sido fijados por el Mercosur.<\/p>\n<p class=\"paragraph font__body-regular\">De esta manera, se reducen los aranceles de<b>\u00a0ropa y calzado<\/b>, que\u00a0<b>pasar\u00e1n del 35% al 20%;\u00a0<\/b>de\u00a0<b>telas\u00a0<\/b>de\u00a0<b>26% a 18%;<\/b>\u00a0y los distintos tipos de\u00a0<b>hilados\u00a0<\/b>de\u00a0<b>18% a 12%, 14% y 16%,\u00a0<\/b>volviendo a los tributos previos a 2007.<\/p>\n<p class=\"paragraph font__body-regular\">Seg\u00fan informaron desde el Gobierno, en una comparativa con nueve pa\u00edses con PBI per c\u00e1pita medio-alto (Inglaterra, Espa\u00f1a, M\u00e9xico, Uruguay, Estados Unidos, Francia, Brasil y Chile),\u00a0<b>Argentina es el pa\u00eds con la indumentaria m\u00e1s cara en la regi\u00f3n.<\/b><\/p>\n<figure class=\"\" data-testid=\"figure-testid\">\n<div class=\"aspect_ratio__container\"><picture class=\"responsive-image\"><source srcset=\"https:\/\/tn.com.ar\/resizer\/v2\/fuente-organizacion-mundial-del-comercio-omc-centro-de-comercio-internacional-itc-y-conferencia-de-las-nacionesunidas-sobre-comercio-y-desarrollo-unctad-publicacion-conjunta-de-perfiles-arancelarios-en-el-mundo-2024-PH76RQDEIFDURN4L5QQTEDQ3RE.PNG?auth=7de8ec4d9a15c4d48bef2128cc96d3c67752b3a31acfbd73cdeb2c7dcad4e3e6&amp;width=767\" type=\"image\/jpg\" media=\"(max-width: 728px)\" \/><source srcset=\"https:\/\/tn.com.ar\/resizer\/v2\/fuente-organizacion-mundial-del-comercio-omc-centro-de-comercio-internacional-itc-y-conferencia-de-las-nacionesunidas-sobre-comercio-y-desarrollo-unctad-publicacion-conjunta-de-perfiles-arancelarios-en-el-mundo-2024-PH76RQDEIFDURN4L5QQTEDQ3RE.PNG?auth=7de8ec4d9a15c4d48bef2128cc96d3c67752b3a31acfbd73cdeb2c7dcad4e3e6&amp;width=1023\" type=\"image\/jpg\" media=\"(max-width: 1023px)\" \/><source srcset=\"https:\/\/tn.com.ar\/resizer\/v2\/fuente-organizacion-mundial-del-comercio-omc-centro-de-comercio-internacional-itc-y-conferencia-de-las-nacionesunidas-sobre-comercio-y-desarrollo-unctad-publicacion-conjunta-de-perfiles-arancelarios-en-el-mundo-2024-PH76RQDEIFDURN4L5QQTEDQ3RE.PNG?auth=7de8ec4d9a15c4d48bef2128cc96d3c67752b3a31acfbd73cdeb2c7dcad4e3e6&amp;width=1440\" type=\"image\/jpg\" \/><img loading=\"lazy\" decoding=\"async\" class=\"image content-image image_placeholder\" src=\"https:\/\/tn.com.ar\/resizer\/v2\/fuente-organizacion-mundial-del-comercio-omc-centro-de-comercio-internacional-itc-y-conferencia-de-las-nacionesunidas-sobre-comercio-y-desarrollo-unctad-publicacion-conjunta-de-perfiles-arancelarios-en-el-mundo-2024-PH76RQDEIFDURN4L5QQTEDQ3RE.PNG?auth=7de8ec4d9a15c4d48bef2128cc96d3c67752b3a31acfbd73cdeb2c7dcad4e3e6&amp;width=767\" alt=\"Fuente: Organizaci\u00f3n Mundial del Comercio (OMC), Centro de Comercio Internacional (ITC) y Conferencia de las Naciones Unidas sobre Comercio y Desarrollo (UNCTAD). - Publicaci\u00f3n conjunta de Perfiles arancelarios en el mundo (2024).\" width=\"767\" height=\"497\" data-testid=\"loading-testid\" \/><\/picture><\/div>\n<\/figure>\n<p class=\"paragraph font__body-regular\">Asimismo, se\u00f1alaron que un relevamiento sobre productos de marcas internacionales revel\u00f3 que<b>\u00a0una remera cuesta en Argentina 310% m\u00e1s que en Espa\u00f1a:<\/b>\u00a0sale 41 d\u00f3lares en el pa\u00eds, mientras que en Espa\u00f1a cuesta 10 d\u00f3lares.<\/p>\n<p class=\"paragraph font__body-regular\">Tambi\u00e9n manifestaron que tiene un valor del<b>\u00a095% mayor que en Brasil:<\/b>\u00a0la misma remera se consigue a 21 d\u00f3lares. Otro ejemplo se vislumbra con una campera que en Argentina cuesta un 174% m\u00e1s que en Espa\u00f1a: 118 d\u00f3lares contra 43. Inclusive, vale 90% m\u00e1s que en Brasil.<\/p>\n<p class=\"paragraph font__body-regular\">\u201cEste decreto rectifica una suba de aranceles del Mercosur del a\u00f1o 2007, en la que se estableci\u00f3 un arancel m\u00e1s elevado, sujeto a los resultados de estudios posteriores que nunca se realizaron. Por eso, la medida sigue vigente desde hace 18 a\u00f1os, generando un impacto directo en el precio de la ropa\u201d, precisaron en el comunicado.<\/p>\n<figure class=\"\" data-testid=\"figure-testid\">\n<div class=\"aspect_ratio__container\"><picture class=\"responsive-image\"><source srcset=\"https:\/\/tn.com.ar\/resizer\/v2\/el-gobierno-informo-la-baja-de-aranceles-a-la-importacion-de-ropa-y-calzado-foto-adobe-stock-LISE7HFRG5GB5HOTEHU5OE7OCA.jpg?auth=4bb94f158f1d7f9c491c636aec877a92426d43cea330c170d54ab10a468841e7&amp;width=767\" type=\"image\/jpg\" media=\"(max-width: 728px)\" \/><source srcset=\"https:\/\/tn.com.ar\/resizer\/v2\/el-gobierno-informo-la-baja-de-aranceles-a-la-importacion-de-ropa-y-calzado-foto-adobe-stock-LISE7HFRG5GB5HOTEHU5OE7OCA.jpg?auth=4bb94f158f1d7f9c491c636aec877a92426d43cea330c170d54ab10a468841e7&amp;width=1023\" type=\"image\/jpg\" media=\"(max-width: 1023px)\" \/><source srcset=\"https:\/\/tn.com.ar\/resizer\/v2\/el-gobierno-informo-la-baja-de-aranceles-a-la-importacion-de-ropa-y-calzado-foto-adobe-stock-LISE7HFRG5GB5HOTEHU5OE7OCA.jpg?auth=4bb94f158f1d7f9c491c636aec877a92426d43cea330c170d54ab10a468841e7&amp;width=1440\" type=\"image\/jpg\" \/><img loading=\"lazy\" decoding=\"async\" class=\"image content-image image_placeholder\" src=\"https:\/\/tn.com.ar\/resizer\/v2\/el-gobierno-informo-la-baja-de-aranceles-a-la-importacion-de-ropa-y-calzado-foto-adobe-stock-LISE7HFRG5GB5HOTEHU5OE7OCA.jpg?auth=4bb94f158f1d7f9c491c636aec877a92426d43cea330c170d54ab10a468841e7&amp;width=767\" alt=\"El Gobierno inform\u00f3 la baja de aranceles a la importaci\u00f3n de ropa y calzado. (Foto: Adobe Stock)\" width=\"767\" height=\"430\" data-testid=\"loading-testid\" \/><\/picture><\/div><figcaption class=\"caption_image\" data-testid=\"figcaption-testid\">\n<div class=\"image_caption \"><\/div>\n<\/figcaption><\/figure>\n<p class=\"paragraph font__body-regular\">Asimismo, desde el Ejecutivo indicaron que esta decisi\u00f3n se suma a los esfuerzos de la Secretar\u00eda de Industria y Comercio del Ministerio de Econom\u00eda durante 2024 para\u00a0<b>\u201calentar la competencia y la baja de precios textiles en Argentina y la baja de la inflaci\u00f3n\u201d.<\/b><\/p>\n<p class=\"paragraph font__body-regular\">Inclusive, informaron que\u00a0<b>se elimin\u00f3 el control aduanero del etiquetado de los productos textiles y de calzado<\/b>\u00a0que ingresan al pa\u00eds, el estampillado de la mercader\u00eda, la obligatoriedad de pasar por el canal rojo normativo, la Declaraci\u00f3n Jurada de Composici\u00f3n de Producto (DJCP) y las licencias de importaci\u00f3n.<\/p>\n","protected":false},"excerpt":{"rendered":"<p>Desde el Ejecutivo aseguraron que la medida apunta a \u201cfomentar la competencia en el sector\u201d y reducir los precios en el mercado interno.<\/p>\n","protected":false},"author":8,"featured_media":199957,"comment_status":"open","ping_status":"open","sticky":false,"template":"","format":"standard","meta":{"fifu_image_url":"","fifu_image_alt":"","footnotes":""},"categories":[1594],"tags":[4767,361,5664],"class_list":{"0":"post-216775","1":"post","2":"type-post","3":"status-publish","4":"format-standard","5":"has-post-thumbnail","7":"category-economia","8":"tag-aranceles","9":"tag-importacion","10":"tag-ropa"},"yoast_head":"<title>El Gobierno oficializ\u00f3 la reducci\u00f3n de aranceles a la importaci\u00f3n de ropa y calzado - Informe Litoral<\/title>\n<meta name=\"robots\" content=\"index, follow, max-snippet:-1, max-image-preview:large, max-video-preview:-1\" \/>\n<link rel=\"canonical\" href=\"https:\/\/informelitoral.com.ar\/el-gobierno-oficializo-la-reduccion-de-aranceles-a-la-importacion-de-ropa-y-calzado\/\" \/>\n<meta property=\"og:locale\" content=\"es_ES\" \/>\n<meta property=\"og:type\" content=\"article\" \/>\n<meta property=\"og:title\" content=\"El Gobierno oficializ\u00f3 la reducci\u00f3n de aranceles a la importaci\u00f3n de ropa y calzado - Informe Litoral\" \/>\n<meta property=\"og:description\" content=\"Desde el Ejecutivo aseguraron que la medida apunta a \u201cfomentar la competencia en el sector\u201d y reducir los precios en el mercado interno.\" \/>\n<meta property=\"og:url\" content=\"https:\/\/informelitoral.com.ar\/el-gobierno-oficializo-la-reduccion-de-aranceles-a-la-importacion-de-ropa-y-calzado\/\" \/>\n<meta property=\"og:site_name\" content=\"Informe Litoral\" \/>\n<meta property=\"article:publisher\" content=\"https:\/\/www.facebook.com\/informelitoral\/\" \/>\n<meta property=\"article:published_time\" content=\"2025-03-31T15:25:58+00:00\" \/>\n<meta property=\"article:modified_time\" content=\"2025-03-31T17:55:28+00:00\" \/>\n<meta property=\"og:image\" content=\"https:\/\/informelitoral.com.ar\/%77%70%2d%63%6f%6e%74%65%6e%74\/uploads\/2024\/10\/como_organiza_una_tienda_de_ropa.jpg\" \/>\n\t<meta property=\"og:image:width\" content=\"700\" \/>\n\t<meta property=\"og:image:height\" content=\"400\" \/>\n\t<meta property=\"og:image:type\" content=\"image\/jpeg\" \/>\n<meta name=\"author\" content=\"Sebastian\" \/>\n<meta name=\"twitter:card\" content=\"summary_large_image\" \/>\n<meta name=\"twitter:creator\" content=\"@InformeLitoral\" \/>\n<meta name=\"twitter:site\" content=\"@InformeLitoral\" \/>\n<meta name=\"twitter:label1\" content=\"Escrito por\" \/>\n\t<meta name=\"twitter:data1\" content=\"Sebastian\" \/>\n\t<meta name=\"twitter:label2\" content=\"Tiempo de lectura\" \/>\n\t<meta name=\"twitter:data2\" content=\"2 minutos\" \/>\n<script type=\"application\/ld+json\" class=\"yoast-schema-graph\">{\"@context\":\"https:\\\/\\\/schema.org\",\"@graph\":[{\"@type\":\"Article\",\"@id\":\"https:\\\/\\\/informelitoral.com.ar\\\/el-gobierno-oficializo-la-reduccion-de-aranceles-a-la-importacion-de-ropa-y-calzado\\\/#article\",\"isPartOf\":{\"@id\":\"https:\\\/\\\/informelitoral.com.ar\\\/el-gobierno-oficializo-la-reduccion-de-aranceles-a-la-importacion-de-ropa-y-calzado\\\/\"},\"author\":{\"name\":\"Sebastian\",\"@id\":\"https:\\\/\\\/informelitoral.com.ar\\\/#\\\/schema\\\/person\\\/f05f9f461677119578717524b127d6d5\"},\"headline\":\"El Gobierno oficializ\u00f3 la reducci\u00f3n de aranceles a la importaci\u00f3n de ropa y calzado\",\"datePublished\":\"2025-03-31T15:25:58+00:00\",\"dateModified\":\"2025-03-31T17:55:28+00:00\",\"mainEntityOfPage\":{\"@id\":\"https:\\\/\\\/informelitoral.com.ar\\\/el-gobierno-oficializo-la-reduccion-de-aranceles-a-la-importacion-de-ropa-y-calzado\\\/\"},\"wordCount\":429,\"commentCount\":0,\"publisher\":{\"@id\":\"https:\\\/\\\/informelitoral.com.ar\\\/#organization\"},\"image\":{\"@id\":\"https:\\\/\\\/informelitoral.com.ar\\\/el-gobierno-oficializo-la-reduccion-de-aranceles-a-la-importacion-de-ropa-y-calzado\\\/#primaryimage\"},\"thumbnailUrl\":\"https:\\\/\\\/informelitoral.com.ar\\\/%77%70%2d%63%6f%6e%74%65%6e%74\\\/uploads\\\/2024\\\/10\\\/como_organiza_una_tienda_de_ropa.jpg\",\"keywords\":[\"Aranceles\",\"Importaci\u00f3n\",\"Ropa\"],\"articleSection\":[\"Econom\u00eda\"],\"inLanguage\":\"es\",\"potentialAction\":[{\"@type\":\"CommentAction\",\"name\":\"Comment\",\"target\":[\"https:\\\/\\\/informelitoral.com.ar\\\/el-gobierno-oficializo-la-reduccion-de-aranceles-a-la-importacion-de-ropa-y-calzado\\\/#respond\"]}]},{\"@type\":\"WebPage\",\"@id\":\"https:\\\/\\\/informelitoral.com.ar\\\/el-gobierno-oficializo-la-reduccion-de-aranceles-a-la-importacion-de-ropa-y-calzado\\\/\",\"url\":\"https:\\\/\\\/informelitoral.com.ar\\\/el-gobierno-oficializo-la-reduccion-de-aranceles-a-la-importacion-de-ropa-y-calzado\\\/\",\"name\":\"El Gobierno oficializ\u00f3 la reducci\u00f3n de aranceles a la importaci\u00f3n de ropa y calzado - Informe Litoral\",\"isPartOf\":{\"@id\":\"https:\\\/\\\/informelitoral.com.ar\\\/#website\"},\"primaryImageOfPage\":{\"@id\":\"https:\\\/\\\/informelitoral.com.ar\\\/el-gobierno-oficializo-la-reduccion-de-aranceles-a-la-importacion-de-ropa-y-calzado\\\/#primaryimage\"},\"image\":{\"@id\":\"https:\\\/\\\/informelitoral.com.ar\\\/el-gobierno-oficializo-la-reduccion-de-aranceles-a-la-importacion-de-ropa-y-calzado\\\/#primaryimage\"},\"thumbnailUrl\":\"https:\\\/\\\/informelitoral.com.ar\\\/%77%70%2d%63%6f%6e%74%65%6e%74\\\/uploads\\\/2024\\\/10\\\/como_organiza_una_tienda_de_ropa.jpg\",\"datePublished\":\"2025-03-31T15:25:58+00:00\",\"dateModified\":\"2025-03-31T17:55:28+00:00\",\"breadcrumb\":{\"@id\":\"https:\\\/\\\/informelitoral.com.ar\\\/el-gobierno-oficializo-la-reduccion-de-aranceles-a-la-importacion-de-ropa-y-calzado\\\/#breadcrumb\"},\"inLanguage\":\"es\",\"potentialAction\":[{\"@type\":\"ReadAction\",\"target\":[\"https:\\\/\\\/informelitoral.com.ar\\\/el-gobierno-oficializo-la-reduccion-de-aranceles-a-la-importacion-de-ropa-y-calzado\\\/\"]}]},{\"@type\":\"ImageObject\",\"inLanguage\":\"es\",\"@id\":\"https:\\\/\\\/informelitoral.com.ar\\\/el-gobierno-oficializo-la-reduccion-de-aranceles-a-la-importacion-de-ropa-y-calzado\\\/#primaryimage\",\"url\":\"https:\\\/\\\/informelitoral.com.ar\\\/%77%70%2d%63%6f%6e%74%65%6e%74\\\/uploads\\\/2024\\\/10\\\/como_organiza_una_tienda_de_ropa.jpg\",\"contentUrl\":\"https:\\\/\\\/informelitoral.com.ar\\\/%77%70%2d%63%6f%6e%74%65%6e%74\\\/uploads\\\/2024\\\/10\\\/como_organiza_una_tienda_de_ropa.jpg\",\"width\":700,\"height\":400},{\"@type\":\"BreadcrumbList\",\"@id\":\"https:\\\/\\\/informelitoral.com.ar\\\/el-gobierno-oficializo-la-reduccion-de-aranceles-a-la-importacion-de-ropa-y-calzado\\\/#breadcrumb\",\"itemListElement\":[{\"@type\":\"ListItem\",\"position\":1,\"name\":\"Portada\",\"item\":\"https:\\\/\\\/informelitoral.com.ar\\\/\"},{\"@type\":\"ListItem\",\"position\":2,\"name\":\"El Gobierno oficializ\u00f3 la reducci\u00f3n de aranceles a la importaci\u00f3n de ropa y calzado\"}]},{\"@type\":\"WebSite\",\"@id\":\"https:\\\/\\\/informelitoral.com.ar\\\/#website\",\"url\":\"https:\\\/\\\/informelitoral.com.ar\\\/\",\"name\":\"Informe Litoral\",\"description\":\"&quot;Nos informamos&quot; \",\"publisher\":{\"@id\":\"https:\\\/\\\/informelitoral.com.ar\\\/#organization\"},\"potentialAction\":[{\"@type\":\"SearchAction\",\"target\":{\"@type\":\"EntryPoint\",\"urlTemplate\":\"https:\\\/\\\/informelitoral.com.ar\\\/?s={search_term_string}\"},\"query-input\":{\"@type\":\"PropertyValueSpecification\",\"valueRequired\":true,\"valueName\":\"search_term_string\"}}],\"inLanguage\":\"es\"},{\"@type\":\"Organization\",\"@id\":\"https:\\\/\\\/informelitoral.com.ar\\\/#organization\",\"name\":\"Informe Litoral\",\"url\":\"https:\\\/\\\/informelitoral.com.ar\\\/\",\"logo\":{\"@type\":\"ImageObject\",\"inLanguage\":\"es\",\"@id\":\"https:\\\/\\\/informelitoral.com.ar\\\/#\\\/schema\\\/logo\\\/image\\\/\",\"url\":\"https:\\\/\\\/informelitoral.com.ar\\\/%77%70%2d%63%6f%6e%74%65%6e%74\\\/uploads\\\/2021\\\/01\\\/circulo.png\",\"contentUrl\":\"https:\\\/\\\/informelitoral.com.ar\\\/%77%70%2d%63%6f%6e%74%65%6e%74\\\/uploads\\\/2021\\\/01\\\/circulo.png\",\"width\":723,\"height\":731,\"caption\":\"Informe Litoral\"},\"image\":{\"@id\":\"https:\\\/\\\/informelitoral.com.ar\\\/#\\\/schema\\\/logo\\\/image\\\/\"},\"sameAs\":[\"https:\\\/\\\/www.facebook.com\\\/informelitoral\\\/\",\"https:\\\/\\\/x.com\\\/InformeLitoral\",\"https:\\\/\\\/www.instagram.com\\\/informelitoral\\\/\",\"https:\\\/\\\/www.youtube.com\\\/channel\\\/UCua4Qvz8Icb6MYqhoq9xLXw\"]},{\"@type\":\"Person\",\"@id\":\"https:\\\/\\\/informelitoral.com.ar\\\/#\\\/schema\\\/person\\\/f05f9f461677119578717524b127d6d5\",\"name\":\"Sebastian\",\"image\":{\"@type\":\"ImageObject\",\"inLanguage\":\"es\",\"@id\":\"https:\\\/\\\/secure.gravatar.com\\\/avatar\\\/b71bf7481d447dfb9583c7f2798e7cc64de6efb9067b74633ed8c31059a3bd82?s=96&d=mm&r=g\",\"url\":\"https:\\\/\\\/secure.gravatar.com\\\/avatar\\\/b71bf7481d447dfb9583c7f2798e7cc64de6efb9067b74633ed8c31059a3bd82?s=96&d=mm&r=g\",\"contentUrl\":\"https:\\\/\\\/secure.gravatar.com\\\/avatar\\\/b71bf7481d447dfb9583c7f2798e7cc64de6efb9067b74633ed8c31059a3bd82?s=96&d=mm&r=g\",\"caption\":\"Sebastian\"},\"url\":\"https:\\\/\\\/informelitoral.com.ar\\\/author\\\/sebastian\\\/\"}]}<\/script>","yoast_head_json":{"title":"El Gobierno oficializ\u00f3 la reducci\u00f3n de aranceles a la importaci\u00f3n de ropa y calzado - Informe Litoral","robots":{"index":"index","follow":"follow","max-snippet":"max-snippet:-1","max-image-preview":"max-image-preview:large","max-video-preview":"max-video-preview:-1"},"canonical":"https:\/\/informelitoral.com.ar\/el-gobierno-oficializo-la-reduccion-de-aranceles-a-la-importacion-de-ropa-y-calzado\/","og_locale":"es_ES","og_type":"article","og_title":"El Gobierno oficializ\u00f3 la reducci\u00f3n de aranceles a la importaci\u00f3n de ropa y calzado - Informe Litoral","og_description":"Desde el Ejecutivo aseguraron que la medida apunta a \u201cfomentar la competencia en el sector\u201d y reducir los precios en el mercado interno.","og_url":"https:\/\/informelitoral.com.ar\/el-gobierno-oficializo-la-reduccion-de-aranceles-a-la-importacion-de-ropa-y-calzado\/","og_site_name":"Informe Litoral","article_publisher":"https:\/\/www.facebook.com\/informelitoral\/","article_published_time":"2025-03-31T15:25:58+00:00","article_modified_time":"2025-03-31T17:55:28+00:00","og_image":[{"width":700,"height":400,"url":"https:\/\/informelitoral.com.ar\/%77%70%2d%63%6f%6e%74%65%6e%74\/uploads\/2024\/10\/como_organiza_una_tienda_de_ropa.jpg","type":"image\/jpeg"}],"author":"Sebastian","twitter_card":"summary_large_image","twitter_creator":"@InformeLitoral","twitter_site":"@InformeLitoral","twitter_misc":{"Escrito por":"Sebastian","Tiempo de lectura":"2 minutos"},"schema":{"@context":"https:\/\/schema.org","@graph":[{"@type":"Article","@id":"https:\/\/informelitoral.com.ar\/el-gobierno-oficializo-la-reduccion-de-aranceles-a-la-importacion-de-ropa-y-calzado\/#article","isPartOf":{"@id":"https:\/\/informelitoral.com.ar\/el-gobierno-oficializo-la-reduccion-de-aranceles-a-la-importacion-de-ropa-y-calzado\/"},"author":{"name":"Sebastian","@id":"https:\/\/informelitoral.com.ar\/#\/schema\/person\/f05f9f461677119578717524b127d6d5"},"headline":"El Gobierno oficializ\u00f3 la reducci\u00f3n de aranceles a la importaci\u00f3n de ropa y calzado","datePublished":"2025-03-31T15:25:58+00:00","dateModified":"2025-03-31T17:55:28+00:00","mainEntityOfPage":{"@id":"https:\/\/informelitoral.com.ar\/el-gobierno-oficializo-la-reduccion-de-aranceles-a-la-importacion-de-ropa-y-calzado\/"},"wordCount":429,"commentCount":0,"publisher":{"@id":"https:\/\/informelitoral.com.ar\/#organization"},"image":{"@id":"https:\/\/informelitoral.com.ar\/el-gobierno-oficializo-la-reduccion-de-aranceles-a-la-importacion-de-ropa-y-calzado\/#primaryimage"},"thumbnailUrl":"https:\/\/informelitoral.com.ar\/%77%70%2d%63%6f%6e%74%65%6e%74\/uploads\/2024\/10\/como_organiza_una_tienda_de_ropa.jpg","keywords":["Aranceles","Importaci\u00f3n","Ropa"],"articleSection":["Econom\u00eda"],"inLanguage":"es","potentialAction":[{"@type":"CommentAction","name":"Comment","target":["https:\/\/informelitoral.com.ar\/el-gobierno-oficializo-la-reduccion-de-aranceles-a-la-importacion-de-ropa-y-calzado\/#respond"]}]},{"@type":"WebPage","@id":"https:\/\/informelitoral.com.ar\/el-gobierno-oficializo-la-reduccion-de-aranceles-a-la-importacion-de-ropa-y-calzado\/","url":"https:\/\/informelitoral.com.ar\/el-gobierno-oficializo-la-reduccion-de-aranceles-a-la-importacion-de-ropa-y-calzado\/","name":"El Gobierno oficializ\u00f3 la reducci\u00f3n de aranceles a la importaci\u00f3n de ropa y calzado - Informe Litoral","isPartOf":{"@id":"https:\/\/informelitoral.com.ar\/#website"},"primaryImageOfPage":{"@id":"https:\/\/informelitoral.com.ar\/el-gobierno-oficializo-la-reduccion-de-aranceles-a-la-importacion-de-ropa-y-calzado\/#primaryimage"},"image":{"@id":"https:\/\/informelitoral.com.ar\/el-gobierno-oficializo-la-reduccion-de-aranceles-a-la-importacion-de-ropa-y-calzado\/#primaryimage"},"thumbnailUrl":"https:\/\/informelitoral.com.ar\/%77%70%2d%63%6f%6e%74%65%6e%74\/uploads\/2024\/10\/como_organiza_una_tienda_de_ropa.jpg","datePublished":"2025-03-31T15:25:58+00:00","dateModified":"2025-03-31T17:55:28+00:00","breadcrumb":{"@id":"https:\/\/informelitoral.com.ar\/el-gobierno-oficializo-la-reduccion-de-aranceles-a-la-importacion-de-ropa-y-calzado\/#breadcrumb"},"inLanguage":"es","potentialAction":[{"@type":"ReadAction","target":["https:\/\/informelitoral.com.ar\/el-gobierno-oficializo-la-reduccion-de-aranceles-a-la-importacion-de-ropa-y-calzado\/"]}]},{"@type":"ImageObject","inLanguage":"es","@id":"https:\/\/informelitoral.com.ar\/el-gobierno-oficializo-la-reduccion-de-aranceles-a-la-importacion-de-ropa-y-calzado\/#primaryimage","url":"https:\/\/informelitoral.com.ar\/%77%70%2d%63%6f%6e%74%65%6e%74\/uploads\/2024\/10\/como_organiza_una_tienda_de_ropa.jpg","contentUrl":"https:\/\/informelitoral.com.ar\/%77%70%2d%63%6f%6e%74%65%6e%74\/uploads\/2024\/10\/como_organiza_una_tienda_de_ropa.jpg","width":700,"height":400},{"@type":"BreadcrumbList","@id":"https:\/\/informelitoral.com.ar\/el-gobierno-oficializo-la-reduccion-de-aranceles-a-la-importacion-de-ropa-y-calzado\/#breadcrumb","itemListElement":[{"@type":"ListItem","position":1,"name":"Portada","item":"https:\/\/informelitoral.com.ar\/"},{"@type":"ListItem","position":2,"name":"El Gobierno oficializ\u00f3 la reducci\u00f3n de aranceles a la importaci\u00f3n de ropa y calzado"}]},{"@type":"WebSite","@id":"https:\/\/informelitoral.com.ar\/#website","url":"https:\/\/informelitoral.com.ar\/","name":"Informe Litoral","description":"&quot;Nos informamos&quot; ","publisher":{"@id":"https:\/\/informelitoral.com.ar\/#organization"},"potentialAction":[{"@type":"SearchAction","target":{"@type":"EntryPoint","urlTemplate":"https:\/\/informelitoral.com.ar\/?s={search_term_string}"},"query-input":{"@type":"PropertyValueSpecification","valueRequired":true,"valueName":"search_term_string"}}],"inLanguage":"es"},{"@type":"Organization","@id":"https:\/\/informelitoral.com.ar\/#organization","name":"Informe Litoral","url":"https:\/\/informelitoral.com.ar\/","logo":{"@type":"ImageObject","inLanguage":"es","@id":"https:\/\/informelitoral.com.ar\/#\/schema\/logo\/image\/","url":"https:\/\/informelitoral.com.ar\/%77%70%2d%63%6f%6e%74%65%6e%74\/uploads\/2021\/01\/circulo.png","contentUrl":"https:\/\/informelitoral.com.ar\/%77%70%2d%63%6f%6e%74%65%6e%74\/uploads\/2021\/01\/circulo.png","width":723,"height":731,"caption":"Informe Litoral"},"image":{"@id":"https:\/\/informelitoral.com.ar\/#\/schema\/logo\/image\/"},"sameAs":["https:\/\/www.facebook.com\/informelitoral\/","https:\/\/x.com\/InformeLitoral","https:\/\/www.instagram.com\/informelitoral\/","https:\/\/www.youtube.com\/channel\/UCua4Qvz8Icb6MYqhoq9xLXw"]},{"@type":"Person","@id":"https:\/\/informelitoral.com.ar\/#\/schema\/person\/f05f9f461677119578717524b127d6d5","name":"Sebastian","image":{"@type":"ImageObject","inLanguage":"es","@id":"https:\/\/secure.gravatar.com\/avatar\/b71bf7481d447dfb9583c7f2798e7cc64de6efb9067b74633ed8c31059a3bd82?s=96&d=mm&r=g","url":"https:\/\/secure.gravatar.com\/avatar\/b71bf7481d447dfb9583c7f2798e7cc64de6efb9067b74633ed8c31059a3bd82?s=96&d=mm&r=g","contentUrl":"https:\/\/secure.gravatar.com\/avatar\/b71bf7481d447dfb9583c7f2798e7cc64de6efb9067b74633ed8c31059a3bd82?s=96&d=mm&r=g","caption":"Sebastian"},"url":"https:\/\/informelitoral.com.ar\/author\/sebastian\/"}]}},"_links":{"self":[{"href":"https:\/\/informelitoral.com.ar\/%77%70%2d%6a%73%6f%6e\/wp\/v2\/posts\/216775","targetHints":{"allow":["GET"]}}],"collection":[{"href":"https:\/\/informelitoral.com.ar\/%77%70%2d%6a%73%6f%6e\/wp\/v2\/posts"}],"about":[{"href":"https:\/\/informelitoral.com.ar\/%77%70%2d%6a%73%6f%6e\/wp\/v2\/types\/post"}],"author":[{"embeddable":true,"href":"https:\/\/informelitoral.com.ar\/%77%70%2d%6a%73%6f%6e\/wp\/v2\/users\/8"}],"replies":[{"embeddable":true,"href":"https:\/\/informelitoral.com.ar\/%77%70%2d%6a%73%6f%6e\/wp\/v2\/comments?post=216775"}],"version-history":[{"count":0,"href":"https:\/\/informelitoral.com.ar\/%77%70%2d%6a%73%6f%6e\/wp\/v2\/posts\/216775\/revisions"}],"wp:featuredmedia":[{"embeddable":true,"href":"https:\/\/informelitoral.com.ar\/%77%70%2d%6a%73%6f%6e\/wp\/v2\/media\/199957"}],"wp:attachment":[{"href":"https:\/\/informelitoral.com.ar\/%77%70%2d%6a%73%6f%6e\/wp\/v2\/media?parent=216775"}],"wp:term":[{"taxonomy":"category","embeddable":true,"href":"https:\/\/informelitoral.com.ar\/%77%70%2d%6a%73%6f%6e\/wp\/v2\/categories?post=216775"},{"taxonomy":"post_tag","embeddable":true,"href":"https:\/\/informelitoral.com.ar\/%77%70%2d%6a%73%6f%6e\/wp\/v2\/tags?post=216775"}],"curies":[{"name":"wp","href":"https:\/\/api.w.org\/{rel}","templated":true}]}}