{"id":216766,"date":"2025-03-31T11:31:44","date_gmt":"2025-03-31T14:31:44","guid":{"rendered":"https:\/\/informelitoral.com.ar\/?p=216766"},"modified":"2025-03-31T14:57:08","modified_gmt":"2025-03-31T17:57:08","slug":"temporal-en-parana-calles-y-viviendas-afectadas-por-la-caida-de-arboles","status":"publish","type":"post","link":"https:\/\/informelitoral.com.ar\/temporal-en-parana-calles-y-viviendas-afectadas-por-la-caida-de-arboles\/","title":{"rendered":"Temporal en Paran\u00e1: calles y viviendas afectadas por la ca\u00edda de \u00e1rboles"},"content":{"rendered":"<p><strong>La tormenta que pas\u00f3 por Entre R\u00edos y la regi\u00f3n entre la noche de este domingo y la madrugada de este lunes dej\u00f3 como saldo numerosos \u00e1rboles derribados y da\u00f1os en luminarias y columnas de servicios p\u00fablicos. Por fortuna la cantidad de lluvia que cay\u00f3 fue moderada y no hubo anegamientos, seg\u00fan inform\u00f3 la direcci\u00f3n de Protecci\u00f3n Civil de la Municipalidad.<\/strong><\/p>\n<p>El temporal lleg\u00f3 a la ciudad hacia las 21 de este domingo y se registraron r\u00e1fagas de viento de hasta 60 kil\u00f3metros por hora. El vendaval derrumb\u00f3 siete \u00e1rboles.<\/p>\n<figure class=\"wp-block-image size-large\"><img loading=\"lazy\" decoding=\"async\" class=\"wp-image-69764 lazyautosizes ls-is-cached lazyloaded\" src=\"https:\/\/i0.wp.com\/ahora.com.ar\/%77%70%2d%63%6f%6e%74%65%6e%74\/uploads\/2025\/03\/arbol.jpg?resize=696%2C392&amp;quality=89&amp;ssl=1\" sizes=\"auto, 696px\" srcset=\"https:\/\/i0.wp.com\/ahora.com.ar\/%77%70%2d%63%6f%6e%74%65%6e%74\/uploads\/2025\/03\/arbol.jpg?resize=1024%2C576&amp;quality=89&amp;ssl=1 1024w, https:\/\/i0.wp.com\/ahora.com.ar\/%77%70%2d%63%6f%6e%74%65%6e%74\/uploads\/2025\/03\/arbol.jpg?resize=300%2C169&amp;quality=89&amp;ssl=1 300w, https:\/\/i0.wp.com\/ahora.com.ar\/%77%70%2d%63%6f%6e%74%65%6e%74\/uploads\/2025\/03\/arbol.jpg?resize=768%2C432&amp;quality=89&amp;ssl=1 768w, https:\/\/i0.wp.com\/ahora.com.ar\/%77%70%2d%63%6f%6e%74%65%6e%74\/uploads\/2025\/03\/arbol.jpg?resize=150%2C84&amp;quality=89&amp;ssl=1 150w, https:\/\/i0.wp.com\/ahora.com.ar\/%77%70%2d%63%6f%6e%74%65%6e%74\/uploads\/2025\/03\/arbol.jpg?resize=696%2C392&amp;quality=89&amp;ssl=1 696w, https:\/\/i0.wp.com\/ahora.com.ar\/%77%70%2d%63%6f%6e%74%65%6e%74\/uploads\/2025\/03\/arbol.jpg?resize=1068%2C601&amp;quality=89&amp;ssl=1 1068w, https:\/\/i0.wp.com\/ahora.com.ar\/%77%70%2d%63%6f%6e%74%65%6e%74\/uploads\/2025\/03\/arbol.jpg?w=1280&amp;quality=89&amp;ssl=1 1280w\" alt=\"\" width=\"696\" height=\"392\" data-recalc-dims=\"1\" data-src=\"https:\/\/i0.wp.com\/ahora.com.ar\/%77%70%2d%63%6f%6e%74%65%6e%74\/uploads\/2025\/03\/arbol.jpg?resize=696%2C392&amp;quality=89&amp;ssl=1\" data-srcset=\"https:\/\/i0.wp.com\/ahora.com.ar\/%77%70%2d%63%6f%6e%74%65%6e%74\/uploads\/2025\/03\/arbol.jpg?resize=1024%2C576&amp;quality=89&amp;ssl=1 1024w, https:\/\/i0.wp.com\/ahora.com.ar\/%77%70%2d%63%6f%6e%74%65%6e%74\/uploads\/2025\/03\/arbol.jpg?resize=300%2C169&amp;quality=89&amp;ssl=1 300w, https:\/\/i0.wp.com\/ahora.com.ar\/%77%70%2d%63%6f%6e%74%65%6e%74\/uploads\/2025\/03\/arbol.jpg?resize=768%2C432&amp;quality=89&amp;ssl=1 768w, https:\/\/i0.wp.com\/ahora.com.ar\/%77%70%2d%63%6f%6e%74%65%6e%74\/uploads\/2025\/03\/arbol.jpg?resize=150%2C84&amp;quality=89&amp;ssl=1 150w, https:\/\/i0.wp.com\/ahora.com.ar\/%77%70%2d%63%6f%6e%74%65%6e%74\/uploads\/2025\/03\/arbol.jpg?resize=696%2C392&amp;quality=89&amp;ssl=1 696w, https:\/\/i0.wp.com\/ahora.com.ar\/%77%70%2d%63%6f%6e%74%65%6e%74\/uploads\/2025\/03\/arbol.jpg?resize=1068%2C601&amp;quality=89&amp;ssl=1 1068w, https:\/\/i0.wp.com\/ahora.com.ar\/%77%70%2d%63%6f%6e%74%65%6e%74\/uploads\/2025\/03\/arbol.jpg?w=1280&amp;quality=89&amp;ssl=1 1280w\" data-sizes=\"auto\" data-eio-rwidth=\"696\" data-eio-rheight=\"392\" \/><\/figure>\n<p>Algunos cayeron sobre domicilios, en particular en barrios como San Agustin y Anacleto Medina, precis\u00f3 el director del organismo, Lucas Garc\u00eda. Seg\u00fan aclar\u00f3, estos derrumbres causaron algunos da\u00f1os en las viviendas pero que no destrozaron los techos de las casas ni provocaron colapsos de las construcciones.<\/p>\n<figure class=\"wp-block-image size-large\"><img loading=\"lazy\" decoding=\"async\" class=\"wp-image-69762 lazyautosizes ls-is-cached lazyloaded\" src=\"https:\/\/i0.wp.com\/ahora.com.ar\/%77%70%2d%63%6f%6e%74%65%6e%74\/uploads\/2025\/03\/arbol-2.jpg?resize=696%2C392&amp;quality=89&amp;ssl=1\" sizes=\"auto, 696px\" srcset=\"https:\/\/i0.wp.com\/ahora.com.ar\/%77%70%2d%63%6f%6e%74%65%6e%74\/uploads\/2025\/03\/arbol-2.jpg?resize=1024%2C576&amp;quality=89&amp;ssl=1 1024w, https:\/\/i0.wp.com\/ahora.com.ar\/%77%70%2d%63%6f%6e%74%65%6e%74\/uploads\/2025\/03\/arbol-2.jpg?resize=300%2C169&amp;quality=89&amp;ssl=1 300w, https:\/\/i0.wp.com\/ahora.com.ar\/%77%70%2d%63%6f%6e%74%65%6e%74\/uploads\/2025\/03\/arbol-2.jpg?resize=768%2C432&amp;quality=89&amp;ssl=1 768w, https:\/\/i0.wp.com\/ahora.com.ar\/%77%70%2d%63%6f%6e%74%65%6e%74\/uploads\/2025\/03\/arbol-2.jpg?resize=150%2C84&amp;quality=89&amp;ssl=1 150w, https:\/\/i0.wp.com\/ahora.com.ar\/%77%70%2d%63%6f%6e%74%65%6e%74\/uploads\/2025\/03\/arbol-2.jpg?resize=696%2C392&amp;quality=89&amp;ssl=1 696w, https:\/\/i0.wp.com\/ahora.com.ar\/%77%70%2d%63%6f%6e%74%65%6e%74\/uploads\/2025\/03\/arbol-2.jpg?resize=1068%2C601&amp;quality=89&amp;ssl=1 1068w, https:\/\/i0.wp.com\/ahora.com.ar\/%77%70%2d%63%6f%6e%74%65%6e%74\/uploads\/2025\/03\/arbol-2.jpg?w=1280&amp;quality=89&amp;ssl=1 1280w\" alt=\"\" width=\"696\" height=\"392\" data-recalc-dims=\"1\" data-src=\"https:\/\/i0.wp.com\/ahora.com.ar\/%77%70%2d%63%6f%6e%74%65%6e%74\/uploads\/2025\/03\/arbol-2.jpg?resize=696%2C392&amp;quality=89&amp;ssl=1\" data-srcset=\"https:\/\/i0.wp.com\/ahora.com.ar\/%77%70%2d%63%6f%6e%74%65%6e%74\/uploads\/2025\/03\/arbol-2.jpg?resize=1024%2C576&amp;quality=89&amp;ssl=1 1024w, https:\/\/i0.wp.com\/ahora.com.ar\/%77%70%2d%63%6f%6e%74%65%6e%74\/uploads\/2025\/03\/arbol-2.jpg?resize=300%2C169&amp;quality=89&amp;ssl=1 300w, https:\/\/i0.wp.com\/ahora.com.ar\/%77%70%2d%63%6f%6e%74%65%6e%74\/uploads\/2025\/03\/arbol-2.jpg?resize=768%2C432&amp;quality=89&amp;ssl=1 768w, https:\/\/i0.wp.com\/ahora.com.ar\/%77%70%2d%63%6f%6e%74%65%6e%74\/uploads\/2025\/03\/arbol-2.jpg?resize=150%2C84&amp;quality=89&amp;ssl=1 150w, https:\/\/i0.wp.com\/ahora.com.ar\/%77%70%2d%63%6f%6e%74%65%6e%74\/uploads\/2025\/03\/arbol-2.jpg?resize=696%2C392&amp;quality=89&amp;ssl=1 696w, https:\/\/i0.wp.com\/ahora.com.ar\/%77%70%2d%63%6f%6e%74%65%6e%74\/uploads\/2025\/03\/arbol-2.jpg?resize=1068%2C601&amp;quality=89&amp;ssl=1 1068w, https:\/\/i0.wp.com\/ahora.com.ar\/%77%70%2d%63%6f%6e%74%65%6e%74\/uploads\/2025\/03\/arbol-2.jpg?w=1280&amp;quality=89&amp;ssl=1 1280w\" data-sizes=\"auto\" data-eio-rwidth=\"696\" data-eio-rheight=\"392\" \/><\/figure>\n<p>Adem\u00e1s, se registr\u00f3 un corte de luz en el barrio Belgrano debido a da\u00f1os en luminarias de la zona.<\/p>\n<p>Personal de Protecci\u00f3n Civil trabaj\u00f3 toda la noche y el \u00e1rea segu\u00eda trabajando este lunes por la ma\u00f1ana. En principio, se supo que todos los \u00e1rboles ca\u00eddos ya hab\u00edan sido removidos.<\/p>\n<figure class=\"wp-block-image size-large\"><img loading=\"lazy\" decoding=\"async\" class=\"wp-image-69763 lazyautosizes ls-is-cached lazyloaded\" src=\"https:\/\/i0.wp.com\/ahora.com.ar\/%77%70%2d%63%6f%6e%74%65%6e%74\/uploads\/2025\/03\/temporal.jpg?resize=696%2C392&amp;quality=89&amp;ssl=1\" sizes=\"auto, 696px\" srcset=\"https:\/\/i0.wp.com\/ahora.com.ar\/%77%70%2d%63%6f%6e%74%65%6e%74\/uploads\/2025\/03\/temporal.jpg?resize=1024%2C576&amp;quality=89&amp;ssl=1 1024w, https:\/\/i0.wp.com\/ahora.com.ar\/%77%70%2d%63%6f%6e%74%65%6e%74\/uploads\/2025\/03\/temporal.jpg?resize=300%2C169&amp;quality=89&amp;ssl=1 300w, https:\/\/i0.wp.com\/ahora.com.ar\/%77%70%2d%63%6f%6e%74%65%6e%74\/uploads\/2025\/03\/temporal.jpg?resize=768%2C432&amp;quality=89&amp;ssl=1 768w, https:\/\/i0.wp.com\/ahora.com.ar\/%77%70%2d%63%6f%6e%74%65%6e%74\/uploads\/2025\/03\/temporal.jpg?resize=150%2C84&amp;quality=89&amp;ssl=1 150w, https:\/\/i0.wp.com\/ahora.com.ar\/%77%70%2d%63%6f%6e%74%65%6e%74\/uploads\/2025\/03\/temporal.jpg?resize=696%2C392&amp;quality=89&amp;ssl=1 696w, https:\/\/i0.wp.com\/ahora.com.ar\/%77%70%2d%63%6f%6e%74%65%6e%74\/uploads\/2025\/03\/temporal.jpg?resize=1068%2C601&amp;quality=89&amp;ssl=1 1068w, https:\/\/i0.wp.com\/ahora.com.ar\/%77%70%2d%63%6f%6e%74%65%6e%74\/uploads\/2025\/03\/temporal.jpg?w=1280&amp;quality=89&amp;ssl=1 1280w\" alt=\"\" width=\"696\" height=\"392\" data-recalc-dims=\"1\" data-src=\"https:\/\/i0.wp.com\/ahora.com.ar\/%77%70%2d%63%6f%6e%74%65%6e%74\/uploads\/2025\/03\/temporal.jpg?resize=696%2C392&amp;quality=89&amp;ssl=1\" data-srcset=\"https:\/\/i0.wp.com\/ahora.com.ar\/%77%70%2d%63%6f%6e%74%65%6e%74\/uploads\/2025\/03\/temporal.jpg?resize=1024%2C576&amp;quality=89&amp;ssl=1 1024w, https:\/\/i0.wp.com\/ahora.com.ar\/%77%70%2d%63%6f%6e%74%65%6e%74\/uploads\/2025\/03\/temporal.jpg?resize=300%2C169&amp;quality=89&amp;ssl=1 300w, https:\/\/i0.wp.com\/ahora.com.ar\/%77%70%2d%63%6f%6e%74%65%6e%74\/uploads\/2025\/03\/temporal.jpg?resize=768%2C432&amp;quality=89&amp;ssl=1 768w, https:\/\/i0.wp.com\/ahora.com.ar\/%77%70%2d%63%6f%6e%74%65%6e%74\/uploads\/2025\/03\/temporal.jpg?resize=150%2C84&amp;quality=89&amp;ssl=1 150w, https:\/\/i0.wp.com\/ahora.com.ar\/%77%70%2d%63%6f%6e%74%65%6e%74\/uploads\/2025\/03\/temporal.jpg?resize=696%2C392&amp;quality=89&amp;ssl=1 696w, https:\/\/i0.wp.com\/ahora.com.ar\/%77%70%2d%63%6f%6e%74%65%6e%74\/uploads\/2025\/03\/temporal.jpg?resize=1068%2C601&amp;quality=89&amp;ssl=1 1068w, https:\/\/i0.wp.com\/ahora.com.ar\/%77%70%2d%63%6f%6e%74%65%6e%74\/uploads\/2025\/03\/temporal.jpg?w=1280&amp;quality=89&amp;ssl=1 1280w\" data-sizes=\"auto\" data-eio-rwidth=\"696\" data-eio-rheight=\"392\" \/><\/figure>\n<p>En cuanto a las lluvias, Garc\u00eda indic\u00f3 que cayeron 22 mil\u00edmetros sobre la ciudad, una cantidad que no alcanz\u00f3, por suerte, a inundar calles ni viviendas.<\/p>\n<p>\u201cEl temporal que se esperaba no es el que lleg\u00f3, vino con una intensidad moderada, no alta\u201d, describi\u00f3 el titular de Protecci\u00f3n Civil.<\/p>\n<figure class=\"wp-block-image size-large\"><img loading=\"lazy\" decoding=\"async\" class=\"wp-image-69761 lazyautosizes ls-is-cached lazyloaded\" src=\"https:\/\/i0.wp.com\/ahora.com.ar\/%77%70%2d%63%6f%6e%74%65%6e%74\/uploads\/2025\/03\/arbol-3.jpg?resize=696%2C392&amp;quality=89&amp;ssl=1\" sizes=\"auto, 696px\" srcset=\"https:\/\/i0.wp.com\/ahora.com.ar\/%77%70%2d%63%6f%6e%74%65%6e%74\/uploads\/2025\/03\/arbol-3.jpg?resize=1024%2C576&amp;quality=89&amp;ssl=1 1024w, https:\/\/i0.wp.com\/ahora.com.ar\/%77%70%2d%63%6f%6e%74%65%6e%74\/uploads\/2025\/03\/arbol-3.jpg?resize=300%2C169&amp;quality=89&amp;ssl=1 300w, https:\/\/i0.wp.com\/ahora.com.ar\/%77%70%2d%63%6f%6e%74%65%6e%74\/uploads\/2025\/03\/arbol-3.jpg?resize=768%2C432&amp;quality=89&amp;ssl=1 768w, https:\/\/i0.wp.com\/ahora.com.ar\/%77%70%2d%63%6f%6e%74%65%6e%74\/uploads\/2025\/03\/arbol-3.jpg?resize=150%2C84&amp;quality=89&amp;ssl=1 150w, https:\/\/i0.wp.com\/ahora.com.ar\/%77%70%2d%63%6f%6e%74%65%6e%74\/uploads\/2025\/03\/arbol-3.jpg?resize=696%2C392&amp;quality=89&amp;ssl=1 696w, https:\/\/i0.wp.com\/ahora.com.ar\/%77%70%2d%63%6f%6e%74%65%6e%74\/uploads\/2025\/03\/arbol-3.jpg?resize=1068%2C601&amp;quality=89&amp;ssl=1 1068w, https:\/\/i0.wp.com\/ahora.com.ar\/%77%70%2d%63%6f%6e%74%65%6e%74\/uploads\/2025\/03\/arbol-3.jpg?w=1280&amp;quality=89&amp;ssl=1 1280w\" alt=\"\" width=\"696\" height=\"392\" data-recalc-dims=\"1\" data-src=\"https:\/\/i0.wp.com\/ahora.com.ar\/%77%70%2d%63%6f%6e%74%65%6e%74\/uploads\/2025\/03\/arbol-3.jpg?resize=696%2C392&amp;quality=89&amp;ssl=1\" data-srcset=\"https:\/\/i0.wp.com\/ahora.com.ar\/%77%70%2d%63%6f%6e%74%65%6e%74\/uploads\/2025\/03\/arbol-3.jpg?resize=1024%2C576&amp;quality=89&amp;ssl=1 1024w, https:\/\/i0.wp.com\/ahora.com.ar\/%77%70%2d%63%6f%6e%74%65%6e%74\/uploads\/2025\/03\/arbol-3.jpg?resize=300%2C169&amp;quality=89&amp;ssl=1 300w, https:\/\/i0.wp.com\/ahora.com.ar\/%77%70%2d%63%6f%6e%74%65%6e%74\/uploads\/2025\/03\/arbol-3.jpg?resize=768%2C432&amp;quality=89&amp;ssl=1 768w, https:\/\/i0.wp.com\/ahora.com.ar\/%77%70%2d%63%6f%6e%74%65%6e%74\/uploads\/2025\/03\/arbol-3.jpg?resize=150%2C84&amp;quality=89&amp;ssl=1 150w, https:\/\/i0.wp.com\/ahora.com.ar\/%77%70%2d%63%6f%6e%74%65%6e%74\/uploads\/2025\/03\/arbol-3.jpg?resize=696%2C392&amp;quality=89&amp;ssl=1 696w, https:\/\/i0.wp.com\/ahora.com.ar\/%77%70%2d%63%6f%6e%74%65%6e%74\/uploads\/2025\/03\/arbol-3.jpg?resize=1068%2C601&amp;quality=89&amp;ssl=1 1068w, https:\/\/i0.wp.com\/ahora.com.ar\/%77%70%2d%63%6f%6e%74%65%6e%74\/uploads\/2025\/03\/arbol-3.jpg?w=1280&amp;quality=89&amp;ssl=1 1280w\" data-sizes=\"auto\" data-eio-rwidth=\"696\" data-eio-rheight=\"392\" \/><\/figure>\n<h2 class=\"wp-block-heading\"><strong>Pron\u00f3stico<\/strong><\/h2>\n<p>El Servicio Meteorol\u00f3gico Nacional -SMN- informa que<strong>\u00a0ces\u00f3 el alerta que reg\u00eda sobre Entre R\u00edos<\/strong>. De todos modos, se aguardan algunas lluvias ocasionales y aisladas hasta la tarde. Luego<strong>\u00a0mejora el tiempo.<\/strong><\/p>\n<p>Este lunes y martes tendr\u00e1 m\u00ednimas de entre 12 y 15 grados, con m\u00e1ximas de hasta 23 grados.\u00a0<strong>El viernes llegar\u00e1 incluso una masa de aire m\u00e1s fresco<\/strong>\u00a0que descender\u00e1 las m\u00ednimas a 11 grados y las m\u00e1ximas hasta 20 grados.<\/p>\n","protected":false},"excerpt":{"rendered":"<p>Personal de Protecci\u00f3n Civil del Municipio tuvo que intervenir en diversos puntos de la ciudad donde ejemplares cortaron calles o se desplomaron sobre vivienda. Im\u00e1genes.<\/p>\n","protected":false},"author":8,"featured_media":216768,"comment_status":"open","ping_status":"open","sticky":false,"template":"","format":"standard","meta":{"fifu_image_url":"","fifu_image_alt":"","footnotes":""},"categories":[1597],"tags":[45,527],"class_list":{"0":"post-216766","1":"post","2":"type-post","3":"status-publish","4":"format-standard","5":"has-post-thumbnail","7":"category-parana","8":"tag-parana","9":"tag-temporal"},"yoast_head":"<title>Temporal en Paran\u00e1: calles y viviendas afectadas por la ca\u00edda de \u00e1rboles - Informe Litoral<\/title>\n<meta name=\"robots\" content=\"index, follow, max-snippet:-1, max-image-preview:large, max-video-preview:-1\" \/>\n<link rel=\"canonical\" href=\"https:\/\/informelitoral.com.ar\/temporal-en-parana-calles-y-viviendas-afectadas-por-la-caida-de-arboles\/\" \/>\n<meta property=\"og:locale\" content=\"es_ES\" \/>\n<meta property=\"og:type\" content=\"article\" \/>\n<meta property=\"og:title\" content=\"Temporal en Paran\u00e1: calles y viviendas afectadas por la ca\u00edda de \u00e1rboles - Informe Litoral\" \/>\n<meta property=\"og:description\" content=\"Personal de Protecci\u00f3n Civil del Municipio tuvo que intervenir en diversos puntos de la ciudad donde ejemplares cortaron calles o se desplomaron sobre vivienda. Im\u00e1genes.\" \/>\n<meta property=\"og:url\" content=\"https:\/\/informelitoral.com.ar\/temporal-en-parana-calles-y-viviendas-afectadas-por-la-caida-de-arboles\/\" \/>\n<meta property=\"og:site_name\" content=\"Informe Litoral\" \/>\n<meta property=\"article:publisher\" content=\"https:\/\/www.facebook.com\/informelitoral\/\" \/>\n<meta property=\"article:published_time\" content=\"2025-03-31T14:31:44+00:00\" \/>\n<meta property=\"article:modified_time\" content=\"2025-03-31T17:57:08+00:00\" \/>\n<meta property=\"og:image\" content=\"https:\/\/informelitoral.com.ar\/%77%70%2d%63%6f%6e%74%65%6e%74\/uploads\/2025\/03\/arboles-caidos.webp\" \/>\n\t<meta property=\"og:image:width\" content=\"696\" \/>\n\t<meta property=\"og:image:height\" content=\"392\" \/>\n\t<meta property=\"og:image:type\" content=\"image\/webp\" \/>\n<meta name=\"author\" content=\"Sebastian\" \/>\n<meta name=\"twitter:card\" content=\"summary_large_image\" \/>\n<meta name=\"twitter:creator\" content=\"@InformeLitoral\" \/>\n<meta name=\"twitter:site\" content=\"@InformeLitoral\" \/>\n<meta name=\"twitter:label1\" content=\"Escrito por\" \/>\n\t<meta name=\"twitter:data1\" content=\"Sebastian\" \/>\n\t<meta name=\"twitter:label2\" content=\"Tiempo de lectura\" \/>\n\t<meta name=\"twitter:data2\" content=\"2 minutos\" \/>\n<script type=\"application\/ld+json\" class=\"yoast-schema-graph\">{\"@context\":\"https:\\\/\\\/schema.org\",\"@graph\":[{\"@type\":\"Article\",\"@id\":\"https:\\\/\\\/informelitoral.com.ar\\\/temporal-en-parana-calles-y-viviendas-afectadas-por-la-caida-de-arboles\\\/#article\",\"isPartOf\":{\"@id\":\"https:\\\/\\\/informelitoral.com.ar\\\/temporal-en-parana-calles-y-viviendas-afectadas-por-la-caida-de-arboles\\\/\"},\"author\":{\"name\":\"Sebastian\",\"@id\":\"https:\\\/\\\/informelitoral.com.ar\\\/#\\\/schema\\\/person\\\/f05f9f461677119578717524b127d6d5\"},\"headline\":\"Temporal en Paran\u00e1: calles y viviendas afectadas por la ca\u00edda de \u00e1rboles\",\"datePublished\":\"2025-03-31T14:31:44+00:00\",\"dateModified\":\"2025-03-31T17:57:08+00:00\",\"mainEntityOfPage\":{\"@id\":\"https:\\\/\\\/informelitoral.com.ar\\\/temporal-en-parana-calles-y-viviendas-afectadas-por-la-caida-de-arboles\\\/\"},\"wordCount\":345,\"commentCount\":0,\"publisher\":{\"@id\":\"https:\\\/\\\/informelitoral.com.ar\\\/#organization\"},\"image\":{\"@id\":\"https:\\\/\\\/informelitoral.com.ar\\\/temporal-en-parana-calles-y-viviendas-afectadas-por-la-caida-de-arboles\\\/#primaryimage\"},\"thumbnailUrl\":\"https:\\\/\\\/informelitoral.com.ar\\\/%77%70%2d%63%6f%6e%74%65%6e%74\\\/uploads\\\/2025\\\/03\\\/arboles-caidos.webp\",\"keywords\":[\"Paran\u00e1\",\"Temporal\"],\"articleSection\":[\"Paran\u00e1\"],\"inLanguage\":\"es\",\"potentialAction\":[{\"@type\":\"CommentAction\",\"name\":\"Comment\",\"target\":[\"https:\\\/\\\/informelitoral.com.ar\\\/temporal-en-parana-calles-y-viviendas-afectadas-por-la-caida-de-arboles\\\/#respond\"]}]},{\"@type\":\"WebPage\",\"@id\":\"https:\\\/\\\/informelitoral.com.ar\\\/temporal-en-parana-calles-y-viviendas-afectadas-por-la-caida-de-arboles\\\/\",\"url\":\"https:\\\/\\\/informelitoral.com.ar\\\/temporal-en-parana-calles-y-viviendas-afectadas-por-la-caida-de-arboles\\\/\",\"name\":\"Temporal en Paran\u00e1: calles y viviendas afectadas por la ca\u00edda de \u00e1rboles - Informe Litoral\",\"isPartOf\":{\"@id\":\"https:\\\/\\\/informelitoral.com.ar\\\/#website\"},\"primaryImageOfPage\":{\"@id\":\"https:\\\/\\\/informelitoral.com.ar\\\/temporal-en-parana-calles-y-viviendas-afectadas-por-la-caida-de-arboles\\\/#primaryimage\"},\"image\":{\"@id\":\"https:\\\/\\\/informelitoral.com.ar\\\/temporal-en-parana-calles-y-viviendas-afectadas-por-la-caida-de-arboles\\\/#primaryimage\"},\"thumbnailUrl\":\"https:\\\/\\\/informelitoral.com.ar\\\/%77%70%2d%63%6f%6e%74%65%6e%74\\\/uploads\\\/2025\\\/03\\\/arboles-caidos.webp\",\"datePublished\":\"2025-03-31T14:31:44+00:00\",\"dateModified\":\"2025-03-31T17:57:08+00:00\",\"breadcrumb\":{\"@id\":\"https:\\\/\\\/informelitoral.com.ar\\\/temporal-en-parana-calles-y-viviendas-afectadas-por-la-caida-de-arboles\\\/#breadcrumb\"},\"inLanguage\":\"es\",\"potentialAction\":[{\"@type\":\"ReadAction\",\"target\":[\"https:\\\/\\\/informelitoral.com.ar\\\/temporal-en-parana-calles-y-viviendas-afectadas-por-la-caida-de-arboles\\\/\"]}]},{\"@type\":\"ImageObject\",\"inLanguage\":\"es\",\"@id\":\"https:\\\/\\\/informelitoral.com.ar\\\/temporal-en-parana-calles-y-viviendas-afectadas-por-la-caida-de-arboles\\\/#primaryimage\",\"url\":\"https:\\\/\\\/informelitoral.com.ar\\\/%77%70%2d%63%6f%6e%74%65%6e%74\\\/uploads\\\/2025\\\/03\\\/arboles-caidos.webp\",\"contentUrl\":\"https:\\\/\\\/informelitoral.com.ar\\\/%77%70%2d%63%6f%6e%74%65%6e%74\\\/uploads\\\/2025\\\/03\\\/arboles-caidos.webp\",\"width\":696,\"height\":392},{\"@type\":\"BreadcrumbList\",\"@id\":\"https:\\\/\\\/informelitoral.com.ar\\\/temporal-en-parana-calles-y-viviendas-afectadas-por-la-caida-de-arboles\\\/#breadcrumb\",\"itemListElement\":[{\"@type\":\"ListItem\",\"position\":1,\"name\":\"Portada\",\"item\":\"https:\\\/\\\/informelitoral.com.ar\\\/\"},{\"@type\":\"ListItem\",\"position\":2,\"name\":\"Temporal en Paran\u00e1: calles y viviendas afectadas por la ca\u00edda de \u00e1rboles\"}]},{\"@type\":\"WebSite\",\"@id\":\"https:\\\/\\\/informelitoral.com.ar\\\/#website\",\"url\":\"https:\\\/\\\/informelitoral.com.ar\\\/\",\"name\":\"Informe Litoral\",\"description\":\"&quot;Nos informamos&quot; \",\"publisher\":{\"@id\":\"https:\\\/\\\/informelitoral.com.ar\\\/#organization\"},\"potentialAction\":[{\"@type\":\"SearchAction\",\"target\":{\"@type\":\"EntryPoint\",\"urlTemplate\":\"https:\\\/\\\/informelitoral.com.ar\\\/?s={search_term_string}\"},\"query-input\":{\"@type\":\"PropertyValueSpecification\",\"valueRequired\":true,\"valueName\":\"search_term_string\"}}],\"inLanguage\":\"es\"},{\"@type\":\"Organization\",\"@id\":\"https:\\\/\\\/informelitoral.com.ar\\\/#organization\",\"name\":\"Informe Litoral\",\"url\":\"https:\\\/\\\/informelitoral.com.ar\\\/\",\"logo\":{\"@type\":\"ImageObject\",\"inLanguage\":\"es\",\"@id\":\"https:\\\/\\\/informelitoral.com.ar\\\/#\\\/schema\\\/logo\\\/image\\\/\",\"url\":\"https:\\\/\\\/informelitoral.com.ar\\\/%77%70%2d%63%6f%6e%74%65%6e%74\\\/uploads\\\/2021\\\/01\\\/circulo.png\",\"contentUrl\":\"https:\\\/\\\/informelitoral.com.ar\\\/%77%70%2d%63%6f%6e%74%65%6e%74\\\/uploads\\\/2021\\\/01\\\/circulo.png\",\"width\":723,\"height\":731,\"caption\":\"Informe Litoral\"},\"image\":{\"@id\":\"https:\\\/\\\/informelitoral.com.ar\\\/#\\\/schema\\\/logo\\\/image\\\/\"},\"sameAs\":[\"https:\\\/\\\/www.facebook.com\\\/informelitoral\\\/\",\"https:\\\/\\\/x.com\\\/InformeLitoral\",\"https:\\\/\\\/www.instagram.com\\\/informelitoral\\\/\",\"https:\\\/\\\/www.youtube.com\\\/channel\\\/UCua4Qvz8Icb6MYqhoq9xLXw\"]},{\"@type\":\"Person\",\"@id\":\"https:\\\/\\\/informelitoral.com.ar\\\/#\\\/schema\\\/person\\\/f05f9f461677119578717524b127d6d5\",\"name\":\"Sebastian\",\"image\":{\"@type\":\"ImageObject\",\"inLanguage\":\"es\",\"@id\":\"https:\\\/\\\/secure.gravatar.com\\\/avatar\\\/b71bf7481d447dfb9583c7f2798e7cc64de6efb9067b74633ed8c31059a3bd82?s=96&d=mm&r=g\",\"url\":\"https:\\\/\\\/secure.gravatar.com\\\/avatar\\\/b71bf7481d447dfb9583c7f2798e7cc64de6efb9067b74633ed8c31059a3bd82?s=96&d=mm&r=g\",\"contentUrl\":\"https:\\\/\\\/secure.gravatar.com\\\/avatar\\\/b71bf7481d447dfb9583c7f2798e7cc64de6efb9067b74633ed8c31059a3bd82?s=96&d=mm&r=g\",\"caption\":\"Sebastian\"},\"url\":\"https:\\\/\\\/informelitoral.com.ar\\\/author\\\/sebastian\\\/\"}]}<\/script>","yoast_head_json":{"title":"Temporal en Paran\u00e1: calles y viviendas afectadas por la ca\u00edda de \u00e1rboles - Informe Litoral","robots":{"index":"index","follow":"follow","max-snippet":"max-snippet:-1","max-image-preview":"max-image-preview:large","max-video-preview":"max-video-preview:-1"},"canonical":"https:\/\/informelitoral.com.ar\/temporal-en-parana-calles-y-viviendas-afectadas-por-la-caida-de-arboles\/","og_locale":"es_ES","og_type":"article","og_title":"Temporal en Paran\u00e1: calles y viviendas afectadas por la ca\u00edda de \u00e1rboles - Informe Litoral","og_description":"Personal de Protecci\u00f3n Civil del Municipio tuvo que intervenir en diversos puntos de la ciudad donde ejemplares cortaron calles o se desplomaron sobre vivienda. Im\u00e1genes.","og_url":"https:\/\/informelitoral.com.ar\/temporal-en-parana-calles-y-viviendas-afectadas-por-la-caida-de-arboles\/","og_site_name":"Informe Litoral","article_publisher":"https:\/\/www.facebook.com\/informelitoral\/","article_published_time":"2025-03-31T14:31:44+00:00","article_modified_time":"2025-03-31T17:57:08+00:00","og_image":[{"width":696,"height":392,"url":"https:\/\/informelitoral.com.ar\/%77%70%2d%63%6f%6e%74%65%6e%74\/uploads\/2025\/03\/arboles-caidos.webp","type":"image\/webp"}],"author":"Sebastian","twitter_card":"summary_large_image","twitter_creator":"@InformeLitoral","twitter_site":"@InformeLitoral","twitter_misc":{"Escrito por":"Sebastian","Tiempo de lectura":"2 minutos"},"schema":{"@context":"https:\/\/schema.org","@graph":[{"@type":"Article","@id":"https:\/\/informelitoral.com.ar\/temporal-en-parana-calles-y-viviendas-afectadas-por-la-caida-de-arboles\/#article","isPartOf":{"@id":"https:\/\/informelitoral.com.ar\/temporal-en-parana-calles-y-viviendas-afectadas-por-la-caida-de-arboles\/"},"author":{"name":"Sebastian","@id":"https:\/\/informelitoral.com.ar\/#\/schema\/person\/f05f9f461677119578717524b127d6d5"},"headline":"Temporal en Paran\u00e1: calles y viviendas afectadas por la ca\u00edda de \u00e1rboles","datePublished":"2025-03-31T14:31:44+00:00","dateModified":"2025-03-31T17:57:08+00:00","mainEntityOfPage":{"@id":"https:\/\/informelitoral.com.ar\/temporal-en-parana-calles-y-viviendas-afectadas-por-la-caida-de-arboles\/"},"wordCount":345,"commentCount":0,"publisher":{"@id":"https:\/\/informelitoral.com.ar\/#organization"},"image":{"@id":"https:\/\/informelitoral.com.ar\/temporal-en-parana-calles-y-viviendas-afectadas-por-la-caida-de-arboles\/#primaryimage"},"thumbnailUrl":"https:\/\/informelitoral.com.ar\/%77%70%2d%63%6f%6e%74%65%6e%74\/uploads\/2025\/03\/arboles-caidos.webp","keywords":["Paran\u00e1","Temporal"],"articleSection":["Paran\u00e1"],"inLanguage":"es","potentialAction":[{"@type":"CommentAction","name":"Comment","target":["https:\/\/informelitoral.com.ar\/temporal-en-parana-calles-y-viviendas-afectadas-por-la-caida-de-arboles\/#respond"]}]},{"@type":"WebPage","@id":"https:\/\/informelitoral.com.ar\/temporal-en-parana-calles-y-viviendas-afectadas-por-la-caida-de-arboles\/","url":"https:\/\/informelitoral.com.ar\/temporal-en-parana-calles-y-viviendas-afectadas-por-la-caida-de-arboles\/","name":"Temporal en Paran\u00e1: calles y viviendas afectadas por la ca\u00edda de \u00e1rboles - Informe Litoral","isPartOf":{"@id":"https:\/\/informelitoral.com.ar\/#website"},"primaryImageOfPage":{"@id":"https:\/\/informelitoral.com.ar\/temporal-en-parana-calles-y-viviendas-afectadas-por-la-caida-de-arboles\/#primaryimage"},"image":{"@id":"https:\/\/informelitoral.com.ar\/temporal-en-parana-calles-y-viviendas-afectadas-por-la-caida-de-arboles\/#primaryimage"},"thumbnailUrl":"https:\/\/informelitoral.com.ar\/%77%70%2d%63%6f%6e%74%65%6e%74\/uploads\/2025\/03\/arboles-caidos.webp","datePublished":"2025-03-31T14:31:44+00:00","dateModified":"2025-03-31T17:57:08+00:00","breadcrumb":{"@id":"https:\/\/informelitoral.com.ar\/temporal-en-parana-calles-y-viviendas-afectadas-por-la-caida-de-arboles\/#breadcrumb"},"inLanguage":"es","potentialAction":[{"@type":"ReadAction","target":["https:\/\/informelitoral.com.ar\/temporal-en-parana-calles-y-viviendas-afectadas-por-la-caida-de-arboles\/"]}]},{"@type":"ImageObject","inLanguage":"es","@id":"https:\/\/informelitoral.com.ar\/temporal-en-parana-calles-y-viviendas-afectadas-por-la-caida-de-arboles\/#primaryimage","url":"https:\/\/informelitoral.com.ar\/%77%70%2d%63%6f%6e%74%65%6e%74\/uploads\/2025\/03\/arboles-caidos.webp","contentUrl":"https:\/\/informelitoral.com.ar\/%77%70%2d%63%6f%6e%74%65%6e%74\/uploads\/2025\/03\/arboles-caidos.webp","width":696,"height":392},{"@type":"BreadcrumbList","@id":"https:\/\/informelitoral.com.ar\/temporal-en-parana-calles-y-viviendas-afectadas-por-la-caida-de-arboles\/#breadcrumb","itemListElement":[{"@type":"ListItem","position":1,"name":"Portada","item":"https:\/\/informelitoral.com.ar\/"},{"@type":"ListItem","position":2,"name":"Temporal en Paran\u00e1: calles y viviendas afectadas por la ca\u00edda de \u00e1rboles"}]},{"@type":"WebSite","@id":"https:\/\/informelitoral.com.ar\/#website","url":"https:\/\/informelitoral.com.ar\/","name":"Informe Litoral","description":"&quot;Nos informamos&quot; ","publisher":{"@id":"https:\/\/informelitoral.com.ar\/#organization"},"potentialAction":[{"@type":"SearchAction","target":{"@type":"EntryPoint","urlTemplate":"https:\/\/informelitoral.com.ar\/?s={search_term_string}"},"query-input":{"@type":"PropertyValueSpecification","valueRequired":true,"valueName":"search_term_string"}}],"inLanguage":"es"},{"@type":"Organization","@id":"https:\/\/informelitoral.com.ar\/#organization","name":"Informe Litoral","url":"https:\/\/informelitoral.com.ar\/","logo":{"@type":"ImageObject","inLanguage":"es","@id":"https:\/\/informelitoral.com.ar\/#\/schema\/logo\/image\/","url":"https:\/\/informelitoral.com.ar\/%77%70%2d%63%6f%6e%74%65%6e%74\/uploads\/2021\/01\/circulo.png","contentUrl":"https:\/\/informelitoral.com.ar\/%77%70%2d%63%6f%6e%74%65%6e%74\/uploads\/2021\/01\/circulo.png","width":723,"height":731,"caption":"Informe Litoral"},"image":{"@id":"https:\/\/informelitoral.com.ar\/#\/schema\/logo\/image\/"},"sameAs":["https:\/\/www.facebook.com\/informelitoral\/","https:\/\/x.com\/InformeLitoral","https:\/\/www.instagram.com\/informelitoral\/","https:\/\/www.youtube.com\/channel\/UCua4Qvz8Icb6MYqhoq9xLXw"]},{"@type":"Person","@id":"https:\/\/informelitoral.com.ar\/#\/schema\/person\/f05f9f461677119578717524b127d6d5","name":"Sebastian","image":{"@type":"ImageObject","inLanguage":"es","@id":"https:\/\/secure.gravatar.com\/avatar\/b71bf7481d447dfb9583c7f2798e7cc64de6efb9067b74633ed8c31059a3bd82?s=96&d=mm&r=g","url":"https:\/\/secure.gravatar.com\/avatar\/b71bf7481d447dfb9583c7f2798e7cc64de6efb9067b74633ed8c31059a3bd82?s=96&d=mm&r=g","contentUrl":"https:\/\/secure.gravatar.com\/avatar\/b71bf7481d447dfb9583c7f2798e7cc64de6efb9067b74633ed8c31059a3bd82?s=96&d=mm&r=g","caption":"Sebastian"},"url":"https:\/\/informelitoral.com.ar\/author\/sebastian\/"}]}},"_links":{"self":[{"href":"https:\/\/informelitoral.com.ar\/%77%70%2d%6a%73%6f%6e\/wp\/v2\/posts\/216766","targetHints":{"allow":["GET"]}}],"collection":[{"href":"https:\/\/informelitoral.com.ar\/%77%70%2d%6a%73%6f%6e\/wp\/v2\/posts"}],"about":[{"href":"https:\/\/informelitoral.com.ar\/%77%70%2d%6a%73%6f%6e\/wp\/v2\/types\/post"}],"author":[{"embeddable":true,"href":"https:\/\/informelitoral.com.ar\/%77%70%2d%6a%73%6f%6e\/wp\/v2\/users\/8"}],"replies":[{"embeddable":true,"href":"https:\/\/informelitoral.com.ar\/%77%70%2d%6a%73%6f%6e\/wp\/v2\/comments?post=216766"}],"version-history":[{"count":0,"href":"https:\/\/informelitoral.com.ar\/%77%70%2d%6a%73%6f%6e\/wp\/v2\/posts\/216766\/revisions"}],"wp:featuredmedia":[{"embeddable":true,"href":"https:\/\/informelitoral.com.ar\/%77%70%2d%6a%73%6f%6e\/wp\/v2\/media\/216768"}],"wp:attachment":[{"href":"https:\/\/informelitoral.com.ar\/%77%70%2d%6a%73%6f%6e\/wp\/v2\/media?parent=216766"}],"wp:term":[{"taxonomy":"category","embeddable":true,"href":"https:\/\/informelitoral.com.ar\/%77%70%2d%6a%73%6f%6e\/wp\/v2\/categories?post=216766"},{"taxonomy":"post_tag","embeddable":true,"href":"https:\/\/informelitoral.com.ar\/%77%70%2d%6a%73%6f%6e\/wp\/v2\/tags?post=216766"}],"curies":[{"name":"wp","href":"https:\/\/api.w.org\/{rel}","templated":true}]}}