{"id":216645,"date":"2025-03-30T11:26:19","date_gmt":"2025-03-30T14:26:19","guid":{"rendered":"https:\/\/informelitoral.com.ar\/?p=216645"},"modified":"2025-03-30T12:18:32","modified_gmt":"2025-03-30T15:18:32","slug":"ip-noticias-tendra-mayor-presencia-con-informacion-desde-entre-rios","status":"publish","type":"post","link":"https:\/\/informelitoral.com.ar\/ip-noticias-tendra-mayor-presencia-con-informacion-desde-entre-rios\/","title":{"rendered":"IP Noticias tendr\u00e1 mayor presencia con informaci\u00f3n desde Entre R\u00edos"},"content":{"rendered":"<p><em><a href=\"https:\/\/ipnoticias.ar\/\"><strong>IP Noticias<\/strong><\/a><\/em> es el canal de cable del<em> Grupo Octubre<\/em> que entre sus medios m\u00e1s destacados cuenta con<em> P\u00e1gina 12, AM 750, FM Aspen<\/em>, entre otros, como la reciente participaci\u00f3n en <em>Radio Contiental.<\/em><\/p>\n<p>Si bien <em>IP Noticias<\/em> naci\u00f3 en 2020, atraves\u00f3 varios procesos de cambio y el m\u00e1s reciente sucedi\u00f3 en los \u00faltimos meses, donde <strong>se propuso como objetivo profundizar su pol\u00edtica de corresponsales en cada provincia argentina.<\/strong><\/p>\n<div class=\"youtube-embed\" data-video_id=\"5QyC5AjXHqs\"><iframe loading=\"lazy\" title=\"\u00a1En IPNoticias algo est\u00e1 a punto de cambiar!\" width=\"696\" height=\"392\" src=\"https:\/\/www.youtube.com\/embed\/5QyC5AjXHqs?feature=oembed&#038;enablejsapi=1\" frameborder=\"0\" allow=\"accelerometer; autoplay; clipboard-write; encrypted-media; gyroscope; picture-in-picture; web-share\" referrerpolicy=\"strict-origin-when-cross-origin\" allowfullscreen><\/iframe><\/div>\n<p>M\u00e1s all\u00e1 de que pol\u00edticamente muchos vinculan al grupo con el \u00abkirchnerismo\u00bb, en el caso del canal de cable <strong>se apunta b\u00e1sicamente a la informaci\u00f3n federal, algo que no muchos medios porte\u00f1os aplican pese a que tienen una importante llegada al interior del pa\u00eds.<\/strong><\/p>\n<p><strong>En en caso de Entre R\u00edos y particularmente desde Paran\u00e1, el corresponsal desde 2023 es<a href=\"https:\/\/www.facebook.com\/gonzaloschmidtperiodista\" target=\"_blank\" rel=\"noopener\"> Gonzalo Schmidt<\/a>, actual director de <em>Informe Litoral<\/em> y periodista de <em>Canal 6 ERTV.<\/em><\/strong><\/p>\n<p>Si bien la mayor\u00eda de las salidas con m\u00f3viles ser\u00e1n desde la capital entrerriana, se abarcar\u00e1n temas provinciales y peri\u00f3dicamente se visitar\u00e1 otra localidad, como sucedi\u00f3 este s\u00e1bado desde las termas de Mar\u00eda Grande.<\/p>\n<p>Ello no quita que en temas espec\u00edficos o por cuestiones territoriales tambi\u00e9n participen otros periodistas de la provincia de las peri\u00f3dicas salidas. \u00abPara m\u00ed es un orgullo poder contar cosas que suceden en la provincia en un canal nacional\u00bb, destaca el periodista nacido en Isletas, departamento Diamante.<\/p>\n<div class=\"youtube-embed\" data-video_id=\"qICOsp33Pps\"><iframe loading=\"lazy\" title=\"Ola de calor | M\u00f3vil para IP Noticias desde el Balneario Municipal de Paran\u00e1\" width=\"696\" height=\"392\" src=\"https:\/\/www.youtube.com\/embed\/qICOsp33Pps?start=2&#038;feature=oembed\" frameborder=\"0\" allow=\"accelerometer; autoplay; clipboard-write; encrypted-media; gyroscope; picture-in-picture; web-share\" referrerpolicy=\"strict-origin-when-cross-origin\" allowfullscreen><\/iframe><\/div>\n<h2><strong>C\u00f3mo ver IP Noticias\u00a0<\/strong><\/h2>\n<p><span class=\"css-1jxf684 r-bcqeeo r-1ttztb7 r-qvutc0 r-poiln3\">Telecentro 17; <\/span><span class=\"css-1jxf684 r-bcqeeo r-1ttztb7 r-qvutc0 r-poiln3\">Flow 24 y 82.2; <\/span><span class=\"css-1jxf684 r-bcqeeo r-1ttztb7 r-qvutc0 r-poiln3\">TDA 24.5; <\/span><span class=\"css-1jxf684 r-bcqeeo r-1ttztb7 r-qvutc0 r-poiln3\">DirecTV 721 y 1721;\u200a<\/span><span class=\"css-1jxf684 r-bcqeeo r-1ttztb7 r-qvutc0 r-poiln3\">Claro TV 19 y \u200a<\/span><span class=\"css-1jxf684 r-bcqeeo r-1ttztb7 r-qvutc0 r-poiln3\">\u200aMovistar TV 106. Adem\u00e1s desde el sitio web: <a href=\"https:\/\/ipnoticias.ar\/\">IPNOTICIAS.AR. <\/a><\/span><em>(Informe Litoral)<\/em><\/p>\n<h6><em><strong>Leer tambi\u00e9n:\u00a0<a href=\"https:\/\/informelitoral.com.ar\/la-hora-del-6-cumple-seis-meses\/\">La Hora del 6 cumple seis meses<\/a><\/strong><\/em><\/h6>\n<h6><em><strong><a href=\"https:\/\/informelitoral.com.ar\/informe-litoral-cumple-13-anos\/\">Informe Litoral cumple 13 a\u00f1os<\/a><\/strong><\/em><\/h6>\n","protected":false},"excerpt":{"rendered":"<p>El canal de cable porte\u00f1o se propone ser uno de los m\u00e1s federales del pa\u00eds, con corresponsales en cada provincia. En ese marco, Gonzalo Schmidt ocupa ese lugar en Paran\u00e1 desde 2023, aunque ahora el objetivo es brindar m\u00e1s informaci\u00f3n del interior. <\/p>\n","protected":false},"author":2,"featured_media":216646,"comment_status":"open","ping_status":"open","sticky":false,"template":"","format":"standard","meta":{"fifu_image_url":"","fifu_image_alt":"","footnotes":""},"categories":[12],"tags":[1210,5662,185,1669,357],"class_list":{"0":"post-216645","1":"post","2":"type-post","3":"status-publish","4":"format-standard","5":"has-post-thumbnail","7":"category-espectaculos","8":"tag-gonzalo-schmidt","9":"tag-ip-noticias","10":"tag-medios","11":"tag-medios-de-comunicacion","12":"tag-television"},"yoast_head":"<title>IP Noticias tendr\u00e1 mayor presencia con informaci\u00f3n desde Entre R\u00edos - Informe Litoral<\/title>\n<meta name=\"robots\" content=\"index, follow, max-snippet:-1, max-image-preview:large, max-video-preview:-1\" \/>\n<link rel=\"canonical\" href=\"https:\/\/informelitoral.com.ar\/ip-noticias-tendra-mayor-presencia-con-informacion-desde-entre-rios\/\" \/>\n<meta property=\"og:locale\" content=\"es_ES\" \/>\n<meta property=\"og:type\" content=\"article\" \/>\n<meta property=\"og:title\" content=\"IP Noticias tendr\u00e1 mayor presencia con informaci\u00f3n desde Entre R\u00edos - Informe Litoral\" \/>\n<meta property=\"og:description\" content=\"El canal de cable porte\u00f1o se propone ser uno de los m\u00e1s federales del pa\u00eds, con corresponsales en cada provincia. En ese marco, Gonzalo Schmidt ocupa ese lugar en Paran\u00e1 desde 2023, aunque ahora el objetivo es brindar m\u00e1s informaci\u00f3n del interior.\" \/>\n<meta property=\"og:url\" content=\"https:\/\/informelitoral.com.ar\/ip-noticias-tendra-mayor-presencia-con-informacion-desde-entre-rios\/\" \/>\n<meta property=\"og:site_name\" content=\"Informe Litoral\" \/>\n<meta property=\"article:publisher\" content=\"https:\/\/www.facebook.com\/informelitoral\/\" \/>\n<meta property=\"article:published_time\" content=\"2025-03-30T14:26:19+00:00\" \/>\n<meta property=\"article:modified_time\" content=\"2025-03-30T15:18:32+00:00\" \/>\n<meta property=\"og:image\" content=\"https:\/\/informelitoral.com.ar\/%77%70%2d%63%6f%6e%74%65%6e%74\/uploads\/2025\/03\/gonzalo-schmidt-ip-noticias.jpg\" \/>\n\t<meta property=\"og:image:width\" content=\"1440\" \/>\n\t<meta property=\"og:image:height\" content=\"1800\" \/>\n\t<meta property=\"og:image:type\" content=\"image\/jpeg\" \/>\n<meta name=\"author\" content=\"Gonzalo Schmidt\" \/>\n<meta name=\"twitter:card\" content=\"summary_large_image\" \/>\n<meta name=\"twitter:creator\" content=\"@InformeLitoral\" \/>\n<meta name=\"twitter:site\" content=\"@InformeLitoral\" \/>\n<meta name=\"twitter:label1\" content=\"Escrito por\" \/>\n\t<meta name=\"twitter:data1\" content=\"Gonzalo Schmidt\" \/>\n\t<meta name=\"twitter:label2\" content=\"Tiempo de lectura\" \/>\n\t<meta name=\"twitter:data2\" content=\"1 minuto\" \/>\n<script type=\"application\/ld+json\" class=\"yoast-schema-graph\">{\"@context\":\"https:\\\/\\\/schema.org\",\"@graph\":[{\"@type\":\"Article\",\"@id\":\"https:\\\/\\\/informelitoral.com.ar\\\/ip-noticias-tendra-mayor-presencia-con-informacion-desde-entre-rios\\\/#article\",\"isPartOf\":{\"@id\":\"https:\\\/\\\/informelitoral.com.ar\\\/ip-noticias-tendra-mayor-presencia-con-informacion-desde-entre-rios\\\/\"},\"author\":{\"name\":\"Gonzalo Schmidt\",\"@id\":\"https:\\\/\\\/informelitoral.com.ar\\\/#\\\/schema\\\/person\\\/b9d00407c836482871ef1d57bf8e3180\"},\"headline\":\"IP Noticias tendr\u00e1 mayor presencia con informaci\u00f3n desde Entre R\u00edos\",\"datePublished\":\"2025-03-30T14:26:19+00:00\",\"dateModified\":\"2025-03-30T15:18:32+00:00\",\"mainEntityOfPage\":{\"@id\":\"https:\\\/\\\/informelitoral.com.ar\\\/ip-noticias-tendra-mayor-presencia-con-informacion-desde-entre-rios\\\/\"},\"wordCount\":309,\"commentCount\":0,\"publisher\":{\"@id\":\"https:\\\/\\\/informelitoral.com.ar\\\/#organization\"},\"image\":{\"@id\":\"https:\\\/\\\/informelitoral.com.ar\\\/ip-noticias-tendra-mayor-presencia-con-informacion-desde-entre-rios\\\/#primaryimage\"},\"thumbnailUrl\":\"https:\\\/\\\/informelitoral.com.ar\\\/%77%70%2d%63%6f%6e%74%65%6e%74\\\/uploads\\\/2025\\\/03\\\/gonzalo-schmidt-ip-noticias.jpg\",\"keywords\":[\"Gonzalo Schmidt\",\"IP Noticias\",\"Medios\",\"Medios de Comunicaci\u00f3n\",\"Televisi\u00f3n\"],\"articleSection\":[\"Espect\u00e1culos\"],\"inLanguage\":\"es\",\"potentialAction\":[{\"@type\":\"CommentAction\",\"name\":\"Comment\",\"target\":[\"https:\\\/\\\/informelitoral.com.ar\\\/ip-noticias-tendra-mayor-presencia-con-informacion-desde-entre-rios\\\/#respond\"]}]},{\"@type\":\"WebPage\",\"@id\":\"https:\\\/\\\/informelitoral.com.ar\\\/ip-noticias-tendra-mayor-presencia-con-informacion-desde-entre-rios\\\/\",\"url\":\"https:\\\/\\\/informelitoral.com.ar\\\/ip-noticias-tendra-mayor-presencia-con-informacion-desde-entre-rios\\\/\",\"name\":\"IP Noticias tendr\u00e1 mayor presencia con informaci\u00f3n desde Entre R\u00edos - Informe Litoral\",\"isPartOf\":{\"@id\":\"https:\\\/\\\/informelitoral.com.ar\\\/#website\"},\"primaryImageOfPage\":{\"@id\":\"https:\\\/\\\/informelitoral.com.ar\\\/ip-noticias-tendra-mayor-presencia-con-informacion-desde-entre-rios\\\/#primaryimage\"},\"image\":{\"@id\":\"https:\\\/\\\/informelitoral.com.ar\\\/ip-noticias-tendra-mayor-presencia-con-informacion-desde-entre-rios\\\/#primaryimage\"},\"thumbnailUrl\":\"https:\\\/\\\/informelitoral.com.ar\\\/%77%70%2d%63%6f%6e%74%65%6e%74\\\/uploads\\\/2025\\\/03\\\/gonzalo-schmidt-ip-noticias.jpg\",\"datePublished\":\"2025-03-30T14:26:19+00:00\",\"dateModified\":\"2025-03-30T15:18:32+00:00\",\"breadcrumb\":{\"@id\":\"https:\\\/\\\/informelitoral.com.ar\\\/ip-noticias-tendra-mayor-presencia-con-informacion-desde-entre-rios\\\/#breadcrumb\"},\"inLanguage\":\"es\",\"potentialAction\":[{\"@type\":\"ReadAction\",\"target\":[\"https:\\\/\\\/informelitoral.com.ar\\\/ip-noticias-tendra-mayor-presencia-con-informacion-desde-entre-rios\\\/\"]}]},{\"@type\":\"ImageObject\",\"inLanguage\":\"es\",\"@id\":\"https:\\\/\\\/informelitoral.com.ar\\\/ip-noticias-tendra-mayor-presencia-con-informacion-desde-entre-rios\\\/#primaryimage\",\"url\":\"https:\\\/\\\/informelitoral.com.ar\\\/%77%70%2d%63%6f%6e%74%65%6e%74\\\/uploads\\\/2025\\\/03\\\/gonzalo-schmidt-ip-noticias.jpg\",\"contentUrl\":\"https:\\\/\\\/informelitoral.com.ar\\\/%77%70%2d%63%6f%6e%74%65%6e%74\\\/uploads\\\/2025\\\/03\\\/gonzalo-schmidt-ip-noticias.jpg\",\"width\":1440,\"height\":1800,\"caption\":\"Gonzalo Schmidt, corresposal de IP Noticias en un m\u00f3vil desde Mar\u00eda Grande.\"},{\"@type\":\"BreadcrumbList\",\"@id\":\"https:\\\/\\\/informelitoral.com.ar\\\/ip-noticias-tendra-mayor-presencia-con-informacion-desde-entre-rios\\\/#breadcrumb\",\"itemListElement\":[{\"@type\":\"ListItem\",\"position\":1,\"name\":\"Portada\",\"item\":\"https:\\\/\\\/informelitoral.com.ar\\\/\"},{\"@type\":\"ListItem\",\"position\":2,\"name\":\"IP Noticias tendr\u00e1 mayor presencia con informaci\u00f3n desde Entre R\u00edos\"}]},{\"@type\":\"WebSite\",\"@id\":\"https:\\\/\\\/informelitoral.com.ar\\\/#website\",\"url\":\"https:\\\/\\\/informelitoral.com.ar\\\/\",\"name\":\"Informe Litoral\",\"description\":\"&quot;Nos informamos&quot; \",\"publisher\":{\"@id\":\"https:\\\/\\\/informelitoral.com.ar\\\/#organization\"},\"potentialAction\":[{\"@type\":\"SearchAction\",\"target\":{\"@type\":\"EntryPoint\",\"urlTemplate\":\"https:\\\/\\\/informelitoral.com.ar\\\/?s={search_term_string}\"},\"query-input\":{\"@type\":\"PropertyValueSpecification\",\"valueRequired\":true,\"valueName\":\"search_term_string\"}}],\"inLanguage\":\"es\"},{\"@type\":\"Organization\",\"@id\":\"https:\\\/\\\/informelitoral.com.ar\\\/#organization\",\"name\":\"Informe Litoral\",\"url\":\"https:\\\/\\\/informelitoral.com.ar\\\/\",\"logo\":{\"@type\":\"ImageObject\",\"inLanguage\":\"es\",\"@id\":\"https:\\\/\\\/informelitoral.com.ar\\\/#\\\/schema\\\/logo\\\/image\\\/\",\"url\":\"https:\\\/\\\/informelitoral.com.ar\\\/%77%70%2d%63%6f%6e%74%65%6e%74\\\/uploads\\\/2021\\\/01\\\/circulo.png\",\"contentUrl\":\"https:\\\/\\\/informelitoral.com.ar\\\/%77%70%2d%63%6f%6e%74%65%6e%74\\\/uploads\\\/2021\\\/01\\\/circulo.png\",\"width\":723,\"height\":731,\"caption\":\"Informe Litoral\"},\"image\":{\"@id\":\"https:\\\/\\\/informelitoral.com.ar\\\/#\\\/schema\\\/logo\\\/image\\\/\"},\"sameAs\":[\"https:\\\/\\\/www.facebook.com\\\/informelitoral\\\/\",\"https:\\\/\\\/x.com\\\/InformeLitoral\",\"https:\\\/\\\/www.instagram.com\\\/informelitoral\\\/\",\"https:\\\/\\\/www.youtube.com\\\/channel\\\/UCua4Qvz8Icb6MYqhoq9xLXw\"]},{\"@type\":\"Person\",\"@id\":\"https:\\\/\\\/informelitoral.com.ar\\\/#\\\/schema\\\/person\\\/b9d00407c836482871ef1d57bf8e3180\",\"name\":\"Gonzalo Schmidt\",\"image\":{\"@type\":\"ImageObject\",\"inLanguage\":\"es\",\"@id\":\"https:\\\/\\\/secure.gravatar.com\\\/avatar\\\/31a1a7b66ff2de83bd0e9fd79d026630d2d99e55e8bfe501287647b4fd9743de?s=96&d=mm&r=g\",\"url\":\"https:\\\/\\\/secure.gravatar.com\\\/avatar\\\/31a1a7b66ff2de83bd0e9fd79d026630d2d99e55e8bfe501287647b4fd9743de?s=96&d=mm&r=g\",\"contentUrl\":\"https:\\\/\\\/secure.gravatar.com\\\/avatar\\\/31a1a7b66ff2de83bd0e9fd79d026630d2d99e55e8bfe501287647b4fd9743de?s=96&d=mm&r=g\",\"caption\":\"Gonzalo Schmidt\"},\"description\":\"Sitio web de noticias de la provincia de Entre R\u00edos, Argentina. Informaci\u00f3n y entretenimiento. Informe Litoral, nos informamos.\",\"sameAs\":[\"http:\\\/\\\/www.isletasnoticias.com.ar\"],\"url\":\"https:\\\/\\\/informelitoral.com.ar\\\/author\\\/gonzalo\\\/\"}]}<\/script>","yoast_head_json":{"title":"IP Noticias tendr\u00e1 mayor presencia con informaci\u00f3n desde Entre R\u00edos - Informe Litoral","robots":{"index":"index","follow":"follow","max-snippet":"max-snippet:-1","max-image-preview":"max-image-preview:large","max-video-preview":"max-video-preview:-1"},"canonical":"https:\/\/informelitoral.com.ar\/ip-noticias-tendra-mayor-presencia-con-informacion-desde-entre-rios\/","og_locale":"es_ES","og_type":"article","og_title":"IP Noticias tendr\u00e1 mayor presencia con informaci\u00f3n desde Entre R\u00edos - Informe Litoral","og_description":"El canal de cable porte\u00f1o se propone ser uno de los m\u00e1s federales del pa\u00eds, con corresponsales en cada provincia. En ese marco, Gonzalo Schmidt ocupa ese lugar en Paran\u00e1 desde 2023, aunque ahora el objetivo es brindar m\u00e1s informaci\u00f3n del interior.","og_url":"https:\/\/informelitoral.com.ar\/ip-noticias-tendra-mayor-presencia-con-informacion-desde-entre-rios\/","og_site_name":"Informe Litoral","article_publisher":"https:\/\/www.facebook.com\/informelitoral\/","article_published_time":"2025-03-30T14:26:19+00:00","article_modified_time":"2025-03-30T15:18:32+00:00","og_image":[{"width":1440,"height":1800,"url":"https:\/\/informelitoral.com.ar\/%77%70%2d%63%6f%6e%74%65%6e%74\/uploads\/2025\/03\/gonzalo-schmidt-ip-noticias.jpg","type":"image\/jpeg"}],"author":"Gonzalo Schmidt","twitter_card":"summary_large_image","twitter_creator":"@InformeLitoral","twitter_site":"@InformeLitoral","twitter_misc":{"Escrito por":"Gonzalo Schmidt","Tiempo de lectura":"1 minuto"},"schema":{"@context":"https:\/\/schema.org","@graph":[{"@type":"Article","@id":"https:\/\/informelitoral.com.ar\/ip-noticias-tendra-mayor-presencia-con-informacion-desde-entre-rios\/#article","isPartOf":{"@id":"https:\/\/informelitoral.com.ar\/ip-noticias-tendra-mayor-presencia-con-informacion-desde-entre-rios\/"},"author":{"name":"Gonzalo Schmidt","@id":"https:\/\/informelitoral.com.ar\/#\/schema\/person\/b9d00407c836482871ef1d57bf8e3180"},"headline":"IP Noticias tendr\u00e1 mayor presencia con informaci\u00f3n desde Entre R\u00edos","datePublished":"2025-03-30T14:26:19+00:00","dateModified":"2025-03-30T15:18:32+00:00","mainEntityOfPage":{"@id":"https:\/\/informelitoral.com.ar\/ip-noticias-tendra-mayor-presencia-con-informacion-desde-entre-rios\/"},"wordCount":309,"commentCount":0,"publisher":{"@id":"https:\/\/informelitoral.com.ar\/#organization"},"image":{"@id":"https:\/\/informelitoral.com.ar\/ip-noticias-tendra-mayor-presencia-con-informacion-desde-entre-rios\/#primaryimage"},"thumbnailUrl":"https:\/\/informelitoral.com.ar\/%77%70%2d%63%6f%6e%74%65%6e%74\/uploads\/2025\/03\/gonzalo-schmidt-ip-noticias.jpg","keywords":["Gonzalo Schmidt","IP Noticias","Medios","Medios de Comunicaci\u00f3n","Televisi\u00f3n"],"articleSection":["Espect\u00e1culos"],"inLanguage":"es","potentialAction":[{"@type":"CommentAction","name":"Comment","target":["https:\/\/informelitoral.com.ar\/ip-noticias-tendra-mayor-presencia-con-informacion-desde-entre-rios\/#respond"]}]},{"@type":"WebPage","@id":"https:\/\/informelitoral.com.ar\/ip-noticias-tendra-mayor-presencia-con-informacion-desde-entre-rios\/","url":"https:\/\/informelitoral.com.ar\/ip-noticias-tendra-mayor-presencia-con-informacion-desde-entre-rios\/","name":"IP Noticias tendr\u00e1 mayor presencia con informaci\u00f3n desde Entre R\u00edos - Informe Litoral","isPartOf":{"@id":"https:\/\/informelitoral.com.ar\/#website"},"primaryImageOfPage":{"@id":"https:\/\/informelitoral.com.ar\/ip-noticias-tendra-mayor-presencia-con-informacion-desde-entre-rios\/#primaryimage"},"image":{"@id":"https:\/\/informelitoral.com.ar\/ip-noticias-tendra-mayor-presencia-con-informacion-desde-entre-rios\/#primaryimage"},"thumbnailUrl":"https:\/\/informelitoral.com.ar\/%77%70%2d%63%6f%6e%74%65%6e%74\/uploads\/2025\/03\/gonzalo-schmidt-ip-noticias.jpg","datePublished":"2025-03-30T14:26:19+00:00","dateModified":"2025-03-30T15:18:32+00:00","breadcrumb":{"@id":"https:\/\/informelitoral.com.ar\/ip-noticias-tendra-mayor-presencia-con-informacion-desde-entre-rios\/#breadcrumb"},"inLanguage":"es","potentialAction":[{"@type":"ReadAction","target":["https:\/\/informelitoral.com.ar\/ip-noticias-tendra-mayor-presencia-con-informacion-desde-entre-rios\/"]}]},{"@type":"ImageObject","inLanguage":"es","@id":"https:\/\/informelitoral.com.ar\/ip-noticias-tendra-mayor-presencia-con-informacion-desde-entre-rios\/#primaryimage","url":"https:\/\/informelitoral.com.ar\/%77%70%2d%63%6f%6e%74%65%6e%74\/uploads\/2025\/03\/gonzalo-schmidt-ip-noticias.jpg","contentUrl":"https:\/\/informelitoral.com.ar\/%77%70%2d%63%6f%6e%74%65%6e%74\/uploads\/2025\/03\/gonzalo-schmidt-ip-noticias.jpg","width":1440,"height":1800,"caption":"Gonzalo Schmidt, corresposal de IP Noticias en un m\u00f3vil desde Mar\u00eda Grande."},{"@type":"BreadcrumbList","@id":"https:\/\/informelitoral.com.ar\/ip-noticias-tendra-mayor-presencia-con-informacion-desde-entre-rios\/#breadcrumb","itemListElement":[{"@type":"ListItem","position":1,"name":"Portada","item":"https:\/\/informelitoral.com.ar\/"},{"@type":"ListItem","position":2,"name":"IP Noticias tendr\u00e1 mayor presencia con informaci\u00f3n desde Entre R\u00edos"}]},{"@type":"WebSite","@id":"https:\/\/informelitoral.com.ar\/#website","url":"https:\/\/informelitoral.com.ar\/","name":"Informe Litoral","description":"&quot;Nos informamos&quot; ","publisher":{"@id":"https:\/\/informelitoral.com.ar\/#organization"},"potentialAction":[{"@type":"SearchAction","target":{"@type":"EntryPoint","urlTemplate":"https:\/\/informelitoral.com.ar\/?s={search_term_string}"},"query-input":{"@type":"PropertyValueSpecification","valueRequired":true,"valueName":"search_term_string"}}],"inLanguage":"es"},{"@type":"Organization","@id":"https:\/\/informelitoral.com.ar\/#organization","name":"Informe Litoral","url":"https:\/\/informelitoral.com.ar\/","logo":{"@type":"ImageObject","inLanguage":"es","@id":"https:\/\/informelitoral.com.ar\/#\/schema\/logo\/image\/","url":"https:\/\/informelitoral.com.ar\/%77%70%2d%63%6f%6e%74%65%6e%74\/uploads\/2021\/01\/circulo.png","contentUrl":"https:\/\/informelitoral.com.ar\/%77%70%2d%63%6f%6e%74%65%6e%74\/uploads\/2021\/01\/circulo.png","width":723,"height":731,"caption":"Informe Litoral"},"image":{"@id":"https:\/\/informelitoral.com.ar\/#\/schema\/logo\/image\/"},"sameAs":["https:\/\/www.facebook.com\/informelitoral\/","https:\/\/x.com\/InformeLitoral","https:\/\/www.instagram.com\/informelitoral\/","https:\/\/www.youtube.com\/channel\/UCua4Qvz8Icb6MYqhoq9xLXw"]},{"@type":"Person","@id":"https:\/\/informelitoral.com.ar\/#\/schema\/person\/b9d00407c836482871ef1d57bf8e3180","name":"Gonzalo Schmidt","image":{"@type":"ImageObject","inLanguage":"es","@id":"https:\/\/secure.gravatar.com\/avatar\/31a1a7b66ff2de83bd0e9fd79d026630d2d99e55e8bfe501287647b4fd9743de?s=96&d=mm&r=g","url":"https:\/\/secure.gravatar.com\/avatar\/31a1a7b66ff2de83bd0e9fd79d026630d2d99e55e8bfe501287647b4fd9743de?s=96&d=mm&r=g","contentUrl":"https:\/\/secure.gravatar.com\/avatar\/31a1a7b66ff2de83bd0e9fd79d026630d2d99e55e8bfe501287647b4fd9743de?s=96&d=mm&r=g","caption":"Gonzalo Schmidt"},"description":"Sitio web de noticias de la provincia de Entre R\u00edos, Argentina. Informaci\u00f3n y entretenimiento. Informe Litoral, nos informamos.","sameAs":["http:\/\/www.isletasnoticias.com.ar"],"url":"https:\/\/informelitoral.com.ar\/author\/gonzalo\/"}]}},"_links":{"self":[{"href":"https:\/\/informelitoral.com.ar\/%77%70%2d%6a%73%6f%6e\/wp\/v2\/posts\/216645","targetHints":{"allow":["GET"]}}],"collection":[{"href":"https:\/\/informelitoral.com.ar\/%77%70%2d%6a%73%6f%6e\/wp\/v2\/posts"}],"about":[{"href":"https:\/\/informelitoral.com.ar\/%77%70%2d%6a%73%6f%6e\/wp\/v2\/types\/post"}],"author":[{"embeddable":true,"href":"https:\/\/informelitoral.com.ar\/%77%70%2d%6a%73%6f%6e\/wp\/v2\/users\/2"}],"replies":[{"embeddable":true,"href":"https:\/\/informelitoral.com.ar\/%77%70%2d%6a%73%6f%6e\/wp\/v2\/comments?post=216645"}],"version-history":[{"count":0,"href":"https:\/\/informelitoral.com.ar\/%77%70%2d%6a%73%6f%6e\/wp\/v2\/posts\/216645\/revisions"}],"wp:featuredmedia":[{"embeddable":true,"href":"https:\/\/informelitoral.com.ar\/%77%70%2d%6a%73%6f%6e\/wp\/v2\/media\/216646"}],"wp:attachment":[{"href":"https:\/\/informelitoral.com.ar\/%77%70%2d%6a%73%6f%6e\/wp\/v2\/media?parent=216645"}],"wp:term":[{"taxonomy":"category","embeddable":true,"href":"https:\/\/informelitoral.com.ar\/%77%70%2d%6a%73%6f%6e\/wp\/v2\/categories?post=216645"},{"taxonomy":"post_tag","embeddable":true,"href":"https:\/\/informelitoral.com.ar\/%77%70%2d%6a%73%6f%6e\/wp\/v2\/tags?post=216645"}],"curies":[{"name":"wp","href":"https:\/\/api.w.org\/{rel}","templated":true}]}}