{"id":216641,"date":"2025-03-30T10:22:13","date_gmt":"2025-03-30T13:22:13","guid":{"rendered":"https:\/\/informelitoral.com.ar\/?p=216641"},"modified":"2025-03-30T10:22:13","modified_gmt":"2025-03-30T13:22:13","slug":"alerta-amarilla-y-naranja-por-tormentas-en-entre-rios","status":"publish","type":"post","link":"https:\/\/informelitoral.com.ar\/alerta-amarilla-y-naranja-por-tormentas-en-entre-rios\/","title":{"rendered":"Alerta amarilla y naranja por tormentas en Entre R\u00edos"},"content":{"rendered":"<p>El Servicio Meteorol\u00f3gico Nacional (SMN) renov\u00f3 este domingo la alerta por tormentas para toda la provincia de Entre R\u00edos. Se espera que las condiciones meteorol\u00f3gicas sean inestables, con un pron\u00f3stico de tormentas fuertes y chaparrones hacia la noche, acompa\u00f1ados de<u>\u00a0temperaturas que oscilar\u00e1n entre los 19 y 31\u00b0C.<\/u><\/p>\n<h2><strong>Alerta naranja para el centro y sur de Entre R\u00edos<\/strong><\/h2>\n<p>La alerta naranja abarca a los<strong> departamentos de Paran\u00e1, Col\u00f3n, Gualeguaych\u00fa, Islas del Ibicuy, Tala, Uruguay, Diamante, La Paz, Nogoy\u00e1, Villaguay, Gualeguay y Victoria.<\/strong> Se prev\u00e9 que la regi\u00f3n sea afectada por lluvias y tormentas intensas, algunas de las cuales podr\u00edan ser severas. Estas tormentas podr\u00edan estar acompa\u00f1adas de una fuerte ca\u00edda de agua en cortos per\u00edodos, r\u00e1fagas de viento que podr\u00edan superar los 100 km\/h, granizo de diversos tama\u00f1os y frecuente actividad el\u00e9ctrica.<\/p>\n<p>Se esperan precipitaciones acumuladas entre 30 y 70 mm, aunque podr\u00edan superarse en \u00e1reas puntuales. Las autoridades recomiendan tomar precauciones ante los riesgos de fen\u00f3menos meteorol\u00f3gicos severos.<\/p>\n<h2><strong>Alerta amarilla para el norte provincial<\/strong><\/h2>\n<p>El SMN tambi\u00e9n ha emitido una alerta amarilla para los departamentos de Concordia, Federaci\u00f3n, Federal, Feliciano y San Salvador. En estas zonas se prev\u00e9 que las tormentas sean menos intensas pero a\u00fan podr\u00edan generar lluvias intensas, r\u00e1fagas de viento de hasta 70 km\/h, granizo y actividad el\u00e9ctrica.<\/p>\n<p>Se estiman precipitaciones acumuladas entre 15 y 30 mm, con la posibilidad de que algunos sectores superen estos valores.<\/p>\n<h2><strong>Alivio con el frente fr\u00edo<\/strong><\/h2>\n<p>Tras varios d\u00edas de calor y humedad, el cambio de viento hacia el sur traer\u00e1 un esperado alivio. El frente fr\u00edo que avanza por el centro del pa\u00eds comenzar\u00e1 a generar tormentas a partir de la madrugada en el este de La Pampa y sudoeste de Buenos Aires, y progresar\u00e1 hacia la regi\u00f3n pampeana, afectando tambi\u00e9n a las provincias de C\u00f3rdoba y Buenos Aires. Las tormentas ser\u00e1n intensas, con valores de precipitaci\u00f3n entre 15 y 30 mm y la posibilidad de granizo en las celdas m\u00e1s fuertes, indic\u00f3 Meteored.<\/p>\n<h2><strong>Pron\u00f3stico extendido para Paran\u00e1 y la regi\u00f3n<\/strong><\/h2>\n<p>\u2022 Lunes: Probabilidad de lluvias, con una m\u00ednima de 15\u00b0C y una m\u00e1xima de 24\u00b0C.<\/p>\n<p>\u2022 Martes: Cielos parcialmente nublados, m\u00ednima de 12\u00b0C y m\u00e1xima de 25\u00b0C.<\/p>\n<p>\u2022 Mi\u00e9rcoles: Condiciones estables, con m\u00e1ximas de 25\u00b0C.<\/p>\n<p>\u2022 Jueves: Parcialmente nublado, con m\u00ednimas de 14\u00b0C y m\u00e1ximas de 28\u00b0C.<\/p>\n<p>El pron\u00f3stico anticipa una semana de temperaturas m\u00e1s frescas y con condiciones m\u00e1s propias del oto\u00f1o, especialmente en la regi\u00f3n pampeana y centro del pa\u00eds. Ante el pron\u00f3stico de tormentas fuertes, se recomienda a la poblaci\u00f3n seguir las indicaciones de las autoridades y mantenerse informados.<\/p>\n<h6><em><strong>Del archivo:\u00a0<a href=\"https:\/\/informelitoral.com.ar\/el-iapv-implementa-un-formulario-de-notificaciones-electronicas\/\" target=\"_blank\" rel=\"noopener\">El IAPV implementa un formulario de notificaciones electr\u00f3nicas<\/a><\/strong><\/em><\/h6>\n","protected":false},"excerpt":{"rendered":"<p>El centro y sur de la provincia est\u00e1 bajo alerta naranja y el amarillo rige para el norte. En fen\u00f3meno se manifestar\u00e1 durante el domingo. Desde el martes ya no se prev\u00e9n lluvias y las temperaturas bajar\u00e1n varios grados. <\/p>\n","protected":false},"author":2,"featured_media":72888,"comment_status":"open","ping_status":"open","sticky":false,"template":"","format":"standard","meta":{"fifu_image_url":"","fifu_image_alt":"","footnotes":""},"categories":[6],"tags":[1557,2645,1078],"class_list":{"0":"post-216641","1":"post","2":"type-post","3":"status-publish","4":"format-standard","5":"has-post-thumbnail","7":"category-entre-rios","8":"tag-alerta-meteorologico","9":"tag-alerta-por-tormentas","10":"tag-tormentas"},"yoast_head":"<title>Alerta amarilla y naranja por tormentas en Entre R\u00edos - Informe Litoral<\/title>\n<meta name=\"robots\" content=\"index, follow, max-snippet:-1, max-image-preview:large, max-video-preview:-1\" \/>\n<link rel=\"canonical\" href=\"https:\/\/informelitoral.com.ar\/alerta-amarilla-y-naranja-por-tormentas-en-entre-rios\/\" \/>\n<meta property=\"og:locale\" content=\"es_ES\" \/>\n<meta property=\"og:type\" content=\"article\" \/>\n<meta property=\"og:title\" content=\"Alerta amarilla y naranja por tormentas en Entre R\u00edos - Informe Litoral\" \/>\n<meta property=\"og:description\" content=\"El centro y sur de la provincia est\u00e1 bajo alerta naranja y el amarillo rige para el norte. En fen\u00f3meno se manifestar\u00e1 durante el domingo. Desde el martes ya no se prev\u00e9n lluvias y las temperaturas bajar\u00e1n varios grados.\" \/>\n<meta property=\"og:url\" content=\"https:\/\/informelitoral.com.ar\/alerta-amarilla-y-naranja-por-tormentas-en-entre-rios\/\" \/>\n<meta property=\"og:site_name\" content=\"Informe Litoral\" \/>\n<meta property=\"article:publisher\" content=\"https:\/\/www.facebook.com\/informelitoral\/\" \/>\n<meta property=\"article:published_time\" content=\"2025-03-30T13:22:13+00:00\" \/>\n<meta property=\"og:image\" content=\"https:\/\/informelitoral.com.ar\/%77%70%2d%63%6f%6e%74%65%6e%74\/uploads\/2022\/03\/alerta_lluvias_y_tormentas_12.jpg\" \/>\n\t<meta property=\"og:image:width\" content=\"1330\" \/>\n\t<meta property=\"og:image:height\" content=\"880\" \/>\n\t<meta property=\"og:image:type\" content=\"image\/jpeg\" \/>\n<meta name=\"author\" content=\"Gonzalo Schmidt\" \/>\n<meta name=\"twitter:card\" content=\"summary_large_image\" \/>\n<meta name=\"twitter:creator\" content=\"@InformeLitoral\" \/>\n<meta name=\"twitter:site\" content=\"@InformeLitoral\" \/>\n<meta name=\"twitter:label1\" content=\"Escrito por\" \/>\n\t<meta name=\"twitter:data1\" content=\"Gonzalo Schmidt\" \/>\n\t<meta name=\"twitter:label2\" content=\"Tiempo de lectura\" \/>\n\t<meta name=\"twitter:data2\" content=\"2 minutos\" \/>\n<script type=\"application\/ld+json\" class=\"yoast-schema-graph\">{\"@context\":\"https:\\\/\\\/schema.org\",\"@graph\":[{\"@type\":\"Article\",\"@id\":\"https:\\\/\\\/informelitoral.com.ar\\\/alerta-amarilla-y-naranja-por-tormentas-en-entre-rios\\\/#article\",\"isPartOf\":{\"@id\":\"https:\\\/\\\/informelitoral.com.ar\\\/alerta-amarilla-y-naranja-por-tormentas-en-entre-rios\\\/\"},\"author\":{\"name\":\"Gonzalo Schmidt\",\"@id\":\"https:\\\/\\\/informelitoral.com.ar\\\/#\\\/schema\\\/person\\\/b9d00407c836482871ef1d57bf8e3180\"},\"headline\":\"Alerta amarilla y naranja por tormentas en Entre R\u00edos\",\"datePublished\":\"2025-03-30T13:22:13+00:00\",\"mainEntityOfPage\":{\"@id\":\"https:\\\/\\\/informelitoral.com.ar\\\/alerta-amarilla-y-naranja-por-tormentas-en-entre-rios\\\/\"},\"wordCount\":489,\"commentCount\":0,\"publisher\":{\"@id\":\"https:\\\/\\\/informelitoral.com.ar\\\/#organization\"},\"image\":{\"@id\":\"https:\\\/\\\/informelitoral.com.ar\\\/alerta-amarilla-y-naranja-por-tormentas-en-entre-rios\\\/#primaryimage\"},\"thumbnailUrl\":\"https:\\\/\\\/informelitoral.com.ar\\\/%77%70%2d%63%6f%6e%74%65%6e%74\\\/uploads\\\/2022\\\/03\\\/alerta_lluvias_y_tormentas_12.jpg\",\"keywords\":[\"Alerta meteorol\u00f3gico\",\"Alerta por tormentas\",\"Tormentas\"],\"articleSection\":[\"Entre R\u00edos\"],\"inLanguage\":\"es\",\"potentialAction\":[{\"@type\":\"CommentAction\",\"name\":\"Comment\",\"target\":[\"https:\\\/\\\/informelitoral.com.ar\\\/alerta-amarilla-y-naranja-por-tormentas-en-entre-rios\\\/#respond\"]}]},{\"@type\":\"WebPage\",\"@id\":\"https:\\\/\\\/informelitoral.com.ar\\\/alerta-amarilla-y-naranja-por-tormentas-en-entre-rios\\\/\",\"url\":\"https:\\\/\\\/informelitoral.com.ar\\\/alerta-amarilla-y-naranja-por-tormentas-en-entre-rios\\\/\",\"name\":\"Alerta amarilla y naranja por tormentas en Entre R\u00edos - Informe Litoral\",\"isPartOf\":{\"@id\":\"https:\\\/\\\/informelitoral.com.ar\\\/#website\"},\"primaryImageOfPage\":{\"@id\":\"https:\\\/\\\/informelitoral.com.ar\\\/alerta-amarilla-y-naranja-por-tormentas-en-entre-rios\\\/#primaryimage\"},\"image\":{\"@id\":\"https:\\\/\\\/informelitoral.com.ar\\\/alerta-amarilla-y-naranja-por-tormentas-en-entre-rios\\\/#primaryimage\"},\"thumbnailUrl\":\"https:\\\/\\\/informelitoral.com.ar\\\/%77%70%2d%63%6f%6e%74%65%6e%74\\\/uploads\\\/2022\\\/03\\\/alerta_lluvias_y_tormentas_12.jpg\",\"datePublished\":\"2025-03-30T13:22:13+00:00\",\"breadcrumb\":{\"@id\":\"https:\\\/\\\/informelitoral.com.ar\\\/alerta-amarilla-y-naranja-por-tormentas-en-entre-rios\\\/#breadcrumb\"},\"inLanguage\":\"es\",\"potentialAction\":[{\"@type\":\"ReadAction\",\"target\":[\"https:\\\/\\\/informelitoral.com.ar\\\/alerta-amarilla-y-naranja-por-tormentas-en-entre-rios\\\/\"]}]},{\"@type\":\"ImageObject\",\"inLanguage\":\"es\",\"@id\":\"https:\\\/\\\/informelitoral.com.ar\\\/alerta-amarilla-y-naranja-por-tormentas-en-entre-rios\\\/#primaryimage\",\"url\":\"https:\\\/\\\/informelitoral.com.ar\\\/%77%70%2d%63%6f%6e%74%65%6e%74\\\/uploads\\\/2022\\\/03\\\/alerta_lluvias_y_tormentas_12.jpg\",\"contentUrl\":\"https:\\\/\\\/informelitoral.com.ar\\\/%77%70%2d%63%6f%6e%74%65%6e%74\\\/uploads\\\/2022\\\/03\\\/alerta_lluvias_y_tormentas_12.jpg\",\"width\":1330,\"height\":880},{\"@type\":\"BreadcrumbList\",\"@id\":\"https:\\\/\\\/informelitoral.com.ar\\\/alerta-amarilla-y-naranja-por-tormentas-en-entre-rios\\\/#breadcrumb\",\"itemListElement\":[{\"@type\":\"ListItem\",\"position\":1,\"name\":\"Portada\",\"item\":\"https:\\\/\\\/informelitoral.com.ar\\\/\"},{\"@type\":\"ListItem\",\"position\":2,\"name\":\"Alerta amarilla y naranja por tormentas en Entre R\u00edos\"}]},{\"@type\":\"WebSite\",\"@id\":\"https:\\\/\\\/informelitoral.com.ar\\\/#website\",\"url\":\"https:\\\/\\\/informelitoral.com.ar\\\/\",\"name\":\"Informe Litoral\",\"description\":\"&quot;Nos informamos&quot; \",\"publisher\":{\"@id\":\"https:\\\/\\\/informelitoral.com.ar\\\/#organization\"},\"potentialAction\":[{\"@type\":\"SearchAction\",\"target\":{\"@type\":\"EntryPoint\",\"urlTemplate\":\"https:\\\/\\\/informelitoral.com.ar\\\/?s={search_term_string}\"},\"query-input\":{\"@type\":\"PropertyValueSpecification\",\"valueRequired\":true,\"valueName\":\"search_term_string\"}}],\"inLanguage\":\"es\"},{\"@type\":\"Organization\",\"@id\":\"https:\\\/\\\/informelitoral.com.ar\\\/#organization\",\"name\":\"Informe Litoral\",\"url\":\"https:\\\/\\\/informelitoral.com.ar\\\/\",\"logo\":{\"@type\":\"ImageObject\",\"inLanguage\":\"es\",\"@id\":\"https:\\\/\\\/informelitoral.com.ar\\\/#\\\/schema\\\/logo\\\/image\\\/\",\"url\":\"https:\\\/\\\/informelitoral.com.ar\\\/%77%70%2d%63%6f%6e%74%65%6e%74\\\/uploads\\\/2021\\\/01\\\/circulo.png\",\"contentUrl\":\"https:\\\/\\\/informelitoral.com.ar\\\/%77%70%2d%63%6f%6e%74%65%6e%74\\\/uploads\\\/2021\\\/01\\\/circulo.png\",\"width\":723,\"height\":731,\"caption\":\"Informe Litoral\"},\"image\":{\"@id\":\"https:\\\/\\\/informelitoral.com.ar\\\/#\\\/schema\\\/logo\\\/image\\\/\"},\"sameAs\":[\"https:\\\/\\\/www.facebook.com\\\/informelitoral\\\/\",\"https:\\\/\\\/x.com\\\/InformeLitoral\",\"https:\\\/\\\/www.instagram.com\\\/informelitoral\\\/\",\"https:\\\/\\\/www.youtube.com\\\/channel\\\/UCua4Qvz8Icb6MYqhoq9xLXw\"]},{\"@type\":\"Person\",\"@id\":\"https:\\\/\\\/informelitoral.com.ar\\\/#\\\/schema\\\/person\\\/b9d00407c836482871ef1d57bf8e3180\",\"name\":\"Gonzalo Schmidt\",\"image\":{\"@type\":\"ImageObject\",\"inLanguage\":\"es\",\"@id\":\"https:\\\/\\\/secure.gravatar.com\\\/avatar\\\/31a1a7b66ff2de83bd0e9fd79d026630d2d99e55e8bfe501287647b4fd9743de?s=96&d=mm&r=g\",\"url\":\"https:\\\/\\\/secure.gravatar.com\\\/avatar\\\/31a1a7b66ff2de83bd0e9fd79d026630d2d99e55e8bfe501287647b4fd9743de?s=96&d=mm&r=g\",\"contentUrl\":\"https:\\\/\\\/secure.gravatar.com\\\/avatar\\\/31a1a7b66ff2de83bd0e9fd79d026630d2d99e55e8bfe501287647b4fd9743de?s=96&d=mm&r=g\",\"caption\":\"Gonzalo Schmidt\"},\"description\":\"Sitio web de noticias de la provincia de Entre R\u00edos, Argentina. Informaci\u00f3n y entretenimiento. Informe Litoral, nos informamos.\",\"sameAs\":[\"http:\\\/\\\/www.isletasnoticias.com.ar\"],\"url\":\"https:\\\/\\\/informelitoral.com.ar\\\/author\\\/gonzalo\\\/\"}]}<\/script>","yoast_head_json":{"title":"Alerta amarilla y naranja por tormentas en Entre R\u00edos - Informe Litoral","robots":{"index":"index","follow":"follow","max-snippet":"max-snippet:-1","max-image-preview":"max-image-preview:large","max-video-preview":"max-video-preview:-1"},"canonical":"https:\/\/informelitoral.com.ar\/alerta-amarilla-y-naranja-por-tormentas-en-entre-rios\/","og_locale":"es_ES","og_type":"article","og_title":"Alerta amarilla y naranja por tormentas en Entre R\u00edos - Informe Litoral","og_description":"El centro y sur de la provincia est\u00e1 bajo alerta naranja y el amarillo rige para el norte. En fen\u00f3meno se manifestar\u00e1 durante el domingo. Desde el martes ya no se prev\u00e9n lluvias y las temperaturas bajar\u00e1n varios grados.","og_url":"https:\/\/informelitoral.com.ar\/alerta-amarilla-y-naranja-por-tormentas-en-entre-rios\/","og_site_name":"Informe Litoral","article_publisher":"https:\/\/www.facebook.com\/informelitoral\/","article_published_time":"2025-03-30T13:22:13+00:00","og_image":[{"width":1330,"height":880,"url":"https:\/\/informelitoral.com.ar\/%77%70%2d%63%6f%6e%74%65%6e%74\/uploads\/2022\/03\/alerta_lluvias_y_tormentas_12.jpg","type":"image\/jpeg"}],"author":"Gonzalo Schmidt","twitter_card":"summary_large_image","twitter_creator":"@InformeLitoral","twitter_site":"@InformeLitoral","twitter_misc":{"Escrito por":"Gonzalo Schmidt","Tiempo de lectura":"2 minutos"},"schema":{"@context":"https:\/\/schema.org","@graph":[{"@type":"Article","@id":"https:\/\/informelitoral.com.ar\/alerta-amarilla-y-naranja-por-tormentas-en-entre-rios\/#article","isPartOf":{"@id":"https:\/\/informelitoral.com.ar\/alerta-amarilla-y-naranja-por-tormentas-en-entre-rios\/"},"author":{"name":"Gonzalo Schmidt","@id":"https:\/\/informelitoral.com.ar\/#\/schema\/person\/b9d00407c836482871ef1d57bf8e3180"},"headline":"Alerta amarilla y naranja por tormentas en Entre R\u00edos","datePublished":"2025-03-30T13:22:13+00:00","mainEntityOfPage":{"@id":"https:\/\/informelitoral.com.ar\/alerta-amarilla-y-naranja-por-tormentas-en-entre-rios\/"},"wordCount":489,"commentCount":0,"publisher":{"@id":"https:\/\/informelitoral.com.ar\/#organization"},"image":{"@id":"https:\/\/informelitoral.com.ar\/alerta-amarilla-y-naranja-por-tormentas-en-entre-rios\/#primaryimage"},"thumbnailUrl":"https:\/\/informelitoral.com.ar\/%77%70%2d%63%6f%6e%74%65%6e%74\/uploads\/2022\/03\/alerta_lluvias_y_tormentas_12.jpg","keywords":["Alerta meteorol\u00f3gico","Alerta por tormentas","Tormentas"],"articleSection":["Entre R\u00edos"],"inLanguage":"es","potentialAction":[{"@type":"CommentAction","name":"Comment","target":["https:\/\/informelitoral.com.ar\/alerta-amarilla-y-naranja-por-tormentas-en-entre-rios\/#respond"]}]},{"@type":"WebPage","@id":"https:\/\/informelitoral.com.ar\/alerta-amarilla-y-naranja-por-tormentas-en-entre-rios\/","url":"https:\/\/informelitoral.com.ar\/alerta-amarilla-y-naranja-por-tormentas-en-entre-rios\/","name":"Alerta amarilla y naranja por tormentas en Entre R\u00edos - Informe Litoral","isPartOf":{"@id":"https:\/\/informelitoral.com.ar\/#website"},"primaryImageOfPage":{"@id":"https:\/\/informelitoral.com.ar\/alerta-amarilla-y-naranja-por-tormentas-en-entre-rios\/#primaryimage"},"image":{"@id":"https:\/\/informelitoral.com.ar\/alerta-amarilla-y-naranja-por-tormentas-en-entre-rios\/#primaryimage"},"thumbnailUrl":"https:\/\/informelitoral.com.ar\/%77%70%2d%63%6f%6e%74%65%6e%74\/uploads\/2022\/03\/alerta_lluvias_y_tormentas_12.jpg","datePublished":"2025-03-30T13:22:13+00:00","breadcrumb":{"@id":"https:\/\/informelitoral.com.ar\/alerta-amarilla-y-naranja-por-tormentas-en-entre-rios\/#breadcrumb"},"inLanguage":"es","potentialAction":[{"@type":"ReadAction","target":["https:\/\/informelitoral.com.ar\/alerta-amarilla-y-naranja-por-tormentas-en-entre-rios\/"]}]},{"@type":"ImageObject","inLanguage":"es","@id":"https:\/\/informelitoral.com.ar\/alerta-amarilla-y-naranja-por-tormentas-en-entre-rios\/#primaryimage","url":"https:\/\/informelitoral.com.ar\/%77%70%2d%63%6f%6e%74%65%6e%74\/uploads\/2022\/03\/alerta_lluvias_y_tormentas_12.jpg","contentUrl":"https:\/\/informelitoral.com.ar\/%77%70%2d%63%6f%6e%74%65%6e%74\/uploads\/2022\/03\/alerta_lluvias_y_tormentas_12.jpg","width":1330,"height":880},{"@type":"BreadcrumbList","@id":"https:\/\/informelitoral.com.ar\/alerta-amarilla-y-naranja-por-tormentas-en-entre-rios\/#breadcrumb","itemListElement":[{"@type":"ListItem","position":1,"name":"Portada","item":"https:\/\/informelitoral.com.ar\/"},{"@type":"ListItem","position":2,"name":"Alerta amarilla y naranja por tormentas en Entre R\u00edos"}]},{"@type":"WebSite","@id":"https:\/\/informelitoral.com.ar\/#website","url":"https:\/\/informelitoral.com.ar\/","name":"Informe Litoral","description":"&quot;Nos informamos&quot; ","publisher":{"@id":"https:\/\/informelitoral.com.ar\/#organization"},"potentialAction":[{"@type":"SearchAction","target":{"@type":"EntryPoint","urlTemplate":"https:\/\/informelitoral.com.ar\/?s={search_term_string}"},"query-input":{"@type":"PropertyValueSpecification","valueRequired":true,"valueName":"search_term_string"}}],"inLanguage":"es"},{"@type":"Organization","@id":"https:\/\/informelitoral.com.ar\/#organization","name":"Informe Litoral","url":"https:\/\/informelitoral.com.ar\/","logo":{"@type":"ImageObject","inLanguage":"es","@id":"https:\/\/informelitoral.com.ar\/#\/schema\/logo\/image\/","url":"https:\/\/informelitoral.com.ar\/%77%70%2d%63%6f%6e%74%65%6e%74\/uploads\/2021\/01\/circulo.png","contentUrl":"https:\/\/informelitoral.com.ar\/%77%70%2d%63%6f%6e%74%65%6e%74\/uploads\/2021\/01\/circulo.png","width":723,"height":731,"caption":"Informe Litoral"},"image":{"@id":"https:\/\/informelitoral.com.ar\/#\/schema\/logo\/image\/"},"sameAs":["https:\/\/www.facebook.com\/informelitoral\/","https:\/\/x.com\/InformeLitoral","https:\/\/www.instagram.com\/informelitoral\/","https:\/\/www.youtube.com\/channel\/UCua4Qvz8Icb6MYqhoq9xLXw"]},{"@type":"Person","@id":"https:\/\/informelitoral.com.ar\/#\/schema\/person\/b9d00407c836482871ef1d57bf8e3180","name":"Gonzalo Schmidt","image":{"@type":"ImageObject","inLanguage":"es","@id":"https:\/\/secure.gravatar.com\/avatar\/31a1a7b66ff2de83bd0e9fd79d026630d2d99e55e8bfe501287647b4fd9743de?s=96&d=mm&r=g","url":"https:\/\/secure.gravatar.com\/avatar\/31a1a7b66ff2de83bd0e9fd79d026630d2d99e55e8bfe501287647b4fd9743de?s=96&d=mm&r=g","contentUrl":"https:\/\/secure.gravatar.com\/avatar\/31a1a7b66ff2de83bd0e9fd79d026630d2d99e55e8bfe501287647b4fd9743de?s=96&d=mm&r=g","caption":"Gonzalo Schmidt"},"description":"Sitio web de noticias de la provincia de Entre R\u00edos, Argentina. Informaci\u00f3n y entretenimiento. Informe Litoral, nos informamos.","sameAs":["http:\/\/www.isletasnoticias.com.ar"],"url":"https:\/\/informelitoral.com.ar\/author\/gonzalo\/"}]}},"_links":{"self":[{"href":"https:\/\/informelitoral.com.ar\/%77%70%2d%6a%73%6f%6e\/wp\/v2\/posts\/216641","targetHints":{"allow":["GET"]}}],"collection":[{"href":"https:\/\/informelitoral.com.ar\/%77%70%2d%6a%73%6f%6e\/wp\/v2\/posts"}],"about":[{"href":"https:\/\/informelitoral.com.ar\/%77%70%2d%6a%73%6f%6e\/wp\/v2\/types\/post"}],"author":[{"embeddable":true,"href":"https:\/\/informelitoral.com.ar\/%77%70%2d%6a%73%6f%6e\/wp\/v2\/users\/2"}],"replies":[{"embeddable":true,"href":"https:\/\/informelitoral.com.ar\/%77%70%2d%6a%73%6f%6e\/wp\/v2\/comments?post=216641"}],"version-history":[{"count":0,"href":"https:\/\/informelitoral.com.ar\/%77%70%2d%6a%73%6f%6e\/wp\/v2\/posts\/216641\/revisions"}],"wp:featuredmedia":[{"embeddable":true,"href":"https:\/\/informelitoral.com.ar\/%77%70%2d%6a%73%6f%6e\/wp\/v2\/media\/72888"}],"wp:attachment":[{"href":"https:\/\/informelitoral.com.ar\/%77%70%2d%6a%73%6f%6e\/wp\/v2\/media?parent=216641"}],"wp:term":[{"taxonomy":"category","embeddable":true,"href":"https:\/\/informelitoral.com.ar\/%77%70%2d%6a%73%6f%6e\/wp\/v2\/categories?post=216641"},{"taxonomy":"post_tag","embeddable":true,"href":"https:\/\/informelitoral.com.ar\/%77%70%2d%6a%73%6f%6e\/wp\/v2\/tags?post=216641"}],"curies":[{"name":"wp","href":"https:\/\/api.w.org\/{rel}","templated":true}]}}