{"id":216526,"date":"2025-03-28T09:10:18","date_gmt":"2025-03-28T12:10:18","guid":{"rendered":"https:\/\/informelitoral.com.ar\/?p=216526"},"modified":"2025-03-28T09:11:38","modified_gmt":"2025-03-28T12:11:38","slug":"becas-progresar-fijaron-fechas-limite-para-inscribirse","status":"publish","type":"post","link":"https:\/\/informelitoral.com.ar\/becas-progresar-fijaron-fechas-limite-para-inscribirse\/","title":{"rendered":"Becas Progresar: fijaron fechas l\u00edmite para inscribirse"},"content":{"rendered":"<p>El Gobierno nacional, a trav\u00e9s del Ministerio de Capital Humano, abri\u00f3 la inscripci\u00f3n al Programa de Respaldo a Estudiantes Argentinos (Progresar) 2025 y estableci\u00f3 las\u00a0<b>fechas l\u00edmite para completar los formularios<\/b>. Adem\u00e1s, se comunic\u00f3 que\u00a0<b>el monto ser\u00e1 de $35.000.<\/b><\/p>\n<h2><strong>Fechas de inscripci\u00f3n y monto<\/strong><\/h2>\n<p>De acuerdo con lo estipulado en la\u00a0Resoluci\u00f3n 388\/2025, firmada por Carlos Torrendell, secretario de Educaci\u00f3n,\u00a0<b>las fechas de inscripci\u00f3n son las siguientes<\/b>: la primera convocatoria estar\u00e1 abierta\u00a0<b>hasta el 10 de abril para la l\u00ednea \u00abFinalizaci\u00f3n de la educaci\u00f3n obligatoria\u00bb,<\/b>\u00a0mientras que para las l\u00edneas \u00ab<b>Fomento de la educaci\u00f3n superior\u00bb y \u00abProgresar Enfermer\u00eda\u00bb se podr\u00e1 inscribir entre el 31 de marzo y el 20 de abril<\/b>. Por \u00faltimo, la inscripci\u00f3n para\u00a0<b>\u00abProgresar Trabajo\u00bb ser\u00e1 del 21 de abril al 30 de noviembre<\/b>.<\/p>\n<p>Recientemente, el Ministerio de Capital Humano hab\u00eda informado que la convocatoria 2025 para las\u00a0<b>Becas Progresar Obligatorio estar\u00e1 disponible desde el 10 hasta el 30 de marzo, ofreciendo 12 cuotas mensuales de $35.000<\/b>\u00a0para quienes deseen finalizar la educaci\u00f3n secundaria.<\/p>\n<p>En ese sentido, en el art\u00edculo 4 se estableci\u00f3 \u201c<b>fijar el monto mensual de las l\u00edneas \u201cFinalizaci\u00f3n de la educaci\u00f3n obligatoria\u201d, \u201cFomento de la educaci\u00f3n superior\u201d, \u201cProgresar Enfermer\u00eda\u201d y \u201cProgresar Trabajo\u201d en 35.000 pesos<\/b>\u201d.<\/p>\n<h2><strong>Qui\u00e9nes pueden inscribirse en las Becas Progresar<\/strong><\/h2>\n<p><strong><u>Los interesados en acceder a las Becas Progresar deben contar con una serie de requisitos, tal como figura en el sitio oficial:<\/u><\/strong><\/p>\n<p>Debe tener nacionalidad y residencia argentina. Debe ser argentino nativo, naturalizado o extranjero con al menos dos a\u00f1os de residencia legal en el pa\u00eds. Es fundamental contar con el Documento Nacional de Identidad (DNI).<\/p>\n<p>Ser alumno regular. Tiene que estar inscripto como alumno regular en alguna instituci\u00f3n educativa.<\/p>\n<p>Debe tener entre 14 y 16 a\u00f1os cumplidos. En el caso de los que tengan hijos menores de 18 a\u00f1os y vivan en hogares monoparentales, la edad se ampl\u00eda a los 35 a\u00f1os. En el caso de pueblos originarios, personas trans, con discapacidad, refugiadas o afrodescendientes\/afroargentinas, no hay l\u00edmite de edad.<\/p>\n<p>Tener hasta 30 a\u00f1os para estudiantes avanzados y sin l\u00edmite de edad para estudiantes de enfermer\u00eda.<\/p>\n<p><b>El nivel de ingresos.<\/b>\u00a0El solicitante y su grupo familiar no deben superar tres veces el Salario M\u00ednimo, Vital y M\u00f3vil (SMVM).<\/p>\n<figure class=\"embed\"><img loading=\"lazy\" decoding=\"async\" class=\"lazy\" src=\"https:\/\/elonce-media.elonce.com\/fotos\/2025\/03\/28\/e_1743148422_98993.webp\" alt=\"Becas Progresar. Archivo\" width=\"600\" height=\"400\" data-src=\"https:\/\/elonce-media.elonce.com\/fotos\/2025\/03\/28\/e_1743148422_98993.webp\" \/><\/figure>\n<h2><strong>C\u00f3mo anotarse a las Becas Progresar 2025<\/strong><\/h2>\n<p>La inscripci\u00f3n se realiza de manera online en la plataforma Progresar. Quienes ingresan por primera vez, deber\u00e1n crear un usuario nuevo.<\/p>\n<p>Una vez all\u00ed, se debe seleccionar la l\u00ednea de beca correspondiente e ingresar con usuario y contrase\u00f1a.<\/p>\n<p>Finalmente, es necesario completar el formulario, que consta de tres pasos: datos personales, encuesta y datos acad\u00e9micos.<\/p>\n<p>Despu\u00e9s de completar la inscripci\u00f3n, el solicitante deber\u00e1 esperar a que se publiquen los resultados de la postulaci\u00f3n.<\/p>\n<p>Es posible consultar el estado de la solicitud a trav\u00e9s de la plataforma y hacer el seguimiento de las comunicaciones oficiales.<\/p>\n<h2><strong>Los motivos por los que se suspende el pago de las Becas Progresar<\/strong><\/h2>\n<ul>\n<li>Vencimiento del per\u00edodo por el cual fue otorgada<\/li>\n<li>Fallecimiento del becario<\/li>\n<li>Renuncia a la beca<\/li>\n<li>Modificaci\u00f3n de las causas que justificaron su otorgamiento<\/li>\n<li>Recibir otra beca educativa similar otorgada por la Secretar\u00eda de Educaci\u00f3n<\/li>\n<li>P\u00e9rdida de la condici\u00f3n de alumno regular<\/li>\n<li>Incumplimiento de alguna de las obligaciones establecidas en el Reglamento Progresar<\/li>\n<li>Falsificaci\u00f3n u omisi\u00f3n de informaci\u00f3n en los procesos de selecci\u00f3n o despu\u00e9s de otorgada la beca<\/li>\n<\/ul>\n","protected":false},"excerpt":{"rendered":"<p>El Gobierno nacional abri\u00f3 la convocatoria para inscribirse al Programa de Respaldo a Estudiantes Argentinos (Progresar) 2025 y estableci\u00f3 cu\u00e1les son las fechas l\u00edmite para completar los formularios. Adem\u00e1s, inform\u00f3 que el monto ser\u00e1 de $35.000.<\/p>\n","protected":false},"author":8,"featured_media":193840,"comment_status":"open","ping_status":"open","sticky":false,"template":"","format":"standard","meta":{"fifu_image_url":"","fifu_image_alt":"","footnotes":""},"categories":[1594],"tags":[2419,3556],"class_list":{"0":"post-216526","1":"post","2":"type-post","3":"status-publish","4":"format-standard","5":"has-post-thumbnail","7":"category-economia","8":"tag-becas-progresar","9":"tag-inscripcion"},"yoast_head":"<title>Becas Progresar: fijaron fechas l\u00edmite para inscribirse - Informe Litoral<\/title>\n<meta name=\"robots\" content=\"index, follow, max-snippet:-1, max-image-preview:large, max-video-preview:-1\" \/>\n<link rel=\"canonical\" href=\"https:\/\/informelitoral.com.ar\/becas-progresar-fijaron-fechas-limite-para-inscribirse\/\" \/>\n<meta property=\"og:locale\" content=\"es_ES\" \/>\n<meta property=\"og:type\" content=\"article\" \/>\n<meta property=\"og:title\" content=\"Becas Progresar: fijaron fechas l\u00edmite para inscribirse - Informe Litoral\" \/>\n<meta property=\"og:description\" content=\"El Gobierno nacional abri\u00f3 la convocatoria para inscribirse al Programa de Respaldo a Estudiantes Argentinos (Progresar) 2025 y estableci\u00f3 cu\u00e1les son las fechas l\u00edmite para completar los formularios. Adem\u00e1s, inform\u00f3 que el monto ser\u00e1 de $35.000.\" \/>\n<meta property=\"og:url\" content=\"https:\/\/informelitoral.com.ar\/becas-progresar-fijaron-fechas-limite-para-inscribirse\/\" \/>\n<meta property=\"og:site_name\" content=\"Informe Litoral\" \/>\n<meta property=\"article:publisher\" content=\"https:\/\/www.facebook.com\/informelitoral\/\" \/>\n<meta property=\"article:published_time\" content=\"2025-03-28T12:10:18+00:00\" \/>\n<meta property=\"article:modified_time\" content=\"2025-03-28T12:11:38+00:00\" \/>\n<meta property=\"og:image\" content=\"https:\/\/informelitoral.com.ar\/%77%70%2d%63%6f%6e%74%65%6e%74\/uploads\/2024\/08\/becas-progresarjpg.webp\" \/>\n\t<meta property=\"og:image:width\" content=\"1200\" \/>\n\t<meta property=\"og:image:height\" content=\"675\" \/>\n\t<meta property=\"og:image:type\" content=\"image\/webp\" \/>\n<meta name=\"author\" content=\"Sebastian\" \/>\n<meta name=\"twitter:card\" content=\"summary_large_image\" \/>\n<meta name=\"twitter:creator\" content=\"@InformeLitoral\" \/>\n<meta name=\"twitter:site\" content=\"@InformeLitoral\" \/>\n<meta name=\"twitter:label1\" content=\"Escrito por\" \/>\n\t<meta name=\"twitter:data1\" content=\"Sebastian\" \/>\n\t<meta name=\"twitter:label2\" content=\"Tiempo de lectura\" \/>\n\t<meta name=\"twitter:data2\" content=\"3 minutos\" \/>\n<script type=\"application\/ld+json\" class=\"yoast-schema-graph\">{\"@context\":\"https:\\\/\\\/schema.org\",\"@graph\":[{\"@type\":\"Article\",\"@id\":\"https:\\\/\\\/informelitoral.com.ar\\\/becas-progresar-fijaron-fechas-limite-para-inscribirse\\\/#article\",\"isPartOf\":{\"@id\":\"https:\\\/\\\/informelitoral.com.ar\\\/becas-progresar-fijaron-fechas-limite-para-inscribirse\\\/\"},\"author\":{\"name\":\"Sebastian\",\"@id\":\"https:\\\/\\\/informelitoral.com.ar\\\/#\\\/schema\\\/person\\\/f05f9f461677119578717524b127d6d5\"},\"headline\":\"Becas Progresar: fijaron fechas l\u00edmite para inscribirse\",\"datePublished\":\"2025-03-28T12:10:18+00:00\",\"dateModified\":\"2025-03-28T12:11:38+00:00\",\"mainEntityOfPage\":{\"@id\":\"https:\\\/\\\/informelitoral.com.ar\\\/becas-progresar-fijaron-fechas-limite-para-inscribirse\\\/\"},\"wordCount\":596,\"commentCount\":0,\"publisher\":{\"@id\":\"https:\\\/\\\/informelitoral.com.ar\\\/#organization\"},\"image\":{\"@id\":\"https:\\\/\\\/informelitoral.com.ar\\\/becas-progresar-fijaron-fechas-limite-para-inscribirse\\\/#primaryimage\"},\"thumbnailUrl\":\"https:\\\/\\\/informelitoral.com.ar\\\/%77%70%2d%63%6f%6e%74%65%6e%74\\\/uploads\\\/2024\\\/08\\\/becas-progresarjpg.webp\",\"keywords\":[\"Becas progresar\",\"Inscripci\u00f3n\"],\"articleSection\":[\"Econom\u00eda\"],\"inLanguage\":\"es\",\"potentialAction\":[{\"@type\":\"CommentAction\",\"name\":\"Comment\",\"target\":[\"https:\\\/\\\/informelitoral.com.ar\\\/becas-progresar-fijaron-fechas-limite-para-inscribirse\\\/#respond\"]}]},{\"@type\":\"WebPage\",\"@id\":\"https:\\\/\\\/informelitoral.com.ar\\\/becas-progresar-fijaron-fechas-limite-para-inscribirse\\\/\",\"url\":\"https:\\\/\\\/informelitoral.com.ar\\\/becas-progresar-fijaron-fechas-limite-para-inscribirse\\\/\",\"name\":\"Becas Progresar: fijaron fechas l\u00edmite para inscribirse - Informe Litoral\",\"isPartOf\":{\"@id\":\"https:\\\/\\\/informelitoral.com.ar\\\/#website\"},\"primaryImageOfPage\":{\"@id\":\"https:\\\/\\\/informelitoral.com.ar\\\/becas-progresar-fijaron-fechas-limite-para-inscribirse\\\/#primaryimage\"},\"image\":{\"@id\":\"https:\\\/\\\/informelitoral.com.ar\\\/becas-progresar-fijaron-fechas-limite-para-inscribirse\\\/#primaryimage\"},\"thumbnailUrl\":\"https:\\\/\\\/informelitoral.com.ar\\\/%77%70%2d%63%6f%6e%74%65%6e%74\\\/uploads\\\/2024\\\/08\\\/becas-progresarjpg.webp\",\"datePublished\":\"2025-03-28T12:10:18+00:00\",\"dateModified\":\"2025-03-28T12:11:38+00:00\",\"breadcrumb\":{\"@id\":\"https:\\\/\\\/informelitoral.com.ar\\\/becas-progresar-fijaron-fechas-limite-para-inscribirse\\\/#breadcrumb\"},\"inLanguage\":\"es\",\"potentialAction\":[{\"@type\":\"ReadAction\",\"target\":[\"https:\\\/\\\/informelitoral.com.ar\\\/becas-progresar-fijaron-fechas-limite-para-inscribirse\\\/\"]}]},{\"@type\":\"ImageObject\",\"inLanguage\":\"es\",\"@id\":\"https:\\\/\\\/informelitoral.com.ar\\\/becas-progresar-fijaron-fechas-limite-para-inscribirse\\\/#primaryimage\",\"url\":\"https:\\\/\\\/informelitoral.com.ar\\\/%77%70%2d%63%6f%6e%74%65%6e%74\\\/uploads\\\/2024\\\/08\\\/becas-progresarjpg.webp\",\"contentUrl\":\"https:\\\/\\\/informelitoral.com.ar\\\/%77%70%2d%63%6f%6e%74%65%6e%74\\\/uploads\\\/2024\\\/08\\\/becas-progresarjpg.webp\",\"width\":1200,\"height\":675},{\"@type\":\"BreadcrumbList\",\"@id\":\"https:\\\/\\\/informelitoral.com.ar\\\/becas-progresar-fijaron-fechas-limite-para-inscribirse\\\/#breadcrumb\",\"itemListElement\":[{\"@type\":\"ListItem\",\"position\":1,\"name\":\"Portada\",\"item\":\"https:\\\/\\\/informelitoral.com.ar\\\/\"},{\"@type\":\"ListItem\",\"position\":2,\"name\":\"Becas Progresar: fijaron fechas l\u00edmite para inscribirse\"}]},{\"@type\":\"WebSite\",\"@id\":\"https:\\\/\\\/informelitoral.com.ar\\\/#website\",\"url\":\"https:\\\/\\\/informelitoral.com.ar\\\/\",\"name\":\"Informe Litoral\",\"description\":\"&quot;Nos informamos&quot; \",\"publisher\":{\"@id\":\"https:\\\/\\\/informelitoral.com.ar\\\/#organization\"},\"potentialAction\":[{\"@type\":\"SearchAction\",\"target\":{\"@type\":\"EntryPoint\",\"urlTemplate\":\"https:\\\/\\\/informelitoral.com.ar\\\/?s={search_term_string}\"},\"query-input\":{\"@type\":\"PropertyValueSpecification\",\"valueRequired\":true,\"valueName\":\"search_term_string\"}}],\"inLanguage\":\"es\"},{\"@type\":\"Organization\",\"@id\":\"https:\\\/\\\/informelitoral.com.ar\\\/#organization\",\"name\":\"Informe Litoral\",\"url\":\"https:\\\/\\\/informelitoral.com.ar\\\/\",\"logo\":{\"@type\":\"ImageObject\",\"inLanguage\":\"es\",\"@id\":\"https:\\\/\\\/informelitoral.com.ar\\\/#\\\/schema\\\/logo\\\/image\\\/\",\"url\":\"https:\\\/\\\/informelitoral.com.ar\\\/%77%70%2d%63%6f%6e%74%65%6e%74\\\/uploads\\\/2021\\\/01\\\/circulo.png\",\"contentUrl\":\"https:\\\/\\\/informelitoral.com.ar\\\/%77%70%2d%63%6f%6e%74%65%6e%74\\\/uploads\\\/2021\\\/01\\\/circulo.png\",\"width\":723,\"height\":731,\"caption\":\"Informe Litoral\"},\"image\":{\"@id\":\"https:\\\/\\\/informelitoral.com.ar\\\/#\\\/schema\\\/logo\\\/image\\\/\"},\"sameAs\":[\"https:\\\/\\\/www.facebook.com\\\/informelitoral\\\/\",\"https:\\\/\\\/x.com\\\/InformeLitoral\",\"https:\\\/\\\/www.instagram.com\\\/informelitoral\\\/\",\"https:\\\/\\\/www.youtube.com\\\/channel\\\/UCua4Qvz8Icb6MYqhoq9xLXw\"]},{\"@type\":\"Person\",\"@id\":\"https:\\\/\\\/informelitoral.com.ar\\\/#\\\/schema\\\/person\\\/f05f9f461677119578717524b127d6d5\",\"name\":\"Sebastian\",\"image\":{\"@type\":\"ImageObject\",\"inLanguage\":\"es\",\"@id\":\"https:\\\/\\\/secure.gravatar.com\\\/avatar\\\/b71bf7481d447dfb9583c7f2798e7cc64de6efb9067b74633ed8c31059a3bd82?s=96&d=mm&r=g\",\"url\":\"https:\\\/\\\/secure.gravatar.com\\\/avatar\\\/b71bf7481d447dfb9583c7f2798e7cc64de6efb9067b74633ed8c31059a3bd82?s=96&d=mm&r=g\",\"contentUrl\":\"https:\\\/\\\/secure.gravatar.com\\\/avatar\\\/b71bf7481d447dfb9583c7f2798e7cc64de6efb9067b74633ed8c31059a3bd82?s=96&d=mm&r=g\",\"caption\":\"Sebastian\"},\"url\":\"https:\\\/\\\/informelitoral.com.ar\\\/author\\\/sebastian\\\/\"}]}<\/script>","yoast_head_json":{"title":"Becas Progresar: fijaron fechas l\u00edmite para inscribirse - Informe Litoral","robots":{"index":"index","follow":"follow","max-snippet":"max-snippet:-1","max-image-preview":"max-image-preview:large","max-video-preview":"max-video-preview:-1"},"canonical":"https:\/\/informelitoral.com.ar\/becas-progresar-fijaron-fechas-limite-para-inscribirse\/","og_locale":"es_ES","og_type":"article","og_title":"Becas Progresar: fijaron fechas l\u00edmite para inscribirse - Informe Litoral","og_description":"El Gobierno nacional abri\u00f3 la convocatoria para inscribirse al Programa de Respaldo a Estudiantes Argentinos (Progresar) 2025 y estableci\u00f3 cu\u00e1les son las fechas l\u00edmite para completar los formularios. Adem\u00e1s, inform\u00f3 que el monto ser\u00e1 de $35.000.","og_url":"https:\/\/informelitoral.com.ar\/becas-progresar-fijaron-fechas-limite-para-inscribirse\/","og_site_name":"Informe Litoral","article_publisher":"https:\/\/www.facebook.com\/informelitoral\/","article_published_time":"2025-03-28T12:10:18+00:00","article_modified_time":"2025-03-28T12:11:38+00:00","og_image":[{"width":1200,"height":675,"url":"https:\/\/informelitoral.com.ar\/%77%70%2d%63%6f%6e%74%65%6e%74\/uploads\/2024\/08\/becas-progresarjpg.webp","type":"image\/webp"}],"author":"Sebastian","twitter_card":"summary_large_image","twitter_creator":"@InformeLitoral","twitter_site":"@InformeLitoral","twitter_misc":{"Escrito por":"Sebastian","Tiempo de lectura":"3 minutos"},"schema":{"@context":"https:\/\/schema.org","@graph":[{"@type":"Article","@id":"https:\/\/informelitoral.com.ar\/becas-progresar-fijaron-fechas-limite-para-inscribirse\/#article","isPartOf":{"@id":"https:\/\/informelitoral.com.ar\/becas-progresar-fijaron-fechas-limite-para-inscribirse\/"},"author":{"name":"Sebastian","@id":"https:\/\/informelitoral.com.ar\/#\/schema\/person\/f05f9f461677119578717524b127d6d5"},"headline":"Becas Progresar: fijaron fechas l\u00edmite para inscribirse","datePublished":"2025-03-28T12:10:18+00:00","dateModified":"2025-03-28T12:11:38+00:00","mainEntityOfPage":{"@id":"https:\/\/informelitoral.com.ar\/becas-progresar-fijaron-fechas-limite-para-inscribirse\/"},"wordCount":596,"commentCount":0,"publisher":{"@id":"https:\/\/informelitoral.com.ar\/#organization"},"image":{"@id":"https:\/\/informelitoral.com.ar\/becas-progresar-fijaron-fechas-limite-para-inscribirse\/#primaryimage"},"thumbnailUrl":"https:\/\/informelitoral.com.ar\/%77%70%2d%63%6f%6e%74%65%6e%74\/uploads\/2024\/08\/becas-progresarjpg.webp","keywords":["Becas progresar","Inscripci\u00f3n"],"articleSection":["Econom\u00eda"],"inLanguage":"es","potentialAction":[{"@type":"CommentAction","name":"Comment","target":["https:\/\/informelitoral.com.ar\/becas-progresar-fijaron-fechas-limite-para-inscribirse\/#respond"]}]},{"@type":"WebPage","@id":"https:\/\/informelitoral.com.ar\/becas-progresar-fijaron-fechas-limite-para-inscribirse\/","url":"https:\/\/informelitoral.com.ar\/becas-progresar-fijaron-fechas-limite-para-inscribirse\/","name":"Becas Progresar: fijaron fechas l\u00edmite para inscribirse - Informe Litoral","isPartOf":{"@id":"https:\/\/informelitoral.com.ar\/#website"},"primaryImageOfPage":{"@id":"https:\/\/informelitoral.com.ar\/becas-progresar-fijaron-fechas-limite-para-inscribirse\/#primaryimage"},"image":{"@id":"https:\/\/informelitoral.com.ar\/becas-progresar-fijaron-fechas-limite-para-inscribirse\/#primaryimage"},"thumbnailUrl":"https:\/\/informelitoral.com.ar\/%77%70%2d%63%6f%6e%74%65%6e%74\/uploads\/2024\/08\/becas-progresarjpg.webp","datePublished":"2025-03-28T12:10:18+00:00","dateModified":"2025-03-28T12:11:38+00:00","breadcrumb":{"@id":"https:\/\/informelitoral.com.ar\/becas-progresar-fijaron-fechas-limite-para-inscribirse\/#breadcrumb"},"inLanguage":"es","potentialAction":[{"@type":"ReadAction","target":["https:\/\/informelitoral.com.ar\/becas-progresar-fijaron-fechas-limite-para-inscribirse\/"]}]},{"@type":"ImageObject","inLanguage":"es","@id":"https:\/\/informelitoral.com.ar\/becas-progresar-fijaron-fechas-limite-para-inscribirse\/#primaryimage","url":"https:\/\/informelitoral.com.ar\/%77%70%2d%63%6f%6e%74%65%6e%74\/uploads\/2024\/08\/becas-progresarjpg.webp","contentUrl":"https:\/\/informelitoral.com.ar\/%77%70%2d%63%6f%6e%74%65%6e%74\/uploads\/2024\/08\/becas-progresarjpg.webp","width":1200,"height":675},{"@type":"BreadcrumbList","@id":"https:\/\/informelitoral.com.ar\/becas-progresar-fijaron-fechas-limite-para-inscribirse\/#breadcrumb","itemListElement":[{"@type":"ListItem","position":1,"name":"Portada","item":"https:\/\/informelitoral.com.ar\/"},{"@type":"ListItem","position":2,"name":"Becas Progresar: fijaron fechas l\u00edmite para inscribirse"}]},{"@type":"WebSite","@id":"https:\/\/informelitoral.com.ar\/#website","url":"https:\/\/informelitoral.com.ar\/","name":"Informe Litoral","description":"&quot;Nos informamos&quot; ","publisher":{"@id":"https:\/\/informelitoral.com.ar\/#organization"},"potentialAction":[{"@type":"SearchAction","target":{"@type":"EntryPoint","urlTemplate":"https:\/\/informelitoral.com.ar\/?s={search_term_string}"},"query-input":{"@type":"PropertyValueSpecification","valueRequired":true,"valueName":"search_term_string"}}],"inLanguage":"es"},{"@type":"Organization","@id":"https:\/\/informelitoral.com.ar\/#organization","name":"Informe Litoral","url":"https:\/\/informelitoral.com.ar\/","logo":{"@type":"ImageObject","inLanguage":"es","@id":"https:\/\/informelitoral.com.ar\/#\/schema\/logo\/image\/","url":"https:\/\/informelitoral.com.ar\/%77%70%2d%63%6f%6e%74%65%6e%74\/uploads\/2021\/01\/circulo.png","contentUrl":"https:\/\/informelitoral.com.ar\/%77%70%2d%63%6f%6e%74%65%6e%74\/uploads\/2021\/01\/circulo.png","width":723,"height":731,"caption":"Informe Litoral"},"image":{"@id":"https:\/\/informelitoral.com.ar\/#\/schema\/logo\/image\/"},"sameAs":["https:\/\/www.facebook.com\/informelitoral\/","https:\/\/x.com\/InformeLitoral","https:\/\/www.instagram.com\/informelitoral\/","https:\/\/www.youtube.com\/channel\/UCua4Qvz8Icb6MYqhoq9xLXw"]},{"@type":"Person","@id":"https:\/\/informelitoral.com.ar\/#\/schema\/person\/f05f9f461677119578717524b127d6d5","name":"Sebastian","image":{"@type":"ImageObject","inLanguage":"es","@id":"https:\/\/secure.gravatar.com\/avatar\/b71bf7481d447dfb9583c7f2798e7cc64de6efb9067b74633ed8c31059a3bd82?s=96&d=mm&r=g","url":"https:\/\/secure.gravatar.com\/avatar\/b71bf7481d447dfb9583c7f2798e7cc64de6efb9067b74633ed8c31059a3bd82?s=96&d=mm&r=g","contentUrl":"https:\/\/secure.gravatar.com\/avatar\/b71bf7481d447dfb9583c7f2798e7cc64de6efb9067b74633ed8c31059a3bd82?s=96&d=mm&r=g","caption":"Sebastian"},"url":"https:\/\/informelitoral.com.ar\/author\/sebastian\/"}]}},"_links":{"self":[{"href":"https:\/\/informelitoral.com.ar\/%77%70%2d%6a%73%6f%6e\/wp\/v2\/posts\/216526","targetHints":{"allow":["GET"]}}],"collection":[{"href":"https:\/\/informelitoral.com.ar\/%77%70%2d%6a%73%6f%6e\/wp\/v2\/posts"}],"about":[{"href":"https:\/\/informelitoral.com.ar\/%77%70%2d%6a%73%6f%6e\/wp\/v2\/types\/post"}],"author":[{"embeddable":true,"href":"https:\/\/informelitoral.com.ar\/%77%70%2d%6a%73%6f%6e\/wp\/v2\/users\/8"}],"replies":[{"embeddable":true,"href":"https:\/\/informelitoral.com.ar\/%77%70%2d%6a%73%6f%6e\/wp\/v2\/comments?post=216526"}],"version-history":[{"count":0,"href":"https:\/\/informelitoral.com.ar\/%77%70%2d%6a%73%6f%6e\/wp\/v2\/posts\/216526\/revisions"}],"wp:featuredmedia":[{"embeddable":true,"href":"https:\/\/informelitoral.com.ar\/%77%70%2d%6a%73%6f%6e\/wp\/v2\/media\/193840"}],"wp:attachment":[{"href":"https:\/\/informelitoral.com.ar\/%77%70%2d%6a%73%6f%6e\/wp\/v2\/media?parent=216526"}],"wp:term":[{"taxonomy":"category","embeddable":true,"href":"https:\/\/informelitoral.com.ar\/%77%70%2d%6a%73%6f%6e\/wp\/v2\/categories?post=216526"},{"taxonomy":"post_tag","embeddable":true,"href":"https:\/\/informelitoral.com.ar\/%77%70%2d%6a%73%6f%6e\/wp\/v2\/tags?post=216526"}],"curies":[{"name":"wp","href":"https:\/\/api.w.org\/{rel}","templated":true}]}}