{"id":216516,"date":"2025-03-28T09:05:52","date_gmt":"2025-03-28T12:05:52","guid":{"rendered":"https:\/\/informelitoral.com.ar\/?p=216516"},"modified":"2025-03-28T09:06:40","modified_gmt":"2025-03-28T12:06:40","slug":"frigerio-se-reunio-con-el-presidente-de-uruguay-para-plantear-la-preocupacion-por-la-instalacion-de-la-planta-de-hidrogeno-frente-a-colon","status":"publish","type":"post","link":"https:\/\/informelitoral.com.ar\/frigerio-se-reunio-con-el-presidente-de-uruguay-para-plantear-la-preocupacion-por-la-instalacion-de-la-planta-de-hidrogeno-frente-a-colon\/","title":{"rendered":"Frigerio se reuni\u00f3 con el presidente de Uruguay para plantear la preocupaci\u00f3n por la instalaci\u00f3n de la planta de hidr\u00f3geno frente a Col\u00f3n"},"content":{"rendered":"<p>Uno de los temas principales fue la preocupaci\u00f3n manifestada por vecinos y autoridades de la ciudad de <strong>Col\u00f3n<\/strong> ante la posible instalaci\u00f3n de una planta de hidr\u00f3geno verde en la costa de <strong>Paysand\u00fa<\/strong>, a escasa distancia de las playas entrerrianas.<\/p>\n<p>El gobernador destac\u00f3 el tono de la reuni\u00f3n y valor\u00f3 la predisposici\u00f3n del gobierno uruguayo a escuchar los planteos: \u00abEstamos convencidos de que no se va a repetir una situaci\u00f3n como la que nos enfrent\u00f3 en el pasado entre <strong>Gualeguaych\u00fa y Fray Bentos<\/strong>. Si eso sucediera, ser\u00eda porque no aprendimos de nuestros errores. Y eso no va a ocurrir\u00bb, sostuvo Frigerio.<\/p>\n<p>Por su parte, el canciller uruguayo, Mario Lubetkin, asegur\u00f3 que el proceso est\u00e1 en una etapa de di\u00e1logo t\u00e9cnico y pol\u00edtico. \u00abEstamos en un momento din\u00e1mico de articulaci\u00f3n y cooperaci\u00f3n. No es casual que el gobernador Frigerio se re\u00fana no solo con el presidente Orsi, sino tambi\u00e9n con los ministros que est\u00e1n trabajando en estos temas. El di\u00e1logo entre gobiernos, los estudios de impacto y la voluntad pol\u00edtica son claves para que estos proyectos no generen temores sino oportunidades de desarrollo. De lo que se trata, es de entrar en un escenario de cooperaci\u00f3n con una provincia absolutamente estrat\u00e9gica para Uruguay\u00bb, asegur\u00f3 Lubetkin. \u00abEntre los temas respecto a los que se colaborar\u00e1, se encuentran el r\u00edo Uruguay, log\u00edstica, aspectos ambientales y proyectos de desarrollo, como el de producci\u00f3n de hidr\u00f3geno verde en Paysand\u00fa. Las palabras sobre las que sustentamos nuestros di\u00e1logos son complementariedad y cooperaci\u00f3n\u00bb, subray\u00f3 Lubetkin.<\/p>\n<h6><em><strong>Te puede interesar:\u00a0<a href=\"https:\/\/informelitoral.com.ar\/frigerio-fortalece-la-seguridad-en-zonas-rurales-de-entre-rios\/\" target=\"_blank\" rel=\"noopener\">Frigerio fortalece la seguridad en zonas rurales de Entre R\u00edos<\/a><\/strong><\/em><\/h6>\n<p>Frigerio coincidi\u00f3 en la importancia de avanzar con transparencia y cooperaci\u00f3n. \u00abEl puente sobre el r\u00edo Uruguay nos une, no nos separa. Tenemos que trabajar juntos para que el desarrollo energ\u00e9tico sea compatible con el desarrollo tur\u00edstico y productivo de ambas m\u00e1rgenes. Estoy seguro de que vamos a llegar a un entendimiento\u00bb<\/p>\n<p>\u00abEl pedido de Col\u00f3n es concreto: revisar la ubicaci\u00f3n de una planta que estar\u00eda a apenas tres kil\u00f3metros de sus playas\u00bb, explic\u00f3 Frigerio. \u00abQueremos que el desarrollo de nuevas energ\u00edas no compita con la principal fuente de trabajo de nuestra ciudad, que es el turismo. Por eso creemos que este tipo de decisiones deben tomarse con di\u00e1logo, responsabilidad y una visi\u00f3n compartida de futuro\u00bb , concluy\u00f3.<\/p>\n<p>Adem\u00e1s del tema de la planta, Frigerio y las autoridades uruguayas coincidieron en avanzar en otros puntos estrat\u00e9gicos para la regi\u00f3n, como el dragado del r\u00edo Uruguay, la proyecci\u00f3n de un puerto de aguas profundas en Soriano y el fortalecimiento de la hidrov\u00eda, con impacto directo en el comercio regional, en particular para Paraguay y el norte argentino.<\/p>\n<p><iframe loading=\"lazy\" title=\"Frigerio se reuni\u00f3 con el presidente de Uruguay\" width=\"696\" height=\"392\" src=\"https:\/\/www.youtube.com\/embed\/NHfxxSQQ-Bg?feature=oembed\" frameborder=\"0\" allow=\"accelerometer; autoplay; clipboard-write; encrypted-media; gyroscope; picture-in-picture; web-share\" referrerpolicy=\"strict-origin-when-cross-origin\" allowfullscreen><\/iframe><\/p>\n","protected":false},"excerpt":{"rendered":"<p>El gobernador de Entre R\u00edos, Rogelio Frigerio, mantuvo este lunes su primer encuentro con el presidente de la Rep\u00fablica Oriental del Uruguay, Yamand\u00fa Orsi, y con el canciller Mario Lubetkin. En la reuni\u00f3n, que se desarroll\u00f3 en Montevideo, abordaron una agenda com\u00fan centrada en el cuidado del r\u00edo Uruguay, el desarrollo sostenible de ambas orillas y la necesidad de profundizar la cooperaci\u00f3n binacional.<\/p>\n","protected":false},"author":8,"featured_media":216517,"comment_status":"open","ping_status":"open","sticky":false,"template":"","format":"standard","meta":{"fifu_image_url":"","fifu_image_alt":"","footnotes":""},"categories":[16],"tags":[1341,5659,289,642,949,594],"class_list":{"0":"post-216516","1":"post","2":"type-post","3":"status-publish","4":"format-standard","5":"has-post-thumbnail","7":"category-politi","8":"tag-colon","9":"tag-planta-de-hidrogeno","10":"tag-presidente","11":"tag-reunion","12":"tag-rogelio-frigerio","13":"tag-uruguay"},"yoast_head":"<title>Frigerio se reuni\u00f3 con el presidente de Uruguay para plantear la preocupaci\u00f3n por la instalaci\u00f3n de la planta de hidr\u00f3geno frente a Col\u00f3n - Informe Litoral<\/title>\n<meta name=\"robots\" content=\"index, follow, max-snippet:-1, max-image-preview:large, max-video-preview:-1\" \/>\n<link rel=\"canonical\" href=\"https:\/\/informelitoral.com.ar\/frigerio-se-reunio-con-el-presidente-de-uruguay-para-plantear-la-preocupacion-por-la-instalacion-de-la-planta-de-hidrogeno-frente-a-colon\/\" \/>\n<meta property=\"og:locale\" content=\"es_ES\" \/>\n<meta property=\"og:type\" content=\"article\" \/>\n<meta property=\"og:title\" content=\"Frigerio se reuni\u00f3 con el presidente de Uruguay para plantear la preocupaci\u00f3n por la instalaci\u00f3n de la planta de hidr\u00f3geno frente a Col\u00f3n - Informe Litoral\" \/>\n<meta property=\"og:description\" content=\"El gobernador de Entre R\u00edos, Rogelio Frigerio, mantuvo este lunes su primer encuentro con el presidente de la Rep\u00fablica Oriental del Uruguay, Yamand\u00fa Orsi, y con el canciller Mario Lubetkin. En la reuni\u00f3n, que se desarroll\u00f3 en Montevideo, abordaron una agenda com\u00fan centrada en el cuidado del r\u00edo Uruguay, el desarrollo sostenible de ambas orillas y la necesidad de profundizar la cooperaci\u00f3n binacional.\" \/>\n<meta property=\"og:url\" content=\"https:\/\/informelitoral.com.ar\/frigerio-se-reunio-con-el-presidente-de-uruguay-para-plantear-la-preocupacion-por-la-instalacion-de-la-planta-de-hidrogeno-frente-a-colon\/\" \/>\n<meta property=\"og:site_name\" content=\"Informe Litoral\" \/>\n<meta property=\"article:publisher\" content=\"https:\/\/www.facebook.com\/informelitoral\/\" \/>\n<meta property=\"article:published_time\" content=\"2025-03-28T12:05:52+00:00\" \/>\n<meta property=\"article:modified_time\" content=\"2025-03-28T12:06:40+00:00\" \/>\n<meta property=\"og:image\" content=\"https:\/\/informelitoral.com.ar\/%77%70%2d%63%6f%6e%74%65%6e%74\/uploads\/2025\/03\/Frigerio_Orsi.jpg\" \/>\n\t<meta property=\"og:image:width\" content=\"2121\" \/>\n\t<meta property=\"og:image:height\" content=\"1414\" \/>\n\t<meta property=\"og:image:type\" content=\"image\/jpeg\" \/>\n<meta name=\"author\" content=\"Sebastian\" \/>\n<meta name=\"twitter:card\" content=\"summary_large_image\" \/>\n<meta name=\"twitter:creator\" content=\"@InformeLitoral\" \/>\n<meta name=\"twitter:site\" content=\"@InformeLitoral\" \/>\n<meta name=\"twitter:label1\" content=\"Escrito por\" \/>\n\t<meta name=\"twitter:data1\" content=\"Sebastian\" \/>\n\t<meta name=\"twitter:label2\" content=\"Tiempo de lectura\" \/>\n\t<meta name=\"twitter:data2\" content=\"2 minutos\" \/>\n<script type=\"application\/ld+json\" class=\"yoast-schema-graph\">{\"@context\":\"https:\\\/\\\/schema.org\",\"@graph\":[{\"@type\":\"Article\",\"@id\":\"https:\\\/\\\/informelitoral.com.ar\\\/frigerio-se-reunio-con-el-presidente-de-uruguay-para-plantear-la-preocupacion-por-la-instalacion-de-la-planta-de-hidrogeno-frente-a-colon\\\/#article\",\"isPartOf\":{\"@id\":\"https:\\\/\\\/informelitoral.com.ar\\\/frigerio-se-reunio-con-el-presidente-de-uruguay-para-plantear-la-preocupacion-por-la-instalacion-de-la-planta-de-hidrogeno-frente-a-colon\\\/\"},\"author\":{\"name\":\"Sebastian\",\"@id\":\"https:\\\/\\\/informelitoral.com.ar\\\/#\\\/schema\\\/person\\\/f05f9f461677119578717524b127d6d5\"},\"headline\":\"Frigerio se reuni\u00f3 con el presidente de Uruguay para plantear la preocupaci\u00f3n por la instalaci\u00f3n de la planta de hidr\u00f3geno frente a Col\u00f3n\",\"datePublished\":\"2025-03-28T12:05:52+00:00\",\"dateModified\":\"2025-03-28T12:06:40+00:00\",\"mainEntityOfPage\":{\"@id\":\"https:\\\/\\\/informelitoral.com.ar\\\/frigerio-se-reunio-con-el-presidente-de-uruguay-para-plantear-la-preocupacion-por-la-instalacion-de-la-planta-de-hidrogeno-frente-a-colon\\\/\"},\"wordCount\":513,\"commentCount\":0,\"publisher\":{\"@id\":\"https:\\\/\\\/informelitoral.com.ar\\\/#organization\"},\"image\":{\"@id\":\"https:\\\/\\\/informelitoral.com.ar\\\/frigerio-se-reunio-con-el-presidente-de-uruguay-para-plantear-la-preocupacion-por-la-instalacion-de-la-planta-de-hidrogeno-frente-a-colon\\\/#primaryimage\"},\"thumbnailUrl\":\"https:\\\/\\\/informelitoral.com.ar\\\/%77%70%2d%63%6f%6e%74%65%6e%74\\\/uploads\\\/2025\\\/03\\\/Frigerio_Orsi.jpg\",\"keywords\":[\"Col\u00f3n\",\"Planta de Hidr\u00f3geno\",\"Presidente\",\"Reuni\u00f3n\",\"Rogelio Frigerio\",\"Uruguay\"],\"articleSection\":[\"Politica\"],\"inLanguage\":\"es\",\"potentialAction\":[{\"@type\":\"CommentAction\",\"name\":\"Comment\",\"target\":[\"https:\\\/\\\/informelitoral.com.ar\\\/frigerio-se-reunio-con-el-presidente-de-uruguay-para-plantear-la-preocupacion-por-la-instalacion-de-la-planta-de-hidrogeno-frente-a-colon\\\/#respond\"]}]},{\"@type\":\"WebPage\",\"@id\":\"https:\\\/\\\/informelitoral.com.ar\\\/frigerio-se-reunio-con-el-presidente-de-uruguay-para-plantear-la-preocupacion-por-la-instalacion-de-la-planta-de-hidrogeno-frente-a-colon\\\/\",\"url\":\"https:\\\/\\\/informelitoral.com.ar\\\/frigerio-se-reunio-con-el-presidente-de-uruguay-para-plantear-la-preocupacion-por-la-instalacion-de-la-planta-de-hidrogeno-frente-a-colon\\\/\",\"name\":\"Frigerio se reuni\u00f3 con el presidente de Uruguay para plantear la preocupaci\u00f3n por la instalaci\u00f3n de la planta de hidr\u00f3geno frente a Col\u00f3n - Informe Litoral\",\"isPartOf\":{\"@id\":\"https:\\\/\\\/informelitoral.com.ar\\\/#website\"},\"primaryImageOfPage\":{\"@id\":\"https:\\\/\\\/informelitoral.com.ar\\\/frigerio-se-reunio-con-el-presidente-de-uruguay-para-plantear-la-preocupacion-por-la-instalacion-de-la-planta-de-hidrogeno-frente-a-colon\\\/#primaryimage\"},\"image\":{\"@id\":\"https:\\\/\\\/informelitoral.com.ar\\\/frigerio-se-reunio-con-el-presidente-de-uruguay-para-plantear-la-preocupacion-por-la-instalacion-de-la-planta-de-hidrogeno-frente-a-colon\\\/#primaryimage\"},\"thumbnailUrl\":\"https:\\\/\\\/informelitoral.com.ar\\\/%77%70%2d%63%6f%6e%74%65%6e%74\\\/uploads\\\/2025\\\/03\\\/Frigerio_Orsi.jpg\",\"datePublished\":\"2025-03-28T12:05:52+00:00\",\"dateModified\":\"2025-03-28T12:06:40+00:00\",\"breadcrumb\":{\"@id\":\"https:\\\/\\\/informelitoral.com.ar\\\/frigerio-se-reunio-con-el-presidente-de-uruguay-para-plantear-la-preocupacion-por-la-instalacion-de-la-planta-de-hidrogeno-frente-a-colon\\\/#breadcrumb\"},\"inLanguage\":\"es\",\"potentialAction\":[{\"@type\":\"ReadAction\",\"target\":[\"https:\\\/\\\/informelitoral.com.ar\\\/frigerio-se-reunio-con-el-presidente-de-uruguay-para-plantear-la-preocupacion-por-la-instalacion-de-la-planta-de-hidrogeno-frente-a-colon\\\/\"]}]},{\"@type\":\"ImageObject\",\"inLanguage\":\"es\",\"@id\":\"https:\\\/\\\/informelitoral.com.ar\\\/frigerio-se-reunio-con-el-presidente-de-uruguay-para-plantear-la-preocupacion-por-la-instalacion-de-la-planta-de-hidrogeno-frente-a-colon\\\/#primaryimage\",\"url\":\"https:\\\/\\\/informelitoral.com.ar\\\/%77%70%2d%63%6f%6e%74%65%6e%74\\\/uploads\\\/2025\\\/03\\\/Frigerio_Orsi.jpg\",\"contentUrl\":\"https:\\\/\\\/informelitoral.com.ar\\\/%77%70%2d%63%6f%6e%74%65%6e%74\\\/uploads\\\/2025\\\/03\\\/Frigerio_Orsi.jpg\",\"width\":2121,\"height\":1414},{\"@type\":\"BreadcrumbList\",\"@id\":\"https:\\\/\\\/informelitoral.com.ar\\\/frigerio-se-reunio-con-el-presidente-de-uruguay-para-plantear-la-preocupacion-por-la-instalacion-de-la-planta-de-hidrogeno-frente-a-colon\\\/#breadcrumb\",\"itemListElement\":[{\"@type\":\"ListItem\",\"position\":1,\"name\":\"Portada\",\"item\":\"https:\\\/\\\/informelitoral.com.ar\\\/\"},{\"@type\":\"ListItem\",\"position\":2,\"name\":\"Frigerio se reuni\u00f3 con el presidente de Uruguay para plantear la preocupaci\u00f3n por la instalaci\u00f3n de la planta de hidr\u00f3geno frente a Col\u00f3n\"}]},{\"@type\":\"WebSite\",\"@id\":\"https:\\\/\\\/informelitoral.com.ar\\\/#website\",\"url\":\"https:\\\/\\\/informelitoral.com.ar\\\/\",\"name\":\"Informe Litoral\",\"description\":\"&quot;Nos informamos&quot; \",\"publisher\":{\"@id\":\"https:\\\/\\\/informelitoral.com.ar\\\/#organization\"},\"potentialAction\":[{\"@type\":\"SearchAction\",\"target\":{\"@type\":\"EntryPoint\",\"urlTemplate\":\"https:\\\/\\\/informelitoral.com.ar\\\/?s={search_term_string}\"},\"query-input\":{\"@type\":\"PropertyValueSpecification\",\"valueRequired\":true,\"valueName\":\"search_term_string\"}}],\"inLanguage\":\"es\"},{\"@type\":\"Organization\",\"@id\":\"https:\\\/\\\/informelitoral.com.ar\\\/#organization\",\"name\":\"Informe Litoral\",\"url\":\"https:\\\/\\\/informelitoral.com.ar\\\/\",\"logo\":{\"@type\":\"ImageObject\",\"inLanguage\":\"es\",\"@id\":\"https:\\\/\\\/informelitoral.com.ar\\\/#\\\/schema\\\/logo\\\/image\\\/\",\"url\":\"https:\\\/\\\/informelitoral.com.ar\\\/%77%70%2d%63%6f%6e%74%65%6e%74\\\/uploads\\\/2021\\\/01\\\/circulo.png\",\"contentUrl\":\"https:\\\/\\\/informelitoral.com.ar\\\/%77%70%2d%63%6f%6e%74%65%6e%74\\\/uploads\\\/2021\\\/01\\\/circulo.png\",\"width\":723,\"height\":731,\"caption\":\"Informe Litoral\"},\"image\":{\"@id\":\"https:\\\/\\\/informelitoral.com.ar\\\/#\\\/schema\\\/logo\\\/image\\\/\"},\"sameAs\":[\"https:\\\/\\\/www.facebook.com\\\/informelitoral\\\/\",\"https:\\\/\\\/x.com\\\/InformeLitoral\",\"https:\\\/\\\/www.instagram.com\\\/informelitoral\\\/\",\"https:\\\/\\\/www.youtube.com\\\/channel\\\/UCua4Qvz8Icb6MYqhoq9xLXw\"]},{\"@type\":\"Person\",\"@id\":\"https:\\\/\\\/informelitoral.com.ar\\\/#\\\/schema\\\/person\\\/f05f9f461677119578717524b127d6d5\",\"name\":\"Sebastian\",\"image\":{\"@type\":\"ImageObject\",\"inLanguage\":\"es\",\"@id\":\"https:\\\/\\\/secure.gravatar.com\\\/avatar\\\/b71bf7481d447dfb9583c7f2798e7cc64de6efb9067b74633ed8c31059a3bd82?s=96&d=mm&r=g\",\"url\":\"https:\\\/\\\/secure.gravatar.com\\\/avatar\\\/b71bf7481d447dfb9583c7f2798e7cc64de6efb9067b74633ed8c31059a3bd82?s=96&d=mm&r=g\",\"contentUrl\":\"https:\\\/\\\/secure.gravatar.com\\\/avatar\\\/b71bf7481d447dfb9583c7f2798e7cc64de6efb9067b74633ed8c31059a3bd82?s=96&d=mm&r=g\",\"caption\":\"Sebastian\"},\"url\":\"https:\\\/\\\/informelitoral.com.ar\\\/author\\\/sebastian\\\/\"}]}<\/script>","yoast_head_json":{"title":"Frigerio se reuni\u00f3 con el presidente de Uruguay para plantear la preocupaci\u00f3n por la instalaci\u00f3n de la planta de hidr\u00f3geno frente a Col\u00f3n - Informe Litoral","robots":{"index":"index","follow":"follow","max-snippet":"max-snippet:-1","max-image-preview":"max-image-preview:large","max-video-preview":"max-video-preview:-1"},"canonical":"https:\/\/informelitoral.com.ar\/frigerio-se-reunio-con-el-presidente-de-uruguay-para-plantear-la-preocupacion-por-la-instalacion-de-la-planta-de-hidrogeno-frente-a-colon\/","og_locale":"es_ES","og_type":"article","og_title":"Frigerio se reuni\u00f3 con el presidente de Uruguay para plantear la preocupaci\u00f3n por la instalaci\u00f3n de la planta de hidr\u00f3geno frente a Col\u00f3n - Informe Litoral","og_description":"El gobernador de Entre R\u00edos, Rogelio Frigerio, mantuvo este lunes su primer encuentro con el presidente de la Rep\u00fablica Oriental del Uruguay, Yamand\u00fa Orsi, y con el canciller Mario Lubetkin. En la reuni\u00f3n, que se desarroll\u00f3 en Montevideo, abordaron una agenda com\u00fan centrada en el cuidado del r\u00edo Uruguay, el desarrollo sostenible de ambas orillas y la necesidad de profundizar la cooperaci\u00f3n binacional.","og_url":"https:\/\/informelitoral.com.ar\/frigerio-se-reunio-con-el-presidente-de-uruguay-para-plantear-la-preocupacion-por-la-instalacion-de-la-planta-de-hidrogeno-frente-a-colon\/","og_site_name":"Informe Litoral","article_publisher":"https:\/\/www.facebook.com\/informelitoral\/","article_published_time":"2025-03-28T12:05:52+00:00","article_modified_time":"2025-03-28T12:06:40+00:00","og_image":[{"width":2121,"height":1414,"url":"https:\/\/informelitoral.com.ar\/%77%70%2d%63%6f%6e%74%65%6e%74\/uploads\/2025\/03\/Frigerio_Orsi.jpg","type":"image\/jpeg"}],"author":"Sebastian","twitter_card":"summary_large_image","twitter_creator":"@InformeLitoral","twitter_site":"@InformeLitoral","twitter_misc":{"Escrito por":"Sebastian","Tiempo de lectura":"2 minutos"},"schema":{"@context":"https:\/\/schema.org","@graph":[{"@type":"Article","@id":"https:\/\/informelitoral.com.ar\/frigerio-se-reunio-con-el-presidente-de-uruguay-para-plantear-la-preocupacion-por-la-instalacion-de-la-planta-de-hidrogeno-frente-a-colon\/#article","isPartOf":{"@id":"https:\/\/informelitoral.com.ar\/frigerio-se-reunio-con-el-presidente-de-uruguay-para-plantear-la-preocupacion-por-la-instalacion-de-la-planta-de-hidrogeno-frente-a-colon\/"},"author":{"name":"Sebastian","@id":"https:\/\/informelitoral.com.ar\/#\/schema\/person\/f05f9f461677119578717524b127d6d5"},"headline":"Frigerio se reuni\u00f3 con el presidente de Uruguay para plantear la preocupaci\u00f3n por la instalaci\u00f3n de la planta de hidr\u00f3geno frente a Col\u00f3n","datePublished":"2025-03-28T12:05:52+00:00","dateModified":"2025-03-28T12:06:40+00:00","mainEntityOfPage":{"@id":"https:\/\/informelitoral.com.ar\/frigerio-se-reunio-con-el-presidente-de-uruguay-para-plantear-la-preocupacion-por-la-instalacion-de-la-planta-de-hidrogeno-frente-a-colon\/"},"wordCount":513,"commentCount":0,"publisher":{"@id":"https:\/\/informelitoral.com.ar\/#organization"},"image":{"@id":"https:\/\/informelitoral.com.ar\/frigerio-se-reunio-con-el-presidente-de-uruguay-para-plantear-la-preocupacion-por-la-instalacion-de-la-planta-de-hidrogeno-frente-a-colon\/#primaryimage"},"thumbnailUrl":"https:\/\/informelitoral.com.ar\/%77%70%2d%63%6f%6e%74%65%6e%74\/uploads\/2025\/03\/Frigerio_Orsi.jpg","keywords":["Col\u00f3n","Planta de Hidr\u00f3geno","Presidente","Reuni\u00f3n","Rogelio Frigerio","Uruguay"],"articleSection":["Politica"],"inLanguage":"es","potentialAction":[{"@type":"CommentAction","name":"Comment","target":["https:\/\/informelitoral.com.ar\/frigerio-se-reunio-con-el-presidente-de-uruguay-para-plantear-la-preocupacion-por-la-instalacion-de-la-planta-de-hidrogeno-frente-a-colon\/#respond"]}]},{"@type":"WebPage","@id":"https:\/\/informelitoral.com.ar\/frigerio-se-reunio-con-el-presidente-de-uruguay-para-plantear-la-preocupacion-por-la-instalacion-de-la-planta-de-hidrogeno-frente-a-colon\/","url":"https:\/\/informelitoral.com.ar\/frigerio-se-reunio-con-el-presidente-de-uruguay-para-plantear-la-preocupacion-por-la-instalacion-de-la-planta-de-hidrogeno-frente-a-colon\/","name":"Frigerio se reuni\u00f3 con el presidente de Uruguay para plantear la preocupaci\u00f3n por la instalaci\u00f3n de la planta de hidr\u00f3geno frente a Col\u00f3n - Informe Litoral","isPartOf":{"@id":"https:\/\/informelitoral.com.ar\/#website"},"primaryImageOfPage":{"@id":"https:\/\/informelitoral.com.ar\/frigerio-se-reunio-con-el-presidente-de-uruguay-para-plantear-la-preocupacion-por-la-instalacion-de-la-planta-de-hidrogeno-frente-a-colon\/#primaryimage"},"image":{"@id":"https:\/\/informelitoral.com.ar\/frigerio-se-reunio-con-el-presidente-de-uruguay-para-plantear-la-preocupacion-por-la-instalacion-de-la-planta-de-hidrogeno-frente-a-colon\/#primaryimage"},"thumbnailUrl":"https:\/\/informelitoral.com.ar\/%77%70%2d%63%6f%6e%74%65%6e%74\/uploads\/2025\/03\/Frigerio_Orsi.jpg","datePublished":"2025-03-28T12:05:52+00:00","dateModified":"2025-03-28T12:06:40+00:00","breadcrumb":{"@id":"https:\/\/informelitoral.com.ar\/frigerio-se-reunio-con-el-presidente-de-uruguay-para-plantear-la-preocupacion-por-la-instalacion-de-la-planta-de-hidrogeno-frente-a-colon\/#breadcrumb"},"inLanguage":"es","potentialAction":[{"@type":"ReadAction","target":["https:\/\/informelitoral.com.ar\/frigerio-se-reunio-con-el-presidente-de-uruguay-para-plantear-la-preocupacion-por-la-instalacion-de-la-planta-de-hidrogeno-frente-a-colon\/"]}]},{"@type":"ImageObject","inLanguage":"es","@id":"https:\/\/informelitoral.com.ar\/frigerio-se-reunio-con-el-presidente-de-uruguay-para-plantear-la-preocupacion-por-la-instalacion-de-la-planta-de-hidrogeno-frente-a-colon\/#primaryimage","url":"https:\/\/informelitoral.com.ar\/%77%70%2d%63%6f%6e%74%65%6e%74\/uploads\/2025\/03\/Frigerio_Orsi.jpg","contentUrl":"https:\/\/informelitoral.com.ar\/%77%70%2d%63%6f%6e%74%65%6e%74\/uploads\/2025\/03\/Frigerio_Orsi.jpg","width":2121,"height":1414},{"@type":"BreadcrumbList","@id":"https:\/\/informelitoral.com.ar\/frigerio-se-reunio-con-el-presidente-de-uruguay-para-plantear-la-preocupacion-por-la-instalacion-de-la-planta-de-hidrogeno-frente-a-colon\/#breadcrumb","itemListElement":[{"@type":"ListItem","position":1,"name":"Portada","item":"https:\/\/informelitoral.com.ar\/"},{"@type":"ListItem","position":2,"name":"Frigerio se reuni\u00f3 con el presidente de Uruguay para plantear la preocupaci\u00f3n por la instalaci\u00f3n de la planta de hidr\u00f3geno frente a Col\u00f3n"}]},{"@type":"WebSite","@id":"https:\/\/informelitoral.com.ar\/#website","url":"https:\/\/informelitoral.com.ar\/","name":"Informe Litoral","description":"&quot;Nos informamos&quot; ","publisher":{"@id":"https:\/\/informelitoral.com.ar\/#organization"},"potentialAction":[{"@type":"SearchAction","target":{"@type":"EntryPoint","urlTemplate":"https:\/\/informelitoral.com.ar\/?s={search_term_string}"},"query-input":{"@type":"PropertyValueSpecification","valueRequired":true,"valueName":"search_term_string"}}],"inLanguage":"es"},{"@type":"Organization","@id":"https:\/\/informelitoral.com.ar\/#organization","name":"Informe Litoral","url":"https:\/\/informelitoral.com.ar\/","logo":{"@type":"ImageObject","inLanguage":"es","@id":"https:\/\/informelitoral.com.ar\/#\/schema\/logo\/image\/","url":"https:\/\/informelitoral.com.ar\/%77%70%2d%63%6f%6e%74%65%6e%74\/uploads\/2021\/01\/circulo.png","contentUrl":"https:\/\/informelitoral.com.ar\/%77%70%2d%63%6f%6e%74%65%6e%74\/uploads\/2021\/01\/circulo.png","width":723,"height":731,"caption":"Informe Litoral"},"image":{"@id":"https:\/\/informelitoral.com.ar\/#\/schema\/logo\/image\/"},"sameAs":["https:\/\/www.facebook.com\/informelitoral\/","https:\/\/x.com\/InformeLitoral","https:\/\/www.instagram.com\/informelitoral\/","https:\/\/www.youtube.com\/channel\/UCua4Qvz8Icb6MYqhoq9xLXw"]},{"@type":"Person","@id":"https:\/\/informelitoral.com.ar\/#\/schema\/person\/f05f9f461677119578717524b127d6d5","name":"Sebastian","image":{"@type":"ImageObject","inLanguage":"es","@id":"https:\/\/secure.gravatar.com\/avatar\/b71bf7481d447dfb9583c7f2798e7cc64de6efb9067b74633ed8c31059a3bd82?s=96&d=mm&r=g","url":"https:\/\/secure.gravatar.com\/avatar\/b71bf7481d447dfb9583c7f2798e7cc64de6efb9067b74633ed8c31059a3bd82?s=96&d=mm&r=g","contentUrl":"https:\/\/secure.gravatar.com\/avatar\/b71bf7481d447dfb9583c7f2798e7cc64de6efb9067b74633ed8c31059a3bd82?s=96&d=mm&r=g","caption":"Sebastian"},"url":"https:\/\/informelitoral.com.ar\/author\/sebastian\/"}]}},"_links":{"self":[{"href":"https:\/\/informelitoral.com.ar\/%77%70%2d%6a%73%6f%6e\/wp\/v2\/posts\/216516","targetHints":{"allow":["GET"]}}],"collection":[{"href":"https:\/\/informelitoral.com.ar\/%77%70%2d%6a%73%6f%6e\/wp\/v2\/posts"}],"about":[{"href":"https:\/\/informelitoral.com.ar\/%77%70%2d%6a%73%6f%6e\/wp\/v2\/types\/post"}],"author":[{"embeddable":true,"href":"https:\/\/informelitoral.com.ar\/%77%70%2d%6a%73%6f%6e\/wp\/v2\/users\/8"}],"replies":[{"embeddable":true,"href":"https:\/\/informelitoral.com.ar\/%77%70%2d%6a%73%6f%6e\/wp\/v2\/comments?post=216516"}],"version-history":[{"count":0,"href":"https:\/\/informelitoral.com.ar\/%77%70%2d%6a%73%6f%6e\/wp\/v2\/posts\/216516\/revisions"}],"wp:featuredmedia":[{"embeddable":true,"href":"https:\/\/informelitoral.com.ar\/%77%70%2d%6a%73%6f%6e\/wp\/v2\/media\/216517"}],"wp:attachment":[{"href":"https:\/\/informelitoral.com.ar\/%77%70%2d%6a%73%6f%6e\/wp\/v2\/media?parent=216516"}],"wp:term":[{"taxonomy":"category","embeddable":true,"href":"https:\/\/informelitoral.com.ar\/%77%70%2d%6a%73%6f%6e\/wp\/v2\/categories?post=216516"},{"taxonomy":"post_tag","embeddable":true,"href":"https:\/\/informelitoral.com.ar\/%77%70%2d%6a%73%6f%6e\/wp\/v2\/tags?post=216516"}],"curies":[{"name":"wp","href":"https:\/\/api.w.org\/{rel}","templated":true}]}}