{"id":216476,"date":"2025-03-27T19:13:39","date_gmt":"2025-03-27T22:13:39","guid":{"rendered":"https:\/\/informelitoral.com.ar\/?p=216476"},"modified":"2025-03-28T07:18:39","modified_gmt":"2025-03-28T10:18:39","slug":"mauricio-colello-no-cerro-las-puertas-a-un-acuerdo-con-los-libertarios-el-limite-es-el-kirchnerismo","status":"publish","type":"post","link":"https:\/\/informelitoral.com.ar\/mauricio-colello-no-cerro-las-puertas-a-un-acuerdo-con-los-libertarios-el-limite-es-el-kirchnerismo\/","title":{"rendered":"Mauricio Colello no cerr\u00f3 las puertas a un acuerdo con los libertarios: \u201cEl l\u00edmite es el kirchnerismo\u201d"},"content":{"rendered":"<p>Tras participar de un Encuentro de Juventudes en el marco de la reuni\u00f3n de la Regi\u00f3n Centro en Santa Fe, el secretario general de la Gobernaci\u00f3n, <strong>Mauricio Colello<\/strong> visit\u00f3 el programa <a href=\"https:\/\/informelitoral.com.ar\/la-hora-del-6-el-nuevo-programa-de-canal-6-ertv\/\" target=\"_blank\" rel=\"noopener\"><strong><em>La Hora del 6<\/em><\/strong><\/a> por <em>Canal 6 ERTV<\/em> donde hizo un repaso de los logros y desaf\u00edos de la gesti\u00f3n encabezada por <strong>Rogelio Frigerio<\/strong>. Puso \u00e9nfasis en mejorar la calidad educativa y en el \u00e1mbito pol\u00edtico volvi\u00f3 a arremeter contra el \u201ckirchnerismo\u201d y si bien no confirm\u00f3 nada, tampoco cerr\u00f3 las puertas a una propuesta electoral conjunta con La Libertad Avanza.<\/p>\n<p>Reconocido por su bajo perfil, aseguran que Frigerio deposita su confianza en Colello, quien comenz\u00f3 a trabajar junto al actual gobernador cuando ten\u00eda apenas unos 22 a\u00f1os. Es por ello que remarc\u00f3 todo el tiempo la importancia del \u201cencuentro y la participaci\u00f3n de los j\u00f3venes en la pol\u00edtica. <strong>La gente se cans\u00f3 de ver las mismas caras y empez\u00f3 a exigir una renovaci\u00f3n. La historia nos puso en un momento donde nos tenemos que hacer cargo, no podemos esperar que otros hagan los cambios que queremos hacer\u201d<\/strong>, asegur\u00f3.<\/p>\n<h2><strong>Logros a m\u00e1s de un a\u00f1o de gesti\u00f3n<\/strong><\/h2>\n<p>A un a\u00f1o y tres meses al frente del Ejecutivo entrerriano, el secretario General de la Gobernaci\u00f3n consider\u00f3 que est\u00e1n liderando <strong>\u201cuna transformaci\u00f3n enorme y sist\u00e9mica<\/strong>. <strong>Pasamos de ser una provincia con d\u00e9ficit a tener equilibrio; pasamos de tener la obra p\u00fablica neutralizada y endeudada a pagar la deuda y reactivar las obras; pasamos de tener una Caja de Jubilaciones que en tres a\u00f1os no iba a poder pagar el 182 m\u00f3vil y hemos saldado eso para que sea sustentable en el tiempo; hemos intervenido el IOSPER que brill\u00f3 por lo oscuro que era y gradualmente estamos mejorando el servicio a los afiliados y prestadores\u201d,<\/strong> dijo Colello y record\u00f3 gastos injustificados y otros actos de la anterior conducci\u00f3n de la obra social.<\/p>\n<p>No obstante, Mauricio Colello dej\u00f3 en claro que \u201cla transformaci\u00f3n es parte de un proceso y falta un largo camino por recorrer, por eso nuestro lema es `Ma\u00f1ana es mejor que hoy\u2019. El primer a\u00f1o fue de siembra, donde tuvimos que ordenar muchas cosas en el Gobierno, ahora estamos viendo las primeras cosechas. <strong>Queremos que los sueldos de los trabajadores estatales igualen o est\u00e9n por encima de la inflaci\u00f3n pero hay que administrar los recursos de los entrerrianos con responsabilidad. Ahora en la Educaci\u00f3n tenemos que debatir la calidad, m\u00e1s all\u00e1 del salario. Por eso progresivamente tenemos que mejorar la infraestructura, no puede ser que haya escuelas que no funcionen cuando llueve, pero eso no se logra en cuatro a\u00f1os<\/strong>\u201d, aclar\u00f3.<\/p>\n<h2><strong>Una larga relaci\u00f3n con Frigerio<\/strong><\/h2>\n<p>Hace 15 a\u00f1os o algo m\u00e1s que Colello conoce y comparte diferentes \u00e1mbitos con el gobernador. \u201cDonde m\u00e1s nos conocimos fue en el Ministerio del Interior. Hemos dado 10 vueltas al mundo dentro del pa\u00eds en esos a\u00f1os de gesti\u00f3n. <strong>Valoro mucho el compromiso y el profesionalismo con el que asume las diferentes gestiones. Se mete en el detalle de cada Ministerio. Tiene un seguimiento permanente de cada \u00e1rea y a todo le pone el coraz\u00f3n. Por eso es un gran gobernador.<\/strong> Tenemos agendas paralelas, pero muchas veces me pide que participe \u00a0de algunas reuniones y se rompe mi agenda\u201d, reconoci\u00f3 uno de los hombres de mayor poder despu\u00e9s del gobernador ya adem\u00e1s de controlar directamente varias \u00e1reas, tiene influencia sobre cada Ministerio.<\/p>\n<p>Oriundo de Rosario, Colello se reconoce un fan\u00e1tico de Newell&#8217;s Old Boys \u00a0y cada vez que puede va a la cancha, aunque reconoci\u00f3 que prefiere no hablar tanto de f\u00fatbol porque el club de sus amores no est\u00e1 pasando por un buen momento. Actualmente la Lepra est\u00e1 luchando para no perder la categor\u00eda.<\/p>\n<h2><strong>Elecciones legislativas 2025: \u00bfAcuerdo con LLA?<\/strong><\/h2>\n<p>Si bien prefiri\u00f3 no profundizar tanto en el tema ya que consider\u00f3, al menos en p\u00fablico, que \u201clas elecciones de medio t\u00e9rmino no implican cargos provinciales por lo que es m\u00e1s del \u00e1mbito nacional\u00bb.<\/p>\n<p>En ese marco coment\u00f3: <strong>\u201cUno recorre mucho, el contacto con los vecinos es fundamental. Un expediente que hay en Paran\u00e1 significa una mejora de vida en otra localidad. En esas recorridas lo que se percibe es que no quieren volver al pasado\u201d,<\/strong> en referencia a la gesti\u00f3n de Alberto Fern\u00e1ndez, especialmente durante la pandemia.<\/p>\n<p>Al ser consultado sobre si se ven juntos en una misma lista con los libertarios, como ya sucedi\u00f3 en la provincia de Chaco, -en Entre R\u00edos el plazo para presentar alianzar cerra el 7 de agosto- expres\u00f3: <strong>\u201cdonde no me veo es con Alberto Fern\u00e1ndez y con el kirchnerismo. Lo peor que le pas\u00f3 a Argentina en las \u00faltimas d\u00e9cadas es la mirada cortoplacista, dirigentes que piensan m\u00e1s en las elecciones que en las pr\u00f3ximas generaciones y nosotros queremos dejar a la provincia mejor de lo que la recibimos. Alberto fue el peor gobierno de la democracia, los que formaron parte de eso me llama la atenci\u00f3n que hagan planteos hoy\u201d, <\/strong>asever\u00f3. \u00a0<em>(Informe Litoral)<\/em><\/p>\n<h2><strong>Ver la entrevista completa con Mauricio Colello:\u00a0<\/strong><\/h2>\n<div class=\"youtube-embed\" data-video_id=\"NBRM2BstwI8\"><iframe loading=\"lazy\" title=\"Mauricio Colello I Desaf\u00edos del Gobierno entrerriano para los pr\u00f3ximos a\u00f1os\" width=\"696\" height=\"392\" src=\"https:\/\/www.youtube.com\/embed\/NBRM2BstwI8?feature=oembed&#038;enablejsapi=1\" frameborder=\"0\" allow=\"accelerometer; autoplay; clipboard-write; encrypted-media; gyroscope; picture-in-picture; web-share\" referrerpolicy=\"strict-origin-when-cross-origin\" allowfullscreen><\/iframe><\/div>\n<h6><em><strong>Del archivo:\u00a0<a href=\"https:\/\/informelitoral.com.ar\/el-presto-pondero-a-frigerio-y-no-descarta-ser-candidato\/\" target=\"_blank\" rel=\"noopener\">El Presto ponder\u00f3 a Frigerio y no descarta ser candidato<\/a><\/strong><\/em><\/h6>\n<h6><em><strong><a href=\"https:\/\/informelitoral.com.ar\/enrique-rios-no-recibimos-ningun-acompanamiento-del-gobierno-nacional-y-muy-escaso-de-la-provincia\/\" target=\"_blank\" rel=\"noopener\">Enrique R\u00edos: \u00abNo recibimos ning\u00fan acompa\u00f1amiento del Gobierno nacional y muy escaso de la Provincia\u00bb<\/a><\/strong><\/em><\/h6>\n<h6><em><strong><a href=\"https:\/\/informelitoral.com.ar\/el-videografo-del-gobernador-aseguro-que-los-paranaenses-son-siesteros\/\" target=\"_blank\" rel=\"noopener\">El vide\u00f3grafo del gobernador asegur\u00f3 que los paranaenses son siesteros<\/a><\/strong><\/em><\/h6>\n","protected":false},"excerpt":{"rendered":"<p>El secretario general de la Gobernaci\u00f3n, enumer\u00f3 logros de la gesti\u00f3n de Frigerio y reconoci\u00f3 que el desaf\u00edo es mejorar la calidad educativa. En La Hora del 6, calific\u00f3 al gobierno de Fern\u00e1ndez como el \u201cpeor de la democracia\u201d.<\/p>\n","protected":false},"author":2,"featured_media":216477,"comment_status":"open","ping_status":"open","sticky":false,"template":"","format":"standard","meta":{"fifu_image_url":"","fifu_image_alt":"","footnotes":""},"categories":[16],"tags":[3476,81,2540,5126,5656,949],"class_list":{"0":"post-216476","1":"post","2":"type-post","3":"status-publish","4":"format-standard","5":"has-post-thumbnail","7":"category-politi","8":"tag-canal-6-ertv","9":"tag-entre-rios","10":"tag-juntos-por-entre-rios","11":"tag-la-hora-del-6","12":"tag-mauricio-colello","13":"tag-rogelio-frigerio"},"yoast_head":"<title>Mauricio Colello no cerr\u00f3 las puertas a un acuerdo con los libertarios: \u201cEl l\u00edmite es el kirchnerismo\u201d - Informe Litoral<\/title>\n<meta name=\"robots\" content=\"index, follow, max-snippet:-1, max-image-preview:large, max-video-preview:-1\" \/>\n<link rel=\"canonical\" href=\"https:\/\/informelitoral.com.ar\/mauricio-colello-no-cerro-las-puertas-a-un-acuerdo-con-los-libertarios-el-limite-es-el-kirchnerismo\/\" \/>\n<meta property=\"og:locale\" content=\"es_ES\" \/>\n<meta property=\"og:type\" content=\"article\" \/>\n<meta property=\"og:title\" content=\"Mauricio Colello no cerr\u00f3 las puertas a un acuerdo con los libertarios: \u201cEl l\u00edmite es el kirchnerismo\u201d - Informe Litoral\" \/>\n<meta property=\"og:description\" content=\"El secretario general de la Gobernaci\u00f3n, enumer\u00f3 logros de la gesti\u00f3n de Frigerio y reconoci\u00f3 que el desaf\u00edo es mejorar la calidad educativa. En La Hora del 6, calific\u00f3 al gobierno de Fern\u00e1ndez como el \u201cpeor de la democracia\u201d.\" \/>\n<meta property=\"og:url\" content=\"https:\/\/informelitoral.com.ar\/mauricio-colello-no-cerro-las-puertas-a-un-acuerdo-con-los-libertarios-el-limite-es-el-kirchnerismo\/\" \/>\n<meta property=\"og:site_name\" content=\"Informe Litoral\" \/>\n<meta property=\"article:publisher\" content=\"https:\/\/www.facebook.com\/informelitoral\/\" \/>\n<meta property=\"article:published_time\" content=\"2025-03-27T22:13:39+00:00\" \/>\n<meta property=\"article:modified_time\" content=\"2025-03-28T10:18:39+00:00\" \/>\n<meta property=\"og:image\" content=\"https:\/\/informelitoral.com.ar\/%77%70%2d%63%6f%6e%74%65%6e%74\/uploads\/2025\/03\/mauricio-colello-la-hora-del-6-canal-6-ertv.jpg\" \/>\n\t<meta property=\"og:image:width\" content=\"1920\" \/>\n\t<meta property=\"og:image:height\" content=\"1080\" \/>\n\t<meta property=\"og:image:type\" content=\"image\/jpeg\" \/>\n<meta name=\"author\" content=\"Gonzalo Schmidt\" \/>\n<meta name=\"twitter:card\" content=\"summary_large_image\" \/>\n<meta name=\"twitter:creator\" content=\"@InformeLitoral\" \/>\n<meta name=\"twitter:site\" content=\"@InformeLitoral\" \/>\n<meta name=\"twitter:label1\" content=\"Escrito por\" \/>\n\t<meta name=\"twitter:data1\" content=\"Gonzalo Schmidt\" \/>\n\t<meta name=\"twitter:label2\" content=\"Tiempo de lectura\" \/>\n\t<meta name=\"twitter:data2\" content=\"5 minutos\" \/>\n<script type=\"application\/ld+json\" class=\"yoast-schema-graph\">{\"@context\":\"https:\\\/\\\/schema.org\",\"@graph\":[{\"@type\":\"Article\",\"@id\":\"https:\\\/\\\/informelitoral.com.ar\\\/mauricio-colello-no-cerro-las-puertas-a-un-acuerdo-con-los-libertarios-el-limite-es-el-kirchnerismo\\\/#article\",\"isPartOf\":{\"@id\":\"https:\\\/\\\/informelitoral.com.ar\\\/mauricio-colello-no-cerro-las-puertas-a-un-acuerdo-con-los-libertarios-el-limite-es-el-kirchnerismo\\\/\"},\"author\":{\"name\":\"Gonzalo Schmidt\",\"@id\":\"https:\\\/\\\/informelitoral.com.ar\\\/#\\\/schema\\\/person\\\/b9d00407c836482871ef1d57bf8e3180\"},\"headline\":\"Mauricio Colello no cerr\u00f3 las puertas a un acuerdo con los libertarios: \u201cEl l\u00edmite es el kirchnerismo\u201d\",\"datePublished\":\"2025-03-27T22:13:39+00:00\",\"dateModified\":\"2025-03-28T10:18:39+00:00\",\"mainEntityOfPage\":{\"@id\":\"https:\\\/\\\/informelitoral.com.ar\\\/mauricio-colello-no-cerro-las-puertas-a-un-acuerdo-con-los-libertarios-el-limite-es-el-kirchnerismo\\\/\"},\"wordCount\":944,\"commentCount\":0,\"publisher\":{\"@id\":\"https:\\\/\\\/informelitoral.com.ar\\\/#organization\"},\"image\":{\"@id\":\"https:\\\/\\\/informelitoral.com.ar\\\/mauricio-colello-no-cerro-las-puertas-a-un-acuerdo-con-los-libertarios-el-limite-es-el-kirchnerismo\\\/#primaryimage\"},\"thumbnailUrl\":\"https:\\\/\\\/informelitoral.com.ar\\\/%77%70%2d%63%6f%6e%74%65%6e%74\\\/uploads\\\/2025\\\/03\\\/mauricio-colello-la-hora-del-6-canal-6-ertv.jpg\",\"keywords\":[\"Canal 6 ERTV\",\"Entre R\u00edos\",\"Juntos por Entre R\u00edos\",\"La hora del 6\",\"Mauricio Colello\",\"Rogelio Frigerio\"],\"articleSection\":[\"Politica\"],\"inLanguage\":\"es\",\"potentialAction\":[{\"@type\":\"CommentAction\",\"name\":\"Comment\",\"target\":[\"https:\\\/\\\/informelitoral.com.ar\\\/mauricio-colello-no-cerro-las-puertas-a-un-acuerdo-con-los-libertarios-el-limite-es-el-kirchnerismo\\\/#respond\"]}]},{\"@type\":\"WebPage\",\"@id\":\"https:\\\/\\\/informelitoral.com.ar\\\/mauricio-colello-no-cerro-las-puertas-a-un-acuerdo-con-los-libertarios-el-limite-es-el-kirchnerismo\\\/\",\"url\":\"https:\\\/\\\/informelitoral.com.ar\\\/mauricio-colello-no-cerro-las-puertas-a-un-acuerdo-con-los-libertarios-el-limite-es-el-kirchnerismo\\\/\",\"name\":\"Mauricio Colello no cerr\u00f3 las puertas a un acuerdo con los libertarios: \u201cEl l\u00edmite es el kirchnerismo\u201d - Informe Litoral\",\"isPartOf\":{\"@id\":\"https:\\\/\\\/informelitoral.com.ar\\\/#website\"},\"primaryImageOfPage\":{\"@id\":\"https:\\\/\\\/informelitoral.com.ar\\\/mauricio-colello-no-cerro-las-puertas-a-un-acuerdo-con-los-libertarios-el-limite-es-el-kirchnerismo\\\/#primaryimage\"},\"image\":{\"@id\":\"https:\\\/\\\/informelitoral.com.ar\\\/mauricio-colello-no-cerro-las-puertas-a-un-acuerdo-con-los-libertarios-el-limite-es-el-kirchnerismo\\\/#primaryimage\"},\"thumbnailUrl\":\"https:\\\/\\\/informelitoral.com.ar\\\/%77%70%2d%63%6f%6e%74%65%6e%74\\\/uploads\\\/2025\\\/03\\\/mauricio-colello-la-hora-del-6-canal-6-ertv.jpg\",\"datePublished\":\"2025-03-27T22:13:39+00:00\",\"dateModified\":\"2025-03-28T10:18:39+00:00\",\"breadcrumb\":{\"@id\":\"https:\\\/\\\/informelitoral.com.ar\\\/mauricio-colello-no-cerro-las-puertas-a-un-acuerdo-con-los-libertarios-el-limite-es-el-kirchnerismo\\\/#breadcrumb\"},\"inLanguage\":\"es\",\"potentialAction\":[{\"@type\":\"ReadAction\",\"target\":[\"https:\\\/\\\/informelitoral.com.ar\\\/mauricio-colello-no-cerro-las-puertas-a-un-acuerdo-con-los-libertarios-el-limite-es-el-kirchnerismo\\\/\"]}]},{\"@type\":\"ImageObject\",\"inLanguage\":\"es\",\"@id\":\"https:\\\/\\\/informelitoral.com.ar\\\/mauricio-colello-no-cerro-las-puertas-a-un-acuerdo-con-los-libertarios-el-limite-es-el-kirchnerismo\\\/#primaryimage\",\"url\":\"https:\\\/\\\/informelitoral.com.ar\\\/%77%70%2d%63%6f%6e%74%65%6e%74\\\/uploads\\\/2025\\\/03\\\/mauricio-colello-la-hora-del-6-canal-6-ertv.jpg\",\"contentUrl\":\"https:\\\/\\\/informelitoral.com.ar\\\/%77%70%2d%63%6f%6e%74%65%6e%74\\\/uploads\\\/2025\\\/03\\\/mauricio-colello-la-hora-del-6-canal-6-ertv.jpg\",\"width\":1920,\"height\":1080,\"caption\":\"Mauricio Colello, secretario General de la Gobernaci\u00f3n en La Hora del 6 por Canal 6 ERTV.\"},{\"@type\":\"BreadcrumbList\",\"@id\":\"https:\\\/\\\/informelitoral.com.ar\\\/mauricio-colello-no-cerro-las-puertas-a-un-acuerdo-con-los-libertarios-el-limite-es-el-kirchnerismo\\\/#breadcrumb\",\"itemListElement\":[{\"@type\":\"ListItem\",\"position\":1,\"name\":\"Portada\",\"item\":\"https:\\\/\\\/informelitoral.com.ar\\\/\"},{\"@type\":\"ListItem\",\"position\":2,\"name\":\"Mauricio Colello no cerr\u00f3 las puertas a un acuerdo con los libertarios: \u201cEl l\u00edmite es el kirchnerismo\u201d\"}]},{\"@type\":\"WebSite\",\"@id\":\"https:\\\/\\\/informelitoral.com.ar\\\/#website\",\"url\":\"https:\\\/\\\/informelitoral.com.ar\\\/\",\"name\":\"Informe Litoral\",\"description\":\"&quot;Nos informamos&quot; \",\"publisher\":{\"@id\":\"https:\\\/\\\/informelitoral.com.ar\\\/#organization\"},\"potentialAction\":[{\"@type\":\"SearchAction\",\"target\":{\"@type\":\"EntryPoint\",\"urlTemplate\":\"https:\\\/\\\/informelitoral.com.ar\\\/?s={search_term_string}\"},\"query-input\":{\"@type\":\"PropertyValueSpecification\",\"valueRequired\":true,\"valueName\":\"search_term_string\"}}],\"inLanguage\":\"es\"},{\"@type\":\"Organization\",\"@id\":\"https:\\\/\\\/informelitoral.com.ar\\\/#organization\",\"name\":\"Informe Litoral\",\"url\":\"https:\\\/\\\/informelitoral.com.ar\\\/\",\"logo\":{\"@type\":\"ImageObject\",\"inLanguage\":\"es\",\"@id\":\"https:\\\/\\\/informelitoral.com.ar\\\/#\\\/schema\\\/logo\\\/image\\\/\",\"url\":\"https:\\\/\\\/informelitoral.com.ar\\\/%77%70%2d%63%6f%6e%74%65%6e%74\\\/uploads\\\/2021\\\/01\\\/circulo.png\",\"contentUrl\":\"https:\\\/\\\/informelitoral.com.ar\\\/%77%70%2d%63%6f%6e%74%65%6e%74\\\/uploads\\\/2021\\\/01\\\/circulo.png\",\"width\":723,\"height\":731,\"caption\":\"Informe Litoral\"},\"image\":{\"@id\":\"https:\\\/\\\/informelitoral.com.ar\\\/#\\\/schema\\\/logo\\\/image\\\/\"},\"sameAs\":[\"https:\\\/\\\/www.facebook.com\\\/informelitoral\\\/\",\"https:\\\/\\\/x.com\\\/InformeLitoral\",\"https:\\\/\\\/www.instagram.com\\\/informelitoral\\\/\",\"https:\\\/\\\/www.youtube.com\\\/channel\\\/UCua4Qvz8Icb6MYqhoq9xLXw\"]},{\"@type\":\"Person\",\"@id\":\"https:\\\/\\\/informelitoral.com.ar\\\/#\\\/schema\\\/person\\\/b9d00407c836482871ef1d57bf8e3180\",\"name\":\"Gonzalo Schmidt\",\"image\":{\"@type\":\"ImageObject\",\"inLanguage\":\"es\",\"@id\":\"https:\\\/\\\/secure.gravatar.com\\\/avatar\\\/31a1a7b66ff2de83bd0e9fd79d026630d2d99e55e8bfe501287647b4fd9743de?s=96&d=mm&r=g\",\"url\":\"https:\\\/\\\/secure.gravatar.com\\\/avatar\\\/31a1a7b66ff2de83bd0e9fd79d026630d2d99e55e8bfe501287647b4fd9743de?s=96&d=mm&r=g\",\"contentUrl\":\"https:\\\/\\\/secure.gravatar.com\\\/avatar\\\/31a1a7b66ff2de83bd0e9fd79d026630d2d99e55e8bfe501287647b4fd9743de?s=96&d=mm&r=g\",\"caption\":\"Gonzalo Schmidt\"},\"description\":\"Sitio web de noticias de la provincia de Entre R\u00edos, Argentina. Informaci\u00f3n y entretenimiento. Informe Litoral, nos informamos.\",\"sameAs\":[\"http:\\\/\\\/www.isletasnoticias.com.ar\"],\"url\":\"https:\\\/\\\/informelitoral.com.ar\\\/author\\\/gonzalo\\\/\"}]}<\/script>","yoast_head_json":{"title":"Mauricio Colello no cerr\u00f3 las puertas a un acuerdo con los libertarios: \u201cEl l\u00edmite es el kirchnerismo\u201d - Informe Litoral","robots":{"index":"index","follow":"follow","max-snippet":"max-snippet:-1","max-image-preview":"max-image-preview:large","max-video-preview":"max-video-preview:-1"},"canonical":"https:\/\/informelitoral.com.ar\/mauricio-colello-no-cerro-las-puertas-a-un-acuerdo-con-los-libertarios-el-limite-es-el-kirchnerismo\/","og_locale":"es_ES","og_type":"article","og_title":"Mauricio Colello no cerr\u00f3 las puertas a un acuerdo con los libertarios: \u201cEl l\u00edmite es el kirchnerismo\u201d - Informe Litoral","og_description":"El secretario general de la Gobernaci\u00f3n, enumer\u00f3 logros de la gesti\u00f3n de Frigerio y reconoci\u00f3 que el desaf\u00edo es mejorar la calidad educativa. En La Hora del 6, calific\u00f3 al gobierno de Fern\u00e1ndez como el \u201cpeor de la democracia\u201d.","og_url":"https:\/\/informelitoral.com.ar\/mauricio-colello-no-cerro-las-puertas-a-un-acuerdo-con-los-libertarios-el-limite-es-el-kirchnerismo\/","og_site_name":"Informe Litoral","article_publisher":"https:\/\/www.facebook.com\/informelitoral\/","article_published_time":"2025-03-27T22:13:39+00:00","article_modified_time":"2025-03-28T10:18:39+00:00","og_image":[{"width":1920,"height":1080,"url":"https:\/\/informelitoral.com.ar\/%77%70%2d%63%6f%6e%74%65%6e%74\/uploads\/2025\/03\/mauricio-colello-la-hora-del-6-canal-6-ertv.jpg","type":"image\/jpeg"}],"author":"Gonzalo Schmidt","twitter_card":"summary_large_image","twitter_creator":"@InformeLitoral","twitter_site":"@InformeLitoral","twitter_misc":{"Escrito por":"Gonzalo Schmidt","Tiempo de lectura":"5 minutos"},"schema":{"@context":"https:\/\/schema.org","@graph":[{"@type":"Article","@id":"https:\/\/informelitoral.com.ar\/mauricio-colello-no-cerro-las-puertas-a-un-acuerdo-con-los-libertarios-el-limite-es-el-kirchnerismo\/#article","isPartOf":{"@id":"https:\/\/informelitoral.com.ar\/mauricio-colello-no-cerro-las-puertas-a-un-acuerdo-con-los-libertarios-el-limite-es-el-kirchnerismo\/"},"author":{"name":"Gonzalo Schmidt","@id":"https:\/\/informelitoral.com.ar\/#\/schema\/person\/b9d00407c836482871ef1d57bf8e3180"},"headline":"Mauricio Colello no cerr\u00f3 las puertas a un acuerdo con los libertarios: \u201cEl l\u00edmite es el kirchnerismo\u201d","datePublished":"2025-03-27T22:13:39+00:00","dateModified":"2025-03-28T10:18:39+00:00","mainEntityOfPage":{"@id":"https:\/\/informelitoral.com.ar\/mauricio-colello-no-cerro-las-puertas-a-un-acuerdo-con-los-libertarios-el-limite-es-el-kirchnerismo\/"},"wordCount":944,"commentCount":0,"publisher":{"@id":"https:\/\/informelitoral.com.ar\/#organization"},"image":{"@id":"https:\/\/informelitoral.com.ar\/mauricio-colello-no-cerro-las-puertas-a-un-acuerdo-con-los-libertarios-el-limite-es-el-kirchnerismo\/#primaryimage"},"thumbnailUrl":"https:\/\/informelitoral.com.ar\/%77%70%2d%63%6f%6e%74%65%6e%74\/uploads\/2025\/03\/mauricio-colello-la-hora-del-6-canal-6-ertv.jpg","keywords":["Canal 6 ERTV","Entre R\u00edos","Juntos por Entre R\u00edos","La hora del 6","Mauricio Colello","Rogelio Frigerio"],"articleSection":["Politica"],"inLanguage":"es","potentialAction":[{"@type":"CommentAction","name":"Comment","target":["https:\/\/informelitoral.com.ar\/mauricio-colello-no-cerro-las-puertas-a-un-acuerdo-con-los-libertarios-el-limite-es-el-kirchnerismo\/#respond"]}]},{"@type":"WebPage","@id":"https:\/\/informelitoral.com.ar\/mauricio-colello-no-cerro-las-puertas-a-un-acuerdo-con-los-libertarios-el-limite-es-el-kirchnerismo\/","url":"https:\/\/informelitoral.com.ar\/mauricio-colello-no-cerro-las-puertas-a-un-acuerdo-con-los-libertarios-el-limite-es-el-kirchnerismo\/","name":"Mauricio Colello no cerr\u00f3 las puertas a un acuerdo con los libertarios: \u201cEl l\u00edmite es el kirchnerismo\u201d - Informe Litoral","isPartOf":{"@id":"https:\/\/informelitoral.com.ar\/#website"},"primaryImageOfPage":{"@id":"https:\/\/informelitoral.com.ar\/mauricio-colello-no-cerro-las-puertas-a-un-acuerdo-con-los-libertarios-el-limite-es-el-kirchnerismo\/#primaryimage"},"image":{"@id":"https:\/\/informelitoral.com.ar\/mauricio-colello-no-cerro-las-puertas-a-un-acuerdo-con-los-libertarios-el-limite-es-el-kirchnerismo\/#primaryimage"},"thumbnailUrl":"https:\/\/informelitoral.com.ar\/%77%70%2d%63%6f%6e%74%65%6e%74\/uploads\/2025\/03\/mauricio-colello-la-hora-del-6-canal-6-ertv.jpg","datePublished":"2025-03-27T22:13:39+00:00","dateModified":"2025-03-28T10:18:39+00:00","breadcrumb":{"@id":"https:\/\/informelitoral.com.ar\/mauricio-colello-no-cerro-las-puertas-a-un-acuerdo-con-los-libertarios-el-limite-es-el-kirchnerismo\/#breadcrumb"},"inLanguage":"es","potentialAction":[{"@type":"ReadAction","target":["https:\/\/informelitoral.com.ar\/mauricio-colello-no-cerro-las-puertas-a-un-acuerdo-con-los-libertarios-el-limite-es-el-kirchnerismo\/"]}]},{"@type":"ImageObject","inLanguage":"es","@id":"https:\/\/informelitoral.com.ar\/mauricio-colello-no-cerro-las-puertas-a-un-acuerdo-con-los-libertarios-el-limite-es-el-kirchnerismo\/#primaryimage","url":"https:\/\/informelitoral.com.ar\/%77%70%2d%63%6f%6e%74%65%6e%74\/uploads\/2025\/03\/mauricio-colello-la-hora-del-6-canal-6-ertv.jpg","contentUrl":"https:\/\/informelitoral.com.ar\/%77%70%2d%63%6f%6e%74%65%6e%74\/uploads\/2025\/03\/mauricio-colello-la-hora-del-6-canal-6-ertv.jpg","width":1920,"height":1080,"caption":"Mauricio Colello, secretario General de la Gobernaci\u00f3n en La Hora del 6 por Canal 6 ERTV."},{"@type":"BreadcrumbList","@id":"https:\/\/informelitoral.com.ar\/mauricio-colello-no-cerro-las-puertas-a-un-acuerdo-con-los-libertarios-el-limite-es-el-kirchnerismo\/#breadcrumb","itemListElement":[{"@type":"ListItem","position":1,"name":"Portada","item":"https:\/\/informelitoral.com.ar\/"},{"@type":"ListItem","position":2,"name":"Mauricio Colello no cerr\u00f3 las puertas a un acuerdo con los libertarios: \u201cEl l\u00edmite es el kirchnerismo\u201d"}]},{"@type":"WebSite","@id":"https:\/\/informelitoral.com.ar\/#website","url":"https:\/\/informelitoral.com.ar\/","name":"Informe Litoral","description":"&quot;Nos informamos&quot; ","publisher":{"@id":"https:\/\/informelitoral.com.ar\/#organization"},"potentialAction":[{"@type":"SearchAction","target":{"@type":"EntryPoint","urlTemplate":"https:\/\/informelitoral.com.ar\/?s={search_term_string}"},"query-input":{"@type":"PropertyValueSpecification","valueRequired":true,"valueName":"search_term_string"}}],"inLanguage":"es"},{"@type":"Organization","@id":"https:\/\/informelitoral.com.ar\/#organization","name":"Informe Litoral","url":"https:\/\/informelitoral.com.ar\/","logo":{"@type":"ImageObject","inLanguage":"es","@id":"https:\/\/informelitoral.com.ar\/#\/schema\/logo\/image\/","url":"https:\/\/informelitoral.com.ar\/%77%70%2d%63%6f%6e%74%65%6e%74\/uploads\/2021\/01\/circulo.png","contentUrl":"https:\/\/informelitoral.com.ar\/%77%70%2d%63%6f%6e%74%65%6e%74\/uploads\/2021\/01\/circulo.png","width":723,"height":731,"caption":"Informe Litoral"},"image":{"@id":"https:\/\/informelitoral.com.ar\/#\/schema\/logo\/image\/"},"sameAs":["https:\/\/www.facebook.com\/informelitoral\/","https:\/\/x.com\/InformeLitoral","https:\/\/www.instagram.com\/informelitoral\/","https:\/\/www.youtube.com\/channel\/UCua4Qvz8Icb6MYqhoq9xLXw"]},{"@type":"Person","@id":"https:\/\/informelitoral.com.ar\/#\/schema\/person\/b9d00407c836482871ef1d57bf8e3180","name":"Gonzalo Schmidt","image":{"@type":"ImageObject","inLanguage":"es","@id":"https:\/\/secure.gravatar.com\/avatar\/31a1a7b66ff2de83bd0e9fd79d026630d2d99e55e8bfe501287647b4fd9743de?s=96&d=mm&r=g","url":"https:\/\/secure.gravatar.com\/avatar\/31a1a7b66ff2de83bd0e9fd79d026630d2d99e55e8bfe501287647b4fd9743de?s=96&d=mm&r=g","contentUrl":"https:\/\/secure.gravatar.com\/avatar\/31a1a7b66ff2de83bd0e9fd79d026630d2d99e55e8bfe501287647b4fd9743de?s=96&d=mm&r=g","caption":"Gonzalo Schmidt"},"description":"Sitio web de noticias de la provincia de Entre R\u00edos, Argentina. Informaci\u00f3n y entretenimiento. Informe Litoral, nos informamos.","sameAs":["http:\/\/www.isletasnoticias.com.ar"],"url":"https:\/\/informelitoral.com.ar\/author\/gonzalo\/"}]}},"_links":{"self":[{"href":"https:\/\/informelitoral.com.ar\/%77%70%2d%6a%73%6f%6e\/wp\/v2\/posts\/216476","targetHints":{"allow":["GET"]}}],"collection":[{"href":"https:\/\/informelitoral.com.ar\/%77%70%2d%6a%73%6f%6e\/wp\/v2\/posts"}],"about":[{"href":"https:\/\/informelitoral.com.ar\/%77%70%2d%6a%73%6f%6e\/wp\/v2\/types\/post"}],"author":[{"embeddable":true,"href":"https:\/\/informelitoral.com.ar\/%77%70%2d%6a%73%6f%6e\/wp\/v2\/users\/2"}],"replies":[{"embeddable":true,"href":"https:\/\/informelitoral.com.ar\/%77%70%2d%6a%73%6f%6e\/wp\/v2\/comments?post=216476"}],"version-history":[{"count":0,"href":"https:\/\/informelitoral.com.ar\/%77%70%2d%6a%73%6f%6e\/wp\/v2\/posts\/216476\/revisions"}],"wp:featuredmedia":[{"embeddable":true,"href":"https:\/\/informelitoral.com.ar\/%77%70%2d%6a%73%6f%6e\/wp\/v2\/media\/216477"}],"wp:attachment":[{"href":"https:\/\/informelitoral.com.ar\/%77%70%2d%6a%73%6f%6e\/wp\/v2\/media?parent=216476"}],"wp:term":[{"taxonomy":"category","embeddable":true,"href":"https:\/\/informelitoral.com.ar\/%77%70%2d%6a%73%6f%6e\/wp\/v2\/categories?post=216476"},{"taxonomy":"post_tag","embeddable":true,"href":"https:\/\/informelitoral.com.ar\/%77%70%2d%6a%73%6f%6e\/wp\/v2\/tags?post=216476"}],"curies":[{"name":"wp","href":"https:\/\/api.w.org\/{rel}","templated":true}]}}