{"id":216471,"date":"2025-03-27T14:29:25","date_gmt":"2025-03-27T17:29:25","guid":{"rendered":"https:\/\/informelitoral.com.ar\/?p=216471"},"modified":"2025-03-27T14:37:51","modified_gmt":"2025-03-27T17:37:51","slug":"frigerio-recibio-al-embajador-de-alemania-exploran-oportunidades-de-cooperacion-bilateral","status":"publish","type":"post","link":"https:\/\/informelitoral.com.ar\/frigerio-recibio-al-embajador-de-alemania-exploran-oportunidades-de-cooperacion-bilateral\/","title":{"rendered":"Frigerio recibi\u00f3 al embajador de Alemania: Exploran oportunidades de cooperaci\u00f3n bilateral"},"content":{"rendered":"<p>En el encuentro, del que participaron el ministro de Desarrollo Econ\u00f3mico, Guillermo Bernaudo, y el secretario de Modernizaci\u00f3n, Emanuel Gainza, se explor\u00f3 c\u00f3mo profundizar los lazos productivos entre la provincia y Alemania; identificar oportunidades de innovaci\u00f3n, en las que el pa\u00eds germano pueda contribuir con el proceso de desarrollo econ\u00f3mico y social de Ente R\u00edos; y continuar con la integraci\u00f3n cultural de las jurisdicciones.<\/p>\n<p>El embajador alem\u00e1n calific\u00f3 de \u00abmuy bueno\u00bb el encuentro y precis\u00f3 que \u00abhablamos sobre las posibilidades de una coordinaci\u00f3n y cooperaci\u00f3n m\u00e1s estrecha, en especial de las exportaciones de miel y carne; pero tambi\u00e9n nuevos startup alemanes que deber\u00edan estar aqu\u00ed y estamos trabajando en eso\u00bb.<\/p>\n<h6><em><strong>Te puede interesar:\u00a0<a href=\"https:\/\/informelitoral.com.ar\/frigerio-fortalece-la-seguridad-en-zonas-rurales-de-entre-rios\/\" target=\"_blank\" rel=\"noopener\">Frigerio fortalece la seguridad en zonas rurales de Entre R\u00edos<\/a><\/strong><\/em><\/h6>\n<p>\u00abEntre R\u00edos para la embajada es una provincia muy importante, porque hay una descendencia alemana muy fuerte. Justamente este a\u00f1o hemos lanzado los 200 a\u00f1os de la inmigraci\u00f3n alemana aqu\u00ed en Argentina y much\u00edsimos de los primeros colonos alemanes que llegaron a Argentina se quedaron aqu\u00ed en Entre R\u00edos\u00bb, subray\u00f3 el embajador.<\/p>\n<p>Por su parte, Gainza se\u00f1al\u00f3 que \u00abestamos contentos de recibir al embajador en nuestra provincia, no s\u00f3lo por los lazos culturales e hist\u00f3ricos que tiene Entre R\u00edos con Alemania, sino tambi\u00e9n porque tenemos una agenda de trabajo com\u00fan para poder llevar adelante\u00bb.<\/p>\n<p>Destac\u00f3 que, en el encuentro, \u00abel gobernador hizo un punteo sobre las cuestiones que tienen que ver con exportaci\u00f3n, productos como la miel y la carne que son centrales para la provincia de Entre R\u00edos. Tenemos mucho para poder crecer en exportaci\u00f3n hacia Alemania\u00bb.<\/p>\n<p>Por otro lado, agreg\u00f3 que \u00abhablamos tambi\u00e9n en t\u00e9rminos de tecnolog\u00eda, de la posibilidad de que empresas alemanas visiten Mirador Tec, que es el parque tecnol\u00f3gico que estamos desarrollando en la provincia. Y sobre todo de esta posibilidad de fortalecer la agenda que tenemos en com\u00fan, con lazos de un mont\u00f3n de familiares en Entre R\u00edos que son descendientes de alemanes y donde, m\u00e1s all\u00e1 de lo econ\u00f3mico y de la cuesti\u00f3n de la agenda, existe un lazo afectivo muy fuerte; hay una identidad entrerriana-alemana\u00bb.<\/p>\n","protected":false},"excerpt":{"rendered":"<p>El gobernador Rogelio Frigerio recibi\u00f3 al embajador de Alemania en Argentina, Dieter Laml\u00e9, con el objetivo de acordar una agenda de cooperaci\u00f3n que permita sustentar oportunidades de desarrollo en materia productiva, digital y cultural para la provincia.<\/p>\n","protected":false},"author":8,"featured_media":212048,"comment_status":"open","ping_status":"open","sticky":false,"template":"","format":"standard","meta":{"fifu_image_url":"","fifu_image_alt":"","footnotes":""},"categories":[16],"tags":[5655,642,949],"class_list":{"0":"post-216471","1":"post","2":"type-post","3":"status-publish","4":"format-standard","5":"has-post-thumbnail","7":"category-politi","8":"tag-embajador-de-alemania","9":"tag-reunion","10":"tag-rogelio-frigerio"},"yoast_head":"<title>Frigerio recibi\u00f3 al embajador de Alemania: Exploran oportunidades de cooperaci\u00f3n bilateral - Informe Litoral<\/title>\n<meta name=\"robots\" content=\"index, follow, max-snippet:-1, max-image-preview:large, max-video-preview:-1\" \/>\n<link rel=\"canonical\" href=\"https:\/\/informelitoral.com.ar\/frigerio-recibio-al-embajador-de-alemania-exploran-oportunidades-de-cooperacion-bilateral\/\" \/>\n<meta property=\"og:locale\" content=\"es_ES\" \/>\n<meta property=\"og:type\" content=\"article\" \/>\n<meta property=\"og:title\" content=\"Frigerio recibi\u00f3 al embajador de Alemania: Exploran oportunidades de cooperaci\u00f3n bilateral - Informe Litoral\" \/>\n<meta property=\"og:description\" content=\"El gobernador Rogelio Frigerio recibi\u00f3 al embajador de Alemania en Argentina, Dieter Laml\u00e9, con el objetivo de acordar una agenda de cooperaci\u00f3n que permita sustentar oportunidades de desarrollo en materia productiva, digital y cultural para la provincia.\" \/>\n<meta property=\"og:url\" content=\"https:\/\/informelitoral.com.ar\/frigerio-recibio-al-embajador-de-alemania-exploran-oportunidades-de-cooperacion-bilateral\/\" \/>\n<meta property=\"og:site_name\" content=\"Informe Litoral\" \/>\n<meta property=\"article:publisher\" content=\"https:\/\/www.facebook.com\/informelitoral\/\" \/>\n<meta property=\"article:published_time\" content=\"2025-03-27T17:29:25+00:00\" \/>\n<meta property=\"article:modified_time\" content=\"2025-03-27T17:37:51+00:00\" \/>\n<meta property=\"og:image\" content=\"https:\/\/informelitoral.com.ar\/%77%70%2d%63%6f%6e%74%65%6e%74\/uploads\/2025\/02\/frigerio-apertura-de-sesiones.jpg\" \/>\n\t<meta property=\"og:image:width\" content=\"975\" \/>\n\t<meta property=\"og:image:height\" content=\"650\" \/>\n\t<meta property=\"og:image:type\" content=\"image\/jpeg\" \/>\n<meta name=\"author\" content=\"Sebastian\" \/>\n<meta name=\"twitter:card\" content=\"summary_large_image\" \/>\n<meta name=\"twitter:creator\" content=\"@InformeLitoral\" \/>\n<meta name=\"twitter:site\" content=\"@InformeLitoral\" \/>\n<meta name=\"twitter:label1\" content=\"Escrito por\" \/>\n\t<meta name=\"twitter:data1\" content=\"Sebastian\" \/>\n\t<meta name=\"twitter:label2\" content=\"Tiempo de lectura\" \/>\n\t<meta name=\"twitter:data2\" content=\"2 minutos\" \/>\n<script type=\"application\/ld+json\" class=\"yoast-schema-graph\">{\"@context\":\"https:\\\/\\\/schema.org\",\"@graph\":[{\"@type\":\"Article\",\"@id\":\"https:\\\/\\\/informelitoral.com.ar\\\/frigerio-recibio-al-embajador-de-alemania-exploran-oportunidades-de-cooperacion-bilateral\\\/#article\",\"isPartOf\":{\"@id\":\"https:\\\/\\\/informelitoral.com.ar\\\/frigerio-recibio-al-embajador-de-alemania-exploran-oportunidades-de-cooperacion-bilateral\\\/\"},\"author\":{\"name\":\"Sebastian\",\"@id\":\"https:\\\/\\\/informelitoral.com.ar\\\/#\\\/schema\\\/person\\\/f05f9f461677119578717524b127d6d5\"},\"headline\":\"Frigerio recibi\u00f3 al embajador de Alemania: Exploran oportunidades de cooperaci\u00f3n bilateral\",\"datePublished\":\"2025-03-27T17:29:25+00:00\",\"dateModified\":\"2025-03-27T17:37:51+00:00\",\"mainEntityOfPage\":{\"@id\":\"https:\\\/\\\/informelitoral.com.ar\\\/frigerio-recibio-al-embajador-de-alemania-exploran-oportunidades-de-cooperacion-bilateral\\\/\"},\"wordCount\":397,\"commentCount\":0,\"publisher\":{\"@id\":\"https:\\\/\\\/informelitoral.com.ar\\\/#organization\"},\"image\":{\"@id\":\"https:\\\/\\\/informelitoral.com.ar\\\/frigerio-recibio-al-embajador-de-alemania-exploran-oportunidades-de-cooperacion-bilateral\\\/#primaryimage\"},\"thumbnailUrl\":\"https:\\\/\\\/informelitoral.com.ar\\\/%77%70%2d%63%6f%6e%74%65%6e%74\\\/uploads\\\/2025\\\/02\\\/frigerio-apertura-de-sesiones.jpg\",\"keywords\":[\"Embajador de Alemania\",\"Reuni\u00f3n\",\"Rogelio Frigerio\"],\"articleSection\":[\"Politica\"],\"inLanguage\":\"es\",\"potentialAction\":[{\"@type\":\"CommentAction\",\"name\":\"Comment\",\"target\":[\"https:\\\/\\\/informelitoral.com.ar\\\/frigerio-recibio-al-embajador-de-alemania-exploran-oportunidades-de-cooperacion-bilateral\\\/#respond\"]}]},{\"@type\":\"WebPage\",\"@id\":\"https:\\\/\\\/informelitoral.com.ar\\\/frigerio-recibio-al-embajador-de-alemania-exploran-oportunidades-de-cooperacion-bilateral\\\/\",\"url\":\"https:\\\/\\\/informelitoral.com.ar\\\/frigerio-recibio-al-embajador-de-alemania-exploran-oportunidades-de-cooperacion-bilateral\\\/\",\"name\":\"Frigerio recibi\u00f3 al embajador de Alemania: Exploran oportunidades de cooperaci\u00f3n bilateral - Informe Litoral\",\"isPartOf\":{\"@id\":\"https:\\\/\\\/informelitoral.com.ar\\\/#website\"},\"primaryImageOfPage\":{\"@id\":\"https:\\\/\\\/informelitoral.com.ar\\\/frigerio-recibio-al-embajador-de-alemania-exploran-oportunidades-de-cooperacion-bilateral\\\/#primaryimage\"},\"image\":{\"@id\":\"https:\\\/\\\/informelitoral.com.ar\\\/frigerio-recibio-al-embajador-de-alemania-exploran-oportunidades-de-cooperacion-bilateral\\\/#primaryimage\"},\"thumbnailUrl\":\"https:\\\/\\\/informelitoral.com.ar\\\/%77%70%2d%63%6f%6e%74%65%6e%74\\\/uploads\\\/2025\\\/02\\\/frigerio-apertura-de-sesiones.jpg\",\"datePublished\":\"2025-03-27T17:29:25+00:00\",\"dateModified\":\"2025-03-27T17:37:51+00:00\",\"breadcrumb\":{\"@id\":\"https:\\\/\\\/informelitoral.com.ar\\\/frigerio-recibio-al-embajador-de-alemania-exploran-oportunidades-de-cooperacion-bilateral\\\/#breadcrumb\"},\"inLanguage\":\"es\",\"potentialAction\":[{\"@type\":\"ReadAction\",\"target\":[\"https:\\\/\\\/informelitoral.com.ar\\\/frigerio-recibio-al-embajador-de-alemania-exploran-oportunidades-de-cooperacion-bilateral\\\/\"]}]},{\"@type\":\"ImageObject\",\"inLanguage\":\"es\",\"@id\":\"https:\\\/\\\/informelitoral.com.ar\\\/frigerio-recibio-al-embajador-de-alemania-exploran-oportunidades-de-cooperacion-bilateral\\\/#primaryimage\",\"url\":\"https:\\\/\\\/informelitoral.com.ar\\\/%77%70%2d%63%6f%6e%74%65%6e%74\\\/uploads\\\/2025\\\/02\\\/frigerio-apertura-de-sesiones.jpg\",\"contentUrl\":\"https:\\\/\\\/informelitoral.com.ar\\\/%77%70%2d%63%6f%6e%74%65%6e%74\\\/uploads\\\/2025\\\/02\\\/frigerio-apertura-de-sesiones.jpg\",\"width\":975,\"height\":650},{\"@type\":\"BreadcrumbList\",\"@id\":\"https:\\\/\\\/informelitoral.com.ar\\\/frigerio-recibio-al-embajador-de-alemania-exploran-oportunidades-de-cooperacion-bilateral\\\/#breadcrumb\",\"itemListElement\":[{\"@type\":\"ListItem\",\"position\":1,\"name\":\"Portada\",\"item\":\"https:\\\/\\\/informelitoral.com.ar\\\/\"},{\"@type\":\"ListItem\",\"position\":2,\"name\":\"Frigerio recibi\u00f3 al embajador de Alemania: Exploran oportunidades de cooperaci\u00f3n bilateral\"}]},{\"@type\":\"WebSite\",\"@id\":\"https:\\\/\\\/informelitoral.com.ar\\\/#website\",\"url\":\"https:\\\/\\\/informelitoral.com.ar\\\/\",\"name\":\"Informe Litoral\",\"description\":\"&quot;Nos informamos&quot; \",\"publisher\":{\"@id\":\"https:\\\/\\\/informelitoral.com.ar\\\/#organization\"},\"potentialAction\":[{\"@type\":\"SearchAction\",\"target\":{\"@type\":\"EntryPoint\",\"urlTemplate\":\"https:\\\/\\\/informelitoral.com.ar\\\/?s={search_term_string}\"},\"query-input\":{\"@type\":\"PropertyValueSpecification\",\"valueRequired\":true,\"valueName\":\"search_term_string\"}}],\"inLanguage\":\"es\"},{\"@type\":\"Organization\",\"@id\":\"https:\\\/\\\/informelitoral.com.ar\\\/#organization\",\"name\":\"Informe Litoral\",\"url\":\"https:\\\/\\\/informelitoral.com.ar\\\/\",\"logo\":{\"@type\":\"ImageObject\",\"inLanguage\":\"es\",\"@id\":\"https:\\\/\\\/informelitoral.com.ar\\\/#\\\/schema\\\/logo\\\/image\\\/\",\"url\":\"https:\\\/\\\/informelitoral.com.ar\\\/%77%70%2d%63%6f%6e%74%65%6e%74\\\/uploads\\\/2021\\\/01\\\/circulo.png\",\"contentUrl\":\"https:\\\/\\\/informelitoral.com.ar\\\/%77%70%2d%63%6f%6e%74%65%6e%74\\\/uploads\\\/2021\\\/01\\\/circulo.png\",\"width\":723,\"height\":731,\"caption\":\"Informe Litoral\"},\"image\":{\"@id\":\"https:\\\/\\\/informelitoral.com.ar\\\/#\\\/schema\\\/logo\\\/image\\\/\"},\"sameAs\":[\"https:\\\/\\\/www.facebook.com\\\/informelitoral\\\/\",\"https:\\\/\\\/x.com\\\/InformeLitoral\",\"https:\\\/\\\/www.instagram.com\\\/informelitoral\\\/\",\"https:\\\/\\\/www.youtube.com\\\/channel\\\/UCua4Qvz8Icb6MYqhoq9xLXw\"]},{\"@type\":\"Person\",\"@id\":\"https:\\\/\\\/informelitoral.com.ar\\\/#\\\/schema\\\/person\\\/f05f9f461677119578717524b127d6d5\",\"name\":\"Sebastian\",\"image\":{\"@type\":\"ImageObject\",\"inLanguage\":\"es\",\"@id\":\"https:\\\/\\\/secure.gravatar.com\\\/avatar\\\/b71bf7481d447dfb9583c7f2798e7cc64de6efb9067b74633ed8c31059a3bd82?s=96&d=mm&r=g\",\"url\":\"https:\\\/\\\/secure.gravatar.com\\\/avatar\\\/b71bf7481d447dfb9583c7f2798e7cc64de6efb9067b74633ed8c31059a3bd82?s=96&d=mm&r=g\",\"contentUrl\":\"https:\\\/\\\/secure.gravatar.com\\\/avatar\\\/b71bf7481d447dfb9583c7f2798e7cc64de6efb9067b74633ed8c31059a3bd82?s=96&d=mm&r=g\",\"caption\":\"Sebastian\"},\"url\":\"https:\\\/\\\/informelitoral.com.ar\\\/author\\\/sebastian\\\/\"}]}<\/script>","yoast_head_json":{"title":"Frigerio recibi\u00f3 al embajador de Alemania: Exploran oportunidades de cooperaci\u00f3n bilateral - Informe Litoral","robots":{"index":"index","follow":"follow","max-snippet":"max-snippet:-1","max-image-preview":"max-image-preview:large","max-video-preview":"max-video-preview:-1"},"canonical":"https:\/\/informelitoral.com.ar\/frigerio-recibio-al-embajador-de-alemania-exploran-oportunidades-de-cooperacion-bilateral\/","og_locale":"es_ES","og_type":"article","og_title":"Frigerio recibi\u00f3 al embajador de Alemania: Exploran oportunidades de cooperaci\u00f3n bilateral - Informe Litoral","og_description":"El gobernador Rogelio Frigerio recibi\u00f3 al embajador de Alemania en Argentina, Dieter Laml\u00e9, con el objetivo de acordar una agenda de cooperaci\u00f3n que permita sustentar oportunidades de desarrollo en materia productiva, digital y cultural para la provincia.","og_url":"https:\/\/informelitoral.com.ar\/frigerio-recibio-al-embajador-de-alemania-exploran-oportunidades-de-cooperacion-bilateral\/","og_site_name":"Informe Litoral","article_publisher":"https:\/\/www.facebook.com\/informelitoral\/","article_published_time":"2025-03-27T17:29:25+00:00","article_modified_time":"2025-03-27T17:37:51+00:00","og_image":[{"width":975,"height":650,"url":"https:\/\/informelitoral.com.ar\/%77%70%2d%63%6f%6e%74%65%6e%74\/uploads\/2025\/02\/frigerio-apertura-de-sesiones.jpg","type":"image\/jpeg"}],"author":"Sebastian","twitter_card":"summary_large_image","twitter_creator":"@InformeLitoral","twitter_site":"@InformeLitoral","twitter_misc":{"Escrito por":"Sebastian","Tiempo de lectura":"2 minutos"},"schema":{"@context":"https:\/\/schema.org","@graph":[{"@type":"Article","@id":"https:\/\/informelitoral.com.ar\/frigerio-recibio-al-embajador-de-alemania-exploran-oportunidades-de-cooperacion-bilateral\/#article","isPartOf":{"@id":"https:\/\/informelitoral.com.ar\/frigerio-recibio-al-embajador-de-alemania-exploran-oportunidades-de-cooperacion-bilateral\/"},"author":{"name":"Sebastian","@id":"https:\/\/informelitoral.com.ar\/#\/schema\/person\/f05f9f461677119578717524b127d6d5"},"headline":"Frigerio recibi\u00f3 al embajador de Alemania: Exploran oportunidades de cooperaci\u00f3n bilateral","datePublished":"2025-03-27T17:29:25+00:00","dateModified":"2025-03-27T17:37:51+00:00","mainEntityOfPage":{"@id":"https:\/\/informelitoral.com.ar\/frigerio-recibio-al-embajador-de-alemania-exploran-oportunidades-de-cooperacion-bilateral\/"},"wordCount":397,"commentCount":0,"publisher":{"@id":"https:\/\/informelitoral.com.ar\/#organization"},"image":{"@id":"https:\/\/informelitoral.com.ar\/frigerio-recibio-al-embajador-de-alemania-exploran-oportunidades-de-cooperacion-bilateral\/#primaryimage"},"thumbnailUrl":"https:\/\/informelitoral.com.ar\/%77%70%2d%63%6f%6e%74%65%6e%74\/uploads\/2025\/02\/frigerio-apertura-de-sesiones.jpg","keywords":["Embajador de Alemania","Reuni\u00f3n","Rogelio Frigerio"],"articleSection":["Politica"],"inLanguage":"es","potentialAction":[{"@type":"CommentAction","name":"Comment","target":["https:\/\/informelitoral.com.ar\/frigerio-recibio-al-embajador-de-alemania-exploran-oportunidades-de-cooperacion-bilateral\/#respond"]}]},{"@type":"WebPage","@id":"https:\/\/informelitoral.com.ar\/frigerio-recibio-al-embajador-de-alemania-exploran-oportunidades-de-cooperacion-bilateral\/","url":"https:\/\/informelitoral.com.ar\/frigerio-recibio-al-embajador-de-alemania-exploran-oportunidades-de-cooperacion-bilateral\/","name":"Frigerio recibi\u00f3 al embajador de Alemania: Exploran oportunidades de cooperaci\u00f3n bilateral - Informe Litoral","isPartOf":{"@id":"https:\/\/informelitoral.com.ar\/#website"},"primaryImageOfPage":{"@id":"https:\/\/informelitoral.com.ar\/frigerio-recibio-al-embajador-de-alemania-exploran-oportunidades-de-cooperacion-bilateral\/#primaryimage"},"image":{"@id":"https:\/\/informelitoral.com.ar\/frigerio-recibio-al-embajador-de-alemania-exploran-oportunidades-de-cooperacion-bilateral\/#primaryimage"},"thumbnailUrl":"https:\/\/informelitoral.com.ar\/%77%70%2d%63%6f%6e%74%65%6e%74\/uploads\/2025\/02\/frigerio-apertura-de-sesiones.jpg","datePublished":"2025-03-27T17:29:25+00:00","dateModified":"2025-03-27T17:37:51+00:00","breadcrumb":{"@id":"https:\/\/informelitoral.com.ar\/frigerio-recibio-al-embajador-de-alemania-exploran-oportunidades-de-cooperacion-bilateral\/#breadcrumb"},"inLanguage":"es","potentialAction":[{"@type":"ReadAction","target":["https:\/\/informelitoral.com.ar\/frigerio-recibio-al-embajador-de-alemania-exploran-oportunidades-de-cooperacion-bilateral\/"]}]},{"@type":"ImageObject","inLanguage":"es","@id":"https:\/\/informelitoral.com.ar\/frigerio-recibio-al-embajador-de-alemania-exploran-oportunidades-de-cooperacion-bilateral\/#primaryimage","url":"https:\/\/informelitoral.com.ar\/%77%70%2d%63%6f%6e%74%65%6e%74\/uploads\/2025\/02\/frigerio-apertura-de-sesiones.jpg","contentUrl":"https:\/\/informelitoral.com.ar\/%77%70%2d%63%6f%6e%74%65%6e%74\/uploads\/2025\/02\/frigerio-apertura-de-sesiones.jpg","width":975,"height":650},{"@type":"BreadcrumbList","@id":"https:\/\/informelitoral.com.ar\/frigerio-recibio-al-embajador-de-alemania-exploran-oportunidades-de-cooperacion-bilateral\/#breadcrumb","itemListElement":[{"@type":"ListItem","position":1,"name":"Portada","item":"https:\/\/informelitoral.com.ar\/"},{"@type":"ListItem","position":2,"name":"Frigerio recibi\u00f3 al embajador de Alemania: Exploran oportunidades de cooperaci\u00f3n bilateral"}]},{"@type":"WebSite","@id":"https:\/\/informelitoral.com.ar\/#website","url":"https:\/\/informelitoral.com.ar\/","name":"Informe Litoral","description":"&quot;Nos informamos&quot; ","publisher":{"@id":"https:\/\/informelitoral.com.ar\/#organization"},"potentialAction":[{"@type":"SearchAction","target":{"@type":"EntryPoint","urlTemplate":"https:\/\/informelitoral.com.ar\/?s={search_term_string}"},"query-input":{"@type":"PropertyValueSpecification","valueRequired":true,"valueName":"search_term_string"}}],"inLanguage":"es"},{"@type":"Organization","@id":"https:\/\/informelitoral.com.ar\/#organization","name":"Informe Litoral","url":"https:\/\/informelitoral.com.ar\/","logo":{"@type":"ImageObject","inLanguage":"es","@id":"https:\/\/informelitoral.com.ar\/#\/schema\/logo\/image\/","url":"https:\/\/informelitoral.com.ar\/%77%70%2d%63%6f%6e%74%65%6e%74\/uploads\/2021\/01\/circulo.png","contentUrl":"https:\/\/informelitoral.com.ar\/%77%70%2d%63%6f%6e%74%65%6e%74\/uploads\/2021\/01\/circulo.png","width":723,"height":731,"caption":"Informe Litoral"},"image":{"@id":"https:\/\/informelitoral.com.ar\/#\/schema\/logo\/image\/"},"sameAs":["https:\/\/www.facebook.com\/informelitoral\/","https:\/\/x.com\/InformeLitoral","https:\/\/www.instagram.com\/informelitoral\/","https:\/\/www.youtube.com\/channel\/UCua4Qvz8Icb6MYqhoq9xLXw"]},{"@type":"Person","@id":"https:\/\/informelitoral.com.ar\/#\/schema\/person\/f05f9f461677119578717524b127d6d5","name":"Sebastian","image":{"@type":"ImageObject","inLanguage":"es","@id":"https:\/\/secure.gravatar.com\/avatar\/b71bf7481d447dfb9583c7f2798e7cc64de6efb9067b74633ed8c31059a3bd82?s=96&d=mm&r=g","url":"https:\/\/secure.gravatar.com\/avatar\/b71bf7481d447dfb9583c7f2798e7cc64de6efb9067b74633ed8c31059a3bd82?s=96&d=mm&r=g","contentUrl":"https:\/\/secure.gravatar.com\/avatar\/b71bf7481d447dfb9583c7f2798e7cc64de6efb9067b74633ed8c31059a3bd82?s=96&d=mm&r=g","caption":"Sebastian"},"url":"https:\/\/informelitoral.com.ar\/author\/sebastian\/"}]}},"_links":{"self":[{"href":"https:\/\/informelitoral.com.ar\/%77%70%2d%6a%73%6f%6e\/wp\/v2\/posts\/216471","targetHints":{"allow":["GET"]}}],"collection":[{"href":"https:\/\/informelitoral.com.ar\/%77%70%2d%6a%73%6f%6e\/wp\/v2\/posts"}],"about":[{"href":"https:\/\/informelitoral.com.ar\/%77%70%2d%6a%73%6f%6e\/wp\/v2\/types\/post"}],"author":[{"embeddable":true,"href":"https:\/\/informelitoral.com.ar\/%77%70%2d%6a%73%6f%6e\/wp\/v2\/users\/8"}],"replies":[{"embeddable":true,"href":"https:\/\/informelitoral.com.ar\/%77%70%2d%6a%73%6f%6e\/wp\/v2\/comments?post=216471"}],"version-history":[{"count":0,"href":"https:\/\/informelitoral.com.ar\/%77%70%2d%6a%73%6f%6e\/wp\/v2\/posts\/216471\/revisions"}],"wp:featuredmedia":[{"embeddable":true,"href":"https:\/\/informelitoral.com.ar\/%77%70%2d%6a%73%6f%6e\/wp\/v2\/media\/212048"}],"wp:attachment":[{"href":"https:\/\/informelitoral.com.ar\/%77%70%2d%6a%73%6f%6e\/wp\/v2\/media?parent=216471"}],"wp:term":[{"taxonomy":"category","embeddable":true,"href":"https:\/\/informelitoral.com.ar\/%77%70%2d%6a%73%6f%6e\/wp\/v2\/categories?post=216471"},{"taxonomy":"post_tag","embeddable":true,"href":"https:\/\/informelitoral.com.ar\/%77%70%2d%6a%73%6f%6e\/wp\/v2\/tags?post=216471"}],"curies":[{"name":"wp","href":"https:\/\/api.w.org\/{rel}","templated":true}]}}