{"id":2164,"date":"2013-06-14T09:48:57","date_gmt":"2013-06-14T12:48:57","guid":{"rendered":"http:\/\/www.isletasnoticias.com.ar\/?p=2164"},"modified":"2013-06-14T09:52:15","modified_gmt":"2013-06-14T12:52:15","slug":"reclaman-la-adhesion-de-la-provincia-a-la-ley-nacional-de-fertilizacion-asistida","status":"publish","type":"post","link":"https:\/\/informelitoral.com.ar\/reclaman-la-adhesion-de-la-provincia-a-la-ley-nacional-de-fertilizacion-asistida\/","title":{"rendered":"Reclaman la adhesi\u00f3n de la provincia a la Ley Nacional de Fertilizaci\u00f3n Asistida"},"content":{"rendered":"<div tabindex=\"0\">\n<div id=\"mid.1371173934769:a1be59367c14ec2336\">\n<p><strong>El diputado Jorge M<a href=\"http:\/\/www.isletasnoticias.com.ar\/%77%70%2d%63%6f%6e%74%65%6e%74\/uploads\/2013\/06\/fertilizacion_1_0.jpg\"><img loading=\"lazy\" decoding=\"async\" class=\"size-medium wp-image-2165 alignright\" alt=\"fertilizacion_1_0\" src=\"http:\/\/www.isletasnoticias.com.ar\/%77%70%2d%63%6f%6e%74%65%6e%74\/uploads\/2013\/06\/fertilizacion_1_0-300x180.jpg\" width=\"300\" height=\"180\" srcset=\"https:\/\/informelitoral.com.ar\/%77%70%2d%63%6f%6e%74%65%6e%74\/uploads\/2013\/06\/fertilizacion_1_0-300x180.jpg 300w, https:\/\/informelitoral.com.ar\/%77%70%2d%63%6f%6e%74%65%6e%74\/uploads\/2013\/06\/fertilizacion_1_0.jpg 600w\" sizes=\"auto, (max-width: 300px) 100vw, 300px\" \/><\/a>onge (UCR) reclama la adhesi\u00f3n de la provincia a la ley nacional de Fertilizaci\u00f3n Asistida.<\/strong><\/p>\n<p>Un proyecto de ley presentado ayer en la C\u00e1mara baja provincial reclama la adhesi\u00f3n a la norma nacional n\u00famero 26.862 de reproducci\u00f3n asistida, y demanda al Instituto de Obra Social de la Provincia de Entre R\u00edos (Iosper) incorporar como prestaci\u00f3n obligatoria a sus afiliados \u201cla cobertura integral e interdisciplinaria del abordaje, diagn\u00f3stico, medicamentos, terapias de apoyo, procedimientos y t\u00e9cnicas de fertilizaci\u00f3n asistida\u201d,autor\u00eda del diputado Jorge Monge (UCR, Diamante).<\/p>\n<p>El legislador precis\u00f3 que la reciente sanci\u00f3n en el Congreso Nacional de la ley n\u00famero 26.862, establece la obligatoriedad para el sector p\u00fablico de salud, las obras sociales reguladas por las leyes 23.660 y 23.661, las entidades de medicina prepaga \u2013 entre otras \u2013, de las prestaciones atinentes a la \u201creproducci\u00f3n m\u00e9dicamente asistida\u201d.<\/p>\n<p>Adem\u00e1s, el diputado explic\u00f3 que \u201cbajo de esta denominaci\u00f3n se incluyen la cobertura integral e interdisciplinaria del diagn\u00f3stico, medicamentos, terapias de apoyo, procedimientos y t\u00e9cnicas que comprenden la inducci\u00f3n de ovulaci\u00f3n, la estimulaci\u00f3n ov\u00e1rica controlada, el desencadenamiento de la ovulaci\u00f3n, la inseminaci\u00f3n intrauterina o intravaginal con gametos del c\u00f3nyuge, sea pareja conviviente o no, o de un tercero donante\u201d.<\/p>\n<p>Monge present\u00f3 la iniciativa acompa\u00f1ado por la diputada Felicitas Rodr\u00edguez (UCR, Uruguay) propiciando adherir a la norma nacional, y \u201cestablecer claramente la obligaci\u00f3n de la Obra Social provincial de proceder a su cobertura para sus afiliados y adherentes garantizando as\u00ed nuevas posibilidades de procrear para aquellas parejas que tienen problemas de infertilidad\u201d.<br \/>\nEn concreto, el proyecto demanda al Iosper incorporar como prestaci\u00f3n obligatoria a sus afiliados \u201cla cobertura integral e interdisciplinaria del abordaje, diagn\u00f3stico, medicamentos, terapias de apoyo, procedimientos y t\u00e9cnicas de fertilizaci\u00f3n asistida\u201d, conforme a las disposiciones de la ley nacional 26.862.<\/p>\n<p>El articulado tambi\u00e9n establece que el ministerio de Salud de Entre R\u00edos ser\u00e1 la autoridad de aplicaci\u00f3n de la presente ley. \u201cSin lugar a dudas, la norma nacional abre nuevas y felices expectativas para aquellas personas que desean y no pueden engendrar hijos, poniendo al alcance de todos \u2013 cuenten o no con cobertura de obras sociales \u2013 los avances de ciencia y de la t\u00e9cnica frente a problemas\u00a0del aparato reproductor. Claramente, es una ley que ampl\u00eda derechos en cuestiones muy sensibles. La justicia de este beneficio nos exime de mayor fundamentaci\u00f3n\u201d, consider\u00f3.<\/p>\n<\/div>\n<\/div>\n","protected":false},"excerpt":{"rendered":"<p>El diputado Jorge Monge (UCR) reclama la adhesi&oacute;n de la provincia a la ley nacional de Fertilizaci&oacute;n Asistida. Un proyecto de ley presentado ayer en la C&aacute;mara baja provincial reclama la adhesi&oacute;n a la norma nacional n&uacute;mero 26.862 de reproducci&oacute;n asistida, y demanda al Instituto de Obra Social de la Provincia de Entre R&iacute;os (Iosper) [&hellip;]<\/p>\n","protected":false},"author":2,"featured_media":0,"comment_status":"open","ping_status":"open","sticky":false,"template":"","format":"standard","meta":{"fifu_image_url":"","fifu_image_alt":"","footnotes":""},"categories":[6,16],"tags":[],"class_list":{"0":"post-2164","1":"post","2":"type-post","3":"status-publish","4":"format-standard","6":"category-entre-rios","7":"category-politi"},"yoast_head":"<title>Reclaman la adhesi\u00f3n de la provincia a la Ley Nacional de Fertilizaci\u00f3n Asistida - Informe Litoral<\/title>\n<meta name=\"robots\" content=\"index, follow, max-snippet:-1, max-image-preview:large, max-video-preview:-1\" \/>\n<link rel=\"canonical\" href=\"https:\/\/informelitoral.com.ar\/reclaman-la-adhesion-de-la-provincia-a-la-ley-nacional-de-fertilizacion-asistida\/\" \/>\n<meta property=\"og:locale\" content=\"es_ES\" \/>\n<meta property=\"og:type\" content=\"article\" \/>\n<meta property=\"og:title\" content=\"Reclaman la adhesi\u00f3n de la provincia a la Ley Nacional de Fertilizaci\u00f3n Asistida - Informe Litoral\" \/>\n<meta property=\"og:description\" content=\"El diputado Jorge Monge (UCR) reclama la adhesi&oacute;n de la provincia a la ley nacional de Fertilizaci&oacute;n Asistida. Un proyecto de ley presentado ayer en la C&aacute;mara baja provincial reclama la adhesi&oacute;n a la norma nacional n&uacute;mero 26.862 de reproducci&oacute;n asistida, y demanda al Instituto de Obra Social de la Provincia de Entre R&iacute;os (Iosper) [&hellip;]\" \/>\n<meta property=\"og:url\" content=\"https:\/\/informelitoral.com.ar\/reclaman-la-adhesion-de-la-provincia-a-la-ley-nacional-de-fertilizacion-asistida\/\" \/>\n<meta property=\"og:site_name\" content=\"Informe Litoral\" \/>\n<meta property=\"article:publisher\" content=\"https:\/\/www.facebook.com\/informelitoral\/\" \/>\n<meta property=\"article:published_time\" content=\"2013-06-14T12:48:57+00:00\" \/>\n<meta property=\"article:modified_time\" content=\"2013-06-14T12:52:15+00:00\" \/>\n<meta property=\"og:image\" content=\"https:\/\/informelitoral.com.ar\/%77%70%2d%63%6f%6e%74%65%6e%74\/uploads\/2013\/06\/fertilizacion_1_0.jpg\" \/>\n\t<meta property=\"og:image:width\" content=\"600\" \/>\n\t<meta property=\"og:image:height\" content=\"360\" \/>\n\t<meta property=\"og:image:type\" content=\"image\/jpeg\" \/>\n<meta name=\"author\" content=\"Gonzalo Schmidt\" \/>\n<meta name=\"twitter:card\" content=\"summary_large_image\" \/>\n<meta name=\"twitter:creator\" content=\"@InformeLitoral\" \/>\n<meta name=\"twitter:site\" content=\"@InformeLitoral\" \/>\n<meta name=\"twitter:label1\" content=\"Escrito por\" \/>\n\t<meta name=\"twitter:data1\" content=\"Gonzalo Schmidt\" \/>\n\t<meta name=\"twitter:label2\" content=\"Tiempo de lectura\" \/>\n\t<meta name=\"twitter:data2\" content=\"2 minutos\" \/>\n<script type=\"application\/ld+json\" class=\"yoast-schema-graph\">{\"@context\":\"https:\\\/\\\/schema.org\",\"@graph\":[{\"@type\":\"Article\",\"@id\":\"https:\\\/\\\/informelitoral.com.ar\\\/reclaman-la-adhesion-de-la-provincia-a-la-ley-nacional-de-fertilizacion-asistida\\\/#article\",\"isPartOf\":{\"@id\":\"https:\\\/\\\/informelitoral.com.ar\\\/reclaman-la-adhesion-de-la-provincia-a-la-ley-nacional-de-fertilizacion-asistida\\\/\"},\"author\":{\"name\":\"Gonzalo Schmidt\",\"@id\":\"https:\\\/\\\/informelitoral.com.ar\\\/#\\\/schema\\\/person\\\/b9d00407c836482871ef1d57bf8e3180\"},\"headline\":\"Reclaman la adhesi\u00f3n de la provincia a la Ley Nacional de Fertilizaci\u00f3n Asistida\",\"datePublished\":\"2013-06-14T12:48:57+00:00\",\"dateModified\":\"2013-06-14T12:52:15+00:00\",\"mainEntityOfPage\":{\"@id\":\"https:\\\/\\\/informelitoral.com.ar\\\/reclaman-la-adhesion-de-la-provincia-a-la-ley-nacional-de-fertilizacion-asistida\\\/\"},\"wordCount\":434,\"commentCount\":0,\"publisher\":{\"@id\":\"https:\\\/\\\/informelitoral.com.ar\\\/#organization\"},\"image\":{\"@id\":\"https:\\\/\\\/informelitoral.com.ar\\\/reclaman-la-adhesion-de-la-provincia-a-la-ley-nacional-de-fertilizacion-asistida\\\/#primaryimage\"},\"thumbnailUrl\":\"http:\\\/\\\/www.isletasnoticias.com.ar\\\/%77%70%2d%63%6f%6e%74%65%6e%74\\\/uploads\\\/2013\\\/06\\\/fertilizacion_1_0-300x180.jpg\",\"articleSection\":[\"Entre R\u00edos\",\"Politica\"],\"inLanguage\":\"es\",\"potentialAction\":[{\"@type\":\"CommentAction\",\"name\":\"Comment\",\"target\":[\"https:\\\/\\\/informelitoral.com.ar\\\/reclaman-la-adhesion-de-la-provincia-a-la-ley-nacional-de-fertilizacion-asistida\\\/#respond\"]}]},{\"@type\":\"WebPage\",\"@id\":\"https:\\\/\\\/informelitoral.com.ar\\\/reclaman-la-adhesion-de-la-provincia-a-la-ley-nacional-de-fertilizacion-asistida\\\/\",\"url\":\"https:\\\/\\\/informelitoral.com.ar\\\/reclaman-la-adhesion-de-la-provincia-a-la-ley-nacional-de-fertilizacion-asistida\\\/\",\"name\":\"Reclaman la adhesi\u00f3n de la provincia a la Ley Nacional de Fertilizaci\u00f3n Asistida - Informe Litoral\",\"isPartOf\":{\"@id\":\"https:\\\/\\\/informelitoral.com.ar\\\/#website\"},\"primaryImageOfPage\":{\"@id\":\"https:\\\/\\\/informelitoral.com.ar\\\/reclaman-la-adhesion-de-la-provincia-a-la-ley-nacional-de-fertilizacion-asistida\\\/#primaryimage\"},\"image\":{\"@id\":\"https:\\\/\\\/informelitoral.com.ar\\\/reclaman-la-adhesion-de-la-provincia-a-la-ley-nacional-de-fertilizacion-asistida\\\/#primaryimage\"},\"thumbnailUrl\":\"http:\\\/\\\/www.isletasnoticias.com.ar\\\/%77%70%2d%63%6f%6e%74%65%6e%74\\\/uploads\\\/2013\\\/06\\\/fertilizacion_1_0-300x180.jpg\",\"datePublished\":\"2013-06-14T12:48:57+00:00\",\"dateModified\":\"2013-06-14T12:52:15+00:00\",\"breadcrumb\":{\"@id\":\"https:\\\/\\\/informelitoral.com.ar\\\/reclaman-la-adhesion-de-la-provincia-a-la-ley-nacional-de-fertilizacion-asistida\\\/#breadcrumb\"},\"inLanguage\":\"es\",\"potentialAction\":[{\"@type\":\"ReadAction\",\"target\":[\"https:\\\/\\\/informelitoral.com.ar\\\/reclaman-la-adhesion-de-la-provincia-a-la-ley-nacional-de-fertilizacion-asistida\\\/\"]}]},{\"@type\":\"ImageObject\",\"inLanguage\":\"es\",\"@id\":\"https:\\\/\\\/informelitoral.com.ar\\\/reclaman-la-adhesion-de-la-provincia-a-la-ley-nacional-de-fertilizacion-asistida\\\/#primaryimage\",\"url\":\"http:\\\/\\\/www.isletasnoticias.com.ar\\\/%77%70%2d%63%6f%6e%74%65%6e%74\\\/uploads\\\/2013\\\/06\\\/fertilizacion_1_0-300x180.jpg\",\"contentUrl\":\"http:\\\/\\\/www.isletasnoticias.com.ar\\\/%77%70%2d%63%6f%6e%74%65%6e%74\\\/uploads\\\/2013\\\/06\\\/fertilizacion_1_0-300x180.jpg\"},{\"@type\":\"BreadcrumbList\",\"@id\":\"https:\\\/\\\/informelitoral.com.ar\\\/reclaman-la-adhesion-de-la-provincia-a-la-ley-nacional-de-fertilizacion-asistida\\\/#breadcrumb\",\"itemListElement\":[{\"@type\":\"ListItem\",\"position\":1,\"name\":\"Portada\",\"item\":\"https:\\\/\\\/informelitoral.com.ar\\\/\"},{\"@type\":\"ListItem\",\"position\":2,\"name\":\"Reclaman la adhesi\u00f3n de la provincia a la Ley Nacional de Fertilizaci\u00f3n Asistida\"}]},{\"@type\":\"WebSite\",\"@id\":\"https:\\\/\\\/informelitoral.com.ar\\\/#website\",\"url\":\"https:\\\/\\\/informelitoral.com.ar\\\/\",\"name\":\"Informe Litoral\",\"description\":\"&quot;Nos informamos&quot; \",\"publisher\":{\"@id\":\"https:\\\/\\\/informelitoral.com.ar\\\/#organization\"},\"potentialAction\":[{\"@type\":\"SearchAction\",\"target\":{\"@type\":\"EntryPoint\",\"urlTemplate\":\"https:\\\/\\\/informelitoral.com.ar\\\/?s={search_term_string}\"},\"query-input\":{\"@type\":\"PropertyValueSpecification\",\"valueRequired\":true,\"valueName\":\"search_term_string\"}}],\"inLanguage\":\"es\"},{\"@type\":\"Organization\",\"@id\":\"https:\\\/\\\/informelitoral.com.ar\\\/#organization\",\"name\":\"Informe Litoral\",\"url\":\"https:\\\/\\\/informelitoral.com.ar\\\/\",\"logo\":{\"@type\":\"ImageObject\",\"inLanguage\":\"es\",\"@id\":\"https:\\\/\\\/informelitoral.com.ar\\\/#\\\/schema\\\/logo\\\/image\\\/\",\"url\":\"https:\\\/\\\/informelitoral.com.ar\\\/%77%70%2d%63%6f%6e%74%65%6e%74\\\/uploads\\\/2021\\\/01\\\/circulo.png\",\"contentUrl\":\"https:\\\/\\\/informelitoral.com.ar\\\/%77%70%2d%63%6f%6e%74%65%6e%74\\\/uploads\\\/2021\\\/01\\\/circulo.png\",\"width\":723,\"height\":731,\"caption\":\"Informe Litoral\"},\"image\":{\"@id\":\"https:\\\/\\\/informelitoral.com.ar\\\/#\\\/schema\\\/logo\\\/image\\\/\"},\"sameAs\":[\"https:\\\/\\\/www.facebook.com\\\/informelitoral\\\/\",\"https:\\\/\\\/x.com\\\/InformeLitoral\",\"https:\\\/\\\/www.instagram.com\\\/informelitoral\\\/\",\"https:\\\/\\\/www.youtube.com\\\/channel\\\/UCua4Qvz8Icb6MYqhoq9xLXw\"]},{\"@type\":\"Person\",\"@id\":\"https:\\\/\\\/informelitoral.com.ar\\\/#\\\/schema\\\/person\\\/b9d00407c836482871ef1d57bf8e3180\",\"name\":\"Gonzalo Schmidt\",\"image\":{\"@type\":\"ImageObject\",\"inLanguage\":\"es\",\"@id\":\"https:\\\/\\\/secure.gravatar.com\\\/avatar\\\/31a1a7b66ff2de83bd0e9fd79d026630d2d99e55e8bfe501287647b4fd9743de?s=96&d=mm&r=g\",\"url\":\"https:\\\/\\\/secure.gravatar.com\\\/avatar\\\/31a1a7b66ff2de83bd0e9fd79d026630d2d99e55e8bfe501287647b4fd9743de?s=96&d=mm&r=g\",\"contentUrl\":\"https:\\\/\\\/secure.gravatar.com\\\/avatar\\\/31a1a7b66ff2de83bd0e9fd79d026630d2d99e55e8bfe501287647b4fd9743de?s=96&d=mm&r=g\",\"caption\":\"Gonzalo Schmidt\"},\"description\":\"Sitio web de noticias de la provincia de Entre R\u00edos, Argentina. Informaci\u00f3n y entretenimiento. Informe Litoral, nos informamos.\",\"sameAs\":[\"http:\\\/\\\/www.isletasnoticias.com.ar\"],\"url\":\"https:\\\/\\\/informelitoral.com.ar\\\/author\\\/gonzalo\\\/\"}]}<\/script>","yoast_head_json":{"title":"Reclaman la adhesi\u00f3n de la provincia a la Ley Nacional de Fertilizaci\u00f3n Asistida - Informe Litoral","robots":{"index":"index","follow":"follow","max-snippet":"max-snippet:-1","max-image-preview":"max-image-preview:large","max-video-preview":"max-video-preview:-1"},"canonical":"https:\/\/informelitoral.com.ar\/reclaman-la-adhesion-de-la-provincia-a-la-ley-nacional-de-fertilizacion-asistida\/","og_locale":"es_ES","og_type":"article","og_title":"Reclaman la adhesi\u00f3n de la provincia a la Ley Nacional de Fertilizaci\u00f3n Asistida - Informe Litoral","og_description":"El diputado Jorge Monge (UCR) reclama la adhesi&oacute;n de la provincia a la ley nacional de Fertilizaci&oacute;n Asistida. Un proyecto de ley presentado ayer en la C&aacute;mara baja provincial reclama la adhesi&oacute;n a la norma nacional n&uacute;mero 26.862 de reproducci&oacute;n asistida, y demanda al Instituto de Obra Social de la Provincia de Entre R&iacute;os (Iosper) [&hellip;]","og_url":"https:\/\/informelitoral.com.ar\/reclaman-la-adhesion-de-la-provincia-a-la-ley-nacional-de-fertilizacion-asistida\/","og_site_name":"Informe Litoral","article_publisher":"https:\/\/www.facebook.com\/informelitoral\/","article_published_time":"2013-06-14T12:48:57+00:00","article_modified_time":"2013-06-14T12:52:15+00:00","og_image":[{"width":600,"height":360,"url":"https:\/\/informelitoral.com.ar\/%77%70%2d%63%6f%6e%74%65%6e%74\/uploads\/2013\/06\/fertilizacion_1_0.jpg","type":"image\/jpeg"}],"author":"Gonzalo Schmidt","twitter_card":"summary_large_image","twitter_creator":"@InformeLitoral","twitter_site":"@InformeLitoral","twitter_misc":{"Escrito por":"Gonzalo Schmidt","Tiempo de lectura":"2 minutos"},"schema":{"@context":"https:\/\/schema.org","@graph":[{"@type":"Article","@id":"https:\/\/informelitoral.com.ar\/reclaman-la-adhesion-de-la-provincia-a-la-ley-nacional-de-fertilizacion-asistida\/#article","isPartOf":{"@id":"https:\/\/informelitoral.com.ar\/reclaman-la-adhesion-de-la-provincia-a-la-ley-nacional-de-fertilizacion-asistida\/"},"author":{"name":"Gonzalo Schmidt","@id":"https:\/\/informelitoral.com.ar\/#\/schema\/person\/b9d00407c836482871ef1d57bf8e3180"},"headline":"Reclaman la adhesi\u00f3n de la provincia a la Ley Nacional de Fertilizaci\u00f3n Asistida","datePublished":"2013-06-14T12:48:57+00:00","dateModified":"2013-06-14T12:52:15+00:00","mainEntityOfPage":{"@id":"https:\/\/informelitoral.com.ar\/reclaman-la-adhesion-de-la-provincia-a-la-ley-nacional-de-fertilizacion-asistida\/"},"wordCount":434,"commentCount":0,"publisher":{"@id":"https:\/\/informelitoral.com.ar\/#organization"},"image":{"@id":"https:\/\/informelitoral.com.ar\/reclaman-la-adhesion-de-la-provincia-a-la-ley-nacional-de-fertilizacion-asistida\/#primaryimage"},"thumbnailUrl":"http:\/\/www.isletasnoticias.com.ar\/%77%70%2d%63%6f%6e%74%65%6e%74\/uploads\/2013\/06\/fertilizacion_1_0-300x180.jpg","articleSection":["Entre R\u00edos","Politica"],"inLanguage":"es","potentialAction":[{"@type":"CommentAction","name":"Comment","target":["https:\/\/informelitoral.com.ar\/reclaman-la-adhesion-de-la-provincia-a-la-ley-nacional-de-fertilizacion-asistida\/#respond"]}]},{"@type":"WebPage","@id":"https:\/\/informelitoral.com.ar\/reclaman-la-adhesion-de-la-provincia-a-la-ley-nacional-de-fertilizacion-asistida\/","url":"https:\/\/informelitoral.com.ar\/reclaman-la-adhesion-de-la-provincia-a-la-ley-nacional-de-fertilizacion-asistida\/","name":"Reclaman la adhesi\u00f3n de la provincia a la Ley Nacional de Fertilizaci\u00f3n Asistida - Informe Litoral","isPartOf":{"@id":"https:\/\/informelitoral.com.ar\/#website"},"primaryImageOfPage":{"@id":"https:\/\/informelitoral.com.ar\/reclaman-la-adhesion-de-la-provincia-a-la-ley-nacional-de-fertilizacion-asistida\/#primaryimage"},"image":{"@id":"https:\/\/informelitoral.com.ar\/reclaman-la-adhesion-de-la-provincia-a-la-ley-nacional-de-fertilizacion-asistida\/#primaryimage"},"thumbnailUrl":"http:\/\/www.isletasnoticias.com.ar\/%77%70%2d%63%6f%6e%74%65%6e%74\/uploads\/2013\/06\/fertilizacion_1_0-300x180.jpg","datePublished":"2013-06-14T12:48:57+00:00","dateModified":"2013-06-14T12:52:15+00:00","breadcrumb":{"@id":"https:\/\/informelitoral.com.ar\/reclaman-la-adhesion-de-la-provincia-a-la-ley-nacional-de-fertilizacion-asistida\/#breadcrumb"},"inLanguage":"es","potentialAction":[{"@type":"ReadAction","target":["https:\/\/informelitoral.com.ar\/reclaman-la-adhesion-de-la-provincia-a-la-ley-nacional-de-fertilizacion-asistida\/"]}]},{"@type":"ImageObject","inLanguage":"es","@id":"https:\/\/informelitoral.com.ar\/reclaman-la-adhesion-de-la-provincia-a-la-ley-nacional-de-fertilizacion-asistida\/#primaryimage","url":"http:\/\/www.isletasnoticias.com.ar\/%77%70%2d%63%6f%6e%74%65%6e%74\/uploads\/2013\/06\/fertilizacion_1_0-300x180.jpg","contentUrl":"http:\/\/www.isletasnoticias.com.ar\/%77%70%2d%63%6f%6e%74%65%6e%74\/uploads\/2013\/06\/fertilizacion_1_0-300x180.jpg"},{"@type":"BreadcrumbList","@id":"https:\/\/informelitoral.com.ar\/reclaman-la-adhesion-de-la-provincia-a-la-ley-nacional-de-fertilizacion-asistida\/#breadcrumb","itemListElement":[{"@type":"ListItem","position":1,"name":"Portada","item":"https:\/\/informelitoral.com.ar\/"},{"@type":"ListItem","position":2,"name":"Reclaman la adhesi\u00f3n de la provincia a la Ley Nacional de Fertilizaci\u00f3n Asistida"}]},{"@type":"WebSite","@id":"https:\/\/informelitoral.com.ar\/#website","url":"https:\/\/informelitoral.com.ar\/","name":"Informe Litoral","description":"&quot;Nos informamos&quot; ","publisher":{"@id":"https:\/\/informelitoral.com.ar\/#organization"},"potentialAction":[{"@type":"SearchAction","target":{"@type":"EntryPoint","urlTemplate":"https:\/\/informelitoral.com.ar\/?s={search_term_string}"},"query-input":{"@type":"PropertyValueSpecification","valueRequired":true,"valueName":"search_term_string"}}],"inLanguage":"es"},{"@type":"Organization","@id":"https:\/\/informelitoral.com.ar\/#organization","name":"Informe Litoral","url":"https:\/\/informelitoral.com.ar\/","logo":{"@type":"ImageObject","inLanguage":"es","@id":"https:\/\/informelitoral.com.ar\/#\/schema\/logo\/image\/","url":"https:\/\/informelitoral.com.ar\/%77%70%2d%63%6f%6e%74%65%6e%74\/uploads\/2021\/01\/circulo.png","contentUrl":"https:\/\/informelitoral.com.ar\/%77%70%2d%63%6f%6e%74%65%6e%74\/uploads\/2021\/01\/circulo.png","width":723,"height":731,"caption":"Informe Litoral"},"image":{"@id":"https:\/\/informelitoral.com.ar\/#\/schema\/logo\/image\/"},"sameAs":["https:\/\/www.facebook.com\/informelitoral\/","https:\/\/x.com\/InformeLitoral","https:\/\/www.instagram.com\/informelitoral\/","https:\/\/www.youtube.com\/channel\/UCua4Qvz8Icb6MYqhoq9xLXw"]},{"@type":"Person","@id":"https:\/\/informelitoral.com.ar\/#\/schema\/person\/b9d00407c836482871ef1d57bf8e3180","name":"Gonzalo Schmidt","image":{"@type":"ImageObject","inLanguage":"es","@id":"https:\/\/secure.gravatar.com\/avatar\/31a1a7b66ff2de83bd0e9fd79d026630d2d99e55e8bfe501287647b4fd9743de?s=96&d=mm&r=g","url":"https:\/\/secure.gravatar.com\/avatar\/31a1a7b66ff2de83bd0e9fd79d026630d2d99e55e8bfe501287647b4fd9743de?s=96&d=mm&r=g","contentUrl":"https:\/\/secure.gravatar.com\/avatar\/31a1a7b66ff2de83bd0e9fd79d026630d2d99e55e8bfe501287647b4fd9743de?s=96&d=mm&r=g","caption":"Gonzalo Schmidt"},"description":"Sitio web de noticias de la provincia de Entre R\u00edos, Argentina. Informaci\u00f3n y entretenimiento. Informe Litoral, nos informamos.","sameAs":["http:\/\/www.isletasnoticias.com.ar"],"url":"https:\/\/informelitoral.com.ar\/author\/gonzalo\/"}]}},"_links":{"self":[{"href":"https:\/\/informelitoral.com.ar\/%77%70%2d%6a%73%6f%6e\/wp\/v2\/posts\/2164","targetHints":{"allow":["GET"]}}],"collection":[{"href":"https:\/\/informelitoral.com.ar\/%77%70%2d%6a%73%6f%6e\/wp\/v2\/posts"}],"about":[{"href":"https:\/\/informelitoral.com.ar\/%77%70%2d%6a%73%6f%6e\/wp\/v2\/types\/post"}],"author":[{"embeddable":true,"href":"https:\/\/informelitoral.com.ar\/%77%70%2d%6a%73%6f%6e\/wp\/v2\/users\/2"}],"replies":[{"embeddable":true,"href":"https:\/\/informelitoral.com.ar\/%77%70%2d%6a%73%6f%6e\/wp\/v2\/comments?post=2164"}],"version-history":[{"count":0,"href":"https:\/\/informelitoral.com.ar\/%77%70%2d%6a%73%6f%6e\/wp\/v2\/posts\/2164\/revisions"}],"wp:attachment":[{"href":"https:\/\/informelitoral.com.ar\/%77%70%2d%6a%73%6f%6e\/wp\/v2\/media?parent=2164"}],"wp:term":[{"taxonomy":"category","embeddable":true,"href":"https:\/\/informelitoral.com.ar\/%77%70%2d%6a%73%6f%6e\/wp\/v2\/categories?post=2164"},{"taxonomy":"post_tag","embeddable":true,"href":"https:\/\/informelitoral.com.ar\/%77%70%2d%6a%73%6f%6e\/wp\/v2\/tags?post=2164"}],"curies":[{"name":"wp","href":"https:\/\/api.w.org\/{rel}","templated":true}]}}