{"id":216346,"date":"2025-03-26T13:47:37","date_gmt":"2025-03-26T16:47:37","guid":{"rendered":"https:\/\/informelitoral.com.ar\/?p=216346"},"modified":"2025-03-26T20:51:25","modified_gmt":"2025-03-26T23:51:25","slug":"tuvo-dictamen-favorable-el-proyecto-de-regulacion-de-metales-no-ferrosos","status":"publish","type":"post","link":"https:\/\/informelitoral.com.ar\/tuvo-dictamen-favorable-el-proyecto-de-regulacion-de-metales-no-ferrosos\/","title":{"rendered":"Tuvo dictamen favorable el proyecto de regulaci\u00f3n de metales no ferrosos"},"content":{"rendered":"<p>La comisi\u00f3n de Legislaci\u00f3n General de la C\u00e1mara de Diputados de Entre R\u00edos, que preside <strong>Marcelo L\u00f3pez<\/strong>, se reuni\u00f3 este mi\u00e9rcoles para abordar un proyecto de ley que establece un marco regulatorio para la actividad vinculada a los metales no ferrosos. Este expediente, proveniente del Senado, obtuvo consenso y se emiti\u00f3 dictamen favorable.<\/p>\n<p>\u201cEs un proyecto del senador Jaime Benedetti que regula el transporte, la comercializaci\u00f3n y el dep\u00f3sito de materiales no ferrosos. Tiende a otorgarle algunas facultades a la Polic\u00eda de Entre R\u00edos y al Poder Ejecutivo a los efectos de inspeccionar este tipo de actividades, porque se han cometido hechos il\u00edcitos con cables y placas de bronce\u201d, explic\u00f3 el diputado L\u00f3pez.<\/p>\n<p>Adem\u00e1s, precis\u00f3 que \u201chay un circuito ilegal que hay que combatir\u201d y \u201cera necesaria esta herramienta para poder hacerlo con mayor eficacia\u201d. Hasta el momento, explic\u00f3 el diputado L\u00f3pez, la Polic\u00eda no ten\u00eda posibilidades de intervenir en el ejido de un municipio sin una orden judicial.<\/p>\n<p>Con esta norma, se deber\u00e1 llevar un registro de estos materiales y se deber\u00e1 poder determinar la trazabilidad, es decir, conocer d\u00f3nde se compr\u00f3, qui\u00e9n lo vendi\u00f3 y de d\u00f3nde surgi\u00f3 la mercader\u00eda, entre otros datos.<\/p>\n<p>\u201cHa tenido dictamen favorable con el acompa\u00f1amiento de todos los diputados y las diputadas de los distintos bloques, por lo cual se le dar\u00e1 tratamiento en la sesi\u00f3n correspondiente\u201d, inform\u00f3.<\/p>\n<p>Por otro lado, la comisi\u00f3n abord\u00f3 y dictamin\u00f3 a favor de un proyecto de ley, presentado por <strong>Gabriela Lena<\/strong>, para autorizar al Superior Gobierno de la Provincia a aceptar la donaci\u00f3n de un inmueble por parte del Municipio de Los Conquistadores. \u201cEs un terreno donde funciona una escuela de nivel inicial, pero nunca se hab\u00eda escriturado a favor de la Provincia. Es necesario realizar mejoras en el edificio y se requiere que para eso el titular sea el gobierno de Entre R\u00edos.<\/p>\n<h6><em><strong>Del archivo:\u00a0<a href=\"https:\/\/informelitoral.com.ar\/silvina-decco-uno-de-los-desafios-es-ubicar-a-la-salud-mental-en-la-agenda\/\" target=\"_blank\" rel=\"noopener\">Silvina Decc\u00f3: \u201cUno de los desaf\u00edos es ubicar a la salud mental en la agenda\u201d<\/a><\/strong><\/em><\/h6>\n","protected":false},"excerpt":{"rendered":"<p>Se reuni\u00f3 la comisi\u00f3n de Legislaci\u00f3n General para continuar con el tratamiento de una iniciativa que busca prevenir y evitar el robo de ciertos metales, as\u00ed como otra norma para la aceptaci\u00f3n de un inmueble en donaci\u00f3n.<\/p>\n","protected":false},"author":2,"featured_media":216347,"comment_status":"open","ping_status":"open","sticky":false,"template":"","format":"standard","meta":{"fifu_image_url":"","fifu_image_alt":"","footnotes":""},"categories":[16],"tags":[3627,196,287],"class_list":{"0":"post-216346","1":"post","2":"type-post","3":"status-publish","4":"format-standard","5":"has-post-thumbnail","7":"category-politi","8":"tag-camara-de-diputados","9":"tag-diputados","10":"tag-legislativas"},"yoast_head":"<title>Tuvo dictamen favorable el proyecto de regulaci\u00f3n de metales no ferrosos - Informe Litoral<\/title>\n<meta name=\"robots\" content=\"index, follow, max-snippet:-1, max-image-preview:large, max-video-preview:-1\" \/>\n<link rel=\"canonical\" href=\"https:\/\/informelitoral.com.ar\/tuvo-dictamen-favorable-el-proyecto-de-regulacion-de-metales-no-ferrosos\/\" \/>\n<meta property=\"og:locale\" content=\"es_ES\" \/>\n<meta property=\"og:type\" content=\"article\" \/>\n<meta property=\"og:title\" content=\"Tuvo dictamen favorable el proyecto de regulaci\u00f3n de metales no ferrosos - Informe Litoral\" \/>\n<meta property=\"og:description\" content=\"Se reuni\u00f3 la comisi\u00f3n de Legislaci\u00f3n General para continuar con el tratamiento de una iniciativa que busca prevenir y evitar el robo de ciertos metales, as\u00ed como otra norma para la aceptaci\u00f3n de un inmueble en donaci\u00f3n.\" \/>\n<meta property=\"og:url\" content=\"https:\/\/informelitoral.com.ar\/tuvo-dictamen-favorable-el-proyecto-de-regulacion-de-metales-no-ferrosos\/\" \/>\n<meta property=\"og:site_name\" content=\"Informe Litoral\" \/>\n<meta property=\"article:publisher\" content=\"https:\/\/www.facebook.com\/informelitoral\/\" \/>\n<meta property=\"article:published_time\" content=\"2025-03-26T16:47:37+00:00\" \/>\n<meta property=\"article:modified_time\" content=\"2025-03-26T23:51:25+00:00\" \/>\n<meta property=\"og:image\" content=\"https:\/\/informelitoral.com.ar\/%77%70%2d%63%6f%6e%74%65%6e%74\/uploads\/2025\/03\/Sin-titulo-13-scaled.jpg\" \/>\n\t<meta property=\"og:image:width\" content=\"2560\" \/>\n\t<meta property=\"og:image:height\" content=\"1707\" \/>\n\t<meta property=\"og:image:type\" content=\"image\/jpeg\" \/>\n<meta name=\"author\" content=\"Gonzalo Schmidt\" \/>\n<meta name=\"twitter:card\" content=\"summary_large_image\" \/>\n<meta name=\"twitter:creator\" content=\"@InformeLitoral\" \/>\n<meta name=\"twitter:site\" content=\"@InformeLitoral\" \/>\n<meta name=\"twitter:label1\" content=\"Escrito por\" \/>\n\t<meta name=\"twitter:data1\" content=\"Gonzalo Schmidt\" \/>\n\t<meta name=\"twitter:label2\" content=\"Tiempo de lectura\" \/>\n\t<meta name=\"twitter:data2\" content=\"2 minutos\" \/>\n<script type=\"application\/ld+json\" class=\"yoast-schema-graph\">{\"@context\":\"https:\\\/\\\/schema.org\",\"@graph\":[{\"@type\":\"Article\",\"@id\":\"https:\\\/\\\/informelitoral.com.ar\\\/tuvo-dictamen-favorable-el-proyecto-de-regulacion-de-metales-no-ferrosos\\\/#article\",\"isPartOf\":{\"@id\":\"https:\\\/\\\/informelitoral.com.ar\\\/tuvo-dictamen-favorable-el-proyecto-de-regulacion-de-metales-no-ferrosos\\\/\"},\"author\":{\"name\":\"Gonzalo Schmidt\",\"@id\":\"https:\\\/\\\/informelitoral.com.ar\\\/#\\\/schema\\\/person\\\/b9d00407c836482871ef1d57bf8e3180\"},\"headline\":\"Tuvo dictamen favorable el proyecto de regulaci\u00f3n de metales no ferrosos\",\"datePublished\":\"2025-03-26T16:47:37+00:00\",\"dateModified\":\"2025-03-26T23:51:25+00:00\",\"mainEntityOfPage\":{\"@id\":\"https:\\\/\\\/informelitoral.com.ar\\\/tuvo-dictamen-favorable-el-proyecto-de-regulacion-de-metales-no-ferrosos\\\/\"},\"wordCount\":363,\"commentCount\":0,\"publisher\":{\"@id\":\"https:\\\/\\\/informelitoral.com.ar\\\/#organization\"},\"image\":{\"@id\":\"https:\\\/\\\/informelitoral.com.ar\\\/tuvo-dictamen-favorable-el-proyecto-de-regulacion-de-metales-no-ferrosos\\\/#primaryimage\"},\"thumbnailUrl\":\"https:\\\/\\\/informelitoral.com.ar\\\/%77%70%2d%63%6f%6e%74%65%6e%74\\\/uploads\\\/2025\\\/03\\\/Sin-titulo-13-scaled.jpg\",\"keywords\":[\"C\u00e1mara de Diputados\",\"Diputados\",\"Legislativas\"],\"articleSection\":[\"Politica\"],\"inLanguage\":\"es\",\"potentialAction\":[{\"@type\":\"CommentAction\",\"name\":\"Comment\",\"target\":[\"https:\\\/\\\/informelitoral.com.ar\\\/tuvo-dictamen-favorable-el-proyecto-de-regulacion-de-metales-no-ferrosos\\\/#respond\"]}]},{\"@type\":\"WebPage\",\"@id\":\"https:\\\/\\\/informelitoral.com.ar\\\/tuvo-dictamen-favorable-el-proyecto-de-regulacion-de-metales-no-ferrosos\\\/\",\"url\":\"https:\\\/\\\/informelitoral.com.ar\\\/tuvo-dictamen-favorable-el-proyecto-de-regulacion-de-metales-no-ferrosos\\\/\",\"name\":\"Tuvo dictamen favorable el proyecto de regulaci\u00f3n de metales no ferrosos - Informe Litoral\",\"isPartOf\":{\"@id\":\"https:\\\/\\\/informelitoral.com.ar\\\/#website\"},\"primaryImageOfPage\":{\"@id\":\"https:\\\/\\\/informelitoral.com.ar\\\/tuvo-dictamen-favorable-el-proyecto-de-regulacion-de-metales-no-ferrosos\\\/#primaryimage\"},\"image\":{\"@id\":\"https:\\\/\\\/informelitoral.com.ar\\\/tuvo-dictamen-favorable-el-proyecto-de-regulacion-de-metales-no-ferrosos\\\/#primaryimage\"},\"thumbnailUrl\":\"https:\\\/\\\/informelitoral.com.ar\\\/%77%70%2d%63%6f%6e%74%65%6e%74\\\/uploads\\\/2025\\\/03\\\/Sin-titulo-13-scaled.jpg\",\"datePublished\":\"2025-03-26T16:47:37+00:00\",\"dateModified\":\"2025-03-26T23:51:25+00:00\",\"breadcrumb\":{\"@id\":\"https:\\\/\\\/informelitoral.com.ar\\\/tuvo-dictamen-favorable-el-proyecto-de-regulacion-de-metales-no-ferrosos\\\/#breadcrumb\"},\"inLanguage\":\"es\",\"potentialAction\":[{\"@type\":\"ReadAction\",\"target\":[\"https:\\\/\\\/informelitoral.com.ar\\\/tuvo-dictamen-favorable-el-proyecto-de-regulacion-de-metales-no-ferrosos\\\/\"]}]},{\"@type\":\"ImageObject\",\"inLanguage\":\"es\",\"@id\":\"https:\\\/\\\/informelitoral.com.ar\\\/tuvo-dictamen-favorable-el-proyecto-de-regulacion-de-metales-no-ferrosos\\\/#primaryimage\",\"url\":\"https:\\\/\\\/informelitoral.com.ar\\\/%77%70%2d%63%6f%6e%74%65%6e%74\\\/uploads\\\/2025\\\/03\\\/Sin-titulo-13-scaled.jpg\",\"contentUrl\":\"https:\\\/\\\/informelitoral.com.ar\\\/%77%70%2d%63%6f%6e%74%65%6e%74\\\/uploads\\\/2025\\\/03\\\/Sin-titulo-13-scaled.jpg\",\"width\":2560,\"height\":1707},{\"@type\":\"BreadcrumbList\",\"@id\":\"https:\\\/\\\/informelitoral.com.ar\\\/tuvo-dictamen-favorable-el-proyecto-de-regulacion-de-metales-no-ferrosos\\\/#breadcrumb\",\"itemListElement\":[{\"@type\":\"ListItem\",\"position\":1,\"name\":\"Portada\",\"item\":\"https:\\\/\\\/informelitoral.com.ar\\\/\"},{\"@type\":\"ListItem\",\"position\":2,\"name\":\"Tuvo dictamen favorable el proyecto de regulaci\u00f3n de metales no ferrosos\"}]},{\"@type\":\"WebSite\",\"@id\":\"https:\\\/\\\/informelitoral.com.ar\\\/#website\",\"url\":\"https:\\\/\\\/informelitoral.com.ar\\\/\",\"name\":\"Informe Litoral\",\"description\":\"&quot;Nos informamos&quot; \",\"publisher\":{\"@id\":\"https:\\\/\\\/informelitoral.com.ar\\\/#organization\"},\"potentialAction\":[{\"@type\":\"SearchAction\",\"target\":{\"@type\":\"EntryPoint\",\"urlTemplate\":\"https:\\\/\\\/informelitoral.com.ar\\\/?s={search_term_string}\"},\"query-input\":{\"@type\":\"PropertyValueSpecification\",\"valueRequired\":true,\"valueName\":\"search_term_string\"}}],\"inLanguage\":\"es\"},{\"@type\":\"Organization\",\"@id\":\"https:\\\/\\\/informelitoral.com.ar\\\/#organization\",\"name\":\"Informe Litoral\",\"url\":\"https:\\\/\\\/informelitoral.com.ar\\\/\",\"logo\":{\"@type\":\"ImageObject\",\"inLanguage\":\"es\",\"@id\":\"https:\\\/\\\/informelitoral.com.ar\\\/#\\\/schema\\\/logo\\\/image\\\/\",\"url\":\"https:\\\/\\\/informelitoral.com.ar\\\/%77%70%2d%63%6f%6e%74%65%6e%74\\\/uploads\\\/2021\\\/01\\\/circulo.png\",\"contentUrl\":\"https:\\\/\\\/informelitoral.com.ar\\\/%77%70%2d%63%6f%6e%74%65%6e%74\\\/uploads\\\/2021\\\/01\\\/circulo.png\",\"width\":723,\"height\":731,\"caption\":\"Informe Litoral\"},\"image\":{\"@id\":\"https:\\\/\\\/informelitoral.com.ar\\\/#\\\/schema\\\/logo\\\/image\\\/\"},\"sameAs\":[\"https:\\\/\\\/www.facebook.com\\\/informelitoral\\\/\",\"https:\\\/\\\/x.com\\\/InformeLitoral\",\"https:\\\/\\\/www.instagram.com\\\/informelitoral\\\/\",\"https:\\\/\\\/www.youtube.com\\\/channel\\\/UCua4Qvz8Icb6MYqhoq9xLXw\"]},{\"@type\":\"Person\",\"@id\":\"https:\\\/\\\/informelitoral.com.ar\\\/#\\\/schema\\\/person\\\/b9d00407c836482871ef1d57bf8e3180\",\"name\":\"Gonzalo Schmidt\",\"image\":{\"@type\":\"ImageObject\",\"inLanguage\":\"es\",\"@id\":\"https:\\\/\\\/secure.gravatar.com\\\/avatar\\\/31a1a7b66ff2de83bd0e9fd79d026630d2d99e55e8bfe501287647b4fd9743de?s=96&d=mm&r=g\",\"url\":\"https:\\\/\\\/secure.gravatar.com\\\/avatar\\\/31a1a7b66ff2de83bd0e9fd79d026630d2d99e55e8bfe501287647b4fd9743de?s=96&d=mm&r=g\",\"contentUrl\":\"https:\\\/\\\/secure.gravatar.com\\\/avatar\\\/31a1a7b66ff2de83bd0e9fd79d026630d2d99e55e8bfe501287647b4fd9743de?s=96&d=mm&r=g\",\"caption\":\"Gonzalo Schmidt\"},\"description\":\"Sitio web de noticias de la provincia de Entre R\u00edos, Argentina. Informaci\u00f3n y entretenimiento. Informe Litoral, nos informamos.\",\"sameAs\":[\"http:\\\/\\\/www.isletasnoticias.com.ar\"],\"url\":\"https:\\\/\\\/informelitoral.com.ar\\\/author\\\/gonzalo\\\/\"}]}<\/script>","yoast_head_json":{"title":"Tuvo dictamen favorable el proyecto de regulaci\u00f3n de metales no ferrosos - Informe Litoral","robots":{"index":"index","follow":"follow","max-snippet":"max-snippet:-1","max-image-preview":"max-image-preview:large","max-video-preview":"max-video-preview:-1"},"canonical":"https:\/\/informelitoral.com.ar\/tuvo-dictamen-favorable-el-proyecto-de-regulacion-de-metales-no-ferrosos\/","og_locale":"es_ES","og_type":"article","og_title":"Tuvo dictamen favorable el proyecto de regulaci\u00f3n de metales no ferrosos - Informe Litoral","og_description":"Se reuni\u00f3 la comisi\u00f3n de Legislaci\u00f3n General para continuar con el tratamiento de una iniciativa que busca prevenir y evitar el robo de ciertos metales, as\u00ed como otra norma para la aceptaci\u00f3n de un inmueble en donaci\u00f3n.","og_url":"https:\/\/informelitoral.com.ar\/tuvo-dictamen-favorable-el-proyecto-de-regulacion-de-metales-no-ferrosos\/","og_site_name":"Informe Litoral","article_publisher":"https:\/\/www.facebook.com\/informelitoral\/","article_published_time":"2025-03-26T16:47:37+00:00","article_modified_time":"2025-03-26T23:51:25+00:00","og_image":[{"width":2560,"height":1707,"url":"https:\/\/informelitoral.com.ar\/%77%70%2d%63%6f%6e%74%65%6e%74\/uploads\/2025\/03\/Sin-titulo-13-scaled.jpg","type":"image\/jpeg"}],"author":"Gonzalo Schmidt","twitter_card":"summary_large_image","twitter_creator":"@InformeLitoral","twitter_site":"@InformeLitoral","twitter_misc":{"Escrito por":"Gonzalo Schmidt","Tiempo de lectura":"2 minutos"},"schema":{"@context":"https:\/\/schema.org","@graph":[{"@type":"Article","@id":"https:\/\/informelitoral.com.ar\/tuvo-dictamen-favorable-el-proyecto-de-regulacion-de-metales-no-ferrosos\/#article","isPartOf":{"@id":"https:\/\/informelitoral.com.ar\/tuvo-dictamen-favorable-el-proyecto-de-regulacion-de-metales-no-ferrosos\/"},"author":{"name":"Gonzalo Schmidt","@id":"https:\/\/informelitoral.com.ar\/#\/schema\/person\/b9d00407c836482871ef1d57bf8e3180"},"headline":"Tuvo dictamen favorable el proyecto de regulaci\u00f3n de metales no ferrosos","datePublished":"2025-03-26T16:47:37+00:00","dateModified":"2025-03-26T23:51:25+00:00","mainEntityOfPage":{"@id":"https:\/\/informelitoral.com.ar\/tuvo-dictamen-favorable-el-proyecto-de-regulacion-de-metales-no-ferrosos\/"},"wordCount":363,"commentCount":0,"publisher":{"@id":"https:\/\/informelitoral.com.ar\/#organization"},"image":{"@id":"https:\/\/informelitoral.com.ar\/tuvo-dictamen-favorable-el-proyecto-de-regulacion-de-metales-no-ferrosos\/#primaryimage"},"thumbnailUrl":"https:\/\/informelitoral.com.ar\/%77%70%2d%63%6f%6e%74%65%6e%74\/uploads\/2025\/03\/Sin-titulo-13-scaled.jpg","keywords":["C\u00e1mara de Diputados","Diputados","Legislativas"],"articleSection":["Politica"],"inLanguage":"es","potentialAction":[{"@type":"CommentAction","name":"Comment","target":["https:\/\/informelitoral.com.ar\/tuvo-dictamen-favorable-el-proyecto-de-regulacion-de-metales-no-ferrosos\/#respond"]}]},{"@type":"WebPage","@id":"https:\/\/informelitoral.com.ar\/tuvo-dictamen-favorable-el-proyecto-de-regulacion-de-metales-no-ferrosos\/","url":"https:\/\/informelitoral.com.ar\/tuvo-dictamen-favorable-el-proyecto-de-regulacion-de-metales-no-ferrosos\/","name":"Tuvo dictamen favorable el proyecto de regulaci\u00f3n de metales no ferrosos - Informe Litoral","isPartOf":{"@id":"https:\/\/informelitoral.com.ar\/#website"},"primaryImageOfPage":{"@id":"https:\/\/informelitoral.com.ar\/tuvo-dictamen-favorable-el-proyecto-de-regulacion-de-metales-no-ferrosos\/#primaryimage"},"image":{"@id":"https:\/\/informelitoral.com.ar\/tuvo-dictamen-favorable-el-proyecto-de-regulacion-de-metales-no-ferrosos\/#primaryimage"},"thumbnailUrl":"https:\/\/informelitoral.com.ar\/%77%70%2d%63%6f%6e%74%65%6e%74\/uploads\/2025\/03\/Sin-titulo-13-scaled.jpg","datePublished":"2025-03-26T16:47:37+00:00","dateModified":"2025-03-26T23:51:25+00:00","breadcrumb":{"@id":"https:\/\/informelitoral.com.ar\/tuvo-dictamen-favorable-el-proyecto-de-regulacion-de-metales-no-ferrosos\/#breadcrumb"},"inLanguage":"es","potentialAction":[{"@type":"ReadAction","target":["https:\/\/informelitoral.com.ar\/tuvo-dictamen-favorable-el-proyecto-de-regulacion-de-metales-no-ferrosos\/"]}]},{"@type":"ImageObject","inLanguage":"es","@id":"https:\/\/informelitoral.com.ar\/tuvo-dictamen-favorable-el-proyecto-de-regulacion-de-metales-no-ferrosos\/#primaryimage","url":"https:\/\/informelitoral.com.ar\/%77%70%2d%63%6f%6e%74%65%6e%74\/uploads\/2025\/03\/Sin-titulo-13-scaled.jpg","contentUrl":"https:\/\/informelitoral.com.ar\/%77%70%2d%63%6f%6e%74%65%6e%74\/uploads\/2025\/03\/Sin-titulo-13-scaled.jpg","width":2560,"height":1707},{"@type":"BreadcrumbList","@id":"https:\/\/informelitoral.com.ar\/tuvo-dictamen-favorable-el-proyecto-de-regulacion-de-metales-no-ferrosos\/#breadcrumb","itemListElement":[{"@type":"ListItem","position":1,"name":"Portada","item":"https:\/\/informelitoral.com.ar\/"},{"@type":"ListItem","position":2,"name":"Tuvo dictamen favorable el proyecto de regulaci\u00f3n de metales no ferrosos"}]},{"@type":"WebSite","@id":"https:\/\/informelitoral.com.ar\/#website","url":"https:\/\/informelitoral.com.ar\/","name":"Informe Litoral","description":"&quot;Nos informamos&quot; ","publisher":{"@id":"https:\/\/informelitoral.com.ar\/#organization"},"potentialAction":[{"@type":"SearchAction","target":{"@type":"EntryPoint","urlTemplate":"https:\/\/informelitoral.com.ar\/?s={search_term_string}"},"query-input":{"@type":"PropertyValueSpecification","valueRequired":true,"valueName":"search_term_string"}}],"inLanguage":"es"},{"@type":"Organization","@id":"https:\/\/informelitoral.com.ar\/#organization","name":"Informe Litoral","url":"https:\/\/informelitoral.com.ar\/","logo":{"@type":"ImageObject","inLanguage":"es","@id":"https:\/\/informelitoral.com.ar\/#\/schema\/logo\/image\/","url":"https:\/\/informelitoral.com.ar\/%77%70%2d%63%6f%6e%74%65%6e%74\/uploads\/2021\/01\/circulo.png","contentUrl":"https:\/\/informelitoral.com.ar\/%77%70%2d%63%6f%6e%74%65%6e%74\/uploads\/2021\/01\/circulo.png","width":723,"height":731,"caption":"Informe Litoral"},"image":{"@id":"https:\/\/informelitoral.com.ar\/#\/schema\/logo\/image\/"},"sameAs":["https:\/\/www.facebook.com\/informelitoral\/","https:\/\/x.com\/InformeLitoral","https:\/\/www.instagram.com\/informelitoral\/","https:\/\/www.youtube.com\/channel\/UCua4Qvz8Icb6MYqhoq9xLXw"]},{"@type":"Person","@id":"https:\/\/informelitoral.com.ar\/#\/schema\/person\/b9d00407c836482871ef1d57bf8e3180","name":"Gonzalo Schmidt","image":{"@type":"ImageObject","inLanguage":"es","@id":"https:\/\/secure.gravatar.com\/avatar\/31a1a7b66ff2de83bd0e9fd79d026630d2d99e55e8bfe501287647b4fd9743de?s=96&d=mm&r=g","url":"https:\/\/secure.gravatar.com\/avatar\/31a1a7b66ff2de83bd0e9fd79d026630d2d99e55e8bfe501287647b4fd9743de?s=96&d=mm&r=g","contentUrl":"https:\/\/secure.gravatar.com\/avatar\/31a1a7b66ff2de83bd0e9fd79d026630d2d99e55e8bfe501287647b4fd9743de?s=96&d=mm&r=g","caption":"Gonzalo Schmidt"},"description":"Sitio web de noticias de la provincia de Entre R\u00edos, Argentina. Informaci\u00f3n y entretenimiento. Informe Litoral, nos informamos.","sameAs":["http:\/\/www.isletasnoticias.com.ar"],"url":"https:\/\/informelitoral.com.ar\/author\/gonzalo\/"}]}},"_links":{"self":[{"href":"https:\/\/informelitoral.com.ar\/%77%70%2d%6a%73%6f%6e\/wp\/v2\/posts\/216346","targetHints":{"allow":["GET"]}}],"collection":[{"href":"https:\/\/informelitoral.com.ar\/%77%70%2d%6a%73%6f%6e\/wp\/v2\/posts"}],"about":[{"href":"https:\/\/informelitoral.com.ar\/%77%70%2d%6a%73%6f%6e\/wp\/v2\/types\/post"}],"author":[{"embeddable":true,"href":"https:\/\/informelitoral.com.ar\/%77%70%2d%6a%73%6f%6e\/wp\/v2\/users\/2"}],"replies":[{"embeddable":true,"href":"https:\/\/informelitoral.com.ar\/%77%70%2d%6a%73%6f%6e\/wp\/v2\/comments?post=216346"}],"version-history":[{"count":0,"href":"https:\/\/informelitoral.com.ar\/%77%70%2d%6a%73%6f%6e\/wp\/v2\/posts\/216346\/revisions"}],"wp:featuredmedia":[{"embeddable":true,"href":"https:\/\/informelitoral.com.ar\/%77%70%2d%6a%73%6f%6e\/wp\/v2\/media\/216347"}],"wp:attachment":[{"href":"https:\/\/informelitoral.com.ar\/%77%70%2d%6a%73%6f%6e\/wp\/v2\/media?parent=216346"}],"wp:term":[{"taxonomy":"category","embeddable":true,"href":"https:\/\/informelitoral.com.ar\/%77%70%2d%6a%73%6f%6e\/wp\/v2\/categories?post=216346"},{"taxonomy":"post_tag","embeddable":true,"href":"https:\/\/informelitoral.com.ar\/%77%70%2d%6a%73%6f%6e\/wp\/v2\/tags?post=216346"}],"curies":[{"name":"wp","href":"https:\/\/api.w.org\/{rel}","templated":true}]}}