{"id":216343,"date":"2025-03-26T15:43:00","date_gmt":"2025-03-26T18:43:00","guid":{"rendered":"https:\/\/informelitoral.com.ar\/?p=216343"},"modified":"2025-03-26T20:47:23","modified_gmt":"2025-03-26T23:47:23","slug":"debatieron-sobre-un-proyecto-de-ley-para-modificar-el-codigo-procesal-penal","status":"publish","type":"post","link":"https:\/\/informelitoral.com.ar\/debatieron-sobre-un-proyecto-de-ley-para-modificar-el-codigo-procesal-penal\/","title":{"rendered":"Debatieron sobre un proyecto de ley para modificar el C\u00f3digo Procesal Penal"},"content":{"rendered":"<p>La comisi\u00f3n de Asuntos Constitucionales, Juicio Pol\u00edtico y Peticiones, Poderes y Reglamento, que preside <strong>Gabriela Lena<\/strong>, se reuni\u00f3 este mi\u00e9rcoles con el objetivo de debatir un proyecto de ley que propone modificaciones al C\u00f3digo Procesal Penal de la Provincia, a fin de incorporar la instituci\u00f3n de la reiteraci\u00f3n delictiva (reiterancia) como criterio para la disposici\u00f3n de la prisi\u00f3n preventiva.<\/p>\n<p>En esta primera reuni\u00f3n para el tratamiento de esta iniciativa participaron como invitados <strong>Jorge Amilcar Garc\u00eda<\/strong>, procurador general del Ministerio P\u00fablico Fiscal; <strong>Ra\u00fal Avero<\/strong>, asesor del Ministerio de Seguridad y Justicia de la Provincia, y <strong>Juan Pablo Ballhorst,<\/strong> a cargo de la Coordinaci\u00f3n Legal y en Materia Contenciosa Internacional de Derechos Humanos de la Secretar\u00eda de Justicia.<\/p>\n<p>Acerca de esta propuesta legislativa, su autora, la diputada<strong> Carola Laner,<\/strong> rese\u00f1\u00f3: \u201cHace much\u00edsimo tiempo venimos analizando este proyecto. En diferentes reuniones, la sociedad nos muestra una preocupaci\u00f3n latente que es la famosa puerta giratoria, que ha servido para empoderar delincuentes\u201d, en referencia a quienes son detenidos e inmediatamente recuperan la libertad.<\/p>\n<p>\u201cEsa demanda de la sociedad tiene relaci\u00f3n con datos emp\u00edricos. Por ejemplo, en Concordia, el 70% de las detenciones son de personas reiterantes. Lo mismo sucede en Paran\u00e1 y en diferentes ciudades\u201d, agreg\u00f3 la legisladora.<\/p>\n<p>Acerca de los cambios propuestos al C\u00f3digo Procesal Penal de Entre R\u00edos, precis\u00f3 que se introduce el t\u00e9rmino de reiterancia delictiva, que ya est\u00e1 incorporado en otros C\u00f3digos como los de Tucum\u00e1n y Mendoza, donde este instituto \u201cbaj\u00f3 much\u00edsimo los \u00edndices delictivos\u201d. Tambi\u00e9n se incluy\u00f3 la reiterancia en la Ciudad Aut\u00f3noma de Buenos Aires, provincia de Buenos Aires y recientemente se aprob\u00f3 en el Congreso de la Naci\u00f3n.<\/p>\n<p>A su vez, dijo que se trata de una herramienta para el Poder Judicial para que, en el caso de que se considere necesario, se disponga la prisi\u00f3n preventiva de las personas que persisten en el delito a la espera del juicio.<\/p>\n<p>Por otro lado, la comisi\u00f3n abord\u00f3 un proyecto de resoluci\u00f3n que busca otorgar el reconocimiento y benepl\u00e1cito a los veteranos de guerra de Malvinas oriundos de la provincia de Entre R\u00edos, presentado por <strong>Gabriela Lena.<\/strong> Estuvieron presentes integrantes del Centro de Veteranos de Paran\u00e1.<\/p>\n<p>La iniciativa prev\u00e9 solicitar al gobierno de la Provincia la creaci\u00f3n y entrega de una distinci\u00f3n honor\u00edfica en reconocimiento al m\u00e9rito y servicio de los veteranos entrerrianos que, por razones de radicaci\u00f3n, hoy se encuentran fuera del territorio provincial.<\/p>\n<h6><em><strong>Del archivo:\u00a0<a href=\"https:\/\/informelitoral.com.ar\/remarcan-la-importancia-de-las-medidas-a-implementar-en-el-basural-de-san-jose\/\" target=\"_blank\" rel=\"noopener\">Remarcan la importancia de las medidas a implementar en el basural de San Jos\u00e9<\/a><\/strong><\/em><\/h6>\n","protected":false},"excerpt":{"rendered":"<p>Los diputados trataron en comisi\u00f3n una propuesta para incorporar la reiterancia delictiva como criterio para disponer la prisi\u00f3n preventiva. A su vez, abordaron una propuesta para otorgar un reconocimiento a veteranos de Malvinas.<\/p>\n","protected":false},"author":2,"featured_media":216344,"comment_status":"open","ping_status":"open","sticky":false,"template":"","format":"standard","meta":{"fifu_image_url":"","fifu_image_alt":"","footnotes":""},"categories":[16],"tags":[3627,287],"class_list":{"0":"post-216343","1":"post","2":"type-post","3":"status-publish","4":"format-standard","5":"has-post-thumbnail","7":"category-politi","8":"tag-camara-de-diputados","9":"tag-legislativas"},"yoast_head":"<title>Debatieron sobre un proyecto de ley para modificar el C\u00f3digo Procesal Penal - Informe Litoral<\/title>\n<meta name=\"robots\" content=\"index, follow, max-snippet:-1, max-image-preview:large, max-video-preview:-1\" \/>\n<link rel=\"canonical\" href=\"https:\/\/informelitoral.com.ar\/debatieron-sobre-un-proyecto-de-ley-para-modificar-el-codigo-procesal-penal\/\" \/>\n<meta property=\"og:locale\" content=\"es_ES\" \/>\n<meta property=\"og:type\" content=\"article\" \/>\n<meta property=\"og:title\" content=\"Debatieron sobre un proyecto de ley para modificar el C\u00f3digo Procesal Penal - Informe Litoral\" \/>\n<meta property=\"og:description\" content=\"Los diputados trataron en comisi\u00f3n una propuesta para incorporar la reiterancia delictiva como criterio para disponer la prisi\u00f3n preventiva. A su vez, abordaron una propuesta para otorgar un reconocimiento a veteranos de Malvinas.\" \/>\n<meta property=\"og:url\" content=\"https:\/\/informelitoral.com.ar\/debatieron-sobre-un-proyecto-de-ley-para-modificar-el-codigo-procesal-penal\/\" \/>\n<meta property=\"og:site_name\" content=\"Informe Litoral\" \/>\n<meta property=\"article:publisher\" content=\"https:\/\/www.facebook.com\/informelitoral\/\" \/>\n<meta property=\"article:published_time\" content=\"2025-03-26T18:43:00+00:00\" \/>\n<meta property=\"article:modified_time\" content=\"2025-03-26T23:47:23+00:00\" \/>\n<meta property=\"og:image\" content=\"https:\/\/informelitoral.com.ar\/%77%70%2d%63%6f%6e%74%65%6e%74\/uploads\/2025\/03\/3a166ac3df4cd6c807fbc35773cc5a6d.jpg\" \/>\n\t<meta property=\"og:image:width\" content=\"320\" \/>\n\t<meta property=\"og:image:height\" content=\"213\" \/>\n\t<meta property=\"og:image:type\" content=\"image\/jpeg\" \/>\n<meta name=\"author\" content=\"Gonzalo Schmidt\" \/>\n<meta name=\"twitter:card\" content=\"summary_large_image\" \/>\n<meta name=\"twitter:creator\" content=\"@InformeLitoral\" \/>\n<meta name=\"twitter:site\" content=\"@InformeLitoral\" \/>\n<meta name=\"twitter:label1\" content=\"Escrito por\" \/>\n\t<meta name=\"twitter:data1\" content=\"Gonzalo Schmidt\" \/>\n\t<meta name=\"twitter:label2\" content=\"Tiempo de lectura\" \/>\n\t<meta name=\"twitter:data2\" content=\"2 minutos\" \/>\n<script type=\"application\/ld+json\" class=\"yoast-schema-graph\">{\"@context\":\"https:\\\/\\\/schema.org\",\"@graph\":[{\"@type\":\"Article\",\"@id\":\"https:\\\/\\\/informelitoral.com.ar\\\/debatieron-sobre-un-proyecto-de-ley-para-modificar-el-codigo-procesal-penal\\\/#article\",\"isPartOf\":{\"@id\":\"https:\\\/\\\/informelitoral.com.ar\\\/debatieron-sobre-un-proyecto-de-ley-para-modificar-el-codigo-procesal-penal\\\/\"},\"author\":{\"name\":\"Gonzalo Schmidt\",\"@id\":\"https:\\\/\\\/informelitoral.com.ar\\\/#\\\/schema\\\/person\\\/b9d00407c836482871ef1d57bf8e3180\"},\"headline\":\"Debatieron sobre un proyecto de ley para modificar el C\u00f3digo Procesal Penal\",\"datePublished\":\"2025-03-26T18:43:00+00:00\",\"dateModified\":\"2025-03-26T23:47:23+00:00\",\"mainEntityOfPage\":{\"@id\":\"https:\\\/\\\/informelitoral.com.ar\\\/debatieron-sobre-un-proyecto-de-ley-para-modificar-el-codigo-procesal-penal\\\/\"},\"wordCount\":461,\"commentCount\":0,\"publisher\":{\"@id\":\"https:\\\/\\\/informelitoral.com.ar\\\/#organization\"},\"image\":{\"@id\":\"https:\\\/\\\/informelitoral.com.ar\\\/debatieron-sobre-un-proyecto-de-ley-para-modificar-el-codigo-procesal-penal\\\/#primaryimage\"},\"thumbnailUrl\":\"https:\\\/\\\/informelitoral.com.ar\\\/%77%70%2d%63%6f%6e%74%65%6e%74\\\/uploads\\\/2025\\\/03\\\/3a166ac3df4cd6c807fbc35773cc5a6d.jpg\",\"keywords\":[\"C\u00e1mara de Diputados\",\"Legislativas\"],\"articleSection\":[\"Politica\"],\"inLanguage\":\"es\",\"potentialAction\":[{\"@type\":\"CommentAction\",\"name\":\"Comment\",\"target\":[\"https:\\\/\\\/informelitoral.com.ar\\\/debatieron-sobre-un-proyecto-de-ley-para-modificar-el-codigo-procesal-penal\\\/#respond\"]}]},{\"@type\":\"WebPage\",\"@id\":\"https:\\\/\\\/informelitoral.com.ar\\\/debatieron-sobre-un-proyecto-de-ley-para-modificar-el-codigo-procesal-penal\\\/\",\"url\":\"https:\\\/\\\/informelitoral.com.ar\\\/debatieron-sobre-un-proyecto-de-ley-para-modificar-el-codigo-procesal-penal\\\/\",\"name\":\"Debatieron sobre un proyecto de ley para modificar el C\u00f3digo Procesal Penal - Informe Litoral\",\"isPartOf\":{\"@id\":\"https:\\\/\\\/informelitoral.com.ar\\\/#website\"},\"primaryImageOfPage\":{\"@id\":\"https:\\\/\\\/informelitoral.com.ar\\\/debatieron-sobre-un-proyecto-de-ley-para-modificar-el-codigo-procesal-penal\\\/#primaryimage\"},\"image\":{\"@id\":\"https:\\\/\\\/informelitoral.com.ar\\\/debatieron-sobre-un-proyecto-de-ley-para-modificar-el-codigo-procesal-penal\\\/#primaryimage\"},\"thumbnailUrl\":\"https:\\\/\\\/informelitoral.com.ar\\\/%77%70%2d%63%6f%6e%74%65%6e%74\\\/uploads\\\/2025\\\/03\\\/3a166ac3df4cd6c807fbc35773cc5a6d.jpg\",\"datePublished\":\"2025-03-26T18:43:00+00:00\",\"dateModified\":\"2025-03-26T23:47:23+00:00\",\"breadcrumb\":{\"@id\":\"https:\\\/\\\/informelitoral.com.ar\\\/debatieron-sobre-un-proyecto-de-ley-para-modificar-el-codigo-procesal-penal\\\/#breadcrumb\"},\"inLanguage\":\"es\",\"potentialAction\":[{\"@type\":\"ReadAction\",\"target\":[\"https:\\\/\\\/informelitoral.com.ar\\\/debatieron-sobre-un-proyecto-de-ley-para-modificar-el-codigo-procesal-penal\\\/\"]}]},{\"@type\":\"ImageObject\",\"inLanguage\":\"es\",\"@id\":\"https:\\\/\\\/informelitoral.com.ar\\\/debatieron-sobre-un-proyecto-de-ley-para-modificar-el-codigo-procesal-penal\\\/#primaryimage\",\"url\":\"https:\\\/\\\/informelitoral.com.ar\\\/%77%70%2d%63%6f%6e%74%65%6e%74\\\/uploads\\\/2025\\\/03\\\/3a166ac3df4cd6c807fbc35773cc5a6d.jpg\",\"contentUrl\":\"https:\\\/\\\/informelitoral.com.ar\\\/%77%70%2d%63%6f%6e%74%65%6e%74\\\/uploads\\\/2025\\\/03\\\/3a166ac3df4cd6c807fbc35773cc5a6d.jpg\",\"width\":320,\"height\":213},{\"@type\":\"BreadcrumbList\",\"@id\":\"https:\\\/\\\/informelitoral.com.ar\\\/debatieron-sobre-un-proyecto-de-ley-para-modificar-el-codigo-procesal-penal\\\/#breadcrumb\",\"itemListElement\":[{\"@type\":\"ListItem\",\"position\":1,\"name\":\"Portada\",\"item\":\"https:\\\/\\\/informelitoral.com.ar\\\/\"},{\"@type\":\"ListItem\",\"position\":2,\"name\":\"Debatieron sobre un proyecto de ley para modificar el C\u00f3digo Procesal Penal\"}]},{\"@type\":\"WebSite\",\"@id\":\"https:\\\/\\\/informelitoral.com.ar\\\/#website\",\"url\":\"https:\\\/\\\/informelitoral.com.ar\\\/\",\"name\":\"Informe Litoral\",\"description\":\"&quot;Nos informamos&quot; \",\"publisher\":{\"@id\":\"https:\\\/\\\/informelitoral.com.ar\\\/#organization\"},\"potentialAction\":[{\"@type\":\"SearchAction\",\"target\":{\"@type\":\"EntryPoint\",\"urlTemplate\":\"https:\\\/\\\/informelitoral.com.ar\\\/?s={search_term_string}\"},\"query-input\":{\"@type\":\"PropertyValueSpecification\",\"valueRequired\":true,\"valueName\":\"search_term_string\"}}],\"inLanguage\":\"es\"},{\"@type\":\"Organization\",\"@id\":\"https:\\\/\\\/informelitoral.com.ar\\\/#organization\",\"name\":\"Informe Litoral\",\"url\":\"https:\\\/\\\/informelitoral.com.ar\\\/\",\"logo\":{\"@type\":\"ImageObject\",\"inLanguage\":\"es\",\"@id\":\"https:\\\/\\\/informelitoral.com.ar\\\/#\\\/schema\\\/logo\\\/image\\\/\",\"url\":\"https:\\\/\\\/informelitoral.com.ar\\\/%77%70%2d%63%6f%6e%74%65%6e%74\\\/uploads\\\/2021\\\/01\\\/circulo.png\",\"contentUrl\":\"https:\\\/\\\/informelitoral.com.ar\\\/%77%70%2d%63%6f%6e%74%65%6e%74\\\/uploads\\\/2021\\\/01\\\/circulo.png\",\"width\":723,\"height\":731,\"caption\":\"Informe Litoral\"},\"image\":{\"@id\":\"https:\\\/\\\/informelitoral.com.ar\\\/#\\\/schema\\\/logo\\\/image\\\/\"},\"sameAs\":[\"https:\\\/\\\/www.facebook.com\\\/informelitoral\\\/\",\"https:\\\/\\\/x.com\\\/InformeLitoral\",\"https:\\\/\\\/www.instagram.com\\\/informelitoral\\\/\",\"https:\\\/\\\/www.youtube.com\\\/channel\\\/UCua4Qvz8Icb6MYqhoq9xLXw\"]},{\"@type\":\"Person\",\"@id\":\"https:\\\/\\\/informelitoral.com.ar\\\/#\\\/schema\\\/person\\\/b9d00407c836482871ef1d57bf8e3180\",\"name\":\"Gonzalo Schmidt\",\"image\":{\"@type\":\"ImageObject\",\"inLanguage\":\"es\",\"@id\":\"https:\\\/\\\/secure.gravatar.com\\\/avatar\\\/31a1a7b66ff2de83bd0e9fd79d026630d2d99e55e8bfe501287647b4fd9743de?s=96&d=mm&r=g\",\"url\":\"https:\\\/\\\/secure.gravatar.com\\\/avatar\\\/31a1a7b66ff2de83bd0e9fd79d026630d2d99e55e8bfe501287647b4fd9743de?s=96&d=mm&r=g\",\"contentUrl\":\"https:\\\/\\\/secure.gravatar.com\\\/avatar\\\/31a1a7b66ff2de83bd0e9fd79d026630d2d99e55e8bfe501287647b4fd9743de?s=96&d=mm&r=g\",\"caption\":\"Gonzalo Schmidt\"},\"description\":\"Sitio web de noticias de la provincia de Entre R\u00edos, Argentina. Informaci\u00f3n y entretenimiento. Informe Litoral, nos informamos.\",\"sameAs\":[\"http:\\\/\\\/www.isletasnoticias.com.ar\"],\"url\":\"https:\\\/\\\/informelitoral.com.ar\\\/author\\\/gonzalo\\\/\"}]}<\/script>","yoast_head_json":{"title":"Debatieron sobre un proyecto de ley para modificar el C\u00f3digo Procesal Penal - Informe Litoral","robots":{"index":"index","follow":"follow","max-snippet":"max-snippet:-1","max-image-preview":"max-image-preview:large","max-video-preview":"max-video-preview:-1"},"canonical":"https:\/\/informelitoral.com.ar\/debatieron-sobre-un-proyecto-de-ley-para-modificar-el-codigo-procesal-penal\/","og_locale":"es_ES","og_type":"article","og_title":"Debatieron sobre un proyecto de ley para modificar el C\u00f3digo Procesal Penal - Informe Litoral","og_description":"Los diputados trataron en comisi\u00f3n una propuesta para incorporar la reiterancia delictiva como criterio para disponer la prisi\u00f3n preventiva. A su vez, abordaron una propuesta para otorgar un reconocimiento a veteranos de Malvinas.","og_url":"https:\/\/informelitoral.com.ar\/debatieron-sobre-un-proyecto-de-ley-para-modificar-el-codigo-procesal-penal\/","og_site_name":"Informe Litoral","article_publisher":"https:\/\/www.facebook.com\/informelitoral\/","article_published_time":"2025-03-26T18:43:00+00:00","article_modified_time":"2025-03-26T23:47:23+00:00","og_image":[{"width":320,"height":213,"url":"https:\/\/informelitoral.com.ar\/%77%70%2d%63%6f%6e%74%65%6e%74\/uploads\/2025\/03\/3a166ac3df4cd6c807fbc35773cc5a6d.jpg","type":"image\/jpeg"}],"author":"Gonzalo Schmidt","twitter_card":"summary_large_image","twitter_creator":"@InformeLitoral","twitter_site":"@InformeLitoral","twitter_misc":{"Escrito por":"Gonzalo Schmidt","Tiempo de lectura":"2 minutos"},"schema":{"@context":"https:\/\/schema.org","@graph":[{"@type":"Article","@id":"https:\/\/informelitoral.com.ar\/debatieron-sobre-un-proyecto-de-ley-para-modificar-el-codigo-procesal-penal\/#article","isPartOf":{"@id":"https:\/\/informelitoral.com.ar\/debatieron-sobre-un-proyecto-de-ley-para-modificar-el-codigo-procesal-penal\/"},"author":{"name":"Gonzalo Schmidt","@id":"https:\/\/informelitoral.com.ar\/#\/schema\/person\/b9d00407c836482871ef1d57bf8e3180"},"headline":"Debatieron sobre un proyecto de ley para modificar el C\u00f3digo Procesal Penal","datePublished":"2025-03-26T18:43:00+00:00","dateModified":"2025-03-26T23:47:23+00:00","mainEntityOfPage":{"@id":"https:\/\/informelitoral.com.ar\/debatieron-sobre-un-proyecto-de-ley-para-modificar-el-codigo-procesal-penal\/"},"wordCount":461,"commentCount":0,"publisher":{"@id":"https:\/\/informelitoral.com.ar\/#organization"},"image":{"@id":"https:\/\/informelitoral.com.ar\/debatieron-sobre-un-proyecto-de-ley-para-modificar-el-codigo-procesal-penal\/#primaryimage"},"thumbnailUrl":"https:\/\/informelitoral.com.ar\/%77%70%2d%63%6f%6e%74%65%6e%74\/uploads\/2025\/03\/3a166ac3df4cd6c807fbc35773cc5a6d.jpg","keywords":["C\u00e1mara de Diputados","Legislativas"],"articleSection":["Politica"],"inLanguage":"es","potentialAction":[{"@type":"CommentAction","name":"Comment","target":["https:\/\/informelitoral.com.ar\/debatieron-sobre-un-proyecto-de-ley-para-modificar-el-codigo-procesal-penal\/#respond"]}]},{"@type":"WebPage","@id":"https:\/\/informelitoral.com.ar\/debatieron-sobre-un-proyecto-de-ley-para-modificar-el-codigo-procesal-penal\/","url":"https:\/\/informelitoral.com.ar\/debatieron-sobre-un-proyecto-de-ley-para-modificar-el-codigo-procesal-penal\/","name":"Debatieron sobre un proyecto de ley para modificar el C\u00f3digo Procesal Penal - Informe Litoral","isPartOf":{"@id":"https:\/\/informelitoral.com.ar\/#website"},"primaryImageOfPage":{"@id":"https:\/\/informelitoral.com.ar\/debatieron-sobre-un-proyecto-de-ley-para-modificar-el-codigo-procesal-penal\/#primaryimage"},"image":{"@id":"https:\/\/informelitoral.com.ar\/debatieron-sobre-un-proyecto-de-ley-para-modificar-el-codigo-procesal-penal\/#primaryimage"},"thumbnailUrl":"https:\/\/informelitoral.com.ar\/%77%70%2d%63%6f%6e%74%65%6e%74\/uploads\/2025\/03\/3a166ac3df4cd6c807fbc35773cc5a6d.jpg","datePublished":"2025-03-26T18:43:00+00:00","dateModified":"2025-03-26T23:47:23+00:00","breadcrumb":{"@id":"https:\/\/informelitoral.com.ar\/debatieron-sobre-un-proyecto-de-ley-para-modificar-el-codigo-procesal-penal\/#breadcrumb"},"inLanguage":"es","potentialAction":[{"@type":"ReadAction","target":["https:\/\/informelitoral.com.ar\/debatieron-sobre-un-proyecto-de-ley-para-modificar-el-codigo-procesal-penal\/"]}]},{"@type":"ImageObject","inLanguage":"es","@id":"https:\/\/informelitoral.com.ar\/debatieron-sobre-un-proyecto-de-ley-para-modificar-el-codigo-procesal-penal\/#primaryimage","url":"https:\/\/informelitoral.com.ar\/%77%70%2d%63%6f%6e%74%65%6e%74\/uploads\/2025\/03\/3a166ac3df4cd6c807fbc35773cc5a6d.jpg","contentUrl":"https:\/\/informelitoral.com.ar\/%77%70%2d%63%6f%6e%74%65%6e%74\/uploads\/2025\/03\/3a166ac3df4cd6c807fbc35773cc5a6d.jpg","width":320,"height":213},{"@type":"BreadcrumbList","@id":"https:\/\/informelitoral.com.ar\/debatieron-sobre-un-proyecto-de-ley-para-modificar-el-codigo-procesal-penal\/#breadcrumb","itemListElement":[{"@type":"ListItem","position":1,"name":"Portada","item":"https:\/\/informelitoral.com.ar\/"},{"@type":"ListItem","position":2,"name":"Debatieron sobre un proyecto de ley para modificar el C\u00f3digo Procesal Penal"}]},{"@type":"WebSite","@id":"https:\/\/informelitoral.com.ar\/#website","url":"https:\/\/informelitoral.com.ar\/","name":"Informe Litoral","description":"&quot;Nos informamos&quot; ","publisher":{"@id":"https:\/\/informelitoral.com.ar\/#organization"},"potentialAction":[{"@type":"SearchAction","target":{"@type":"EntryPoint","urlTemplate":"https:\/\/informelitoral.com.ar\/?s={search_term_string}"},"query-input":{"@type":"PropertyValueSpecification","valueRequired":true,"valueName":"search_term_string"}}],"inLanguage":"es"},{"@type":"Organization","@id":"https:\/\/informelitoral.com.ar\/#organization","name":"Informe Litoral","url":"https:\/\/informelitoral.com.ar\/","logo":{"@type":"ImageObject","inLanguage":"es","@id":"https:\/\/informelitoral.com.ar\/#\/schema\/logo\/image\/","url":"https:\/\/informelitoral.com.ar\/%77%70%2d%63%6f%6e%74%65%6e%74\/uploads\/2021\/01\/circulo.png","contentUrl":"https:\/\/informelitoral.com.ar\/%77%70%2d%63%6f%6e%74%65%6e%74\/uploads\/2021\/01\/circulo.png","width":723,"height":731,"caption":"Informe Litoral"},"image":{"@id":"https:\/\/informelitoral.com.ar\/#\/schema\/logo\/image\/"},"sameAs":["https:\/\/www.facebook.com\/informelitoral\/","https:\/\/x.com\/InformeLitoral","https:\/\/www.instagram.com\/informelitoral\/","https:\/\/www.youtube.com\/channel\/UCua4Qvz8Icb6MYqhoq9xLXw"]},{"@type":"Person","@id":"https:\/\/informelitoral.com.ar\/#\/schema\/person\/b9d00407c836482871ef1d57bf8e3180","name":"Gonzalo Schmidt","image":{"@type":"ImageObject","inLanguage":"es","@id":"https:\/\/secure.gravatar.com\/avatar\/31a1a7b66ff2de83bd0e9fd79d026630d2d99e55e8bfe501287647b4fd9743de?s=96&d=mm&r=g","url":"https:\/\/secure.gravatar.com\/avatar\/31a1a7b66ff2de83bd0e9fd79d026630d2d99e55e8bfe501287647b4fd9743de?s=96&d=mm&r=g","contentUrl":"https:\/\/secure.gravatar.com\/avatar\/31a1a7b66ff2de83bd0e9fd79d026630d2d99e55e8bfe501287647b4fd9743de?s=96&d=mm&r=g","caption":"Gonzalo Schmidt"},"description":"Sitio web de noticias de la provincia de Entre R\u00edos, Argentina. Informaci\u00f3n y entretenimiento. Informe Litoral, nos informamos.","sameAs":["http:\/\/www.isletasnoticias.com.ar"],"url":"https:\/\/informelitoral.com.ar\/author\/gonzalo\/"}]}},"_links":{"self":[{"href":"https:\/\/informelitoral.com.ar\/%77%70%2d%6a%73%6f%6e\/wp\/v2\/posts\/216343","targetHints":{"allow":["GET"]}}],"collection":[{"href":"https:\/\/informelitoral.com.ar\/%77%70%2d%6a%73%6f%6e\/wp\/v2\/posts"}],"about":[{"href":"https:\/\/informelitoral.com.ar\/%77%70%2d%6a%73%6f%6e\/wp\/v2\/types\/post"}],"author":[{"embeddable":true,"href":"https:\/\/informelitoral.com.ar\/%77%70%2d%6a%73%6f%6e\/wp\/v2\/users\/2"}],"replies":[{"embeddable":true,"href":"https:\/\/informelitoral.com.ar\/%77%70%2d%6a%73%6f%6e\/wp\/v2\/comments?post=216343"}],"version-history":[{"count":0,"href":"https:\/\/informelitoral.com.ar\/%77%70%2d%6a%73%6f%6e\/wp\/v2\/posts\/216343\/revisions"}],"wp:featuredmedia":[{"embeddable":true,"href":"https:\/\/informelitoral.com.ar\/%77%70%2d%6a%73%6f%6e\/wp\/v2\/media\/216344"}],"wp:attachment":[{"href":"https:\/\/informelitoral.com.ar\/%77%70%2d%6a%73%6f%6e\/wp\/v2\/media?parent=216343"}],"wp:term":[{"taxonomy":"category","embeddable":true,"href":"https:\/\/informelitoral.com.ar\/%77%70%2d%6a%73%6f%6e\/wp\/v2\/categories?post=216343"},{"taxonomy":"post_tag","embeddable":true,"href":"https:\/\/informelitoral.com.ar\/%77%70%2d%6a%73%6f%6e\/wp\/v2\/tags?post=216343"}],"curies":[{"name":"wp","href":"https:\/\/api.w.org\/{rel}","templated":true}]}}