{"id":216320,"date":"2025-03-26T16:11:40","date_gmt":"2025-03-26T19:11:40","guid":{"rendered":"https:\/\/informelitoral.com.ar\/?p=216320"},"modified":"2025-03-26T20:00:08","modified_gmt":"2025-03-26T23:00:08","slug":"empleado-municipal-de-nogoya-denunciado-por-filmar-contenido-sexual-en-ambulancia","status":"publish","type":"post","link":"https:\/\/informelitoral.com.ar\/empleado-municipal-de-nogoya-denunciado-por-filmar-contenido-sexual-en-ambulancia\/","title":{"rendered":"Empleado municipal de Nogoy\u00e1 denunciado por filmar contenido sexual en una ambulancia"},"content":{"rendered":"<p>Un empleado del \u00e1rea de <strong>Emergencias de la Municipalidad de Nogoy\u00e1<\/strong> fue denunciado por utilizar la ambulancia del Municipio para filmarse mostrando pr\u00e1cticas sexuales que luego las sub\u00eda a una plataforma paga.<\/p>\n<p>Una mujer que tendr\u00eda una relaci\u00f3n de pareja con el empleado envi\u00f3 un correo electr\u00f3nico a la Municipalidad de Nogoy\u00e1 luego de descubrir que algunos de los videos que hab\u00eda accedido a filmarse hab\u00edan sido subidos a <strong>OnlyFans<\/strong>.<\/p>\n<p>Pero al revisar todo el contenido multimedia del tel\u00e9fono celular descubri\u00f3 que hab\u00eda filmaciones hechas dentro de la ambulancia por el propio empleado.<\/p>\n<p>Esos videos fueron enviados a trav\u00e9s de un correo electr\u00f3nico a la Municipalidad de Nogoy\u00e1. La mujer, que no es empleada, ratific\u00f3 luego personalmente el contenido de la denuncia.<\/p>\n<p><strong>Melisa Acevedo<\/strong>, Coordinadora de Desarrollo Social de la Municipalidad de Nogoy\u00e1, acept\u00f3 que la conducta refiere a hechos que \u201cvan en contra de la conducta decorosa que deber\u00eda mantener un empleado\u201d. Aunque dijo desconocer el contenido y cu\u00e1ntos ser\u00edan los videos.<\/p>\n<p>La funcionaria consider\u00f3 el hecho como \u201cun tema muy serio\u201d y prefiri\u00f3 \u201creservar mi opini\u00f3n\u201d hasta que se sepa qu\u00e9 es lo que pas\u00f3. \u201cEs un empleado. No me compete estar hablando de su vida privada. Si pas\u00f3 en el \u00e1mbito laboral, tendremos que aplicar las sanciones correspondientes\u201d, aventur\u00f3.<\/p>\n<p>Mientras que Jorge Ianuzzo, asesor letrado de la Municipalidad de Nogoy\u00e1, indic\u00f3 que ya se inici\u00f3 el sumario al trabajador y confirm\u00f3 que la denuncia fue radicada por un particular que \u201cmand\u00f3 un mail al correo de la Municipalidad. Se le pidi\u00f3 que concurra personalmente a ratificar lo que dec\u00eda en el mail y se present\u00f3\u201d. <em>(Entre R\u00edos Ahora)<\/em><\/p>\n","protected":false},"excerpt":{"rendered":"<p>La evidencia incriminatoria lleg\u00f3 a la Municipalidad de Nogoy\u00e1 a trav\u00e9s de un correo electr\u00f3nico que conten\u00eda los videos grabados dentro de la ambulancia.<\/p>\n","protected":false},"author":8,"featured_media":216322,"comment_status":"open","ping_status":"open","sticky":false,"template":"","format":"standard","meta":{"fifu_image_url":"","fifu_image_alt":"","footnotes":""},"categories":[4592],"tags":[333,1554,74,2170],"class_list":{"0":"post-216320","1":"post","2":"type-post","3":"status-publish","4":"format-standard","5":"has-post-thumbnail","7":"category-departamento-nogoya","8":"tag-denuncia","9":"tag-departamento-nogoya","10":"tag-nogoya","11":"tag-onlyfans"},"yoast_head":"<title>Empleado municipal de Nogoy\u00e1 denunciado por filmar contenido sexual en una ambulancia - Informe Litoral<\/title>\n<meta name=\"robots\" content=\"index, follow, max-snippet:-1, max-image-preview:large, max-video-preview:-1\" \/>\n<link rel=\"canonical\" href=\"https:\/\/informelitoral.com.ar\/empleado-municipal-de-nogoya-denunciado-por-filmar-contenido-sexual-en-ambulancia\/\" \/>\n<meta property=\"og:locale\" content=\"es_ES\" \/>\n<meta property=\"og:type\" content=\"article\" \/>\n<meta property=\"og:title\" content=\"Empleado municipal de Nogoy\u00e1 denunciado por filmar contenido sexual en una ambulancia - Informe Litoral\" \/>\n<meta property=\"og:description\" content=\"La evidencia incriminatoria lleg\u00f3 a la Municipalidad de Nogoy\u00e1 a trav\u00e9s de un correo electr\u00f3nico que conten\u00eda los videos grabados dentro de la ambulancia.\" \/>\n<meta property=\"og:url\" content=\"https:\/\/informelitoral.com.ar\/empleado-municipal-de-nogoya-denunciado-por-filmar-contenido-sexual-en-ambulancia\/\" \/>\n<meta property=\"og:site_name\" content=\"Informe Litoral\" \/>\n<meta property=\"article:publisher\" content=\"https:\/\/www.facebook.com\/informelitoral\/\" \/>\n<meta property=\"article:published_time\" content=\"2025-03-26T19:11:40+00:00\" \/>\n<meta property=\"article:modified_time\" content=\"2025-03-26T23:00:08+00:00\" \/>\n<meta property=\"og:image\" content=\"https:\/\/informelitoral.com.ar\/%77%70%2d%63%6f%6e%74%65%6e%74\/uploads\/2025\/03\/ambulancias-coronavirusjpg.webp\" \/>\n\t<meta property=\"og:image:width\" content=\"642\" \/>\n\t<meta property=\"og:image:height\" content=\"428\" \/>\n\t<meta property=\"og:image:type\" content=\"image\/webp\" \/>\n<meta name=\"author\" content=\"Sebastian\" \/>\n<meta name=\"twitter:card\" content=\"summary_large_image\" \/>\n<meta name=\"twitter:creator\" content=\"@InformeLitoral\" \/>\n<meta name=\"twitter:site\" content=\"@InformeLitoral\" \/>\n<meta name=\"twitter:label1\" content=\"Escrito por\" \/>\n\t<meta name=\"twitter:data1\" content=\"Sebastian\" \/>\n\t<meta name=\"twitter:label2\" content=\"Tiempo de lectura\" \/>\n\t<meta name=\"twitter:data2\" content=\"1 minuto\" \/>\n<script type=\"application\/ld+json\" class=\"yoast-schema-graph\">{\"@context\":\"https:\\\/\\\/schema.org\",\"@graph\":[{\"@type\":\"Article\",\"@id\":\"https:\\\/\\\/informelitoral.com.ar\\\/empleado-municipal-de-nogoya-denunciado-por-filmar-contenido-sexual-en-ambulancia\\\/#article\",\"isPartOf\":{\"@id\":\"https:\\\/\\\/informelitoral.com.ar\\\/empleado-municipal-de-nogoya-denunciado-por-filmar-contenido-sexual-en-ambulancia\\\/\"},\"author\":{\"name\":\"Sebastian\",\"@id\":\"https:\\\/\\\/informelitoral.com.ar\\\/#\\\/schema\\\/person\\\/f05f9f461677119578717524b127d6d5\"},\"headline\":\"Empleado municipal de Nogoy\u00e1 denunciado por filmar contenido sexual en una ambulancia\",\"datePublished\":\"2025-03-26T19:11:40+00:00\",\"dateModified\":\"2025-03-26T23:00:08+00:00\",\"mainEntityOfPage\":{\"@id\":\"https:\\\/\\\/informelitoral.com.ar\\\/empleado-municipal-de-nogoya-denunciado-por-filmar-contenido-sexual-en-ambulancia\\\/\"},\"wordCount\":300,\"commentCount\":0,\"publisher\":{\"@id\":\"https:\\\/\\\/informelitoral.com.ar\\\/#organization\"},\"image\":{\"@id\":\"https:\\\/\\\/informelitoral.com.ar\\\/empleado-municipal-de-nogoya-denunciado-por-filmar-contenido-sexual-en-ambulancia\\\/#primaryimage\"},\"thumbnailUrl\":\"https:\\\/\\\/informelitoral.com.ar\\\/%77%70%2d%63%6f%6e%74%65%6e%74\\\/uploads\\\/2025\\\/03\\\/ambulancias-coronavirusjpg.webp\",\"keywords\":[\"Denuncia\",\"Departamento Nogoy\u00e1\",\"Nogoy\u00e1\",\"OnlyFans\"],\"articleSection\":[\"Departamento Nogoy\u00e1\"],\"inLanguage\":\"es\",\"potentialAction\":[{\"@type\":\"CommentAction\",\"name\":\"Comment\",\"target\":[\"https:\\\/\\\/informelitoral.com.ar\\\/empleado-municipal-de-nogoya-denunciado-por-filmar-contenido-sexual-en-ambulancia\\\/#respond\"]}]},{\"@type\":\"WebPage\",\"@id\":\"https:\\\/\\\/informelitoral.com.ar\\\/empleado-municipal-de-nogoya-denunciado-por-filmar-contenido-sexual-en-ambulancia\\\/\",\"url\":\"https:\\\/\\\/informelitoral.com.ar\\\/empleado-municipal-de-nogoya-denunciado-por-filmar-contenido-sexual-en-ambulancia\\\/\",\"name\":\"Empleado municipal de Nogoy\u00e1 denunciado por filmar contenido sexual en una ambulancia - Informe Litoral\",\"isPartOf\":{\"@id\":\"https:\\\/\\\/informelitoral.com.ar\\\/#website\"},\"primaryImageOfPage\":{\"@id\":\"https:\\\/\\\/informelitoral.com.ar\\\/empleado-municipal-de-nogoya-denunciado-por-filmar-contenido-sexual-en-ambulancia\\\/#primaryimage\"},\"image\":{\"@id\":\"https:\\\/\\\/informelitoral.com.ar\\\/empleado-municipal-de-nogoya-denunciado-por-filmar-contenido-sexual-en-ambulancia\\\/#primaryimage\"},\"thumbnailUrl\":\"https:\\\/\\\/informelitoral.com.ar\\\/%77%70%2d%63%6f%6e%74%65%6e%74\\\/uploads\\\/2025\\\/03\\\/ambulancias-coronavirusjpg.webp\",\"datePublished\":\"2025-03-26T19:11:40+00:00\",\"dateModified\":\"2025-03-26T23:00:08+00:00\",\"breadcrumb\":{\"@id\":\"https:\\\/\\\/informelitoral.com.ar\\\/empleado-municipal-de-nogoya-denunciado-por-filmar-contenido-sexual-en-ambulancia\\\/#breadcrumb\"},\"inLanguage\":\"es\",\"potentialAction\":[{\"@type\":\"ReadAction\",\"target\":[\"https:\\\/\\\/informelitoral.com.ar\\\/empleado-municipal-de-nogoya-denunciado-por-filmar-contenido-sexual-en-ambulancia\\\/\"]}]},{\"@type\":\"ImageObject\",\"inLanguage\":\"es\",\"@id\":\"https:\\\/\\\/informelitoral.com.ar\\\/empleado-municipal-de-nogoya-denunciado-por-filmar-contenido-sexual-en-ambulancia\\\/#primaryimage\",\"url\":\"https:\\\/\\\/informelitoral.com.ar\\\/%77%70%2d%63%6f%6e%74%65%6e%74\\\/uploads\\\/2025\\\/03\\\/ambulancias-coronavirusjpg.webp\",\"contentUrl\":\"https:\\\/\\\/informelitoral.com.ar\\\/%77%70%2d%63%6f%6e%74%65%6e%74\\\/uploads\\\/2025\\\/03\\\/ambulancias-coronavirusjpg.webp\",\"width\":642,\"height\":428},{\"@type\":\"BreadcrumbList\",\"@id\":\"https:\\\/\\\/informelitoral.com.ar\\\/empleado-municipal-de-nogoya-denunciado-por-filmar-contenido-sexual-en-ambulancia\\\/#breadcrumb\",\"itemListElement\":[{\"@type\":\"ListItem\",\"position\":1,\"name\":\"Portada\",\"item\":\"https:\\\/\\\/informelitoral.com.ar\\\/\"},{\"@type\":\"ListItem\",\"position\":2,\"name\":\"Empleado municipal de Nogoy\u00e1 denunciado por filmar contenido sexual en una ambulancia\"}]},{\"@type\":\"WebSite\",\"@id\":\"https:\\\/\\\/informelitoral.com.ar\\\/#website\",\"url\":\"https:\\\/\\\/informelitoral.com.ar\\\/\",\"name\":\"Informe Litoral\",\"description\":\"&quot;Nos informamos&quot; \",\"publisher\":{\"@id\":\"https:\\\/\\\/informelitoral.com.ar\\\/#organization\"},\"potentialAction\":[{\"@type\":\"SearchAction\",\"target\":{\"@type\":\"EntryPoint\",\"urlTemplate\":\"https:\\\/\\\/informelitoral.com.ar\\\/?s={search_term_string}\"},\"query-input\":{\"@type\":\"PropertyValueSpecification\",\"valueRequired\":true,\"valueName\":\"search_term_string\"}}],\"inLanguage\":\"es\"},{\"@type\":\"Organization\",\"@id\":\"https:\\\/\\\/informelitoral.com.ar\\\/#organization\",\"name\":\"Informe Litoral\",\"url\":\"https:\\\/\\\/informelitoral.com.ar\\\/\",\"logo\":{\"@type\":\"ImageObject\",\"inLanguage\":\"es\",\"@id\":\"https:\\\/\\\/informelitoral.com.ar\\\/#\\\/schema\\\/logo\\\/image\\\/\",\"url\":\"https:\\\/\\\/informelitoral.com.ar\\\/%77%70%2d%63%6f%6e%74%65%6e%74\\\/uploads\\\/2021\\\/01\\\/circulo.png\",\"contentUrl\":\"https:\\\/\\\/informelitoral.com.ar\\\/%77%70%2d%63%6f%6e%74%65%6e%74\\\/uploads\\\/2021\\\/01\\\/circulo.png\",\"width\":723,\"height\":731,\"caption\":\"Informe Litoral\"},\"image\":{\"@id\":\"https:\\\/\\\/informelitoral.com.ar\\\/#\\\/schema\\\/logo\\\/image\\\/\"},\"sameAs\":[\"https:\\\/\\\/www.facebook.com\\\/informelitoral\\\/\",\"https:\\\/\\\/x.com\\\/InformeLitoral\",\"https:\\\/\\\/www.instagram.com\\\/informelitoral\\\/\",\"https:\\\/\\\/www.youtube.com\\\/channel\\\/UCua4Qvz8Icb6MYqhoq9xLXw\"]},{\"@type\":\"Person\",\"@id\":\"https:\\\/\\\/informelitoral.com.ar\\\/#\\\/schema\\\/person\\\/f05f9f461677119578717524b127d6d5\",\"name\":\"Sebastian\",\"image\":{\"@type\":\"ImageObject\",\"inLanguage\":\"es\",\"@id\":\"https:\\\/\\\/secure.gravatar.com\\\/avatar\\\/b71bf7481d447dfb9583c7f2798e7cc64de6efb9067b74633ed8c31059a3bd82?s=96&d=mm&r=g\",\"url\":\"https:\\\/\\\/secure.gravatar.com\\\/avatar\\\/b71bf7481d447dfb9583c7f2798e7cc64de6efb9067b74633ed8c31059a3bd82?s=96&d=mm&r=g\",\"contentUrl\":\"https:\\\/\\\/secure.gravatar.com\\\/avatar\\\/b71bf7481d447dfb9583c7f2798e7cc64de6efb9067b74633ed8c31059a3bd82?s=96&d=mm&r=g\",\"caption\":\"Sebastian\"},\"url\":\"https:\\\/\\\/informelitoral.com.ar\\\/author\\\/sebastian\\\/\"}]}<\/script>","yoast_head_json":{"title":"Empleado municipal de Nogoy\u00e1 denunciado por filmar contenido sexual en una ambulancia - Informe Litoral","robots":{"index":"index","follow":"follow","max-snippet":"max-snippet:-1","max-image-preview":"max-image-preview:large","max-video-preview":"max-video-preview:-1"},"canonical":"https:\/\/informelitoral.com.ar\/empleado-municipal-de-nogoya-denunciado-por-filmar-contenido-sexual-en-ambulancia\/","og_locale":"es_ES","og_type":"article","og_title":"Empleado municipal de Nogoy\u00e1 denunciado por filmar contenido sexual en una ambulancia - Informe Litoral","og_description":"La evidencia incriminatoria lleg\u00f3 a la Municipalidad de Nogoy\u00e1 a trav\u00e9s de un correo electr\u00f3nico que conten\u00eda los videos grabados dentro de la ambulancia.","og_url":"https:\/\/informelitoral.com.ar\/empleado-municipal-de-nogoya-denunciado-por-filmar-contenido-sexual-en-ambulancia\/","og_site_name":"Informe Litoral","article_publisher":"https:\/\/www.facebook.com\/informelitoral\/","article_published_time":"2025-03-26T19:11:40+00:00","article_modified_time":"2025-03-26T23:00:08+00:00","og_image":[{"width":642,"height":428,"url":"https:\/\/informelitoral.com.ar\/%77%70%2d%63%6f%6e%74%65%6e%74\/uploads\/2025\/03\/ambulancias-coronavirusjpg.webp","type":"image\/webp"}],"author":"Sebastian","twitter_card":"summary_large_image","twitter_creator":"@InformeLitoral","twitter_site":"@InformeLitoral","twitter_misc":{"Escrito por":"Sebastian","Tiempo de lectura":"1 minuto"},"schema":{"@context":"https:\/\/schema.org","@graph":[{"@type":"Article","@id":"https:\/\/informelitoral.com.ar\/empleado-municipal-de-nogoya-denunciado-por-filmar-contenido-sexual-en-ambulancia\/#article","isPartOf":{"@id":"https:\/\/informelitoral.com.ar\/empleado-municipal-de-nogoya-denunciado-por-filmar-contenido-sexual-en-ambulancia\/"},"author":{"name":"Sebastian","@id":"https:\/\/informelitoral.com.ar\/#\/schema\/person\/f05f9f461677119578717524b127d6d5"},"headline":"Empleado municipal de Nogoy\u00e1 denunciado por filmar contenido sexual en una ambulancia","datePublished":"2025-03-26T19:11:40+00:00","dateModified":"2025-03-26T23:00:08+00:00","mainEntityOfPage":{"@id":"https:\/\/informelitoral.com.ar\/empleado-municipal-de-nogoya-denunciado-por-filmar-contenido-sexual-en-ambulancia\/"},"wordCount":300,"commentCount":0,"publisher":{"@id":"https:\/\/informelitoral.com.ar\/#organization"},"image":{"@id":"https:\/\/informelitoral.com.ar\/empleado-municipal-de-nogoya-denunciado-por-filmar-contenido-sexual-en-ambulancia\/#primaryimage"},"thumbnailUrl":"https:\/\/informelitoral.com.ar\/%77%70%2d%63%6f%6e%74%65%6e%74\/uploads\/2025\/03\/ambulancias-coronavirusjpg.webp","keywords":["Denuncia","Departamento Nogoy\u00e1","Nogoy\u00e1","OnlyFans"],"articleSection":["Departamento Nogoy\u00e1"],"inLanguage":"es","potentialAction":[{"@type":"CommentAction","name":"Comment","target":["https:\/\/informelitoral.com.ar\/empleado-municipal-de-nogoya-denunciado-por-filmar-contenido-sexual-en-ambulancia\/#respond"]}]},{"@type":"WebPage","@id":"https:\/\/informelitoral.com.ar\/empleado-municipal-de-nogoya-denunciado-por-filmar-contenido-sexual-en-ambulancia\/","url":"https:\/\/informelitoral.com.ar\/empleado-municipal-de-nogoya-denunciado-por-filmar-contenido-sexual-en-ambulancia\/","name":"Empleado municipal de Nogoy\u00e1 denunciado por filmar contenido sexual en una ambulancia - Informe Litoral","isPartOf":{"@id":"https:\/\/informelitoral.com.ar\/#website"},"primaryImageOfPage":{"@id":"https:\/\/informelitoral.com.ar\/empleado-municipal-de-nogoya-denunciado-por-filmar-contenido-sexual-en-ambulancia\/#primaryimage"},"image":{"@id":"https:\/\/informelitoral.com.ar\/empleado-municipal-de-nogoya-denunciado-por-filmar-contenido-sexual-en-ambulancia\/#primaryimage"},"thumbnailUrl":"https:\/\/informelitoral.com.ar\/%77%70%2d%63%6f%6e%74%65%6e%74\/uploads\/2025\/03\/ambulancias-coronavirusjpg.webp","datePublished":"2025-03-26T19:11:40+00:00","dateModified":"2025-03-26T23:00:08+00:00","breadcrumb":{"@id":"https:\/\/informelitoral.com.ar\/empleado-municipal-de-nogoya-denunciado-por-filmar-contenido-sexual-en-ambulancia\/#breadcrumb"},"inLanguage":"es","potentialAction":[{"@type":"ReadAction","target":["https:\/\/informelitoral.com.ar\/empleado-municipal-de-nogoya-denunciado-por-filmar-contenido-sexual-en-ambulancia\/"]}]},{"@type":"ImageObject","inLanguage":"es","@id":"https:\/\/informelitoral.com.ar\/empleado-municipal-de-nogoya-denunciado-por-filmar-contenido-sexual-en-ambulancia\/#primaryimage","url":"https:\/\/informelitoral.com.ar\/%77%70%2d%63%6f%6e%74%65%6e%74\/uploads\/2025\/03\/ambulancias-coronavirusjpg.webp","contentUrl":"https:\/\/informelitoral.com.ar\/%77%70%2d%63%6f%6e%74%65%6e%74\/uploads\/2025\/03\/ambulancias-coronavirusjpg.webp","width":642,"height":428},{"@type":"BreadcrumbList","@id":"https:\/\/informelitoral.com.ar\/empleado-municipal-de-nogoya-denunciado-por-filmar-contenido-sexual-en-ambulancia\/#breadcrumb","itemListElement":[{"@type":"ListItem","position":1,"name":"Portada","item":"https:\/\/informelitoral.com.ar\/"},{"@type":"ListItem","position":2,"name":"Empleado municipal de Nogoy\u00e1 denunciado por filmar contenido sexual en una ambulancia"}]},{"@type":"WebSite","@id":"https:\/\/informelitoral.com.ar\/#website","url":"https:\/\/informelitoral.com.ar\/","name":"Informe Litoral","description":"&quot;Nos informamos&quot; ","publisher":{"@id":"https:\/\/informelitoral.com.ar\/#organization"},"potentialAction":[{"@type":"SearchAction","target":{"@type":"EntryPoint","urlTemplate":"https:\/\/informelitoral.com.ar\/?s={search_term_string}"},"query-input":{"@type":"PropertyValueSpecification","valueRequired":true,"valueName":"search_term_string"}}],"inLanguage":"es"},{"@type":"Organization","@id":"https:\/\/informelitoral.com.ar\/#organization","name":"Informe Litoral","url":"https:\/\/informelitoral.com.ar\/","logo":{"@type":"ImageObject","inLanguage":"es","@id":"https:\/\/informelitoral.com.ar\/#\/schema\/logo\/image\/","url":"https:\/\/informelitoral.com.ar\/%77%70%2d%63%6f%6e%74%65%6e%74\/uploads\/2021\/01\/circulo.png","contentUrl":"https:\/\/informelitoral.com.ar\/%77%70%2d%63%6f%6e%74%65%6e%74\/uploads\/2021\/01\/circulo.png","width":723,"height":731,"caption":"Informe Litoral"},"image":{"@id":"https:\/\/informelitoral.com.ar\/#\/schema\/logo\/image\/"},"sameAs":["https:\/\/www.facebook.com\/informelitoral\/","https:\/\/x.com\/InformeLitoral","https:\/\/www.instagram.com\/informelitoral\/","https:\/\/www.youtube.com\/channel\/UCua4Qvz8Icb6MYqhoq9xLXw"]},{"@type":"Person","@id":"https:\/\/informelitoral.com.ar\/#\/schema\/person\/f05f9f461677119578717524b127d6d5","name":"Sebastian","image":{"@type":"ImageObject","inLanguage":"es","@id":"https:\/\/secure.gravatar.com\/avatar\/b71bf7481d447dfb9583c7f2798e7cc64de6efb9067b74633ed8c31059a3bd82?s=96&d=mm&r=g","url":"https:\/\/secure.gravatar.com\/avatar\/b71bf7481d447dfb9583c7f2798e7cc64de6efb9067b74633ed8c31059a3bd82?s=96&d=mm&r=g","contentUrl":"https:\/\/secure.gravatar.com\/avatar\/b71bf7481d447dfb9583c7f2798e7cc64de6efb9067b74633ed8c31059a3bd82?s=96&d=mm&r=g","caption":"Sebastian"},"url":"https:\/\/informelitoral.com.ar\/author\/sebastian\/"}]}},"_links":{"self":[{"href":"https:\/\/informelitoral.com.ar\/%77%70%2d%6a%73%6f%6e\/wp\/v2\/posts\/216320","targetHints":{"allow":["GET"]}}],"collection":[{"href":"https:\/\/informelitoral.com.ar\/%77%70%2d%6a%73%6f%6e\/wp\/v2\/posts"}],"about":[{"href":"https:\/\/informelitoral.com.ar\/%77%70%2d%6a%73%6f%6e\/wp\/v2\/types\/post"}],"author":[{"embeddable":true,"href":"https:\/\/informelitoral.com.ar\/%77%70%2d%6a%73%6f%6e\/wp\/v2\/users\/8"}],"replies":[{"embeddable":true,"href":"https:\/\/informelitoral.com.ar\/%77%70%2d%6a%73%6f%6e\/wp\/v2\/comments?post=216320"}],"version-history":[{"count":0,"href":"https:\/\/informelitoral.com.ar\/%77%70%2d%6a%73%6f%6e\/wp\/v2\/posts\/216320\/revisions"}],"wp:featuredmedia":[{"embeddable":true,"href":"https:\/\/informelitoral.com.ar\/%77%70%2d%6a%73%6f%6e\/wp\/v2\/media\/216322"}],"wp:attachment":[{"href":"https:\/\/informelitoral.com.ar\/%77%70%2d%6a%73%6f%6e\/wp\/v2\/media?parent=216320"}],"wp:term":[{"taxonomy":"category","embeddable":true,"href":"https:\/\/informelitoral.com.ar\/%77%70%2d%6a%73%6f%6e\/wp\/v2\/categories?post=216320"},{"taxonomy":"post_tag","embeddable":true,"href":"https:\/\/informelitoral.com.ar\/%77%70%2d%6a%73%6f%6e\/wp\/v2\/tags?post=216320"}],"curies":[{"name":"wp","href":"https:\/\/api.w.org\/{rel}","templated":true}]}}