{"id":216289,"date":"2025-03-26T12:51:33","date_gmt":"2025-03-26T15:51:33","guid":{"rendered":"https:\/\/informelitoral.com.ar\/?p=216289"},"modified":"2025-03-26T20:06:42","modified_gmt":"2025-03-26T23:06:42","slug":"colectivos-en-parana-se-presentaron-tres-empresas-en-la-licitacion-con-cambios-en-las-lineas-y-el-servicio-nocturno","status":"publish","type":"post","link":"https:\/\/informelitoral.com.ar\/colectivos-en-parana-se-presentaron-tres-empresas-en-la-licitacion-con-cambios-en-las-lineas-y-el-servicio-nocturno\/","title":{"rendered":"Colectivos en Paran\u00e1: se presentaron tres empresas en la licitaci\u00f3n, con cambios en las l\u00edneas y el servicio nocturno"},"content":{"rendered":"<p>Se realiz\u00f3 la apertura de sobres de licitaci\u00f3n para la concesi\u00f3n del servicio de colectivos urbanos de Paran\u00e1 este mi\u00e9rcoles. El acto se llev\u00f3 a cabo en la Casa de la Costa y hubo tres empresas oferentes: San Jos\u00e9, Etacer SRL y Saavedra.<\/p>\n<h2><strong>Las condiciones<\/strong><\/h2>\n<p>El proyecto tuvo un largo recorrido desde que la intendenta Rosario Romero lo elev\u00f3 a la Legislatura en 2024. Recibi\u00f3 cr\u00edticas y sugerencias de espacios vecinales, sindicales y acad\u00e9micos en un proceso que incluy\u00f3 una Audiencia P\u00fablica. Sin embargo, la letra del pliego no sufri\u00f3 cambios significativos.<\/p>\n<p>Contiene tres novedades principales.\u00a0<em>La primera<\/em>, que reduce de 24 a 11 la cantidad de l\u00edneas que recorrer\u00e1n la ciudad y las ordena en tres grupos. A su vez, se designar\u00e1n con letras y no con n\u00fameros.<\/p>\n<p><em>La segunda<\/em>: Dejan de cubrirse las localidades lindantes a Paran\u00e1 (San Benito, Colonia Avellaneda, Oro Verde, Sauce Montrull y Villa Fontana) y se concentra exclusivamente en los l\u00edmites de Paran\u00e1.<\/p>\n<p><em>La tercera<\/em>: Permit\u00eda la competencia entre empresas y el reparto de grupos de l\u00edneas entre las adjudicatarias. La prestaci\u00f3n pod\u00eda no ser monop\u00f3lica pero se dej\u00f3 abierta la puerta a que una sola firma brinde el servicio.<\/p>\n<h2><strong>Atractores<\/strong><\/h2>\n<p>El pliego incorpor\u00f3 la categor\u00eda de\u00a0<em>\u201catractores de viajes\u201d:<\/em>\u00a0Lugares con gran demanda de pasajeros. Por cada uno de ellos pasar\u00e1 al menos una l\u00ednea, pero varios ser\u00e1n cubiertos por m\u00e1s de una y en algunos casos circular\u00e1n casi todas, como el Centro C\u00edvico, por ejemplo.<\/p>\n<p>Cada l\u00ednea deber\u00e1 pasar a no m\u00e1s de 500 metros de alg\u00fan \u201catractor\u201d en el Centro y a no m\u00e1s de 350 metros, respectivamente, en el \u00e1rea perif\u00e9rica.<\/p>\n<h2><strong>Horario nocturno<\/strong><\/h2>\n<p>Entre las novedades se destaca que se incorpora la franja horaria nocturna desde la medianoche hasta las 5 de la ma\u00f1ana.<\/p>\n<h2><strong>Frecuencias<\/strong><\/h2>\n<p>Un punto objetado por algunos participantes de las audiencias es que se reduce la cantidad de kil\u00f3metros mensuales exigidos para la circulaci\u00f3n de los colectivos, que deber\u00e1 sumar ahora 300 mil km. entre todos los recorridos. Tambi\u00e9n se exige menos cantidades de coches: La flota no podr\u00e1 ser inferior a 70 unidades entre todas las l\u00edneas. El argumento del oficialismo fue la reducci\u00f3n no perjudicar\u00e1 al usuario paranaense porque se deja de circular por el \u00c1rea Metropolitana.<\/p>\n<h6><em><strong>Del archivo:\u00a0<a href=\"https:\/\/informelitoral.com.ar\/enrique-rios-no-recibimos-ningun-acompanamiento-del-gobierno-nacional-y-muy-escaso-de-la-provincia\/\" target=\"_blank\" rel=\"noopener\">Enrique R\u00edos: \u00abNo recibimos ning\u00fan acompa\u00f1amiento del Gobierno nacional y muy escaso de la Provincia\u00bb<\/a><\/strong><\/em><\/h6>\n","protected":false},"excerpt":{"rendered":"<p>El mi\u00e9rcoles se realiz\u00f3 la apertura de sobres de licitaci\u00f3n para la concesi\u00f3n del servicio de colectivos urbanos de Paran\u00e1 en la Casa de la Costa.<\/p>\n","protected":false},"author":8,"featured_media":216291,"comment_status":"open","ping_status":"open","sticky":false,"template":"","format":"standard","meta":{"fifu_image_url":"","fifu_image_alt":"","footnotes":""},"categories":[1597],"tags":[133,600,45],"class_list":{"0":"post-216289","1":"post","2":"type-post","3":"status-publish","4":"format-standard","5":"has-post-thumbnail","7":"category-parana","8":"tag-colectivos","9":"tag-licitacion","10":"tag-parana"},"yoast_head":"<title>Colectivos en Paran\u00e1: se presentaron tres empresas en la licitaci\u00f3n, con cambios en las l\u00edneas y el servicio nocturno - Informe Litoral<\/title>\n<meta name=\"robots\" content=\"index, follow, max-snippet:-1, max-image-preview:large, max-video-preview:-1\" \/>\n<link rel=\"canonical\" href=\"https:\/\/informelitoral.com.ar\/colectivos-en-parana-se-presentaron-tres-empresas-en-la-licitacion-con-cambios-en-las-lineas-y-el-servicio-nocturno\/\" \/>\n<meta property=\"og:locale\" content=\"es_ES\" \/>\n<meta property=\"og:type\" content=\"article\" \/>\n<meta property=\"og:title\" content=\"Colectivos en Paran\u00e1: se presentaron tres empresas en la licitaci\u00f3n, con cambios en las l\u00edneas y el servicio nocturno - Informe Litoral\" \/>\n<meta property=\"og:description\" content=\"El mi\u00e9rcoles se realiz\u00f3 la apertura de sobres de licitaci\u00f3n para la concesi\u00f3n del servicio de colectivos urbanos de Paran\u00e1 en la Casa de la Costa.\" \/>\n<meta property=\"og:url\" content=\"https:\/\/informelitoral.com.ar\/colectivos-en-parana-se-presentaron-tres-empresas-en-la-licitacion-con-cambios-en-las-lineas-y-el-servicio-nocturno\/\" \/>\n<meta property=\"og:site_name\" content=\"Informe Litoral\" \/>\n<meta property=\"article:publisher\" content=\"https:\/\/www.facebook.com\/informelitoral\/\" \/>\n<meta property=\"article:published_time\" content=\"2025-03-26T15:51:33+00:00\" \/>\n<meta property=\"article:modified_time\" content=\"2025-03-26T23:06:42+00:00\" \/>\n<meta property=\"og:image\" content=\"https:\/\/informelitoral.com.ar\/%77%70%2d%63%6f%6e%74%65%6e%74\/uploads\/2025\/03\/md.webp\" \/>\n\t<meta property=\"og:image:width\" content=\"992\" \/>\n\t<meta property=\"og:image:height\" content=\"557\" \/>\n\t<meta property=\"og:image:type\" content=\"image\/webp\" \/>\n<meta name=\"author\" content=\"Sebastian\" \/>\n<meta name=\"twitter:card\" content=\"summary_large_image\" \/>\n<meta name=\"twitter:creator\" content=\"@InformeLitoral\" \/>\n<meta name=\"twitter:site\" content=\"@InformeLitoral\" \/>\n<meta name=\"twitter:label1\" content=\"Escrito por\" \/>\n\t<meta name=\"twitter:data1\" content=\"Sebastian\" \/>\n\t<meta name=\"twitter:label2\" content=\"Tiempo de lectura\" \/>\n\t<meta name=\"twitter:data2\" content=\"2 minutos\" \/>\n<script type=\"application\/ld+json\" class=\"yoast-schema-graph\">{\"@context\":\"https:\\\/\\\/schema.org\",\"@graph\":[{\"@type\":\"Article\",\"@id\":\"https:\\\/\\\/informelitoral.com.ar\\\/colectivos-en-parana-se-presentaron-tres-empresas-en-la-licitacion-con-cambios-en-las-lineas-y-el-servicio-nocturno\\\/#article\",\"isPartOf\":{\"@id\":\"https:\\\/\\\/informelitoral.com.ar\\\/colectivos-en-parana-se-presentaron-tres-empresas-en-la-licitacion-con-cambios-en-las-lineas-y-el-servicio-nocturno\\\/\"},\"author\":{\"name\":\"Sebastian\",\"@id\":\"https:\\\/\\\/informelitoral.com.ar\\\/#\\\/schema\\\/person\\\/f05f9f461677119578717524b127d6d5\"},\"headline\":\"Colectivos en Paran\u00e1: se presentaron tres empresas en la licitaci\u00f3n, con cambios en las l\u00edneas y el servicio nocturno\",\"datePublished\":\"2025-03-26T15:51:33+00:00\",\"dateModified\":\"2025-03-26T23:06:42+00:00\",\"mainEntityOfPage\":{\"@id\":\"https:\\\/\\\/informelitoral.com.ar\\\/colectivos-en-parana-se-presentaron-tres-empresas-en-la-licitacion-con-cambios-en-las-lineas-y-el-servicio-nocturno\\\/\"},\"wordCount\":438,\"commentCount\":0,\"publisher\":{\"@id\":\"https:\\\/\\\/informelitoral.com.ar\\\/#organization\"},\"image\":{\"@id\":\"https:\\\/\\\/informelitoral.com.ar\\\/colectivos-en-parana-se-presentaron-tres-empresas-en-la-licitacion-con-cambios-en-las-lineas-y-el-servicio-nocturno\\\/#primaryimage\"},\"thumbnailUrl\":\"https:\\\/\\\/informelitoral.com.ar\\\/%77%70%2d%63%6f%6e%74%65%6e%74\\\/uploads\\\/2025\\\/03\\\/md.webp\",\"keywords\":[\"Colectivos\",\"Licitaci\u00f3n\",\"Paran\u00e1\"],\"articleSection\":[\"Paran\u00e1\"],\"inLanguage\":\"es\",\"potentialAction\":[{\"@type\":\"CommentAction\",\"name\":\"Comment\",\"target\":[\"https:\\\/\\\/informelitoral.com.ar\\\/colectivos-en-parana-se-presentaron-tres-empresas-en-la-licitacion-con-cambios-en-las-lineas-y-el-servicio-nocturno\\\/#respond\"]}]},{\"@type\":\"WebPage\",\"@id\":\"https:\\\/\\\/informelitoral.com.ar\\\/colectivos-en-parana-se-presentaron-tres-empresas-en-la-licitacion-con-cambios-en-las-lineas-y-el-servicio-nocturno\\\/\",\"url\":\"https:\\\/\\\/informelitoral.com.ar\\\/colectivos-en-parana-se-presentaron-tres-empresas-en-la-licitacion-con-cambios-en-las-lineas-y-el-servicio-nocturno\\\/\",\"name\":\"Colectivos en Paran\u00e1: se presentaron tres empresas en la licitaci\u00f3n, con cambios en las l\u00edneas y el servicio nocturno - Informe Litoral\",\"isPartOf\":{\"@id\":\"https:\\\/\\\/informelitoral.com.ar\\\/#website\"},\"primaryImageOfPage\":{\"@id\":\"https:\\\/\\\/informelitoral.com.ar\\\/colectivos-en-parana-se-presentaron-tres-empresas-en-la-licitacion-con-cambios-en-las-lineas-y-el-servicio-nocturno\\\/#primaryimage\"},\"image\":{\"@id\":\"https:\\\/\\\/informelitoral.com.ar\\\/colectivos-en-parana-se-presentaron-tres-empresas-en-la-licitacion-con-cambios-en-las-lineas-y-el-servicio-nocturno\\\/#primaryimage\"},\"thumbnailUrl\":\"https:\\\/\\\/informelitoral.com.ar\\\/%77%70%2d%63%6f%6e%74%65%6e%74\\\/uploads\\\/2025\\\/03\\\/md.webp\",\"datePublished\":\"2025-03-26T15:51:33+00:00\",\"dateModified\":\"2025-03-26T23:06:42+00:00\",\"breadcrumb\":{\"@id\":\"https:\\\/\\\/informelitoral.com.ar\\\/colectivos-en-parana-se-presentaron-tres-empresas-en-la-licitacion-con-cambios-en-las-lineas-y-el-servicio-nocturno\\\/#breadcrumb\"},\"inLanguage\":\"es\",\"potentialAction\":[{\"@type\":\"ReadAction\",\"target\":[\"https:\\\/\\\/informelitoral.com.ar\\\/colectivos-en-parana-se-presentaron-tres-empresas-en-la-licitacion-con-cambios-en-las-lineas-y-el-servicio-nocturno\\\/\"]}]},{\"@type\":\"ImageObject\",\"inLanguage\":\"es\",\"@id\":\"https:\\\/\\\/informelitoral.com.ar\\\/colectivos-en-parana-se-presentaron-tres-empresas-en-la-licitacion-con-cambios-en-las-lineas-y-el-servicio-nocturno\\\/#primaryimage\",\"url\":\"https:\\\/\\\/informelitoral.com.ar\\\/%77%70%2d%63%6f%6e%74%65%6e%74\\\/uploads\\\/2025\\\/03\\\/md.webp\",\"contentUrl\":\"https:\\\/\\\/informelitoral.com.ar\\\/%77%70%2d%63%6f%6e%74%65%6e%74\\\/uploads\\\/2025\\\/03\\\/md.webp\",\"width\":992,\"height\":557},{\"@type\":\"BreadcrumbList\",\"@id\":\"https:\\\/\\\/informelitoral.com.ar\\\/colectivos-en-parana-se-presentaron-tres-empresas-en-la-licitacion-con-cambios-en-las-lineas-y-el-servicio-nocturno\\\/#breadcrumb\",\"itemListElement\":[{\"@type\":\"ListItem\",\"position\":1,\"name\":\"Portada\",\"item\":\"https:\\\/\\\/informelitoral.com.ar\\\/\"},{\"@type\":\"ListItem\",\"position\":2,\"name\":\"Colectivos en Paran\u00e1: se presentaron tres empresas en la licitaci\u00f3n, con cambios en las l\u00edneas y el servicio nocturno\"}]},{\"@type\":\"WebSite\",\"@id\":\"https:\\\/\\\/informelitoral.com.ar\\\/#website\",\"url\":\"https:\\\/\\\/informelitoral.com.ar\\\/\",\"name\":\"Informe Litoral\",\"description\":\"&quot;Nos informamos&quot; \",\"publisher\":{\"@id\":\"https:\\\/\\\/informelitoral.com.ar\\\/#organization\"},\"potentialAction\":[{\"@type\":\"SearchAction\",\"target\":{\"@type\":\"EntryPoint\",\"urlTemplate\":\"https:\\\/\\\/informelitoral.com.ar\\\/?s={search_term_string}\"},\"query-input\":{\"@type\":\"PropertyValueSpecification\",\"valueRequired\":true,\"valueName\":\"search_term_string\"}}],\"inLanguage\":\"es\"},{\"@type\":\"Organization\",\"@id\":\"https:\\\/\\\/informelitoral.com.ar\\\/#organization\",\"name\":\"Informe Litoral\",\"url\":\"https:\\\/\\\/informelitoral.com.ar\\\/\",\"logo\":{\"@type\":\"ImageObject\",\"inLanguage\":\"es\",\"@id\":\"https:\\\/\\\/informelitoral.com.ar\\\/#\\\/schema\\\/logo\\\/image\\\/\",\"url\":\"https:\\\/\\\/informelitoral.com.ar\\\/%77%70%2d%63%6f%6e%74%65%6e%74\\\/uploads\\\/2021\\\/01\\\/circulo.png\",\"contentUrl\":\"https:\\\/\\\/informelitoral.com.ar\\\/%77%70%2d%63%6f%6e%74%65%6e%74\\\/uploads\\\/2021\\\/01\\\/circulo.png\",\"width\":723,\"height\":731,\"caption\":\"Informe Litoral\"},\"image\":{\"@id\":\"https:\\\/\\\/informelitoral.com.ar\\\/#\\\/schema\\\/logo\\\/image\\\/\"},\"sameAs\":[\"https:\\\/\\\/www.facebook.com\\\/informelitoral\\\/\",\"https:\\\/\\\/x.com\\\/InformeLitoral\",\"https:\\\/\\\/www.instagram.com\\\/informelitoral\\\/\",\"https:\\\/\\\/www.youtube.com\\\/channel\\\/UCua4Qvz8Icb6MYqhoq9xLXw\"]},{\"@type\":\"Person\",\"@id\":\"https:\\\/\\\/informelitoral.com.ar\\\/#\\\/schema\\\/person\\\/f05f9f461677119578717524b127d6d5\",\"name\":\"Sebastian\",\"image\":{\"@type\":\"ImageObject\",\"inLanguage\":\"es\",\"@id\":\"https:\\\/\\\/secure.gravatar.com\\\/avatar\\\/b71bf7481d447dfb9583c7f2798e7cc64de6efb9067b74633ed8c31059a3bd82?s=96&d=mm&r=g\",\"url\":\"https:\\\/\\\/secure.gravatar.com\\\/avatar\\\/b71bf7481d447dfb9583c7f2798e7cc64de6efb9067b74633ed8c31059a3bd82?s=96&d=mm&r=g\",\"contentUrl\":\"https:\\\/\\\/secure.gravatar.com\\\/avatar\\\/b71bf7481d447dfb9583c7f2798e7cc64de6efb9067b74633ed8c31059a3bd82?s=96&d=mm&r=g\",\"caption\":\"Sebastian\"},\"url\":\"https:\\\/\\\/informelitoral.com.ar\\\/author\\\/sebastian\\\/\"}]}<\/script>","yoast_head_json":{"title":"Colectivos en Paran\u00e1: se presentaron tres empresas en la licitaci\u00f3n, con cambios en las l\u00edneas y el servicio nocturno - Informe Litoral","robots":{"index":"index","follow":"follow","max-snippet":"max-snippet:-1","max-image-preview":"max-image-preview:large","max-video-preview":"max-video-preview:-1"},"canonical":"https:\/\/informelitoral.com.ar\/colectivos-en-parana-se-presentaron-tres-empresas-en-la-licitacion-con-cambios-en-las-lineas-y-el-servicio-nocturno\/","og_locale":"es_ES","og_type":"article","og_title":"Colectivos en Paran\u00e1: se presentaron tres empresas en la licitaci\u00f3n, con cambios en las l\u00edneas y el servicio nocturno - Informe Litoral","og_description":"El mi\u00e9rcoles se realiz\u00f3 la apertura de sobres de licitaci\u00f3n para la concesi\u00f3n del servicio de colectivos urbanos de Paran\u00e1 en la Casa de la Costa.","og_url":"https:\/\/informelitoral.com.ar\/colectivos-en-parana-se-presentaron-tres-empresas-en-la-licitacion-con-cambios-en-las-lineas-y-el-servicio-nocturno\/","og_site_name":"Informe Litoral","article_publisher":"https:\/\/www.facebook.com\/informelitoral\/","article_published_time":"2025-03-26T15:51:33+00:00","article_modified_time":"2025-03-26T23:06:42+00:00","og_image":[{"width":992,"height":557,"url":"https:\/\/informelitoral.com.ar\/%77%70%2d%63%6f%6e%74%65%6e%74\/uploads\/2025\/03\/md.webp","type":"image\/webp"}],"author":"Sebastian","twitter_card":"summary_large_image","twitter_creator":"@InformeLitoral","twitter_site":"@InformeLitoral","twitter_misc":{"Escrito por":"Sebastian","Tiempo de lectura":"2 minutos"},"schema":{"@context":"https:\/\/schema.org","@graph":[{"@type":"Article","@id":"https:\/\/informelitoral.com.ar\/colectivos-en-parana-se-presentaron-tres-empresas-en-la-licitacion-con-cambios-en-las-lineas-y-el-servicio-nocturno\/#article","isPartOf":{"@id":"https:\/\/informelitoral.com.ar\/colectivos-en-parana-se-presentaron-tres-empresas-en-la-licitacion-con-cambios-en-las-lineas-y-el-servicio-nocturno\/"},"author":{"name":"Sebastian","@id":"https:\/\/informelitoral.com.ar\/#\/schema\/person\/f05f9f461677119578717524b127d6d5"},"headline":"Colectivos en Paran\u00e1: se presentaron tres empresas en la licitaci\u00f3n, con cambios en las l\u00edneas y el servicio nocturno","datePublished":"2025-03-26T15:51:33+00:00","dateModified":"2025-03-26T23:06:42+00:00","mainEntityOfPage":{"@id":"https:\/\/informelitoral.com.ar\/colectivos-en-parana-se-presentaron-tres-empresas-en-la-licitacion-con-cambios-en-las-lineas-y-el-servicio-nocturno\/"},"wordCount":438,"commentCount":0,"publisher":{"@id":"https:\/\/informelitoral.com.ar\/#organization"},"image":{"@id":"https:\/\/informelitoral.com.ar\/colectivos-en-parana-se-presentaron-tres-empresas-en-la-licitacion-con-cambios-en-las-lineas-y-el-servicio-nocturno\/#primaryimage"},"thumbnailUrl":"https:\/\/informelitoral.com.ar\/%77%70%2d%63%6f%6e%74%65%6e%74\/uploads\/2025\/03\/md.webp","keywords":["Colectivos","Licitaci\u00f3n","Paran\u00e1"],"articleSection":["Paran\u00e1"],"inLanguage":"es","potentialAction":[{"@type":"CommentAction","name":"Comment","target":["https:\/\/informelitoral.com.ar\/colectivos-en-parana-se-presentaron-tres-empresas-en-la-licitacion-con-cambios-en-las-lineas-y-el-servicio-nocturno\/#respond"]}]},{"@type":"WebPage","@id":"https:\/\/informelitoral.com.ar\/colectivos-en-parana-se-presentaron-tres-empresas-en-la-licitacion-con-cambios-en-las-lineas-y-el-servicio-nocturno\/","url":"https:\/\/informelitoral.com.ar\/colectivos-en-parana-se-presentaron-tres-empresas-en-la-licitacion-con-cambios-en-las-lineas-y-el-servicio-nocturno\/","name":"Colectivos en Paran\u00e1: se presentaron tres empresas en la licitaci\u00f3n, con cambios en las l\u00edneas y el servicio nocturno - Informe Litoral","isPartOf":{"@id":"https:\/\/informelitoral.com.ar\/#website"},"primaryImageOfPage":{"@id":"https:\/\/informelitoral.com.ar\/colectivos-en-parana-se-presentaron-tres-empresas-en-la-licitacion-con-cambios-en-las-lineas-y-el-servicio-nocturno\/#primaryimage"},"image":{"@id":"https:\/\/informelitoral.com.ar\/colectivos-en-parana-se-presentaron-tres-empresas-en-la-licitacion-con-cambios-en-las-lineas-y-el-servicio-nocturno\/#primaryimage"},"thumbnailUrl":"https:\/\/informelitoral.com.ar\/%77%70%2d%63%6f%6e%74%65%6e%74\/uploads\/2025\/03\/md.webp","datePublished":"2025-03-26T15:51:33+00:00","dateModified":"2025-03-26T23:06:42+00:00","breadcrumb":{"@id":"https:\/\/informelitoral.com.ar\/colectivos-en-parana-se-presentaron-tres-empresas-en-la-licitacion-con-cambios-en-las-lineas-y-el-servicio-nocturno\/#breadcrumb"},"inLanguage":"es","potentialAction":[{"@type":"ReadAction","target":["https:\/\/informelitoral.com.ar\/colectivos-en-parana-se-presentaron-tres-empresas-en-la-licitacion-con-cambios-en-las-lineas-y-el-servicio-nocturno\/"]}]},{"@type":"ImageObject","inLanguage":"es","@id":"https:\/\/informelitoral.com.ar\/colectivos-en-parana-se-presentaron-tres-empresas-en-la-licitacion-con-cambios-en-las-lineas-y-el-servicio-nocturno\/#primaryimage","url":"https:\/\/informelitoral.com.ar\/%77%70%2d%63%6f%6e%74%65%6e%74\/uploads\/2025\/03\/md.webp","contentUrl":"https:\/\/informelitoral.com.ar\/%77%70%2d%63%6f%6e%74%65%6e%74\/uploads\/2025\/03\/md.webp","width":992,"height":557},{"@type":"BreadcrumbList","@id":"https:\/\/informelitoral.com.ar\/colectivos-en-parana-se-presentaron-tres-empresas-en-la-licitacion-con-cambios-en-las-lineas-y-el-servicio-nocturno\/#breadcrumb","itemListElement":[{"@type":"ListItem","position":1,"name":"Portada","item":"https:\/\/informelitoral.com.ar\/"},{"@type":"ListItem","position":2,"name":"Colectivos en Paran\u00e1: se presentaron tres empresas en la licitaci\u00f3n, con cambios en las l\u00edneas y el servicio nocturno"}]},{"@type":"WebSite","@id":"https:\/\/informelitoral.com.ar\/#website","url":"https:\/\/informelitoral.com.ar\/","name":"Informe Litoral","description":"&quot;Nos informamos&quot; ","publisher":{"@id":"https:\/\/informelitoral.com.ar\/#organization"},"potentialAction":[{"@type":"SearchAction","target":{"@type":"EntryPoint","urlTemplate":"https:\/\/informelitoral.com.ar\/?s={search_term_string}"},"query-input":{"@type":"PropertyValueSpecification","valueRequired":true,"valueName":"search_term_string"}}],"inLanguage":"es"},{"@type":"Organization","@id":"https:\/\/informelitoral.com.ar\/#organization","name":"Informe Litoral","url":"https:\/\/informelitoral.com.ar\/","logo":{"@type":"ImageObject","inLanguage":"es","@id":"https:\/\/informelitoral.com.ar\/#\/schema\/logo\/image\/","url":"https:\/\/informelitoral.com.ar\/%77%70%2d%63%6f%6e%74%65%6e%74\/uploads\/2021\/01\/circulo.png","contentUrl":"https:\/\/informelitoral.com.ar\/%77%70%2d%63%6f%6e%74%65%6e%74\/uploads\/2021\/01\/circulo.png","width":723,"height":731,"caption":"Informe Litoral"},"image":{"@id":"https:\/\/informelitoral.com.ar\/#\/schema\/logo\/image\/"},"sameAs":["https:\/\/www.facebook.com\/informelitoral\/","https:\/\/x.com\/InformeLitoral","https:\/\/www.instagram.com\/informelitoral\/","https:\/\/www.youtube.com\/channel\/UCua4Qvz8Icb6MYqhoq9xLXw"]},{"@type":"Person","@id":"https:\/\/informelitoral.com.ar\/#\/schema\/person\/f05f9f461677119578717524b127d6d5","name":"Sebastian","image":{"@type":"ImageObject","inLanguage":"es","@id":"https:\/\/secure.gravatar.com\/avatar\/b71bf7481d447dfb9583c7f2798e7cc64de6efb9067b74633ed8c31059a3bd82?s=96&d=mm&r=g","url":"https:\/\/secure.gravatar.com\/avatar\/b71bf7481d447dfb9583c7f2798e7cc64de6efb9067b74633ed8c31059a3bd82?s=96&d=mm&r=g","contentUrl":"https:\/\/secure.gravatar.com\/avatar\/b71bf7481d447dfb9583c7f2798e7cc64de6efb9067b74633ed8c31059a3bd82?s=96&d=mm&r=g","caption":"Sebastian"},"url":"https:\/\/informelitoral.com.ar\/author\/sebastian\/"}]}},"_links":{"self":[{"href":"https:\/\/informelitoral.com.ar\/%77%70%2d%6a%73%6f%6e\/wp\/v2\/posts\/216289","targetHints":{"allow":["GET"]}}],"collection":[{"href":"https:\/\/informelitoral.com.ar\/%77%70%2d%6a%73%6f%6e\/wp\/v2\/posts"}],"about":[{"href":"https:\/\/informelitoral.com.ar\/%77%70%2d%6a%73%6f%6e\/wp\/v2\/types\/post"}],"author":[{"embeddable":true,"href":"https:\/\/informelitoral.com.ar\/%77%70%2d%6a%73%6f%6e\/wp\/v2\/users\/8"}],"replies":[{"embeddable":true,"href":"https:\/\/informelitoral.com.ar\/%77%70%2d%6a%73%6f%6e\/wp\/v2\/comments?post=216289"}],"version-history":[{"count":0,"href":"https:\/\/informelitoral.com.ar\/%77%70%2d%6a%73%6f%6e\/wp\/v2\/posts\/216289\/revisions"}],"wp:featuredmedia":[{"embeddable":true,"href":"https:\/\/informelitoral.com.ar\/%77%70%2d%6a%73%6f%6e\/wp\/v2\/media\/216291"}],"wp:attachment":[{"href":"https:\/\/informelitoral.com.ar\/%77%70%2d%6a%73%6f%6e\/wp\/v2\/media?parent=216289"}],"wp:term":[{"taxonomy":"category","embeddable":true,"href":"https:\/\/informelitoral.com.ar\/%77%70%2d%6a%73%6f%6e\/wp\/v2\/categories?post=216289"},{"taxonomy":"post_tag","embeddable":true,"href":"https:\/\/informelitoral.com.ar\/%77%70%2d%6a%73%6f%6e\/wp\/v2\/tags?post=216289"}],"curies":[{"name":"wp","href":"https:\/\/api.w.org\/{rel}","templated":true}]}}