{"id":216223,"date":"2025-03-26T06:57:59","date_gmt":"2025-03-26T09:57:59","guid":{"rendered":"https:\/\/informelitoral.com.ar\/?p=216223"},"modified":"2025-03-26T06:57:59","modified_gmt":"2025-03-26T09:57:59","slug":"los-casos-de-dengue-se-mantienen-bajos-en-entre-rios","status":"publish","type":"post","link":"https:\/\/informelitoral.com.ar\/los-casos-de-dengue-se-mantienen-bajos-en-entre-rios\/","title":{"rendered":"Los casos de dengue se mantienen bajos en Entre R\u00edos"},"content":{"rendered":"<p>Desde la Sala de Situaci\u00f3n del Ministerio de Salud de Entre R\u00edos se inform\u00f3 que durante la temporada actual se detectaron casos en los departamentos Paran\u00e1 (28 casos confirmados en total y 17 probables), Concordia (3 casos confirmados y 2 probables), La Paz (9 confirmados y 9 probables DEN-1), Nogoy\u00e1 (3 casos confirmados y 2 probables) y Federaci\u00f3n (1 confirmado y 5 probables). Adem\u00e1s, los departamentos Federal, Uruguay y Victoria registran dos casos probables cada uno.<\/p>\n<p>\u00abA esta misma altura del a\u00f1o pasado, diagnostic\u00e1bamos alrededor de 1.600 a 1.700 casos semanales. Y esta semana, que fue la que m\u00e1s casos diagnosticamos en lo que va de 2025, fueron 10. Pero el virus todav\u00eda est\u00e1 circulando y, si bien la situaci\u00f3n es diferente a la del a\u00f1o pasado en cantidad de casos, todav\u00eda hay que seguir trabajando en las acciones de control\u00bb, advirti\u00f3 el director general de Epidemiolog\u00eda, <strong>Diego Garcilazo. \u00a0<\/strong><\/p>\n<p>El referente aclar\u00f3 que esta merma no se puede explicar por una \u00fanica causa: los motivos por los cuales hay menos casos son m\u00faltiples.<\/p>\n<p>A la vez, Garcilazo se\u00f1al\u00f3 que el \u00e9xito de las acciones no est\u00e1 dado tanto por el n\u00famero de casos como por la capacidad de respuesta de los equipos de salud. \u00abLas acciones que venimos llevando adelante en la provincia, especialmente desde el mes de septiembre con el lanzamiento de Misi\u00f3n Dengue, nos han permitido que hoy estemos preparados tanto para atender un pu\u00f1ado de casos como una epidemia\u00bb, destac\u00f3.<\/p>\n<p>Finalmente, se destac\u00f3 que el control del mosquito Aedes aegypti, llevado adelante junto a los municipios, tambi\u00e9n permite evitar los casos de chikungunya, enfermedad que se manifiesta con los mismos s\u00edntomas y tambi\u00e9n es transmitida por este vector.<\/p>\n<h6><em><strong>Del archivo:\u00a0<a href=\"https:\/\/informelitoral.com.ar\/explican-diferencias-entre-el-mosquito-transmisor-del-dengue-y-el-mosquito-silvestre\/\" target=\"_blank\" rel=\"noopener\">Explican diferencias entre el mosquito transmisor del dengue y el mosquito silvestre<\/a><\/strong><\/em><\/h6>\n<h6><em><strong><a href=\"https:\/\/informelitoral.com.ar\/dengue-claudia-enrique-aseguro-que-es-fundamental-que-revisen-sus-casas\/\" target=\"_blank\" rel=\"noopener\">Dengue: Claudia Enrique asegur\u00f3 que \u00abes fundamental que revisen sus casas\u00bb<\/a><\/strong><\/em><\/h6>\n","protected":false},"excerpt":{"rendered":"<p>El Ministerio de Salud de Entre R\u00edos, a trav\u00e9s de la Direcci\u00f3n General de Epidemiolog\u00eda, confirm\u00f3 10 casos de dengue en la semana epidemiol\u00f3gica 11 del a\u00f1o, del 9 al 15 de marzo. En total, desde el 1 de agosto de 2024 a la fecha, se han confirmado 44 casos. <\/p>\n","protected":false},"author":2,"featured_media":189026,"comment_status":"open","ping_status":"open","sticky":false,"template":"","format":"standard","meta":{"fifu_image_url":"","fifu_image_alt":"","footnotes":""},"categories":[6,1595],"tags":[242,81,2244,82],"class_list":{"0":"post-216223","1":"post","2":"type-post","3":"status-publish","4":"format-standard","5":"has-post-thumbnail","7":"category-entre-rios","8":"category-salud","9":"tag-dengue","10":"tag-entre-rios","11":"tag-mosquitos","12":"tag-salud"},"yoast_head":"<title>Los casos de dengue se mantienen bajos en Entre R\u00edos - Informe Litoral<\/title>\n<meta name=\"robots\" content=\"index, follow, max-snippet:-1, max-image-preview:large, max-video-preview:-1\" \/>\n<link rel=\"canonical\" href=\"https:\/\/informelitoral.com.ar\/los-casos-de-dengue-se-mantienen-bajos-en-entre-rios\/\" \/>\n<meta property=\"og:locale\" content=\"es_ES\" \/>\n<meta property=\"og:type\" content=\"article\" \/>\n<meta property=\"og:title\" content=\"Los casos de dengue se mantienen bajos en Entre R\u00edos - Informe Litoral\" \/>\n<meta property=\"og:description\" content=\"El Ministerio de Salud de Entre R\u00edos, a trav\u00e9s de la Direcci\u00f3n General de Epidemiolog\u00eda, confirm\u00f3 10 casos de dengue en la semana epidemiol\u00f3gica 11 del a\u00f1o, del 9 al 15 de marzo. En total, desde el 1 de agosto de 2024 a la fecha, se han confirmado 44 casos.\" \/>\n<meta property=\"og:url\" content=\"https:\/\/informelitoral.com.ar\/los-casos-de-dengue-se-mantienen-bajos-en-entre-rios\/\" \/>\n<meta property=\"og:site_name\" content=\"Informe Litoral\" \/>\n<meta property=\"article:publisher\" content=\"https:\/\/www.facebook.com\/informelitoral\/\" \/>\n<meta property=\"article:published_time\" content=\"2025-03-26T09:57:59+00:00\" \/>\n<meta property=\"og:image\" content=\"https:\/\/informelitoral.com.ar\/%77%70%2d%63%6f%6e%74%65%6e%74\/uploads\/2024\/06\/dengue-mosquitos-descacharrizacion.jpg\" \/>\n\t<meta property=\"og:image:width\" content=\"1920\" \/>\n\t<meta property=\"og:image:height\" content=\"1280\" \/>\n\t<meta property=\"og:image:type\" content=\"image\/jpeg\" \/>\n<meta name=\"author\" content=\"Gonzalo Schmidt\" \/>\n<meta name=\"twitter:card\" content=\"summary_large_image\" \/>\n<meta name=\"twitter:creator\" content=\"@InformeLitoral\" \/>\n<meta name=\"twitter:site\" content=\"@InformeLitoral\" \/>\n<meta name=\"twitter:label1\" content=\"Escrito por\" \/>\n\t<meta name=\"twitter:data1\" content=\"Gonzalo Schmidt\" \/>\n\t<meta name=\"twitter:label2\" content=\"Tiempo de lectura\" \/>\n\t<meta name=\"twitter:data2\" content=\"2 minutos\" \/>\n<script type=\"application\/ld+json\" class=\"yoast-schema-graph\">{\"@context\":\"https:\\\/\\\/schema.org\",\"@graph\":[{\"@type\":\"Article\",\"@id\":\"https:\\\/\\\/informelitoral.com.ar\\\/los-casos-de-dengue-se-mantienen-bajos-en-entre-rios\\\/#article\",\"isPartOf\":{\"@id\":\"https:\\\/\\\/informelitoral.com.ar\\\/los-casos-de-dengue-se-mantienen-bajos-en-entre-rios\\\/\"},\"author\":{\"name\":\"Gonzalo Schmidt\",\"@id\":\"https:\\\/\\\/informelitoral.com.ar\\\/#\\\/schema\\\/person\\\/b9d00407c836482871ef1d57bf8e3180\"},\"headline\":\"Los casos de dengue se mantienen bajos en Entre R\u00edos\",\"datePublished\":\"2025-03-26T09:57:59+00:00\",\"mainEntityOfPage\":{\"@id\":\"https:\\\/\\\/informelitoral.com.ar\\\/los-casos-de-dengue-se-mantienen-bajos-en-entre-rios\\\/\"},\"wordCount\":323,\"commentCount\":0,\"publisher\":{\"@id\":\"https:\\\/\\\/informelitoral.com.ar\\\/#organization\"},\"image\":{\"@id\":\"https:\\\/\\\/informelitoral.com.ar\\\/los-casos-de-dengue-se-mantienen-bajos-en-entre-rios\\\/#primaryimage\"},\"thumbnailUrl\":\"https:\\\/\\\/informelitoral.com.ar\\\/%77%70%2d%63%6f%6e%74%65%6e%74\\\/uploads\\\/2024\\\/06\\\/dengue-mosquitos-descacharrizacion.jpg\",\"keywords\":[\"Dengue\",\"Entre R\u00edos\",\"Mosquitos\",\"Salud\"],\"articleSection\":[\"Entre R\u00edos\",\"Salud\"],\"inLanguage\":\"es\",\"potentialAction\":[{\"@type\":\"CommentAction\",\"name\":\"Comment\",\"target\":[\"https:\\\/\\\/informelitoral.com.ar\\\/los-casos-de-dengue-se-mantienen-bajos-en-entre-rios\\\/#respond\"]}]},{\"@type\":\"WebPage\",\"@id\":\"https:\\\/\\\/informelitoral.com.ar\\\/los-casos-de-dengue-se-mantienen-bajos-en-entre-rios\\\/\",\"url\":\"https:\\\/\\\/informelitoral.com.ar\\\/los-casos-de-dengue-se-mantienen-bajos-en-entre-rios\\\/\",\"name\":\"Los casos de dengue se mantienen bajos en Entre R\u00edos - Informe Litoral\",\"isPartOf\":{\"@id\":\"https:\\\/\\\/informelitoral.com.ar\\\/#website\"},\"primaryImageOfPage\":{\"@id\":\"https:\\\/\\\/informelitoral.com.ar\\\/los-casos-de-dengue-se-mantienen-bajos-en-entre-rios\\\/#primaryimage\"},\"image\":{\"@id\":\"https:\\\/\\\/informelitoral.com.ar\\\/los-casos-de-dengue-se-mantienen-bajos-en-entre-rios\\\/#primaryimage\"},\"thumbnailUrl\":\"https:\\\/\\\/informelitoral.com.ar\\\/%77%70%2d%63%6f%6e%74%65%6e%74\\\/uploads\\\/2024\\\/06\\\/dengue-mosquitos-descacharrizacion.jpg\",\"datePublished\":\"2025-03-26T09:57:59+00:00\",\"breadcrumb\":{\"@id\":\"https:\\\/\\\/informelitoral.com.ar\\\/los-casos-de-dengue-se-mantienen-bajos-en-entre-rios\\\/#breadcrumb\"},\"inLanguage\":\"es\",\"potentialAction\":[{\"@type\":\"ReadAction\",\"target\":[\"https:\\\/\\\/informelitoral.com.ar\\\/los-casos-de-dengue-se-mantienen-bajos-en-entre-rios\\\/\"]}]},{\"@type\":\"ImageObject\",\"inLanguage\":\"es\",\"@id\":\"https:\\\/\\\/informelitoral.com.ar\\\/los-casos-de-dengue-se-mantienen-bajos-en-entre-rios\\\/#primaryimage\",\"url\":\"https:\\\/\\\/informelitoral.com.ar\\\/%77%70%2d%63%6f%6e%74%65%6e%74\\\/uploads\\\/2024\\\/06\\\/dengue-mosquitos-descacharrizacion.jpg\",\"contentUrl\":\"https:\\\/\\\/informelitoral.com.ar\\\/%77%70%2d%63%6f%6e%74%65%6e%74\\\/uploads\\\/2024\\\/06\\\/dengue-mosquitos-descacharrizacion.jpg\",\"width\":1920,\"height\":1280},{\"@type\":\"BreadcrumbList\",\"@id\":\"https:\\\/\\\/informelitoral.com.ar\\\/los-casos-de-dengue-se-mantienen-bajos-en-entre-rios\\\/#breadcrumb\",\"itemListElement\":[{\"@type\":\"ListItem\",\"position\":1,\"name\":\"Portada\",\"item\":\"https:\\\/\\\/informelitoral.com.ar\\\/\"},{\"@type\":\"ListItem\",\"position\":2,\"name\":\"Los casos de dengue se mantienen bajos en Entre R\u00edos\"}]},{\"@type\":\"WebSite\",\"@id\":\"https:\\\/\\\/informelitoral.com.ar\\\/#website\",\"url\":\"https:\\\/\\\/informelitoral.com.ar\\\/\",\"name\":\"Informe Litoral\",\"description\":\"&quot;Nos informamos&quot; \",\"publisher\":{\"@id\":\"https:\\\/\\\/informelitoral.com.ar\\\/#organization\"},\"potentialAction\":[{\"@type\":\"SearchAction\",\"target\":{\"@type\":\"EntryPoint\",\"urlTemplate\":\"https:\\\/\\\/informelitoral.com.ar\\\/?s={search_term_string}\"},\"query-input\":{\"@type\":\"PropertyValueSpecification\",\"valueRequired\":true,\"valueName\":\"search_term_string\"}}],\"inLanguage\":\"es\"},{\"@type\":\"Organization\",\"@id\":\"https:\\\/\\\/informelitoral.com.ar\\\/#organization\",\"name\":\"Informe Litoral\",\"url\":\"https:\\\/\\\/informelitoral.com.ar\\\/\",\"logo\":{\"@type\":\"ImageObject\",\"inLanguage\":\"es\",\"@id\":\"https:\\\/\\\/informelitoral.com.ar\\\/#\\\/schema\\\/logo\\\/image\\\/\",\"url\":\"https:\\\/\\\/informelitoral.com.ar\\\/%77%70%2d%63%6f%6e%74%65%6e%74\\\/uploads\\\/2021\\\/01\\\/circulo.png\",\"contentUrl\":\"https:\\\/\\\/informelitoral.com.ar\\\/%77%70%2d%63%6f%6e%74%65%6e%74\\\/uploads\\\/2021\\\/01\\\/circulo.png\",\"width\":723,\"height\":731,\"caption\":\"Informe Litoral\"},\"image\":{\"@id\":\"https:\\\/\\\/informelitoral.com.ar\\\/#\\\/schema\\\/logo\\\/image\\\/\"},\"sameAs\":[\"https:\\\/\\\/www.facebook.com\\\/informelitoral\\\/\",\"https:\\\/\\\/x.com\\\/InformeLitoral\",\"https:\\\/\\\/www.instagram.com\\\/informelitoral\\\/\",\"https:\\\/\\\/www.youtube.com\\\/channel\\\/UCua4Qvz8Icb6MYqhoq9xLXw\"]},{\"@type\":\"Person\",\"@id\":\"https:\\\/\\\/informelitoral.com.ar\\\/#\\\/schema\\\/person\\\/b9d00407c836482871ef1d57bf8e3180\",\"name\":\"Gonzalo Schmidt\",\"image\":{\"@type\":\"ImageObject\",\"inLanguage\":\"es\",\"@id\":\"https:\\\/\\\/secure.gravatar.com\\\/avatar\\\/31a1a7b66ff2de83bd0e9fd79d026630d2d99e55e8bfe501287647b4fd9743de?s=96&d=mm&r=g\",\"url\":\"https:\\\/\\\/secure.gravatar.com\\\/avatar\\\/31a1a7b66ff2de83bd0e9fd79d026630d2d99e55e8bfe501287647b4fd9743de?s=96&d=mm&r=g\",\"contentUrl\":\"https:\\\/\\\/secure.gravatar.com\\\/avatar\\\/31a1a7b66ff2de83bd0e9fd79d026630d2d99e55e8bfe501287647b4fd9743de?s=96&d=mm&r=g\",\"caption\":\"Gonzalo Schmidt\"},\"description\":\"Sitio web de noticias de la provincia de Entre R\u00edos, Argentina. Informaci\u00f3n y entretenimiento. Informe Litoral, nos informamos.\",\"sameAs\":[\"http:\\\/\\\/www.isletasnoticias.com.ar\"],\"url\":\"https:\\\/\\\/informelitoral.com.ar\\\/author\\\/gonzalo\\\/\"}]}<\/script>","yoast_head_json":{"title":"Los casos de dengue se mantienen bajos en Entre R\u00edos - Informe Litoral","robots":{"index":"index","follow":"follow","max-snippet":"max-snippet:-1","max-image-preview":"max-image-preview:large","max-video-preview":"max-video-preview:-1"},"canonical":"https:\/\/informelitoral.com.ar\/los-casos-de-dengue-se-mantienen-bajos-en-entre-rios\/","og_locale":"es_ES","og_type":"article","og_title":"Los casos de dengue se mantienen bajos en Entre R\u00edos - Informe Litoral","og_description":"El Ministerio de Salud de Entre R\u00edos, a trav\u00e9s de la Direcci\u00f3n General de Epidemiolog\u00eda, confirm\u00f3 10 casos de dengue en la semana epidemiol\u00f3gica 11 del a\u00f1o, del 9 al 15 de marzo. En total, desde el 1 de agosto de 2024 a la fecha, se han confirmado 44 casos.","og_url":"https:\/\/informelitoral.com.ar\/los-casos-de-dengue-se-mantienen-bajos-en-entre-rios\/","og_site_name":"Informe Litoral","article_publisher":"https:\/\/www.facebook.com\/informelitoral\/","article_published_time":"2025-03-26T09:57:59+00:00","og_image":[{"width":1920,"height":1280,"url":"https:\/\/informelitoral.com.ar\/%77%70%2d%63%6f%6e%74%65%6e%74\/uploads\/2024\/06\/dengue-mosquitos-descacharrizacion.jpg","type":"image\/jpeg"}],"author":"Gonzalo Schmidt","twitter_card":"summary_large_image","twitter_creator":"@InformeLitoral","twitter_site":"@InformeLitoral","twitter_misc":{"Escrito por":"Gonzalo Schmidt","Tiempo de lectura":"2 minutos"},"schema":{"@context":"https:\/\/schema.org","@graph":[{"@type":"Article","@id":"https:\/\/informelitoral.com.ar\/los-casos-de-dengue-se-mantienen-bajos-en-entre-rios\/#article","isPartOf":{"@id":"https:\/\/informelitoral.com.ar\/los-casos-de-dengue-se-mantienen-bajos-en-entre-rios\/"},"author":{"name":"Gonzalo Schmidt","@id":"https:\/\/informelitoral.com.ar\/#\/schema\/person\/b9d00407c836482871ef1d57bf8e3180"},"headline":"Los casos de dengue se mantienen bajos en Entre R\u00edos","datePublished":"2025-03-26T09:57:59+00:00","mainEntityOfPage":{"@id":"https:\/\/informelitoral.com.ar\/los-casos-de-dengue-se-mantienen-bajos-en-entre-rios\/"},"wordCount":323,"commentCount":0,"publisher":{"@id":"https:\/\/informelitoral.com.ar\/#organization"},"image":{"@id":"https:\/\/informelitoral.com.ar\/los-casos-de-dengue-se-mantienen-bajos-en-entre-rios\/#primaryimage"},"thumbnailUrl":"https:\/\/informelitoral.com.ar\/%77%70%2d%63%6f%6e%74%65%6e%74\/uploads\/2024\/06\/dengue-mosquitos-descacharrizacion.jpg","keywords":["Dengue","Entre R\u00edos","Mosquitos","Salud"],"articleSection":["Entre R\u00edos","Salud"],"inLanguage":"es","potentialAction":[{"@type":"CommentAction","name":"Comment","target":["https:\/\/informelitoral.com.ar\/los-casos-de-dengue-se-mantienen-bajos-en-entre-rios\/#respond"]}]},{"@type":"WebPage","@id":"https:\/\/informelitoral.com.ar\/los-casos-de-dengue-se-mantienen-bajos-en-entre-rios\/","url":"https:\/\/informelitoral.com.ar\/los-casos-de-dengue-se-mantienen-bajos-en-entre-rios\/","name":"Los casos de dengue se mantienen bajos en Entre R\u00edos - Informe Litoral","isPartOf":{"@id":"https:\/\/informelitoral.com.ar\/#website"},"primaryImageOfPage":{"@id":"https:\/\/informelitoral.com.ar\/los-casos-de-dengue-se-mantienen-bajos-en-entre-rios\/#primaryimage"},"image":{"@id":"https:\/\/informelitoral.com.ar\/los-casos-de-dengue-se-mantienen-bajos-en-entre-rios\/#primaryimage"},"thumbnailUrl":"https:\/\/informelitoral.com.ar\/%77%70%2d%63%6f%6e%74%65%6e%74\/uploads\/2024\/06\/dengue-mosquitos-descacharrizacion.jpg","datePublished":"2025-03-26T09:57:59+00:00","breadcrumb":{"@id":"https:\/\/informelitoral.com.ar\/los-casos-de-dengue-se-mantienen-bajos-en-entre-rios\/#breadcrumb"},"inLanguage":"es","potentialAction":[{"@type":"ReadAction","target":["https:\/\/informelitoral.com.ar\/los-casos-de-dengue-se-mantienen-bajos-en-entre-rios\/"]}]},{"@type":"ImageObject","inLanguage":"es","@id":"https:\/\/informelitoral.com.ar\/los-casos-de-dengue-se-mantienen-bajos-en-entre-rios\/#primaryimage","url":"https:\/\/informelitoral.com.ar\/%77%70%2d%63%6f%6e%74%65%6e%74\/uploads\/2024\/06\/dengue-mosquitos-descacharrizacion.jpg","contentUrl":"https:\/\/informelitoral.com.ar\/%77%70%2d%63%6f%6e%74%65%6e%74\/uploads\/2024\/06\/dengue-mosquitos-descacharrizacion.jpg","width":1920,"height":1280},{"@type":"BreadcrumbList","@id":"https:\/\/informelitoral.com.ar\/los-casos-de-dengue-se-mantienen-bajos-en-entre-rios\/#breadcrumb","itemListElement":[{"@type":"ListItem","position":1,"name":"Portada","item":"https:\/\/informelitoral.com.ar\/"},{"@type":"ListItem","position":2,"name":"Los casos de dengue se mantienen bajos en Entre R\u00edos"}]},{"@type":"WebSite","@id":"https:\/\/informelitoral.com.ar\/#website","url":"https:\/\/informelitoral.com.ar\/","name":"Informe Litoral","description":"&quot;Nos informamos&quot; ","publisher":{"@id":"https:\/\/informelitoral.com.ar\/#organization"},"potentialAction":[{"@type":"SearchAction","target":{"@type":"EntryPoint","urlTemplate":"https:\/\/informelitoral.com.ar\/?s={search_term_string}"},"query-input":{"@type":"PropertyValueSpecification","valueRequired":true,"valueName":"search_term_string"}}],"inLanguage":"es"},{"@type":"Organization","@id":"https:\/\/informelitoral.com.ar\/#organization","name":"Informe Litoral","url":"https:\/\/informelitoral.com.ar\/","logo":{"@type":"ImageObject","inLanguage":"es","@id":"https:\/\/informelitoral.com.ar\/#\/schema\/logo\/image\/","url":"https:\/\/informelitoral.com.ar\/%77%70%2d%63%6f%6e%74%65%6e%74\/uploads\/2021\/01\/circulo.png","contentUrl":"https:\/\/informelitoral.com.ar\/%77%70%2d%63%6f%6e%74%65%6e%74\/uploads\/2021\/01\/circulo.png","width":723,"height":731,"caption":"Informe Litoral"},"image":{"@id":"https:\/\/informelitoral.com.ar\/#\/schema\/logo\/image\/"},"sameAs":["https:\/\/www.facebook.com\/informelitoral\/","https:\/\/x.com\/InformeLitoral","https:\/\/www.instagram.com\/informelitoral\/","https:\/\/www.youtube.com\/channel\/UCua4Qvz8Icb6MYqhoq9xLXw"]},{"@type":"Person","@id":"https:\/\/informelitoral.com.ar\/#\/schema\/person\/b9d00407c836482871ef1d57bf8e3180","name":"Gonzalo Schmidt","image":{"@type":"ImageObject","inLanguage":"es","@id":"https:\/\/secure.gravatar.com\/avatar\/31a1a7b66ff2de83bd0e9fd79d026630d2d99e55e8bfe501287647b4fd9743de?s=96&d=mm&r=g","url":"https:\/\/secure.gravatar.com\/avatar\/31a1a7b66ff2de83bd0e9fd79d026630d2d99e55e8bfe501287647b4fd9743de?s=96&d=mm&r=g","contentUrl":"https:\/\/secure.gravatar.com\/avatar\/31a1a7b66ff2de83bd0e9fd79d026630d2d99e55e8bfe501287647b4fd9743de?s=96&d=mm&r=g","caption":"Gonzalo Schmidt"},"description":"Sitio web de noticias de la provincia de Entre R\u00edos, Argentina. Informaci\u00f3n y entretenimiento. Informe Litoral, nos informamos.","sameAs":["http:\/\/www.isletasnoticias.com.ar"],"url":"https:\/\/informelitoral.com.ar\/author\/gonzalo\/"}]}},"_links":{"self":[{"href":"https:\/\/informelitoral.com.ar\/%77%70%2d%6a%73%6f%6e\/wp\/v2\/posts\/216223","targetHints":{"allow":["GET"]}}],"collection":[{"href":"https:\/\/informelitoral.com.ar\/%77%70%2d%6a%73%6f%6e\/wp\/v2\/posts"}],"about":[{"href":"https:\/\/informelitoral.com.ar\/%77%70%2d%6a%73%6f%6e\/wp\/v2\/types\/post"}],"author":[{"embeddable":true,"href":"https:\/\/informelitoral.com.ar\/%77%70%2d%6a%73%6f%6e\/wp\/v2\/users\/2"}],"replies":[{"embeddable":true,"href":"https:\/\/informelitoral.com.ar\/%77%70%2d%6a%73%6f%6e\/wp\/v2\/comments?post=216223"}],"version-history":[{"count":0,"href":"https:\/\/informelitoral.com.ar\/%77%70%2d%6a%73%6f%6e\/wp\/v2\/posts\/216223\/revisions"}],"wp:featuredmedia":[{"embeddable":true,"href":"https:\/\/informelitoral.com.ar\/%77%70%2d%6a%73%6f%6e\/wp\/v2\/media\/189026"}],"wp:attachment":[{"href":"https:\/\/informelitoral.com.ar\/%77%70%2d%6a%73%6f%6e\/wp\/v2\/media?parent=216223"}],"wp:term":[{"taxonomy":"category","embeddable":true,"href":"https:\/\/informelitoral.com.ar\/%77%70%2d%6a%73%6f%6e\/wp\/v2\/categories?post=216223"},{"taxonomy":"post_tag","embeddable":true,"href":"https:\/\/informelitoral.com.ar\/%77%70%2d%6a%73%6f%6e\/wp\/v2\/tags?post=216223"}],"curies":[{"name":"wp","href":"https:\/\/api.w.org\/{rel}","templated":true}]}}