{"id":216217,"date":"2025-03-26T06:45:57","date_gmt":"2025-03-26T09:45:57","guid":{"rendered":"https:\/\/informelitoral.com.ar\/?p=216217"},"modified":"2025-03-25T21:49:19","modified_gmt":"2025-03-26T00:49:19","slug":"remarcan-la-importancia-de-las-medidas-a-implementar-en-el-basural-de-san-jose","status":"publish","type":"post","link":"https:\/\/informelitoral.com.ar\/remarcan-la-importancia-de-las-medidas-a-implementar-en-el-basural-de-san-jose\/","title":{"rendered":"Remarcan la importancia de las medidas a implementar en el basural de San Jos\u00e9"},"content":{"rendered":"<p><strong>Mar\u00eda Silvina Patterer, perito qu\u00edmica y ambiental, dialog\u00f3 con <\/strong><em>Radio Diputados<\/em><strong> luego de su intervenci\u00f3n en la comisi\u00f3n de Recursos Naturales en que se abord\u00f3 la situaci\u00f3n del basural de San Jos\u00e9. <\/strong><\/p>\n<p>En aquella reuni\u00f3n se trat\u00f3 un proyecto de resoluci\u00f3n presentado por Juan Manuel Rossi, quien preside la comisi\u00f3n, por el cual se prev\u00e9 solicitar al municipio de San Jos\u00e9, departamento Col\u00f3n, que informe sobre su plan de gesti\u00f3n de residuos s\u00f3lidos urbanos y las medidas adoptadas respecto al basural a cielo abierto denominado Complejo Ambiental San Jos\u00e9. Adem\u00e1s, se propone expresar preocupaci\u00f3n ante los resultados del informe pericial realizado por la doctora en Ingenier\u00eda Qu\u00edmica Mar\u00eda Silvina Patterer, el cual evidencia altos niveles de contaminaci\u00f3n en agua, suelos y aire, as\u00ed como la presencia de residuos peligrosos en el mencionado basural.<\/p>\n<p>\u201cLa situaci\u00f3n en principio fue bastante compleja en enero, cuando se evidenciaron algunos focos \u00edgneos, al punto que la ONG Arroyo Perucho Salvaje inici\u00f3 una acci\u00f3n de amparo ambiental para que el municipio tomara medidas: apagar los focos y evitar que se siguieran propagando y que esa situaci\u00f3n no se repita a futuro\u201d, coment\u00f3 Patterer.<\/p>\n<p>Al hacerse lugar a esa acci\u00f3n de amparo, la entrevistada fue convocada como perito ambiental. \u201cLa situaci\u00f3n fue peor de la que yo esperaba, en el sentido de que hubo presencia de sustancias peligrosas y de otro tipo que no son compatibles con los residuos domiciliarios\u201d, dijo sobre lo que encontr\u00f3 y volc\u00f3 en su informe.<\/p>\n<p>El 15 de marzo se emiti\u00f3 la sentencia, ordenando la inmediata implementaci\u00f3n de las medidas pedidas por la perito. Las de corto plazo fueron instrumentadas, por lo cual no hay presencia de focos \u00edgneos ni humeantes. \u201cA mediano plazo, se ordenaron medidas de bastante sentido com\u00fan, en el sentido de separar residuos que son combustibles de los que no lo son, hacer cortafuegos, la presencia de personal de bomberos, entre otras\u201d, dijo.<\/p>\n<p>A su vez, indic\u00f3 que los vecinos cercanos sufrieron consecuencias del humo en su salud, al tiempo que los l\u00edquidos que se desprenden de la basura \u00abdirecamente impactaron en el ambiente, desaguando en el arroyo Perucho\u00bb.<\/p>\n<h2><strong>Escuch\u00e1 la entrevista completa:<\/strong><\/h2>\n<p><iframe title=\"Spotify Embed: Remarcan la importancia de las medidas a implementar en el basural de San Jos\u00e9\" style=\"border-radius: 12px\" width=\"100%\" height=\"152\" frameborder=\"0\" allowfullscreen allow=\"autoplay; clipboard-write; encrypted-media; fullscreen; picture-in-picture\" loading=\"lazy\" src=\"https:\/\/open.spotify.com\/embed\/episode\/0xPqaU8tkpvcE2RvfcrM44?go=1&#038;sp_cid=ef9e9c01f36e22329d11fe41c42a7082&#038;utm_source=oembed&#038;utm_medium=desktop\"><\/iframe><\/p>\n<h6><em><strong>Del archivo:\u00a0<a href=\"https:\/\/informelitoral.com.ar\/enrique-rios-no-recibimos-ningun-acompanamiento-del-gobierno-nacional-y-muy-escaso-de-la-provincia\/\" target=\"_blank\" rel=\"noopener\">Enrique R\u00edos: \u00abNo recibimos ning\u00fan acompa\u00f1amiento del Gobierno nacional y muy escaso de la Provincia\u00bb<\/a><\/strong><\/em><\/h6>\n","protected":false},"excerpt":{"rendered":"<p>Mar\u00eda Silvina Patterer, perito qu\u00edmica y ambiental, destac\u00f3 que se tomaron medidas de corto plazo para evitar los incendios en el lugar, pero se deben adoptar otras de mediano plazo.<\/p>\n","protected":false},"author":2,"featured_media":216218,"comment_status":"open","ping_status":"open","sticky":false,"template":"","format":"standard","meta":{"fifu_image_url":"","fifu_image_alt":"","footnotes":""},"categories":[16],"tags":[3627,287,1146],"class_list":{"0":"post-216217","1":"post","2":"type-post","3":"status-publish","4":"format-standard","5":"has-post-thumbnail","7":"category-politi","8":"tag-camara-de-diputados","9":"tag-legislativas","10":"tag-san-jose"},"yoast_head":"<title>Remarcan la importancia de las medidas a implementar en el basural de San Jos\u00e9 - Informe Litoral<\/title>\n<meta name=\"robots\" content=\"index, follow, max-snippet:-1, max-image-preview:large, max-video-preview:-1\" \/>\n<link rel=\"canonical\" href=\"https:\/\/informelitoral.com.ar\/remarcan-la-importancia-de-las-medidas-a-implementar-en-el-basural-de-san-jose\/\" \/>\n<meta property=\"og:locale\" content=\"es_ES\" \/>\n<meta property=\"og:type\" content=\"article\" \/>\n<meta property=\"og:title\" content=\"Remarcan la importancia de las medidas a implementar en el basural de San Jos\u00e9 - Informe Litoral\" \/>\n<meta property=\"og:description\" content=\"Mar\u00eda Silvina Patterer, perito qu\u00edmica y ambiental, destac\u00f3 que se tomaron medidas de corto plazo para evitar los incendios en el lugar, pero se deben adoptar otras de mediano plazo.\" \/>\n<meta property=\"og:url\" content=\"https:\/\/informelitoral.com.ar\/remarcan-la-importancia-de-las-medidas-a-implementar-en-el-basural-de-san-jose\/\" \/>\n<meta property=\"og:site_name\" content=\"Informe Litoral\" \/>\n<meta property=\"article:publisher\" content=\"https:\/\/www.facebook.com\/informelitoral\/\" \/>\n<meta property=\"article:published_time\" content=\"2025-03-26T09:45:57+00:00\" \/>\n<meta property=\"og:image\" content=\"https:\/\/informelitoral.com.ar\/%77%70%2d%63%6f%6e%74%65%6e%74\/uploads\/2025\/03\/patterer.jpg\" \/>\n\t<meta property=\"og:image:width\" content=\"800\" \/>\n\t<meta property=\"og:image:height\" content=\"533\" \/>\n\t<meta property=\"og:image:type\" content=\"image\/jpeg\" \/>\n<meta name=\"author\" content=\"Gonzalo Schmidt\" \/>\n<meta name=\"twitter:card\" content=\"summary_large_image\" \/>\n<meta name=\"twitter:creator\" content=\"@InformeLitoral\" \/>\n<meta name=\"twitter:site\" content=\"@InformeLitoral\" \/>\n<meta name=\"twitter:label1\" content=\"Escrito por\" \/>\n\t<meta name=\"twitter:data1\" content=\"Gonzalo Schmidt\" \/>\n\t<meta name=\"twitter:label2\" content=\"Tiempo de lectura\" \/>\n\t<meta name=\"twitter:data2\" content=\"2 minutos\" \/>\n<script type=\"application\/ld+json\" class=\"yoast-schema-graph\">{\"@context\":\"https:\\\/\\\/schema.org\",\"@graph\":[{\"@type\":\"Article\",\"@id\":\"https:\\\/\\\/informelitoral.com.ar\\\/remarcan-la-importancia-de-las-medidas-a-implementar-en-el-basural-de-san-jose\\\/#article\",\"isPartOf\":{\"@id\":\"https:\\\/\\\/informelitoral.com.ar\\\/remarcan-la-importancia-de-las-medidas-a-implementar-en-el-basural-de-san-jose\\\/\"},\"author\":{\"name\":\"Gonzalo Schmidt\",\"@id\":\"https:\\\/\\\/informelitoral.com.ar\\\/#\\\/schema\\\/person\\\/b9d00407c836482871ef1d57bf8e3180\"},\"headline\":\"Remarcan la importancia de las medidas a implementar en el basural de San Jos\u00e9\",\"datePublished\":\"2025-03-26T09:45:57+00:00\",\"mainEntityOfPage\":{\"@id\":\"https:\\\/\\\/informelitoral.com.ar\\\/remarcan-la-importancia-de-las-medidas-a-implementar-en-el-basural-de-san-jose\\\/\"},\"wordCount\":445,\"commentCount\":0,\"publisher\":{\"@id\":\"https:\\\/\\\/informelitoral.com.ar\\\/#organization\"},\"image\":{\"@id\":\"https:\\\/\\\/informelitoral.com.ar\\\/remarcan-la-importancia-de-las-medidas-a-implementar-en-el-basural-de-san-jose\\\/#primaryimage\"},\"thumbnailUrl\":\"https:\\\/\\\/informelitoral.com.ar\\\/%77%70%2d%63%6f%6e%74%65%6e%74\\\/uploads\\\/2025\\\/03\\\/patterer.jpg\",\"keywords\":[\"C\u00e1mara de Diputados\",\"Legislativas\",\"San Jos\u00e9\"],\"articleSection\":[\"Politica\"],\"inLanguage\":\"es\",\"potentialAction\":[{\"@type\":\"CommentAction\",\"name\":\"Comment\",\"target\":[\"https:\\\/\\\/informelitoral.com.ar\\\/remarcan-la-importancia-de-las-medidas-a-implementar-en-el-basural-de-san-jose\\\/#respond\"]}]},{\"@type\":\"WebPage\",\"@id\":\"https:\\\/\\\/informelitoral.com.ar\\\/remarcan-la-importancia-de-las-medidas-a-implementar-en-el-basural-de-san-jose\\\/\",\"url\":\"https:\\\/\\\/informelitoral.com.ar\\\/remarcan-la-importancia-de-las-medidas-a-implementar-en-el-basural-de-san-jose\\\/\",\"name\":\"Remarcan la importancia de las medidas a implementar en el basural de San Jos\u00e9 - Informe Litoral\",\"isPartOf\":{\"@id\":\"https:\\\/\\\/informelitoral.com.ar\\\/#website\"},\"primaryImageOfPage\":{\"@id\":\"https:\\\/\\\/informelitoral.com.ar\\\/remarcan-la-importancia-de-las-medidas-a-implementar-en-el-basural-de-san-jose\\\/#primaryimage\"},\"image\":{\"@id\":\"https:\\\/\\\/informelitoral.com.ar\\\/remarcan-la-importancia-de-las-medidas-a-implementar-en-el-basural-de-san-jose\\\/#primaryimage\"},\"thumbnailUrl\":\"https:\\\/\\\/informelitoral.com.ar\\\/%77%70%2d%63%6f%6e%74%65%6e%74\\\/uploads\\\/2025\\\/03\\\/patterer.jpg\",\"datePublished\":\"2025-03-26T09:45:57+00:00\",\"breadcrumb\":{\"@id\":\"https:\\\/\\\/informelitoral.com.ar\\\/remarcan-la-importancia-de-las-medidas-a-implementar-en-el-basural-de-san-jose\\\/#breadcrumb\"},\"inLanguage\":\"es\",\"potentialAction\":[{\"@type\":\"ReadAction\",\"target\":[\"https:\\\/\\\/informelitoral.com.ar\\\/remarcan-la-importancia-de-las-medidas-a-implementar-en-el-basural-de-san-jose\\\/\"]}]},{\"@type\":\"ImageObject\",\"inLanguage\":\"es\",\"@id\":\"https:\\\/\\\/informelitoral.com.ar\\\/remarcan-la-importancia-de-las-medidas-a-implementar-en-el-basural-de-san-jose\\\/#primaryimage\",\"url\":\"https:\\\/\\\/informelitoral.com.ar\\\/%77%70%2d%63%6f%6e%74%65%6e%74\\\/uploads\\\/2025\\\/03\\\/patterer.jpg\",\"contentUrl\":\"https:\\\/\\\/informelitoral.com.ar\\\/%77%70%2d%63%6f%6e%74%65%6e%74\\\/uploads\\\/2025\\\/03\\\/patterer.jpg\",\"width\":800,\"height\":533},{\"@type\":\"BreadcrumbList\",\"@id\":\"https:\\\/\\\/informelitoral.com.ar\\\/remarcan-la-importancia-de-las-medidas-a-implementar-en-el-basural-de-san-jose\\\/#breadcrumb\",\"itemListElement\":[{\"@type\":\"ListItem\",\"position\":1,\"name\":\"Portada\",\"item\":\"https:\\\/\\\/informelitoral.com.ar\\\/\"},{\"@type\":\"ListItem\",\"position\":2,\"name\":\"Remarcan la importancia de las medidas a implementar en el basural de San Jos\u00e9\"}]},{\"@type\":\"WebSite\",\"@id\":\"https:\\\/\\\/informelitoral.com.ar\\\/#website\",\"url\":\"https:\\\/\\\/informelitoral.com.ar\\\/\",\"name\":\"Informe Litoral\",\"description\":\"&quot;Nos informamos&quot; \",\"publisher\":{\"@id\":\"https:\\\/\\\/informelitoral.com.ar\\\/#organization\"},\"potentialAction\":[{\"@type\":\"SearchAction\",\"target\":{\"@type\":\"EntryPoint\",\"urlTemplate\":\"https:\\\/\\\/informelitoral.com.ar\\\/?s={search_term_string}\"},\"query-input\":{\"@type\":\"PropertyValueSpecification\",\"valueRequired\":true,\"valueName\":\"search_term_string\"}}],\"inLanguage\":\"es\"},{\"@type\":\"Organization\",\"@id\":\"https:\\\/\\\/informelitoral.com.ar\\\/#organization\",\"name\":\"Informe Litoral\",\"url\":\"https:\\\/\\\/informelitoral.com.ar\\\/\",\"logo\":{\"@type\":\"ImageObject\",\"inLanguage\":\"es\",\"@id\":\"https:\\\/\\\/informelitoral.com.ar\\\/#\\\/schema\\\/logo\\\/image\\\/\",\"url\":\"https:\\\/\\\/informelitoral.com.ar\\\/%77%70%2d%63%6f%6e%74%65%6e%74\\\/uploads\\\/2021\\\/01\\\/circulo.png\",\"contentUrl\":\"https:\\\/\\\/informelitoral.com.ar\\\/%77%70%2d%63%6f%6e%74%65%6e%74\\\/uploads\\\/2021\\\/01\\\/circulo.png\",\"width\":723,\"height\":731,\"caption\":\"Informe Litoral\"},\"image\":{\"@id\":\"https:\\\/\\\/informelitoral.com.ar\\\/#\\\/schema\\\/logo\\\/image\\\/\"},\"sameAs\":[\"https:\\\/\\\/www.facebook.com\\\/informelitoral\\\/\",\"https:\\\/\\\/x.com\\\/InformeLitoral\",\"https:\\\/\\\/www.instagram.com\\\/informelitoral\\\/\",\"https:\\\/\\\/www.youtube.com\\\/channel\\\/UCua4Qvz8Icb6MYqhoq9xLXw\"]},{\"@type\":\"Person\",\"@id\":\"https:\\\/\\\/informelitoral.com.ar\\\/#\\\/schema\\\/person\\\/b9d00407c836482871ef1d57bf8e3180\",\"name\":\"Gonzalo Schmidt\",\"image\":{\"@type\":\"ImageObject\",\"inLanguage\":\"es\",\"@id\":\"https:\\\/\\\/secure.gravatar.com\\\/avatar\\\/31a1a7b66ff2de83bd0e9fd79d026630d2d99e55e8bfe501287647b4fd9743de?s=96&d=mm&r=g\",\"url\":\"https:\\\/\\\/secure.gravatar.com\\\/avatar\\\/31a1a7b66ff2de83bd0e9fd79d026630d2d99e55e8bfe501287647b4fd9743de?s=96&d=mm&r=g\",\"contentUrl\":\"https:\\\/\\\/secure.gravatar.com\\\/avatar\\\/31a1a7b66ff2de83bd0e9fd79d026630d2d99e55e8bfe501287647b4fd9743de?s=96&d=mm&r=g\",\"caption\":\"Gonzalo Schmidt\"},\"description\":\"Sitio web de noticias de la provincia de Entre R\u00edos, Argentina. Informaci\u00f3n y entretenimiento. Informe Litoral, nos informamos.\",\"sameAs\":[\"http:\\\/\\\/www.isletasnoticias.com.ar\"],\"url\":\"https:\\\/\\\/informelitoral.com.ar\\\/author\\\/gonzalo\\\/\"}]}<\/script>","yoast_head_json":{"title":"Remarcan la importancia de las medidas a implementar en el basural de San Jos\u00e9 - Informe Litoral","robots":{"index":"index","follow":"follow","max-snippet":"max-snippet:-1","max-image-preview":"max-image-preview:large","max-video-preview":"max-video-preview:-1"},"canonical":"https:\/\/informelitoral.com.ar\/remarcan-la-importancia-de-las-medidas-a-implementar-en-el-basural-de-san-jose\/","og_locale":"es_ES","og_type":"article","og_title":"Remarcan la importancia de las medidas a implementar en el basural de San Jos\u00e9 - Informe Litoral","og_description":"Mar\u00eda Silvina Patterer, perito qu\u00edmica y ambiental, destac\u00f3 que se tomaron medidas de corto plazo para evitar los incendios en el lugar, pero se deben adoptar otras de mediano plazo.","og_url":"https:\/\/informelitoral.com.ar\/remarcan-la-importancia-de-las-medidas-a-implementar-en-el-basural-de-san-jose\/","og_site_name":"Informe Litoral","article_publisher":"https:\/\/www.facebook.com\/informelitoral\/","article_published_time":"2025-03-26T09:45:57+00:00","og_image":[{"width":800,"height":533,"url":"https:\/\/informelitoral.com.ar\/%77%70%2d%63%6f%6e%74%65%6e%74\/uploads\/2025\/03\/patterer.jpg","type":"image\/jpeg"}],"author":"Gonzalo Schmidt","twitter_card":"summary_large_image","twitter_creator":"@InformeLitoral","twitter_site":"@InformeLitoral","twitter_misc":{"Escrito por":"Gonzalo Schmidt","Tiempo de lectura":"2 minutos"},"schema":{"@context":"https:\/\/schema.org","@graph":[{"@type":"Article","@id":"https:\/\/informelitoral.com.ar\/remarcan-la-importancia-de-las-medidas-a-implementar-en-el-basural-de-san-jose\/#article","isPartOf":{"@id":"https:\/\/informelitoral.com.ar\/remarcan-la-importancia-de-las-medidas-a-implementar-en-el-basural-de-san-jose\/"},"author":{"name":"Gonzalo Schmidt","@id":"https:\/\/informelitoral.com.ar\/#\/schema\/person\/b9d00407c836482871ef1d57bf8e3180"},"headline":"Remarcan la importancia de las medidas a implementar en el basural de San Jos\u00e9","datePublished":"2025-03-26T09:45:57+00:00","mainEntityOfPage":{"@id":"https:\/\/informelitoral.com.ar\/remarcan-la-importancia-de-las-medidas-a-implementar-en-el-basural-de-san-jose\/"},"wordCount":445,"commentCount":0,"publisher":{"@id":"https:\/\/informelitoral.com.ar\/#organization"},"image":{"@id":"https:\/\/informelitoral.com.ar\/remarcan-la-importancia-de-las-medidas-a-implementar-en-el-basural-de-san-jose\/#primaryimage"},"thumbnailUrl":"https:\/\/informelitoral.com.ar\/%77%70%2d%63%6f%6e%74%65%6e%74\/uploads\/2025\/03\/patterer.jpg","keywords":["C\u00e1mara de Diputados","Legislativas","San Jos\u00e9"],"articleSection":["Politica"],"inLanguage":"es","potentialAction":[{"@type":"CommentAction","name":"Comment","target":["https:\/\/informelitoral.com.ar\/remarcan-la-importancia-de-las-medidas-a-implementar-en-el-basural-de-san-jose\/#respond"]}]},{"@type":"WebPage","@id":"https:\/\/informelitoral.com.ar\/remarcan-la-importancia-de-las-medidas-a-implementar-en-el-basural-de-san-jose\/","url":"https:\/\/informelitoral.com.ar\/remarcan-la-importancia-de-las-medidas-a-implementar-en-el-basural-de-san-jose\/","name":"Remarcan la importancia de las medidas a implementar en el basural de San Jos\u00e9 - Informe Litoral","isPartOf":{"@id":"https:\/\/informelitoral.com.ar\/#website"},"primaryImageOfPage":{"@id":"https:\/\/informelitoral.com.ar\/remarcan-la-importancia-de-las-medidas-a-implementar-en-el-basural-de-san-jose\/#primaryimage"},"image":{"@id":"https:\/\/informelitoral.com.ar\/remarcan-la-importancia-de-las-medidas-a-implementar-en-el-basural-de-san-jose\/#primaryimage"},"thumbnailUrl":"https:\/\/informelitoral.com.ar\/%77%70%2d%63%6f%6e%74%65%6e%74\/uploads\/2025\/03\/patterer.jpg","datePublished":"2025-03-26T09:45:57+00:00","breadcrumb":{"@id":"https:\/\/informelitoral.com.ar\/remarcan-la-importancia-de-las-medidas-a-implementar-en-el-basural-de-san-jose\/#breadcrumb"},"inLanguage":"es","potentialAction":[{"@type":"ReadAction","target":["https:\/\/informelitoral.com.ar\/remarcan-la-importancia-de-las-medidas-a-implementar-en-el-basural-de-san-jose\/"]}]},{"@type":"ImageObject","inLanguage":"es","@id":"https:\/\/informelitoral.com.ar\/remarcan-la-importancia-de-las-medidas-a-implementar-en-el-basural-de-san-jose\/#primaryimage","url":"https:\/\/informelitoral.com.ar\/%77%70%2d%63%6f%6e%74%65%6e%74\/uploads\/2025\/03\/patterer.jpg","contentUrl":"https:\/\/informelitoral.com.ar\/%77%70%2d%63%6f%6e%74%65%6e%74\/uploads\/2025\/03\/patterer.jpg","width":800,"height":533},{"@type":"BreadcrumbList","@id":"https:\/\/informelitoral.com.ar\/remarcan-la-importancia-de-las-medidas-a-implementar-en-el-basural-de-san-jose\/#breadcrumb","itemListElement":[{"@type":"ListItem","position":1,"name":"Portada","item":"https:\/\/informelitoral.com.ar\/"},{"@type":"ListItem","position":2,"name":"Remarcan la importancia de las medidas a implementar en el basural de San Jos\u00e9"}]},{"@type":"WebSite","@id":"https:\/\/informelitoral.com.ar\/#website","url":"https:\/\/informelitoral.com.ar\/","name":"Informe Litoral","description":"&quot;Nos informamos&quot; ","publisher":{"@id":"https:\/\/informelitoral.com.ar\/#organization"},"potentialAction":[{"@type":"SearchAction","target":{"@type":"EntryPoint","urlTemplate":"https:\/\/informelitoral.com.ar\/?s={search_term_string}"},"query-input":{"@type":"PropertyValueSpecification","valueRequired":true,"valueName":"search_term_string"}}],"inLanguage":"es"},{"@type":"Organization","@id":"https:\/\/informelitoral.com.ar\/#organization","name":"Informe Litoral","url":"https:\/\/informelitoral.com.ar\/","logo":{"@type":"ImageObject","inLanguage":"es","@id":"https:\/\/informelitoral.com.ar\/#\/schema\/logo\/image\/","url":"https:\/\/informelitoral.com.ar\/%77%70%2d%63%6f%6e%74%65%6e%74\/uploads\/2021\/01\/circulo.png","contentUrl":"https:\/\/informelitoral.com.ar\/%77%70%2d%63%6f%6e%74%65%6e%74\/uploads\/2021\/01\/circulo.png","width":723,"height":731,"caption":"Informe Litoral"},"image":{"@id":"https:\/\/informelitoral.com.ar\/#\/schema\/logo\/image\/"},"sameAs":["https:\/\/www.facebook.com\/informelitoral\/","https:\/\/x.com\/InformeLitoral","https:\/\/www.instagram.com\/informelitoral\/","https:\/\/www.youtube.com\/channel\/UCua4Qvz8Icb6MYqhoq9xLXw"]},{"@type":"Person","@id":"https:\/\/informelitoral.com.ar\/#\/schema\/person\/b9d00407c836482871ef1d57bf8e3180","name":"Gonzalo Schmidt","image":{"@type":"ImageObject","inLanguage":"es","@id":"https:\/\/secure.gravatar.com\/avatar\/31a1a7b66ff2de83bd0e9fd79d026630d2d99e55e8bfe501287647b4fd9743de?s=96&d=mm&r=g","url":"https:\/\/secure.gravatar.com\/avatar\/31a1a7b66ff2de83bd0e9fd79d026630d2d99e55e8bfe501287647b4fd9743de?s=96&d=mm&r=g","contentUrl":"https:\/\/secure.gravatar.com\/avatar\/31a1a7b66ff2de83bd0e9fd79d026630d2d99e55e8bfe501287647b4fd9743de?s=96&d=mm&r=g","caption":"Gonzalo Schmidt"},"description":"Sitio web de noticias de la provincia de Entre R\u00edos, Argentina. Informaci\u00f3n y entretenimiento. Informe Litoral, nos informamos.","sameAs":["http:\/\/www.isletasnoticias.com.ar"],"url":"https:\/\/informelitoral.com.ar\/author\/gonzalo\/"}]}},"_links":{"self":[{"href":"https:\/\/informelitoral.com.ar\/%77%70%2d%6a%73%6f%6e\/wp\/v2\/posts\/216217","targetHints":{"allow":["GET"]}}],"collection":[{"href":"https:\/\/informelitoral.com.ar\/%77%70%2d%6a%73%6f%6e\/wp\/v2\/posts"}],"about":[{"href":"https:\/\/informelitoral.com.ar\/%77%70%2d%6a%73%6f%6e\/wp\/v2\/types\/post"}],"author":[{"embeddable":true,"href":"https:\/\/informelitoral.com.ar\/%77%70%2d%6a%73%6f%6e\/wp\/v2\/users\/2"}],"replies":[{"embeddable":true,"href":"https:\/\/informelitoral.com.ar\/%77%70%2d%6a%73%6f%6e\/wp\/v2\/comments?post=216217"}],"version-history":[{"count":0,"href":"https:\/\/informelitoral.com.ar\/%77%70%2d%6a%73%6f%6e\/wp\/v2\/posts\/216217\/revisions"}],"wp:featuredmedia":[{"embeddable":true,"href":"https:\/\/informelitoral.com.ar\/%77%70%2d%6a%73%6f%6e\/wp\/v2\/media\/216218"}],"wp:attachment":[{"href":"https:\/\/informelitoral.com.ar\/%77%70%2d%6a%73%6f%6e\/wp\/v2\/media?parent=216217"}],"wp:term":[{"taxonomy":"category","embeddable":true,"href":"https:\/\/informelitoral.com.ar\/%77%70%2d%6a%73%6f%6e\/wp\/v2\/categories?post=216217"},{"taxonomy":"post_tag","embeddable":true,"href":"https:\/\/informelitoral.com.ar\/%77%70%2d%6a%73%6f%6e\/wp\/v2\/tags?post=216217"}],"curies":[{"name":"wp","href":"https:\/\/api.w.org\/{rel}","templated":true}]}}