{"id":216215,"date":"2025-03-26T05:41:58","date_gmt":"2025-03-26T08:41:58","guid":{"rendered":"https:\/\/informelitoral.com.ar\/?p=216215"},"modified":"2025-03-25T21:45:18","modified_gmt":"2025-03-26T00:45:18","slug":"senadores-trataran-este-miercoles-tres-proyectos-en-comisiones","status":"publish","type":"post","link":"https:\/\/informelitoral.com.ar\/senadores-trataran-este-miercoles-tres-proyectos-en-comisiones\/","title":{"rendered":"Senadores tratar\u00e1n este mi\u00e9rcoles tres proyectos en Comisiones"},"content":{"rendered":"<h2><strong>Cronograma<\/strong><\/h2>\n<p>A las 11, est\u00e1 convocada la Comisi\u00f3n de Legislaci\u00f3n General, presidida por la senadora <strong>Nancy Miranda<\/strong> (Federal \u2013 M\u00e1s Para Entre R\u00edos), para tratar el expediente N\u00b0 27.154, un proyecto de Ley por el que se crea la Agencia Administradora de Bienes Inmuebles de la Provincia de Entre R\u00edos como organismo descentralizado en el \u00e1mbito de la Secretar\u00eda General de la Gobernaci\u00f3n. Este encuentro contar\u00e1 con la participaci\u00f3n, en calidad de invitado, del fiscal del Estado de la provincia, Dr. Julio Rodr\u00edguez Signes.<\/p>\n<p>Luego, a las 12, se llevar\u00e1 a cabo una reuni\u00f3n conjunta de las Comisiones de Legislaci\u00f3n General y de Ambiente y Desarrollo Sustentable, que preside la senadora <strong>Gloria Cozzi<\/strong> (Concordia \u2013 Juntos Por Entre R\u00edos), donde abordar\u00e1n el expediente N\u00b0 26.876, que contiene un proyecto de Ley por el que se sustituye el Art\u00edculo 85\u00ba de la Ley N\u00ba 9.172, referido a la conformaci\u00f3n del Consejo Regulador del Uso de Fuentes de Agua.<\/p>\n<p>Por \u00faltimo, a las 12:30, la Comisi\u00f3n de Peticiones y Milicias, presidida por la senadora Miranda, est\u00e1 citada para trabajar sobre el expediente de Ley por el que se modifica el Art\u00edculo 295\u00b0 del Reglamento General de Polic\u00eda aprobado por Ley N\u00b0 5.654.<\/p>\n<p>Todas las reuniones tendr\u00e1n lugar en el Sal\u00f3n de los Vicegobernadores.<\/p>\n<h6><em><strong>Del archivo:\u00a0<a href=\"https:\/\/informelitoral.com.ar\/san-jaime-de-la-frontera-y-ubajay-mostraran-sus-atractivos-en-la-noche-de-las-ciudades\/\" target=\"_blank\" rel=\"noopener\">San Jaime de la Frontera y Ubajay mostrar\u00e1n sus atractivos en La Noche de las Ciudades<\/a><\/strong><\/em><\/h6>\n","protected":false},"excerpt":{"rendered":"<p>Este 26 de marzo los legisladores continuar\u00e1n el debate sobre la creaci\u00f3n de la Agencia Administradora de Bienes Inmuebles de la Provincia de Entre R\u00edos (AABIPER). Adem\u00e1s, abordar\u00e1n modificaciones a la Ley N\u00b0 9172 sobre la regulaci\u00f3n del uso de fuentes de agua y al Reglamento de la Polic\u00eda de Entre R\u00edos.<\/p>\n","protected":false},"author":2,"featured_media":198061,"comment_status":"open","ping_status":"open","sticky":false,"template":"","format":"standard","meta":{"fifu_image_url":"","fifu_image_alt":"","footnotes":""},"categories":[16],"tags":[287,464],"class_list":{"0":"post-216215","1":"post","2":"type-post","3":"status-publish","4":"format-standard","5":"has-post-thumbnail","7":"category-politi","8":"tag-legislativas","9":"tag-senado"},"yoast_head":"<title>Senadores tratar\u00e1n este mi\u00e9rcoles tres proyectos en Comisiones - Informe Litoral<\/title>\n<meta name=\"robots\" content=\"index, follow, max-snippet:-1, max-image-preview:large, max-video-preview:-1\" \/>\n<link rel=\"canonical\" href=\"https:\/\/informelitoral.com.ar\/senadores-trataran-este-miercoles-tres-proyectos-en-comisiones\/\" \/>\n<meta property=\"og:locale\" content=\"es_ES\" \/>\n<meta property=\"og:type\" content=\"article\" \/>\n<meta property=\"og:title\" content=\"Senadores tratar\u00e1n este mi\u00e9rcoles tres proyectos en Comisiones - Informe Litoral\" \/>\n<meta property=\"og:description\" content=\"Este 26 de marzo los legisladores continuar\u00e1n el debate sobre la creaci\u00f3n de la Agencia Administradora de Bienes Inmuebles de la Provincia de Entre R\u00edos (AABIPER). Adem\u00e1s, abordar\u00e1n modificaciones a la Ley N\u00b0 9172 sobre la regulaci\u00f3n del uso de fuentes de agua y al Reglamento de la Polic\u00eda de Entre R\u00edos.\" \/>\n<meta property=\"og:url\" content=\"https:\/\/informelitoral.com.ar\/senadores-trataran-este-miercoles-tres-proyectos-en-comisiones\/\" \/>\n<meta property=\"og:site_name\" content=\"Informe Litoral\" \/>\n<meta property=\"article:publisher\" content=\"https:\/\/www.facebook.com\/informelitoral\/\" \/>\n<meta property=\"article:published_time\" content=\"2025-03-26T08:41:58+00:00\" \/>\n<meta property=\"og:image\" content=\"https:\/\/informelitoral.com.ar\/%77%70%2d%63%6f%6e%74%65%6e%74\/uploads\/2024\/09\/senado-er.jpeg\" \/>\n\t<meta property=\"og:image:width\" content=\"860\" \/>\n\t<meta property=\"og:image:height\" content=\"573\" \/>\n\t<meta property=\"og:image:type\" content=\"image\/jpeg\" \/>\n<meta name=\"author\" content=\"Gonzalo Schmidt\" \/>\n<meta name=\"twitter:card\" content=\"summary_large_image\" \/>\n<meta name=\"twitter:creator\" content=\"@InformeLitoral\" \/>\n<meta name=\"twitter:site\" content=\"@InformeLitoral\" \/>\n<meta name=\"twitter:label1\" content=\"Escrito por\" \/>\n\t<meta name=\"twitter:data1\" content=\"Gonzalo Schmidt\" \/>\n\t<meta name=\"twitter:label2\" content=\"Tiempo de lectura\" \/>\n\t<meta name=\"twitter:data2\" content=\"1 minuto\" \/>\n<script type=\"application\/ld+json\" class=\"yoast-schema-graph\">{\"@context\":\"https:\\\/\\\/schema.org\",\"@graph\":[{\"@type\":\"Article\",\"@id\":\"https:\\\/\\\/informelitoral.com.ar\\\/senadores-trataran-este-miercoles-tres-proyectos-en-comisiones\\\/#article\",\"isPartOf\":{\"@id\":\"https:\\\/\\\/informelitoral.com.ar\\\/senadores-trataran-este-miercoles-tres-proyectos-en-comisiones\\\/\"},\"author\":{\"name\":\"Gonzalo Schmidt\",\"@id\":\"https:\\\/\\\/informelitoral.com.ar\\\/#\\\/schema\\\/person\\\/b9d00407c836482871ef1d57bf8e3180\"},\"headline\":\"Senadores tratar\u00e1n este mi\u00e9rcoles tres proyectos en Comisiones\",\"datePublished\":\"2025-03-26T08:41:58+00:00\",\"mainEntityOfPage\":{\"@id\":\"https:\\\/\\\/informelitoral.com.ar\\\/senadores-trataran-este-miercoles-tres-proyectos-en-comisiones\\\/\"},\"wordCount\":249,\"commentCount\":0,\"publisher\":{\"@id\":\"https:\\\/\\\/informelitoral.com.ar\\\/#organization\"},\"image\":{\"@id\":\"https:\\\/\\\/informelitoral.com.ar\\\/senadores-trataran-este-miercoles-tres-proyectos-en-comisiones\\\/#primaryimage\"},\"thumbnailUrl\":\"https:\\\/\\\/informelitoral.com.ar\\\/%77%70%2d%63%6f%6e%74%65%6e%74\\\/uploads\\\/2024\\\/09\\\/senado-er.jpeg\",\"keywords\":[\"Legislativas\",\"Senado\"],\"articleSection\":[\"Politica\"],\"inLanguage\":\"es\",\"potentialAction\":[{\"@type\":\"CommentAction\",\"name\":\"Comment\",\"target\":[\"https:\\\/\\\/informelitoral.com.ar\\\/senadores-trataran-este-miercoles-tres-proyectos-en-comisiones\\\/#respond\"]}]},{\"@type\":\"WebPage\",\"@id\":\"https:\\\/\\\/informelitoral.com.ar\\\/senadores-trataran-este-miercoles-tres-proyectos-en-comisiones\\\/\",\"url\":\"https:\\\/\\\/informelitoral.com.ar\\\/senadores-trataran-este-miercoles-tres-proyectos-en-comisiones\\\/\",\"name\":\"Senadores tratar\u00e1n este mi\u00e9rcoles tres proyectos en Comisiones - Informe Litoral\",\"isPartOf\":{\"@id\":\"https:\\\/\\\/informelitoral.com.ar\\\/#website\"},\"primaryImageOfPage\":{\"@id\":\"https:\\\/\\\/informelitoral.com.ar\\\/senadores-trataran-este-miercoles-tres-proyectos-en-comisiones\\\/#primaryimage\"},\"image\":{\"@id\":\"https:\\\/\\\/informelitoral.com.ar\\\/senadores-trataran-este-miercoles-tres-proyectos-en-comisiones\\\/#primaryimage\"},\"thumbnailUrl\":\"https:\\\/\\\/informelitoral.com.ar\\\/%77%70%2d%63%6f%6e%74%65%6e%74\\\/uploads\\\/2024\\\/09\\\/senado-er.jpeg\",\"datePublished\":\"2025-03-26T08:41:58+00:00\",\"breadcrumb\":{\"@id\":\"https:\\\/\\\/informelitoral.com.ar\\\/senadores-trataran-este-miercoles-tres-proyectos-en-comisiones\\\/#breadcrumb\"},\"inLanguage\":\"es\",\"potentialAction\":[{\"@type\":\"ReadAction\",\"target\":[\"https:\\\/\\\/informelitoral.com.ar\\\/senadores-trataran-este-miercoles-tres-proyectos-en-comisiones\\\/\"]}]},{\"@type\":\"ImageObject\",\"inLanguage\":\"es\",\"@id\":\"https:\\\/\\\/informelitoral.com.ar\\\/senadores-trataran-este-miercoles-tres-proyectos-en-comisiones\\\/#primaryimage\",\"url\":\"https:\\\/\\\/informelitoral.com.ar\\\/%77%70%2d%63%6f%6e%74%65%6e%74\\\/uploads\\\/2024\\\/09\\\/senado-er.jpeg\",\"contentUrl\":\"https:\\\/\\\/informelitoral.com.ar\\\/%77%70%2d%63%6f%6e%74%65%6e%74\\\/uploads\\\/2024\\\/09\\\/senado-er.jpeg\",\"width\":860,\"height\":573},{\"@type\":\"BreadcrumbList\",\"@id\":\"https:\\\/\\\/informelitoral.com.ar\\\/senadores-trataran-este-miercoles-tres-proyectos-en-comisiones\\\/#breadcrumb\",\"itemListElement\":[{\"@type\":\"ListItem\",\"position\":1,\"name\":\"Portada\",\"item\":\"https:\\\/\\\/informelitoral.com.ar\\\/\"},{\"@type\":\"ListItem\",\"position\":2,\"name\":\"Senadores tratar\u00e1n este mi\u00e9rcoles tres proyectos en Comisiones\"}]},{\"@type\":\"WebSite\",\"@id\":\"https:\\\/\\\/informelitoral.com.ar\\\/#website\",\"url\":\"https:\\\/\\\/informelitoral.com.ar\\\/\",\"name\":\"Informe Litoral\",\"description\":\"&quot;Nos informamos&quot; \",\"publisher\":{\"@id\":\"https:\\\/\\\/informelitoral.com.ar\\\/#organization\"},\"potentialAction\":[{\"@type\":\"SearchAction\",\"target\":{\"@type\":\"EntryPoint\",\"urlTemplate\":\"https:\\\/\\\/informelitoral.com.ar\\\/?s={search_term_string}\"},\"query-input\":{\"@type\":\"PropertyValueSpecification\",\"valueRequired\":true,\"valueName\":\"search_term_string\"}}],\"inLanguage\":\"es\"},{\"@type\":\"Organization\",\"@id\":\"https:\\\/\\\/informelitoral.com.ar\\\/#organization\",\"name\":\"Informe Litoral\",\"url\":\"https:\\\/\\\/informelitoral.com.ar\\\/\",\"logo\":{\"@type\":\"ImageObject\",\"inLanguage\":\"es\",\"@id\":\"https:\\\/\\\/informelitoral.com.ar\\\/#\\\/schema\\\/logo\\\/image\\\/\",\"url\":\"https:\\\/\\\/informelitoral.com.ar\\\/%77%70%2d%63%6f%6e%74%65%6e%74\\\/uploads\\\/2021\\\/01\\\/circulo.png\",\"contentUrl\":\"https:\\\/\\\/informelitoral.com.ar\\\/%77%70%2d%63%6f%6e%74%65%6e%74\\\/uploads\\\/2021\\\/01\\\/circulo.png\",\"width\":723,\"height\":731,\"caption\":\"Informe Litoral\"},\"image\":{\"@id\":\"https:\\\/\\\/informelitoral.com.ar\\\/#\\\/schema\\\/logo\\\/image\\\/\"},\"sameAs\":[\"https:\\\/\\\/www.facebook.com\\\/informelitoral\\\/\",\"https:\\\/\\\/x.com\\\/InformeLitoral\",\"https:\\\/\\\/www.instagram.com\\\/informelitoral\\\/\",\"https:\\\/\\\/www.youtube.com\\\/channel\\\/UCua4Qvz8Icb6MYqhoq9xLXw\"]},{\"@type\":\"Person\",\"@id\":\"https:\\\/\\\/informelitoral.com.ar\\\/#\\\/schema\\\/person\\\/b9d00407c836482871ef1d57bf8e3180\",\"name\":\"Gonzalo Schmidt\",\"image\":{\"@type\":\"ImageObject\",\"inLanguage\":\"es\",\"@id\":\"https:\\\/\\\/secure.gravatar.com\\\/avatar\\\/31a1a7b66ff2de83bd0e9fd79d026630d2d99e55e8bfe501287647b4fd9743de?s=96&d=mm&r=g\",\"url\":\"https:\\\/\\\/secure.gravatar.com\\\/avatar\\\/31a1a7b66ff2de83bd0e9fd79d026630d2d99e55e8bfe501287647b4fd9743de?s=96&d=mm&r=g\",\"contentUrl\":\"https:\\\/\\\/secure.gravatar.com\\\/avatar\\\/31a1a7b66ff2de83bd0e9fd79d026630d2d99e55e8bfe501287647b4fd9743de?s=96&d=mm&r=g\",\"caption\":\"Gonzalo Schmidt\"},\"description\":\"Sitio web de noticias de la provincia de Entre R\u00edos, Argentina. Informaci\u00f3n y entretenimiento. Informe Litoral, nos informamos.\",\"sameAs\":[\"http:\\\/\\\/www.isletasnoticias.com.ar\"],\"url\":\"https:\\\/\\\/informelitoral.com.ar\\\/author\\\/gonzalo\\\/\"}]}<\/script>","yoast_head_json":{"title":"Senadores tratar\u00e1n este mi\u00e9rcoles tres proyectos en Comisiones - Informe Litoral","robots":{"index":"index","follow":"follow","max-snippet":"max-snippet:-1","max-image-preview":"max-image-preview:large","max-video-preview":"max-video-preview:-1"},"canonical":"https:\/\/informelitoral.com.ar\/senadores-trataran-este-miercoles-tres-proyectos-en-comisiones\/","og_locale":"es_ES","og_type":"article","og_title":"Senadores tratar\u00e1n este mi\u00e9rcoles tres proyectos en Comisiones - Informe Litoral","og_description":"Este 26 de marzo los legisladores continuar\u00e1n el debate sobre la creaci\u00f3n de la Agencia Administradora de Bienes Inmuebles de la Provincia de Entre R\u00edos (AABIPER). Adem\u00e1s, abordar\u00e1n modificaciones a la Ley N\u00b0 9172 sobre la regulaci\u00f3n del uso de fuentes de agua y al Reglamento de la Polic\u00eda de Entre R\u00edos.","og_url":"https:\/\/informelitoral.com.ar\/senadores-trataran-este-miercoles-tres-proyectos-en-comisiones\/","og_site_name":"Informe Litoral","article_publisher":"https:\/\/www.facebook.com\/informelitoral\/","article_published_time":"2025-03-26T08:41:58+00:00","og_image":[{"width":860,"height":573,"url":"https:\/\/informelitoral.com.ar\/%77%70%2d%63%6f%6e%74%65%6e%74\/uploads\/2024\/09\/senado-er.jpeg","type":"image\/jpeg"}],"author":"Gonzalo Schmidt","twitter_card":"summary_large_image","twitter_creator":"@InformeLitoral","twitter_site":"@InformeLitoral","twitter_misc":{"Escrito por":"Gonzalo Schmidt","Tiempo de lectura":"1 minuto"},"schema":{"@context":"https:\/\/schema.org","@graph":[{"@type":"Article","@id":"https:\/\/informelitoral.com.ar\/senadores-trataran-este-miercoles-tres-proyectos-en-comisiones\/#article","isPartOf":{"@id":"https:\/\/informelitoral.com.ar\/senadores-trataran-este-miercoles-tres-proyectos-en-comisiones\/"},"author":{"name":"Gonzalo Schmidt","@id":"https:\/\/informelitoral.com.ar\/#\/schema\/person\/b9d00407c836482871ef1d57bf8e3180"},"headline":"Senadores tratar\u00e1n este mi\u00e9rcoles tres proyectos en Comisiones","datePublished":"2025-03-26T08:41:58+00:00","mainEntityOfPage":{"@id":"https:\/\/informelitoral.com.ar\/senadores-trataran-este-miercoles-tres-proyectos-en-comisiones\/"},"wordCount":249,"commentCount":0,"publisher":{"@id":"https:\/\/informelitoral.com.ar\/#organization"},"image":{"@id":"https:\/\/informelitoral.com.ar\/senadores-trataran-este-miercoles-tres-proyectos-en-comisiones\/#primaryimage"},"thumbnailUrl":"https:\/\/informelitoral.com.ar\/%77%70%2d%63%6f%6e%74%65%6e%74\/uploads\/2024\/09\/senado-er.jpeg","keywords":["Legislativas","Senado"],"articleSection":["Politica"],"inLanguage":"es","potentialAction":[{"@type":"CommentAction","name":"Comment","target":["https:\/\/informelitoral.com.ar\/senadores-trataran-este-miercoles-tres-proyectos-en-comisiones\/#respond"]}]},{"@type":"WebPage","@id":"https:\/\/informelitoral.com.ar\/senadores-trataran-este-miercoles-tres-proyectos-en-comisiones\/","url":"https:\/\/informelitoral.com.ar\/senadores-trataran-este-miercoles-tres-proyectos-en-comisiones\/","name":"Senadores tratar\u00e1n este mi\u00e9rcoles tres proyectos en Comisiones - Informe Litoral","isPartOf":{"@id":"https:\/\/informelitoral.com.ar\/#website"},"primaryImageOfPage":{"@id":"https:\/\/informelitoral.com.ar\/senadores-trataran-este-miercoles-tres-proyectos-en-comisiones\/#primaryimage"},"image":{"@id":"https:\/\/informelitoral.com.ar\/senadores-trataran-este-miercoles-tres-proyectos-en-comisiones\/#primaryimage"},"thumbnailUrl":"https:\/\/informelitoral.com.ar\/%77%70%2d%63%6f%6e%74%65%6e%74\/uploads\/2024\/09\/senado-er.jpeg","datePublished":"2025-03-26T08:41:58+00:00","breadcrumb":{"@id":"https:\/\/informelitoral.com.ar\/senadores-trataran-este-miercoles-tres-proyectos-en-comisiones\/#breadcrumb"},"inLanguage":"es","potentialAction":[{"@type":"ReadAction","target":["https:\/\/informelitoral.com.ar\/senadores-trataran-este-miercoles-tres-proyectos-en-comisiones\/"]}]},{"@type":"ImageObject","inLanguage":"es","@id":"https:\/\/informelitoral.com.ar\/senadores-trataran-este-miercoles-tres-proyectos-en-comisiones\/#primaryimage","url":"https:\/\/informelitoral.com.ar\/%77%70%2d%63%6f%6e%74%65%6e%74\/uploads\/2024\/09\/senado-er.jpeg","contentUrl":"https:\/\/informelitoral.com.ar\/%77%70%2d%63%6f%6e%74%65%6e%74\/uploads\/2024\/09\/senado-er.jpeg","width":860,"height":573},{"@type":"BreadcrumbList","@id":"https:\/\/informelitoral.com.ar\/senadores-trataran-este-miercoles-tres-proyectos-en-comisiones\/#breadcrumb","itemListElement":[{"@type":"ListItem","position":1,"name":"Portada","item":"https:\/\/informelitoral.com.ar\/"},{"@type":"ListItem","position":2,"name":"Senadores tratar\u00e1n este mi\u00e9rcoles tres proyectos en Comisiones"}]},{"@type":"WebSite","@id":"https:\/\/informelitoral.com.ar\/#website","url":"https:\/\/informelitoral.com.ar\/","name":"Informe Litoral","description":"&quot;Nos informamos&quot; ","publisher":{"@id":"https:\/\/informelitoral.com.ar\/#organization"},"potentialAction":[{"@type":"SearchAction","target":{"@type":"EntryPoint","urlTemplate":"https:\/\/informelitoral.com.ar\/?s={search_term_string}"},"query-input":{"@type":"PropertyValueSpecification","valueRequired":true,"valueName":"search_term_string"}}],"inLanguage":"es"},{"@type":"Organization","@id":"https:\/\/informelitoral.com.ar\/#organization","name":"Informe Litoral","url":"https:\/\/informelitoral.com.ar\/","logo":{"@type":"ImageObject","inLanguage":"es","@id":"https:\/\/informelitoral.com.ar\/#\/schema\/logo\/image\/","url":"https:\/\/informelitoral.com.ar\/%77%70%2d%63%6f%6e%74%65%6e%74\/uploads\/2021\/01\/circulo.png","contentUrl":"https:\/\/informelitoral.com.ar\/%77%70%2d%63%6f%6e%74%65%6e%74\/uploads\/2021\/01\/circulo.png","width":723,"height":731,"caption":"Informe Litoral"},"image":{"@id":"https:\/\/informelitoral.com.ar\/#\/schema\/logo\/image\/"},"sameAs":["https:\/\/www.facebook.com\/informelitoral\/","https:\/\/x.com\/InformeLitoral","https:\/\/www.instagram.com\/informelitoral\/","https:\/\/www.youtube.com\/channel\/UCua4Qvz8Icb6MYqhoq9xLXw"]},{"@type":"Person","@id":"https:\/\/informelitoral.com.ar\/#\/schema\/person\/b9d00407c836482871ef1d57bf8e3180","name":"Gonzalo Schmidt","image":{"@type":"ImageObject","inLanguage":"es","@id":"https:\/\/secure.gravatar.com\/avatar\/31a1a7b66ff2de83bd0e9fd79d026630d2d99e55e8bfe501287647b4fd9743de?s=96&d=mm&r=g","url":"https:\/\/secure.gravatar.com\/avatar\/31a1a7b66ff2de83bd0e9fd79d026630d2d99e55e8bfe501287647b4fd9743de?s=96&d=mm&r=g","contentUrl":"https:\/\/secure.gravatar.com\/avatar\/31a1a7b66ff2de83bd0e9fd79d026630d2d99e55e8bfe501287647b4fd9743de?s=96&d=mm&r=g","caption":"Gonzalo Schmidt"},"description":"Sitio web de noticias de la provincia de Entre R\u00edos, Argentina. Informaci\u00f3n y entretenimiento. Informe Litoral, nos informamos.","sameAs":["http:\/\/www.isletasnoticias.com.ar"],"url":"https:\/\/informelitoral.com.ar\/author\/gonzalo\/"}]}},"_links":{"self":[{"href":"https:\/\/informelitoral.com.ar\/%77%70%2d%6a%73%6f%6e\/wp\/v2\/posts\/216215","targetHints":{"allow":["GET"]}}],"collection":[{"href":"https:\/\/informelitoral.com.ar\/%77%70%2d%6a%73%6f%6e\/wp\/v2\/posts"}],"about":[{"href":"https:\/\/informelitoral.com.ar\/%77%70%2d%6a%73%6f%6e\/wp\/v2\/types\/post"}],"author":[{"embeddable":true,"href":"https:\/\/informelitoral.com.ar\/%77%70%2d%6a%73%6f%6e\/wp\/v2\/users\/2"}],"replies":[{"embeddable":true,"href":"https:\/\/informelitoral.com.ar\/%77%70%2d%6a%73%6f%6e\/wp\/v2\/comments?post=216215"}],"version-history":[{"count":0,"href":"https:\/\/informelitoral.com.ar\/%77%70%2d%6a%73%6f%6e\/wp\/v2\/posts\/216215\/revisions"}],"wp:featuredmedia":[{"embeddable":true,"href":"https:\/\/informelitoral.com.ar\/%77%70%2d%6a%73%6f%6e\/wp\/v2\/media\/198061"}],"wp:attachment":[{"href":"https:\/\/informelitoral.com.ar\/%77%70%2d%6a%73%6f%6e\/wp\/v2\/media?parent=216215"}],"wp:term":[{"taxonomy":"category","embeddable":true,"href":"https:\/\/informelitoral.com.ar\/%77%70%2d%6a%73%6f%6e\/wp\/v2\/categories?post=216215"},{"taxonomy":"post_tag","embeddable":true,"href":"https:\/\/informelitoral.com.ar\/%77%70%2d%6a%73%6f%6e\/wp\/v2\/tags?post=216215"}],"curies":[{"name":"wp","href":"https:\/\/api.w.org\/{rel}","templated":true}]}}