{"id":216109,"date":"2025-03-25T08:44:24","date_gmt":"2025-03-25T11:44:24","guid":{"rendered":"https:\/\/informelitoral.com.ar\/?p=216109"},"modified":"2025-03-25T08:44:24","modified_gmt":"2025-03-25T11:44:24","slug":"eliminatorias-brasil-ya-tiene-11-confirmado-para-enfrentar-a-argentina","status":"publish","type":"post","link":"https:\/\/informelitoral.com.ar\/eliminatorias-brasil-ya-tiene-11-confirmado-para-enfrentar-a-argentina\/","title":{"rendered":"Eliminatorias: Brasil ya tiene 11 confirmado para enfrentar a Argentina"},"content":{"rendered":"<p>El entrenador de <strong>Brasil<\/strong>,<strong> Dorival Junior<\/strong>, confirm\u00f3 este lunes en conferencia de prensa que realizar\u00e1 varias modificaciones para visitar a la <strong>Selecci\u00f3n Argentina<\/strong> este martes por la fecha 14 de las Eliminatorias rumbo al <strong>Mundial 2026<\/strong> en la que la Albiceleste, si gana, puede lograr la clasificaci\u00f3n.<\/p>\n<p>Entre ausencias obligadas y modificaciones t\u00e1cticas, el t\u00e9cnico meter\u00e1 mano y habr\u00e1 seis futbolistas nuevos con respeto al once que arranc\u00f3 el partido en la victoria por 2-1 ante Colombia. Wesley y Matheus Cunha son los dos que se sumar\u00edan a la formaci\u00f3n inicial por decisi\u00f3n futbol\u00edstica.<\/p>\n<p>Adem\u00e1s de ellos, quienes dir\u00e1n presente en el Monumental por lesi\u00f3n o suspensi\u00f3n de sus compa\u00f1eros son el arquero Bento, el zaguero central Murillo y los volantes Andr\u00e9 y Joelinton. Entre las bajas que tendr\u00e1 la Canarinha aparecen Gabriel Magalhaes y Bruno Guimaraes, ambos por llegar al l\u00edmite de amarillas, y los lesionados Gerson y Alisson, quien sufri\u00f3 un golpe en la cabeza.<\/p>\n<p>Esa situaci\u00f3n llev\u00f3 a que el entrenador tuviera que citar a \u00faltimo momento a cuatro reemplazantes en la lista y, por consecuencia, hacer modificaciones en el once titular. Ante la Albiceleste, buscar\u00e1 estirar su buen momento ya que tras un arranque irregular acumula cinco sin perder.<\/p>\n<p>De esta manera, la probable formaci\u00f3n de Brasil ante Argentina ser\u00e1 con: <strong>Bento, Wesley, Marquinhos, Murillo, Guilherme Arana; Andr\u00e9, Joelinton, Raphinha; Vini, Rodrygo y Matheus Cunha<\/strong>.<\/p>\n","protected":false},"excerpt":{"rendered":"<p>El DT Dorival Jr. meti\u00f3 mano y la Verdeamarela saldr\u00e1 a la cancha con seis cambios en relaci\u00f3n al \u00faltimo encuentro frente a Colombia<\/p>\n","protected":false},"author":8,"featured_media":216110,"comment_status":"open","ping_status":"open","sticky":false,"template":"","format":"standard","meta":{"fifu_image_url":"","fifu_image_alt":"","footnotes":""},"categories":[13],"tags":[118,2420,3160,116],"class_list":{"0":"post-216109","1":"post","2":"type-post","3":"status-publish","4":"format-standard","5":"has-post-thumbnail","7":"category-deportes","8":"tag-brasil","9":"tag-eliminatorias-sudamericanas","10":"tag-partido","11":"tag-seleccion-argentina"},"yoast_head":"<title>Eliminatorias: Brasil ya tiene 11 confirmado para enfrentar a Argentina - Informe Litoral<\/title>\n<meta name=\"robots\" content=\"index, follow, max-snippet:-1, max-image-preview:large, max-video-preview:-1\" \/>\n<link rel=\"canonical\" href=\"https:\/\/informelitoral.com.ar\/eliminatorias-brasil-ya-tiene-11-confirmado-para-enfrentar-a-argentina\/\" \/>\n<meta property=\"og:locale\" content=\"es_ES\" \/>\n<meta property=\"og:type\" content=\"article\" \/>\n<meta property=\"og:title\" content=\"Eliminatorias: Brasil ya tiene 11 confirmado para enfrentar a Argentina - Informe Litoral\" \/>\n<meta property=\"og:description\" content=\"El DT Dorival Jr. meti\u00f3 mano y la Verdeamarela saldr\u00e1 a la cancha con seis cambios en relaci\u00f3n al \u00faltimo encuentro frente a Colombia\" \/>\n<meta property=\"og:url\" content=\"https:\/\/informelitoral.com.ar\/eliminatorias-brasil-ya-tiene-11-confirmado-para-enfrentar-a-argentina\/\" \/>\n<meta property=\"og:site_name\" content=\"Informe Litoral\" \/>\n<meta property=\"article:publisher\" content=\"https:\/\/www.facebook.com\/informelitoral\/\" \/>\n<meta property=\"article:published_time\" content=\"2025-03-25T11:44:24+00:00\" \/>\n<meta property=\"og:image\" content=\"https:\/\/informelitoral.com.ar\/%77%70%2d%63%6f%6e%74%65%6e%74\/uploads\/2025\/03\/Argentina-vs-Brasil.jpg\" \/>\n\t<meta property=\"og:image:width\" content=\"1920\" \/>\n\t<meta property=\"og:image:height\" content=\"1080\" \/>\n\t<meta property=\"og:image:type\" content=\"image\/jpeg\" \/>\n<meta name=\"author\" content=\"Sebastian\" \/>\n<meta name=\"twitter:card\" content=\"summary_large_image\" \/>\n<meta name=\"twitter:creator\" content=\"@InformeLitoral\" \/>\n<meta name=\"twitter:site\" content=\"@InformeLitoral\" \/>\n<meta name=\"twitter:label1\" content=\"Escrito por\" \/>\n\t<meta name=\"twitter:data1\" content=\"Sebastian\" \/>\n\t<meta name=\"twitter:label2\" content=\"Tiempo de lectura\" \/>\n\t<meta name=\"twitter:data2\" content=\"1 minuto\" \/>\n<script type=\"application\/ld+json\" class=\"yoast-schema-graph\">{\"@context\":\"https:\\\/\\\/schema.org\",\"@graph\":[{\"@type\":\"Article\",\"@id\":\"https:\\\/\\\/informelitoral.com.ar\\\/eliminatorias-brasil-ya-tiene-11-confirmado-para-enfrentar-a-argentina\\\/#article\",\"isPartOf\":{\"@id\":\"https:\\\/\\\/informelitoral.com.ar\\\/eliminatorias-brasil-ya-tiene-11-confirmado-para-enfrentar-a-argentina\\\/\"},\"author\":{\"name\":\"Sebastian\",\"@id\":\"https:\\\/\\\/informelitoral.com.ar\\\/#\\\/schema\\\/person\\\/f05f9f461677119578717524b127d6d5\"},\"headline\":\"Eliminatorias: Brasil ya tiene 11 confirmado para enfrentar a Argentina\",\"datePublished\":\"2025-03-25T11:44:24+00:00\",\"mainEntityOfPage\":{\"@id\":\"https:\\\/\\\/informelitoral.com.ar\\\/eliminatorias-brasil-ya-tiene-11-confirmado-para-enfrentar-a-argentina\\\/\"},\"wordCount\":252,\"commentCount\":0,\"publisher\":{\"@id\":\"https:\\\/\\\/informelitoral.com.ar\\\/#organization\"},\"image\":{\"@id\":\"https:\\\/\\\/informelitoral.com.ar\\\/eliminatorias-brasil-ya-tiene-11-confirmado-para-enfrentar-a-argentina\\\/#primaryimage\"},\"thumbnailUrl\":\"https:\\\/\\\/informelitoral.com.ar\\\/%77%70%2d%63%6f%6e%74%65%6e%74\\\/uploads\\\/2025\\\/03\\\/Argentina-vs-Brasil.jpg\",\"keywords\":[\"Brasil\",\"Eliminatorias Sudamericanas\",\"Partido\",\"Selecci\u00f3n argentina\"],\"articleSection\":[\"Deportes\"],\"inLanguage\":\"es\",\"potentialAction\":[{\"@type\":\"CommentAction\",\"name\":\"Comment\",\"target\":[\"https:\\\/\\\/informelitoral.com.ar\\\/eliminatorias-brasil-ya-tiene-11-confirmado-para-enfrentar-a-argentina\\\/#respond\"]}]},{\"@type\":\"WebPage\",\"@id\":\"https:\\\/\\\/informelitoral.com.ar\\\/eliminatorias-brasil-ya-tiene-11-confirmado-para-enfrentar-a-argentina\\\/\",\"url\":\"https:\\\/\\\/informelitoral.com.ar\\\/eliminatorias-brasil-ya-tiene-11-confirmado-para-enfrentar-a-argentina\\\/\",\"name\":\"Eliminatorias: Brasil ya tiene 11 confirmado para enfrentar a Argentina - Informe Litoral\",\"isPartOf\":{\"@id\":\"https:\\\/\\\/informelitoral.com.ar\\\/#website\"},\"primaryImageOfPage\":{\"@id\":\"https:\\\/\\\/informelitoral.com.ar\\\/eliminatorias-brasil-ya-tiene-11-confirmado-para-enfrentar-a-argentina\\\/#primaryimage\"},\"image\":{\"@id\":\"https:\\\/\\\/informelitoral.com.ar\\\/eliminatorias-brasil-ya-tiene-11-confirmado-para-enfrentar-a-argentina\\\/#primaryimage\"},\"thumbnailUrl\":\"https:\\\/\\\/informelitoral.com.ar\\\/%77%70%2d%63%6f%6e%74%65%6e%74\\\/uploads\\\/2025\\\/03\\\/Argentina-vs-Brasil.jpg\",\"datePublished\":\"2025-03-25T11:44:24+00:00\",\"breadcrumb\":{\"@id\":\"https:\\\/\\\/informelitoral.com.ar\\\/eliminatorias-brasil-ya-tiene-11-confirmado-para-enfrentar-a-argentina\\\/#breadcrumb\"},\"inLanguage\":\"es\",\"potentialAction\":[{\"@type\":\"ReadAction\",\"target\":[\"https:\\\/\\\/informelitoral.com.ar\\\/eliminatorias-brasil-ya-tiene-11-confirmado-para-enfrentar-a-argentina\\\/\"]}]},{\"@type\":\"ImageObject\",\"inLanguage\":\"es\",\"@id\":\"https:\\\/\\\/informelitoral.com.ar\\\/eliminatorias-brasil-ya-tiene-11-confirmado-para-enfrentar-a-argentina\\\/#primaryimage\",\"url\":\"https:\\\/\\\/informelitoral.com.ar\\\/%77%70%2d%63%6f%6e%74%65%6e%74\\\/uploads\\\/2025\\\/03\\\/Argentina-vs-Brasil.jpg\",\"contentUrl\":\"https:\\\/\\\/informelitoral.com.ar\\\/%77%70%2d%63%6f%6e%74%65%6e%74\\\/uploads\\\/2025\\\/03\\\/Argentina-vs-Brasil.jpg\",\"width\":1920,\"height\":1080},{\"@type\":\"BreadcrumbList\",\"@id\":\"https:\\\/\\\/informelitoral.com.ar\\\/eliminatorias-brasil-ya-tiene-11-confirmado-para-enfrentar-a-argentina\\\/#breadcrumb\",\"itemListElement\":[{\"@type\":\"ListItem\",\"position\":1,\"name\":\"Portada\",\"item\":\"https:\\\/\\\/informelitoral.com.ar\\\/\"},{\"@type\":\"ListItem\",\"position\":2,\"name\":\"Eliminatorias: Brasil ya tiene 11 confirmado para enfrentar a Argentina\"}]},{\"@type\":\"WebSite\",\"@id\":\"https:\\\/\\\/informelitoral.com.ar\\\/#website\",\"url\":\"https:\\\/\\\/informelitoral.com.ar\\\/\",\"name\":\"Informe Litoral\",\"description\":\"&quot;Nos informamos&quot; \",\"publisher\":{\"@id\":\"https:\\\/\\\/informelitoral.com.ar\\\/#organization\"},\"potentialAction\":[{\"@type\":\"SearchAction\",\"target\":{\"@type\":\"EntryPoint\",\"urlTemplate\":\"https:\\\/\\\/informelitoral.com.ar\\\/?s={search_term_string}\"},\"query-input\":{\"@type\":\"PropertyValueSpecification\",\"valueRequired\":true,\"valueName\":\"search_term_string\"}}],\"inLanguage\":\"es\"},{\"@type\":\"Organization\",\"@id\":\"https:\\\/\\\/informelitoral.com.ar\\\/#organization\",\"name\":\"Informe Litoral\",\"url\":\"https:\\\/\\\/informelitoral.com.ar\\\/\",\"logo\":{\"@type\":\"ImageObject\",\"inLanguage\":\"es\",\"@id\":\"https:\\\/\\\/informelitoral.com.ar\\\/#\\\/schema\\\/logo\\\/image\\\/\",\"url\":\"https:\\\/\\\/informelitoral.com.ar\\\/%77%70%2d%63%6f%6e%74%65%6e%74\\\/uploads\\\/2021\\\/01\\\/circulo.png\",\"contentUrl\":\"https:\\\/\\\/informelitoral.com.ar\\\/%77%70%2d%63%6f%6e%74%65%6e%74\\\/uploads\\\/2021\\\/01\\\/circulo.png\",\"width\":723,\"height\":731,\"caption\":\"Informe Litoral\"},\"image\":{\"@id\":\"https:\\\/\\\/informelitoral.com.ar\\\/#\\\/schema\\\/logo\\\/image\\\/\"},\"sameAs\":[\"https:\\\/\\\/www.facebook.com\\\/informelitoral\\\/\",\"https:\\\/\\\/x.com\\\/InformeLitoral\",\"https:\\\/\\\/www.instagram.com\\\/informelitoral\\\/\",\"https:\\\/\\\/www.youtube.com\\\/channel\\\/UCua4Qvz8Icb6MYqhoq9xLXw\"]},{\"@type\":\"Person\",\"@id\":\"https:\\\/\\\/informelitoral.com.ar\\\/#\\\/schema\\\/person\\\/f05f9f461677119578717524b127d6d5\",\"name\":\"Sebastian\",\"image\":{\"@type\":\"ImageObject\",\"inLanguage\":\"es\",\"@id\":\"https:\\\/\\\/secure.gravatar.com\\\/avatar\\\/b71bf7481d447dfb9583c7f2798e7cc64de6efb9067b74633ed8c31059a3bd82?s=96&d=mm&r=g\",\"url\":\"https:\\\/\\\/secure.gravatar.com\\\/avatar\\\/b71bf7481d447dfb9583c7f2798e7cc64de6efb9067b74633ed8c31059a3bd82?s=96&d=mm&r=g\",\"contentUrl\":\"https:\\\/\\\/secure.gravatar.com\\\/avatar\\\/b71bf7481d447dfb9583c7f2798e7cc64de6efb9067b74633ed8c31059a3bd82?s=96&d=mm&r=g\",\"caption\":\"Sebastian\"},\"url\":\"https:\\\/\\\/informelitoral.com.ar\\\/author\\\/sebastian\\\/\"}]}<\/script>","yoast_head_json":{"title":"Eliminatorias: Brasil ya tiene 11 confirmado para enfrentar a Argentina - Informe Litoral","robots":{"index":"index","follow":"follow","max-snippet":"max-snippet:-1","max-image-preview":"max-image-preview:large","max-video-preview":"max-video-preview:-1"},"canonical":"https:\/\/informelitoral.com.ar\/eliminatorias-brasil-ya-tiene-11-confirmado-para-enfrentar-a-argentina\/","og_locale":"es_ES","og_type":"article","og_title":"Eliminatorias: Brasil ya tiene 11 confirmado para enfrentar a Argentina - Informe Litoral","og_description":"El DT Dorival Jr. meti\u00f3 mano y la Verdeamarela saldr\u00e1 a la cancha con seis cambios en relaci\u00f3n al \u00faltimo encuentro frente a Colombia","og_url":"https:\/\/informelitoral.com.ar\/eliminatorias-brasil-ya-tiene-11-confirmado-para-enfrentar-a-argentina\/","og_site_name":"Informe Litoral","article_publisher":"https:\/\/www.facebook.com\/informelitoral\/","article_published_time":"2025-03-25T11:44:24+00:00","og_image":[{"width":1920,"height":1080,"url":"https:\/\/informelitoral.com.ar\/%77%70%2d%63%6f%6e%74%65%6e%74\/uploads\/2025\/03\/Argentina-vs-Brasil.jpg","type":"image\/jpeg"}],"author":"Sebastian","twitter_card":"summary_large_image","twitter_creator":"@InformeLitoral","twitter_site":"@InformeLitoral","twitter_misc":{"Escrito por":"Sebastian","Tiempo de lectura":"1 minuto"},"schema":{"@context":"https:\/\/schema.org","@graph":[{"@type":"Article","@id":"https:\/\/informelitoral.com.ar\/eliminatorias-brasil-ya-tiene-11-confirmado-para-enfrentar-a-argentina\/#article","isPartOf":{"@id":"https:\/\/informelitoral.com.ar\/eliminatorias-brasil-ya-tiene-11-confirmado-para-enfrentar-a-argentina\/"},"author":{"name":"Sebastian","@id":"https:\/\/informelitoral.com.ar\/#\/schema\/person\/f05f9f461677119578717524b127d6d5"},"headline":"Eliminatorias: Brasil ya tiene 11 confirmado para enfrentar a Argentina","datePublished":"2025-03-25T11:44:24+00:00","mainEntityOfPage":{"@id":"https:\/\/informelitoral.com.ar\/eliminatorias-brasil-ya-tiene-11-confirmado-para-enfrentar-a-argentina\/"},"wordCount":252,"commentCount":0,"publisher":{"@id":"https:\/\/informelitoral.com.ar\/#organization"},"image":{"@id":"https:\/\/informelitoral.com.ar\/eliminatorias-brasil-ya-tiene-11-confirmado-para-enfrentar-a-argentina\/#primaryimage"},"thumbnailUrl":"https:\/\/informelitoral.com.ar\/%77%70%2d%63%6f%6e%74%65%6e%74\/uploads\/2025\/03\/Argentina-vs-Brasil.jpg","keywords":["Brasil","Eliminatorias Sudamericanas","Partido","Selecci\u00f3n argentina"],"articleSection":["Deportes"],"inLanguage":"es","potentialAction":[{"@type":"CommentAction","name":"Comment","target":["https:\/\/informelitoral.com.ar\/eliminatorias-brasil-ya-tiene-11-confirmado-para-enfrentar-a-argentina\/#respond"]}]},{"@type":"WebPage","@id":"https:\/\/informelitoral.com.ar\/eliminatorias-brasil-ya-tiene-11-confirmado-para-enfrentar-a-argentina\/","url":"https:\/\/informelitoral.com.ar\/eliminatorias-brasil-ya-tiene-11-confirmado-para-enfrentar-a-argentina\/","name":"Eliminatorias: Brasil ya tiene 11 confirmado para enfrentar a Argentina - Informe Litoral","isPartOf":{"@id":"https:\/\/informelitoral.com.ar\/#website"},"primaryImageOfPage":{"@id":"https:\/\/informelitoral.com.ar\/eliminatorias-brasil-ya-tiene-11-confirmado-para-enfrentar-a-argentina\/#primaryimage"},"image":{"@id":"https:\/\/informelitoral.com.ar\/eliminatorias-brasil-ya-tiene-11-confirmado-para-enfrentar-a-argentina\/#primaryimage"},"thumbnailUrl":"https:\/\/informelitoral.com.ar\/%77%70%2d%63%6f%6e%74%65%6e%74\/uploads\/2025\/03\/Argentina-vs-Brasil.jpg","datePublished":"2025-03-25T11:44:24+00:00","breadcrumb":{"@id":"https:\/\/informelitoral.com.ar\/eliminatorias-brasil-ya-tiene-11-confirmado-para-enfrentar-a-argentina\/#breadcrumb"},"inLanguage":"es","potentialAction":[{"@type":"ReadAction","target":["https:\/\/informelitoral.com.ar\/eliminatorias-brasil-ya-tiene-11-confirmado-para-enfrentar-a-argentina\/"]}]},{"@type":"ImageObject","inLanguage":"es","@id":"https:\/\/informelitoral.com.ar\/eliminatorias-brasil-ya-tiene-11-confirmado-para-enfrentar-a-argentina\/#primaryimage","url":"https:\/\/informelitoral.com.ar\/%77%70%2d%63%6f%6e%74%65%6e%74\/uploads\/2025\/03\/Argentina-vs-Brasil.jpg","contentUrl":"https:\/\/informelitoral.com.ar\/%77%70%2d%63%6f%6e%74%65%6e%74\/uploads\/2025\/03\/Argentina-vs-Brasil.jpg","width":1920,"height":1080},{"@type":"BreadcrumbList","@id":"https:\/\/informelitoral.com.ar\/eliminatorias-brasil-ya-tiene-11-confirmado-para-enfrentar-a-argentina\/#breadcrumb","itemListElement":[{"@type":"ListItem","position":1,"name":"Portada","item":"https:\/\/informelitoral.com.ar\/"},{"@type":"ListItem","position":2,"name":"Eliminatorias: Brasil ya tiene 11 confirmado para enfrentar a Argentina"}]},{"@type":"WebSite","@id":"https:\/\/informelitoral.com.ar\/#website","url":"https:\/\/informelitoral.com.ar\/","name":"Informe Litoral","description":"&quot;Nos informamos&quot; ","publisher":{"@id":"https:\/\/informelitoral.com.ar\/#organization"},"potentialAction":[{"@type":"SearchAction","target":{"@type":"EntryPoint","urlTemplate":"https:\/\/informelitoral.com.ar\/?s={search_term_string}"},"query-input":{"@type":"PropertyValueSpecification","valueRequired":true,"valueName":"search_term_string"}}],"inLanguage":"es"},{"@type":"Organization","@id":"https:\/\/informelitoral.com.ar\/#organization","name":"Informe Litoral","url":"https:\/\/informelitoral.com.ar\/","logo":{"@type":"ImageObject","inLanguage":"es","@id":"https:\/\/informelitoral.com.ar\/#\/schema\/logo\/image\/","url":"https:\/\/informelitoral.com.ar\/%77%70%2d%63%6f%6e%74%65%6e%74\/uploads\/2021\/01\/circulo.png","contentUrl":"https:\/\/informelitoral.com.ar\/%77%70%2d%63%6f%6e%74%65%6e%74\/uploads\/2021\/01\/circulo.png","width":723,"height":731,"caption":"Informe Litoral"},"image":{"@id":"https:\/\/informelitoral.com.ar\/#\/schema\/logo\/image\/"},"sameAs":["https:\/\/www.facebook.com\/informelitoral\/","https:\/\/x.com\/InformeLitoral","https:\/\/www.instagram.com\/informelitoral\/","https:\/\/www.youtube.com\/channel\/UCua4Qvz8Icb6MYqhoq9xLXw"]},{"@type":"Person","@id":"https:\/\/informelitoral.com.ar\/#\/schema\/person\/f05f9f461677119578717524b127d6d5","name":"Sebastian","image":{"@type":"ImageObject","inLanguage":"es","@id":"https:\/\/secure.gravatar.com\/avatar\/b71bf7481d447dfb9583c7f2798e7cc64de6efb9067b74633ed8c31059a3bd82?s=96&d=mm&r=g","url":"https:\/\/secure.gravatar.com\/avatar\/b71bf7481d447dfb9583c7f2798e7cc64de6efb9067b74633ed8c31059a3bd82?s=96&d=mm&r=g","contentUrl":"https:\/\/secure.gravatar.com\/avatar\/b71bf7481d447dfb9583c7f2798e7cc64de6efb9067b74633ed8c31059a3bd82?s=96&d=mm&r=g","caption":"Sebastian"},"url":"https:\/\/informelitoral.com.ar\/author\/sebastian\/"}]}},"_links":{"self":[{"href":"https:\/\/informelitoral.com.ar\/%77%70%2d%6a%73%6f%6e\/wp\/v2\/posts\/216109","targetHints":{"allow":["GET"]}}],"collection":[{"href":"https:\/\/informelitoral.com.ar\/%77%70%2d%6a%73%6f%6e\/wp\/v2\/posts"}],"about":[{"href":"https:\/\/informelitoral.com.ar\/%77%70%2d%6a%73%6f%6e\/wp\/v2\/types\/post"}],"author":[{"embeddable":true,"href":"https:\/\/informelitoral.com.ar\/%77%70%2d%6a%73%6f%6e\/wp\/v2\/users\/8"}],"replies":[{"embeddable":true,"href":"https:\/\/informelitoral.com.ar\/%77%70%2d%6a%73%6f%6e\/wp\/v2\/comments?post=216109"}],"version-history":[{"count":0,"href":"https:\/\/informelitoral.com.ar\/%77%70%2d%6a%73%6f%6e\/wp\/v2\/posts\/216109\/revisions"}],"wp:featuredmedia":[{"embeddable":true,"href":"https:\/\/informelitoral.com.ar\/%77%70%2d%6a%73%6f%6e\/wp\/v2\/media\/216110"}],"wp:attachment":[{"href":"https:\/\/informelitoral.com.ar\/%77%70%2d%6a%73%6f%6e\/wp\/v2\/media?parent=216109"}],"wp:term":[{"taxonomy":"category","embeddable":true,"href":"https:\/\/informelitoral.com.ar\/%77%70%2d%6a%73%6f%6e\/wp\/v2\/categories?post=216109"},{"taxonomy":"post_tag","embeddable":true,"href":"https:\/\/informelitoral.com.ar\/%77%70%2d%6a%73%6f%6e\/wp\/v2\/tags?post=216109"}],"curies":[{"name":"wp","href":"https:\/\/api.w.org\/{rel}","templated":true}]}}