{"id":216076,"date":"2025-03-25T06:54:53","date_gmt":"2025-03-25T09:54:53","guid":{"rendered":"https:\/\/informelitoral.com.ar\/?p=216076"},"modified":"2025-03-25T06:54:53","modified_gmt":"2025-03-25T09:54:53","slug":"san-jaime-de-la-frontera-y-ubajay-mostraran-sus-atractivos-en-la-noche-de-las-ciudades","status":"publish","type":"post","link":"https:\/\/informelitoral.com.ar\/san-jaime-de-la-frontera-y-ubajay-mostraran-sus-atractivos-en-la-noche-de-las-ciudades\/","title":{"rendered":"San Jaime de la Frontera y Ubajay mostrar\u00e1n sus atractivos en La Noche de las Ciudades"},"content":{"rendered":"<p>El objetivo de la iniciativa es vincular a gestores, instituciones y organizaciones de la sociedad. Al mismo tiempo se pretende incentivar la presencia de actividades, acciones y hacedores culturales de toda la provincia, y garantizar una oferta atractiva y diversa.<\/p>\n<div class=\"adserver-zonas-noticias bannerLoaded\" data-index=\"0\"><\/div>\n<p>En el marco de la propuesta, ambas localidades compartir\u00e1n con el p\u00fablico diversos atractivos; proponiendo un cruce cultural, gastron\u00f3mico, tur\u00edstico e industrial.<\/p>\n<h1><strong>Lo que presentar\u00e1 cada localidad<\/strong><\/h1>\n<h2><strong>San Jaime de la Frontera<\/strong><\/h2>\n<div class=\"adserver-zonas-noticias\" data-index=\"3\"><\/div>\n<p>&#8211; Ballet Municipal.<\/p>\n<div class=\"adserver-zonas-noticias bannerLoaded\" data-index=\"4\"><\/div>\n<p>&#8211; Grupo Musical La Cruz Chamamecera.<\/p>\n<div class=\"adserver-zonas-noticias\" data-index=\"5\"><\/div>\n<p>&#8211; Artesanas locales.<\/p>\n<div class=\"adserver-zonas-noticias\" data-index=\"6\"><\/div>\n<p>&#8211; Estand de escritores independientes.<\/p>\n<div class=\"adserver-zonas-noticias\" data-index=\"7\"><\/div>\n<p>&#8211; Ganadoras del Concurso de Asadoras.<\/p>\n<div class=\"adserver-zonas-noticias\" data-index=\"8\"><\/div>\n<p>&#8211; Promotores.<\/p>\n<div class=\"adserver-zonas-noticias\" data-index=\"9\"><\/div>\n<p>&#8211; Presentaci\u00f3n de stand con artesan\u00edas y productos realizados en lana.<\/p>\n<div class=\"adserver-zonas-noticias\" data-index=\"10\"><\/div>\n<p>&#8211; Proyecci\u00f3n de im\u00e1genes de la localidad.<\/p>\n<div class=\"adserver-zonas-noticias\" data-index=\"11\"><\/div>\n<p>&#8211; Estand de degustaci\u00f3n de comidas.<\/p>\n<div class=\"adserver-zonas-noticias\" data-index=\"12\"><\/div>\n<h2><strong>Ubajay<\/strong><\/h2>\n<div class=\"adserver-zonas-noticias\" data-index=\"13\"><\/div>\n<p>&#8211; Exposici\u00f3n y degustaci\u00f3n de productos gastron\u00f3micos elaborados con el fruto de la palmera\u00a0<em>Buti\u00e1 Yatay<\/em>.<\/p>\n<div class=\"adserver-zonas-noticias\" data-index=\"14\"><\/div>\n<p>&#8211; Promoci\u00f3n de vinos provenientes de los vi\u00f1edos de las bodegas cercanas.<\/p>\n<div class=\"adserver-zonas-noticias\" data-index=\"15\"><\/div>\n<p>&#8211; Estand para la difusi\u00f3n de la importancia de la industria maderera en nuestra econom\u00eda.<\/p>\n<div class=\"adserver-zonas-noticias\" data-index=\"16\"><\/div>\n<p>&#8211; Estand para conocer el Parque Nacional El Palmar y la Reserva Ecol\u00f3gica Aurora del Palmar como atractivos tur\u00edsticos naturales de nuestra regi\u00f3n.<\/p>\n","protected":false},"excerpt":{"rendered":"<p>El evento ser\u00e1 el s\u00e1bado 29 de marzo a partir de las 20.30 en la Casa de la Cultura de Entre R\u00edos (Enrique Carb\u00f3 194, Paran\u00e1). Habr\u00e1 espect\u00e1culos, estands informativos y gastronom\u00eda. La organiza la Secretar\u00eda de Cultura de Entre R\u00edos y la entrada ser\u00e1 libre y gratuita.<\/p>\n","protected":false},"author":2,"featured_media":216077,"comment_status":"open","ping_status":"open","sticky":false,"template":"","format":"standard","meta":{"fifu_image_url":"","fifu_image_alt":"","footnotes":""},"categories":[6],"tags":[150,2245],"class_list":{"0":"post-216076","1":"post","2":"type-post","3":"status-publish","4":"format-standard","5":"has-post-thumbnail","7":"category-entre-rios","8":"tag-cultura","9":"tag-san-jaime"},"yoast_head":"<title>San Jaime de la Frontera y Ubajay mostrar\u00e1n sus atractivos en La Noche de las Ciudades - Informe Litoral<\/title>\n<meta name=\"robots\" content=\"index, follow, max-snippet:-1, max-image-preview:large, max-video-preview:-1\" \/>\n<link rel=\"canonical\" href=\"https:\/\/informelitoral.com.ar\/san-jaime-de-la-frontera-y-ubajay-mostraran-sus-atractivos-en-la-noche-de-las-ciudades\/\" \/>\n<meta property=\"og:locale\" content=\"es_ES\" \/>\n<meta property=\"og:type\" content=\"article\" \/>\n<meta property=\"og:title\" content=\"San Jaime de la Frontera y Ubajay mostrar\u00e1n sus atractivos en La Noche de las Ciudades - Informe Litoral\" \/>\n<meta property=\"og:description\" content=\"El evento ser\u00e1 el s\u00e1bado 29 de marzo a partir de las 20.30 en la Casa de la Cultura de Entre R\u00edos (Enrique Carb\u00f3 194, Paran\u00e1). Habr\u00e1 espect\u00e1culos, estands informativos y gastronom\u00eda. La organiza la Secretar\u00eda de Cultura de Entre R\u00edos y la entrada ser\u00e1 libre y gratuita.\" \/>\n<meta property=\"og:url\" content=\"https:\/\/informelitoral.com.ar\/san-jaime-de-la-frontera-y-ubajay-mostraran-sus-atractivos-en-la-noche-de-las-ciudades\/\" \/>\n<meta property=\"og:site_name\" content=\"Informe Litoral\" \/>\n<meta property=\"article:publisher\" content=\"https:\/\/www.facebook.com\/informelitoral\/\" \/>\n<meta property=\"article:published_time\" content=\"2025-03-25T09:54:53+00:00\" \/>\n<meta property=\"og:image\" content=\"https:\/\/informelitoral.com.ar\/%77%70%2d%63%6f%6e%74%65%6e%74\/uploads\/2025\/03\/san-jaime-ubajai-casa-de-la-cultura.jpg\" \/>\n\t<meta property=\"og:image:width\" content=\"1600\" \/>\n\t<meta property=\"og:image:height\" content=\"1067\" \/>\n\t<meta property=\"og:image:type\" content=\"image\/jpeg\" \/>\n<meta name=\"author\" content=\"Gonzalo Schmidt\" \/>\n<meta name=\"twitter:card\" content=\"summary_large_image\" \/>\n<meta name=\"twitter:creator\" content=\"@InformeLitoral\" \/>\n<meta name=\"twitter:site\" content=\"@InformeLitoral\" \/>\n<meta name=\"twitter:label1\" content=\"Escrito por\" \/>\n\t<meta name=\"twitter:data1\" content=\"Gonzalo Schmidt\" \/>\n\t<meta name=\"twitter:label2\" content=\"Tiempo de lectura\" \/>\n\t<meta name=\"twitter:data2\" content=\"1 minuto\" \/>\n<script type=\"application\/ld+json\" class=\"yoast-schema-graph\">{\"@context\":\"https:\\\/\\\/schema.org\",\"@graph\":[{\"@type\":\"Article\",\"@id\":\"https:\\\/\\\/informelitoral.com.ar\\\/san-jaime-de-la-frontera-y-ubajay-mostraran-sus-atractivos-en-la-noche-de-las-ciudades\\\/#article\",\"isPartOf\":{\"@id\":\"https:\\\/\\\/informelitoral.com.ar\\\/san-jaime-de-la-frontera-y-ubajay-mostraran-sus-atractivos-en-la-noche-de-las-ciudades\\\/\"},\"author\":{\"name\":\"Gonzalo Schmidt\",\"@id\":\"https:\\\/\\\/informelitoral.com.ar\\\/#\\\/schema\\\/person\\\/b9d00407c836482871ef1d57bf8e3180\"},\"headline\":\"San Jaime de la Frontera y Ubajay mostrar\u00e1n sus atractivos en La Noche de las Ciudades\",\"datePublished\":\"2025-03-25T09:54:53+00:00\",\"mainEntityOfPage\":{\"@id\":\"https:\\\/\\\/informelitoral.com.ar\\\/san-jaime-de-la-frontera-y-ubajay-mostraran-sus-atractivos-en-la-noche-de-las-ciudades\\\/\"},\"wordCount\":224,\"commentCount\":0,\"publisher\":{\"@id\":\"https:\\\/\\\/informelitoral.com.ar\\\/#organization\"},\"image\":{\"@id\":\"https:\\\/\\\/informelitoral.com.ar\\\/san-jaime-de-la-frontera-y-ubajay-mostraran-sus-atractivos-en-la-noche-de-las-ciudades\\\/#primaryimage\"},\"thumbnailUrl\":\"https:\\\/\\\/informelitoral.com.ar\\\/%77%70%2d%63%6f%6e%74%65%6e%74\\\/uploads\\\/2025\\\/03\\\/san-jaime-ubajai-casa-de-la-cultura.jpg\",\"keywords\":[\"Cultura\",\"San Jaime\"],\"articleSection\":[\"Entre R\u00edos\"],\"inLanguage\":\"es\",\"potentialAction\":[{\"@type\":\"CommentAction\",\"name\":\"Comment\",\"target\":[\"https:\\\/\\\/informelitoral.com.ar\\\/san-jaime-de-la-frontera-y-ubajay-mostraran-sus-atractivos-en-la-noche-de-las-ciudades\\\/#respond\"]}]},{\"@type\":\"WebPage\",\"@id\":\"https:\\\/\\\/informelitoral.com.ar\\\/san-jaime-de-la-frontera-y-ubajay-mostraran-sus-atractivos-en-la-noche-de-las-ciudades\\\/\",\"url\":\"https:\\\/\\\/informelitoral.com.ar\\\/san-jaime-de-la-frontera-y-ubajay-mostraran-sus-atractivos-en-la-noche-de-las-ciudades\\\/\",\"name\":\"San Jaime de la Frontera y Ubajay mostrar\u00e1n sus atractivos en La Noche de las Ciudades - Informe Litoral\",\"isPartOf\":{\"@id\":\"https:\\\/\\\/informelitoral.com.ar\\\/#website\"},\"primaryImageOfPage\":{\"@id\":\"https:\\\/\\\/informelitoral.com.ar\\\/san-jaime-de-la-frontera-y-ubajay-mostraran-sus-atractivos-en-la-noche-de-las-ciudades\\\/#primaryimage\"},\"image\":{\"@id\":\"https:\\\/\\\/informelitoral.com.ar\\\/san-jaime-de-la-frontera-y-ubajay-mostraran-sus-atractivos-en-la-noche-de-las-ciudades\\\/#primaryimage\"},\"thumbnailUrl\":\"https:\\\/\\\/informelitoral.com.ar\\\/%77%70%2d%63%6f%6e%74%65%6e%74\\\/uploads\\\/2025\\\/03\\\/san-jaime-ubajai-casa-de-la-cultura.jpg\",\"datePublished\":\"2025-03-25T09:54:53+00:00\",\"breadcrumb\":{\"@id\":\"https:\\\/\\\/informelitoral.com.ar\\\/san-jaime-de-la-frontera-y-ubajay-mostraran-sus-atractivos-en-la-noche-de-las-ciudades\\\/#breadcrumb\"},\"inLanguage\":\"es\",\"potentialAction\":[{\"@type\":\"ReadAction\",\"target\":[\"https:\\\/\\\/informelitoral.com.ar\\\/san-jaime-de-la-frontera-y-ubajay-mostraran-sus-atractivos-en-la-noche-de-las-ciudades\\\/\"]}]},{\"@type\":\"ImageObject\",\"inLanguage\":\"es\",\"@id\":\"https:\\\/\\\/informelitoral.com.ar\\\/san-jaime-de-la-frontera-y-ubajay-mostraran-sus-atractivos-en-la-noche-de-las-ciudades\\\/#primaryimage\",\"url\":\"https:\\\/\\\/informelitoral.com.ar\\\/%77%70%2d%63%6f%6e%74%65%6e%74\\\/uploads\\\/2025\\\/03\\\/san-jaime-ubajai-casa-de-la-cultura.jpg\",\"contentUrl\":\"https:\\\/\\\/informelitoral.com.ar\\\/%77%70%2d%63%6f%6e%74%65%6e%74\\\/uploads\\\/2025\\\/03\\\/san-jaime-ubajai-casa-de-la-cultura.jpg\",\"width\":1600,\"height\":1067},{\"@type\":\"BreadcrumbList\",\"@id\":\"https:\\\/\\\/informelitoral.com.ar\\\/san-jaime-de-la-frontera-y-ubajay-mostraran-sus-atractivos-en-la-noche-de-las-ciudades\\\/#breadcrumb\",\"itemListElement\":[{\"@type\":\"ListItem\",\"position\":1,\"name\":\"Portada\",\"item\":\"https:\\\/\\\/informelitoral.com.ar\\\/\"},{\"@type\":\"ListItem\",\"position\":2,\"name\":\"San Jaime de la Frontera y Ubajay mostrar\u00e1n sus atractivos en La Noche de las Ciudades\"}]},{\"@type\":\"WebSite\",\"@id\":\"https:\\\/\\\/informelitoral.com.ar\\\/#website\",\"url\":\"https:\\\/\\\/informelitoral.com.ar\\\/\",\"name\":\"Informe Litoral\",\"description\":\"&quot;Nos informamos&quot; \",\"publisher\":{\"@id\":\"https:\\\/\\\/informelitoral.com.ar\\\/#organization\"},\"potentialAction\":[{\"@type\":\"SearchAction\",\"target\":{\"@type\":\"EntryPoint\",\"urlTemplate\":\"https:\\\/\\\/informelitoral.com.ar\\\/?s={search_term_string}\"},\"query-input\":{\"@type\":\"PropertyValueSpecification\",\"valueRequired\":true,\"valueName\":\"search_term_string\"}}],\"inLanguage\":\"es\"},{\"@type\":\"Organization\",\"@id\":\"https:\\\/\\\/informelitoral.com.ar\\\/#organization\",\"name\":\"Informe Litoral\",\"url\":\"https:\\\/\\\/informelitoral.com.ar\\\/\",\"logo\":{\"@type\":\"ImageObject\",\"inLanguage\":\"es\",\"@id\":\"https:\\\/\\\/informelitoral.com.ar\\\/#\\\/schema\\\/logo\\\/image\\\/\",\"url\":\"https:\\\/\\\/informelitoral.com.ar\\\/%77%70%2d%63%6f%6e%74%65%6e%74\\\/uploads\\\/2021\\\/01\\\/circulo.png\",\"contentUrl\":\"https:\\\/\\\/informelitoral.com.ar\\\/%77%70%2d%63%6f%6e%74%65%6e%74\\\/uploads\\\/2021\\\/01\\\/circulo.png\",\"width\":723,\"height\":731,\"caption\":\"Informe Litoral\"},\"image\":{\"@id\":\"https:\\\/\\\/informelitoral.com.ar\\\/#\\\/schema\\\/logo\\\/image\\\/\"},\"sameAs\":[\"https:\\\/\\\/www.facebook.com\\\/informelitoral\\\/\",\"https:\\\/\\\/x.com\\\/InformeLitoral\",\"https:\\\/\\\/www.instagram.com\\\/informelitoral\\\/\",\"https:\\\/\\\/www.youtube.com\\\/channel\\\/UCua4Qvz8Icb6MYqhoq9xLXw\"]},{\"@type\":\"Person\",\"@id\":\"https:\\\/\\\/informelitoral.com.ar\\\/#\\\/schema\\\/person\\\/b9d00407c836482871ef1d57bf8e3180\",\"name\":\"Gonzalo Schmidt\",\"image\":{\"@type\":\"ImageObject\",\"inLanguage\":\"es\",\"@id\":\"https:\\\/\\\/secure.gravatar.com\\\/avatar\\\/31a1a7b66ff2de83bd0e9fd79d026630d2d99e55e8bfe501287647b4fd9743de?s=96&d=mm&r=g\",\"url\":\"https:\\\/\\\/secure.gravatar.com\\\/avatar\\\/31a1a7b66ff2de83bd0e9fd79d026630d2d99e55e8bfe501287647b4fd9743de?s=96&d=mm&r=g\",\"contentUrl\":\"https:\\\/\\\/secure.gravatar.com\\\/avatar\\\/31a1a7b66ff2de83bd0e9fd79d026630d2d99e55e8bfe501287647b4fd9743de?s=96&d=mm&r=g\",\"caption\":\"Gonzalo Schmidt\"},\"description\":\"Sitio web de noticias de la provincia de Entre R\u00edos, Argentina. Informaci\u00f3n y entretenimiento. Informe Litoral, nos informamos.\",\"sameAs\":[\"http:\\\/\\\/www.isletasnoticias.com.ar\"],\"url\":\"https:\\\/\\\/informelitoral.com.ar\\\/author\\\/gonzalo\\\/\"}]}<\/script>","yoast_head_json":{"title":"San Jaime de la Frontera y Ubajay mostrar\u00e1n sus atractivos en La Noche de las Ciudades - Informe Litoral","robots":{"index":"index","follow":"follow","max-snippet":"max-snippet:-1","max-image-preview":"max-image-preview:large","max-video-preview":"max-video-preview:-1"},"canonical":"https:\/\/informelitoral.com.ar\/san-jaime-de-la-frontera-y-ubajay-mostraran-sus-atractivos-en-la-noche-de-las-ciudades\/","og_locale":"es_ES","og_type":"article","og_title":"San Jaime de la Frontera y Ubajay mostrar\u00e1n sus atractivos en La Noche de las Ciudades - Informe Litoral","og_description":"El evento ser\u00e1 el s\u00e1bado 29 de marzo a partir de las 20.30 en la Casa de la Cultura de Entre R\u00edos (Enrique Carb\u00f3 194, Paran\u00e1). Habr\u00e1 espect\u00e1culos, estands informativos y gastronom\u00eda. La organiza la Secretar\u00eda de Cultura de Entre R\u00edos y la entrada ser\u00e1 libre y gratuita.","og_url":"https:\/\/informelitoral.com.ar\/san-jaime-de-la-frontera-y-ubajay-mostraran-sus-atractivos-en-la-noche-de-las-ciudades\/","og_site_name":"Informe Litoral","article_publisher":"https:\/\/www.facebook.com\/informelitoral\/","article_published_time":"2025-03-25T09:54:53+00:00","og_image":[{"width":1600,"height":1067,"url":"https:\/\/informelitoral.com.ar\/%77%70%2d%63%6f%6e%74%65%6e%74\/uploads\/2025\/03\/san-jaime-ubajai-casa-de-la-cultura.jpg","type":"image\/jpeg"}],"author":"Gonzalo Schmidt","twitter_card":"summary_large_image","twitter_creator":"@InformeLitoral","twitter_site":"@InformeLitoral","twitter_misc":{"Escrito por":"Gonzalo Schmidt","Tiempo de lectura":"1 minuto"},"schema":{"@context":"https:\/\/schema.org","@graph":[{"@type":"Article","@id":"https:\/\/informelitoral.com.ar\/san-jaime-de-la-frontera-y-ubajay-mostraran-sus-atractivos-en-la-noche-de-las-ciudades\/#article","isPartOf":{"@id":"https:\/\/informelitoral.com.ar\/san-jaime-de-la-frontera-y-ubajay-mostraran-sus-atractivos-en-la-noche-de-las-ciudades\/"},"author":{"name":"Gonzalo Schmidt","@id":"https:\/\/informelitoral.com.ar\/#\/schema\/person\/b9d00407c836482871ef1d57bf8e3180"},"headline":"San Jaime de la Frontera y Ubajay mostrar\u00e1n sus atractivos en La Noche de las Ciudades","datePublished":"2025-03-25T09:54:53+00:00","mainEntityOfPage":{"@id":"https:\/\/informelitoral.com.ar\/san-jaime-de-la-frontera-y-ubajay-mostraran-sus-atractivos-en-la-noche-de-las-ciudades\/"},"wordCount":224,"commentCount":0,"publisher":{"@id":"https:\/\/informelitoral.com.ar\/#organization"},"image":{"@id":"https:\/\/informelitoral.com.ar\/san-jaime-de-la-frontera-y-ubajay-mostraran-sus-atractivos-en-la-noche-de-las-ciudades\/#primaryimage"},"thumbnailUrl":"https:\/\/informelitoral.com.ar\/%77%70%2d%63%6f%6e%74%65%6e%74\/uploads\/2025\/03\/san-jaime-ubajai-casa-de-la-cultura.jpg","keywords":["Cultura","San Jaime"],"articleSection":["Entre R\u00edos"],"inLanguage":"es","potentialAction":[{"@type":"CommentAction","name":"Comment","target":["https:\/\/informelitoral.com.ar\/san-jaime-de-la-frontera-y-ubajay-mostraran-sus-atractivos-en-la-noche-de-las-ciudades\/#respond"]}]},{"@type":"WebPage","@id":"https:\/\/informelitoral.com.ar\/san-jaime-de-la-frontera-y-ubajay-mostraran-sus-atractivos-en-la-noche-de-las-ciudades\/","url":"https:\/\/informelitoral.com.ar\/san-jaime-de-la-frontera-y-ubajay-mostraran-sus-atractivos-en-la-noche-de-las-ciudades\/","name":"San Jaime de la Frontera y Ubajay mostrar\u00e1n sus atractivos en La Noche de las Ciudades - Informe Litoral","isPartOf":{"@id":"https:\/\/informelitoral.com.ar\/#website"},"primaryImageOfPage":{"@id":"https:\/\/informelitoral.com.ar\/san-jaime-de-la-frontera-y-ubajay-mostraran-sus-atractivos-en-la-noche-de-las-ciudades\/#primaryimage"},"image":{"@id":"https:\/\/informelitoral.com.ar\/san-jaime-de-la-frontera-y-ubajay-mostraran-sus-atractivos-en-la-noche-de-las-ciudades\/#primaryimage"},"thumbnailUrl":"https:\/\/informelitoral.com.ar\/%77%70%2d%63%6f%6e%74%65%6e%74\/uploads\/2025\/03\/san-jaime-ubajai-casa-de-la-cultura.jpg","datePublished":"2025-03-25T09:54:53+00:00","breadcrumb":{"@id":"https:\/\/informelitoral.com.ar\/san-jaime-de-la-frontera-y-ubajay-mostraran-sus-atractivos-en-la-noche-de-las-ciudades\/#breadcrumb"},"inLanguage":"es","potentialAction":[{"@type":"ReadAction","target":["https:\/\/informelitoral.com.ar\/san-jaime-de-la-frontera-y-ubajay-mostraran-sus-atractivos-en-la-noche-de-las-ciudades\/"]}]},{"@type":"ImageObject","inLanguage":"es","@id":"https:\/\/informelitoral.com.ar\/san-jaime-de-la-frontera-y-ubajay-mostraran-sus-atractivos-en-la-noche-de-las-ciudades\/#primaryimage","url":"https:\/\/informelitoral.com.ar\/%77%70%2d%63%6f%6e%74%65%6e%74\/uploads\/2025\/03\/san-jaime-ubajai-casa-de-la-cultura.jpg","contentUrl":"https:\/\/informelitoral.com.ar\/%77%70%2d%63%6f%6e%74%65%6e%74\/uploads\/2025\/03\/san-jaime-ubajai-casa-de-la-cultura.jpg","width":1600,"height":1067},{"@type":"BreadcrumbList","@id":"https:\/\/informelitoral.com.ar\/san-jaime-de-la-frontera-y-ubajay-mostraran-sus-atractivos-en-la-noche-de-las-ciudades\/#breadcrumb","itemListElement":[{"@type":"ListItem","position":1,"name":"Portada","item":"https:\/\/informelitoral.com.ar\/"},{"@type":"ListItem","position":2,"name":"San Jaime de la Frontera y Ubajay mostrar\u00e1n sus atractivos en La Noche de las Ciudades"}]},{"@type":"WebSite","@id":"https:\/\/informelitoral.com.ar\/#website","url":"https:\/\/informelitoral.com.ar\/","name":"Informe Litoral","description":"&quot;Nos informamos&quot; ","publisher":{"@id":"https:\/\/informelitoral.com.ar\/#organization"},"potentialAction":[{"@type":"SearchAction","target":{"@type":"EntryPoint","urlTemplate":"https:\/\/informelitoral.com.ar\/?s={search_term_string}"},"query-input":{"@type":"PropertyValueSpecification","valueRequired":true,"valueName":"search_term_string"}}],"inLanguage":"es"},{"@type":"Organization","@id":"https:\/\/informelitoral.com.ar\/#organization","name":"Informe Litoral","url":"https:\/\/informelitoral.com.ar\/","logo":{"@type":"ImageObject","inLanguage":"es","@id":"https:\/\/informelitoral.com.ar\/#\/schema\/logo\/image\/","url":"https:\/\/informelitoral.com.ar\/%77%70%2d%63%6f%6e%74%65%6e%74\/uploads\/2021\/01\/circulo.png","contentUrl":"https:\/\/informelitoral.com.ar\/%77%70%2d%63%6f%6e%74%65%6e%74\/uploads\/2021\/01\/circulo.png","width":723,"height":731,"caption":"Informe Litoral"},"image":{"@id":"https:\/\/informelitoral.com.ar\/#\/schema\/logo\/image\/"},"sameAs":["https:\/\/www.facebook.com\/informelitoral\/","https:\/\/x.com\/InformeLitoral","https:\/\/www.instagram.com\/informelitoral\/","https:\/\/www.youtube.com\/channel\/UCua4Qvz8Icb6MYqhoq9xLXw"]},{"@type":"Person","@id":"https:\/\/informelitoral.com.ar\/#\/schema\/person\/b9d00407c836482871ef1d57bf8e3180","name":"Gonzalo Schmidt","image":{"@type":"ImageObject","inLanguage":"es","@id":"https:\/\/secure.gravatar.com\/avatar\/31a1a7b66ff2de83bd0e9fd79d026630d2d99e55e8bfe501287647b4fd9743de?s=96&d=mm&r=g","url":"https:\/\/secure.gravatar.com\/avatar\/31a1a7b66ff2de83bd0e9fd79d026630d2d99e55e8bfe501287647b4fd9743de?s=96&d=mm&r=g","contentUrl":"https:\/\/secure.gravatar.com\/avatar\/31a1a7b66ff2de83bd0e9fd79d026630d2d99e55e8bfe501287647b4fd9743de?s=96&d=mm&r=g","caption":"Gonzalo Schmidt"},"description":"Sitio web de noticias de la provincia de Entre R\u00edos, Argentina. Informaci\u00f3n y entretenimiento. Informe Litoral, nos informamos.","sameAs":["http:\/\/www.isletasnoticias.com.ar"],"url":"https:\/\/informelitoral.com.ar\/author\/gonzalo\/"}]}},"_links":{"self":[{"href":"https:\/\/informelitoral.com.ar\/%77%70%2d%6a%73%6f%6e\/wp\/v2\/posts\/216076","targetHints":{"allow":["GET"]}}],"collection":[{"href":"https:\/\/informelitoral.com.ar\/%77%70%2d%6a%73%6f%6e\/wp\/v2\/posts"}],"about":[{"href":"https:\/\/informelitoral.com.ar\/%77%70%2d%6a%73%6f%6e\/wp\/v2\/types\/post"}],"author":[{"embeddable":true,"href":"https:\/\/informelitoral.com.ar\/%77%70%2d%6a%73%6f%6e\/wp\/v2\/users\/2"}],"replies":[{"embeddable":true,"href":"https:\/\/informelitoral.com.ar\/%77%70%2d%6a%73%6f%6e\/wp\/v2\/comments?post=216076"}],"version-history":[{"count":0,"href":"https:\/\/informelitoral.com.ar\/%77%70%2d%6a%73%6f%6e\/wp\/v2\/posts\/216076\/revisions"}],"wp:featuredmedia":[{"embeddable":true,"href":"https:\/\/informelitoral.com.ar\/%77%70%2d%6a%73%6f%6e\/wp\/v2\/media\/216077"}],"wp:attachment":[{"href":"https:\/\/informelitoral.com.ar\/%77%70%2d%6a%73%6f%6e\/wp\/v2\/media?parent=216076"}],"wp:term":[{"taxonomy":"category","embeddable":true,"href":"https:\/\/informelitoral.com.ar\/%77%70%2d%6a%73%6f%6e\/wp\/v2\/categories?post=216076"},{"taxonomy":"post_tag","embeddable":true,"href":"https:\/\/informelitoral.com.ar\/%77%70%2d%6a%73%6f%6e\/wp\/v2\/tags?post=216076"}],"curies":[{"name":"wp","href":"https:\/\/api.w.org\/{rel}","templated":true}]}}