{"id":216068,"date":"2025-03-24T21:05:15","date_gmt":"2025-03-25T00:05:15","guid":{"rendered":"https:\/\/informelitoral.com.ar\/?p=216068"},"modified":"2025-03-24T21:05:15","modified_gmt":"2025-03-25T00:05:15","slug":"memoria-verdad-y-justicia-la-marcha-se-replico-en-parana","status":"publish","type":"post","link":"https:\/\/informelitoral.com.ar\/memoria-verdad-y-justicia-la-marcha-se-replico-en-parana\/","title":{"rendered":"Memoria, Verdad y Justicia: la marcha se replic\u00f3 en Paran\u00e1"},"content":{"rendered":"<p><b>Este 24 de marzo, como cada a\u00f1o, la ciudad de Paran\u00e1 fue escenario de la Marcha por la Memoria, la Verdad y la Justicia, una manifestaci\u00f3n que congreg\u00f3 a miles de personas en las calles para recordar y reivindicar los derechos humanos, en el marco del D\u00eda de la Memoria por la Verdad y la Justicia<\/b>.<\/p>\n<p>Este a\u00f1o, el recorrido fue in\u00e9dito, parti\u00f3 del Monumento a la Memoria, en Plaza S\u00e1enz Pe\u00f1a, a las 18 y culminando en Plaza Alvear, donde se ley\u00f3 el documento oficial y se llev\u00f3 a cabo un acto de cierre con expresiones art\u00edsticas.<\/p>\n<h2><strong>Un recorrido con fuerte simbolismo<\/strong><\/h2>\n<p>En esta oportunidad, la marcha cont\u00f3 con un trayecto que incluye nuevos puntos de referencia, que comenz\u00f3 por el tradicional Monumento a la Memoria. Desde all\u00ed, los manifestantes recorrieron las calles de Paran\u00e1 pasando por lugares clave, entre ellos la Plaza Mansilla, sede de los poderes del Estado provincial. El recorrido se extendi\u00f3 por las calles Carb\u00f3, Illia, Gualeguaych\u00fa y Belgrano, hasta llegar a la intersecci\u00f3n con 25 de Mayo, Monte Caseros y Urquiza. Por esta \u00faltima arteria, se lleg\u00f3 a Santa Fe, para continuar hasta el Centro C\u00edvico, donde hist\u00f3ricamente se desarroll\u00f3 el acto central del Encuentro.<\/p>\n<p>La marcha finaliz\u00f3 en Plaza Alvear, lugar donde, adem\u00e1s de la lectura del documento, se desarrollaron diversas expresiones art\u00edsticas que dieron un cierre emotivo y reivindicatorio a esta jornada de lucha por los derechos humanos. La consigna de este a\u00f1o fue clara y contundente: \u00abAl fascismo y al genocidio, nunca m\u00e1s\u00bb, un lema que refleja la unidad de las organizaciones convocantes y su firme rechazo a cualquier tipo de violencia institucional y represi\u00f3n.<\/p>\n<h2><strong>Testimonios en la marcha<\/strong><\/h2>\n<p>\u201c<b>Queremos reivindicar nuestro compromiso con la democracia y no dejar que el Gobierno nacional crea que fue algo pasajero y lo siga minimizando como lo viene haciendo hasta ahora<\/b>\u201d, manifestaron Selena, desde el Radicalismo. Asimismo, ahond\u00f3: \u201c<b>Es muy importante saber la historia porque saberla es no repetirla<\/b>. Hay que hablar porque lo que no se habla no existe. Esa es la importancia, como educar a los j\u00f3venes y ense\u00f1arles lo que pas\u00f3 en la Argentina para que no sea un momento de darle espacio al Gobierno de hacerle creer otra historia\u201d.<\/p>\n<p>Irup\u00e9 Milocco, por su lado, remarc\u00f3: \u201cMe parece s\u00faper importante porque es algo que se conmemora. Despu\u00e9s de tantos a\u00f1os, est\u00e1 bueno que se siga conmemorando para que se siga esperando.\u00a0<b>La Marcha me parece importante por todas las muertes, los secuestros, la gente que nadie sabe si sigue o no vida<\/b>. Le privaron el derecho de la libertad\u201d. Luego explic\u00f3: \u201cMe llama mucho la atenci\u00f3n el por qu\u00e9 inici\u00f3 esto y c\u00f3mo sigui\u00f3 a lo largo de los a\u00f1os, c\u00f3mo se llevaron a tantas chicas\u201d.<\/p>\n<p>Una ni\u00f1a que form\u00f3 parte de la Marcha valor\u00f3: \u201cMarcho desde que soy beb\u00e9.\u00a0<b>Me llama la atenci\u00f3n c\u00f3mo el Estado pudo hacer eso, como pudo hacer desaparecer a tanta gente<\/b>\u201d, sostuvo Carmela, joven que est\u00e1 a punto de cumplir 12 a\u00f1os.<\/p>\n<p><b>Daniel Richar<\/b>, decano de la Facultad de Humanidades, Artes y Ciencias Sociales de UADER, manifest\u00f3: \u201c<b>Estamos esperando que se termine de congregar la gente para iniciar una nueva marcha por la Memoria, la Verdad y la Justicia<\/b>. Creo que es una fiesta muy clara para el pueblo argentino, es un momento de reflexi\u00f3n, en momentos donde ciertas pr\u00e1cticas democr\u00e1ticas est\u00e1n siendo cuestionadas. Hoy volvemos a ciertos discursos que ya cre\u00edamos superados y nos preocupa ciertos aspectos que hacen al Estado de derecho que vuelven a estar en peligro. Uno de ellos es el derecho a la protesta. Son ciertos aspectos que hacen al funcionalismo democr\u00e1tico. Hoy m\u00e1s que nunca nos convocan los valores que hace 40 a\u00f1os supimos conseguir. Es una conquista de todo el pueblo argentino y por eso estamos hoy aqu\u00ed\u201d.<\/p>\n<p><b>Rom\u00e1n Scattini<\/b>, vicerrector de UADER, sostuvo: \u201cLas Facultades estamos felices de acompa\u00f1ar y decir presente. La palabra es sentirnos interpelados por la fecha, que siempre debaten la perspectiva pedag\u00f3gica que siempre debemos fortalecer dentro de la Universidad. Nuestra tarea es que esta fecha sea un momento y un eje de la discusi\u00f3n, pero que despu\u00e9s podamos llevar delante de todos los pasillos de las aulas y sus aspectos\u201d.<\/p>\n<p>\u201cEl cartel es mi primo hermano, que desapareci\u00f3 en 1982 y nunca m\u00e1s supimos de \u00e9l. Marcho por todos los derechos humanos y por todo lo que siento que este Gobierno se va asemejando a una dictadura\u201d, inform\u00f3 Alicia Brugo.<\/p>\n<p>Micaela Rey sosten\u00eda un cartel de Graciela Alicia Greca, que \u201ces una de las tantas compa\u00f1eras desaparecidas en la dictadura familiar. No es mi familiar, pero siempre me acerco y ayudo a llevar a un desaparecido mientras voy marchando por Verdad, Justicia, Memoria y Nunca M\u00e1s\u201d. \u201cPara m\u00ed, (la marcha) tiene mucho significado por la represi\u00f3n que se est\u00e1 viviendo en nuestro pa\u00eds, tengo mucha familia que est\u00e1 viviendo en Buenos Aires, donde es el lugar m\u00e1s castigado\u201d, agreg\u00f3.<\/p>\n<p>Carlos Guastavino sostuvo el cartel de su hermano Manuel, que indic\u00f3 que \u201cfue secuestrado en el mes de octubre de 1976 en Buenos Aires y nunca m\u00e1s supimos de \u00e9l. Milit\u00e1bamos los dos en Buenos Aires. Ac\u00e1 estamos en la pelea y en un gran recuerdo, tratando de hacer fuerza ante este Gobierno vende patria, traidor y que persigue a los m\u00e1s despose\u00eddos y a los jubilados\u201d.<\/p>\n<p>\u201cTenemos que recordar lo que pas\u00f3 y que fueron 30.000 siempre\u201d, indic\u00f3 una mujer en el inicio del banderazo.<em> (Fuente: Elonce)<\/em><\/p>\n","protected":false},"excerpt":{"rendered":"<p>Organizaciones sociales y pol\u00edticos se convocaron en Paran\u00e1 para formar parte este 24 de marzo de la Marcha por la Memoria, la Verdad y la Justicia. <\/p>\n","protected":false},"author":2,"featured_media":216069,"comment_status":"open","ping_status":"open","sticky":false,"template":"","format":"standard","meta":{"fifu_image_url":"","fifu_image_alt":"","footnotes":""},"categories":[1597],"tags":[3436,2410],"class_list":{"0":"post-216068","1":"post","2":"type-post","3":"status-publish","4":"format-standard","5":"has-post-thumbnail","7":"category-parana","8":"tag-dia-nacional-de-la-memoria","9":"tag-dictadura-militar"},"yoast_head":"<title>Memoria, Verdad y Justicia: la marcha se replic\u00f3 en Paran\u00e1 - Informe Litoral<\/title>\n<meta name=\"robots\" content=\"index, follow, max-snippet:-1, max-image-preview:large, max-video-preview:-1\" \/>\n<link rel=\"canonical\" href=\"https:\/\/informelitoral.com.ar\/memoria-verdad-y-justicia-la-marcha-se-replico-en-parana\/\" \/>\n<meta property=\"og:locale\" content=\"es_ES\" \/>\n<meta property=\"og:type\" content=\"article\" \/>\n<meta property=\"og:title\" content=\"Memoria, Verdad y Justicia: la marcha se replic\u00f3 en Paran\u00e1 - Informe Litoral\" \/>\n<meta property=\"og:description\" content=\"Organizaciones sociales y pol\u00edticos se convocaron en Paran\u00e1 para formar parte este 24 de marzo de la Marcha por la Memoria, la Verdad y la Justicia.\" \/>\n<meta property=\"og:url\" content=\"https:\/\/informelitoral.com.ar\/memoria-verdad-y-justicia-la-marcha-se-replico-en-parana\/\" \/>\n<meta property=\"og:site_name\" content=\"Informe Litoral\" \/>\n<meta property=\"article:publisher\" content=\"https:\/\/www.facebook.com\/informelitoral\/\" \/>\n<meta property=\"article:published_time\" content=\"2025-03-25T00:05:15+00:00\" \/>\n<meta property=\"og:image\" content=\"https:\/\/informelitoral.com.ar\/%77%70%2d%63%6f%6e%74%65%6e%74\/uploads\/2025\/03\/486482871_961106792848505_4009943695865755316_n.jpg\" \/>\n\t<meta property=\"og:image:width\" content=\"2048\" \/>\n\t<meta property=\"og:image:height\" content=\"1360\" \/>\n\t<meta property=\"og:image:type\" content=\"image\/jpeg\" \/>\n<meta name=\"author\" content=\"Gonzalo Schmidt\" \/>\n<meta name=\"twitter:card\" content=\"summary_large_image\" \/>\n<meta name=\"twitter:creator\" content=\"@InformeLitoral\" \/>\n<meta name=\"twitter:site\" content=\"@InformeLitoral\" \/>\n<meta name=\"twitter:label1\" content=\"Escrito por\" \/>\n\t<meta name=\"twitter:data1\" content=\"Gonzalo Schmidt\" \/>\n\t<meta name=\"twitter:label2\" content=\"Tiempo de lectura\" \/>\n\t<meta name=\"twitter:data2\" content=\"5 minutos\" \/>\n<script type=\"application\/ld+json\" class=\"yoast-schema-graph\">{\"@context\":\"https:\\\/\\\/schema.org\",\"@graph\":[{\"@type\":\"Article\",\"@id\":\"https:\\\/\\\/informelitoral.com.ar\\\/memoria-verdad-y-justicia-la-marcha-se-replico-en-parana\\\/#article\",\"isPartOf\":{\"@id\":\"https:\\\/\\\/informelitoral.com.ar\\\/memoria-verdad-y-justicia-la-marcha-se-replico-en-parana\\\/\"},\"author\":{\"name\":\"Gonzalo Schmidt\",\"@id\":\"https:\\\/\\\/informelitoral.com.ar\\\/#\\\/schema\\\/person\\\/b9d00407c836482871ef1d57bf8e3180\"},\"headline\":\"Memoria, Verdad y Justicia: la marcha se replic\u00f3 en Paran\u00e1\",\"datePublished\":\"2025-03-25T00:05:15+00:00\",\"mainEntityOfPage\":{\"@id\":\"https:\\\/\\\/informelitoral.com.ar\\\/memoria-verdad-y-justicia-la-marcha-se-replico-en-parana\\\/\"},\"wordCount\":960,\"commentCount\":0,\"publisher\":{\"@id\":\"https:\\\/\\\/informelitoral.com.ar\\\/#organization\"},\"image\":{\"@id\":\"https:\\\/\\\/informelitoral.com.ar\\\/memoria-verdad-y-justicia-la-marcha-se-replico-en-parana\\\/#primaryimage\"},\"thumbnailUrl\":\"https:\\\/\\\/informelitoral.com.ar\\\/%77%70%2d%63%6f%6e%74%65%6e%74\\\/uploads\\\/2025\\\/03\\\/486482871_961106792848505_4009943695865755316_n.jpg\",\"keywords\":[\"D\u00eda Nacional de la Memoria\",\"Dictadura militar\"],\"articleSection\":[\"Paran\u00e1\"],\"inLanguage\":\"es\",\"potentialAction\":[{\"@type\":\"CommentAction\",\"name\":\"Comment\",\"target\":[\"https:\\\/\\\/informelitoral.com.ar\\\/memoria-verdad-y-justicia-la-marcha-se-replico-en-parana\\\/#respond\"]}]},{\"@type\":\"WebPage\",\"@id\":\"https:\\\/\\\/informelitoral.com.ar\\\/memoria-verdad-y-justicia-la-marcha-se-replico-en-parana\\\/\",\"url\":\"https:\\\/\\\/informelitoral.com.ar\\\/memoria-verdad-y-justicia-la-marcha-se-replico-en-parana\\\/\",\"name\":\"Memoria, Verdad y Justicia: la marcha se replic\u00f3 en Paran\u00e1 - Informe Litoral\",\"isPartOf\":{\"@id\":\"https:\\\/\\\/informelitoral.com.ar\\\/#website\"},\"primaryImageOfPage\":{\"@id\":\"https:\\\/\\\/informelitoral.com.ar\\\/memoria-verdad-y-justicia-la-marcha-se-replico-en-parana\\\/#primaryimage\"},\"image\":{\"@id\":\"https:\\\/\\\/informelitoral.com.ar\\\/memoria-verdad-y-justicia-la-marcha-se-replico-en-parana\\\/#primaryimage\"},\"thumbnailUrl\":\"https:\\\/\\\/informelitoral.com.ar\\\/%77%70%2d%63%6f%6e%74%65%6e%74\\\/uploads\\\/2025\\\/03\\\/486482871_961106792848505_4009943695865755316_n.jpg\",\"datePublished\":\"2025-03-25T00:05:15+00:00\",\"breadcrumb\":{\"@id\":\"https:\\\/\\\/informelitoral.com.ar\\\/memoria-verdad-y-justicia-la-marcha-se-replico-en-parana\\\/#breadcrumb\"},\"inLanguage\":\"es\",\"potentialAction\":[{\"@type\":\"ReadAction\",\"target\":[\"https:\\\/\\\/informelitoral.com.ar\\\/memoria-verdad-y-justicia-la-marcha-se-replico-en-parana\\\/\"]}]},{\"@type\":\"ImageObject\",\"inLanguage\":\"es\",\"@id\":\"https:\\\/\\\/informelitoral.com.ar\\\/memoria-verdad-y-justicia-la-marcha-se-replico-en-parana\\\/#primaryimage\",\"url\":\"https:\\\/\\\/informelitoral.com.ar\\\/%77%70%2d%63%6f%6e%74%65%6e%74\\\/uploads\\\/2025\\\/03\\\/486482871_961106792848505_4009943695865755316_n.jpg\",\"contentUrl\":\"https:\\\/\\\/informelitoral.com.ar\\\/%77%70%2d%63%6f%6e%74%65%6e%74\\\/uploads\\\/2025\\\/03\\\/486482871_961106792848505_4009943695865755316_n.jpg\",\"width\":2048,\"height\":1360},{\"@type\":\"BreadcrumbList\",\"@id\":\"https:\\\/\\\/informelitoral.com.ar\\\/memoria-verdad-y-justicia-la-marcha-se-replico-en-parana\\\/#breadcrumb\",\"itemListElement\":[{\"@type\":\"ListItem\",\"position\":1,\"name\":\"Portada\",\"item\":\"https:\\\/\\\/informelitoral.com.ar\\\/\"},{\"@type\":\"ListItem\",\"position\":2,\"name\":\"Memoria, Verdad y Justicia: la marcha se replic\u00f3 en Paran\u00e1\"}]},{\"@type\":\"WebSite\",\"@id\":\"https:\\\/\\\/informelitoral.com.ar\\\/#website\",\"url\":\"https:\\\/\\\/informelitoral.com.ar\\\/\",\"name\":\"Informe Litoral\",\"description\":\"&quot;Nos informamos&quot; \",\"publisher\":{\"@id\":\"https:\\\/\\\/informelitoral.com.ar\\\/#organization\"},\"potentialAction\":[{\"@type\":\"SearchAction\",\"target\":{\"@type\":\"EntryPoint\",\"urlTemplate\":\"https:\\\/\\\/informelitoral.com.ar\\\/?s={search_term_string}\"},\"query-input\":{\"@type\":\"PropertyValueSpecification\",\"valueRequired\":true,\"valueName\":\"search_term_string\"}}],\"inLanguage\":\"es\"},{\"@type\":\"Organization\",\"@id\":\"https:\\\/\\\/informelitoral.com.ar\\\/#organization\",\"name\":\"Informe Litoral\",\"url\":\"https:\\\/\\\/informelitoral.com.ar\\\/\",\"logo\":{\"@type\":\"ImageObject\",\"inLanguage\":\"es\",\"@id\":\"https:\\\/\\\/informelitoral.com.ar\\\/#\\\/schema\\\/logo\\\/image\\\/\",\"url\":\"https:\\\/\\\/informelitoral.com.ar\\\/%77%70%2d%63%6f%6e%74%65%6e%74\\\/uploads\\\/2021\\\/01\\\/circulo.png\",\"contentUrl\":\"https:\\\/\\\/informelitoral.com.ar\\\/%77%70%2d%63%6f%6e%74%65%6e%74\\\/uploads\\\/2021\\\/01\\\/circulo.png\",\"width\":723,\"height\":731,\"caption\":\"Informe Litoral\"},\"image\":{\"@id\":\"https:\\\/\\\/informelitoral.com.ar\\\/#\\\/schema\\\/logo\\\/image\\\/\"},\"sameAs\":[\"https:\\\/\\\/www.facebook.com\\\/informelitoral\\\/\",\"https:\\\/\\\/x.com\\\/InformeLitoral\",\"https:\\\/\\\/www.instagram.com\\\/informelitoral\\\/\",\"https:\\\/\\\/www.youtube.com\\\/channel\\\/UCua4Qvz8Icb6MYqhoq9xLXw\"]},{\"@type\":\"Person\",\"@id\":\"https:\\\/\\\/informelitoral.com.ar\\\/#\\\/schema\\\/person\\\/b9d00407c836482871ef1d57bf8e3180\",\"name\":\"Gonzalo Schmidt\",\"image\":{\"@type\":\"ImageObject\",\"inLanguage\":\"es\",\"@id\":\"https:\\\/\\\/secure.gravatar.com\\\/avatar\\\/31a1a7b66ff2de83bd0e9fd79d026630d2d99e55e8bfe501287647b4fd9743de?s=96&d=mm&r=g\",\"url\":\"https:\\\/\\\/secure.gravatar.com\\\/avatar\\\/31a1a7b66ff2de83bd0e9fd79d026630d2d99e55e8bfe501287647b4fd9743de?s=96&d=mm&r=g\",\"contentUrl\":\"https:\\\/\\\/secure.gravatar.com\\\/avatar\\\/31a1a7b66ff2de83bd0e9fd79d026630d2d99e55e8bfe501287647b4fd9743de?s=96&d=mm&r=g\",\"caption\":\"Gonzalo Schmidt\"},\"description\":\"Sitio web de noticias de la provincia de Entre R\u00edos, Argentina. Informaci\u00f3n y entretenimiento. Informe Litoral, nos informamos.\",\"sameAs\":[\"http:\\\/\\\/www.isletasnoticias.com.ar\"],\"url\":\"https:\\\/\\\/informelitoral.com.ar\\\/author\\\/gonzalo\\\/\"}]}<\/script>","yoast_head_json":{"title":"Memoria, Verdad y Justicia: la marcha se replic\u00f3 en Paran\u00e1 - Informe Litoral","robots":{"index":"index","follow":"follow","max-snippet":"max-snippet:-1","max-image-preview":"max-image-preview:large","max-video-preview":"max-video-preview:-1"},"canonical":"https:\/\/informelitoral.com.ar\/memoria-verdad-y-justicia-la-marcha-se-replico-en-parana\/","og_locale":"es_ES","og_type":"article","og_title":"Memoria, Verdad y Justicia: la marcha se replic\u00f3 en Paran\u00e1 - Informe Litoral","og_description":"Organizaciones sociales y pol\u00edticos se convocaron en Paran\u00e1 para formar parte este 24 de marzo de la Marcha por la Memoria, la Verdad y la Justicia.","og_url":"https:\/\/informelitoral.com.ar\/memoria-verdad-y-justicia-la-marcha-se-replico-en-parana\/","og_site_name":"Informe Litoral","article_publisher":"https:\/\/www.facebook.com\/informelitoral\/","article_published_time":"2025-03-25T00:05:15+00:00","og_image":[{"width":2048,"height":1360,"url":"https:\/\/informelitoral.com.ar\/%77%70%2d%63%6f%6e%74%65%6e%74\/uploads\/2025\/03\/486482871_961106792848505_4009943695865755316_n.jpg","type":"image\/jpeg"}],"author":"Gonzalo Schmidt","twitter_card":"summary_large_image","twitter_creator":"@InformeLitoral","twitter_site":"@InformeLitoral","twitter_misc":{"Escrito por":"Gonzalo Schmidt","Tiempo de lectura":"5 minutos"},"schema":{"@context":"https:\/\/schema.org","@graph":[{"@type":"Article","@id":"https:\/\/informelitoral.com.ar\/memoria-verdad-y-justicia-la-marcha-se-replico-en-parana\/#article","isPartOf":{"@id":"https:\/\/informelitoral.com.ar\/memoria-verdad-y-justicia-la-marcha-se-replico-en-parana\/"},"author":{"name":"Gonzalo Schmidt","@id":"https:\/\/informelitoral.com.ar\/#\/schema\/person\/b9d00407c836482871ef1d57bf8e3180"},"headline":"Memoria, Verdad y Justicia: la marcha se replic\u00f3 en Paran\u00e1","datePublished":"2025-03-25T00:05:15+00:00","mainEntityOfPage":{"@id":"https:\/\/informelitoral.com.ar\/memoria-verdad-y-justicia-la-marcha-se-replico-en-parana\/"},"wordCount":960,"commentCount":0,"publisher":{"@id":"https:\/\/informelitoral.com.ar\/#organization"},"image":{"@id":"https:\/\/informelitoral.com.ar\/memoria-verdad-y-justicia-la-marcha-se-replico-en-parana\/#primaryimage"},"thumbnailUrl":"https:\/\/informelitoral.com.ar\/%77%70%2d%63%6f%6e%74%65%6e%74\/uploads\/2025\/03\/486482871_961106792848505_4009943695865755316_n.jpg","keywords":["D\u00eda Nacional de la Memoria","Dictadura militar"],"articleSection":["Paran\u00e1"],"inLanguage":"es","potentialAction":[{"@type":"CommentAction","name":"Comment","target":["https:\/\/informelitoral.com.ar\/memoria-verdad-y-justicia-la-marcha-se-replico-en-parana\/#respond"]}]},{"@type":"WebPage","@id":"https:\/\/informelitoral.com.ar\/memoria-verdad-y-justicia-la-marcha-se-replico-en-parana\/","url":"https:\/\/informelitoral.com.ar\/memoria-verdad-y-justicia-la-marcha-se-replico-en-parana\/","name":"Memoria, Verdad y Justicia: la marcha se replic\u00f3 en Paran\u00e1 - Informe Litoral","isPartOf":{"@id":"https:\/\/informelitoral.com.ar\/#website"},"primaryImageOfPage":{"@id":"https:\/\/informelitoral.com.ar\/memoria-verdad-y-justicia-la-marcha-se-replico-en-parana\/#primaryimage"},"image":{"@id":"https:\/\/informelitoral.com.ar\/memoria-verdad-y-justicia-la-marcha-se-replico-en-parana\/#primaryimage"},"thumbnailUrl":"https:\/\/informelitoral.com.ar\/%77%70%2d%63%6f%6e%74%65%6e%74\/uploads\/2025\/03\/486482871_961106792848505_4009943695865755316_n.jpg","datePublished":"2025-03-25T00:05:15+00:00","breadcrumb":{"@id":"https:\/\/informelitoral.com.ar\/memoria-verdad-y-justicia-la-marcha-se-replico-en-parana\/#breadcrumb"},"inLanguage":"es","potentialAction":[{"@type":"ReadAction","target":["https:\/\/informelitoral.com.ar\/memoria-verdad-y-justicia-la-marcha-se-replico-en-parana\/"]}]},{"@type":"ImageObject","inLanguage":"es","@id":"https:\/\/informelitoral.com.ar\/memoria-verdad-y-justicia-la-marcha-se-replico-en-parana\/#primaryimage","url":"https:\/\/informelitoral.com.ar\/%77%70%2d%63%6f%6e%74%65%6e%74\/uploads\/2025\/03\/486482871_961106792848505_4009943695865755316_n.jpg","contentUrl":"https:\/\/informelitoral.com.ar\/%77%70%2d%63%6f%6e%74%65%6e%74\/uploads\/2025\/03\/486482871_961106792848505_4009943695865755316_n.jpg","width":2048,"height":1360},{"@type":"BreadcrumbList","@id":"https:\/\/informelitoral.com.ar\/memoria-verdad-y-justicia-la-marcha-se-replico-en-parana\/#breadcrumb","itemListElement":[{"@type":"ListItem","position":1,"name":"Portada","item":"https:\/\/informelitoral.com.ar\/"},{"@type":"ListItem","position":2,"name":"Memoria, Verdad y Justicia: la marcha se replic\u00f3 en Paran\u00e1"}]},{"@type":"WebSite","@id":"https:\/\/informelitoral.com.ar\/#website","url":"https:\/\/informelitoral.com.ar\/","name":"Informe Litoral","description":"&quot;Nos informamos&quot; ","publisher":{"@id":"https:\/\/informelitoral.com.ar\/#organization"},"potentialAction":[{"@type":"SearchAction","target":{"@type":"EntryPoint","urlTemplate":"https:\/\/informelitoral.com.ar\/?s={search_term_string}"},"query-input":{"@type":"PropertyValueSpecification","valueRequired":true,"valueName":"search_term_string"}}],"inLanguage":"es"},{"@type":"Organization","@id":"https:\/\/informelitoral.com.ar\/#organization","name":"Informe Litoral","url":"https:\/\/informelitoral.com.ar\/","logo":{"@type":"ImageObject","inLanguage":"es","@id":"https:\/\/informelitoral.com.ar\/#\/schema\/logo\/image\/","url":"https:\/\/informelitoral.com.ar\/%77%70%2d%63%6f%6e%74%65%6e%74\/uploads\/2021\/01\/circulo.png","contentUrl":"https:\/\/informelitoral.com.ar\/%77%70%2d%63%6f%6e%74%65%6e%74\/uploads\/2021\/01\/circulo.png","width":723,"height":731,"caption":"Informe Litoral"},"image":{"@id":"https:\/\/informelitoral.com.ar\/#\/schema\/logo\/image\/"},"sameAs":["https:\/\/www.facebook.com\/informelitoral\/","https:\/\/x.com\/InformeLitoral","https:\/\/www.instagram.com\/informelitoral\/","https:\/\/www.youtube.com\/channel\/UCua4Qvz8Icb6MYqhoq9xLXw"]},{"@type":"Person","@id":"https:\/\/informelitoral.com.ar\/#\/schema\/person\/b9d00407c836482871ef1d57bf8e3180","name":"Gonzalo Schmidt","image":{"@type":"ImageObject","inLanguage":"es","@id":"https:\/\/secure.gravatar.com\/avatar\/31a1a7b66ff2de83bd0e9fd79d026630d2d99e55e8bfe501287647b4fd9743de?s=96&d=mm&r=g","url":"https:\/\/secure.gravatar.com\/avatar\/31a1a7b66ff2de83bd0e9fd79d026630d2d99e55e8bfe501287647b4fd9743de?s=96&d=mm&r=g","contentUrl":"https:\/\/secure.gravatar.com\/avatar\/31a1a7b66ff2de83bd0e9fd79d026630d2d99e55e8bfe501287647b4fd9743de?s=96&d=mm&r=g","caption":"Gonzalo Schmidt"},"description":"Sitio web de noticias de la provincia de Entre R\u00edos, Argentina. Informaci\u00f3n y entretenimiento. Informe Litoral, nos informamos.","sameAs":["http:\/\/www.isletasnoticias.com.ar"],"url":"https:\/\/informelitoral.com.ar\/author\/gonzalo\/"}]}},"_links":{"self":[{"href":"https:\/\/informelitoral.com.ar\/%77%70%2d%6a%73%6f%6e\/wp\/v2\/posts\/216068","targetHints":{"allow":["GET"]}}],"collection":[{"href":"https:\/\/informelitoral.com.ar\/%77%70%2d%6a%73%6f%6e\/wp\/v2\/posts"}],"about":[{"href":"https:\/\/informelitoral.com.ar\/%77%70%2d%6a%73%6f%6e\/wp\/v2\/types\/post"}],"author":[{"embeddable":true,"href":"https:\/\/informelitoral.com.ar\/%77%70%2d%6a%73%6f%6e\/wp\/v2\/users\/2"}],"replies":[{"embeddable":true,"href":"https:\/\/informelitoral.com.ar\/%77%70%2d%6a%73%6f%6e\/wp\/v2\/comments?post=216068"}],"version-history":[{"count":0,"href":"https:\/\/informelitoral.com.ar\/%77%70%2d%6a%73%6f%6e\/wp\/v2\/posts\/216068\/revisions"}],"wp:featuredmedia":[{"embeddable":true,"href":"https:\/\/informelitoral.com.ar\/%77%70%2d%6a%73%6f%6e\/wp\/v2\/media\/216069"}],"wp:attachment":[{"href":"https:\/\/informelitoral.com.ar\/%77%70%2d%6a%73%6f%6e\/wp\/v2\/media?parent=216068"}],"wp:term":[{"taxonomy":"category","embeddable":true,"href":"https:\/\/informelitoral.com.ar\/%77%70%2d%6a%73%6f%6e\/wp\/v2\/categories?post=216068"},{"taxonomy":"post_tag","embeddable":true,"href":"https:\/\/informelitoral.com.ar\/%77%70%2d%6a%73%6f%6e\/wp\/v2\/tags?post=216068"}],"curies":[{"name":"wp","href":"https:\/\/api.w.org\/{rel}","templated":true}]}}