{"id":215860,"date":"2025-03-21T06:58:26","date_gmt":"2025-03-21T09:58:26","guid":{"rendered":"https:\/\/informelitoral.com.ar\/?p=215860"},"modified":"2025-03-21T07:15:14","modified_gmt":"2025-03-21T10:15:14","slug":"automovilismo-parana-recibira-al-tc-y-al-tc-pick-up","status":"publish","type":"post","link":"https:\/\/informelitoral.com.ar\/automovilismo-parana-recibira-al-tc-y-al-tc-pick-up\/","title":{"rendered":"Automovilismo: Paran\u00e1 recibir\u00e1 al TC y al TC Pick Up"},"content":{"rendered":"<p>El encuentro sirvi\u00f3 para ratificar que el aut\u00f3dromo del CVE, ubicado en <strong>Sauce Montrull<\/strong>, ser\u00e1 escenario del segundo cap\u00edtulo puntuable de la Copa de Oro del Turismo Carretera (TC), prevista para el <strong>5 de octubre<\/strong>. A esto se sum\u00f3 que el <strong>TC Pick Up<\/strong> tambi\u00e9n incluir\u00e1 a la capital entrerriana en el calendario del presente a\u00f1o, en fecha que se dar\u00e1 a conocer este s\u00e1bado, cuando el mandatario visite La Plata, en ocasi\u00f3n de la realizaci\u00f3n de la segunda carrera puntuable de la temporada.<\/p>\n<p>Al evaluar los alcances de la audiencia, el presidente del C VE, el ex piloto <strong>Omar Mart\u00ednez<\/strong>, expres\u00f3: \u00abJunto con Hugo Mazzacane y referentes de la ACTC, se plante\u00f3 el calendario de esta temporada y, con v\u00edspera a la visita de las distintas categor\u00edas en el calendario en el aut\u00f3dromo del club, visitamos al gobernador para adelantarle la fecha que tenemos. Fue una reuni\u00f3n muy buena y estamos contentos y con muchas expectativas para seguir trabajando a lo largo de todo el a\u00f1o\u00bb.<\/p>\n<p>Ampliando, el titular de la ACTC, ratific\u00f3 que la fecha del TC en Paran\u00e1 \u00abest\u00e1 confirmada para octubre\u00bb y que el objetivo del encuentro era la posibilidad de sumar una fecha del TC Pick Up. \u00abNos vamos con la buena noticia que tambi\u00e9n va a venir a para correr el TC Pick Up\u00bb, dijo Mazzacane, excus\u00e1ndose de adelantar la fecha, que ser\u00e1 informada \u00abel s\u00e1bado, cuando el gobernador est\u00e9 en La Plata\u00bb.<\/p>\n<p>Al hablar de las bondades del TC Pick Up, el dirigente nacional refiri\u00f3 que \u00abes una categor\u00eda realmente muy importante, con pilotos tambi\u00e9n importantes, que son del Turismo Carretera\u00bb y que sus pares del Club de Volantes Entrerrianos se merecen recibirla \u00abpor el gran trabajo y el esfuerzo que est\u00e1n haciendo\u00bb.<\/p>\n<p>El vicepresidente de la entidad con sede en Paran\u00e1, <strong>Sergio Lifschitz<\/strong>, aclar\u00f3 que la entidad tiene \u00abuna comisi\u00f3n directiva muy grande, en la que todos trabajamos codo a codo para llegar a estas concreciones\u00bb. Al respecto, se\u00f1al\u00f3 que el gobernador \u00abse comprometi\u00f3 a trabajar del mismo modo para conseguirlos medios para hacer las carreras\u00bb.<\/p>\n<p><iframe loading=\"lazy\" title=\"El gobernador se reuni\u00f3 con dirigentes del automovilismo para confirmar que Paran\u00e1 recibir\u00e1 al TC y\" width=\"696\" height=\"392\" src=\"https:\/\/www.youtube.com\/embed\/NNV1_HD6I-8?feature=oembed\" frameborder=\"0\" allow=\"accelerometer; autoplay; clipboard-write; encrypted-media; gyroscope; picture-in-picture; web-share\" referrerpolicy=\"strict-origin-when-cross-origin\" allowfullscreen><\/iframe><\/p>\n<h6><em><strong>Del archivo:\u00a0<a href=\"https:\/\/informelitoral.com.ar\/fin-de-semana-largo-con-pronostico-otonal-lluvias-y-descenso-de-temperatura-en-entre-rios\/\" target=\"_blank\" rel=\"noopener\">Fin de semana largo con pron\u00f3stico oto\u00f1al: lluvias y descenso de temperatura en Entre R\u00edos<\/a><\/strong><\/em><\/h6>\n","protected":false},"excerpt":{"rendered":"<p>Rogelio Frigerio se reuni\u00f3 este jueves por la tarde con el presidente de la Asociaci\u00f3n Corredores Turismo Carretera (ACTC), Hugo Mazzacane, y los dirigentes del Club de Volantes Entrerrianos (CVE), Omar Mart\u00ednez y Sergio Lifschitz, con quienes deline\u00f3 la presentaci\u00f3n de ambas categor\u00edas.<\/p>\n","protected":false},"author":8,"featured_media":215862,"comment_status":"open","ping_status":"open","sticky":false,"template":"","format":"standard","meta":{"fifu_image_url":"","fifu_image_alt":"","footnotes":""},"categories":[13],"tags":[447,642,949,2137,5641],"class_list":{"0":"post-215860","1":"post","2":"type-post","3":"status-publish","4":"format-standard","5":"has-post-thumbnail","7":"category-deportes","8":"tag-automovilismo","9":"tag-reunion","10":"tag-rogelio-frigerio","11":"tag-tc","12":"tag-tc-pick-up"},"yoast_head":"<title>Automovilismo: Paran\u00e1 recibir\u00e1 al TC y al TC Pick Up - Informe Litoral<\/title>\n<meta name=\"robots\" content=\"index, follow, max-snippet:-1, max-image-preview:large, max-video-preview:-1\" \/>\n<link rel=\"canonical\" href=\"https:\/\/informelitoral.com.ar\/automovilismo-parana-recibira-al-tc-y-al-tc-pick-up\/\" \/>\n<meta property=\"og:locale\" content=\"es_ES\" \/>\n<meta property=\"og:type\" content=\"article\" \/>\n<meta property=\"og:title\" content=\"Automovilismo: Paran\u00e1 recibir\u00e1 al TC y al TC Pick Up - Informe Litoral\" \/>\n<meta property=\"og:description\" content=\"Rogelio Frigerio se reuni\u00f3 este jueves por la tarde con el presidente de la Asociaci\u00f3n Corredores Turismo Carretera (ACTC), Hugo Mazzacane, y los dirigentes del Club de Volantes Entrerrianos (CVE), Omar Mart\u00ednez y Sergio Lifschitz, con quienes deline\u00f3 la presentaci\u00f3n de ambas categor\u00edas.\" \/>\n<meta property=\"og:url\" content=\"https:\/\/informelitoral.com.ar\/automovilismo-parana-recibira-al-tc-y-al-tc-pick-up\/\" \/>\n<meta property=\"og:site_name\" content=\"Informe Litoral\" \/>\n<meta property=\"article:publisher\" content=\"https:\/\/www.facebook.com\/informelitoral\/\" \/>\n<meta property=\"article:published_time\" content=\"2025-03-21T09:58:26+00:00\" \/>\n<meta property=\"article:modified_time\" content=\"2025-03-21T10:15:14+00:00\" \/>\n<meta property=\"og:image\" content=\"https:\/\/informelitoral.com.ar\/%77%70%2d%63%6f%6e%74%65%6e%74\/uploads\/2025\/03\/img_154239-_2025_03_20-frigerio-turismo_carretera-1024x683.png\" \/>\n\t<meta property=\"og:image:width\" content=\"1024\" \/>\n\t<meta property=\"og:image:height\" content=\"683\" \/>\n\t<meta property=\"og:image:type\" content=\"image\/png\" \/>\n<meta name=\"author\" content=\"Sebastian\" \/>\n<meta name=\"twitter:card\" content=\"summary_large_image\" \/>\n<meta name=\"twitter:creator\" content=\"@InformeLitoral\" \/>\n<meta name=\"twitter:site\" content=\"@InformeLitoral\" \/>\n<meta name=\"twitter:label1\" content=\"Escrito por\" \/>\n\t<meta name=\"twitter:data1\" content=\"Sebastian\" \/>\n\t<meta name=\"twitter:label2\" content=\"Tiempo de lectura\" \/>\n\t<meta name=\"twitter:data2\" content=\"2 minutos\" \/>\n<script type=\"application\/ld+json\" class=\"yoast-schema-graph\">{\"@context\":\"https:\\\/\\\/schema.org\",\"@graph\":[{\"@type\":\"Article\",\"@id\":\"https:\\\/\\\/informelitoral.com.ar\\\/automovilismo-parana-recibira-al-tc-y-al-tc-pick-up\\\/#article\",\"isPartOf\":{\"@id\":\"https:\\\/\\\/informelitoral.com.ar\\\/automovilismo-parana-recibira-al-tc-y-al-tc-pick-up\\\/\"},\"author\":{\"name\":\"Sebastian\",\"@id\":\"https:\\\/\\\/informelitoral.com.ar\\\/#\\\/schema\\\/person\\\/f05f9f461677119578717524b127d6d5\"},\"headline\":\"Automovilismo: Paran\u00e1 recibir\u00e1 al TC y al TC Pick Up\",\"datePublished\":\"2025-03-21T09:58:26+00:00\",\"dateModified\":\"2025-03-21T10:15:14+00:00\",\"mainEntityOfPage\":{\"@id\":\"https:\\\/\\\/informelitoral.com.ar\\\/automovilismo-parana-recibira-al-tc-y-al-tc-pick-up\\\/\"},\"wordCount\":400,\"commentCount\":0,\"publisher\":{\"@id\":\"https:\\\/\\\/informelitoral.com.ar\\\/#organization\"},\"image\":{\"@id\":\"https:\\\/\\\/informelitoral.com.ar\\\/automovilismo-parana-recibira-al-tc-y-al-tc-pick-up\\\/#primaryimage\"},\"thumbnailUrl\":\"https:\\\/\\\/informelitoral.com.ar\\\/%77%70%2d%63%6f%6e%74%65%6e%74\\\/uploads\\\/2025\\\/03\\\/img_154239-_2025_03_20-frigerio-turismo_carretera.png\",\"keywords\":[\"Automovilismo\",\"Reuni\u00f3n\",\"Rogelio Frigerio\",\"TC\",\"TC Pick Up\"],\"articleSection\":[\"Deportes\"],\"inLanguage\":\"es\",\"potentialAction\":[{\"@type\":\"CommentAction\",\"name\":\"Comment\",\"target\":[\"https:\\\/\\\/informelitoral.com.ar\\\/automovilismo-parana-recibira-al-tc-y-al-tc-pick-up\\\/#respond\"]}]},{\"@type\":\"WebPage\",\"@id\":\"https:\\\/\\\/informelitoral.com.ar\\\/automovilismo-parana-recibira-al-tc-y-al-tc-pick-up\\\/\",\"url\":\"https:\\\/\\\/informelitoral.com.ar\\\/automovilismo-parana-recibira-al-tc-y-al-tc-pick-up\\\/\",\"name\":\"Automovilismo: Paran\u00e1 recibir\u00e1 al TC y al TC Pick Up - Informe Litoral\",\"isPartOf\":{\"@id\":\"https:\\\/\\\/informelitoral.com.ar\\\/#website\"},\"primaryImageOfPage\":{\"@id\":\"https:\\\/\\\/informelitoral.com.ar\\\/automovilismo-parana-recibira-al-tc-y-al-tc-pick-up\\\/#primaryimage\"},\"image\":{\"@id\":\"https:\\\/\\\/informelitoral.com.ar\\\/automovilismo-parana-recibira-al-tc-y-al-tc-pick-up\\\/#primaryimage\"},\"thumbnailUrl\":\"https:\\\/\\\/informelitoral.com.ar\\\/%77%70%2d%63%6f%6e%74%65%6e%74\\\/uploads\\\/2025\\\/03\\\/img_154239-_2025_03_20-frigerio-turismo_carretera.png\",\"datePublished\":\"2025-03-21T09:58:26+00:00\",\"dateModified\":\"2025-03-21T10:15:14+00:00\",\"breadcrumb\":{\"@id\":\"https:\\\/\\\/informelitoral.com.ar\\\/automovilismo-parana-recibira-al-tc-y-al-tc-pick-up\\\/#breadcrumb\"},\"inLanguage\":\"es\",\"potentialAction\":[{\"@type\":\"ReadAction\",\"target\":[\"https:\\\/\\\/informelitoral.com.ar\\\/automovilismo-parana-recibira-al-tc-y-al-tc-pick-up\\\/\"]}]},{\"@type\":\"ImageObject\",\"inLanguage\":\"es\",\"@id\":\"https:\\\/\\\/informelitoral.com.ar\\\/automovilismo-parana-recibira-al-tc-y-al-tc-pick-up\\\/#primaryimage\",\"url\":\"https:\\\/\\\/informelitoral.com.ar\\\/%77%70%2d%63%6f%6e%74%65%6e%74\\\/uploads\\\/2025\\\/03\\\/img_154239-_2025_03_20-frigerio-turismo_carretera.png\",\"contentUrl\":\"https:\\\/\\\/informelitoral.com.ar\\\/%77%70%2d%63%6f%6e%74%65%6e%74\\\/uploads\\\/2025\\\/03\\\/img_154239-_2025_03_20-frigerio-turismo_carretera.png\",\"width\":1920,\"height\":1280},{\"@type\":\"BreadcrumbList\",\"@id\":\"https:\\\/\\\/informelitoral.com.ar\\\/automovilismo-parana-recibira-al-tc-y-al-tc-pick-up\\\/#breadcrumb\",\"itemListElement\":[{\"@type\":\"ListItem\",\"position\":1,\"name\":\"Portada\",\"item\":\"https:\\\/\\\/informelitoral.com.ar\\\/\"},{\"@type\":\"ListItem\",\"position\":2,\"name\":\"Automovilismo: Paran\u00e1 recibir\u00e1 al TC y al TC Pick Up\"}]},{\"@type\":\"WebSite\",\"@id\":\"https:\\\/\\\/informelitoral.com.ar\\\/#website\",\"url\":\"https:\\\/\\\/informelitoral.com.ar\\\/\",\"name\":\"Informe Litoral\",\"description\":\"&quot;Nos informamos&quot; \",\"publisher\":{\"@id\":\"https:\\\/\\\/informelitoral.com.ar\\\/#organization\"},\"potentialAction\":[{\"@type\":\"SearchAction\",\"target\":{\"@type\":\"EntryPoint\",\"urlTemplate\":\"https:\\\/\\\/informelitoral.com.ar\\\/?s={search_term_string}\"},\"query-input\":{\"@type\":\"PropertyValueSpecification\",\"valueRequired\":true,\"valueName\":\"search_term_string\"}}],\"inLanguage\":\"es\"},{\"@type\":\"Organization\",\"@id\":\"https:\\\/\\\/informelitoral.com.ar\\\/#organization\",\"name\":\"Informe Litoral\",\"url\":\"https:\\\/\\\/informelitoral.com.ar\\\/\",\"logo\":{\"@type\":\"ImageObject\",\"inLanguage\":\"es\",\"@id\":\"https:\\\/\\\/informelitoral.com.ar\\\/#\\\/schema\\\/logo\\\/image\\\/\",\"url\":\"https:\\\/\\\/informelitoral.com.ar\\\/%77%70%2d%63%6f%6e%74%65%6e%74\\\/uploads\\\/2021\\\/01\\\/circulo.png\",\"contentUrl\":\"https:\\\/\\\/informelitoral.com.ar\\\/%77%70%2d%63%6f%6e%74%65%6e%74\\\/uploads\\\/2021\\\/01\\\/circulo.png\",\"width\":723,\"height\":731,\"caption\":\"Informe Litoral\"},\"image\":{\"@id\":\"https:\\\/\\\/informelitoral.com.ar\\\/#\\\/schema\\\/logo\\\/image\\\/\"},\"sameAs\":[\"https:\\\/\\\/www.facebook.com\\\/informelitoral\\\/\",\"https:\\\/\\\/x.com\\\/InformeLitoral\",\"https:\\\/\\\/www.instagram.com\\\/informelitoral\\\/\",\"https:\\\/\\\/www.youtube.com\\\/channel\\\/UCua4Qvz8Icb6MYqhoq9xLXw\"]},{\"@type\":\"Person\",\"@id\":\"https:\\\/\\\/informelitoral.com.ar\\\/#\\\/schema\\\/person\\\/f05f9f461677119578717524b127d6d5\",\"name\":\"Sebastian\",\"image\":{\"@type\":\"ImageObject\",\"inLanguage\":\"es\",\"@id\":\"https:\\\/\\\/secure.gravatar.com\\\/avatar\\\/b71bf7481d447dfb9583c7f2798e7cc64de6efb9067b74633ed8c31059a3bd82?s=96&d=mm&r=g\",\"url\":\"https:\\\/\\\/secure.gravatar.com\\\/avatar\\\/b71bf7481d447dfb9583c7f2798e7cc64de6efb9067b74633ed8c31059a3bd82?s=96&d=mm&r=g\",\"contentUrl\":\"https:\\\/\\\/secure.gravatar.com\\\/avatar\\\/b71bf7481d447dfb9583c7f2798e7cc64de6efb9067b74633ed8c31059a3bd82?s=96&d=mm&r=g\",\"caption\":\"Sebastian\"},\"url\":\"https:\\\/\\\/informelitoral.com.ar\\\/author\\\/sebastian\\\/\"}]}<\/script>","yoast_head_json":{"title":"Automovilismo: Paran\u00e1 recibir\u00e1 al TC y al TC Pick Up - Informe Litoral","robots":{"index":"index","follow":"follow","max-snippet":"max-snippet:-1","max-image-preview":"max-image-preview:large","max-video-preview":"max-video-preview:-1"},"canonical":"https:\/\/informelitoral.com.ar\/automovilismo-parana-recibira-al-tc-y-al-tc-pick-up\/","og_locale":"es_ES","og_type":"article","og_title":"Automovilismo: Paran\u00e1 recibir\u00e1 al TC y al TC Pick Up - Informe Litoral","og_description":"Rogelio Frigerio se reuni\u00f3 este jueves por la tarde con el presidente de la Asociaci\u00f3n Corredores Turismo Carretera (ACTC), Hugo Mazzacane, y los dirigentes del Club de Volantes Entrerrianos (CVE), Omar Mart\u00ednez y Sergio Lifschitz, con quienes deline\u00f3 la presentaci\u00f3n de ambas categor\u00edas.","og_url":"https:\/\/informelitoral.com.ar\/automovilismo-parana-recibira-al-tc-y-al-tc-pick-up\/","og_site_name":"Informe Litoral","article_publisher":"https:\/\/www.facebook.com\/informelitoral\/","article_published_time":"2025-03-21T09:58:26+00:00","article_modified_time":"2025-03-21T10:15:14+00:00","og_image":[{"width":1024,"height":683,"url":"https:\/\/informelitoral.com.ar\/%77%70%2d%63%6f%6e%74%65%6e%74\/uploads\/2025\/03\/img_154239-_2025_03_20-frigerio-turismo_carretera-1024x683.png","type":"image\/png"}],"author":"Sebastian","twitter_card":"summary_large_image","twitter_creator":"@InformeLitoral","twitter_site":"@InformeLitoral","twitter_misc":{"Escrito por":"Sebastian","Tiempo de lectura":"2 minutos"},"schema":{"@context":"https:\/\/schema.org","@graph":[{"@type":"Article","@id":"https:\/\/informelitoral.com.ar\/automovilismo-parana-recibira-al-tc-y-al-tc-pick-up\/#article","isPartOf":{"@id":"https:\/\/informelitoral.com.ar\/automovilismo-parana-recibira-al-tc-y-al-tc-pick-up\/"},"author":{"name":"Sebastian","@id":"https:\/\/informelitoral.com.ar\/#\/schema\/person\/f05f9f461677119578717524b127d6d5"},"headline":"Automovilismo: Paran\u00e1 recibir\u00e1 al TC y al TC Pick Up","datePublished":"2025-03-21T09:58:26+00:00","dateModified":"2025-03-21T10:15:14+00:00","mainEntityOfPage":{"@id":"https:\/\/informelitoral.com.ar\/automovilismo-parana-recibira-al-tc-y-al-tc-pick-up\/"},"wordCount":400,"commentCount":0,"publisher":{"@id":"https:\/\/informelitoral.com.ar\/#organization"},"image":{"@id":"https:\/\/informelitoral.com.ar\/automovilismo-parana-recibira-al-tc-y-al-tc-pick-up\/#primaryimage"},"thumbnailUrl":"https:\/\/informelitoral.com.ar\/%77%70%2d%63%6f%6e%74%65%6e%74\/uploads\/2025\/03\/img_154239-_2025_03_20-frigerio-turismo_carretera.png","keywords":["Automovilismo","Reuni\u00f3n","Rogelio Frigerio","TC","TC Pick Up"],"articleSection":["Deportes"],"inLanguage":"es","potentialAction":[{"@type":"CommentAction","name":"Comment","target":["https:\/\/informelitoral.com.ar\/automovilismo-parana-recibira-al-tc-y-al-tc-pick-up\/#respond"]}]},{"@type":"WebPage","@id":"https:\/\/informelitoral.com.ar\/automovilismo-parana-recibira-al-tc-y-al-tc-pick-up\/","url":"https:\/\/informelitoral.com.ar\/automovilismo-parana-recibira-al-tc-y-al-tc-pick-up\/","name":"Automovilismo: Paran\u00e1 recibir\u00e1 al TC y al TC Pick Up - Informe Litoral","isPartOf":{"@id":"https:\/\/informelitoral.com.ar\/#website"},"primaryImageOfPage":{"@id":"https:\/\/informelitoral.com.ar\/automovilismo-parana-recibira-al-tc-y-al-tc-pick-up\/#primaryimage"},"image":{"@id":"https:\/\/informelitoral.com.ar\/automovilismo-parana-recibira-al-tc-y-al-tc-pick-up\/#primaryimage"},"thumbnailUrl":"https:\/\/informelitoral.com.ar\/%77%70%2d%63%6f%6e%74%65%6e%74\/uploads\/2025\/03\/img_154239-_2025_03_20-frigerio-turismo_carretera.png","datePublished":"2025-03-21T09:58:26+00:00","dateModified":"2025-03-21T10:15:14+00:00","breadcrumb":{"@id":"https:\/\/informelitoral.com.ar\/automovilismo-parana-recibira-al-tc-y-al-tc-pick-up\/#breadcrumb"},"inLanguage":"es","potentialAction":[{"@type":"ReadAction","target":["https:\/\/informelitoral.com.ar\/automovilismo-parana-recibira-al-tc-y-al-tc-pick-up\/"]}]},{"@type":"ImageObject","inLanguage":"es","@id":"https:\/\/informelitoral.com.ar\/automovilismo-parana-recibira-al-tc-y-al-tc-pick-up\/#primaryimage","url":"https:\/\/informelitoral.com.ar\/%77%70%2d%63%6f%6e%74%65%6e%74\/uploads\/2025\/03\/img_154239-_2025_03_20-frigerio-turismo_carretera.png","contentUrl":"https:\/\/informelitoral.com.ar\/%77%70%2d%63%6f%6e%74%65%6e%74\/uploads\/2025\/03\/img_154239-_2025_03_20-frigerio-turismo_carretera.png","width":1920,"height":1280},{"@type":"BreadcrumbList","@id":"https:\/\/informelitoral.com.ar\/automovilismo-parana-recibira-al-tc-y-al-tc-pick-up\/#breadcrumb","itemListElement":[{"@type":"ListItem","position":1,"name":"Portada","item":"https:\/\/informelitoral.com.ar\/"},{"@type":"ListItem","position":2,"name":"Automovilismo: Paran\u00e1 recibir\u00e1 al TC y al TC Pick Up"}]},{"@type":"WebSite","@id":"https:\/\/informelitoral.com.ar\/#website","url":"https:\/\/informelitoral.com.ar\/","name":"Informe Litoral","description":"&quot;Nos informamos&quot; ","publisher":{"@id":"https:\/\/informelitoral.com.ar\/#organization"},"potentialAction":[{"@type":"SearchAction","target":{"@type":"EntryPoint","urlTemplate":"https:\/\/informelitoral.com.ar\/?s={search_term_string}"},"query-input":{"@type":"PropertyValueSpecification","valueRequired":true,"valueName":"search_term_string"}}],"inLanguage":"es"},{"@type":"Organization","@id":"https:\/\/informelitoral.com.ar\/#organization","name":"Informe Litoral","url":"https:\/\/informelitoral.com.ar\/","logo":{"@type":"ImageObject","inLanguage":"es","@id":"https:\/\/informelitoral.com.ar\/#\/schema\/logo\/image\/","url":"https:\/\/informelitoral.com.ar\/%77%70%2d%63%6f%6e%74%65%6e%74\/uploads\/2021\/01\/circulo.png","contentUrl":"https:\/\/informelitoral.com.ar\/%77%70%2d%63%6f%6e%74%65%6e%74\/uploads\/2021\/01\/circulo.png","width":723,"height":731,"caption":"Informe Litoral"},"image":{"@id":"https:\/\/informelitoral.com.ar\/#\/schema\/logo\/image\/"},"sameAs":["https:\/\/www.facebook.com\/informelitoral\/","https:\/\/x.com\/InformeLitoral","https:\/\/www.instagram.com\/informelitoral\/","https:\/\/www.youtube.com\/channel\/UCua4Qvz8Icb6MYqhoq9xLXw"]},{"@type":"Person","@id":"https:\/\/informelitoral.com.ar\/#\/schema\/person\/f05f9f461677119578717524b127d6d5","name":"Sebastian","image":{"@type":"ImageObject","inLanguage":"es","@id":"https:\/\/secure.gravatar.com\/avatar\/b71bf7481d447dfb9583c7f2798e7cc64de6efb9067b74633ed8c31059a3bd82?s=96&d=mm&r=g","url":"https:\/\/secure.gravatar.com\/avatar\/b71bf7481d447dfb9583c7f2798e7cc64de6efb9067b74633ed8c31059a3bd82?s=96&d=mm&r=g","contentUrl":"https:\/\/secure.gravatar.com\/avatar\/b71bf7481d447dfb9583c7f2798e7cc64de6efb9067b74633ed8c31059a3bd82?s=96&d=mm&r=g","caption":"Sebastian"},"url":"https:\/\/informelitoral.com.ar\/author\/sebastian\/"}]}},"_links":{"self":[{"href":"https:\/\/informelitoral.com.ar\/%77%70%2d%6a%73%6f%6e\/wp\/v2\/posts\/215860","targetHints":{"allow":["GET"]}}],"collection":[{"href":"https:\/\/informelitoral.com.ar\/%77%70%2d%6a%73%6f%6e\/wp\/v2\/posts"}],"about":[{"href":"https:\/\/informelitoral.com.ar\/%77%70%2d%6a%73%6f%6e\/wp\/v2\/types\/post"}],"author":[{"embeddable":true,"href":"https:\/\/informelitoral.com.ar\/%77%70%2d%6a%73%6f%6e\/wp\/v2\/users\/8"}],"replies":[{"embeddable":true,"href":"https:\/\/informelitoral.com.ar\/%77%70%2d%6a%73%6f%6e\/wp\/v2\/comments?post=215860"}],"version-history":[{"count":0,"href":"https:\/\/informelitoral.com.ar\/%77%70%2d%6a%73%6f%6e\/wp\/v2\/posts\/215860\/revisions"}],"wp:featuredmedia":[{"embeddable":true,"href":"https:\/\/informelitoral.com.ar\/%77%70%2d%6a%73%6f%6e\/wp\/v2\/media\/215862"}],"wp:attachment":[{"href":"https:\/\/informelitoral.com.ar\/%77%70%2d%6a%73%6f%6e\/wp\/v2\/media?parent=215860"}],"wp:term":[{"taxonomy":"category","embeddable":true,"href":"https:\/\/informelitoral.com.ar\/%77%70%2d%6a%73%6f%6e\/wp\/v2\/categories?post=215860"},{"taxonomy":"post_tag","embeddable":true,"href":"https:\/\/informelitoral.com.ar\/%77%70%2d%6a%73%6f%6e\/wp\/v2\/tags?post=215860"}],"curies":[{"name":"wp","href":"https:\/\/api.w.org\/{rel}","templated":true}]}}