{"id":21571,"date":"2017-05-16T00:04:05","date_gmt":"2017-05-16T03:04:05","guid":{"rendered":"http:\/\/www.isletasnoticias.com.ar\/?p=21571"},"modified":"2020-05-14T12:29:33","modified_gmt":"2020-05-14T15:29:33","slug":"ramirez-cooperativa-la-ganadera-cumplio-65-anos","status":"publish","type":"post","link":"https:\/\/informelitoral.com.ar\/ramirez-cooperativa-la-ganadera-cumplio-65-anos\/","title":{"rendered":"Ram\u00edrez: Cooperativa La Ganadera cumpli\u00f3 65 a\u00f1os"},"content":{"rendered":"<div id=\"HOTWordsTxt\">\n<p>Cooperativa La Ganadera General Ram\u00edrez Limitada cumpli\u00f3 65 a\u00f1os de trabajo en la ciudad y la regi\u00f3n. En el Sal\u00f3n del Cine Ideal, hoy Club Atl\u00e9tico Racing, ubicado en Avenida San Mart\u00edn, el 15 de mayo de 1952 se constituy\u00f3 la cooperativa, con la presencia de 32 productores.<\/p>\n<p>La comercializaci\u00f3n de la hacienda de los peque\u00f1os y medianos productores era el principal inconveniente de la \u00e9poca, ya que gran parte de los vacunos eran cargados en vagones del ferrocarril y llevados a los frigor\u00edficos, siendo una pr\u00e1ctica frecuente de propietarios de grandes lotes de hacienda.<\/p>\n<p>Los peque\u00f1os productores decidieron establecer un lugar de concentraci\u00f3n y colocaci\u00f3n de hacienda en remate feria. El paso inicial se dio en la asamblea del 2 de febrero de 1953, donde se autoriz\u00f3 la compra de 15 hect\u00e1reas en Distrito Isletas, cercano a Ram\u00edrez, estableciendo el local de remates feria. El primero se efectu\u00f3 el 9 de abril de 1953. Luego se adquirieron otros terrenos para similar destino en Don Crist\u00f3bal, Costa Grande y Crespo.<\/p>\n<p><strong><a href=\"http:\/\/www.isletasnoticias.com.ar\/%77%70%2d%63%6f%6e%74%65%6e%74\/uploads\/2016\/10\/La-Ganadera.jpg\"><img loading=\"lazy\" decoding=\"async\" class=\"aligncenter wp-image-18600 size-full\" src=\"http:\/\/www.isletasnoticias.com.ar\/%77%70%2d%63%6f%6e%74%65%6e%74\/uploads\/2016\/10\/La-Ganadera.jpg\" alt=\"\" width=\"640\" height=\"480\" srcset=\"https:\/\/informelitoral.com.ar\/%77%70%2d%63%6f%6e%74%65%6e%74\/uploads\/2016\/10\/La-Ganadera.jpg 640w, https:\/\/informelitoral.com.ar\/%77%70%2d%63%6f%6e%74%65%6e%74\/uploads\/2016\/10\/La-Ganadera-300x225.jpg 300w\" sizes=\"auto, (max-width: 640px) 100vw, 640px\" \/><\/a><\/strong><\/p>\n<\/div>\n<p>Los comienzos fueron modestos. No se contaba con un local para funcionar, ni personal ni martillero. Se fueron superando obst\u00e1culos con esfuerzo conjunto. En 1956 se adquiri\u00f3 una propiedad de la Sociedad Israelita, donde se estableci\u00f3 la sede social, en calle Belgrano 229.<\/p>\n<div id=\"HOTWordsTxt\">\n<p>Ante el trazado de la ruta pavimentada N\u00ba 12 se decidi\u00f3 establecer el predio de remates feria en un espacio de nueve hect\u00e1reas situado en la intersecci\u00f3n de esa ruta y la calle \u201cAcceso Norte Don Guillermo Bender\u201d, siendo inaugurado el 22 de abril de 1971.<\/p>\n<p>La actividad fue complementada a partir de 1980 por la agricultura y sus servicios al incorporarse la planta de silos ubicada en calle Rep\u00fablica de Entre R\u00edos 452. Se incorporaron las plantas de silos en Tres Esquinas (Departamento Victoria), Viale, Ruta 12 y Acceso Norte \u201cDon Guillermo Bender\u201d, acopi\u00e1ndose adem\u00e1s en Hasenkamp y Pueblo Brugo.<a href=\"http:\/\/www.isletasnoticias.com.ar\/%77%70%2d%63%6f%6e%74%65%6e%74\/uploads\/2017\/05\/Cooperativa-La-Ganadera-Ram\u00edrez.jpg\"><img loading=\"lazy\" decoding=\"async\" class=\"aligncenter wp-image-21572 size-full\" src=\"http:\/\/www.isletasnoticias.com.ar\/%77%70%2d%63%6f%6e%74%65%6e%74\/uploads\/2017\/05\/Cooperativa-La-Ganadera-Ram\u00edrez.jpg\" alt=\"\" width=\"696\" height=\"518\" srcset=\"https:\/\/informelitoral.com.ar\/%77%70%2d%63%6f%6e%74%65%6e%74\/uploads\/2017\/05\/Cooperativa-La-Ganadera-Ram\u00edrez.jpg 696w, https:\/\/informelitoral.com.ar\/%77%70%2d%63%6f%6e%74%65%6e%74\/uploads\/2017\/05\/Cooperativa-La-Ganadera-Ram\u00edrez-300x223.jpg 300w\" sizes=\"auto, (max-width: 696px) 100vw, 696px\" \/><\/a><\/p>\n<p>El primer Consejo de Administraci\u00f3n estuvo integrado por: presidente: Guillermo Bender, vicepresidente: Juan Heinze, secretario: Jos\u00e9 \u00c1lvarez, pro secretario: Ignacio Marega, tesorero: Carlos Kremer Schwindt y pro tesorero: Luis Deppen. Vocales titulares: Enrique Bierig, Juan Battauz, Jacobo Frickel y Armando Viola. Vocales suplentes: Sp\u00edritu Tessore, Juan Saluzzio y Guillermo Mantovani. S\u00edndico titular: Rafael Robledo y s\u00edndico Suplente: Federico Heinze.<\/p>\n<p><strong>En permanente movimiento<\/strong><\/p>\n<p>Las mejoras de las condiciones de vida de la familia rural y la comunidad siempre fueron temas que recibieron un tratamiento prioritario de dirigentes de la cooperativa. La colaboraci\u00f3n con aportes para instituciones locales y de la regi\u00f3n, el sostenimiento junto a otras cooperativas del Instituto Superior de Estudios Cooperativos, la presencia de la Escuela Cooperativa M\u00f3vil de ACA en establecimientos educativos provinciales desde 1974, la formaci\u00f3n de la Juventud Agraria Cooperativista de Ram\u00edrez y el Grupo de Mujeres de Cambio Rural \u201cEl Despertar\u201d, conferencias y capacitaciones para asociados y la comunidad, la defensa gremial del sector agropecuario y cooperativo, ayudas econ\u00f3micas a estudiantes hijos de productores, gestiones y aportes para mejoras de caminos, son ejemplos de actividades desarrolladas durante estos a\u00f1os para lograr el bienestar de la familia asociada y la comunidad.<\/p>\n<p>En relaci\u00f3n a las actividades espec\u00edficas para conmemorar el cumplea\u00f1os, desde la cooperativa indicaron que el lunes 15 de mayo, al ser el d\u00eda del aniversario, se realizaron algunas actividades internas, sencillas, para festejar.<\/p>\n<p>Hacia afuera, como parte de la conmemoraci\u00f3n, el jueves 18 a las 9.30 se har\u00e1 el Gran Remate Aniversario en la Feria de Ram\u00edrez. Y el viernes 19 est\u00e1 previsto el remate televisado por Canal Rural, a partir de las 10.00. <em>(Paralelo 32)<\/em><\/p>\n<\/div>\n","protected":false},"excerpt":{"rendered":"<p>La entidad cooperativa celebr\u00f3 un nuevo aniversario de trabajo en la ciudad y la regi\u00f3n. La Ganadera se caracteriza por el permanente desarrollo y acompa\u00f1amiento a diferentes sectores. Este jueves ser\u00e1 el Gran Remate Aniversario y el viernes se realizar\u00e1 el remate televisado por Canal Rural.<\/p>\n","protected":false},"author":2,"featured_media":42720,"comment_status":"open","ping_status":"open","sticky":false,"template":"","format":"standard","meta":{"fifu_image_url":"","fifu_image_alt":"","footnotes":""},"categories":[10,5],"tags":[191,71,137,81,162,556,55,120],"class_list":{"0":"post-21571","1":"post","2":"type-post","3":"status-publish","4":"format-standard","5":"has-post-thumbnail","7":"category-campo","8":"category-zonales","9":"tag-agricultura","10":"tag-campo","11":"tag-cooperativa","12":"tag-entre-rios","13":"tag-ganaderia","14":"tag-general-ramirez","15":"tag-la-ganadera","16":"tag-produccion"},"yoast_head":"<title>Ram\u00edrez: Cooperativa La Ganadera cumpli\u00f3 65 a\u00f1os - Informe Litoral<\/title>\n<meta name=\"robots\" content=\"index, follow, max-snippet:-1, max-image-preview:large, max-video-preview:-1\" \/>\n<link rel=\"canonical\" href=\"https:\/\/informelitoral.com.ar\/ramirez-cooperativa-la-ganadera-cumplio-65-anos\/\" \/>\n<meta property=\"og:locale\" content=\"es_ES\" \/>\n<meta property=\"og:type\" content=\"article\" \/>\n<meta property=\"og:title\" content=\"Ram\u00edrez: Cooperativa La Ganadera cumpli\u00f3 65 a\u00f1os - Informe Litoral\" \/>\n<meta property=\"og:description\" content=\"La entidad cooperativa celebr\u00f3 un nuevo aniversario de trabajo en la ciudad y la regi\u00f3n. La Ganadera se caracteriza por el permanente desarrollo y acompa\u00f1amiento a diferentes sectores. Este jueves ser\u00e1 el Gran Remate Aniversario y el viernes se realizar\u00e1 el remate televisado por Canal Rural.\" \/>\n<meta property=\"og:url\" content=\"https:\/\/informelitoral.com.ar\/ramirez-cooperativa-la-ganadera-cumplio-65-anos\/\" \/>\n<meta property=\"og:site_name\" content=\"Informe Litoral\" \/>\n<meta property=\"article:publisher\" content=\"https:\/\/www.facebook.com\/informelitoral\/\" \/>\n<meta property=\"article:published_time\" content=\"2017-05-16T03:04:05+00:00\" \/>\n<meta property=\"article:modified_time\" content=\"2020-05-14T15:29:33+00:00\" \/>\n<meta property=\"og:image\" content=\"https:\/\/informelitoral.com.ar\/%77%70%2d%63%6f%6e%74%65%6e%74\/uploads\/2020\/05\/cooperativa-la-ganadera.jpg\" \/>\n\t<meta property=\"og:image:width\" content=\"1032\" \/>\n\t<meta property=\"og:image:height\" content=\"688\" \/>\n\t<meta property=\"og:image:type\" content=\"image\/jpeg\" \/>\n<meta name=\"author\" content=\"Gonzalo Schmidt\" \/>\n<meta name=\"twitter:card\" content=\"summary_large_image\" \/>\n<meta name=\"twitter:creator\" content=\"@InformeLitoral\" \/>\n<meta name=\"twitter:site\" content=\"@InformeLitoral\" \/>\n<meta name=\"twitter:label1\" content=\"Escrito por\" \/>\n\t<meta name=\"twitter:data1\" content=\"Gonzalo Schmidt\" \/>\n\t<meta name=\"twitter:label2\" content=\"Tiempo de lectura\" \/>\n\t<meta name=\"twitter:data2\" content=\"3 minutos\" \/>\n<script type=\"application\/ld+json\" class=\"yoast-schema-graph\">{\"@context\":\"https:\\\/\\\/schema.org\",\"@graph\":[{\"@type\":\"Article\",\"@id\":\"https:\\\/\\\/informelitoral.com.ar\\\/ramirez-cooperativa-la-ganadera-cumplio-65-anos\\\/#article\",\"isPartOf\":{\"@id\":\"https:\\\/\\\/informelitoral.com.ar\\\/ramirez-cooperativa-la-ganadera-cumplio-65-anos\\\/\"},\"author\":{\"name\":\"Gonzalo Schmidt\",\"@id\":\"https:\\\/\\\/informelitoral.com.ar\\\/#\\\/schema\\\/person\\\/b9d00407c836482871ef1d57bf8e3180\"},\"headline\":\"Ram\u00edrez: Cooperativa La Ganadera cumpli\u00f3 65 a\u00f1os\",\"datePublished\":\"2017-05-16T03:04:05+00:00\",\"dateModified\":\"2020-05-14T15:29:33+00:00\",\"mainEntityOfPage\":{\"@id\":\"https:\\\/\\\/informelitoral.com.ar\\\/ramirez-cooperativa-la-ganadera-cumplio-65-anos\\\/\"},\"wordCount\":610,\"commentCount\":0,\"publisher\":{\"@id\":\"https:\\\/\\\/informelitoral.com.ar\\\/#organization\"},\"image\":{\"@id\":\"https:\\\/\\\/informelitoral.com.ar\\\/ramirez-cooperativa-la-ganadera-cumplio-65-anos\\\/#primaryimage\"},\"thumbnailUrl\":\"https:\\\/\\\/informelitoral.com.ar\\\/%77%70%2d%63%6f%6e%74%65%6e%74\\\/uploads\\\/2020\\\/05\\\/cooperativa-la-ganadera.jpg\",\"keywords\":[\"Agricultura\",\"Campo\",\"Cooperativa\",\"Entre R\u00edos\",\"Ganader\u00eda\",\"General Ram\u00edrez\",\"La Ganadera\",\"Producci\u00f3n\"],\"articleSection\":[\"Campo\",\"Departamento Diamante\"],\"inLanguage\":\"es\",\"potentialAction\":[{\"@type\":\"CommentAction\",\"name\":\"Comment\",\"target\":[\"https:\\\/\\\/informelitoral.com.ar\\\/ramirez-cooperativa-la-ganadera-cumplio-65-anos\\\/#respond\"]}]},{\"@type\":\"WebPage\",\"@id\":\"https:\\\/\\\/informelitoral.com.ar\\\/ramirez-cooperativa-la-ganadera-cumplio-65-anos\\\/\",\"url\":\"https:\\\/\\\/informelitoral.com.ar\\\/ramirez-cooperativa-la-ganadera-cumplio-65-anos\\\/\",\"name\":\"Ram\u00edrez: Cooperativa La Ganadera cumpli\u00f3 65 a\u00f1os - Informe Litoral\",\"isPartOf\":{\"@id\":\"https:\\\/\\\/informelitoral.com.ar\\\/#website\"},\"primaryImageOfPage\":{\"@id\":\"https:\\\/\\\/informelitoral.com.ar\\\/ramirez-cooperativa-la-ganadera-cumplio-65-anos\\\/#primaryimage\"},\"image\":{\"@id\":\"https:\\\/\\\/informelitoral.com.ar\\\/ramirez-cooperativa-la-ganadera-cumplio-65-anos\\\/#primaryimage\"},\"thumbnailUrl\":\"https:\\\/\\\/informelitoral.com.ar\\\/%77%70%2d%63%6f%6e%74%65%6e%74\\\/uploads\\\/2020\\\/05\\\/cooperativa-la-ganadera.jpg\",\"datePublished\":\"2017-05-16T03:04:05+00:00\",\"dateModified\":\"2020-05-14T15:29:33+00:00\",\"breadcrumb\":{\"@id\":\"https:\\\/\\\/informelitoral.com.ar\\\/ramirez-cooperativa-la-ganadera-cumplio-65-anos\\\/#breadcrumb\"},\"inLanguage\":\"es\",\"potentialAction\":[{\"@type\":\"ReadAction\",\"target\":[\"https:\\\/\\\/informelitoral.com.ar\\\/ramirez-cooperativa-la-ganadera-cumplio-65-anos\\\/\"]}]},{\"@type\":\"ImageObject\",\"inLanguage\":\"es\",\"@id\":\"https:\\\/\\\/informelitoral.com.ar\\\/ramirez-cooperativa-la-ganadera-cumplio-65-anos\\\/#primaryimage\",\"url\":\"https:\\\/\\\/informelitoral.com.ar\\\/%77%70%2d%63%6f%6e%74%65%6e%74\\\/uploads\\\/2020\\\/05\\\/cooperativa-la-ganadera.jpg\",\"contentUrl\":\"https:\\\/\\\/informelitoral.com.ar\\\/%77%70%2d%63%6f%6e%74%65%6e%74\\\/uploads\\\/2020\\\/05\\\/cooperativa-la-ganadera.jpg\",\"width\":1032,\"height\":688},{\"@type\":\"BreadcrumbList\",\"@id\":\"https:\\\/\\\/informelitoral.com.ar\\\/ramirez-cooperativa-la-ganadera-cumplio-65-anos\\\/#breadcrumb\",\"itemListElement\":[{\"@type\":\"ListItem\",\"position\":1,\"name\":\"Portada\",\"item\":\"https:\\\/\\\/informelitoral.com.ar\\\/\"},{\"@type\":\"ListItem\",\"position\":2,\"name\":\"Ram\u00edrez: Cooperativa La Ganadera cumpli\u00f3 65 a\u00f1os\"}]},{\"@type\":\"WebSite\",\"@id\":\"https:\\\/\\\/informelitoral.com.ar\\\/#website\",\"url\":\"https:\\\/\\\/informelitoral.com.ar\\\/\",\"name\":\"Informe Litoral\",\"description\":\"&quot;Nos informamos&quot; \",\"publisher\":{\"@id\":\"https:\\\/\\\/informelitoral.com.ar\\\/#organization\"},\"potentialAction\":[{\"@type\":\"SearchAction\",\"target\":{\"@type\":\"EntryPoint\",\"urlTemplate\":\"https:\\\/\\\/informelitoral.com.ar\\\/?s={search_term_string}\"},\"query-input\":{\"@type\":\"PropertyValueSpecification\",\"valueRequired\":true,\"valueName\":\"search_term_string\"}}],\"inLanguage\":\"es\"},{\"@type\":\"Organization\",\"@id\":\"https:\\\/\\\/informelitoral.com.ar\\\/#organization\",\"name\":\"Informe Litoral\",\"url\":\"https:\\\/\\\/informelitoral.com.ar\\\/\",\"logo\":{\"@type\":\"ImageObject\",\"inLanguage\":\"es\",\"@id\":\"https:\\\/\\\/informelitoral.com.ar\\\/#\\\/schema\\\/logo\\\/image\\\/\",\"url\":\"https:\\\/\\\/informelitoral.com.ar\\\/%77%70%2d%63%6f%6e%74%65%6e%74\\\/uploads\\\/2021\\\/01\\\/circulo.png\",\"contentUrl\":\"https:\\\/\\\/informelitoral.com.ar\\\/%77%70%2d%63%6f%6e%74%65%6e%74\\\/uploads\\\/2021\\\/01\\\/circulo.png\",\"width\":723,\"height\":731,\"caption\":\"Informe Litoral\"},\"image\":{\"@id\":\"https:\\\/\\\/informelitoral.com.ar\\\/#\\\/schema\\\/logo\\\/image\\\/\"},\"sameAs\":[\"https:\\\/\\\/www.facebook.com\\\/informelitoral\\\/\",\"https:\\\/\\\/x.com\\\/InformeLitoral\",\"https:\\\/\\\/www.instagram.com\\\/informelitoral\\\/\",\"https:\\\/\\\/www.youtube.com\\\/channel\\\/UCua4Qvz8Icb6MYqhoq9xLXw\"]},{\"@type\":\"Person\",\"@id\":\"https:\\\/\\\/informelitoral.com.ar\\\/#\\\/schema\\\/person\\\/b9d00407c836482871ef1d57bf8e3180\",\"name\":\"Gonzalo Schmidt\",\"image\":{\"@type\":\"ImageObject\",\"inLanguage\":\"es\",\"@id\":\"https:\\\/\\\/secure.gravatar.com\\\/avatar\\\/31a1a7b66ff2de83bd0e9fd79d026630d2d99e55e8bfe501287647b4fd9743de?s=96&d=mm&r=g\",\"url\":\"https:\\\/\\\/secure.gravatar.com\\\/avatar\\\/31a1a7b66ff2de83bd0e9fd79d026630d2d99e55e8bfe501287647b4fd9743de?s=96&d=mm&r=g\",\"contentUrl\":\"https:\\\/\\\/secure.gravatar.com\\\/avatar\\\/31a1a7b66ff2de83bd0e9fd79d026630d2d99e55e8bfe501287647b4fd9743de?s=96&d=mm&r=g\",\"caption\":\"Gonzalo Schmidt\"},\"description\":\"Sitio web de noticias de la provincia de Entre R\u00edos, Argentina. Informaci\u00f3n y entretenimiento. Informe Litoral, nos informamos.\",\"sameAs\":[\"http:\\\/\\\/www.isletasnoticias.com.ar\"],\"url\":\"https:\\\/\\\/informelitoral.com.ar\\\/author\\\/gonzalo\\\/\"}]}<\/script>","yoast_head_json":{"title":"Ram\u00edrez: Cooperativa La Ganadera cumpli\u00f3 65 a\u00f1os - Informe Litoral","robots":{"index":"index","follow":"follow","max-snippet":"max-snippet:-1","max-image-preview":"max-image-preview:large","max-video-preview":"max-video-preview:-1"},"canonical":"https:\/\/informelitoral.com.ar\/ramirez-cooperativa-la-ganadera-cumplio-65-anos\/","og_locale":"es_ES","og_type":"article","og_title":"Ram\u00edrez: Cooperativa La Ganadera cumpli\u00f3 65 a\u00f1os - Informe Litoral","og_description":"La entidad cooperativa celebr\u00f3 un nuevo aniversario de trabajo en la ciudad y la regi\u00f3n. La Ganadera se caracteriza por el permanente desarrollo y acompa\u00f1amiento a diferentes sectores. Este jueves ser\u00e1 el Gran Remate Aniversario y el viernes se realizar\u00e1 el remate televisado por Canal Rural.","og_url":"https:\/\/informelitoral.com.ar\/ramirez-cooperativa-la-ganadera-cumplio-65-anos\/","og_site_name":"Informe Litoral","article_publisher":"https:\/\/www.facebook.com\/informelitoral\/","article_published_time":"2017-05-16T03:04:05+00:00","article_modified_time":"2020-05-14T15:29:33+00:00","og_image":[{"width":1032,"height":688,"url":"https:\/\/informelitoral.com.ar\/%77%70%2d%63%6f%6e%74%65%6e%74\/uploads\/2020\/05\/cooperativa-la-ganadera.jpg","type":"image\/jpeg"}],"author":"Gonzalo Schmidt","twitter_card":"summary_large_image","twitter_creator":"@InformeLitoral","twitter_site":"@InformeLitoral","twitter_misc":{"Escrito por":"Gonzalo Schmidt","Tiempo de lectura":"3 minutos"},"schema":{"@context":"https:\/\/schema.org","@graph":[{"@type":"Article","@id":"https:\/\/informelitoral.com.ar\/ramirez-cooperativa-la-ganadera-cumplio-65-anos\/#article","isPartOf":{"@id":"https:\/\/informelitoral.com.ar\/ramirez-cooperativa-la-ganadera-cumplio-65-anos\/"},"author":{"name":"Gonzalo Schmidt","@id":"https:\/\/informelitoral.com.ar\/#\/schema\/person\/b9d00407c836482871ef1d57bf8e3180"},"headline":"Ram\u00edrez: Cooperativa La Ganadera cumpli\u00f3 65 a\u00f1os","datePublished":"2017-05-16T03:04:05+00:00","dateModified":"2020-05-14T15:29:33+00:00","mainEntityOfPage":{"@id":"https:\/\/informelitoral.com.ar\/ramirez-cooperativa-la-ganadera-cumplio-65-anos\/"},"wordCount":610,"commentCount":0,"publisher":{"@id":"https:\/\/informelitoral.com.ar\/#organization"},"image":{"@id":"https:\/\/informelitoral.com.ar\/ramirez-cooperativa-la-ganadera-cumplio-65-anos\/#primaryimage"},"thumbnailUrl":"https:\/\/informelitoral.com.ar\/%77%70%2d%63%6f%6e%74%65%6e%74\/uploads\/2020\/05\/cooperativa-la-ganadera.jpg","keywords":["Agricultura","Campo","Cooperativa","Entre R\u00edos","Ganader\u00eda","General Ram\u00edrez","La Ganadera","Producci\u00f3n"],"articleSection":["Campo","Departamento Diamante"],"inLanguage":"es","potentialAction":[{"@type":"CommentAction","name":"Comment","target":["https:\/\/informelitoral.com.ar\/ramirez-cooperativa-la-ganadera-cumplio-65-anos\/#respond"]}]},{"@type":"WebPage","@id":"https:\/\/informelitoral.com.ar\/ramirez-cooperativa-la-ganadera-cumplio-65-anos\/","url":"https:\/\/informelitoral.com.ar\/ramirez-cooperativa-la-ganadera-cumplio-65-anos\/","name":"Ram\u00edrez: Cooperativa La Ganadera cumpli\u00f3 65 a\u00f1os - Informe Litoral","isPartOf":{"@id":"https:\/\/informelitoral.com.ar\/#website"},"primaryImageOfPage":{"@id":"https:\/\/informelitoral.com.ar\/ramirez-cooperativa-la-ganadera-cumplio-65-anos\/#primaryimage"},"image":{"@id":"https:\/\/informelitoral.com.ar\/ramirez-cooperativa-la-ganadera-cumplio-65-anos\/#primaryimage"},"thumbnailUrl":"https:\/\/informelitoral.com.ar\/%77%70%2d%63%6f%6e%74%65%6e%74\/uploads\/2020\/05\/cooperativa-la-ganadera.jpg","datePublished":"2017-05-16T03:04:05+00:00","dateModified":"2020-05-14T15:29:33+00:00","breadcrumb":{"@id":"https:\/\/informelitoral.com.ar\/ramirez-cooperativa-la-ganadera-cumplio-65-anos\/#breadcrumb"},"inLanguage":"es","potentialAction":[{"@type":"ReadAction","target":["https:\/\/informelitoral.com.ar\/ramirez-cooperativa-la-ganadera-cumplio-65-anos\/"]}]},{"@type":"ImageObject","inLanguage":"es","@id":"https:\/\/informelitoral.com.ar\/ramirez-cooperativa-la-ganadera-cumplio-65-anos\/#primaryimage","url":"https:\/\/informelitoral.com.ar\/%77%70%2d%63%6f%6e%74%65%6e%74\/uploads\/2020\/05\/cooperativa-la-ganadera.jpg","contentUrl":"https:\/\/informelitoral.com.ar\/%77%70%2d%63%6f%6e%74%65%6e%74\/uploads\/2020\/05\/cooperativa-la-ganadera.jpg","width":1032,"height":688},{"@type":"BreadcrumbList","@id":"https:\/\/informelitoral.com.ar\/ramirez-cooperativa-la-ganadera-cumplio-65-anos\/#breadcrumb","itemListElement":[{"@type":"ListItem","position":1,"name":"Portada","item":"https:\/\/informelitoral.com.ar\/"},{"@type":"ListItem","position":2,"name":"Ram\u00edrez: Cooperativa La Ganadera cumpli\u00f3 65 a\u00f1os"}]},{"@type":"WebSite","@id":"https:\/\/informelitoral.com.ar\/#website","url":"https:\/\/informelitoral.com.ar\/","name":"Informe Litoral","description":"&quot;Nos informamos&quot; ","publisher":{"@id":"https:\/\/informelitoral.com.ar\/#organization"},"potentialAction":[{"@type":"SearchAction","target":{"@type":"EntryPoint","urlTemplate":"https:\/\/informelitoral.com.ar\/?s={search_term_string}"},"query-input":{"@type":"PropertyValueSpecification","valueRequired":true,"valueName":"search_term_string"}}],"inLanguage":"es"},{"@type":"Organization","@id":"https:\/\/informelitoral.com.ar\/#organization","name":"Informe Litoral","url":"https:\/\/informelitoral.com.ar\/","logo":{"@type":"ImageObject","inLanguage":"es","@id":"https:\/\/informelitoral.com.ar\/#\/schema\/logo\/image\/","url":"https:\/\/informelitoral.com.ar\/%77%70%2d%63%6f%6e%74%65%6e%74\/uploads\/2021\/01\/circulo.png","contentUrl":"https:\/\/informelitoral.com.ar\/%77%70%2d%63%6f%6e%74%65%6e%74\/uploads\/2021\/01\/circulo.png","width":723,"height":731,"caption":"Informe Litoral"},"image":{"@id":"https:\/\/informelitoral.com.ar\/#\/schema\/logo\/image\/"},"sameAs":["https:\/\/www.facebook.com\/informelitoral\/","https:\/\/x.com\/InformeLitoral","https:\/\/www.instagram.com\/informelitoral\/","https:\/\/www.youtube.com\/channel\/UCua4Qvz8Icb6MYqhoq9xLXw"]},{"@type":"Person","@id":"https:\/\/informelitoral.com.ar\/#\/schema\/person\/b9d00407c836482871ef1d57bf8e3180","name":"Gonzalo Schmidt","image":{"@type":"ImageObject","inLanguage":"es","@id":"https:\/\/secure.gravatar.com\/avatar\/31a1a7b66ff2de83bd0e9fd79d026630d2d99e55e8bfe501287647b4fd9743de?s=96&d=mm&r=g","url":"https:\/\/secure.gravatar.com\/avatar\/31a1a7b66ff2de83bd0e9fd79d026630d2d99e55e8bfe501287647b4fd9743de?s=96&d=mm&r=g","contentUrl":"https:\/\/secure.gravatar.com\/avatar\/31a1a7b66ff2de83bd0e9fd79d026630d2d99e55e8bfe501287647b4fd9743de?s=96&d=mm&r=g","caption":"Gonzalo Schmidt"},"description":"Sitio web de noticias de la provincia de Entre R\u00edos, Argentina. Informaci\u00f3n y entretenimiento. Informe Litoral, nos informamos.","sameAs":["http:\/\/www.isletasnoticias.com.ar"],"url":"https:\/\/informelitoral.com.ar\/author\/gonzalo\/"}]}},"_links":{"self":[{"href":"https:\/\/informelitoral.com.ar\/%77%70%2d%6a%73%6f%6e\/wp\/v2\/posts\/21571","targetHints":{"allow":["GET"]}}],"collection":[{"href":"https:\/\/informelitoral.com.ar\/%77%70%2d%6a%73%6f%6e\/wp\/v2\/posts"}],"about":[{"href":"https:\/\/informelitoral.com.ar\/%77%70%2d%6a%73%6f%6e\/wp\/v2\/types\/post"}],"author":[{"embeddable":true,"href":"https:\/\/informelitoral.com.ar\/%77%70%2d%6a%73%6f%6e\/wp\/v2\/users\/2"}],"replies":[{"embeddable":true,"href":"https:\/\/informelitoral.com.ar\/%77%70%2d%6a%73%6f%6e\/wp\/v2\/comments?post=21571"}],"version-history":[{"count":0,"href":"https:\/\/informelitoral.com.ar\/%77%70%2d%6a%73%6f%6e\/wp\/v2\/posts\/21571\/revisions"}],"wp:featuredmedia":[{"embeddable":true,"href":"https:\/\/informelitoral.com.ar\/%77%70%2d%6a%73%6f%6e\/wp\/v2\/media\/42720"}],"wp:attachment":[{"href":"https:\/\/informelitoral.com.ar\/%77%70%2d%6a%73%6f%6e\/wp\/v2\/media?parent=21571"}],"wp:term":[{"taxonomy":"category","embeddable":true,"href":"https:\/\/informelitoral.com.ar\/%77%70%2d%6a%73%6f%6e\/wp\/v2\/categories?post=21571"},{"taxonomy":"post_tag","embeddable":true,"href":"https:\/\/informelitoral.com.ar\/%77%70%2d%6a%73%6f%6e\/wp\/v2\/tags?post=21571"}],"curies":[{"name":"wp","href":"https:\/\/api.w.org\/{rel}","templated":true}]}}