{"id":2157,"date":"2013-06-13T11:00:07","date_gmt":"2013-06-13T14:00:07","guid":{"rendered":"http:\/\/www.isletasnoticias.com.ar\/?p=2157"},"modified":"2013-06-13T12:43:06","modified_gmt":"2013-06-13T15:43:06","slug":"hondo-pesar-en-valle-maria-por-el-fallecimiento-de-gustavo-lederhoz","status":"publish","type":"post","link":"https:\/\/informelitoral.com.ar\/hondo-pesar-en-valle-maria-por-el-fallecimiento-de-gustavo-lederhoz\/","title":{"rendered":"Hondo pesar en Valle Mar\u00eda por el fallecimiento de Gustavo Lederhoz"},"content":{"rendered":"<p><strong>\u00a0 El joven hab\u00eda protagonizado un accidente con su moto el viernes \u00faltimo en Diamante. Desde entonces, se encontraba internado en grave estado en el Hospital San Mart\u00edn de Paran\u00e1. Familiares de <em>Leandro Gieco<\/em>, el otro joven internado, piden una cadena de oraci\u00f3n.\u00a0<\/strong><\/p>\n<p><img loading=\"lazy\" decoding=\"async\" class=\"size-medium wp-image-2158 alignright\" alt=\"gus\" src=\"http:\/\/www.isletasnoticias.com.ar\/%77%70%2d%63%6f%6e%74%65%6e%74\/uploads\/2013\/06\/gus-255x300.jpg\" width=\"255\" height=\"300\" srcset=\"https:\/\/informelitoral.com.ar\/%77%70%2d%63%6f%6e%74%65%6e%74\/uploads\/2013\/06\/gus-255x300.jpg 255w, https:\/\/informelitoral.com.ar\/%77%70%2d%63%6f%6e%74%65%6e%74\/uploads\/2013\/06\/gus.jpg 819w\" sizes=\"auto, (max-width: 255px) 100vw, 255px\" \/><\/p>\n<p>En las \u00faltimas horas del mi\u00e9rcoles, lectores de <em><strong>ISLETAS NOTICIAS,<\/strong><\/em><strong>\u00a0<\/strong>nos informaban mediante mensajes privados del fallecimiento de <strong>Gustavo Lederhoz (18),<\/strong> un joven de Valle Mar\u00eda que se encontraba internado desde el viernes \u00faltimo, en el Hospital San Mart\u00edn de Paran\u00e1, tras protagonizar un grave accidente en Diamante. La informaci\u00f3n finalmente fue confirmada esta ma\u00f1ana.<\/p>\n<p>Seg\u00fan nos inform\u00f3 el periodista <strong>Rodolfo G\u00f3mez Casta\u00f1eda, <\/strong>los restos de Lederhoz son velados en la Sala Municial de calle Ram\u00edrez en Valle Mar\u00eda y ser\u00e1n sepultados a las 16:00.<\/p>\n<p><strong>Los hechos<\/strong><\/p>\n<p>El accidente se produjo en la tarde del viernes 7, \u00a0en la esquina de Dr. Malespina y Buenos Aires de la ciudad de Diamante.<\/p>\n<p>Seg\u00fan lo que se inform\u00f3, tanto Lederhoz, como Gieco, se trasladaban en sus motos y por causas que se tratan de establecer, perdieron el control de los rodados y cayeron sobre la vereda de la Escuela de Educaci\u00f3n T\u00e9cnica N\u00ba 1.<\/p>\n<p>A partir de ese momento, fueron trasladados r\u00e1pidamente al Hospital San Mart\u00edn de Paran\u00e1, ambos en grave estado. Tras cinco d\u00edas de agon\u00eda, el joven de Valle Mar\u00eda perdi\u00f3 la vida en las \u00faltimas horas del mi\u00e9rcoles.<\/p>\n<p><strong>La conmoci\u00f3n de familiares y amigos<\/strong><\/p>\n<p>Una vez conocida la informaci\u00f3n sobre el deceso del joven, su hermano se expres\u00f3 en Facebook: <em>\u00abaora q ya no bas a estar mas en tu forma corporal pero vas a seguir entre nosotros cuidandonos como siempre lo isistee t rere kiero guss fuiste sos y seras la persona q mas respete y q mass me ense\u00f1o de la vidaa y mas q aora q bas a darle esperansa de vida a otras personass q tmbn estan mal gusss te kiero te boy a extra\u00f1ar muchoooooo\u00bb.<\/em> En el mismo sentido se manifestaron otros familiares, allegados a la v\u00edctima y vecinos en general.<\/p>\n<p>Por otro lado, familiares de<strong> Leandro Gieco<\/strong> de Costa Grande, solicitan una cadena de oraci\u00f3n, para pedir por la recuperaci\u00f3n del joven. Recordemos que a\u00fan se encuentra internado en el nosocomio paranaense.<\/p>\n","protected":false},"excerpt":{"rendered":"<p>&nbsp; El joven hab&iacute;a protagonizado un accidente con su moto el viernes &uacute;ltimo en Diamante. Desde entonces, se encontraba internado en grave estado en el Hospital San Mart&iacute;n de Paran&aacute;. Familiares de Leandro Gieco, el otro joven internado, piden una cadena de oraci&oacute;n.&nbsp; En las &uacute;ltimas horas del mi&eacute;rcoles, lectores de ISLETAS NOTICIAS,&nbsp;nos informaban mediante [&hellip;]<\/p>\n","protected":false},"author":2,"featured_media":0,"comment_status":"open","ping_status":"open","sticky":false,"template":"","format":"standard","meta":{"fifu_image_url":"","fifu_image_alt":"","footnotes":""},"categories":[5,14],"tags":[],"class_list":{"0":"post-2157","1":"post","2":"type-post","3":"status-publish","4":"format-standard","6":"category-zonales","7":"category-policiales"},"yoast_head":"<title>Hondo pesar en Valle Mar\u00eda por el fallecimiento de Gustavo Lederhoz  - Informe Litoral<\/title>\n<meta name=\"robots\" content=\"index, follow, max-snippet:-1, max-image-preview:large, max-video-preview:-1\" \/>\n<link rel=\"canonical\" href=\"https:\/\/informelitoral.com.ar\/hondo-pesar-en-valle-maria-por-el-fallecimiento-de-gustavo-lederhoz\/\" \/>\n<meta property=\"og:locale\" content=\"es_ES\" \/>\n<meta property=\"og:type\" content=\"article\" \/>\n<meta property=\"og:title\" content=\"Hondo pesar en Valle Mar\u00eda por el fallecimiento de Gustavo Lederhoz  - Informe Litoral\" \/>\n<meta property=\"og:description\" content=\"&nbsp; El joven hab&iacute;a protagonizado un accidente con su moto el viernes &uacute;ltimo en Diamante. Desde entonces, se encontraba internado en grave estado en el Hospital San Mart&iacute;n de Paran&aacute;. Familiares de Leandro Gieco, el otro joven internado, piden una cadena de oraci&oacute;n.&nbsp; En las &uacute;ltimas horas del mi&eacute;rcoles, lectores de ISLETAS NOTICIAS,&nbsp;nos informaban mediante [&hellip;]\" \/>\n<meta property=\"og:url\" content=\"https:\/\/informelitoral.com.ar\/hondo-pesar-en-valle-maria-por-el-fallecimiento-de-gustavo-lederhoz\/\" \/>\n<meta property=\"og:site_name\" content=\"Informe Litoral\" \/>\n<meta property=\"article:publisher\" content=\"https:\/\/www.facebook.com\/informelitoral\/\" \/>\n<meta property=\"article:published_time\" content=\"2013-06-13T14:00:07+00:00\" \/>\n<meta property=\"article:modified_time\" content=\"2013-06-13T15:43:06+00:00\" \/>\n<meta property=\"og:image\" content=\"https:\/\/informelitoral.com.ar\/%77%70%2d%63%6f%6e%74%65%6e%74\/uploads\/2013\/06\/gus.jpg\" \/>\n\t<meta property=\"og:image:width\" content=\"819\" \/>\n\t<meta property=\"og:image:height\" content=\"960\" \/>\n\t<meta property=\"og:image:type\" content=\"image\/jpeg\" \/>\n<meta name=\"author\" content=\"Gonzalo Schmidt\" \/>\n<meta name=\"twitter:card\" content=\"summary_large_image\" \/>\n<meta name=\"twitter:creator\" content=\"@InformeLitoral\" \/>\n<meta name=\"twitter:site\" content=\"@InformeLitoral\" \/>\n<meta name=\"twitter:label1\" content=\"Escrito por\" \/>\n\t<meta name=\"twitter:data1\" content=\"Gonzalo Schmidt\" \/>\n\t<meta name=\"twitter:label2\" content=\"Tiempo de lectura\" \/>\n\t<meta name=\"twitter:data2\" content=\"2 minutos\" \/>\n<script type=\"application\/ld+json\" class=\"yoast-schema-graph\">{\"@context\":\"https:\\\/\\\/schema.org\",\"@graph\":[{\"@type\":\"Article\",\"@id\":\"https:\\\/\\\/informelitoral.com.ar\\\/hondo-pesar-en-valle-maria-por-el-fallecimiento-de-gustavo-lederhoz\\\/#article\",\"isPartOf\":{\"@id\":\"https:\\\/\\\/informelitoral.com.ar\\\/hondo-pesar-en-valle-maria-por-el-fallecimiento-de-gustavo-lederhoz\\\/\"},\"author\":{\"name\":\"Gonzalo Schmidt\",\"@id\":\"https:\\\/\\\/informelitoral.com.ar\\\/#\\\/schema\\\/person\\\/b9d00407c836482871ef1d57bf8e3180\"},\"headline\":\"Hondo pesar en Valle Mar\u00eda por el fallecimiento de Gustavo Lederhoz\",\"datePublished\":\"2013-06-13T14:00:07+00:00\",\"dateModified\":\"2013-06-13T15:43:06+00:00\",\"mainEntityOfPage\":{\"@id\":\"https:\\\/\\\/informelitoral.com.ar\\\/hondo-pesar-en-valle-maria-por-el-fallecimiento-de-gustavo-lederhoz\\\/\"},\"wordCount\":410,\"commentCount\":0,\"publisher\":{\"@id\":\"https:\\\/\\\/informelitoral.com.ar\\\/#organization\"},\"image\":{\"@id\":\"https:\\\/\\\/informelitoral.com.ar\\\/hondo-pesar-en-valle-maria-por-el-fallecimiento-de-gustavo-lederhoz\\\/#primaryimage\"},\"thumbnailUrl\":\"http:\\\/\\\/www.isletasnoticias.com.ar\\\/%77%70%2d%63%6f%6e%74%65%6e%74\\\/uploads\\\/2013\\\/06\\\/gus-255x300.jpg\",\"articleSection\":[\"Departamento Diamante\",\"Policiales\"],\"inLanguage\":\"es\",\"potentialAction\":[{\"@type\":\"CommentAction\",\"name\":\"Comment\",\"target\":[\"https:\\\/\\\/informelitoral.com.ar\\\/hondo-pesar-en-valle-maria-por-el-fallecimiento-de-gustavo-lederhoz\\\/#respond\"]}]},{\"@type\":\"WebPage\",\"@id\":\"https:\\\/\\\/informelitoral.com.ar\\\/hondo-pesar-en-valle-maria-por-el-fallecimiento-de-gustavo-lederhoz\\\/\",\"url\":\"https:\\\/\\\/informelitoral.com.ar\\\/hondo-pesar-en-valle-maria-por-el-fallecimiento-de-gustavo-lederhoz\\\/\",\"name\":\"Hondo pesar en Valle Mar\u00eda por el fallecimiento de Gustavo Lederhoz - Informe Litoral\",\"isPartOf\":{\"@id\":\"https:\\\/\\\/informelitoral.com.ar\\\/#website\"},\"primaryImageOfPage\":{\"@id\":\"https:\\\/\\\/informelitoral.com.ar\\\/hondo-pesar-en-valle-maria-por-el-fallecimiento-de-gustavo-lederhoz\\\/#primaryimage\"},\"image\":{\"@id\":\"https:\\\/\\\/informelitoral.com.ar\\\/hondo-pesar-en-valle-maria-por-el-fallecimiento-de-gustavo-lederhoz\\\/#primaryimage\"},\"thumbnailUrl\":\"http:\\\/\\\/www.isletasnoticias.com.ar\\\/%77%70%2d%63%6f%6e%74%65%6e%74\\\/uploads\\\/2013\\\/06\\\/gus-255x300.jpg\",\"datePublished\":\"2013-06-13T14:00:07+00:00\",\"dateModified\":\"2013-06-13T15:43:06+00:00\",\"breadcrumb\":{\"@id\":\"https:\\\/\\\/informelitoral.com.ar\\\/hondo-pesar-en-valle-maria-por-el-fallecimiento-de-gustavo-lederhoz\\\/#breadcrumb\"},\"inLanguage\":\"es\",\"potentialAction\":[{\"@type\":\"ReadAction\",\"target\":[\"https:\\\/\\\/informelitoral.com.ar\\\/hondo-pesar-en-valle-maria-por-el-fallecimiento-de-gustavo-lederhoz\\\/\"]}]},{\"@type\":\"ImageObject\",\"inLanguage\":\"es\",\"@id\":\"https:\\\/\\\/informelitoral.com.ar\\\/hondo-pesar-en-valle-maria-por-el-fallecimiento-de-gustavo-lederhoz\\\/#primaryimage\",\"url\":\"http:\\\/\\\/www.isletasnoticias.com.ar\\\/%77%70%2d%63%6f%6e%74%65%6e%74\\\/uploads\\\/2013\\\/06\\\/gus-255x300.jpg\",\"contentUrl\":\"http:\\\/\\\/www.isletasnoticias.com.ar\\\/%77%70%2d%63%6f%6e%74%65%6e%74\\\/uploads\\\/2013\\\/06\\\/gus-255x300.jpg\"},{\"@type\":\"BreadcrumbList\",\"@id\":\"https:\\\/\\\/informelitoral.com.ar\\\/hondo-pesar-en-valle-maria-por-el-fallecimiento-de-gustavo-lederhoz\\\/#breadcrumb\",\"itemListElement\":[{\"@type\":\"ListItem\",\"position\":1,\"name\":\"Portada\",\"item\":\"https:\\\/\\\/informelitoral.com.ar\\\/\"},{\"@type\":\"ListItem\",\"position\":2,\"name\":\"Hondo pesar en Valle Mar\u00eda por el fallecimiento de Gustavo Lederhoz\"}]},{\"@type\":\"WebSite\",\"@id\":\"https:\\\/\\\/informelitoral.com.ar\\\/#website\",\"url\":\"https:\\\/\\\/informelitoral.com.ar\\\/\",\"name\":\"Informe Litoral\",\"description\":\"&quot;Nos informamos&quot; \",\"publisher\":{\"@id\":\"https:\\\/\\\/informelitoral.com.ar\\\/#organization\"},\"potentialAction\":[{\"@type\":\"SearchAction\",\"target\":{\"@type\":\"EntryPoint\",\"urlTemplate\":\"https:\\\/\\\/informelitoral.com.ar\\\/?s={search_term_string}\"},\"query-input\":{\"@type\":\"PropertyValueSpecification\",\"valueRequired\":true,\"valueName\":\"search_term_string\"}}],\"inLanguage\":\"es\"},{\"@type\":\"Organization\",\"@id\":\"https:\\\/\\\/informelitoral.com.ar\\\/#organization\",\"name\":\"Informe Litoral\",\"url\":\"https:\\\/\\\/informelitoral.com.ar\\\/\",\"logo\":{\"@type\":\"ImageObject\",\"inLanguage\":\"es\",\"@id\":\"https:\\\/\\\/informelitoral.com.ar\\\/#\\\/schema\\\/logo\\\/image\\\/\",\"url\":\"https:\\\/\\\/informelitoral.com.ar\\\/%77%70%2d%63%6f%6e%74%65%6e%74\\\/uploads\\\/2021\\\/01\\\/circulo.png\",\"contentUrl\":\"https:\\\/\\\/informelitoral.com.ar\\\/%77%70%2d%63%6f%6e%74%65%6e%74\\\/uploads\\\/2021\\\/01\\\/circulo.png\",\"width\":723,\"height\":731,\"caption\":\"Informe Litoral\"},\"image\":{\"@id\":\"https:\\\/\\\/informelitoral.com.ar\\\/#\\\/schema\\\/logo\\\/image\\\/\"},\"sameAs\":[\"https:\\\/\\\/www.facebook.com\\\/informelitoral\\\/\",\"https:\\\/\\\/x.com\\\/InformeLitoral\",\"https:\\\/\\\/www.instagram.com\\\/informelitoral\\\/\",\"https:\\\/\\\/www.youtube.com\\\/channel\\\/UCua4Qvz8Icb6MYqhoq9xLXw\"]},{\"@type\":\"Person\",\"@id\":\"https:\\\/\\\/informelitoral.com.ar\\\/#\\\/schema\\\/person\\\/b9d00407c836482871ef1d57bf8e3180\",\"name\":\"Gonzalo Schmidt\",\"image\":{\"@type\":\"ImageObject\",\"inLanguage\":\"es\",\"@id\":\"https:\\\/\\\/secure.gravatar.com\\\/avatar\\\/31a1a7b66ff2de83bd0e9fd79d026630d2d99e55e8bfe501287647b4fd9743de?s=96&d=mm&r=g\",\"url\":\"https:\\\/\\\/secure.gravatar.com\\\/avatar\\\/31a1a7b66ff2de83bd0e9fd79d026630d2d99e55e8bfe501287647b4fd9743de?s=96&d=mm&r=g\",\"contentUrl\":\"https:\\\/\\\/secure.gravatar.com\\\/avatar\\\/31a1a7b66ff2de83bd0e9fd79d026630d2d99e55e8bfe501287647b4fd9743de?s=96&d=mm&r=g\",\"caption\":\"Gonzalo Schmidt\"},\"description\":\"Sitio web de noticias de la provincia de Entre R\u00edos, Argentina. Informaci\u00f3n y entretenimiento. Informe Litoral, nos informamos.\",\"sameAs\":[\"http:\\\/\\\/www.isletasnoticias.com.ar\"],\"url\":\"https:\\\/\\\/informelitoral.com.ar\\\/author\\\/gonzalo\\\/\"}]}<\/script>","yoast_head_json":{"title":"Hondo pesar en Valle Mar\u00eda por el fallecimiento de Gustavo Lederhoz  - Informe Litoral","robots":{"index":"index","follow":"follow","max-snippet":"max-snippet:-1","max-image-preview":"max-image-preview:large","max-video-preview":"max-video-preview:-1"},"canonical":"https:\/\/informelitoral.com.ar\/hondo-pesar-en-valle-maria-por-el-fallecimiento-de-gustavo-lederhoz\/","og_locale":"es_ES","og_type":"article","og_title":"Hondo pesar en Valle Mar\u00eda por el fallecimiento de Gustavo Lederhoz  - Informe Litoral","og_description":"&nbsp; El joven hab&iacute;a protagonizado un accidente con su moto el viernes &uacute;ltimo en Diamante. Desde entonces, se encontraba internado en grave estado en el Hospital San Mart&iacute;n de Paran&aacute;. Familiares de Leandro Gieco, el otro joven internado, piden una cadena de oraci&oacute;n.&nbsp; En las &uacute;ltimas horas del mi&eacute;rcoles, lectores de ISLETAS NOTICIAS,&nbsp;nos informaban mediante [&hellip;]","og_url":"https:\/\/informelitoral.com.ar\/hondo-pesar-en-valle-maria-por-el-fallecimiento-de-gustavo-lederhoz\/","og_site_name":"Informe Litoral","article_publisher":"https:\/\/www.facebook.com\/informelitoral\/","article_published_time":"2013-06-13T14:00:07+00:00","article_modified_time":"2013-06-13T15:43:06+00:00","og_image":[{"width":819,"height":960,"url":"https:\/\/informelitoral.com.ar\/%77%70%2d%63%6f%6e%74%65%6e%74\/uploads\/2013\/06\/gus.jpg","type":"image\/jpeg"}],"author":"Gonzalo Schmidt","twitter_card":"summary_large_image","twitter_creator":"@InformeLitoral","twitter_site":"@InformeLitoral","twitter_misc":{"Escrito por":"Gonzalo Schmidt","Tiempo de lectura":"2 minutos"},"schema":{"@context":"https:\/\/schema.org","@graph":[{"@type":"Article","@id":"https:\/\/informelitoral.com.ar\/hondo-pesar-en-valle-maria-por-el-fallecimiento-de-gustavo-lederhoz\/#article","isPartOf":{"@id":"https:\/\/informelitoral.com.ar\/hondo-pesar-en-valle-maria-por-el-fallecimiento-de-gustavo-lederhoz\/"},"author":{"name":"Gonzalo Schmidt","@id":"https:\/\/informelitoral.com.ar\/#\/schema\/person\/b9d00407c836482871ef1d57bf8e3180"},"headline":"Hondo pesar en Valle Mar\u00eda por el fallecimiento de Gustavo Lederhoz","datePublished":"2013-06-13T14:00:07+00:00","dateModified":"2013-06-13T15:43:06+00:00","mainEntityOfPage":{"@id":"https:\/\/informelitoral.com.ar\/hondo-pesar-en-valle-maria-por-el-fallecimiento-de-gustavo-lederhoz\/"},"wordCount":410,"commentCount":0,"publisher":{"@id":"https:\/\/informelitoral.com.ar\/#organization"},"image":{"@id":"https:\/\/informelitoral.com.ar\/hondo-pesar-en-valle-maria-por-el-fallecimiento-de-gustavo-lederhoz\/#primaryimage"},"thumbnailUrl":"http:\/\/www.isletasnoticias.com.ar\/%77%70%2d%63%6f%6e%74%65%6e%74\/uploads\/2013\/06\/gus-255x300.jpg","articleSection":["Departamento Diamante","Policiales"],"inLanguage":"es","potentialAction":[{"@type":"CommentAction","name":"Comment","target":["https:\/\/informelitoral.com.ar\/hondo-pesar-en-valle-maria-por-el-fallecimiento-de-gustavo-lederhoz\/#respond"]}]},{"@type":"WebPage","@id":"https:\/\/informelitoral.com.ar\/hondo-pesar-en-valle-maria-por-el-fallecimiento-de-gustavo-lederhoz\/","url":"https:\/\/informelitoral.com.ar\/hondo-pesar-en-valle-maria-por-el-fallecimiento-de-gustavo-lederhoz\/","name":"Hondo pesar en Valle Mar\u00eda por el fallecimiento de Gustavo Lederhoz - Informe Litoral","isPartOf":{"@id":"https:\/\/informelitoral.com.ar\/#website"},"primaryImageOfPage":{"@id":"https:\/\/informelitoral.com.ar\/hondo-pesar-en-valle-maria-por-el-fallecimiento-de-gustavo-lederhoz\/#primaryimage"},"image":{"@id":"https:\/\/informelitoral.com.ar\/hondo-pesar-en-valle-maria-por-el-fallecimiento-de-gustavo-lederhoz\/#primaryimage"},"thumbnailUrl":"http:\/\/www.isletasnoticias.com.ar\/%77%70%2d%63%6f%6e%74%65%6e%74\/uploads\/2013\/06\/gus-255x300.jpg","datePublished":"2013-06-13T14:00:07+00:00","dateModified":"2013-06-13T15:43:06+00:00","breadcrumb":{"@id":"https:\/\/informelitoral.com.ar\/hondo-pesar-en-valle-maria-por-el-fallecimiento-de-gustavo-lederhoz\/#breadcrumb"},"inLanguage":"es","potentialAction":[{"@type":"ReadAction","target":["https:\/\/informelitoral.com.ar\/hondo-pesar-en-valle-maria-por-el-fallecimiento-de-gustavo-lederhoz\/"]}]},{"@type":"ImageObject","inLanguage":"es","@id":"https:\/\/informelitoral.com.ar\/hondo-pesar-en-valle-maria-por-el-fallecimiento-de-gustavo-lederhoz\/#primaryimage","url":"http:\/\/www.isletasnoticias.com.ar\/%77%70%2d%63%6f%6e%74%65%6e%74\/uploads\/2013\/06\/gus-255x300.jpg","contentUrl":"http:\/\/www.isletasnoticias.com.ar\/%77%70%2d%63%6f%6e%74%65%6e%74\/uploads\/2013\/06\/gus-255x300.jpg"},{"@type":"BreadcrumbList","@id":"https:\/\/informelitoral.com.ar\/hondo-pesar-en-valle-maria-por-el-fallecimiento-de-gustavo-lederhoz\/#breadcrumb","itemListElement":[{"@type":"ListItem","position":1,"name":"Portada","item":"https:\/\/informelitoral.com.ar\/"},{"@type":"ListItem","position":2,"name":"Hondo pesar en Valle Mar\u00eda por el fallecimiento de Gustavo Lederhoz"}]},{"@type":"WebSite","@id":"https:\/\/informelitoral.com.ar\/#website","url":"https:\/\/informelitoral.com.ar\/","name":"Informe Litoral","description":"&quot;Nos informamos&quot; ","publisher":{"@id":"https:\/\/informelitoral.com.ar\/#organization"},"potentialAction":[{"@type":"SearchAction","target":{"@type":"EntryPoint","urlTemplate":"https:\/\/informelitoral.com.ar\/?s={search_term_string}"},"query-input":{"@type":"PropertyValueSpecification","valueRequired":true,"valueName":"search_term_string"}}],"inLanguage":"es"},{"@type":"Organization","@id":"https:\/\/informelitoral.com.ar\/#organization","name":"Informe Litoral","url":"https:\/\/informelitoral.com.ar\/","logo":{"@type":"ImageObject","inLanguage":"es","@id":"https:\/\/informelitoral.com.ar\/#\/schema\/logo\/image\/","url":"https:\/\/informelitoral.com.ar\/%77%70%2d%63%6f%6e%74%65%6e%74\/uploads\/2021\/01\/circulo.png","contentUrl":"https:\/\/informelitoral.com.ar\/%77%70%2d%63%6f%6e%74%65%6e%74\/uploads\/2021\/01\/circulo.png","width":723,"height":731,"caption":"Informe Litoral"},"image":{"@id":"https:\/\/informelitoral.com.ar\/#\/schema\/logo\/image\/"},"sameAs":["https:\/\/www.facebook.com\/informelitoral\/","https:\/\/x.com\/InformeLitoral","https:\/\/www.instagram.com\/informelitoral\/","https:\/\/www.youtube.com\/channel\/UCua4Qvz8Icb6MYqhoq9xLXw"]},{"@type":"Person","@id":"https:\/\/informelitoral.com.ar\/#\/schema\/person\/b9d00407c836482871ef1d57bf8e3180","name":"Gonzalo Schmidt","image":{"@type":"ImageObject","inLanguage":"es","@id":"https:\/\/secure.gravatar.com\/avatar\/31a1a7b66ff2de83bd0e9fd79d026630d2d99e55e8bfe501287647b4fd9743de?s=96&d=mm&r=g","url":"https:\/\/secure.gravatar.com\/avatar\/31a1a7b66ff2de83bd0e9fd79d026630d2d99e55e8bfe501287647b4fd9743de?s=96&d=mm&r=g","contentUrl":"https:\/\/secure.gravatar.com\/avatar\/31a1a7b66ff2de83bd0e9fd79d026630d2d99e55e8bfe501287647b4fd9743de?s=96&d=mm&r=g","caption":"Gonzalo Schmidt"},"description":"Sitio web de noticias de la provincia de Entre R\u00edos, Argentina. Informaci\u00f3n y entretenimiento. Informe Litoral, nos informamos.","sameAs":["http:\/\/www.isletasnoticias.com.ar"],"url":"https:\/\/informelitoral.com.ar\/author\/gonzalo\/"}]}},"_links":{"self":[{"href":"https:\/\/informelitoral.com.ar\/%77%70%2d%6a%73%6f%6e\/wp\/v2\/posts\/2157","targetHints":{"allow":["GET"]}}],"collection":[{"href":"https:\/\/informelitoral.com.ar\/%77%70%2d%6a%73%6f%6e\/wp\/v2\/posts"}],"about":[{"href":"https:\/\/informelitoral.com.ar\/%77%70%2d%6a%73%6f%6e\/wp\/v2\/types\/post"}],"author":[{"embeddable":true,"href":"https:\/\/informelitoral.com.ar\/%77%70%2d%6a%73%6f%6e\/wp\/v2\/users\/2"}],"replies":[{"embeddable":true,"href":"https:\/\/informelitoral.com.ar\/%77%70%2d%6a%73%6f%6e\/wp\/v2\/comments?post=2157"}],"version-history":[{"count":0,"href":"https:\/\/informelitoral.com.ar\/%77%70%2d%6a%73%6f%6e\/wp\/v2\/posts\/2157\/revisions"}],"wp:attachment":[{"href":"https:\/\/informelitoral.com.ar\/%77%70%2d%6a%73%6f%6e\/wp\/v2\/media?parent=2157"}],"wp:term":[{"taxonomy":"category","embeddable":true,"href":"https:\/\/informelitoral.com.ar\/%77%70%2d%6a%73%6f%6e\/wp\/v2\/categories?post=2157"},{"taxonomy":"post_tag","embeddable":true,"href":"https:\/\/informelitoral.com.ar\/%77%70%2d%6a%73%6f%6e\/wp\/v2\/tags?post=2157"}],"curies":[{"name":"wp","href":"https:\/\/api.w.org\/{rel}","templated":true}]}}