{"id":2154,"date":"2013-06-13T10:10:30","date_gmt":"2013-06-13T13:10:30","guid":{"rendered":"http:\/\/www.isletasnoticias.com.ar\/?p=2154"},"modified":"2013-06-13T10:10:30","modified_gmt":"2013-06-13T13:10:30","slug":"ramirez-crearan-un-parque-frente-al-centro-de-salud-eva-peron","status":"publish","type":"post","link":"https:\/\/informelitoral.com.ar\/ramirez-crearan-un-parque-frente-al-centro-de-salud-eva-peron\/","title":{"rendered":"Ram\u00edrez: crear\u00e1n un parque frente al Centro de Salud Eva Per\u00f3n"},"content":{"rendered":"<p><strong>La creaci\u00f3n del parque frente al Centro de Salud \u201cEva Per\u00f3n\u201d es casi un hecho, ya que el Intendente Edelmiro Kramer se reuni\u00f3 con Javier Levy, de la empresa \u201cQuanta\u201d de Paran\u00e1, la cual ser\u00e1 la encargada de la construcci\u00f3n.<\/strong><\/p>\n<p style=\"text-align: center;\"><a href=\"http:\/\/www.isletasnoticias.com.ar\/%77%70%2d%63%6f%6e%74%65%6e%74\/uploads\/2013\/06\/Nuevo_parque.jpg\"><img loading=\"lazy\" decoding=\"async\" class=\"size-medium wp-image-2155 aligncenter\" alt=\"Nuevo_parque\" src=\"http:\/\/www.isletasnoticias.com.ar\/%77%70%2d%63%6f%6e%74%65%6e%74\/uploads\/2013\/06\/Nuevo_parque-300x144.jpg\" width=\"300\" height=\"144\" srcset=\"https:\/\/informelitoral.com.ar\/%77%70%2d%63%6f%6e%74%65%6e%74\/uploads\/2013\/06\/Nuevo_parque-300x144.jpg 300w, https:\/\/informelitoral.com.ar\/%77%70%2d%63%6f%6e%74%65%6e%74\/uploads\/2013\/06\/Nuevo_parque.jpg 520w\" sizes=\"auto, (max-width: 300px) 100vw, 300px\" \/><\/a><\/p>\n<p>La entidad recicladora estar\u00e1 a cargo de la construcci\u00f3n del mobiliario (juegos, bancos, cestos, etc.) para dicho lugar, ubicado en el Barrio San Carlos de Ram\u00edrez.<\/p>\n<p>Seg\u00fan se inform\u00f3,\u00a0Levy le coment\u00f3 al intendente que esta iniciativa forma parte del lanzamiento del programa \u201cPunto Limpio\u201d, que tiene como objetivo la separaci\u00f3n y recolecci\u00f3n del pl\u00e1stico para generar conciencia ambiental y que el pl\u00e1stico no llegue a la basura sino utilizarlo para diversos fines. Este programa se ir\u00e1 instalando en distintos puntos de la localidad y se premiar\u00e1 a la comunidad por la buena gesti\u00f3n en su recolecci\u00f3n.<\/p>\n<p>En la reuni\u00f3n desarrollada en el despacho municipal estuvieron presentes el Director del Centro de Salud, <strong>Dr. Lautaro Torriani,<\/strong> as\u00ed como la Lic. <strong>Maricel Grillone<\/strong> y la Asesora Legal, <strong>Mariela Ibarra<\/strong>.<\/p>\n<p>Adem\u00e1s, se llevar\u00e1 a cabo la campa\u00f1a \u201cMis Tapitas\u201d, con la cual se busca crear conciencia sobre el c\u00e1ncer infantil y sus posibilidades de tratamiento. El pl\u00e1stico recogido ser\u00e1 transformado en diversos productos que ser\u00e1n donados a las salas de oncolog\u00eda pedi\u00e1trica de Entre R\u00edos.<\/p>\n","protected":false},"excerpt":{"rendered":"<p>La creaci&oacute;n del parque frente al Centro de Salud &ldquo;Eva Per&oacute;n&rdquo; es casi un hecho, ya que el Intendente Edelmiro Kramer se reuni&oacute; con Javier Levy, de la empresa &ldquo;Quanta&rdquo; de Paran&aacute;, la cual ser&aacute; la encargada de la construcci&oacute;n. La entidad recicladora estar&aacute; a cargo de la construcci&oacute;n del mobiliario (juegos, bancos, cestos, etc.) [&hellip;]<\/p>\n","protected":false},"author":2,"featured_media":0,"comment_status":"open","ping_status":"open","sticky":false,"template":"","format":"standard","meta":{"fifu_image_url":"","fifu_image_alt":"","footnotes":""},"categories":[5],"tags":[],"class_list":{"0":"post-2154","1":"post","2":"type-post","3":"status-publish","4":"format-standard","6":"category-zonales"},"yoast_head":"<title>Ram\u00edrez: crear\u00e1n un parque frente al Centro de Salud Eva Per\u00f3n  - Informe Litoral<\/title>\n<meta name=\"robots\" content=\"index, follow, max-snippet:-1, max-image-preview:large, max-video-preview:-1\" \/>\n<link rel=\"canonical\" href=\"https:\/\/informelitoral.com.ar\/ramirez-crearan-un-parque-frente-al-centro-de-salud-eva-peron\/\" \/>\n<meta property=\"og:locale\" content=\"es_ES\" \/>\n<meta property=\"og:type\" content=\"article\" \/>\n<meta property=\"og:title\" content=\"Ram\u00edrez: crear\u00e1n un parque frente al Centro de Salud Eva Per\u00f3n  - Informe Litoral\" \/>\n<meta property=\"og:description\" content=\"La creaci&oacute;n del parque frente al Centro de Salud &ldquo;Eva Per&oacute;n&rdquo; es casi un hecho, ya que el Intendente Edelmiro Kramer se reuni&oacute; con Javier Levy, de la empresa &ldquo;Quanta&rdquo; de Paran&aacute;, la cual ser&aacute; la encargada de la construcci&oacute;n. La entidad recicladora estar&aacute; a cargo de la construcci&oacute;n del mobiliario (juegos, bancos, cestos, etc.) [&hellip;]\" \/>\n<meta property=\"og:url\" content=\"https:\/\/informelitoral.com.ar\/ramirez-crearan-un-parque-frente-al-centro-de-salud-eva-peron\/\" \/>\n<meta property=\"og:site_name\" content=\"Informe Litoral\" \/>\n<meta property=\"article:publisher\" content=\"https:\/\/www.facebook.com\/informelitoral\/\" \/>\n<meta property=\"article:published_time\" content=\"2013-06-13T13:10:30+00:00\" \/>\n<meta property=\"og:image\" content=\"https:\/\/informelitoral.com.ar\/%77%70%2d%63%6f%6e%74%65%6e%74\/uploads\/2013\/06\/Nuevo_parque.jpg\" \/>\n\t<meta property=\"og:image:width\" content=\"520\" \/>\n\t<meta property=\"og:image:height\" content=\"250\" \/>\n\t<meta property=\"og:image:type\" content=\"image\/jpeg\" \/>\n<meta name=\"author\" content=\"Gonzalo Schmidt\" \/>\n<meta name=\"twitter:card\" content=\"summary_large_image\" \/>\n<meta name=\"twitter:creator\" content=\"@InformeLitoral\" \/>\n<meta name=\"twitter:site\" content=\"@InformeLitoral\" \/>\n<meta name=\"twitter:label1\" content=\"Escrito por\" \/>\n\t<meta name=\"twitter:data1\" content=\"Gonzalo Schmidt\" \/>\n\t<meta name=\"twitter:label2\" content=\"Tiempo de lectura\" \/>\n\t<meta name=\"twitter:data2\" content=\"1 minuto\" \/>\n<script type=\"application\/ld+json\" class=\"yoast-schema-graph\">{\"@context\":\"https:\\\/\\\/schema.org\",\"@graph\":[{\"@type\":\"Article\",\"@id\":\"https:\\\/\\\/informelitoral.com.ar\\\/ramirez-crearan-un-parque-frente-al-centro-de-salud-eva-peron\\\/#article\",\"isPartOf\":{\"@id\":\"https:\\\/\\\/informelitoral.com.ar\\\/ramirez-crearan-un-parque-frente-al-centro-de-salud-eva-peron\\\/\"},\"author\":{\"name\":\"Gonzalo Schmidt\",\"@id\":\"https:\\\/\\\/informelitoral.com.ar\\\/#\\\/schema\\\/person\\\/b9d00407c836482871ef1d57bf8e3180\"},\"headline\":\"Ram\u00edrez: crear\u00e1n un parque frente al Centro de Salud Eva Per\u00f3n\",\"datePublished\":\"2013-06-13T13:10:30+00:00\",\"mainEntityOfPage\":{\"@id\":\"https:\\\/\\\/informelitoral.com.ar\\\/ramirez-crearan-un-parque-frente-al-centro-de-salud-eva-peron\\\/\"},\"wordCount\":248,\"commentCount\":0,\"publisher\":{\"@id\":\"https:\\\/\\\/informelitoral.com.ar\\\/#organization\"},\"image\":{\"@id\":\"https:\\\/\\\/informelitoral.com.ar\\\/ramirez-crearan-un-parque-frente-al-centro-de-salud-eva-peron\\\/#primaryimage\"},\"thumbnailUrl\":\"http:\\\/\\\/www.isletasnoticias.com.ar\\\/%77%70%2d%63%6f%6e%74%65%6e%74\\\/uploads\\\/2013\\\/06\\\/Nuevo_parque-300x144.jpg\",\"articleSection\":[\"Departamento Diamante\"],\"inLanguage\":\"es\",\"potentialAction\":[{\"@type\":\"CommentAction\",\"name\":\"Comment\",\"target\":[\"https:\\\/\\\/informelitoral.com.ar\\\/ramirez-crearan-un-parque-frente-al-centro-de-salud-eva-peron\\\/#respond\"]}]},{\"@type\":\"WebPage\",\"@id\":\"https:\\\/\\\/informelitoral.com.ar\\\/ramirez-crearan-un-parque-frente-al-centro-de-salud-eva-peron\\\/\",\"url\":\"https:\\\/\\\/informelitoral.com.ar\\\/ramirez-crearan-un-parque-frente-al-centro-de-salud-eva-peron\\\/\",\"name\":\"Ram\u00edrez: crear\u00e1n un parque frente al Centro de Salud Eva Per\u00f3n - Informe Litoral\",\"isPartOf\":{\"@id\":\"https:\\\/\\\/informelitoral.com.ar\\\/#website\"},\"primaryImageOfPage\":{\"@id\":\"https:\\\/\\\/informelitoral.com.ar\\\/ramirez-crearan-un-parque-frente-al-centro-de-salud-eva-peron\\\/#primaryimage\"},\"image\":{\"@id\":\"https:\\\/\\\/informelitoral.com.ar\\\/ramirez-crearan-un-parque-frente-al-centro-de-salud-eva-peron\\\/#primaryimage\"},\"thumbnailUrl\":\"http:\\\/\\\/www.isletasnoticias.com.ar\\\/%77%70%2d%63%6f%6e%74%65%6e%74\\\/uploads\\\/2013\\\/06\\\/Nuevo_parque-300x144.jpg\",\"datePublished\":\"2013-06-13T13:10:30+00:00\",\"breadcrumb\":{\"@id\":\"https:\\\/\\\/informelitoral.com.ar\\\/ramirez-crearan-un-parque-frente-al-centro-de-salud-eva-peron\\\/#breadcrumb\"},\"inLanguage\":\"es\",\"potentialAction\":[{\"@type\":\"ReadAction\",\"target\":[\"https:\\\/\\\/informelitoral.com.ar\\\/ramirez-crearan-un-parque-frente-al-centro-de-salud-eva-peron\\\/\"]}]},{\"@type\":\"ImageObject\",\"inLanguage\":\"es\",\"@id\":\"https:\\\/\\\/informelitoral.com.ar\\\/ramirez-crearan-un-parque-frente-al-centro-de-salud-eva-peron\\\/#primaryimage\",\"url\":\"http:\\\/\\\/www.isletasnoticias.com.ar\\\/%77%70%2d%63%6f%6e%74%65%6e%74\\\/uploads\\\/2013\\\/06\\\/Nuevo_parque-300x144.jpg\",\"contentUrl\":\"http:\\\/\\\/www.isletasnoticias.com.ar\\\/%77%70%2d%63%6f%6e%74%65%6e%74\\\/uploads\\\/2013\\\/06\\\/Nuevo_parque-300x144.jpg\"},{\"@type\":\"BreadcrumbList\",\"@id\":\"https:\\\/\\\/informelitoral.com.ar\\\/ramirez-crearan-un-parque-frente-al-centro-de-salud-eva-peron\\\/#breadcrumb\",\"itemListElement\":[{\"@type\":\"ListItem\",\"position\":1,\"name\":\"Portada\",\"item\":\"https:\\\/\\\/informelitoral.com.ar\\\/\"},{\"@type\":\"ListItem\",\"position\":2,\"name\":\"Ram\u00edrez: crear\u00e1n un parque frente al Centro de Salud Eva Per\u00f3n\"}]},{\"@type\":\"WebSite\",\"@id\":\"https:\\\/\\\/informelitoral.com.ar\\\/#website\",\"url\":\"https:\\\/\\\/informelitoral.com.ar\\\/\",\"name\":\"Informe Litoral\",\"description\":\"&quot;Nos informamos&quot; \",\"publisher\":{\"@id\":\"https:\\\/\\\/informelitoral.com.ar\\\/#organization\"},\"potentialAction\":[{\"@type\":\"SearchAction\",\"target\":{\"@type\":\"EntryPoint\",\"urlTemplate\":\"https:\\\/\\\/informelitoral.com.ar\\\/?s={search_term_string}\"},\"query-input\":{\"@type\":\"PropertyValueSpecification\",\"valueRequired\":true,\"valueName\":\"search_term_string\"}}],\"inLanguage\":\"es\"},{\"@type\":\"Organization\",\"@id\":\"https:\\\/\\\/informelitoral.com.ar\\\/#organization\",\"name\":\"Informe Litoral\",\"url\":\"https:\\\/\\\/informelitoral.com.ar\\\/\",\"logo\":{\"@type\":\"ImageObject\",\"inLanguage\":\"es\",\"@id\":\"https:\\\/\\\/informelitoral.com.ar\\\/#\\\/schema\\\/logo\\\/image\\\/\",\"url\":\"https:\\\/\\\/informelitoral.com.ar\\\/%77%70%2d%63%6f%6e%74%65%6e%74\\\/uploads\\\/2021\\\/01\\\/circulo.png\",\"contentUrl\":\"https:\\\/\\\/informelitoral.com.ar\\\/%77%70%2d%63%6f%6e%74%65%6e%74\\\/uploads\\\/2021\\\/01\\\/circulo.png\",\"width\":723,\"height\":731,\"caption\":\"Informe Litoral\"},\"image\":{\"@id\":\"https:\\\/\\\/informelitoral.com.ar\\\/#\\\/schema\\\/logo\\\/image\\\/\"},\"sameAs\":[\"https:\\\/\\\/www.facebook.com\\\/informelitoral\\\/\",\"https:\\\/\\\/x.com\\\/InformeLitoral\",\"https:\\\/\\\/www.instagram.com\\\/informelitoral\\\/\",\"https:\\\/\\\/www.youtube.com\\\/channel\\\/UCua4Qvz8Icb6MYqhoq9xLXw\"]},{\"@type\":\"Person\",\"@id\":\"https:\\\/\\\/informelitoral.com.ar\\\/#\\\/schema\\\/person\\\/b9d00407c836482871ef1d57bf8e3180\",\"name\":\"Gonzalo Schmidt\",\"image\":{\"@type\":\"ImageObject\",\"inLanguage\":\"es\",\"@id\":\"https:\\\/\\\/secure.gravatar.com\\\/avatar\\\/31a1a7b66ff2de83bd0e9fd79d026630d2d99e55e8bfe501287647b4fd9743de?s=96&d=mm&r=g\",\"url\":\"https:\\\/\\\/secure.gravatar.com\\\/avatar\\\/31a1a7b66ff2de83bd0e9fd79d026630d2d99e55e8bfe501287647b4fd9743de?s=96&d=mm&r=g\",\"contentUrl\":\"https:\\\/\\\/secure.gravatar.com\\\/avatar\\\/31a1a7b66ff2de83bd0e9fd79d026630d2d99e55e8bfe501287647b4fd9743de?s=96&d=mm&r=g\",\"caption\":\"Gonzalo Schmidt\"},\"description\":\"Sitio web de noticias de la provincia de Entre R\u00edos, Argentina. Informaci\u00f3n y entretenimiento. Informe Litoral, nos informamos.\",\"sameAs\":[\"http:\\\/\\\/www.isletasnoticias.com.ar\"],\"url\":\"https:\\\/\\\/informelitoral.com.ar\\\/author\\\/gonzalo\\\/\"}]}<\/script>","yoast_head_json":{"title":"Ram\u00edrez: crear\u00e1n un parque frente al Centro de Salud Eva Per\u00f3n  - Informe Litoral","robots":{"index":"index","follow":"follow","max-snippet":"max-snippet:-1","max-image-preview":"max-image-preview:large","max-video-preview":"max-video-preview:-1"},"canonical":"https:\/\/informelitoral.com.ar\/ramirez-crearan-un-parque-frente-al-centro-de-salud-eva-peron\/","og_locale":"es_ES","og_type":"article","og_title":"Ram\u00edrez: crear\u00e1n un parque frente al Centro de Salud Eva Per\u00f3n  - Informe Litoral","og_description":"La creaci&oacute;n del parque frente al Centro de Salud &ldquo;Eva Per&oacute;n&rdquo; es casi un hecho, ya que el Intendente Edelmiro Kramer se reuni&oacute; con Javier Levy, de la empresa &ldquo;Quanta&rdquo; de Paran&aacute;, la cual ser&aacute; la encargada de la construcci&oacute;n. La entidad recicladora estar&aacute; a cargo de la construcci&oacute;n del mobiliario (juegos, bancos, cestos, etc.) [&hellip;]","og_url":"https:\/\/informelitoral.com.ar\/ramirez-crearan-un-parque-frente-al-centro-de-salud-eva-peron\/","og_site_name":"Informe Litoral","article_publisher":"https:\/\/www.facebook.com\/informelitoral\/","article_published_time":"2013-06-13T13:10:30+00:00","og_image":[{"width":520,"height":250,"url":"https:\/\/informelitoral.com.ar\/%77%70%2d%63%6f%6e%74%65%6e%74\/uploads\/2013\/06\/Nuevo_parque.jpg","type":"image\/jpeg"}],"author":"Gonzalo Schmidt","twitter_card":"summary_large_image","twitter_creator":"@InformeLitoral","twitter_site":"@InformeLitoral","twitter_misc":{"Escrito por":"Gonzalo Schmidt","Tiempo de lectura":"1 minuto"},"schema":{"@context":"https:\/\/schema.org","@graph":[{"@type":"Article","@id":"https:\/\/informelitoral.com.ar\/ramirez-crearan-un-parque-frente-al-centro-de-salud-eva-peron\/#article","isPartOf":{"@id":"https:\/\/informelitoral.com.ar\/ramirez-crearan-un-parque-frente-al-centro-de-salud-eva-peron\/"},"author":{"name":"Gonzalo Schmidt","@id":"https:\/\/informelitoral.com.ar\/#\/schema\/person\/b9d00407c836482871ef1d57bf8e3180"},"headline":"Ram\u00edrez: crear\u00e1n un parque frente al Centro de Salud Eva Per\u00f3n","datePublished":"2013-06-13T13:10:30+00:00","mainEntityOfPage":{"@id":"https:\/\/informelitoral.com.ar\/ramirez-crearan-un-parque-frente-al-centro-de-salud-eva-peron\/"},"wordCount":248,"commentCount":0,"publisher":{"@id":"https:\/\/informelitoral.com.ar\/#organization"},"image":{"@id":"https:\/\/informelitoral.com.ar\/ramirez-crearan-un-parque-frente-al-centro-de-salud-eva-peron\/#primaryimage"},"thumbnailUrl":"http:\/\/www.isletasnoticias.com.ar\/%77%70%2d%63%6f%6e%74%65%6e%74\/uploads\/2013\/06\/Nuevo_parque-300x144.jpg","articleSection":["Departamento Diamante"],"inLanguage":"es","potentialAction":[{"@type":"CommentAction","name":"Comment","target":["https:\/\/informelitoral.com.ar\/ramirez-crearan-un-parque-frente-al-centro-de-salud-eva-peron\/#respond"]}]},{"@type":"WebPage","@id":"https:\/\/informelitoral.com.ar\/ramirez-crearan-un-parque-frente-al-centro-de-salud-eva-peron\/","url":"https:\/\/informelitoral.com.ar\/ramirez-crearan-un-parque-frente-al-centro-de-salud-eva-peron\/","name":"Ram\u00edrez: crear\u00e1n un parque frente al Centro de Salud Eva Per\u00f3n - Informe Litoral","isPartOf":{"@id":"https:\/\/informelitoral.com.ar\/#website"},"primaryImageOfPage":{"@id":"https:\/\/informelitoral.com.ar\/ramirez-crearan-un-parque-frente-al-centro-de-salud-eva-peron\/#primaryimage"},"image":{"@id":"https:\/\/informelitoral.com.ar\/ramirez-crearan-un-parque-frente-al-centro-de-salud-eva-peron\/#primaryimage"},"thumbnailUrl":"http:\/\/www.isletasnoticias.com.ar\/%77%70%2d%63%6f%6e%74%65%6e%74\/uploads\/2013\/06\/Nuevo_parque-300x144.jpg","datePublished":"2013-06-13T13:10:30+00:00","breadcrumb":{"@id":"https:\/\/informelitoral.com.ar\/ramirez-crearan-un-parque-frente-al-centro-de-salud-eva-peron\/#breadcrumb"},"inLanguage":"es","potentialAction":[{"@type":"ReadAction","target":["https:\/\/informelitoral.com.ar\/ramirez-crearan-un-parque-frente-al-centro-de-salud-eva-peron\/"]}]},{"@type":"ImageObject","inLanguage":"es","@id":"https:\/\/informelitoral.com.ar\/ramirez-crearan-un-parque-frente-al-centro-de-salud-eva-peron\/#primaryimage","url":"http:\/\/www.isletasnoticias.com.ar\/%77%70%2d%63%6f%6e%74%65%6e%74\/uploads\/2013\/06\/Nuevo_parque-300x144.jpg","contentUrl":"http:\/\/www.isletasnoticias.com.ar\/%77%70%2d%63%6f%6e%74%65%6e%74\/uploads\/2013\/06\/Nuevo_parque-300x144.jpg"},{"@type":"BreadcrumbList","@id":"https:\/\/informelitoral.com.ar\/ramirez-crearan-un-parque-frente-al-centro-de-salud-eva-peron\/#breadcrumb","itemListElement":[{"@type":"ListItem","position":1,"name":"Portada","item":"https:\/\/informelitoral.com.ar\/"},{"@type":"ListItem","position":2,"name":"Ram\u00edrez: crear\u00e1n un parque frente al Centro de Salud Eva Per\u00f3n"}]},{"@type":"WebSite","@id":"https:\/\/informelitoral.com.ar\/#website","url":"https:\/\/informelitoral.com.ar\/","name":"Informe Litoral","description":"&quot;Nos informamos&quot; ","publisher":{"@id":"https:\/\/informelitoral.com.ar\/#organization"},"potentialAction":[{"@type":"SearchAction","target":{"@type":"EntryPoint","urlTemplate":"https:\/\/informelitoral.com.ar\/?s={search_term_string}"},"query-input":{"@type":"PropertyValueSpecification","valueRequired":true,"valueName":"search_term_string"}}],"inLanguage":"es"},{"@type":"Organization","@id":"https:\/\/informelitoral.com.ar\/#organization","name":"Informe Litoral","url":"https:\/\/informelitoral.com.ar\/","logo":{"@type":"ImageObject","inLanguage":"es","@id":"https:\/\/informelitoral.com.ar\/#\/schema\/logo\/image\/","url":"https:\/\/informelitoral.com.ar\/%77%70%2d%63%6f%6e%74%65%6e%74\/uploads\/2021\/01\/circulo.png","contentUrl":"https:\/\/informelitoral.com.ar\/%77%70%2d%63%6f%6e%74%65%6e%74\/uploads\/2021\/01\/circulo.png","width":723,"height":731,"caption":"Informe Litoral"},"image":{"@id":"https:\/\/informelitoral.com.ar\/#\/schema\/logo\/image\/"},"sameAs":["https:\/\/www.facebook.com\/informelitoral\/","https:\/\/x.com\/InformeLitoral","https:\/\/www.instagram.com\/informelitoral\/","https:\/\/www.youtube.com\/channel\/UCua4Qvz8Icb6MYqhoq9xLXw"]},{"@type":"Person","@id":"https:\/\/informelitoral.com.ar\/#\/schema\/person\/b9d00407c836482871ef1d57bf8e3180","name":"Gonzalo Schmidt","image":{"@type":"ImageObject","inLanguage":"es","@id":"https:\/\/secure.gravatar.com\/avatar\/31a1a7b66ff2de83bd0e9fd79d026630d2d99e55e8bfe501287647b4fd9743de?s=96&d=mm&r=g","url":"https:\/\/secure.gravatar.com\/avatar\/31a1a7b66ff2de83bd0e9fd79d026630d2d99e55e8bfe501287647b4fd9743de?s=96&d=mm&r=g","contentUrl":"https:\/\/secure.gravatar.com\/avatar\/31a1a7b66ff2de83bd0e9fd79d026630d2d99e55e8bfe501287647b4fd9743de?s=96&d=mm&r=g","caption":"Gonzalo Schmidt"},"description":"Sitio web de noticias de la provincia de Entre R\u00edos, Argentina. Informaci\u00f3n y entretenimiento. Informe Litoral, nos informamos.","sameAs":["http:\/\/www.isletasnoticias.com.ar"],"url":"https:\/\/informelitoral.com.ar\/author\/gonzalo\/"}]}},"_links":{"self":[{"href":"https:\/\/informelitoral.com.ar\/%77%70%2d%6a%73%6f%6e\/wp\/v2\/posts\/2154","targetHints":{"allow":["GET"]}}],"collection":[{"href":"https:\/\/informelitoral.com.ar\/%77%70%2d%6a%73%6f%6e\/wp\/v2\/posts"}],"about":[{"href":"https:\/\/informelitoral.com.ar\/%77%70%2d%6a%73%6f%6e\/wp\/v2\/types\/post"}],"author":[{"embeddable":true,"href":"https:\/\/informelitoral.com.ar\/%77%70%2d%6a%73%6f%6e\/wp\/v2\/users\/2"}],"replies":[{"embeddable":true,"href":"https:\/\/informelitoral.com.ar\/%77%70%2d%6a%73%6f%6e\/wp\/v2\/comments?post=2154"}],"version-history":[{"count":0,"href":"https:\/\/informelitoral.com.ar\/%77%70%2d%6a%73%6f%6e\/wp\/v2\/posts\/2154\/revisions"}],"wp:attachment":[{"href":"https:\/\/informelitoral.com.ar\/%77%70%2d%6a%73%6f%6e\/wp\/v2\/media?parent=2154"}],"wp:term":[{"taxonomy":"category","embeddable":true,"href":"https:\/\/informelitoral.com.ar\/%77%70%2d%6a%73%6f%6e\/wp\/v2\/categories?post=2154"},{"taxonomy":"post_tag","embeddable":true,"href":"https:\/\/informelitoral.com.ar\/%77%70%2d%6a%73%6f%6e\/wp\/v2\/tags?post=2154"}],"curies":[{"name":"wp","href":"https:\/\/api.w.org\/{rel}","templated":true}]}}