{"id":215257,"date":"2025-03-18T08:21:22","date_gmt":"2025-03-18T11:21:22","guid":{"rendered":"https:\/\/informelitoral.com.ar\/?p=215257"},"modified":"2025-03-18T08:21:22","modified_gmt":"2025-03-18T11:21:22","slug":"autoridades-sanitarias-de-todo-el-pais-definieron-la-estrategia-de-vacunacion-para-la-prevencion-del-sarampion","status":"publish","type":"post","link":"https:\/\/informelitoral.com.ar\/autoridades-sanitarias-de-todo-el-pais-definieron-la-estrategia-de-vacunacion-para-la-prevencion-del-sarampion\/","title":{"rendered":"Autoridades sanitarias de todo el pa\u00eds definieron la estrategia de vacunaci\u00f3n para la prevenci\u00f3n del sarampi\u00f3n"},"content":{"rendered":"<p>Durante un nuevo encuentro del Consejo Federal de Salud (Cofesa) en Ciudad de Buenos Aires, presidido por el ministro de Salud de la Naci\u00f3n, Mario Lugones, los referentes sanitarios de todo el pa\u00eds tambi\u00e9n trataron cuestiones vinculadas a Incluir Salud &#8211; Agencia Nacional de Discapacidad (Andis); Residencias de Salud 2025 y el trabajo junto al Pami.<\/p>\n<p>En la reuni\u00f3n definieron avanzar en una estrategia focalizada de vacunaci\u00f3n contra sarampi\u00f3n para control de brote en las \u00e1reas que presentan circulaci\u00f3n comunitaria. En este sentido, el titular de la cartera sanitaria entrerriana, Daniel Blanzaco, indic\u00f3: \u00abEstamos siguiendo de cerca la situaci\u00f3n, y adherimos a lo que plantea Naci\u00f3n. Si bien no estamos dentro de las provincias en brote de la enfermedad, intensificaremos las acciones tendientes a mejorar las coberturas de vacunaci\u00f3n\u00bb.<\/p>\n<p>La estrategia en todo el pa\u00eds surge de la recomendaci\u00f3n realizada por la Comisi\u00f3n Nacional de Inmunizaciones (Conain) a partir de la convocatoria impulsada por Naci\u00f3n en el marco del aumento de casos de sarampi\u00f3n, y consiste en la utilizaci\u00f3n de vacuna doble viral en el \u00c1rea Metropolitana de Buenos Aires (AMBA) para ni\u00f1os de seis a 11 meses y de 13 meses a cuatro a\u00f1os. Adem\u00e1s, se reforzar\u00e1 la campa\u00f1a de vacunaci\u00f3n del calendario nacional y el recupero de esquemas atrasados con la triple viral, y para las indicaciones de casos de contacto estrecho o viajeros se utilizar\u00e1n dosis de doble o triple viral, seg\u00fan disponibilidad. Cabe destacar que las provincias que tienen los casos confirmados ya comenzaron con las acciones y la cartera nacional asegur\u00f3 la compra de vacunas para el Calendario Nacional 2025.<\/p>\n<p>Cabe citar que, a la fecha, han sido confirmados siete casos de sarampi\u00f3n residentes en Ciudad Aut\u00f3noma de Buenos Aires y cuatro casos residentes en la provincia de Buenos Aires, sumando un total de once casos confirmados en el pa\u00eds.<\/p>\n<p>Otros temas en agenda<\/p>\n<p>En el encuentro, tambi\u00e9n se hizo referencia a la asistencia a los damnificados por el temporal en Bah\u00eda Blanca y las acciones que se desplegaron desde la cartera sanitaria nacional.<\/p>\n<p>Por otra parte, destacaron la participaci\u00f3n en la reuni\u00f3n de la Agencia Nacional de Discapacidad (ANDIS) y al PAMI, sentados por primera vez en la mesa del Cofesa para compartir con los ministros el marco jur\u00eddico, los alcances y responsabilidades del Programa Federal Incluir Salud. Asimismo, se consensu\u00f3 con las jurisdicciones realizar mesas de di\u00e1logo para abordar situaciones espec\u00edficas de cada provincia por temas vinculados a discapacidad, PAMI y residencias.<\/p>\n<p>En otro \u00e1mbito de temas, y luego de las inquietudes planteadas por los ministros durante el \u00faltimo Cofesa respecto de la interpretaci\u00f3n del Decreto de Necesidad y Urgencia 62\/2025, por el cual el Gobierno nacional modific\u00f3 la Ley N\u00b0 26.743 de Identidad de G\u00e9nero, las m\u00e1ximas autoridades sanitarias de todo el pa\u00eds expresaron, a trav\u00e9s de un documento conjunto, que \u00abel mismo no alcanza a los menores de 18 a\u00f1os, cuyos tratamientos hormonales hubieren iniciado con anterioridad a la fecha de entrada en vigencia de la norma\u00bb. De esta manera, los mismos podr\u00e1n continuar de acuerdo a la indicaci\u00f3n del m\u00e9dico tratante.<\/p>\n<p>Por \u00faltimo, durante el encuentro se presentaron los avances del Plan Estrat\u00e9gico para la Prevenci\u00f3n y Control del Dengue, poniendo en valor la vigilancia epidemiol\u00f3gica, entomol\u00f3gica y laboratorial.<\/p>\n","protected":false},"excerpt":{"rendered":"<p>El ministro de Salud de Entre R\u00edos, Daniel Blanzaco, particip\u00f3 este lunes de una nueva reuni\u00f3n ordinaria del Consejo Federal de Salud, en Buenos Aires. Se abord\u00f3 la situaci\u00f3n epidemiol\u00f3gica del dengue y el sarampi\u00f3n, con el objetivo de fortalecer las acciones preventivas en las diferentes jurisdicciones.<\/p>\n","protected":false},"author":8,"featured_media":215258,"comment_status":"open","ping_status":"open","sticky":false,"template":"","format":"standard","meta":{"fifu_image_url":"","fifu_image_alt":"","footnotes":""},"categories":[1595],"tags":[],"class_list":{"0":"post-215257","1":"post","2":"type-post","3":"status-publish","4":"format-standard","5":"has-post-thumbnail","7":"category-salud"},"yoast_head":"<title>Autoridades sanitarias de todo el pa\u00eds definieron la estrategia de vacunaci\u00f3n para la prevenci\u00f3n del sarampi\u00f3n - Informe Litoral<\/title>\n<meta name=\"robots\" content=\"index, follow, max-snippet:-1, max-image-preview:large, max-video-preview:-1\" \/>\n<link rel=\"canonical\" href=\"https:\/\/informelitoral.com.ar\/autoridades-sanitarias-de-todo-el-pais-definieron-la-estrategia-de-vacunacion-para-la-prevencion-del-sarampion\/\" \/>\n<meta property=\"og:locale\" content=\"es_ES\" \/>\n<meta property=\"og:type\" content=\"article\" \/>\n<meta property=\"og:title\" content=\"Autoridades sanitarias de todo el pa\u00eds definieron la estrategia de vacunaci\u00f3n para la prevenci\u00f3n del sarampi\u00f3n - Informe Litoral\" \/>\n<meta property=\"og:description\" content=\"El ministro de Salud de Entre R\u00edos, Daniel Blanzaco, particip\u00f3 este lunes de una nueva reuni\u00f3n ordinaria del Consejo Federal de Salud, en Buenos Aires. Se abord\u00f3 la situaci\u00f3n epidemiol\u00f3gica del dengue y el sarampi\u00f3n, con el objetivo de fortalecer las acciones preventivas en las diferentes jurisdicciones.\" \/>\n<meta property=\"og:url\" content=\"https:\/\/informelitoral.com.ar\/autoridades-sanitarias-de-todo-el-pais-definieron-la-estrategia-de-vacunacion-para-la-prevencion-del-sarampion\/\" \/>\n<meta property=\"og:site_name\" content=\"Informe Litoral\" \/>\n<meta property=\"article:publisher\" content=\"https:\/\/www.facebook.com\/informelitoral\/\" \/>\n<meta property=\"article:published_time\" content=\"2025-03-18T11:21:22+00:00\" \/>\n<meta property=\"og:image\" content=\"https:\/\/informelitoral.com.ar\/%77%70%2d%63%6f%6e%74%65%6e%74\/uploads\/2025\/03\/2025_03_17-salud-cofesa-1.jpg\" \/>\n\t<meta property=\"og:image:width\" content=\"1920\" \/>\n\t<meta property=\"og:image:height\" content=\"1280\" \/>\n\t<meta property=\"og:image:type\" content=\"image\/jpeg\" \/>\n<meta name=\"author\" content=\"Sebastian\" \/>\n<meta name=\"twitter:card\" content=\"summary_large_image\" \/>\n<meta name=\"twitter:creator\" content=\"@InformeLitoral\" \/>\n<meta name=\"twitter:site\" content=\"@InformeLitoral\" \/>\n<meta name=\"twitter:label1\" content=\"Escrito por\" \/>\n\t<meta name=\"twitter:data1\" content=\"Sebastian\" \/>\n\t<meta name=\"twitter:label2\" content=\"Tiempo de lectura\" \/>\n\t<meta name=\"twitter:data2\" content=\"3 minutos\" \/>\n<script type=\"application\/ld+json\" class=\"yoast-schema-graph\">{\"@context\":\"https:\\\/\\\/schema.org\",\"@graph\":[{\"@type\":\"Article\",\"@id\":\"https:\\\/\\\/informelitoral.com.ar\\\/autoridades-sanitarias-de-todo-el-pais-definieron-la-estrategia-de-vacunacion-para-la-prevencion-del-sarampion\\\/#article\",\"isPartOf\":{\"@id\":\"https:\\\/\\\/informelitoral.com.ar\\\/autoridades-sanitarias-de-todo-el-pais-definieron-la-estrategia-de-vacunacion-para-la-prevencion-del-sarampion\\\/\"},\"author\":{\"name\":\"Sebastian\",\"@id\":\"https:\\\/\\\/informelitoral.com.ar\\\/#\\\/schema\\\/person\\\/f05f9f461677119578717524b127d6d5\"},\"headline\":\"Autoridades sanitarias de todo el pa\u00eds definieron la estrategia de vacunaci\u00f3n para la prevenci\u00f3n del sarampi\u00f3n\",\"datePublished\":\"2025-03-18T11:21:22+00:00\",\"mainEntityOfPage\":{\"@id\":\"https:\\\/\\\/informelitoral.com.ar\\\/autoridades-sanitarias-de-todo-el-pais-definieron-la-estrategia-de-vacunacion-para-la-prevencion-del-sarampion\\\/\"},\"wordCount\":598,\"commentCount\":0,\"publisher\":{\"@id\":\"https:\\\/\\\/informelitoral.com.ar\\\/#organization\"},\"image\":{\"@id\":\"https:\\\/\\\/informelitoral.com.ar\\\/autoridades-sanitarias-de-todo-el-pais-definieron-la-estrategia-de-vacunacion-para-la-prevencion-del-sarampion\\\/#primaryimage\"},\"thumbnailUrl\":\"https:\\\/\\\/informelitoral.com.ar\\\/%77%70%2d%63%6f%6e%74%65%6e%74\\\/uploads\\\/2025\\\/03\\\/2025_03_17-salud-cofesa-1.jpg\",\"articleSection\":[\"Salud\"],\"inLanguage\":\"es\",\"potentialAction\":[{\"@type\":\"CommentAction\",\"name\":\"Comment\",\"target\":[\"https:\\\/\\\/informelitoral.com.ar\\\/autoridades-sanitarias-de-todo-el-pais-definieron-la-estrategia-de-vacunacion-para-la-prevencion-del-sarampion\\\/#respond\"]}]},{\"@type\":\"WebPage\",\"@id\":\"https:\\\/\\\/informelitoral.com.ar\\\/autoridades-sanitarias-de-todo-el-pais-definieron-la-estrategia-de-vacunacion-para-la-prevencion-del-sarampion\\\/\",\"url\":\"https:\\\/\\\/informelitoral.com.ar\\\/autoridades-sanitarias-de-todo-el-pais-definieron-la-estrategia-de-vacunacion-para-la-prevencion-del-sarampion\\\/\",\"name\":\"Autoridades sanitarias de todo el pa\u00eds definieron la estrategia de vacunaci\u00f3n para la prevenci\u00f3n del sarampi\u00f3n - Informe Litoral\",\"isPartOf\":{\"@id\":\"https:\\\/\\\/informelitoral.com.ar\\\/#website\"},\"primaryImageOfPage\":{\"@id\":\"https:\\\/\\\/informelitoral.com.ar\\\/autoridades-sanitarias-de-todo-el-pais-definieron-la-estrategia-de-vacunacion-para-la-prevencion-del-sarampion\\\/#primaryimage\"},\"image\":{\"@id\":\"https:\\\/\\\/informelitoral.com.ar\\\/autoridades-sanitarias-de-todo-el-pais-definieron-la-estrategia-de-vacunacion-para-la-prevencion-del-sarampion\\\/#primaryimage\"},\"thumbnailUrl\":\"https:\\\/\\\/informelitoral.com.ar\\\/%77%70%2d%63%6f%6e%74%65%6e%74\\\/uploads\\\/2025\\\/03\\\/2025_03_17-salud-cofesa-1.jpg\",\"datePublished\":\"2025-03-18T11:21:22+00:00\",\"breadcrumb\":{\"@id\":\"https:\\\/\\\/informelitoral.com.ar\\\/autoridades-sanitarias-de-todo-el-pais-definieron-la-estrategia-de-vacunacion-para-la-prevencion-del-sarampion\\\/#breadcrumb\"},\"inLanguage\":\"es\",\"potentialAction\":[{\"@type\":\"ReadAction\",\"target\":[\"https:\\\/\\\/informelitoral.com.ar\\\/autoridades-sanitarias-de-todo-el-pais-definieron-la-estrategia-de-vacunacion-para-la-prevencion-del-sarampion\\\/\"]}]},{\"@type\":\"ImageObject\",\"inLanguage\":\"es\",\"@id\":\"https:\\\/\\\/informelitoral.com.ar\\\/autoridades-sanitarias-de-todo-el-pais-definieron-la-estrategia-de-vacunacion-para-la-prevencion-del-sarampion\\\/#primaryimage\",\"url\":\"https:\\\/\\\/informelitoral.com.ar\\\/%77%70%2d%63%6f%6e%74%65%6e%74\\\/uploads\\\/2025\\\/03\\\/2025_03_17-salud-cofesa-1.jpg\",\"contentUrl\":\"https:\\\/\\\/informelitoral.com.ar\\\/%77%70%2d%63%6f%6e%74%65%6e%74\\\/uploads\\\/2025\\\/03\\\/2025_03_17-salud-cofesa-1.jpg\",\"width\":1920,\"height\":1280},{\"@type\":\"BreadcrumbList\",\"@id\":\"https:\\\/\\\/informelitoral.com.ar\\\/autoridades-sanitarias-de-todo-el-pais-definieron-la-estrategia-de-vacunacion-para-la-prevencion-del-sarampion\\\/#breadcrumb\",\"itemListElement\":[{\"@type\":\"ListItem\",\"position\":1,\"name\":\"Portada\",\"item\":\"https:\\\/\\\/informelitoral.com.ar\\\/\"},{\"@type\":\"ListItem\",\"position\":2,\"name\":\"Autoridades sanitarias de todo el pa\u00eds definieron la estrategia de vacunaci\u00f3n para la prevenci\u00f3n del sarampi\u00f3n\"}]},{\"@type\":\"WebSite\",\"@id\":\"https:\\\/\\\/informelitoral.com.ar\\\/#website\",\"url\":\"https:\\\/\\\/informelitoral.com.ar\\\/\",\"name\":\"Informe Litoral\",\"description\":\"&quot;Nos informamos&quot; \",\"publisher\":{\"@id\":\"https:\\\/\\\/informelitoral.com.ar\\\/#organization\"},\"potentialAction\":[{\"@type\":\"SearchAction\",\"target\":{\"@type\":\"EntryPoint\",\"urlTemplate\":\"https:\\\/\\\/informelitoral.com.ar\\\/?s={search_term_string}\"},\"query-input\":{\"@type\":\"PropertyValueSpecification\",\"valueRequired\":true,\"valueName\":\"search_term_string\"}}],\"inLanguage\":\"es\"},{\"@type\":\"Organization\",\"@id\":\"https:\\\/\\\/informelitoral.com.ar\\\/#organization\",\"name\":\"Informe Litoral\",\"url\":\"https:\\\/\\\/informelitoral.com.ar\\\/\",\"logo\":{\"@type\":\"ImageObject\",\"inLanguage\":\"es\",\"@id\":\"https:\\\/\\\/informelitoral.com.ar\\\/#\\\/schema\\\/logo\\\/image\\\/\",\"url\":\"https:\\\/\\\/informelitoral.com.ar\\\/%77%70%2d%63%6f%6e%74%65%6e%74\\\/uploads\\\/2021\\\/01\\\/circulo.png\",\"contentUrl\":\"https:\\\/\\\/informelitoral.com.ar\\\/%77%70%2d%63%6f%6e%74%65%6e%74\\\/uploads\\\/2021\\\/01\\\/circulo.png\",\"width\":723,\"height\":731,\"caption\":\"Informe Litoral\"},\"image\":{\"@id\":\"https:\\\/\\\/informelitoral.com.ar\\\/#\\\/schema\\\/logo\\\/image\\\/\"},\"sameAs\":[\"https:\\\/\\\/www.facebook.com\\\/informelitoral\\\/\",\"https:\\\/\\\/x.com\\\/InformeLitoral\",\"https:\\\/\\\/www.instagram.com\\\/informelitoral\\\/\",\"https:\\\/\\\/www.youtube.com\\\/channel\\\/UCua4Qvz8Icb6MYqhoq9xLXw\"]},{\"@type\":\"Person\",\"@id\":\"https:\\\/\\\/informelitoral.com.ar\\\/#\\\/schema\\\/person\\\/f05f9f461677119578717524b127d6d5\",\"name\":\"Sebastian\",\"image\":{\"@type\":\"ImageObject\",\"inLanguage\":\"es\",\"@id\":\"https:\\\/\\\/secure.gravatar.com\\\/avatar\\\/b71bf7481d447dfb9583c7f2798e7cc64de6efb9067b74633ed8c31059a3bd82?s=96&d=mm&r=g\",\"url\":\"https:\\\/\\\/secure.gravatar.com\\\/avatar\\\/b71bf7481d447dfb9583c7f2798e7cc64de6efb9067b74633ed8c31059a3bd82?s=96&d=mm&r=g\",\"contentUrl\":\"https:\\\/\\\/secure.gravatar.com\\\/avatar\\\/b71bf7481d447dfb9583c7f2798e7cc64de6efb9067b74633ed8c31059a3bd82?s=96&d=mm&r=g\",\"caption\":\"Sebastian\"},\"url\":\"https:\\\/\\\/informelitoral.com.ar\\\/author\\\/sebastian\\\/\"}]}<\/script>","yoast_head_json":{"title":"Autoridades sanitarias de todo el pa\u00eds definieron la estrategia de vacunaci\u00f3n para la prevenci\u00f3n del sarampi\u00f3n - Informe Litoral","robots":{"index":"index","follow":"follow","max-snippet":"max-snippet:-1","max-image-preview":"max-image-preview:large","max-video-preview":"max-video-preview:-1"},"canonical":"https:\/\/informelitoral.com.ar\/autoridades-sanitarias-de-todo-el-pais-definieron-la-estrategia-de-vacunacion-para-la-prevencion-del-sarampion\/","og_locale":"es_ES","og_type":"article","og_title":"Autoridades sanitarias de todo el pa\u00eds definieron la estrategia de vacunaci\u00f3n para la prevenci\u00f3n del sarampi\u00f3n - Informe Litoral","og_description":"El ministro de Salud de Entre R\u00edos, Daniel Blanzaco, particip\u00f3 este lunes de una nueva reuni\u00f3n ordinaria del Consejo Federal de Salud, en Buenos Aires. Se abord\u00f3 la situaci\u00f3n epidemiol\u00f3gica del dengue y el sarampi\u00f3n, con el objetivo de fortalecer las acciones preventivas en las diferentes jurisdicciones.","og_url":"https:\/\/informelitoral.com.ar\/autoridades-sanitarias-de-todo-el-pais-definieron-la-estrategia-de-vacunacion-para-la-prevencion-del-sarampion\/","og_site_name":"Informe Litoral","article_publisher":"https:\/\/www.facebook.com\/informelitoral\/","article_published_time":"2025-03-18T11:21:22+00:00","og_image":[{"width":1920,"height":1280,"url":"https:\/\/informelitoral.com.ar\/%77%70%2d%63%6f%6e%74%65%6e%74\/uploads\/2025\/03\/2025_03_17-salud-cofesa-1.jpg","type":"image\/jpeg"}],"author":"Sebastian","twitter_card":"summary_large_image","twitter_creator":"@InformeLitoral","twitter_site":"@InformeLitoral","twitter_misc":{"Escrito por":"Sebastian","Tiempo de lectura":"3 minutos"},"schema":{"@context":"https:\/\/schema.org","@graph":[{"@type":"Article","@id":"https:\/\/informelitoral.com.ar\/autoridades-sanitarias-de-todo-el-pais-definieron-la-estrategia-de-vacunacion-para-la-prevencion-del-sarampion\/#article","isPartOf":{"@id":"https:\/\/informelitoral.com.ar\/autoridades-sanitarias-de-todo-el-pais-definieron-la-estrategia-de-vacunacion-para-la-prevencion-del-sarampion\/"},"author":{"name":"Sebastian","@id":"https:\/\/informelitoral.com.ar\/#\/schema\/person\/f05f9f461677119578717524b127d6d5"},"headline":"Autoridades sanitarias de todo el pa\u00eds definieron la estrategia de vacunaci\u00f3n para la prevenci\u00f3n del sarampi\u00f3n","datePublished":"2025-03-18T11:21:22+00:00","mainEntityOfPage":{"@id":"https:\/\/informelitoral.com.ar\/autoridades-sanitarias-de-todo-el-pais-definieron-la-estrategia-de-vacunacion-para-la-prevencion-del-sarampion\/"},"wordCount":598,"commentCount":0,"publisher":{"@id":"https:\/\/informelitoral.com.ar\/#organization"},"image":{"@id":"https:\/\/informelitoral.com.ar\/autoridades-sanitarias-de-todo-el-pais-definieron-la-estrategia-de-vacunacion-para-la-prevencion-del-sarampion\/#primaryimage"},"thumbnailUrl":"https:\/\/informelitoral.com.ar\/%77%70%2d%63%6f%6e%74%65%6e%74\/uploads\/2025\/03\/2025_03_17-salud-cofesa-1.jpg","articleSection":["Salud"],"inLanguage":"es","potentialAction":[{"@type":"CommentAction","name":"Comment","target":["https:\/\/informelitoral.com.ar\/autoridades-sanitarias-de-todo-el-pais-definieron-la-estrategia-de-vacunacion-para-la-prevencion-del-sarampion\/#respond"]}]},{"@type":"WebPage","@id":"https:\/\/informelitoral.com.ar\/autoridades-sanitarias-de-todo-el-pais-definieron-la-estrategia-de-vacunacion-para-la-prevencion-del-sarampion\/","url":"https:\/\/informelitoral.com.ar\/autoridades-sanitarias-de-todo-el-pais-definieron-la-estrategia-de-vacunacion-para-la-prevencion-del-sarampion\/","name":"Autoridades sanitarias de todo el pa\u00eds definieron la estrategia de vacunaci\u00f3n para la prevenci\u00f3n del sarampi\u00f3n - Informe Litoral","isPartOf":{"@id":"https:\/\/informelitoral.com.ar\/#website"},"primaryImageOfPage":{"@id":"https:\/\/informelitoral.com.ar\/autoridades-sanitarias-de-todo-el-pais-definieron-la-estrategia-de-vacunacion-para-la-prevencion-del-sarampion\/#primaryimage"},"image":{"@id":"https:\/\/informelitoral.com.ar\/autoridades-sanitarias-de-todo-el-pais-definieron-la-estrategia-de-vacunacion-para-la-prevencion-del-sarampion\/#primaryimage"},"thumbnailUrl":"https:\/\/informelitoral.com.ar\/%77%70%2d%63%6f%6e%74%65%6e%74\/uploads\/2025\/03\/2025_03_17-salud-cofesa-1.jpg","datePublished":"2025-03-18T11:21:22+00:00","breadcrumb":{"@id":"https:\/\/informelitoral.com.ar\/autoridades-sanitarias-de-todo-el-pais-definieron-la-estrategia-de-vacunacion-para-la-prevencion-del-sarampion\/#breadcrumb"},"inLanguage":"es","potentialAction":[{"@type":"ReadAction","target":["https:\/\/informelitoral.com.ar\/autoridades-sanitarias-de-todo-el-pais-definieron-la-estrategia-de-vacunacion-para-la-prevencion-del-sarampion\/"]}]},{"@type":"ImageObject","inLanguage":"es","@id":"https:\/\/informelitoral.com.ar\/autoridades-sanitarias-de-todo-el-pais-definieron-la-estrategia-de-vacunacion-para-la-prevencion-del-sarampion\/#primaryimage","url":"https:\/\/informelitoral.com.ar\/%77%70%2d%63%6f%6e%74%65%6e%74\/uploads\/2025\/03\/2025_03_17-salud-cofesa-1.jpg","contentUrl":"https:\/\/informelitoral.com.ar\/%77%70%2d%63%6f%6e%74%65%6e%74\/uploads\/2025\/03\/2025_03_17-salud-cofesa-1.jpg","width":1920,"height":1280},{"@type":"BreadcrumbList","@id":"https:\/\/informelitoral.com.ar\/autoridades-sanitarias-de-todo-el-pais-definieron-la-estrategia-de-vacunacion-para-la-prevencion-del-sarampion\/#breadcrumb","itemListElement":[{"@type":"ListItem","position":1,"name":"Portada","item":"https:\/\/informelitoral.com.ar\/"},{"@type":"ListItem","position":2,"name":"Autoridades sanitarias de todo el pa\u00eds definieron la estrategia de vacunaci\u00f3n para la prevenci\u00f3n del sarampi\u00f3n"}]},{"@type":"WebSite","@id":"https:\/\/informelitoral.com.ar\/#website","url":"https:\/\/informelitoral.com.ar\/","name":"Informe Litoral","description":"&quot;Nos informamos&quot; ","publisher":{"@id":"https:\/\/informelitoral.com.ar\/#organization"},"potentialAction":[{"@type":"SearchAction","target":{"@type":"EntryPoint","urlTemplate":"https:\/\/informelitoral.com.ar\/?s={search_term_string}"},"query-input":{"@type":"PropertyValueSpecification","valueRequired":true,"valueName":"search_term_string"}}],"inLanguage":"es"},{"@type":"Organization","@id":"https:\/\/informelitoral.com.ar\/#organization","name":"Informe Litoral","url":"https:\/\/informelitoral.com.ar\/","logo":{"@type":"ImageObject","inLanguage":"es","@id":"https:\/\/informelitoral.com.ar\/#\/schema\/logo\/image\/","url":"https:\/\/informelitoral.com.ar\/%77%70%2d%63%6f%6e%74%65%6e%74\/uploads\/2021\/01\/circulo.png","contentUrl":"https:\/\/informelitoral.com.ar\/%77%70%2d%63%6f%6e%74%65%6e%74\/uploads\/2021\/01\/circulo.png","width":723,"height":731,"caption":"Informe Litoral"},"image":{"@id":"https:\/\/informelitoral.com.ar\/#\/schema\/logo\/image\/"},"sameAs":["https:\/\/www.facebook.com\/informelitoral\/","https:\/\/x.com\/InformeLitoral","https:\/\/www.instagram.com\/informelitoral\/","https:\/\/www.youtube.com\/channel\/UCua4Qvz8Icb6MYqhoq9xLXw"]},{"@type":"Person","@id":"https:\/\/informelitoral.com.ar\/#\/schema\/person\/f05f9f461677119578717524b127d6d5","name":"Sebastian","image":{"@type":"ImageObject","inLanguage":"es","@id":"https:\/\/secure.gravatar.com\/avatar\/b71bf7481d447dfb9583c7f2798e7cc64de6efb9067b74633ed8c31059a3bd82?s=96&d=mm&r=g","url":"https:\/\/secure.gravatar.com\/avatar\/b71bf7481d447dfb9583c7f2798e7cc64de6efb9067b74633ed8c31059a3bd82?s=96&d=mm&r=g","contentUrl":"https:\/\/secure.gravatar.com\/avatar\/b71bf7481d447dfb9583c7f2798e7cc64de6efb9067b74633ed8c31059a3bd82?s=96&d=mm&r=g","caption":"Sebastian"},"url":"https:\/\/informelitoral.com.ar\/author\/sebastian\/"}]}},"_links":{"self":[{"href":"https:\/\/informelitoral.com.ar\/%77%70%2d%6a%73%6f%6e\/wp\/v2\/posts\/215257","targetHints":{"allow":["GET"]}}],"collection":[{"href":"https:\/\/informelitoral.com.ar\/%77%70%2d%6a%73%6f%6e\/wp\/v2\/posts"}],"about":[{"href":"https:\/\/informelitoral.com.ar\/%77%70%2d%6a%73%6f%6e\/wp\/v2\/types\/post"}],"author":[{"embeddable":true,"href":"https:\/\/informelitoral.com.ar\/%77%70%2d%6a%73%6f%6e\/wp\/v2\/users\/8"}],"replies":[{"embeddable":true,"href":"https:\/\/informelitoral.com.ar\/%77%70%2d%6a%73%6f%6e\/wp\/v2\/comments?post=215257"}],"version-history":[{"count":0,"href":"https:\/\/informelitoral.com.ar\/%77%70%2d%6a%73%6f%6e\/wp\/v2\/posts\/215257\/revisions"}],"wp:featuredmedia":[{"embeddable":true,"href":"https:\/\/informelitoral.com.ar\/%77%70%2d%6a%73%6f%6e\/wp\/v2\/media\/215258"}],"wp:attachment":[{"href":"https:\/\/informelitoral.com.ar\/%77%70%2d%6a%73%6f%6e\/wp\/v2\/media?parent=215257"}],"wp:term":[{"taxonomy":"category","embeddable":true,"href":"https:\/\/informelitoral.com.ar\/%77%70%2d%6a%73%6f%6e\/wp\/v2\/categories?post=215257"},{"taxonomy":"post_tag","embeddable":true,"href":"https:\/\/informelitoral.com.ar\/%77%70%2d%6a%73%6f%6e\/wp\/v2\/tags?post=215257"}],"curies":[{"name":"wp","href":"https:\/\/api.w.org\/{rel}","templated":true}]}}