{"id":215187,"date":"2025-03-17T13:01:30","date_gmt":"2025-03-17T16:01:30","guid":{"rendered":"https:\/\/informelitoral.com.ar\/?p=215187"},"modified":"2025-03-17T13:57:07","modified_gmt":"2025-03-17T16:57:07","slug":"buscan-actualizar-la-ley-del-colegio-de-martilleros-publicos","status":"publish","type":"post","link":"https:\/\/informelitoral.com.ar\/buscan-actualizar-la-ley-del-colegio-de-martilleros-publicos\/","title":{"rendered":"Buscan actualizar la ley del Colegio de Martilleros P\u00fablicos"},"content":{"rendered":"<p><strong>Mario Altuna, presidente del Colegio de Martilleros P\u00fablicos de Entre R\u00edos, explic\u00f3 por qu\u00e9 es necesaria la modificaci\u00f3n de la ley que regula la actividad en la provincia. El proyecto en cuesti\u00f3n se debate en la comisi\u00f3n de Legislaci\u00f3n General de la C\u00e1mara de Diputados.<\/strong><\/p>\n<section class=\"tv-container\">\n<article class=\"new\">\u201cLo principal es actualizar la Ley N\u00b0 5.735 de creaci\u00f3n del Colegio de Martilleros, que es de 1975, ya que est\u00e1 por cumplir 50 a\u00f1os y con el transcurso del tiempo ha quedado bastante relegada con respecto a nuestra actividad actual\u201d, rese\u00f1\u00f3 el titular del Colegio a Radio Diputados.Asimismo, mencion\u00f3 que la ley nacional de Martilleros y Corredores, por su \u00faltima reforma, establece que para ser martillero p\u00fablico se debe tener t\u00edtulo expedido por una universidad p\u00fablica o privada con reconocimiento nacional. Este es uno de los aspectos que no est\u00e1 presente en la norma provincial actual.<\/p>\n<p>Mario Altuna explic\u00f3 esto el mi\u00e9rcoles 12 de marzo, cuando particip\u00f3 de la reuni\u00f3n de comisi\u00f3n de legislaci\u00f3n general, que trat\u00f3 el proyecto presentado por la diputada Vilma V\u00e1zquez. Y agreg\u00f3: \u201cOtro motivo para la actualizaci\u00f3n es que ante tanto avance de las subastas virtuales y por otro tipo de medios, se agregar\u00eda un art\u00edculo que dice que todo tipo de subastas que se realicen en Entre R\u00edos, sea virtual, electr\u00f3nica o mixta, debe estar siempre un martillero matriculado al frente\u201d.<\/p>\n<p>Otro de los cambios propuestos es la paridad de g\u00e9nero, es decir, que el Consejo Directivo del Colegio deba estar compuesto en un 50% por mujeres y el otro 50% por varones.<\/p>\n<\/article>\n<\/section>\n<h2><strong>Escuch\u00e1 la entrevista completa:<\/strong><\/h2>\n<p><iframe loading=\"lazy\" src=\"https:\/\/open.spotify.com\/embed\/episode\/40zE3G8Tlzbkm8g9GE57C7?utm_source=generator\" width=\"100%\" height=\"352\" frameborder=\"0\" data-mce-fragment=\"1\"><\/iframe><\/p>\n","protected":false},"excerpt":{"rendered":"<p>La ley actual es de 1975, por lo cual la entidad impulsa la iniciativa para actualizar la normativa a los tiempos que corren.<\/p>\n","protected":false},"author":8,"featured_media":215188,"comment_status":"open","ping_status":"open","sticky":false,"template":"","format":"standard","meta":{"fifu_image_url":"","fifu_image_alt":"","footnotes":""},"categories":[16],"tags":[5623,196,81],"class_list":{"0":"post-215187","1":"post","2":"type-post","3":"status-publish","4":"format-standard","5":"has-post-thumbnail","7":"category-politi","8":"tag-colegio-de-martilleros-publicos","9":"tag-diputados","10":"tag-entre-rios"},"yoast_head":"<title>Buscan actualizar la ley del Colegio de Martilleros P\u00fablicos - Informe Litoral<\/title>\n<meta name=\"robots\" content=\"index, follow, max-snippet:-1, max-image-preview:large, max-video-preview:-1\" \/>\n<link rel=\"canonical\" href=\"https:\/\/informelitoral.com.ar\/buscan-actualizar-la-ley-del-colegio-de-martilleros-publicos\/\" \/>\n<meta property=\"og:locale\" content=\"es_ES\" \/>\n<meta property=\"og:type\" content=\"article\" \/>\n<meta property=\"og:title\" content=\"Buscan actualizar la ley del Colegio de Martilleros P\u00fablicos - Informe Litoral\" \/>\n<meta property=\"og:description\" content=\"La ley actual es de 1975, por lo cual la entidad impulsa la iniciativa para actualizar la normativa a los tiempos que corren.\" \/>\n<meta property=\"og:url\" content=\"https:\/\/informelitoral.com.ar\/buscan-actualizar-la-ley-del-colegio-de-martilleros-publicos\/\" \/>\n<meta property=\"og:site_name\" content=\"Informe Litoral\" \/>\n<meta property=\"article:publisher\" content=\"https:\/\/www.facebook.com\/informelitoral\/\" \/>\n<meta property=\"article:published_time\" content=\"2025-03-17T16:01:30+00:00\" \/>\n<meta property=\"article:modified_time\" content=\"2025-03-17T16:57:07+00:00\" \/>\n<meta property=\"og:image\" content=\"https:\/\/informelitoral.com.ar\/%77%70%2d%63%6f%6e%74%65%6e%74\/uploads\/2025\/03\/cropped-Logo4-01-01-1-1-1.png\" \/>\n\t<meta property=\"og:image:width\" content=\"335\" \/>\n\t<meta property=\"og:image:height\" content=\"334\" \/>\n\t<meta property=\"og:image:type\" content=\"image\/png\" \/>\n<meta name=\"author\" content=\"Sebastian\" \/>\n<meta name=\"twitter:card\" content=\"summary_large_image\" \/>\n<meta name=\"twitter:creator\" content=\"@InformeLitoral\" \/>\n<meta name=\"twitter:site\" content=\"@InformeLitoral\" \/>\n<meta name=\"twitter:label1\" content=\"Escrito por\" \/>\n\t<meta name=\"twitter:data1\" content=\"Sebastian\" \/>\n\t<meta name=\"twitter:label2\" content=\"Tiempo de lectura\" \/>\n\t<meta name=\"twitter:data2\" content=\"1 minuto\" \/>\n<script type=\"application\/ld+json\" class=\"yoast-schema-graph\">{\"@context\":\"https:\\\/\\\/schema.org\",\"@graph\":[{\"@type\":\"Article\",\"@id\":\"https:\\\/\\\/informelitoral.com.ar\\\/buscan-actualizar-la-ley-del-colegio-de-martilleros-publicos\\\/#article\",\"isPartOf\":{\"@id\":\"https:\\\/\\\/informelitoral.com.ar\\\/buscan-actualizar-la-ley-del-colegio-de-martilleros-publicos\\\/\"},\"author\":{\"name\":\"Sebastian\",\"@id\":\"https:\\\/\\\/informelitoral.com.ar\\\/#\\\/schema\\\/person\\\/f05f9f461677119578717524b127d6d5\"},\"headline\":\"Buscan actualizar la ley del Colegio de Martilleros P\u00fablicos\",\"datePublished\":\"2025-03-17T16:01:30+00:00\",\"dateModified\":\"2025-03-17T16:57:07+00:00\",\"mainEntityOfPage\":{\"@id\":\"https:\\\/\\\/informelitoral.com.ar\\\/buscan-actualizar-la-ley-del-colegio-de-martilleros-publicos\\\/\"},\"wordCount\":287,\"commentCount\":0,\"publisher\":{\"@id\":\"https:\\\/\\\/informelitoral.com.ar\\\/#organization\"},\"image\":{\"@id\":\"https:\\\/\\\/informelitoral.com.ar\\\/buscan-actualizar-la-ley-del-colegio-de-martilleros-publicos\\\/#primaryimage\"},\"thumbnailUrl\":\"https:\\\/\\\/informelitoral.com.ar\\\/%77%70%2d%63%6f%6e%74%65%6e%74\\\/uploads\\\/2025\\\/03\\\/cropped-Logo4-01-01-1-1-1.png\",\"keywords\":[\"Colegio de Martilleros P\u00fablicos\",\"Diputados\",\"Entre R\u00edos\"],\"articleSection\":[\"Politica\"],\"inLanguage\":\"es\",\"potentialAction\":[{\"@type\":\"CommentAction\",\"name\":\"Comment\",\"target\":[\"https:\\\/\\\/informelitoral.com.ar\\\/buscan-actualizar-la-ley-del-colegio-de-martilleros-publicos\\\/#respond\"]}]},{\"@type\":\"WebPage\",\"@id\":\"https:\\\/\\\/informelitoral.com.ar\\\/buscan-actualizar-la-ley-del-colegio-de-martilleros-publicos\\\/\",\"url\":\"https:\\\/\\\/informelitoral.com.ar\\\/buscan-actualizar-la-ley-del-colegio-de-martilleros-publicos\\\/\",\"name\":\"Buscan actualizar la ley del Colegio de Martilleros P\u00fablicos - Informe Litoral\",\"isPartOf\":{\"@id\":\"https:\\\/\\\/informelitoral.com.ar\\\/#website\"},\"primaryImageOfPage\":{\"@id\":\"https:\\\/\\\/informelitoral.com.ar\\\/buscan-actualizar-la-ley-del-colegio-de-martilleros-publicos\\\/#primaryimage\"},\"image\":{\"@id\":\"https:\\\/\\\/informelitoral.com.ar\\\/buscan-actualizar-la-ley-del-colegio-de-martilleros-publicos\\\/#primaryimage\"},\"thumbnailUrl\":\"https:\\\/\\\/informelitoral.com.ar\\\/%77%70%2d%63%6f%6e%74%65%6e%74\\\/uploads\\\/2025\\\/03\\\/cropped-Logo4-01-01-1-1-1.png\",\"datePublished\":\"2025-03-17T16:01:30+00:00\",\"dateModified\":\"2025-03-17T16:57:07+00:00\",\"breadcrumb\":{\"@id\":\"https:\\\/\\\/informelitoral.com.ar\\\/buscan-actualizar-la-ley-del-colegio-de-martilleros-publicos\\\/#breadcrumb\"},\"inLanguage\":\"es\",\"potentialAction\":[{\"@type\":\"ReadAction\",\"target\":[\"https:\\\/\\\/informelitoral.com.ar\\\/buscan-actualizar-la-ley-del-colegio-de-martilleros-publicos\\\/\"]}]},{\"@type\":\"ImageObject\",\"inLanguage\":\"es\",\"@id\":\"https:\\\/\\\/informelitoral.com.ar\\\/buscan-actualizar-la-ley-del-colegio-de-martilleros-publicos\\\/#primaryimage\",\"url\":\"https:\\\/\\\/informelitoral.com.ar\\\/%77%70%2d%63%6f%6e%74%65%6e%74\\\/uploads\\\/2025\\\/03\\\/cropped-Logo4-01-01-1-1-1.png\",\"contentUrl\":\"https:\\\/\\\/informelitoral.com.ar\\\/%77%70%2d%63%6f%6e%74%65%6e%74\\\/uploads\\\/2025\\\/03\\\/cropped-Logo4-01-01-1-1-1.png\",\"width\":335,\"height\":334},{\"@type\":\"BreadcrumbList\",\"@id\":\"https:\\\/\\\/informelitoral.com.ar\\\/buscan-actualizar-la-ley-del-colegio-de-martilleros-publicos\\\/#breadcrumb\",\"itemListElement\":[{\"@type\":\"ListItem\",\"position\":1,\"name\":\"Portada\",\"item\":\"https:\\\/\\\/informelitoral.com.ar\\\/\"},{\"@type\":\"ListItem\",\"position\":2,\"name\":\"Buscan actualizar la ley del Colegio de Martilleros P\u00fablicos\"}]},{\"@type\":\"WebSite\",\"@id\":\"https:\\\/\\\/informelitoral.com.ar\\\/#website\",\"url\":\"https:\\\/\\\/informelitoral.com.ar\\\/\",\"name\":\"Informe Litoral\",\"description\":\"&quot;Nos informamos&quot; \",\"publisher\":{\"@id\":\"https:\\\/\\\/informelitoral.com.ar\\\/#organization\"},\"potentialAction\":[{\"@type\":\"SearchAction\",\"target\":{\"@type\":\"EntryPoint\",\"urlTemplate\":\"https:\\\/\\\/informelitoral.com.ar\\\/?s={search_term_string}\"},\"query-input\":{\"@type\":\"PropertyValueSpecification\",\"valueRequired\":true,\"valueName\":\"search_term_string\"}}],\"inLanguage\":\"es\"},{\"@type\":\"Organization\",\"@id\":\"https:\\\/\\\/informelitoral.com.ar\\\/#organization\",\"name\":\"Informe Litoral\",\"url\":\"https:\\\/\\\/informelitoral.com.ar\\\/\",\"logo\":{\"@type\":\"ImageObject\",\"inLanguage\":\"es\",\"@id\":\"https:\\\/\\\/informelitoral.com.ar\\\/#\\\/schema\\\/logo\\\/image\\\/\",\"url\":\"https:\\\/\\\/informelitoral.com.ar\\\/%77%70%2d%63%6f%6e%74%65%6e%74\\\/uploads\\\/2021\\\/01\\\/circulo.png\",\"contentUrl\":\"https:\\\/\\\/informelitoral.com.ar\\\/%77%70%2d%63%6f%6e%74%65%6e%74\\\/uploads\\\/2021\\\/01\\\/circulo.png\",\"width\":723,\"height\":731,\"caption\":\"Informe Litoral\"},\"image\":{\"@id\":\"https:\\\/\\\/informelitoral.com.ar\\\/#\\\/schema\\\/logo\\\/image\\\/\"},\"sameAs\":[\"https:\\\/\\\/www.facebook.com\\\/informelitoral\\\/\",\"https:\\\/\\\/x.com\\\/InformeLitoral\",\"https:\\\/\\\/www.instagram.com\\\/informelitoral\\\/\",\"https:\\\/\\\/www.youtube.com\\\/channel\\\/UCua4Qvz8Icb6MYqhoq9xLXw\"]},{\"@type\":\"Person\",\"@id\":\"https:\\\/\\\/informelitoral.com.ar\\\/#\\\/schema\\\/person\\\/f05f9f461677119578717524b127d6d5\",\"name\":\"Sebastian\",\"image\":{\"@type\":\"ImageObject\",\"inLanguage\":\"es\",\"@id\":\"https:\\\/\\\/secure.gravatar.com\\\/avatar\\\/b71bf7481d447dfb9583c7f2798e7cc64de6efb9067b74633ed8c31059a3bd82?s=96&d=mm&r=g\",\"url\":\"https:\\\/\\\/secure.gravatar.com\\\/avatar\\\/b71bf7481d447dfb9583c7f2798e7cc64de6efb9067b74633ed8c31059a3bd82?s=96&d=mm&r=g\",\"contentUrl\":\"https:\\\/\\\/secure.gravatar.com\\\/avatar\\\/b71bf7481d447dfb9583c7f2798e7cc64de6efb9067b74633ed8c31059a3bd82?s=96&d=mm&r=g\",\"caption\":\"Sebastian\"},\"url\":\"https:\\\/\\\/informelitoral.com.ar\\\/author\\\/sebastian\\\/\"}]}<\/script>","yoast_head_json":{"title":"Buscan actualizar la ley del Colegio de Martilleros P\u00fablicos - Informe Litoral","robots":{"index":"index","follow":"follow","max-snippet":"max-snippet:-1","max-image-preview":"max-image-preview:large","max-video-preview":"max-video-preview:-1"},"canonical":"https:\/\/informelitoral.com.ar\/buscan-actualizar-la-ley-del-colegio-de-martilleros-publicos\/","og_locale":"es_ES","og_type":"article","og_title":"Buscan actualizar la ley del Colegio de Martilleros P\u00fablicos - Informe Litoral","og_description":"La ley actual es de 1975, por lo cual la entidad impulsa la iniciativa para actualizar la normativa a los tiempos que corren.","og_url":"https:\/\/informelitoral.com.ar\/buscan-actualizar-la-ley-del-colegio-de-martilleros-publicos\/","og_site_name":"Informe Litoral","article_publisher":"https:\/\/www.facebook.com\/informelitoral\/","article_published_time":"2025-03-17T16:01:30+00:00","article_modified_time":"2025-03-17T16:57:07+00:00","og_image":[{"width":335,"height":334,"url":"https:\/\/informelitoral.com.ar\/%77%70%2d%63%6f%6e%74%65%6e%74\/uploads\/2025\/03\/cropped-Logo4-01-01-1-1-1.png","type":"image\/png"}],"author":"Sebastian","twitter_card":"summary_large_image","twitter_creator":"@InformeLitoral","twitter_site":"@InformeLitoral","twitter_misc":{"Escrito por":"Sebastian","Tiempo de lectura":"1 minuto"},"schema":{"@context":"https:\/\/schema.org","@graph":[{"@type":"Article","@id":"https:\/\/informelitoral.com.ar\/buscan-actualizar-la-ley-del-colegio-de-martilleros-publicos\/#article","isPartOf":{"@id":"https:\/\/informelitoral.com.ar\/buscan-actualizar-la-ley-del-colegio-de-martilleros-publicos\/"},"author":{"name":"Sebastian","@id":"https:\/\/informelitoral.com.ar\/#\/schema\/person\/f05f9f461677119578717524b127d6d5"},"headline":"Buscan actualizar la ley del Colegio de Martilleros P\u00fablicos","datePublished":"2025-03-17T16:01:30+00:00","dateModified":"2025-03-17T16:57:07+00:00","mainEntityOfPage":{"@id":"https:\/\/informelitoral.com.ar\/buscan-actualizar-la-ley-del-colegio-de-martilleros-publicos\/"},"wordCount":287,"commentCount":0,"publisher":{"@id":"https:\/\/informelitoral.com.ar\/#organization"},"image":{"@id":"https:\/\/informelitoral.com.ar\/buscan-actualizar-la-ley-del-colegio-de-martilleros-publicos\/#primaryimage"},"thumbnailUrl":"https:\/\/informelitoral.com.ar\/%77%70%2d%63%6f%6e%74%65%6e%74\/uploads\/2025\/03\/cropped-Logo4-01-01-1-1-1.png","keywords":["Colegio de Martilleros P\u00fablicos","Diputados","Entre R\u00edos"],"articleSection":["Politica"],"inLanguage":"es","potentialAction":[{"@type":"CommentAction","name":"Comment","target":["https:\/\/informelitoral.com.ar\/buscan-actualizar-la-ley-del-colegio-de-martilleros-publicos\/#respond"]}]},{"@type":"WebPage","@id":"https:\/\/informelitoral.com.ar\/buscan-actualizar-la-ley-del-colegio-de-martilleros-publicos\/","url":"https:\/\/informelitoral.com.ar\/buscan-actualizar-la-ley-del-colegio-de-martilleros-publicos\/","name":"Buscan actualizar la ley del Colegio de Martilleros P\u00fablicos - Informe Litoral","isPartOf":{"@id":"https:\/\/informelitoral.com.ar\/#website"},"primaryImageOfPage":{"@id":"https:\/\/informelitoral.com.ar\/buscan-actualizar-la-ley-del-colegio-de-martilleros-publicos\/#primaryimage"},"image":{"@id":"https:\/\/informelitoral.com.ar\/buscan-actualizar-la-ley-del-colegio-de-martilleros-publicos\/#primaryimage"},"thumbnailUrl":"https:\/\/informelitoral.com.ar\/%77%70%2d%63%6f%6e%74%65%6e%74\/uploads\/2025\/03\/cropped-Logo4-01-01-1-1-1.png","datePublished":"2025-03-17T16:01:30+00:00","dateModified":"2025-03-17T16:57:07+00:00","breadcrumb":{"@id":"https:\/\/informelitoral.com.ar\/buscan-actualizar-la-ley-del-colegio-de-martilleros-publicos\/#breadcrumb"},"inLanguage":"es","potentialAction":[{"@type":"ReadAction","target":["https:\/\/informelitoral.com.ar\/buscan-actualizar-la-ley-del-colegio-de-martilleros-publicos\/"]}]},{"@type":"ImageObject","inLanguage":"es","@id":"https:\/\/informelitoral.com.ar\/buscan-actualizar-la-ley-del-colegio-de-martilleros-publicos\/#primaryimage","url":"https:\/\/informelitoral.com.ar\/%77%70%2d%63%6f%6e%74%65%6e%74\/uploads\/2025\/03\/cropped-Logo4-01-01-1-1-1.png","contentUrl":"https:\/\/informelitoral.com.ar\/%77%70%2d%63%6f%6e%74%65%6e%74\/uploads\/2025\/03\/cropped-Logo4-01-01-1-1-1.png","width":335,"height":334},{"@type":"BreadcrumbList","@id":"https:\/\/informelitoral.com.ar\/buscan-actualizar-la-ley-del-colegio-de-martilleros-publicos\/#breadcrumb","itemListElement":[{"@type":"ListItem","position":1,"name":"Portada","item":"https:\/\/informelitoral.com.ar\/"},{"@type":"ListItem","position":2,"name":"Buscan actualizar la ley del Colegio de Martilleros P\u00fablicos"}]},{"@type":"WebSite","@id":"https:\/\/informelitoral.com.ar\/#website","url":"https:\/\/informelitoral.com.ar\/","name":"Informe Litoral","description":"&quot;Nos informamos&quot; ","publisher":{"@id":"https:\/\/informelitoral.com.ar\/#organization"},"potentialAction":[{"@type":"SearchAction","target":{"@type":"EntryPoint","urlTemplate":"https:\/\/informelitoral.com.ar\/?s={search_term_string}"},"query-input":{"@type":"PropertyValueSpecification","valueRequired":true,"valueName":"search_term_string"}}],"inLanguage":"es"},{"@type":"Organization","@id":"https:\/\/informelitoral.com.ar\/#organization","name":"Informe Litoral","url":"https:\/\/informelitoral.com.ar\/","logo":{"@type":"ImageObject","inLanguage":"es","@id":"https:\/\/informelitoral.com.ar\/#\/schema\/logo\/image\/","url":"https:\/\/informelitoral.com.ar\/%77%70%2d%63%6f%6e%74%65%6e%74\/uploads\/2021\/01\/circulo.png","contentUrl":"https:\/\/informelitoral.com.ar\/%77%70%2d%63%6f%6e%74%65%6e%74\/uploads\/2021\/01\/circulo.png","width":723,"height":731,"caption":"Informe Litoral"},"image":{"@id":"https:\/\/informelitoral.com.ar\/#\/schema\/logo\/image\/"},"sameAs":["https:\/\/www.facebook.com\/informelitoral\/","https:\/\/x.com\/InformeLitoral","https:\/\/www.instagram.com\/informelitoral\/","https:\/\/www.youtube.com\/channel\/UCua4Qvz8Icb6MYqhoq9xLXw"]},{"@type":"Person","@id":"https:\/\/informelitoral.com.ar\/#\/schema\/person\/f05f9f461677119578717524b127d6d5","name":"Sebastian","image":{"@type":"ImageObject","inLanguage":"es","@id":"https:\/\/secure.gravatar.com\/avatar\/b71bf7481d447dfb9583c7f2798e7cc64de6efb9067b74633ed8c31059a3bd82?s=96&d=mm&r=g","url":"https:\/\/secure.gravatar.com\/avatar\/b71bf7481d447dfb9583c7f2798e7cc64de6efb9067b74633ed8c31059a3bd82?s=96&d=mm&r=g","contentUrl":"https:\/\/secure.gravatar.com\/avatar\/b71bf7481d447dfb9583c7f2798e7cc64de6efb9067b74633ed8c31059a3bd82?s=96&d=mm&r=g","caption":"Sebastian"},"url":"https:\/\/informelitoral.com.ar\/author\/sebastian\/"}]}},"_links":{"self":[{"href":"https:\/\/informelitoral.com.ar\/%77%70%2d%6a%73%6f%6e\/wp\/v2\/posts\/215187","targetHints":{"allow":["GET"]}}],"collection":[{"href":"https:\/\/informelitoral.com.ar\/%77%70%2d%6a%73%6f%6e\/wp\/v2\/posts"}],"about":[{"href":"https:\/\/informelitoral.com.ar\/%77%70%2d%6a%73%6f%6e\/wp\/v2\/types\/post"}],"author":[{"embeddable":true,"href":"https:\/\/informelitoral.com.ar\/%77%70%2d%6a%73%6f%6e\/wp\/v2\/users\/8"}],"replies":[{"embeddable":true,"href":"https:\/\/informelitoral.com.ar\/%77%70%2d%6a%73%6f%6e\/wp\/v2\/comments?post=215187"}],"version-history":[{"count":0,"href":"https:\/\/informelitoral.com.ar\/%77%70%2d%6a%73%6f%6e\/wp\/v2\/posts\/215187\/revisions"}],"wp:featuredmedia":[{"embeddable":true,"href":"https:\/\/informelitoral.com.ar\/%77%70%2d%6a%73%6f%6e\/wp\/v2\/media\/215188"}],"wp:attachment":[{"href":"https:\/\/informelitoral.com.ar\/%77%70%2d%6a%73%6f%6e\/wp\/v2\/media?parent=215187"}],"wp:term":[{"taxonomy":"category","embeddable":true,"href":"https:\/\/informelitoral.com.ar\/%77%70%2d%6a%73%6f%6e\/wp\/v2\/categories?post=215187"},{"taxonomy":"post_tag","embeddable":true,"href":"https:\/\/informelitoral.com.ar\/%77%70%2d%6a%73%6f%6e\/wp\/v2\/tags?post=215187"}],"curies":[{"name":"wp","href":"https:\/\/api.w.org\/{rel}","templated":true}]}}