{"id":215171,"date":"2025-03-17T12:49:30","date_gmt":"2025-03-17T15:49:30","guid":{"rendered":"https:\/\/informelitoral.com.ar\/?p=215171"},"modified":"2025-03-17T13:58:09","modified_gmt":"2025-03-17T16:58:09","slug":"la-diputada-lena-destaco-la-importancia-de-adherir-al-programa-nacional-de-historias-clinicas","status":"publish","type":"post","link":"https:\/\/informelitoral.com.ar\/la-diputada-lena-destaco-la-importancia-de-adherir-al-programa-nacional-de-historias-clinicas\/","title":{"rendered":"La diputada Lena destac\u00f3 la importancia de  adherir al Programa nacional de Historias cl\u00ednicas"},"content":{"rendered":"<p>Dijo que su iniciativa tiene por objetivo, \u00abgarantizar un sistema de salud m\u00e1s eficiente, seguro y equitativo ya que Entre R\u00edos, como parte integral del sistema sanitario nacional, enfrenta desaf\u00edos vinculados a la gesti\u00f3n de la informaci\u00f3n cl\u00ednica\u00bb<\/p>\n<p>Asever\u00f3 que en la actualidad \u00abla falta de un sistema uniforme y digitalizado genera problemas como fragmentaci\u00f3n de la informaci\u00f3n debido a que las historias cl\u00ednicas no son f\u00e1cilmente accesibles entre diferentes establecimientos sanitarios, lo que afecta la continuidad de la atenci\u00f3n\u00bb<\/p>\n<p>El proyecto de ley determina como autoridad de Aplicaci\u00f3n Provincial al Ministerio de Salud de la provincia y las funciones a llevar adelante en especial en materia de coordinaci\u00f3n nacional e interjurisdiccional, con trabajo en conjunto con el Consejo Federal de Salud (COFESA).<\/p>\n<p>Lena hizo referencia asimismo a los riesgos que existen para la seguridad del paciente: \u00abLos errores m\u00e9dicos relacionados con datos incompletos o inaccesibles pueden evitarse con una historia cl\u00ednica \u00fanica y electr\u00f3nica\u00bb, enfatiz\u00f3.<\/p>\n<p>Tambi\u00e9n mencion\u00f3, entre otros aspectos, las ineficiencias administrativas porque \u00ablos procesos manuales y en papel ralentizan la gesti\u00f3n de recursos, aumentando los costos operativos y la carga de trabajo para el personal de salud\u00bb, resalt\u00f3.<\/p>\n<p>Finalmente, asegur\u00f3: \u00abLa adhesi\u00f3n a la Ley Nacional permitir\u00e1 superar estas limitaciones mediante la implementaci\u00f3n de un Sistema \u00danico de Registro de Historias Cl\u00ednicas Electr\u00f3nicas que centralice, proteja y facilite el acceso a la informaci\u00f3n sanitaria de los pacientes, asegurando los beneficio fundamentales para la accesibilidad del estado del paciente. Esta adhesi\u00f3n demuestra el compromiso de Entre R\u00edos con la modernizaci\u00f3n del sistema sanitario, aline\u00e1ndose con est\u00e1ndares internacionales de salud. Este avance posicionar\u00e1 a la provincia como un referente en el uso de tecnolog\u00edas para el bienestar de su poblaci\u00f3n\u00bb, concluy\u00f3.<\/p>\n","protected":false},"excerpt":{"rendered":"<p>La diputada provincial, Gabriela Lena (JxER), propone a trav\u00e9s de un proyecto de Ley que present\u00f3 en la C\u00e1mara de Diputados, que el gobierno entrerriano adhiera a la normativa nacional que crea el Programa Federal \u00danico de Informatizaci\u00f3n y Digitalizaci\u00f3n de las Historias Cl\u00ednicas de la Rep\u00fablica Argentina.<\/p>\n","protected":false},"author":8,"featured_media":215172,"comment_status":"open","ping_status":"open","sticky":false,"template":"","format":"standard","meta":{"fifu_image_url":"","fifu_image_alt":"","footnotes":""},"categories":[16],"tags":[5624,5625],"class_list":{"0":"post-215171","1":"post","2":"type-post","3":"status-publish","4":"format-standard","5":"has-post-thumbnail","7":"category-politi","8":"tag-gabriela-lena","9":"tag-programa-nacional-de-historias-clinicas"},"yoast_head":"<title>La diputada Lena destac\u00f3 la importancia de adherir al Programa nacional de Historias cl\u00ednicas - Informe Litoral<\/title>\n<meta name=\"robots\" content=\"index, follow, max-snippet:-1, max-image-preview:large, max-video-preview:-1\" \/>\n<link rel=\"canonical\" href=\"https:\/\/informelitoral.com.ar\/la-diputada-lena-destaco-la-importancia-de-adherir-al-programa-nacional-de-historias-clinicas\/\" \/>\n<meta property=\"og:locale\" content=\"es_ES\" \/>\n<meta property=\"og:type\" content=\"article\" \/>\n<meta property=\"og:title\" content=\"La diputada Lena destac\u00f3 la importancia de adherir al Programa nacional de Historias cl\u00ednicas - Informe Litoral\" \/>\n<meta property=\"og:description\" content=\"La diputada provincial, Gabriela Lena (JxER), propone a trav\u00e9s de un proyecto de Ley que present\u00f3 en la C\u00e1mara de Diputados, que el gobierno entrerriano adhiera a la normativa nacional que crea el Programa Federal \u00danico de Informatizaci\u00f3n y Digitalizaci\u00f3n de las Historias Cl\u00ednicas de la Rep\u00fablica Argentina.\" \/>\n<meta property=\"og:url\" content=\"https:\/\/informelitoral.com.ar\/la-diputada-lena-destaco-la-importancia-de-adherir-al-programa-nacional-de-historias-clinicas\/\" \/>\n<meta property=\"og:site_name\" content=\"Informe Litoral\" \/>\n<meta property=\"article:publisher\" content=\"https:\/\/www.facebook.com\/informelitoral\/\" \/>\n<meta property=\"article:published_time\" content=\"2025-03-17T15:49:30+00:00\" \/>\n<meta property=\"article:modified_time\" content=\"2025-03-17T16:58:09+00:00\" \/>\n<meta property=\"og:image\" content=\"https:\/\/informelitoral.com.ar\/%77%70%2d%63%6f%6e%74%65%6e%74\/uploads\/2025\/03\/1774_4219-e1742226562654.jpg\" \/>\n\t<meta property=\"og:image:width\" content=\"1024\" \/>\n\t<meta property=\"og:image:height\" content=\"478\" \/>\n\t<meta property=\"og:image:type\" content=\"image\/jpeg\" \/>\n<meta name=\"author\" content=\"Sebastian\" \/>\n<meta name=\"twitter:card\" content=\"summary_large_image\" \/>\n<meta name=\"twitter:creator\" content=\"@InformeLitoral\" \/>\n<meta name=\"twitter:site\" content=\"@InformeLitoral\" \/>\n<meta name=\"twitter:label1\" content=\"Escrito por\" \/>\n\t<meta name=\"twitter:data1\" content=\"Sebastian\" \/>\n\t<meta name=\"twitter:label2\" content=\"Tiempo de lectura\" \/>\n\t<meta name=\"twitter:data2\" content=\"2 minutos\" \/>\n<script type=\"application\/ld+json\" class=\"yoast-schema-graph\">{\"@context\":\"https:\\\/\\\/schema.org\",\"@graph\":[{\"@type\":\"Article\",\"@id\":\"https:\\\/\\\/informelitoral.com.ar\\\/la-diputada-lena-destaco-la-importancia-de-adherir-al-programa-nacional-de-historias-clinicas\\\/#article\",\"isPartOf\":{\"@id\":\"https:\\\/\\\/informelitoral.com.ar\\\/la-diputada-lena-destaco-la-importancia-de-adherir-al-programa-nacional-de-historias-clinicas\\\/\"},\"author\":{\"name\":\"Sebastian\",\"@id\":\"https:\\\/\\\/informelitoral.com.ar\\\/#\\\/schema\\\/person\\\/f05f9f461677119578717524b127d6d5\"},\"headline\":\"La diputada Lena destac\u00f3 la importancia de adherir al Programa nacional de Historias cl\u00ednicas\",\"datePublished\":\"2025-03-17T15:49:30+00:00\",\"dateModified\":\"2025-03-17T16:58:09+00:00\",\"mainEntityOfPage\":{\"@id\":\"https:\\\/\\\/informelitoral.com.ar\\\/la-diputada-lena-destaco-la-importancia-de-adherir-al-programa-nacional-de-historias-clinicas\\\/\"},\"wordCount\":327,\"commentCount\":0,\"publisher\":{\"@id\":\"https:\\\/\\\/informelitoral.com.ar\\\/#organization\"},\"image\":{\"@id\":\"https:\\\/\\\/informelitoral.com.ar\\\/la-diputada-lena-destaco-la-importancia-de-adherir-al-programa-nacional-de-historias-clinicas\\\/#primaryimage\"},\"thumbnailUrl\":\"https:\\\/\\\/informelitoral.com.ar\\\/%77%70%2d%63%6f%6e%74%65%6e%74\\\/uploads\\\/2025\\\/03\\\/1774_4219-e1742226562654.jpg\",\"keywords\":[\"Gabriela Lena\",\"Programa nacional de Historias cl\u00ednicas\"],\"articleSection\":[\"Politica\"],\"inLanguage\":\"es\",\"potentialAction\":[{\"@type\":\"CommentAction\",\"name\":\"Comment\",\"target\":[\"https:\\\/\\\/informelitoral.com.ar\\\/la-diputada-lena-destaco-la-importancia-de-adherir-al-programa-nacional-de-historias-clinicas\\\/#respond\"]}]},{\"@type\":\"WebPage\",\"@id\":\"https:\\\/\\\/informelitoral.com.ar\\\/la-diputada-lena-destaco-la-importancia-de-adherir-al-programa-nacional-de-historias-clinicas\\\/\",\"url\":\"https:\\\/\\\/informelitoral.com.ar\\\/la-diputada-lena-destaco-la-importancia-de-adherir-al-programa-nacional-de-historias-clinicas\\\/\",\"name\":\"La diputada Lena destac\u00f3 la importancia de adherir al Programa nacional de Historias cl\u00ednicas - Informe Litoral\",\"isPartOf\":{\"@id\":\"https:\\\/\\\/informelitoral.com.ar\\\/#website\"},\"primaryImageOfPage\":{\"@id\":\"https:\\\/\\\/informelitoral.com.ar\\\/la-diputada-lena-destaco-la-importancia-de-adherir-al-programa-nacional-de-historias-clinicas\\\/#primaryimage\"},\"image\":{\"@id\":\"https:\\\/\\\/informelitoral.com.ar\\\/la-diputada-lena-destaco-la-importancia-de-adherir-al-programa-nacional-de-historias-clinicas\\\/#primaryimage\"},\"thumbnailUrl\":\"https:\\\/\\\/informelitoral.com.ar\\\/%77%70%2d%63%6f%6e%74%65%6e%74\\\/uploads\\\/2025\\\/03\\\/1774_4219-e1742226562654.jpg\",\"datePublished\":\"2025-03-17T15:49:30+00:00\",\"dateModified\":\"2025-03-17T16:58:09+00:00\",\"breadcrumb\":{\"@id\":\"https:\\\/\\\/informelitoral.com.ar\\\/la-diputada-lena-destaco-la-importancia-de-adherir-al-programa-nacional-de-historias-clinicas\\\/#breadcrumb\"},\"inLanguage\":\"es\",\"potentialAction\":[{\"@type\":\"ReadAction\",\"target\":[\"https:\\\/\\\/informelitoral.com.ar\\\/la-diputada-lena-destaco-la-importancia-de-adherir-al-programa-nacional-de-historias-clinicas\\\/\"]}]},{\"@type\":\"ImageObject\",\"inLanguage\":\"es\",\"@id\":\"https:\\\/\\\/informelitoral.com.ar\\\/la-diputada-lena-destaco-la-importancia-de-adherir-al-programa-nacional-de-historias-clinicas\\\/#primaryimage\",\"url\":\"https:\\\/\\\/informelitoral.com.ar\\\/%77%70%2d%63%6f%6e%74%65%6e%74\\\/uploads\\\/2025\\\/03\\\/1774_4219-e1742226562654.jpg\",\"contentUrl\":\"https:\\\/\\\/informelitoral.com.ar\\\/%77%70%2d%63%6f%6e%74%65%6e%74\\\/uploads\\\/2025\\\/03\\\/1774_4219-e1742226562654.jpg\",\"width\":1024,\"height\":478},{\"@type\":\"BreadcrumbList\",\"@id\":\"https:\\\/\\\/informelitoral.com.ar\\\/la-diputada-lena-destaco-la-importancia-de-adherir-al-programa-nacional-de-historias-clinicas\\\/#breadcrumb\",\"itemListElement\":[{\"@type\":\"ListItem\",\"position\":1,\"name\":\"Portada\",\"item\":\"https:\\\/\\\/informelitoral.com.ar\\\/\"},{\"@type\":\"ListItem\",\"position\":2,\"name\":\"La diputada Lena destac\u00f3 la importancia de adherir al Programa nacional de Historias cl\u00ednicas\"}]},{\"@type\":\"WebSite\",\"@id\":\"https:\\\/\\\/informelitoral.com.ar\\\/#website\",\"url\":\"https:\\\/\\\/informelitoral.com.ar\\\/\",\"name\":\"Informe Litoral\",\"description\":\"&quot;Nos informamos&quot; \",\"publisher\":{\"@id\":\"https:\\\/\\\/informelitoral.com.ar\\\/#organization\"},\"potentialAction\":[{\"@type\":\"SearchAction\",\"target\":{\"@type\":\"EntryPoint\",\"urlTemplate\":\"https:\\\/\\\/informelitoral.com.ar\\\/?s={search_term_string}\"},\"query-input\":{\"@type\":\"PropertyValueSpecification\",\"valueRequired\":true,\"valueName\":\"search_term_string\"}}],\"inLanguage\":\"es\"},{\"@type\":\"Organization\",\"@id\":\"https:\\\/\\\/informelitoral.com.ar\\\/#organization\",\"name\":\"Informe Litoral\",\"url\":\"https:\\\/\\\/informelitoral.com.ar\\\/\",\"logo\":{\"@type\":\"ImageObject\",\"inLanguage\":\"es\",\"@id\":\"https:\\\/\\\/informelitoral.com.ar\\\/#\\\/schema\\\/logo\\\/image\\\/\",\"url\":\"https:\\\/\\\/informelitoral.com.ar\\\/%77%70%2d%63%6f%6e%74%65%6e%74\\\/uploads\\\/2021\\\/01\\\/circulo.png\",\"contentUrl\":\"https:\\\/\\\/informelitoral.com.ar\\\/%77%70%2d%63%6f%6e%74%65%6e%74\\\/uploads\\\/2021\\\/01\\\/circulo.png\",\"width\":723,\"height\":731,\"caption\":\"Informe Litoral\"},\"image\":{\"@id\":\"https:\\\/\\\/informelitoral.com.ar\\\/#\\\/schema\\\/logo\\\/image\\\/\"},\"sameAs\":[\"https:\\\/\\\/www.facebook.com\\\/informelitoral\\\/\",\"https:\\\/\\\/x.com\\\/InformeLitoral\",\"https:\\\/\\\/www.instagram.com\\\/informelitoral\\\/\",\"https:\\\/\\\/www.youtube.com\\\/channel\\\/UCua4Qvz8Icb6MYqhoq9xLXw\"]},{\"@type\":\"Person\",\"@id\":\"https:\\\/\\\/informelitoral.com.ar\\\/#\\\/schema\\\/person\\\/f05f9f461677119578717524b127d6d5\",\"name\":\"Sebastian\",\"image\":{\"@type\":\"ImageObject\",\"inLanguage\":\"es\",\"@id\":\"https:\\\/\\\/secure.gravatar.com\\\/avatar\\\/b71bf7481d447dfb9583c7f2798e7cc64de6efb9067b74633ed8c31059a3bd82?s=96&d=mm&r=g\",\"url\":\"https:\\\/\\\/secure.gravatar.com\\\/avatar\\\/b71bf7481d447dfb9583c7f2798e7cc64de6efb9067b74633ed8c31059a3bd82?s=96&d=mm&r=g\",\"contentUrl\":\"https:\\\/\\\/secure.gravatar.com\\\/avatar\\\/b71bf7481d447dfb9583c7f2798e7cc64de6efb9067b74633ed8c31059a3bd82?s=96&d=mm&r=g\",\"caption\":\"Sebastian\"},\"url\":\"https:\\\/\\\/informelitoral.com.ar\\\/author\\\/sebastian\\\/\"}]}<\/script>","yoast_head_json":{"title":"La diputada Lena destac\u00f3 la importancia de adherir al Programa nacional de Historias cl\u00ednicas - Informe Litoral","robots":{"index":"index","follow":"follow","max-snippet":"max-snippet:-1","max-image-preview":"max-image-preview:large","max-video-preview":"max-video-preview:-1"},"canonical":"https:\/\/informelitoral.com.ar\/la-diputada-lena-destaco-la-importancia-de-adherir-al-programa-nacional-de-historias-clinicas\/","og_locale":"es_ES","og_type":"article","og_title":"La diputada Lena destac\u00f3 la importancia de adherir al Programa nacional de Historias cl\u00ednicas - Informe Litoral","og_description":"La diputada provincial, Gabriela Lena (JxER), propone a trav\u00e9s de un proyecto de Ley que present\u00f3 en la C\u00e1mara de Diputados, que el gobierno entrerriano adhiera a la normativa nacional que crea el Programa Federal \u00danico de Informatizaci\u00f3n y Digitalizaci\u00f3n de las Historias Cl\u00ednicas de la Rep\u00fablica Argentina.","og_url":"https:\/\/informelitoral.com.ar\/la-diputada-lena-destaco-la-importancia-de-adherir-al-programa-nacional-de-historias-clinicas\/","og_site_name":"Informe Litoral","article_publisher":"https:\/\/www.facebook.com\/informelitoral\/","article_published_time":"2025-03-17T15:49:30+00:00","article_modified_time":"2025-03-17T16:58:09+00:00","og_image":[{"width":1024,"height":478,"url":"https:\/\/informelitoral.com.ar\/%77%70%2d%63%6f%6e%74%65%6e%74\/uploads\/2025\/03\/1774_4219-e1742226562654.jpg","type":"image\/jpeg"}],"author":"Sebastian","twitter_card":"summary_large_image","twitter_creator":"@InformeLitoral","twitter_site":"@InformeLitoral","twitter_misc":{"Escrito por":"Sebastian","Tiempo de lectura":"2 minutos"},"schema":{"@context":"https:\/\/schema.org","@graph":[{"@type":"Article","@id":"https:\/\/informelitoral.com.ar\/la-diputada-lena-destaco-la-importancia-de-adherir-al-programa-nacional-de-historias-clinicas\/#article","isPartOf":{"@id":"https:\/\/informelitoral.com.ar\/la-diputada-lena-destaco-la-importancia-de-adherir-al-programa-nacional-de-historias-clinicas\/"},"author":{"name":"Sebastian","@id":"https:\/\/informelitoral.com.ar\/#\/schema\/person\/f05f9f461677119578717524b127d6d5"},"headline":"La diputada Lena destac\u00f3 la importancia de adherir al Programa nacional de Historias cl\u00ednicas","datePublished":"2025-03-17T15:49:30+00:00","dateModified":"2025-03-17T16:58:09+00:00","mainEntityOfPage":{"@id":"https:\/\/informelitoral.com.ar\/la-diputada-lena-destaco-la-importancia-de-adherir-al-programa-nacional-de-historias-clinicas\/"},"wordCount":327,"commentCount":0,"publisher":{"@id":"https:\/\/informelitoral.com.ar\/#organization"},"image":{"@id":"https:\/\/informelitoral.com.ar\/la-diputada-lena-destaco-la-importancia-de-adherir-al-programa-nacional-de-historias-clinicas\/#primaryimage"},"thumbnailUrl":"https:\/\/informelitoral.com.ar\/%77%70%2d%63%6f%6e%74%65%6e%74\/uploads\/2025\/03\/1774_4219-e1742226562654.jpg","keywords":["Gabriela Lena","Programa nacional de Historias cl\u00ednicas"],"articleSection":["Politica"],"inLanguage":"es","potentialAction":[{"@type":"CommentAction","name":"Comment","target":["https:\/\/informelitoral.com.ar\/la-diputada-lena-destaco-la-importancia-de-adherir-al-programa-nacional-de-historias-clinicas\/#respond"]}]},{"@type":"WebPage","@id":"https:\/\/informelitoral.com.ar\/la-diputada-lena-destaco-la-importancia-de-adherir-al-programa-nacional-de-historias-clinicas\/","url":"https:\/\/informelitoral.com.ar\/la-diputada-lena-destaco-la-importancia-de-adherir-al-programa-nacional-de-historias-clinicas\/","name":"La diputada Lena destac\u00f3 la importancia de adherir al Programa nacional de Historias cl\u00ednicas - Informe Litoral","isPartOf":{"@id":"https:\/\/informelitoral.com.ar\/#website"},"primaryImageOfPage":{"@id":"https:\/\/informelitoral.com.ar\/la-diputada-lena-destaco-la-importancia-de-adherir-al-programa-nacional-de-historias-clinicas\/#primaryimage"},"image":{"@id":"https:\/\/informelitoral.com.ar\/la-diputada-lena-destaco-la-importancia-de-adherir-al-programa-nacional-de-historias-clinicas\/#primaryimage"},"thumbnailUrl":"https:\/\/informelitoral.com.ar\/%77%70%2d%63%6f%6e%74%65%6e%74\/uploads\/2025\/03\/1774_4219-e1742226562654.jpg","datePublished":"2025-03-17T15:49:30+00:00","dateModified":"2025-03-17T16:58:09+00:00","breadcrumb":{"@id":"https:\/\/informelitoral.com.ar\/la-diputada-lena-destaco-la-importancia-de-adherir-al-programa-nacional-de-historias-clinicas\/#breadcrumb"},"inLanguage":"es","potentialAction":[{"@type":"ReadAction","target":["https:\/\/informelitoral.com.ar\/la-diputada-lena-destaco-la-importancia-de-adherir-al-programa-nacional-de-historias-clinicas\/"]}]},{"@type":"ImageObject","inLanguage":"es","@id":"https:\/\/informelitoral.com.ar\/la-diputada-lena-destaco-la-importancia-de-adherir-al-programa-nacional-de-historias-clinicas\/#primaryimage","url":"https:\/\/informelitoral.com.ar\/%77%70%2d%63%6f%6e%74%65%6e%74\/uploads\/2025\/03\/1774_4219-e1742226562654.jpg","contentUrl":"https:\/\/informelitoral.com.ar\/%77%70%2d%63%6f%6e%74%65%6e%74\/uploads\/2025\/03\/1774_4219-e1742226562654.jpg","width":1024,"height":478},{"@type":"BreadcrumbList","@id":"https:\/\/informelitoral.com.ar\/la-diputada-lena-destaco-la-importancia-de-adherir-al-programa-nacional-de-historias-clinicas\/#breadcrumb","itemListElement":[{"@type":"ListItem","position":1,"name":"Portada","item":"https:\/\/informelitoral.com.ar\/"},{"@type":"ListItem","position":2,"name":"La diputada Lena destac\u00f3 la importancia de adherir al Programa nacional de Historias cl\u00ednicas"}]},{"@type":"WebSite","@id":"https:\/\/informelitoral.com.ar\/#website","url":"https:\/\/informelitoral.com.ar\/","name":"Informe Litoral","description":"&quot;Nos informamos&quot; ","publisher":{"@id":"https:\/\/informelitoral.com.ar\/#organization"},"potentialAction":[{"@type":"SearchAction","target":{"@type":"EntryPoint","urlTemplate":"https:\/\/informelitoral.com.ar\/?s={search_term_string}"},"query-input":{"@type":"PropertyValueSpecification","valueRequired":true,"valueName":"search_term_string"}}],"inLanguage":"es"},{"@type":"Organization","@id":"https:\/\/informelitoral.com.ar\/#organization","name":"Informe Litoral","url":"https:\/\/informelitoral.com.ar\/","logo":{"@type":"ImageObject","inLanguage":"es","@id":"https:\/\/informelitoral.com.ar\/#\/schema\/logo\/image\/","url":"https:\/\/informelitoral.com.ar\/%77%70%2d%63%6f%6e%74%65%6e%74\/uploads\/2021\/01\/circulo.png","contentUrl":"https:\/\/informelitoral.com.ar\/%77%70%2d%63%6f%6e%74%65%6e%74\/uploads\/2021\/01\/circulo.png","width":723,"height":731,"caption":"Informe Litoral"},"image":{"@id":"https:\/\/informelitoral.com.ar\/#\/schema\/logo\/image\/"},"sameAs":["https:\/\/www.facebook.com\/informelitoral\/","https:\/\/x.com\/InformeLitoral","https:\/\/www.instagram.com\/informelitoral\/","https:\/\/www.youtube.com\/channel\/UCua4Qvz8Icb6MYqhoq9xLXw"]},{"@type":"Person","@id":"https:\/\/informelitoral.com.ar\/#\/schema\/person\/f05f9f461677119578717524b127d6d5","name":"Sebastian","image":{"@type":"ImageObject","inLanguage":"es","@id":"https:\/\/secure.gravatar.com\/avatar\/b71bf7481d447dfb9583c7f2798e7cc64de6efb9067b74633ed8c31059a3bd82?s=96&d=mm&r=g","url":"https:\/\/secure.gravatar.com\/avatar\/b71bf7481d447dfb9583c7f2798e7cc64de6efb9067b74633ed8c31059a3bd82?s=96&d=mm&r=g","contentUrl":"https:\/\/secure.gravatar.com\/avatar\/b71bf7481d447dfb9583c7f2798e7cc64de6efb9067b74633ed8c31059a3bd82?s=96&d=mm&r=g","caption":"Sebastian"},"url":"https:\/\/informelitoral.com.ar\/author\/sebastian\/"}]}},"_links":{"self":[{"href":"https:\/\/informelitoral.com.ar\/%77%70%2d%6a%73%6f%6e\/wp\/v2\/posts\/215171","targetHints":{"allow":["GET"]}}],"collection":[{"href":"https:\/\/informelitoral.com.ar\/%77%70%2d%6a%73%6f%6e\/wp\/v2\/posts"}],"about":[{"href":"https:\/\/informelitoral.com.ar\/%77%70%2d%6a%73%6f%6e\/wp\/v2\/types\/post"}],"author":[{"embeddable":true,"href":"https:\/\/informelitoral.com.ar\/%77%70%2d%6a%73%6f%6e\/wp\/v2\/users\/8"}],"replies":[{"embeddable":true,"href":"https:\/\/informelitoral.com.ar\/%77%70%2d%6a%73%6f%6e\/wp\/v2\/comments?post=215171"}],"version-history":[{"count":0,"href":"https:\/\/informelitoral.com.ar\/%77%70%2d%6a%73%6f%6e\/wp\/v2\/posts\/215171\/revisions"}],"wp:featuredmedia":[{"embeddable":true,"href":"https:\/\/informelitoral.com.ar\/%77%70%2d%6a%73%6f%6e\/wp\/v2\/media\/215172"}],"wp:attachment":[{"href":"https:\/\/informelitoral.com.ar\/%77%70%2d%6a%73%6f%6e\/wp\/v2\/media?parent=215171"}],"wp:term":[{"taxonomy":"category","embeddable":true,"href":"https:\/\/informelitoral.com.ar\/%77%70%2d%6a%73%6f%6e\/wp\/v2\/categories?post=215171"},{"taxonomy":"post_tag","embeddable":true,"href":"https:\/\/informelitoral.com.ar\/%77%70%2d%6a%73%6f%6e\/wp\/v2\/tags?post=215171"}],"curies":[{"name":"wp","href":"https:\/\/api.w.org\/{rel}","templated":true}]}}