{"id":215146,"date":"2025-03-17T10:39:03","date_gmt":"2025-03-17T13:39:03","guid":{"rendered":"https:\/\/informelitoral.com.ar\/?p=215146"},"modified":"2025-03-17T14:00:37","modified_gmt":"2025-03-17T17:00:37","slug":"brigadista-de-entre-rios-participa-en-mision-de-capacitacion-en-espana","status":"publish","type":"post","link":"https:\/\/informelitoral.com.ar\/brigadista-de-entre-rios-participa-en-mision-de-capacitacion-en-espana\/","title":{"rendered":"Brigadista de Entre R\u00edos participa en misi\u00f3n de capacitaci\u00f3n en Espa\u00f1a"},"content":{"rendered":"<p>El brigadista<strong> \u00c1ngel Melchiori<\/strong>, integrante de la comitiva argentina, destac\u00f3 la relevancia del intercambio. \u00abEl prop\u00f3sito de este viaje fue compartir conocimientos y experiencias en la gesti\u00f3n y gobernanza de los incendios forestales, resaltando nuevas pr\u00e1cticas internacionales que pueden aplicarse en Argentina en el contexto del cambio clim\u00e1tico. La iniciativa busc\u00f3 fortalecer las capacidades del pa\u00eds en el manejo integral del fuego, exponiendo y discutiendo casos exitosos en diversos pa\u00edses iberoamericanos\u00bb, se\u00f1al\u00f3.<\/p>\n<p>Melchiori, pudo exponer y discutir las normas y pol\u00edticas del plan provincial de <strong>Manejo del Fuego de Entre R\u00edos<\/strong>, destacando la implementaci\u00f3n de un s\u00f3lido programa de capacitaci\u00f3n, prevenci\u00f3n y gesti\u00f3n de incendios forestales. Este programa incluye formaci\u00f3n y capacitaci\u00f3n continua tanto para los brigadistas y bomberos provinciales como para la sociedad civil en territorio.<\/p>\n<p>Durante la misi\u00f3n en Espa\u00f1a, la delegaci\u00f3n visit\u00f3 diversas regiones e instituciones claves en la gesti\u00f3n de emergencias, como el \u00c1rea de Defensa contra Incendios Forestales y la <strong>Direcci\u00f3n de Protecci\u00f3n Civil y Emergencias de Espa\u00f1a<\/strong>. Adem\u00e1s, recorrieron las comunidades aut\u00f3nomas de <strong>Catalu\u00f1a<\/strong>, <strong>Cantabria <\/strong>y <strong>Madrid<\/strong>, observando la colaboraci\u00f3n entre protecciones civiles, bomberos y brigadas estatales como las Brigadas de Refuerzo de Incendios Forestales y los Equipos de Prevenci\u00f3n Integral de Incendios Forestales.<\/p>\n","protected":false},"excerpt":{"rendered":"<p>En el marco del programa Fortalecimiento de Capacidades para la Gesti\u00f3n de Incendios Forestales, Rurales y de Interfaz: Aprendizajes desde Experiencias Internacionales, la Fundaci\u00f3n Pau Costa, en colaboraci\u00f3n con la oficina del Banco Mundial para Argentina y la Asociaci\u00f3n Estadounidense de Cuidados Respiratorios, organiz\u00f3 una capacitaci\u00f3n en Espa\u00f1a. La delegaci\u00f3n del plan provincial de Manejo del Fuego de Entre R\u00edos form\u00f3 parte activa de esta iniciativa.<\/p>\n","protected":false},"author":8,"featured_media":215147,"comment_status":"open","ping_status":"open","sticky":false,"template":"","format":"standard","meta":{"fifu_image_url":"","fifu_image_alt":"","footnotes":""},"categories":[6],"tags":[5626,54,81,1676],"class_list":{"0":"post-215146","1":"post","2":"type-post","3":"status-publish","4":"format-standard","5":"has-post-thumbnail","7":"category-entre-rios","8":"tag-brigadista","9":"tag-capacitacion","10":"tag-entre-rios","11":"tag-incendios-forestales"},"yoast_head":"<title>Brigadista de Entre R\u00edos participa en misi\u00f3n de capacitaci\u00f3n en Espa\u00f1a - Informe Litoral<\/title>\n<meta name=\"robots\" content=\"index, follow, max-snippet:-1, max-image-preview:large, max-video-preview:-1\" \/>\n<link rel=\"canonical\" href=\"https:\/\/informelitoral.com.ar\/brigadista-de-entre-rios-participa-en-mision-de-capacitacion-en-espana\/\" \/>\n<meta property=\"og:locale\" content=\"es_ES\" \/>\n<meta property=\"og:type\" content=\"article\" \/>\n<meta property=\"og:title\" content=\"Brigadista de Entre R\u00edos participa en misi\u00f3n de capacitaci\u00f3n en Espa\u00f1a - Informe Litoral\" \/>\n<meta property=\"og:description\" content=\"En el marco del programa Fortalecimiento de Capacidades para la Gesti\u00f3n de Incendios Forestales, Rurales y de Interfaz: Aprendizajes desde Experiencias Internacionales, la Fundaci\u00f3n Pau Costa, en colaboraci\u00f3n con la oficina del Banco Mundial para Argentina y la Asociaci\u00f3n Estadounidense de Cuidados Respiratorios, organiz\u00f3 una capacitaci\u00f3n en Espa\u00f1a. La delegaci\u00f3n del plan provincial de Manejo del Fuego de Entre R\u00edos form\u00f3 parte activa de esta iniciativa.\" \/>\n<meta property=\"og:url\" content=\"https:\/\/informelitoral.com.ar\/brigadista-de-entre-rios-participa-en-mision-de-capacitacion-en-espana\/\" \/>\n<meta property=\"og:site_name\" content=\"Informe Litoral\" \/>\n<meta property=\"article:publisher\" content=\"https:\/\/www.facebook.com\/informelitoral\/\" \/>\n<meta property=\"article:published_time\" content=\"2025-03-17T13:39:03+00:00\" \/>\n<meta property=\"article:modified_time\" content=\"2025-03-17T17:00:37+00:00\" \/>\n<meta property=\"og:image\" content=\"https:\/\/informelitoral.com.ar\/%77%70%2d%63%6f%6e%74%65%6e%74\/uploads\/2025\/03\/descarga-7.jpg\" \/>\n\t<meta property=\"og:image:width\" content=\"1920\" \/>\n\t<meta property=\"og:image:height\" content=\"1280\" \/>\n\t<meta property=\"og:image:type\" content=\"image\/jpeg\" \/>\n<meta name=\"author\" content=\"Sebastian\" \/>\n<meta name=\"twitter:card\" content=\"summary_large_image\" \/>\n<meta name=\"twitter:creator\" content=\"@InformeLitoral\" \/>\n<meta name=\"twitter:site\" content=\"@InformeLitoral\" \/>\n<meta name=\"twitter:label1\" content=\"Escrito por\" \/>\n\t<meta name=\"twitter:data1\" content=\"Sebastian\" \/>\n\t<meta name=\"twitter:label2\" content=\"Tiempo de lectura\" \/>\n\t<meta name=\"twitter:data2\" content=\"1 minuto\" \/>\n<script type=\"application\/ld+json\" class=\"yoast-schema-graph\">{\"@context\":\"https:\\\/\\\/schema.org\",\"@graph\":[{\"@type\":\"Article\",\"@id\":\"https:\\\/\\\/informelitoral.com.ar\\\/brigadista-de-entre-rios-participa-en-mision-de-capacitacion-en-espana\\\/#article\",\"isPartOf\":{\"@id\":\"https:\\\/\\\/informelitoral.com.ar\\\/brigadista-de-entre-rios-participa-en-mision-de-capacitacion-en-espana\\\/\"},\"author\":{\"name\":\"Sebastian\",\"@id\":\"https:\\\/\\\/informelitoral.com.ar\\\/#\\\/schema\\\/person\\\/f05f9f461677119578717524b127d6d5\"},\"headline\":\"Brigadista de Entre R\u00edos participa en misi\u00f3n de capacitaci\u00f3n en Espa\u00f1a\",\"datePublished\":\"2025-03-17T13:39:03+00:00\",\"dateModified\":\"2025-03-17T17:00:37+00:00\",\"mainEntityOfPage\":{\"@id\":\"https:\\\/\\\/informelitoral.com.ar\\\/brigadista-de-entre-rios-participa-en-mision-de-capacitacion-en-espana\\\/\"},\"wordCount\":243,\"commentCount\":0,\"publisher\":{\"@id\":\"https:\\\/\\\/informelitoral.com.ar\\\/#organization\"},\"image\":{\"@id\":\"https:\\\/\\\/informelitoral.com.ar\\\/brigadista-de-entre-rios-participa-en-mision-de-capacitacion-en-espana\\\/#primaryimage\"},\"thumbnailUrl\":\"https:\\\/\\\/informelitoral.com.ar\\\/%77%70%2d%63%6f%6e%74%65%6e%74\\\/uploads\\\/2025\\\/03\\\/descarga-7.jpg\",\"keywords\":[\"Brigadista\",\"Capacitaci\u00f3n\",\"Entre R\u00edos\",\"Incendios forestales\"],\"articleSection\":[\"Entre R\u00edos\"],\"inLanguage\":\"es\",\"potentialAction\":[{\"@type\":\"CommentAction\",\"name\":\"Comment\",\"target\":[\"https:\\\/\\\/informelitoral.com.ar\\\/brigadista-de-entre-rios-participa-en-mision-de-capacitacion-en-espana\\\/#respond\"]}]},{\"@type\":\"WebPage\",\"@id\":\"https:\\\/\\\/informelitoral.com.ar\\\/brigadista-de-entre-rios-participa-en-mision-de-capacitacion-en-espana\\\/\",\"url\":\"https:\\\/\\\/informelitoral.com.ar\\\/brigadista-de-entre-rios-participa-en-mision-de-capacitacion-en-espana\\\/\",\"name\":\"Brigadista de Entre R\u00edos participa en misi\u00f3n de capacitaci\u00f3n en Espa\u00f1a - Informe Litoral\",\"isPartOf\":{\"@id\":\"https:\\\/\\\/informelitoral.com.ar\\\/#website\"},\"primaryImageOfPage\":{\"@id\":\"https:\\\/\\\/informelitoral.com.ar\\\/brigadista-de-entre-rios-participa-en-mision-de-capacitacion-en-espana\\\/#primaryimage\"},\"image\":{\"@id\":\"https:\\\/\\\/informelitoral.com.ar\\\/brigadista-de-entre-rios-participa-en-mision-de-capacitacion-en-espana\\\/#primaryimage\"},\"thumbnailUrl\":\"https:\\\/\\\/informelitoral.com.ar\\\/%77%70%2d%63%6f%6e%74%65%6e%74\\\/uploads\\\/2025\\\/03\\\/descarga-7.jpg\",\"datePublished\":\"2025-03-17T13:39:03+00:00\",\"dateModified\":\"2025-03-17T17:00:37+00:00\",\"breadcrumb\":{\"@id\":\"https:\\\/\\\/informelitoral.com.ar\\\/brigadista-de-entre-rios-participa-en-mision-de-capacitacion-en-espana\\\/#breadcrumb\"},\"inLanguage\":\"es\",\"potentialAction\":[{\"@type\":\"ReadAction\",\"target\":[\"https:\\\/\\\/informelitoral.com.ar\\\/brigadista-de-entre-rios-participa-en-mision-de-capacitacion-en-espana\\\/\"]}]},{\"@type\":\"ImageObject\",\"inLanguage\":\"es\",\"@id\":\"https:\\\/\\\/informelitoral.com.ar\\\/brigadista-de-entre-rios-participa-en-mision-de-capacitacion-en-espana\\\/#primaryimage\",\"url\":\"https:\\\/\\\/informelitoral.com.ar\\\/%77%70%2d%63%6f%6e%74%65%6e%74\\\/uploads\\\/2025\\\/03\\\/descarga-7.jpg\",\"contentUrl\":\"https:\\\/\\\/informelitoral.com.ar\\\/%77%70%2d%63%6f%6e%74%65%6e%74\\\/uploads\\\/2025\\\/03\\\/descarga-7.jpg\",\"width\":1920,\"height\":1280},{\"@type\":\"BreadcrumbList\",\"@id\":\"https:\\\/\\\/informelitoral.com.ar\\\/brigadista-de-entre-rios-participa-en-mision-de-capacitacion-en-espana\\\/#breadcrumb\",\"itemListElement\":[{\"@type\":\"ListItem\",\"position\":1,\"name\":\"Portada\",\"item\":\"https:\\\/\\\/informelitoral.com.ar\\\/\"},{\"@type\":\"ListItem\",\"position\":2,\"name\":\"Brigadista de Entre R\u00edos participa en misi\u00f3n de capacitaci\u00f3n en Espa\u00f1a\"}]},{\"@type\":\"WebSite\",\"@id\":\"https:\\\/\\\/informelitoral.com.ar\\\/#website\",\"url\":\"https:\\\/\\\/informelitoral.com.ar\\\/\",\"name\":\"Informe Litoral\",\"description\":\"&quot;Nos informamos&quot; \",\"publisher\":{\"@id\":\"https:\\\/\\\/informelitoral.com.ar\\\/#organization\"},\"potentialAction\":[{\"@type\":\"SearchAction\",\"target\":{\"@type\":\"EntryPoint\",\"urlTemplate\":\"https:\\\/\\\/informelitoral.com.ar\\\/?s={search_term_string}\"},\"query-input\":{\"@type\":\"PropertyValueSpecification\",\"valueRequired\":true,\"valueName\":\"search_term_string\"}}],\"inLanguage\":\"es\"},{\"@type\":\"Organization\",\"@id\":\"https:\\\/\\\/informelitoral.com.ar\\\/#organization\",\"name\":\"Informe Litoral\",\"url\":\"https:\\\/\\\/informelitoral.com.ar\\\/\",\"logo\":{\"@type\":\"ImageObject\",\"inLanguage\":\"es\",\"@id\":\"https:\\\/\\\/informelitoral.com.ar\\\/#\\\/schema\\\/logo\\\/image\\\/\",\"url\":\"https:\\\/\\\/informelitoral.com.ar\\\/%77%70%2d%63%6f%6e%74%65%6e%74\\\/uploads\\\/2021\\\/01\\\/circulo.png\",\"contentUrl\":\"https:\\\/\\\/informelitoral.com.ar\\\/%77%70%2d%63%6f%6e%74%65%6e%74\\\/uploads\\\/2021\\\/01\\\/circulo.png\",\"width\":723,\"height\":731,\"caption\":\"Informe Litoral\"},\"image\":{\"@id\":\"https:\\\/\\\/informelitoral.com.ar\\\/#\\\/schema\\\/logo\\\/image\\\/\"},\"sameAs\":[\"https:\\\/\\\/www.facebook.com\\\/informelitoral\\\/\",\"https:\\\/\\\/x.com\\\/InformeLitoral\",\"https:\\\/\\\/www.instagram.com\\\/informelitoral\\\/\",\"https:\\\/\\\/www.youtube.com\\\/channel\\\/UCua4Qvz8Icb6MYqhoq9xLXw\"]},{\"@type\":\"Person\",\"@id\":\"https:\\\/\\\/informelitoral.com.ar\\\/#\\\/schema\\\/person\\\/f05f9f461677119578717524b127d6d5\",\"name\":\"Sebastian\",\"image\":{\"@type\":\"ImageObject\",\"inLanguage\":\"es\",\"@id\":\"https:\\\/\\\/secure.gravatar.com\\\/avatar\\\/b71bf7481d447dfb9583c7f2798e7cc64de6efb9067b74633ed8c31059a3bd82?s=96&d=mm&r=g\",\"url\":\"https:\\\/\\\/secure.gravatar.com\\\/avatar\\\/b71bf7481d447dfb9583c7f2798e7cc64de6efb9067b74633ed8c31059a3bd82?s=96&d=mm&r=g\",\"contentUrl\":\"https:\\\/\\\/secure.gravatar.com\\\/avatar\\\/b71bf7481d447dfb9583c7f2798e7cc64de6efb9067b74633ed8c31059a3bd82?s=96&d=mm&r=g\",\"caption\":\"Sebastian\"},\"url\":\"https:\\\/\\\/informelitoral.com.ar\\\/author\\\/sebastian\\\/\"}]}<\/script>","yoast_head_json":{"title":"Brigadista de Entre R\u00edos participa en misi\u00f3n de capacitaci\u00f3n en Espa\u00f1a - Informe Litoral","robots":{"index":"index","follow":"follow","max-snippet":"max-snippet:-1","max-image-preview":"max-image-preview:large","max-video-preview":"max-video-preview:-1"},"canonical":"https:\/\/informelitoral.com.ar\/brigadista-de-entre-rios-participa-en-mision-de-capacitacion-en-espana\/","og_locale":"es_ES","og_type":"article","og_title":"Brigadista de Entre R\u00edos participa en misi\u00f3n de capacitaci\u00f3n en Espa\u00f1a - Informe Litoral","og_description":"En el marco del programa Fortalecimiento de Capacidades para la Gesti\u00f3n de Incendios Forestales, Rurales y de Interfaz: Aprendizajes desde Experiencias Internacionales, la Fundaci\u00f3n Pau Costa, en colaboraci\u00f3n con la oficina del Banco Mundial para Argentina y la Asociaci\u00f3n Estadounidense de Cuidados Respiratorios, organiz\u00f3 una capacitaci\u00f3n en Espa\u00f1a. La delegaci\u00f3n del plan provincial de Manejo del Fuego de Entre R\u00edos form\u00f3 parte activa de esta iniciativa.","og_url":"https:\/\/informelitoral.com.ar\/brigadista-de-entre-rios-participa-en-mision-de-capacitacion-en-espana\/","og_site_name":"Informe Litoral","article_publisher":"https:\/\/www.facebook.com\/informelitoral\/","article_published_time":"2025-03-17T13:39:03+00:00","article_modified_time":"2025-03-17T17:00:37+00:00","og_image":[{"width":1920,"height":1280,"url":"https:\/\/informelitoral.com.ar\/%77%70%2d%63%6f%6e%74%65%6e%74\/uploads\/2025\/03\/descarga-7.jpg","type":"image\/jpeg"}],"author":"Sebastian","twitter_card":"summary_large_image","twitter_creator":"@InformeLitoral","twitter_site":"@InformeLitoral","twitter_misc":{"Escrito por":"Sebastian","Tiempo de lectura":"1 minuto"},"schema":{"@context":"https:\/\/schema.org","@graph":[{"@type":"Article","@id":"https:\/\/informelitoral.com.ar\/brigadista-de-entre-rios-participa-en-mision-de-capacitacion-en-espana\/#article","isPartOf":{"@id":"https:\/\/informelitoral.com.ar\/brigadista-de-entre-rios-participa-en-mision-de-capacitacion-en-espana\/"},"author":{"name":"Sebastian","@id":"https:\/\/informelitoral.com.ar\/#\/schema\/person\/f05f9f461677119578717524b127d6d5"},"headline":"Brigadista de Entre R\u00edos participa en misi\u00f3n de capacitaci\u00f3n en Espa\u00f1a","datePublished":"2025-03-17T13:39:03+00:00","dateModified":"2025-03-17T17:00:37+00:00","mainEntityOfPage":{"@id":"https:\/\/informelitoral.com.ar\/brigadista-de-entre-rios-participa-en-mision-de-capacitacion-en-espana\/"},"wordCount":243,"commentCount":0,"publisher":{"@id":"https:\/\/informelitoral.com.ar\/#organization"},"image":{"@id":"https:\/\/informelitoral.com.ar\/brigadista-de-entre-rios-participa-en-mision-de-capacitacion-en-espana\/#primaryimage"},"thumbnailUrl":"https:\/\/informelitoral.com.ar\/%77%70%2d%63%6f%6e%74%65%6e%74\/uploads\/2025\/03\/descarga-7.jpg","keywords":["Brigadista","Capacitaci\u00f3n","Entre R\u00edos","Incendios forestales"],"articleSection":["Entre R\u00edos"],"inLanguage":"es","potentialAction":[{"@type":"CommentAction","name":"Comment","target":["https:\/\/informelitoral.com.ar\/brigadista-de-entre-rios-participa-en-mision-de-capacitacion-en-espana\/#respond"]}]},{"@type":"WebPage","@id":"https:\/\/informelitoral.com.ar\/brigadista-de-entre-rios-participa-en-mision-de-capacitacion-en-espana\/","url":"https:\/\/informelitoral.com.ar\/brigadista-de-entre-rios-participa-en-mision-de-capacitacion-en-espana\/","name":"Brigadista de Entre R\u00edos participa en misi\u00f3n de capacitaci\u00f3n en Espa\u00f1a - Informe Litoral","isPartOf":{"@id":"https:\/\/informelitoral.com.ar\/#website"},"primaryImageOfPage":{"@id":"https:\/\/informelitoral.com.ar\/brigadista-de-entre-rios-participa-en-mision-de-capacitacion-en-espana\/#primaryimage"},"image":{"@id":"https:\/\/informelitoral.com.ar\/brigadista-de-entre-rios-participa-en-mision-de-capacitacion-en-espana\/#primaryimage"},"thumbnailUrl":"https:\/\/informelitoral.com.ar\/%77%70%2d%63%6f%6e%74%65%6e%74\/uploads\/2025\/03\/descarga-7.jpg","datePublished":"2025-03-17T13:39:03+00:00","dateModified":"2025-03-17T17:00:37+00:00","breadcrumb":{"@id":"https:\/\/informelitoral.com.ar\/brigadista-de-entre-rios-participa-en-mision-de-capacitacion-en-espana\/#breadcrumb"},"inLanguage":"es","potentialAction":[{"@type":"ReadAction","target":["https:\/\/informelitoral.com.ar\/brigadista-de-entre-rios-participa-en-mision-de-capacitacion-en-espana\/"]}]},{"@type":"ImageObject","inLanguage":"es","@id":"https:\/\/informelitoral.com.ar\/brigadista-de-entre-rios-participa-en-mision-de-capacitacion-en-espana\/#primaryimage","url":"https:\/\/informelitoral.com.ar\/%77%70%2d%63%6f%6e%74%65%6e%74\/uploads\/2025\/03\/descarga-7.jpg","contentUrl":"https:\/\/informelitoral.com.ar\/%77%70%2d%63%6f%6e%74%65%6e%74\/uploads\/2025\/03\/descarga-7.jpg","width":1920,"height":1280},{"@type":"BreadcrumbList","@id":"https:\/\/informelitoral.com.ar\/brigadista-de-entre-rios-participa-en-mision-de-capacitacion-en-espana\/#breadcrumb","itemListElement":[{"@type":"ListItem","position":1,"name":"Portada","item":"https:\/\/informelitoral.com.ar\/"},{"@type":"ListItem","position":2,"name":"Brigadista de Entre R\u00edos participa en misi\u00f3n de capacitaci\u00f3n en Espa\u00f1a"}]},{"@type":"WebSite","@id":"https:\/\/informelitoral.com.ar\/#website","url":"https:\/\/informelitoral.com.ar\/","name":"Informe Litoral","description":"&quot;Nos informamos&quot; ","publisher":{"@id":"https:\/\/informelitoral.com.ar\/#organization"},"potentialAction":[{"@type":"SearchAction","target":{"@type":"EntryPoint","urlTemplate":"https:\/\/informelitoral.com.ar\/?s={search_term_string}"},"query-input":{"@type":"PropertyValueSpecification","valueRequired":true,"valueName":"search_term_string"}}],"inLanguage":"es"},{"@type":"Organization","@id":"https:\/\/informelitoral.com.ar\/#organization","name":"Informe Litoral","url":"https:\/\/informelitoral.com.ar\/","logo":{"@type":"ImageObject","inLanguage":"es","@id":"https:\/\/informelitoral.com.ar\/#\/schema\/logo\/image\/","url":"https:\/\/informelitoral.com.ar\/%77%70%2d%63%6f%6e%74%65%6e%74\/uploads\/2021\/01\/circulo.png","contentUrl":"https:\/\/informelitoral.com.ar\/%77%70%2d%63%6f%6e%74%65%6e%74\/uploads\/2021\/01\/circulo.png","width":723,"height":731,"caption":"Informe Litoral"},"image":{"@id":"https:\/\/informelitoral.com.ar\/#\/schema\/logo\/image\/"},"sameAs":["https:\/\/www.facebook.com\/informelitoral\/","https:\/\/x.com\/InformeLitoral","https:\/\/www.instagram.com\/informelitoral\/","https:\/\/www.youtube.com\/channel\/UCua4Qvz8Icb6MYqhoq9xLXw"]},{"@type":"Person","@id":"https:\/\/informelitoral.com.ar\/#\/schema\/person\/f05f9f461677119578717524b127d6d5","name":"Sebastian","image":{"@type":"ImageObject","inLanguage":"es","@id":"https:\/\/secure.gravatar.com\/avatar\/b71bf7481d447dfb9583c7f2798e7cc64de6efb9067b74633ed8c31059a3bd82?s=96&d=mm&r=g","url":"https:\/\/secure.gravatar.com\/avatar\/b71bf7481d447dfb9583c7f2798e7cc64de6efb9067b74633ed8c31059a3bd82?s=96&d=mm&r=g","contentUrl":"https:\/\/secure.gravatar.com\/avatar\/b71bf7481d447dfb9583c7f2798e7cc64de6efb9067b74633ed8c31059a3bd82?s=96&d=mm&r=g","caption":"Sebastian"},"url":"https:\/\/informelitoral.com.ar\/author\/sebastian\/"}]}},"_links":{"self":[{"href":"https:\/\/informelitoral.com.ar\/%77%70%2d%6a%73%6f%6e\/wp\/v2\/posts\/215146","targetHints":{"allow":["GET"]}}],"collection":[{"href":"https:\/\/informelitoral.com.ar\/%77%70%2d%6a%73%6f%6e\/wp\/v2\/posts"}],"about":[{"href":"https:\/\/informelitoral.com.ar\/%77%70%2d%6a%73%6f%6e\/wp\/v2\/types\/post"}],"author":[{"embeddable":true,"href":"https:\/\/informelitoral.com.ar\/%77%70%2d%6a%73%6f%6e\/wp\/v2\/users\/8"}],"replies":[{"embeddable":true,"href":"https:\/\/informelitoral.com.ar\/%77%70%2d%6a%73%6f%6e\/wp\/v2\/comments?post=215146"}],"version-history":[{"count":0,"href":"https:\/\/informelitoral.com.ar\/%77%70%2d%6a%73%6f%6e\/wp\/v2\/posts\/215146\/revisions"}],"wp:featuredmedia":[{"embeddable":true,"href":"https:\/\/informelitoral.com.ar\/%77%70%2d%6a%73%6f%6e\/wp\/v2\/media\/215147"}],"wp:attachment":[{"href":"https:\/\/informelitoral.com.ar\/%77%70%2d%6a%73%6f%6e\/wp\/v2\/media?parent=215146"}],"wp:term":[{"taxonomy":"category","embeddable":true,"href":"https:\/\/informelitoral.com.ar\/%77%70%2d%6a%73%6f%6e\/wp\/v2\/categories?post=215146"},{"taxonomy":"post_tag","embeddable":true,"href":"https:\/\/informelitoral.com.ar\/%77%70%2d%6a%73%6f%6e\/wp\/v2\/tags?post=215146"}],"curies":[{"name":"wp","href":"https:\/\/api.w.org\/{rel}","templated":true}]}}