{"id":215126,"date":"2025-03-17T09:31:13","date_gmt":"2025-03-17T12:31:13","guid":{"rendered":"https:\/\/informelitoral.com.ar\/?p=215126"},"modified":"2025-03-17T20:48:29","modified_gmt":"2025-03-17T23:48:29","slug":"este-martes-se-reune-la-comision-de-legislacion-general-2","status":"publish","type":"post","link":"https:\/\/informelitoral.com.ar\/este-martes-se-reune-la-comision-de-legislacion-general-2\/","title":{"rendered":"Este martes se re\u00fane la Comisi\u00f3n de Legislaci\u00f3n General"},"content":{"rendered":"<p>La Comisi\u00f3n de Legislaci\u00f3n General, que preside la senadora Nancy Miranda, est\u00e1 convocada para este martes 18 de marzo, a las 11 horas, en Sal\u00f3n de los Vicegobernadores.<\/p>\n<h2><strong>A continuaci\u00f3n, se detallan los temas a tratar:<\/strong><\/h2>\n<p>1. Expediente N\u00b0 14.672: Proyecto de Ley por el que se modifica el Art\u00edculo 1\u00ba de la Ley N\u00b09.754 y sus modificatorias \u2013 C\u00f3digo Procesal Penal de la Provincia de Entre R\u00edos.<br \/>\n2. Expediente N\u00b0 27.154: Proyecto de Ley por el que se crea la AGENCIA ADMINISTRADORA DE BIENES INMUEBLES DE LA PROVINCIA DE ENTRE R\u00cdOS (AABIPER) como organismo descentralizado en el \u00e1mbito de la Secretar\u00eda General de la Gobernaci\u00f3n, con autarqu\u00eda econ\u00f3mica financiera, y con capacidad de actuar en el \u00e1mbito del derecho p\u00fablico y privado. La AABIPER tendr\u00e1 su domicilio legal en la ciudad de Paran\u00e1, donde establecer\u00e1 su sede.<br \/>\n3. Expediente N\u00b0 15.199: Proyecto de Ley por el que se autoriza al Superior Gobierno de la Provincia de Entre R\u00edos, a transferir a t\u00edtulo gratuito a la Municipalidad de El Pingo, un inmueble de su propiedad para ser afectado a sede del Municipio.<br \/>\n4. Expediente N\u00b0 15.092: Proyecto de Ley por el que se reglamenta lo establecido por el articulo N\u00b0 117 de la Constituci\u00f3n Provincial, promoviendo y garantizando la efectiva respuesta por parte del Poder Ejecutivo a los requerimientos que cualquiera de las C\u00e1maras Legislativas realice en marco del articulo antes mencionado.<br \/>\n5. Expediente N\u00b0 26.859: Proyecto de Ley por el que se declara al 13 de marzo de cada a\u00f1o como \u201cEl d\u00eda del Federalismo Entrerriano\u201d en todo el territorio de la Provincia.<br \/>\n6. Expediente N\u00b0 15.197: Proyecto de Ley por el que se autoriza al Superior Gobierno de la Provincia a transferir a t\u00edtulo de donaci\u00f3n inmueble a favor de la Comuna de Colonia Ensayo.<\/p>\n<h2><strong>Pr\u00f3xima sesi\u00f3n<\/strong><\/h2>\n<p>Los senadores est\u00e1n convocados a sesionar esta semana: martes 18 de marzo, a las 19 horas, el mi\u00e9rcoles 19, a las 13 y el jueves 20, a las 11 horas. Se trata de la 2\u00b0 sesi\u00f3n ordinaria del 146\u00ba per\u00edodo legislativo. Previamente se llevar\u00e1 a cabo la Labor Parlamentaria. La sesi\u00f3n se trasmitir\u00e1 en vivo a trav\u00e9s del canal oficial de\u00a0<a href=\"https:\/\/www.youtube.com\/@camaradesenadoresdeentreri5717\">YouTube C\u00e1mara de Senadores<\/a>.<\/p>\n","protected":false},"excerpt":{"rendered":"<p>A las 11 horas se reunir\u00e1 la Comisi\u00f3n de Legislaci\u00f3n General de la Honorable C\u00e1mara de Senadores de Entre R\u00edos. Adem\u00e1s, los legisladores est\u00e1n convocados a sesionar los d\u00edas martes, mi\u00e9rcoles y jueves.<\/p>\n","protected":false},"author":8,"featured_media":207600,"comment_status":"open","ping_status":"open","sticky":false,"template":"","format":"standard","meta":{"fifu_image_url":"","fifu_image_alt":"","footnotes":""},"categories":[16],"tags":[464],"class_list":{"0":"post-215126","1":"post","2":"type-post","3":"status-publish","4":"format-standard","5":"has-post-thumbnail","7":"category-politi","8":"tag-senado"},"yoast_head":"<title>Este martes se re\u00fane la Comisi\u00f3n de Legislaci\u00f3n General - Informe Litoral<\/title>\n<meta name=\"robots\" content=\"index, follow, max-snippet:-1, max-image-preview:large, max-video-preview:-1\" \/>\n<link rel=\"canonical\" href=\"https:\/\/informelitoral.com.ar\/este-martes-se-reune-la-comision-de-legislacion-general-2\/\" \/>\n<meta property=\"og:locale\" content=\"es_ES\" \/>\n<meta property=\"og:type\" content=\"article\" \/>\n<meta property=\"og:title\" content=\"Este martes se re\u00fane la Comisi\u00f3n de Legislaci\u00f3n General - Informe Litoral\" \/>\n<meta property=\"og:description\" content=\"A las 11 horas se reunir\u00e1 la Comisi\u00f3n de Legislaci\u00f3n General de la Honorable C\u00e1mara de Senadores de Entre R\u00edos. Adem\u00e1s, los legisladores est\u00e1n convocados a sesionar los d\u00edas martes, mi\u00e9rcoles y jueves.\" \/>\n<meta property=\"og:url\" content=\"https:\/\/informelitoral.com.ar\/este-martes-se-reune-la-comision-de-legislacion-general-2\/\" \/>\n<meta property=\"og:site_name\" content=\"Informe Litoral\" \/>\n<meta property=\"article:publisher\" content=\"https:\/\/www.facebook.com\/informelitoral\/\" \/>\n<meta property=\"article:published_time\" content=\"2025-03-17T12:31:13+00:00\" \/>\n<meta property=\"article:modified_time\" content=\"2025-03-17T23:48:29+00:00\" \/>\n<meta property=\"og:image\" content=\"https:\/\/informelitoral.com.ar\/%77%70%2d%63%6f%6e%74%65%6e%74\/uploads\/2024\/12\/senado1-1.jpeg\" \/>\n\t<meta property=\"og:image:width\" content=\"860\" \/>\n\t<meta property=\"og:image:height\" content=\"573\" \/>\n\t<meta property=\"og:image:type\" content=\"image\/jpeg\" \/>\n<meta name=\"author\" content=\"Sebastian\" \/>\n<meta name=\"twitter:card\" content=\"summary_large_image\" \/>\n<meta name=\"twitter:creator\" content=\"@InformeLitoral\" \/>\n<meta name=\"twitter:site\" content=\"@InformeLitoral\" \/>\n<meta name=\"twitter:label1\" content=\"Escrito por\" \/>\n\t<meta name=\"twitter:data1\" content=\"Sebastian\" \/>\n\t<meta name=\"twitter:label2\" content=\"Tiempo de lectura\" \/>\n\t<meta name=\"twitter:data2\" content=\"2 minutos\" \/>\n<script type=\"application\/ld+json\" class=\"yoast-schema-graph\">{\"@context\":\"https:\\\/\\\/schema.org\",\"@graph\":[{\"@type\":\"Article\",\"@id\":\"https:\\\/\\\/informelitoral.com.ar\\\/este-martes-se-reune-la-comision-de-legislacion-general-2\\\/#article\",\"isPartOf\":{\"@id\":\"https:\\\/\\\/informelitoral.com.ar\\\/este-martes-se-reune-la-comision-de-legislacion-general-2\\\/\"},\"author\":{\"name\":\"Sebastian\",\"@id\":\"https:\\\/\\\/informelitoral.com.ar\\\/#\\\/schema\\\/person\\\/f05f9f461677119578717524b127d6d5\"},\"headline\":\"Este martes se re\u00fane la Comisi\u00f3n de Legislaci\u00f3n General\",\"datePublished\":\"2025-03-17T12:31:13+00:00\",\"dateModified\":\"2025-03-17T23:48:29+00:00\",\"mainEntityOfPage\":{\"@id\":\"https:\\\/\\\/informelitoral.com.ar\\\/este-martes-se-reune-la-comision-de-legislacion-general-2\\\/\"},\"wordCount\":380,\"commentCount\":0,\"publisher\":{\"@id\":\"https:\\\/\\\/informelitoral.com.ar\\\/#organization\"},\"image\":{\"@id\":\"https:\\\/\\\/informelitoral.com.ar\\\/este-martes-se-reune-la-comision-de-legislacion-general-2\\\/#primaryimage\"},\"thumbnailUrl\":\"https:\\\/\\\/informelitoral.com.ar\\\/%77%70%2d%63%6f%6e%74%65%6e%74\\\/uploads\\\/2024\\\/12\\\/senado1-1.jpeg\",\"keywords\":[\"Senado\"],\"articleSection\":[\"Politica\"],\"inLanguage\":\"es\",\"potentialAction\":[{\"@type\":\"CommentAction\",\"name\":\"Comment\",\"target\":[\"https:\\\/\\\/informelitoral.com.ar\\\/este-martes-se-reune-la-comision-de-legislacion-general-2\\\/#respond\"]}]},{\"@type\":\"WebPage\",\"@id\":\"https:\\\/\\\/informelitoral.com.ar\\\/este-martes-se-reune-la-comision-de-legislacion-general-2\\\/\",\"url\":\"https:\\\/\\\/informelitoral.com.ar\\\/este-martes-se-reune-la-comision-de-legislacion-general-2\\\/\",\"name\":\"Este martes se re\u00fane la Comisi\u00f3n de Legislaci\u00f3n General - Informe Litoral\",\"isPartOf\":{\"@id\":\"https:\\\/\\\/informelitoral.com.ar\\\/#website\"},\"primaryImageOfPage\":{\"@id\":\"https:\\\/\\\/informelitoral.com.ar\\\/este-martes-se-reune-la-comision-de-legislacion-general-2\\\/#primaryimage\"},\"image\":{\"@id\":\"https:\\\/\\\/informelitoral.com.ar\\\/este-martes-se-reune-la-comision-de-legislacion-general-2\\\/#primaryimage\"},\"thumbnailUrl\":\"https:\\\/\\\/informelitoral.com.ar\\\/%77%70%2d%63%6f%6e%74%65%6e%74\\\/uploads\\\/2024\\\/12\\\/senado1-1.jpeg\",\"datePublished\":\"2025-03-17T12:31:13+00:00\",\"dateModified\":\"2025-03-17T23:48:29+00:00\",\"breadcrumb\":{\"@id\":\"https:\\\/\\\/informelitoral.com.ar\\\/este-martes-se-reune-la-comision-de-legislacion-general-2\\\/#breadcrumb\"},\"inLanguage\":\"es\",\"potentialAction\":[{\"@type\":\"ReadAction\",\"target\":[\"https:\\\/\\\/informelitoral.com.ar\\\/este-martes-se-reune-la-comision-de-legislacion-general-2\\\/\"]}]},{\"@type\":\"ImageObject\",\"inLanguage\":\"es\",\"@id\":\"https:\\\/\\\/informelitoral.com.ar\\\/este-martes-se-reune-la-comision-de-legislacion-general-2\\\/#primaryimage\",\"url\":\"https:\\\/\\\/informelitoral.com.ar\\\/%77%70%2d%63%6f%6e%74%65%6e%74\\\/uploads\\\/2024\\\/12\\\/senado1-1.jpeg\",\"contentUrl\":\"https:\\\/\\\/informelitoral.com.ar\\\/%77%70%2d%63%6f%6e%74%65%6e%74\\\/uploads\\\/2024\\\/12\\\/senado1-1.jpeg\",\"width\":860,\"height\":573},{\"@type\":\"BreadcrumbList\",\"@id\":\"https:\\\/\\\/informelitoral.com.ar\\\/este-martes-se-reune-la-comision-de-legislacion-general-2\\\/#breadcrumb\",\"itemListElement\":[{\"@type\":\"ListItem\",\"position\":1,\"name\":\"Portada\",\"item\":\"https:\\\/\\\/informelitoral.com.ar\\\/\"},{\"@type\":\"ListItem\",\"position\":2,\"name\":\"Este martes se re\u00fane la Comisi\u00f3n de Legislaci\u00f3n General\"}]},{\"@type\":\"WebSite\",\"@id\":\"https:\\\/\\\/informelitoral.com.ar\\\/#website\",\"url\":\"https:\\\/\\\/informelitoral.com.ar\\\/\",\"name\":\"Informe Litoral\",\"description\":\"&quot;Nos informamos&quot; \",\"publisher\":{\"@id\":\"https:\\\/\\\/informelitoral.com.ar\\\/#organization\"},\"potentialAction\":[{\"@type\":\"SearchAction\",\"target\":{\"@type\":\"EntryPoint\",\"urlTemplate\":\"https:\\\/\\\/informelitoral.com.ar\\\/?s={search_term_string}\"},\"query-input\":{\"@type\":\"PropertyValueSpecification\",\"valueRequired\":true,\"valueName\":\"search_term_string\"}}],\"inLanguage\":\"es\"},{\"@type\":\"Organization\",\"@id\":\"https:\\\/\\\/informelitoral.com.ar\\\/#organization\",\"name\":\"Informe Litoral\",\"url\":\"https:\\\/\\\/informelitoral.com.ar\\\/\",\"logo\":{\"@type\":\"ImageObject\",\"inLanguage\":\"es\",\"@id\":\"https:\\\/\\\/informelitoral.com.ar\\\/#\\\/schema\\\/logo\\\/image\\\/\",\"url\":\"https:\\\/\\\/informelitoral.com.ar\\\/%77%70%2d%63%6f%6e%74%65%6e%74\\\/uploads\\\/2021\\\/01\\\/circulo.png\",\"contentUrl\":\"https:\\\/\\\/informelitoral.com.ar\\\/%77%70%2d%63%6f%6e%74%65%6e%74\\\/uploads\\\/2021\\\/01\\\/circulo.png\",\"width\":723,\"height\":731,\"caption\":\"Informe Litoral\"},\"image\":{\"@id\":\"https:\\\/\\\/informelitoral.com.ar\\\/#\\\/schema\\\/logo\\\/image\\\/\"},\"sameAs\":[\"https:\\\/\\\/www.facebook.com\\\/informelitoral\\\/\",\"https:\\\/\\\/x.com\\\/InformeLitoral\",\"https:\\\/\\\/www.instagram.com\\\/informelitoral\\\/\",\"https:\\\/\\\/www.youtube.com\\\/channel\\\/UCua4Qvz8Icb6MYqhoq9xLXw\"]},{\"@type\":\"Person\",\"@id\":\"https:\\\/\\\/informelitoral.com.ar\\\/#\\\/schema\\\/person\\\/f05f9f461677119578717524b127d6d5\",\"name\":\"Sebastian\",\"image\":{\"@type\":\"ImageObject\",\"inLanguage\":\"es\",\"@id\":\"https:\\\/\\\/secure.gravatar.com\\\/avatar\\\/b71bf7481d447dfb9583c7f2798e7cc64de6efb9067b74633ed8c31059a3bd82?s=96&d=mm&r=g\",\"url\":\"https:\\\/\\\/secure.gravatar.com\\\/avatar\\\/b71bf7481d447dfb9583c7f2798e7cc64de6efb9067b74633ed8c31059a3bd82?s=96&d=mm&r=g\",\"contentUrl\":\"https:\\\/\\\/secure.gravatar.com\\\/avatar\\\/b71bf7481d447dfb9583c7f2798e7cc64de6efb9067b74633ed8c31059a3bd82?s=96&d=mm&r=g\",\"caption\":\"Sebastian\"},\"url\":\"https:\\\/\\\/informelitoral.com.ar\\\/author\\\/sebastian\\\/\"}]}<\/script>","yoast_head_json":{"title":"Este martes se re\u00fane la Comisi\u00f3n de Legislaci\u00f3n General - Informe Litoral","robots":{"index":"index","follow":"follow","max-snippet":"max-snippet:-1","max-image-preview":"max-image-preview:large","max-video-preview":"max-video-preview:-1"},"canonical":"https:\/\/informelitoral.com.ar\/este-martes-se-reune-la-comision-de-legislacion-general-2\/","og_locale":"es_ES","og_type":"article","og_title":"Este martes se re\u00fane la Comisi\u00f3n de Legislaci\u00f3n General - Informe Litoral","og_description":"A las 11 horas se reunir\u00e1 la Comisi\u00f3n de Legislaci\u00f3n General de la Honorable C\u00e1mara de Senadores de Entre R\u00edos. Adem\u00e1s, los legisladores est\u00e1n convocados a sesionar los d\u00edas martes, mi\u00e9rcoles y jueves.","og_url":"https:\/\/informelitoral.com.ar\/este-martes-se-reune-la-comision-de-legislacion-general-2\/","og_site_name":"Informe Litoral","article_publisher":"https:\/\/www.facebook.com\/informelitoral\/","article_published_time":"2025-03-17T12:31:13+00:00","article_modified_time":"2025-03-17T23:48:29+00:00","og_image":[{"width":860,"height":573,"url":"https:\/\/informelitoral.com.ar\/%77%70%2d%63%6f%6e%74%65%6e%74\/uploads\/2024\/12\/senado1-1.jpeg","type":"image\/jpeg"}],"author":"Sebastian","twitter_card":"summary_large_image","twitter_creator":"@InformeLitoral","twitter_site":"@InformeLitoral","twitter_misc":{"Escrito por":"Sebastian","Tiempo de lectura":"2 minutos"},"schema":{"@context":"https:\/\/schema.org","@graph":[{"@type":"Article","@id":"https:\/\/informelitoral.com.ar\/este-martes-se-reune-la-comision-de-legislacion-general-2\/#article","isPartOf":{"@id":"https:\/\/informelitoral.com.ar\/este-martes-se-reune-la-comision-de-legislacion-general-2\/"},"author":{"name":"Sebastian","@id":"https:\/\/informelitoral.com.ar\/#\/schema\/person\/f05f9f461677119578717524b127d6d5"},"headline":"Este martes se re\u00fane la Comisi\u00f3n de Legislaci\u00f3n General","datePublished":"2025-03-17T12:31:13+00:00","dateModified":"2025-03-17T23:48:29+00:00","mainEntityOfPage":{"@id":"https:\/\/informelitoral.com.ar\/este-martes-se-reune-la-comision-de-legislacion-general-2\/"},"wordCount":380,"commentCount":0,"publisher":{"@id":"https:\/\/informelitoral.com.ar\/#organization"},"image":{"@id":"https:\/\/informelitoral.com.ar\/este-martes-se-reune-la-comision-de-legislacion-general-2\/#primaryimage"},"thumbnailUrl":"https:\/\/informelitoral.com.ar\/%77%70%2d%63%6f%6e%74%65%6e%74\/uploads\/2024\/12\/senado1-1.jpeg","keywords":["Senado"],"articleSection":["Politica"],"inLanguage":"es","potentialAction":[{"@type":"CommentAction","name":"Comment","target":["https:\/\/informelitoral.com.ar\/este-martes-se-reune-la-comision-de-legislacion-general-2\/#respond"]}]},{"@type":"WebPage","@id":"https:\/\/informelitoral.com.ar\/este-martes-se-reune-la-comision-de-legislacion-general-2\/","url":"https:\/\/informelitoral.com.ar\/este-martes-se-reune-la-comision-de-legislacion-general-2\/","name":"Este martes se re\u00fane la Comisi\u00f3n de Legislaci\u00f3n General - Informe Litoral","isPartOf":{"@id":"https:\/\/informelitoral.com.ar\/#website"},"primaryImageOfPage":{"@id":"https:\/\/informelitoral.com.ar\/este-martes-se-reune-la-comision-de-legislacion-general-2\/#primaryimage"},"image":{"@id":"https:\/\/informelitoral.com.ar\/este-martes-se-reune-la-comision-de-legislacion-general-2\/#primaryimage"},"thumbnailUrl":"https:\/\/informelitoral.com.ar\/%77%70%2d%63%6f%6e%74%65%6e%74\/uploads\/2024\/12\/senado1-1.jpeg","datePublished":"2025-03-17T12:31:13+00:00","dateModified":"2025-03-17T23:48:29+00:00","breadcrumb":{"@id":"https:\/\/informelitoral.com.ar\/este-martes-se-reune-la-comision-de-legislacion-general-2\/#breadcrumb"},"inLanguage":"es","potentialAction":[{"@type":"ReadAction","target":["https:\/\/informelitoral.com.ar\/este-martes-se-reune-la-comision-de-legislacion-general-2\/"]}]},{"@type":"ImageObject","inLanguage":"es","@id":"https:\/\/informelitoral.com.ar\/este-martes-se-reune-la-comision-de-legislacion-general-2\/#primaryimage","url":"https:\/\/informelitoral.com.ar\/%77%70%2d%63%6f%6e%74%65%6e%74\/uploads\/2024\/12\/senado1-1.jpeg","contentUrl":"https:\/\/informelitoral.com.ar\/%77%70%2d%63%6f%6e%74%65%6e%74\/uploads\/2024\/12\/senado1-1.jpeg","width":860,"height":573},{"@type":"BreadcrumbList","@id":"https:\/\/informelitoral.com.ar\/este-martes-se-reune-la-comision-de-legislacion-general-2\/#breadcrumb","itemListElement":[{"@type":"ListItem","position":1,"name":"Portada","item":"https:\/\/informelitoral.com.ar\/"},{"@type":"ListItem","position":2,"name":"Este martes se re\u00fane la Comisi\u00f3n de Legislaci\u00f3n General"}]},{"@type":"WebSite","@id":"https:\/\/informelitoral.com.ar\/#website","url":"https:\/\/informelitoral.com.ar\/","name":"Informe Litoral","description":"&quot;Nos informamos&quot; ","publisher":{"@id":"https:\/\/informelitoral.com.ar\/#organization"},"potentialAction":[{"@type":"SearchAction","target":{"@type":"EntryPoint","urlTemplate":"https:\/\/informelitoral.com.ar\/?s={search_term_string}"},"query-input":{"@type":"PropertyValueSpecification","valueRequired":true,"valueName":"search_term_string"}}],"inLanguage":"es"},{"@type":"Organization","@id":"https:\/\/informelitoral.com.ar\/#organization","name":"Informe Litoral","url":"https:\/\/informelitoral.com.ar\/","logo":{"@type":"ImageObject","inLanguage":"es","@id":"https:\/\/informelitoral.com.ar\/#\/schema\/logo\/image\/","url":"https:\/\/informelitoral.com.ar\/%77%70%2d%63%6f%6e%74%65%6e%74\/uploads\/2021\/01\/circulo.png","contentUrl":"https:\/\/informelitoral.com.ar\/%77%70%2d%63%6f%6e%74%65%6e%74\/uploads\/2021\/01\/circulo.png","width":723,"height":731,"caption":"Informe Litoral"},"image":{"@id":"https:\/\/informelitoral.com.ar\/#\/schema\/logo\/image\/"},"sameAs":["https:\/\/www.facebook.com\/informelitoral\/","https:\/\/x.com\/InformeLitoral","https:\/\/www.instagram.com\/informelitoral\/","https:\/\/www.youtube.com\/channel\/UCua4Qvz8Icb6MYqhoq9xLXw"]},{"@type":"Person","@id":"https:\/\/informelitoral.com.ar\/#\/schema\/person\/f05f9f461677119578717524b127d6d5","name":"Sebastian","image":{"@type":"ImageObject","inLanguage":"es","@id":"https:\/\/secure.gravatar.com\/avatar\/b71bf7481d447dfb9583c7f2798e7cc64de6efb9067b74633ed8c31059a3bd82?s=96&d=mm&r=g","url":"https:\/\/secure.gravatar.com\/avatar\/b71bf7481d447dfb9583c7f2798e7cc64de6efb9067b74633ed8c31059a3bd82?s=96&d=mm&r=g","contentUrl":"https:\/\/secure.gravatar.com\/avatar\/b71bf7481d447dfb9583c7f2798e7cc64de6efb9067b74633ed8c31059a3bd82?s=96&d=mm&r=g","caption":"Sebastian"},"url":"https:\/\/informelitoral.com.ar\/author\/sebastian\/"}]}},"_links":{"self":[{"href":"https:\/\/informelitoral.com.ar\/%77%70%2d%6a%73%6f%6e\/wp\/v2\/posts\/215126","targetHints":{"allow":["GET"]}}],"collection":[{"href":"https:\/\/informelitoral.com.ar\/%77%70%2d%6a%73%6f%6e\/wp\/v2\/posts"}],"about":[{"href":"https:\/\/informelitoral.com.ar\/%77%70%2d%6a%73%6f%6e\/wp\/v2\/types\/post"}],"author":[{"embeddable":true,"href":"https:\/\/informelitoral.com.ar\/%77%70%2d%6a%73%6f%6e\/wp\/v2\/users\/8"}],"replies":[{"embeddable":true,"href":"https:\/\/informelitoral.com.ar\/%77%70%2d%6a%73%6f%6e\/wp\/v2\/comments?post=215126"}],"version-history":[{"count":0,"href":"https:\/\/informelitoral.com.ar\/%77%70%2d%6a%73%6f%6e\/wp\/v2\/posts\/215126\/revisions"}],"wp:featuredmedia":[{"embeddable":true,"href":"https:\/\/informelitoral.com.ar\/%77%70%2d%6a%73%6f%6e\/wp\/v2\/media\/207600"}],"wp:attachment":[{"href":"https:\/\/informelitoral.com.ar\/%77%70%2d%6a%73%6f%6e\/wp\/v2\/media?parent=215126"}],"wp:term":[{"taxonomy":"category","embeddable":true,"href":"https:\/\/informelitoral.com.ar\/%77%70%2d%6a%73%6f%6e\/wp\/v2\/categories?post=215126"},{"taxonomy":"post_tag","embeddable":true,"href":"https:\/\/informelitoral.com.ar\/%77%70%2d%6a%73%6f%6e\/wp\/v2\/tags?post=215126"}],"curies":[{"name":"wp","href":"https:\/\/api.w.org\/{rel}","templated":true}]}}