{"id":2151,"date":"2013-06-13T09:33:19","date_gmt":"2013-06-13T12:33:19","guid":{"rendered":"http:\/\/www.isletasnoticias.com.ar\/?p=2151"},"modified":"2013-06-13T09:33:19","modified_gmt":"2013-06-13T12:33:19","slug":"se-abonaran-los-aportes-anuales-a-las-asociaciones-de-bomberos-voluntarios-de-la-provincia","status":"publish","type":"post","link":"https:\/\/informelitoral.com.ar\/se-abonaran-los-aportes-anuales-a-las-asociaciones-de-bomberos-voluntarios-de-la-provincia\/","title":{"rendered":"Se abonar\u00e1n los aportes anuales a las Asociaciones de Bomberos Voluntarios de la provincia"},"content":{"rendered":"<div><strong>\u00a0 Desde el Ministerio de Gobierno se inform\u00f3 que a partir de este jueves 13 de junio estar\u00e1n a disposici\u00f3n los subsidios anuales que reciben las Asociaciones de Bomberos Voluntarios de toda la provincia en virtud de lo que establece la Ley Provincial N\u00ba 8105. Esto se c<strong>omplementa con el financiamiento, por parte del gobierno provincial, en cuanto al pago de los seguros de vida, de los m\u00f3viles y por accidente.<\/strong><\/strong><\/div>\n<div><strong><a href=\"http:\/\/www.isletasnoticias.com.ar\/%77%70%2d%63%6f%6e%74%65%6e%74\/uploads\/2013\/06\/gobierno.jpg\"><img loading=\"lazy\" decoding=\"async\" class=\"size-medium wp-image-2152 alignright\" alt=\"gobierno\" src=\"http:\/\/www.isletasnoticias.com.ar\/%77%70%2d%63%6f%6e%74%65%6e%74\/uploads\/2013\/06\/gobierno-300x200.jpg\" width=\"300\" height=\"200\" srcset=\"https:\/\/informelitoral.com.ar\/%77%70%2d%63%6f%6e%74%65%6e%74\/uploads\/2013\/06\/gobierno-300x200.jpg 300w, https:\/\/informelitoral.com.ar\/%77%70%2d%63%6f%6e%74%65%6e%74\/uploads\/2013\/06\/gobierno.jpg 492w\" sizes=\"auto, (max-width: 300px) 100vw, 300px\" \/><\/a><\/strong><\/div>\n<div><\/div>\n<div>\u201cSe est\u00e1 cumpliendo, como todos los a\u00f1os, en los compromisos asumidos con las Asociaciones de Bomberos Voluntarios, federadas y no federadas, de toda la provincia\u201d manifest\u00f3 el director de Defensa Civil, <strong>Roberto Destril,<\/strong> al tiempo que explic\u00f3 que: \u201cTal como lo prev\u00e9 la Ley Provincial N\u00ba 8105 se encuentra a disposici\u00f3n, a partir de ma\u00f1ana jueves, los subsidios que tal reglamentaci\u00f3n expresa\u201d.<\/p>\n<p>\u201cSe trata de aportes por 204.200 pesos a las 41 Asociaciones de Bomberos Voluntarios de todo el territorio provincial\u201d explic\u00f3 Destri.<\/p>\n<p>El funcionario provincial tambi\u00e9n coment\u00f3 que desde el gobierno provincial se contin\u00faa abonando los seguros de vida del personal, y los seguros de los autom\u00f3viles y en caso de accidentes.<\/p>\n<p><b>Refuerzo anual<\/b><\/div>\n<p>Cabe destacar que todos los a\u00f1os, adem\u00e1s del aporte establecido por Ley, el gobierno de la provincial a dispuesto otro subsidio: \u201cSe trata de un aporte extraordinario de importe similar al que establece la ley y que se abona todos los a\u00f1os. Este refuerzo es una pol\u00edtica de Estado de esta gesti\u00f3n como una medida de colaboraci\u00f3n a las asociaciones de bomberos voluntarios\u201d explic\u00f3 Destri.<\/p>\n<p><b>Reuni\u00f3n con Bah<\/b>l<br \/>\nAdem\u00e1s se record\u00f3 que a ra\u00edz del pedido de audiencia al gobierno de la provincia, el ministro de Gobierno,<strong> Ad\u00e1n Bahl<\/strong>, junto a Destri los recibir\u00e1 el pr\u00f3ximo lunes 17 a las 12:00, en Casa de Gobierno.<\/p>\n","protected":false},"excerpt":{"rendered":"<p>&nbsp; Desde el Ministerio de Gobierno se inform&oacute; que a partir de este jueves 13 de junio estar&aacute;n a disposici&oacute;n los subsidios anuales que reciben las Asociaciones de Bomberos Voluntarios de toda la provincia en virtud de lo que establece la Ley Provincial N&ordm; 8105. Esto se complementa con el financiamiento, por parte del gobierno [&hellip;]<\/p>\n","protected":false},"author":2,"featured_media":0,"comment_status":"open","ping_status":"open","sticky":false,"template":"","format":"standard","meta":{"fifu_image_url":"","fifu_image_alt":"","footnotes":""},"categories":[6],"tags":[],"class_list":{"0":"post-2151","1":"post","2":"type-post","3":"status-publish","4":"format-standard","6":"category-entre-rios"},"yoast_head":"<title>Se abonar\u00e1n los aportes anuales a las Asociaciones de Bomberos Voluntarios de la provincia - Informe Litoral<\/title>\n<meta name=\"robots\" content=\"index, follow, max-snippet:-1, max-image-preview:large, max-video-preview:-1\" \/>\n<link rel=\"canonical\" href=\"https:\/\/informelitoral.com.ar\/se-abonaran-los-aportes-anuales-a-las-asociaciones-de-bomberos-voluntarios-de-la-provincia\/\" \/>\n<meta property=\"og:locale\" content=\"es_ES\" \/>\n<meta property=\"og:type\" content=\"article\" \/>\n<meta property=\"og:title\" content=\"Se abonar\u00e1n los aportes anuales a las Asociaciones de Bomberos Voluntarios de la provincia - Informe Litoral\" \/>\n<meta property=\"og:description\" content=\"&nbsp; Desde el Ministerio de Gobierno se inform&oacute; que a partir de este jueves 13 de junio estar&aacute;n a disposici&oacute;n los subsidios anuales que reciben las Asociaciones de Bomberos Voluntarios de toda la provincia en virtud de lo que establece la Ley Provincial N&ordm; 8105. Esto se complementa con el financiamiento, por parte del gobierno [&hellip;]\" \/>\n<meta property=\"og:url\" content=\"https:\/\/informelitoral.com.ar\/se-abonaran-los-aportes-anuales-a-las-asociaciones-de-bomberos-voluntarios-de-la-provincia\/\" \/>\n<meta property=\"og:site_name\" content=\"Informe Litoral\" \/>\n<meta property=\"article:publisher\" content=\"https:\/\/www.facebook.com\/informelitoral\/\" \/>\n<meta property=\"article:published_time\" content=\"2013-06-13T12:33:19+00:00\" \/>\n<meta property=\"og:image\" content=\"https:\/\/informelitoral.com.ar\/%77%70%2d%63%6f%6e%74%65%6e%74\/uploads\/2013\/06\/gobierno.jpg\" \/>\n\t<meta property=\"og:image:width\" content=\"492\" \/>\n\t<meta property=\"og:image:height\" content=\"328\" \/>\n\t<meta property=\"og:image:type\" content=\"image\/jpeg\" \/>\n<meta name=\"author\" content=\"Gonzalo Schmidt\" \/>\n<meta name=\"twitter:card\" content=\"summary_large_image\" \/>\n<meta name=\"twitter:creator\" content=\"@InformeLitoral\" \/>\n<meta name=\"twitter:site\" content=\"@InformeLitoral\" \/>\n<meta name=\"twitter:label1\" content=\"Escrito por\" \/>\n\t<meta name=\"twitter:data1\" content=\"Gonzalo Schmidt\" \/>\n\t<meta name=\"twitter:label2\" content=\"Tiempo de lectura\" \/>\n\t<meta name=\"twitter:data2\" content=\"2 minutos\" \/>\n<script type=\"application\/ld+json\" class=\"yoast-schema-graph\">{\"@context\":\"https:\\\/\\\/schema.org\",\"@graph\":[{\"@type\":\"Article\",\"@id\":\"https:\\\/\\\/informelitoral.com.ar\\\/se-abonaran-los-aportes-anuales-a-las-asociaciones-de-bomberos-voluntarios-de-la-provincia\\\/#article\",\"isPartOf\":{\"@id\":\"https:\\\/\\\/informelitoral.com.ar\\\/se-abonaran-los-aportes-anuales-a-las-asociaciones-de-bomberos-voluntarios-de-la-provincia\\\/\"},\"author\":{\"name\":\"Gonzalo Schmidt\",\"@id\":\"https:\\\/\\\/informelitoral.com.ar\\\/#\\\/schema\\\/person\\\/b9d00407c836482871ef1d57bf8e3180\"},\"headline\":\"Se abonar\u00e1n los aportes anuales a las Asociaciones de Bomberos Voluntarios de la provincia\",\"datePublished\":\"2013-06-13T12:33:19+00:00\",\"mainEntityOfPage\":{\"@id\":\"https:\\\/\\\/informelitoral.com.ar\\\/se-abonaran-los-aportes-anuales-a-las-asociaciones-de-bomberos-voluntarios-de-la-provincia\\\/\"},\"wordCount\":319,\"commentCount\":0,\"publisher\":{\"@id\":\"https:\\\/\\\/informelitoral.com.ar\\\/#organization\"},\"image\":{\"@id\":\"https:\\\/\\\/informelitoral.com.ar\\\/se-abonaran-los-aportes-anuales-a-las-asociaciones-de-bomberos-voluntarios-de-la-provincia\\\/#primaryimage\"},\"thumbnailUrl\":\"http:\\\/\\\/www.isletasnoticias.com.ar\\\/%77%70%2d%63%6f%6e%74%65%6e%74\\\/uploads\\\/2013\\\/06\\\/gobierno-300x200.jpg\",\"articleSection\":[\"Entre R\u00edos\"],\"inLanguage\":\"es\",\"potentialAction\":[{\"@type\":\"CommentAction\",\"name\":\"Comment\",\"target\":[\"https:\\\/\\\/informelitoral.com.ar\\\/se-abonaran-los-aportes-anuales-a-las-asociaciones-de-bomberos-voluntarios-de-la-provincia\\\/#respond\"]}]},{\"@type\":\"WebPage\",\"@id\":\"https:\\\/\\\/informelitoral.com.ar\\\/se-abonaran-los-aportes-anuales-a-las-asociaciones-de-bomberos-voluntarios-de-la-provincia\\\/\",\"url\":\"https:\\\/\\\/informelitoral.com.ar\\\/se-abonaran-los-aportes-anuales-a-las-asociaciones-de-bomberos-voluntarios-de-la-provincia\\\/\",\"name\":\"Se abonar\u00e1n los aportes anuales a las Asociaciones de Bomberos Voluntarios de la provincia - Informe Litoral\",\"isPartOf\":{\"@id\":\"https:\\\/\\\/informelitoral.com.ar\\\/#website\"},\"primaryImageOfPage\":{\"@id\":\"https:\\\/\\\/informelitoral.com.ar\\\/se-abonaran-los-aportes-anuales-a-las-asociaciones-de-bomberos-voluntarios-de-la-provincia\\\/#primaryimage\"},\"image\":{\"@id\":\"https:\\\/\\\/informelitoral.com.ar\\\/se-abonaran-los-aportes-anuales-a-las-asociaciones-de-bomberos-voluntarios-de-la-provincia\\\/#primaryimage\"},\"thumbnailUrl\":\"http:\\\/\\\/www.isletasnoticias.com.ar\\\/%77%70%2d%63%6f%6e%74%65%6e%74\\\/uploads\\\/2013\\\/06\\\/gobierno-300x200.jpg\",\"datePublished\":\"2013-06-13T12:33:19+00:00\",\"breadcrumb\":{\"@id\":\"https:\\\/\\\/informelitoral.com.ar\\\/se-abonaran-los-aportes-anuales-a-las-asociaciones-de-bomberos-voluntarios-de-la-provincia\\\/#breadcrumb\"},\"inLanguage\":\"es\",\"potentialAction\":[{\"@type\":\"ReadAction\",\"target\":[\"https:\\\/\\\/informelitoral.com.ar\\\/se-abonaran-los-aportes-anuales-a-las-asociaciones-de-bomberos-voluntarios-de-la-provincia\\\/\"]}]},{\"@type\":\"ImageObject\",\"inLanguage\":\"es\",\"@id\":\"https:\\\/\\\/informelitoral.com.ar\\\/se-abonaran-los-aportes-anuales-a-las-asociaciones-de-bomberos-voluntarios-de-la-provincia\\\/#primaryimage\",\"url\":\"http:\\\/\\\/www.isletasnoticias.com.ar\\\/%77%70%2d%63%6f%6e%74%65%6e%74\\\/uploads\\\/2013\\\/06\\\/gobierno-300x200.jpg\",\"contentUrl\":\"http:\\\/\\\/www.isletasnoticias.com.ar\\\/%77%70%2d%63%6f%6e%74%65%6e%74\\\/uploads\\\/2013\\\/06\\\/gobierno-300x200.jpg\"},{\"@type\":\"BreadcrumbList\",\"@id\":\"https:\\\/\\\/informelitoral.com.ar\\\/se-abonaran-los-aportes-anuales-a-las-asociaciones-de-bomberos-voluntarios-de-la-provincia\\\/#breadcrumb\",\"itemListElement\":[{\"@type\":\"ListItem\",\"position\":1,\"name\":\"Portada\",\"item\":\"https:\\\/\\\/informelitoral.com.ar\\\/\"},{\"@type\":\"ListItem\",\"position\":2,\"name\":\"Se abonar\u00e1n los aportes anuales a las Asociaciones de Bomberos Voluntarios de la provincia\"}]},{\"@type\":\"WebSite\",\"@id\":\"https:\\\/\\\/informelitoral.com.ar\\\/#website\",\"url\":\"https:\\\/\\\/informelitoral.com.ar\\\/\",\"name\":\"Informe Litoral\",\"description\":\"&quot;Nos informamos&quot; \",\"publisher\":{\"@id\":\"https:\\\/\\\/informelitoral.com.ar\\\/#organization\"},\"potentialAction\":[{\"@type\":\"SearchAction\",\"target\":{\"@type\":\"EntryPoint\",\"urlTemplate\":\"https:\\\/\\\/informelitoral.com.ar\\\/?s={search_term_string}\"},\"query-input\":{\"@type\":\"PropertyValueSpecification\",\"valueRequired\":true,\"valueName\":\"search_term_string\"}}],\"inLanguage\":\"es\"},{\"@type\":\"Organization\",\"@id\":\"https:\\\/\\\/informelitoral.com.ar\\\/#organization\",\"name\":\"Informe Litoral\",\"url\":\"https:\\\/\\\/informelitoral.com.ar\\\/\",\"logo\":{\"@type\":\"ImageObject\",\"inLanguage\":\"es\",\"@id\":\"https:\\\/\\\/informelitoral.com.ar\\\/#\\\/schema\\\/logo\\\/image\\\/\",\"url\":\"https:\\\/\\\/informelitoral.com.ar\\\/%77%70%2d%63%6f%6e%74%65%6e%74\\\/uploads\\\/2021\\\/01\\\/circulo.png\",\"contentUrl\":\"https:\\\/\\\/informelitoral.com.ar\\\/%77%70%2d%63%6f%6e%74%65%6e%74\\\/uploads\\\/2021\\\/01\\\/circulo.png\",\"width\":723,\"height\":731,\"caption\":\"Informe Litoral\"},\"image\":{\"@id\":\"https:\\\/\\\/informelitoral.com.ar\\\/#\\\/schema\\\/logo\\\/image\\\/\"},\"sameAs\":[\"https:\\\/\\\/www.facebook.com\\\/informelitoral\\\/\",\"https:\\\/\\\/x.com\\\/InformeLitoral\",\"https:\\\/\\\/www.instagram.com\\\/informelitoral\\\/\",\"https:\\\/\\\/www.youtube.com\\\/channel\\\/UCua4Qvz8Icb6MYqhoq9xLXw\"]},{\"@type\":\"Person\",\"@id\":\"https:\\\/\\\/informelitoral.com.ar\\\/#\\\/schema\\\/person\\\/b9d00407c836482871ef1d57bf8e3180\",\"name\":\"Gonzalo Schmidt\",\"image\":{\"@type\":\"ImageObject\",\"inLanguage\":\"es\",\"@id\":\"https:\\\/\\\/secure.gravatar.com\\\/avatar\\\/31a1a7b66ff2de83bd0e9fd79d026630d2d99e55e8bfe501287647b4fd9743de?s=96&d=mm&r=g\",\"url\":\"https:\\\/\\\/secure.gravatar.com\\\/avatar\\\/31a1a7b66ff2de83bd0e9fd79d026630d2d99e55e8bfe501287647b4fd9743de?s=96&d=mm&r=g\",\"contentUrl\":\"https:\\\/\\\/secure.gravatar.com\\\/avatar\\\/31a1a7b66ff2de83bd0e9fd79d026630d2d99e55e8bfe501287647b4fd9743de?s=96&d=mm&r=g\",\"caption\":\"Gonzalo Schmidt\"},\"description\":\"Sitio web de noticias de la provincia de Entre R\u00edos, Argentina. Informaci\u00f3n y entretenimiento. Informe Litoral, nos informamos.\",\"sameAs\":[\"http:\\\/\\\/www.isletasnoticias.com.ar\"],\"url\":\"https:\\\/\\\/informelitoral.com.ar\\\/author\\\/gonzalo\\\/\"}]}<\/script>","yoast_head_json":{"title":"Se abonar\u00e1n los aportes anuales a las Asociaciones de Bomberos Voluntarios de la provincia - Informe Litoral","robots":{"index":"index","follow":"follow","max-snippet":"max-snippet:-1","max-image-preview":"max-image-preview:large","max-video-preview":"max-video-preview:-1"},"canonical":"https:\/\/informelitoral.com.ar\/se-abonaran-los-aportes-anuales-a-las-asociaciones-de-bomberos-voluntarios-de-la-provincia\/","og_locale":"es_ES","og_type":"article","og_title":"Se abonar\u00e1n los aportes anuales a las Asociaciones de Bomberos Voluntarios de la provincia - Informe Litoral","og_description":"&nbsp; Desde el Ministerio de Gobierno se inform&oacute; que a partir de este jueves 13 de junio estar&aacute;n a disposici&oacute;n los subsidios anuales que reciben las Asociaciones de Bomberos Voluntarios de toda la provincia en virtud de lo que establece la Ley Provincial N&ordm; 8105. Esto se complementa con el financiamiento, por parte del gobierno [&hellip;]","og_url":"https:\/\/informelitoral.com.ar\/se-abonaran-los-aportes-anuales-a-las-asociaciones-de-bomberos-voluntarios-de-la-provincia\/","og_site_name":"Informe Litoral","article_publisher":"https:\/\/www.facebook.com\/informelitoral\/","article_published_time":"2013-06-13T12:33:19+00:00","og_image":[{"width":492,"height":328,"url":"https:\/\/informelitoral.com.ar\/%77%70%2d%63%6f%6e%74%65%6e%74\/uploads\/2013\/06\/gobierno.jpg","type":"image\/jpeg"}],"author":"Gonzalo Schmidt","twitter_card":"summary_large_image","twitter_creator":"@InformeLitoral","twitter_site":"@InformeLitoral","twitter_misc":{"Escrito por":"Gonzalo Schmidt","Tiempo de lectura":"2 minutos"},"schema":{"@context":"https:\/\/schema.org","@graph":[{"@type":"Article","@id":"https:\/\/informelitoral.com.ar\/se-abonaran-los-aportes-anuales-a-las-asociaciones-de-bomberos-voluntarios-de-la-provincia\/#article","isPartOf":{"@id":"https:\/\/informelitoral.com.ar\/se-abonaran-los-aportes-anuales-a-las-asociaciones-de-bomberos-voluntarios-de-la-provincia\/"},"author":{"name":"Gonzalo Schmidt","@id":"https:\/\/informelitoral.com.ar\/#\/schema\/person\/b9d00407c836482871ef1d57bf8e3180"},"headline":"Se abonar\u00e1n los aportes anuales a las Asociaciones de Bomberos Voluntarios de la provincia","datePublished":"2013-06-13T12:33:19+00:00","mainEntityOfPage":{"@id":"https:\/\/informelitoral.com.ar\/se-abonaran-los-aportes-anuales-a-las-asociaciones-de-bomberos-voluntarios-de-la-provincia\/"},"wordCount":319,"commentCount":0,"publisher":{"@id":"https:\/\/informelitoral.com.ar\/#organization"},"image":{"@id":"https:\/\/informelitoral.com.ar\/se-abonaran-los-aportes-anuales-a-las-asociaciones-de-bomberos-voluntarios-de-la-provincia\/#primaryimage"},"thumbnailUrl":"http:\/\/www.isletasnoticias.com.ar\/%77%70%2d%63%6f%6e%74%65%6e%74\/uploads\/2013\/06\/gobierno-300x200.jpg","articleSection":["Entre R\u00edos"],"inLanguage":"es","potentialAction":[{"@type":"CommentAction","name":"Comment","target":["https:\/\/informelitoral.com.ar\/se-abonaran-los-aportes-anuales-a-las-asociaciones-de-bomberos-voluntarios-de-la-provincia\/#respond"]}]},{"@type":"WebPage","@id":"https:\/\/informelitoral.com.ar\/se-abonaran-los-aportes-anuales-a-las-asociaciones-de-bomberos-voluntarios-de-la-provincia\/","url":"https:\/\/informelitoral.com.ar\/se-abonaran-los-aportes-anuales-a-las-asociaciones-de-bomberos-voluntarios-de-la-provincia\/","name":"Se abonar\u00e1n los aportes anuales a las Asociaciones de Bomberos Voluntarios de la provincia - Informe Litoral","isPartOf":{"@id":"https:\/\/informelitoral.com.ar\/#website"},"primaryImageOfPage":{"@id":"https:\/\/informelitoral.com.ar\/se-abonaran-los-aportes-anuales-a-las-asociaciones-de-bomberos-voluntarios-de-la-provincia\/#primaryimage"},"image":{"@id":"https:\/\/informelitoral.com.ar\/se-abonaran-los-aportes-anuales-a-las-asociaciones-de-bomberos-voluntarios-de-la-provincia\/#primaryimage"},"thumbnailUrl":"http:\/\/www.isletasnoticias.com.ar\/%77%70%2d%63%6f%6e%74%65%6e%74\/uploads\/2013\/06\/gobierno-300x200.jpg","datePublished":"2013-06-13T12:33:19+00:00","breadcrumb":{"@id":"https:\/\/informelitoral.com.ar\/se-abonaran-los-aportes-anuales-a-las-asociaciones-de-bomberos-voluntarios-de-la-provincia\/#breadcrumb"},"inLanguage":"es","potentialAction":[{"@type":"ReadAction","target":["https:\/\/informelitoral.com.ar\/se-abonaran-los-aportes-anuales-a-las-asociaciones-de-bomberos-voluntarios-de-la-provincia\/"]}]},{"@type":"ImageObject","inLanguage":"es","@id":"https:\/\/informelitoral.com.ar\/se-abonaran-los-aportes-anuales-a-las-asociaciones-de-bomberos-voluntarios-de-la-provincia\/#primaryimage","url":"http:\/\/www.isletasnoticias.com.ar\/%77%70%2d%63%6f%6e%74%65%6e%74\/uploads\/2013\/06\/gobierno-300x200.jpg","contentUrl":"http:\/\/www.isletasnoticias.com.ar\/%77%70%2d%63%6f%6e%74%65%6e%74\/uploads\/2013\/06\/gobierno-300x200.jpg"},{"@type":"BreadcrumbList","@id":"https:\/\/informelitoral.com.ar\/se-abonaran-los-aportes-anuales-a-las-asociaciones-de-bomberos-voluntarios-de-la-provincia\/#breadcrumb","itemListElement":[{"@type":"ListItem","position":1,"name":"Portada","item":"https:\/\/informelitoral.com.ar\/"},{"@type":"ListItem","position":2,"name":"Se abonar\u00e1n los aportes anuales a las Asociaciones de Bomberos Voluntarios de la provincia"}]},{"@type":"WebSite","@id":"https:\/\/informelitoral.com.ar\/#website","url":"https:\/\/informelitoral.com.ar\/","name":"Informe Litoral","description":"&quot;Nos informamos&quot; ","publisher":{"@id":"https:\/\/informelitoral.com.ar\/#organization"},"potentialAction":[{"@type":"SearchAction","target":{"@type":"EntryPoint","urlTemplate":"https:\/\/informelitoral.com.ar\/?s={search_term_string}"},"query-input":{"@type":"PropertyValueSpecification","valueRequired":true,"valueName":"search_term_string"}}],"inLanguage":"es"},{"@type":"Organization","@id":"https:\/\/informelitoral.com.ar\/#organization","name":"Informe Litoral","url":"https:\/\/informelitoral.com.ar\/","logo":{"@type":"ImageObject","inLanguage":"es","@id":"https:\/\/informelitoral.com.ar\/#\/schema\/logo\/image\/","url":"https:\/\/informelitoral.com.ar\/%77%70%2d%63%6f%6e%74%65%6e%74\/uploads\/2021\/01\/circulo.png","contentUrl":"https:\/\/informelitoral.com.ar\/%77%70%2d%63%6f%6e%74%65%6e%74\/uploads\/2021\/01\/circulo.png","width":723,"height":731,"caption":"Informe Litoral"},"image":{"@id":"https:\/\/informelitoral.com.ar\/#\/schema\/logo\/image\/"},"sameAs":["https:\/\/www.facebook.com\/informelitoral\/","https:\/\/x.com\/InformeLitoral","https:\/\/www.instagram.com\/informelitoral\/","https:\/\/www.youtube.com\/channel\/UCua4Qvz8Icb6MYqhoq9xLXw"]},{"@type":"Person","@id":"https:\/\/informelitoral.com.ar\/#\/schema\/person\/b9d00407c836482871ef1d57bf8e3180","name":"Gonzalo Schmidt","image":{"@type":"ImageObject","inLanguage":"es","@id":"https:\/\/secure.gravatar.com\/avatar\/31a1a7b66ff2de83bd0e9fd79d026630d2d99e55e8bfe501287647b4fd9743de?s=96&d=mm&r=g","url":"https:\/\/secure.gravatar.com\/avatar\/31a1a7b66ff2de83bd0e9fd79d026630d2d99e55e8bfe501287647b4fd9743de?s=96&d=mm&r=g","contentUrl":"https:\/\/secure.gravatar.com\/avatar\/31a1a7b66ff2de83bd0e9fd79d026630d2d99e55e8bfe501287647b4fd9743de?s=96&d=mm&r=g","caption":"Gonzalo Schmidt"},"description":"Sitio web de noticias de la provincia de Entre R\u00edos, Argentina. Informaci\u00f3n y entretenimiento. Informe Litoral, nos informamos.","sameAs":["http:\/\/www.isletasnoticias.com.ar"],"url":"https:\/\/informelitoral.com.ar\/author\/gonzalo\/"}]}},"_links":{"self":[{"href":"https:\/\/informelitoral.com.ar\/%77%70%2d%6a%73%6f%6e\/wp\/v2\/posts\/2151","targetHints":{"allow":["GET"]}}],"collection":[{"href":"https:\/\/informelitoral.com.ar\/%77%70%2d%6a%73%6f%6e\/wp\/v2\/posts"}],"about":[{"href":"https:\/\/informelitoral.com.ar\/%77%70%2d%6a%73%6f%6e\/wp\/v2\/types\/post"}],"author":[{"embeddable":true,"href":"https:\/\/informelitoral.com.ar\/%77%70%2d%6a%73%6f%6e\/wp\/v2\/users\/2"}],"replies":[{"embeddable":true,"href":"https:\/\/informelitoral.com.ar\/%77%70%2d%6a%73%6f%6e\/wp\/v2\/comments?post=2151"}],"version-history":[{"count":0,"href":"https:\/\/informelitoral.com.ar\/%77%70%2d%6a%73%6f%6e\/wp\/v2\/posts\/2151\/revisions"}],"wp:attachment":[{"href":"https:\/\/informelitoral.com.ar\/%77%70%2d%6a%73%6f%6e\/wp\/v2\/media?parent=2151"}],"wp:term":[{"taxonomy":"category","embeddable":true,"href":"https:\/\/informelitoral.com.ar\/%77%70%2d%6a%73%6f%6e\/wp\/v2\/categories?post=2151"},{"taxonomy":"post_tag","embeddable":true,"href":"https:\/\/informelitoral.com.ar\/%77%70%2d%6a%73%6f%6e\/wp\/v2\/tags?post=2151"}],"curies":[{"name":"wp","href":"https:\/\/api.w.org\/{rel}","templated":true}]}}