{"id":214852,"date":"2025-03-14T15:08:07","date_gmt":"2025-03-14T18:08:07","guid":{"rendered":"https:\/\/informelitoral.com.ar\/?p=214852"},"modified":"2025-03-14T15:08:07","modified_gmt":"2025-03-14T18:08:07","slug":"paritaria-el-gobierno-y-los-gremios-estatales-se-reuniran-el-proximo-martes","status":"publish","type":"post","link":"https:\/\/informelitoral.com.ar\/paritaria-el-gobierno-y-los-gremios-estatales-se-reuniran-el-proximo-martes\/","title":{"rendered":"Paritaria: el gobierno y los gremios estatales se reunir\u00e1n el pr\u00f3ximo martes"},"content":{"rendered":"<p>El miembro paritario Abelardo Del Prado, jefe de Gabinete del Ministerio de Gobierno, destac\u00f3 que \u00abgarantizamos el blindaje contra la inflaci\u00f3n para el resto del semestre, pero pedimos un cuarto intermedio para seguir trabajando sobre una propuesta general que responda a la mayor cantidad a de puntos que presentaron los gremios\u00bb.<\/p>\n<p>En este marco, se acord\u00f3 entre el Ejecutivo y la Uni\u00f3n del Personal Civil de la Naci\u00f3n y la Asociaci\u00f3n de Trabajadores del Estado pasar a un cuarto intermedio para el martes 18, a las 17.<\/p>\n","protected":false},"excerpt":{"rendered":"<p>El gobierno y los gremios Upcn y ATE acordaron pasar a un nuevo cuarto intermedio hasta el pr\u00f3ximo martes 18 de marzo. El Ejecutivo continuar\u00e1 trabajando una propuesta.<\/p>\n","protected":false},"author":8,"featured_media":205639,"comment_status":"open","ping_status":"open","sticky":false,"template":"","format":"standard","meta":{"fifu_image_url":"","fifu_image_alt":"","footnotes":""},"categories":[6],"tags":[211,1227],"class_list":{"0":"post-214852","1":"post","2":"type-post","3":"status-publish","4":"format-standard","5":"has-post-thumbnail","7":"category-entre-rios","8":"tag-estatales","9":"tag-paritaria"},"yoast_head":"<title>Paritaria: el gobierno y los gremios estatales se reunir\u00e1n el pr\u00f3ximo martes - Informe Litoral<\/title>\n<meta name=\"robots\" content=\"index, follow, max-snippet:-1, max-image-preview:large, max-video-preview:-1\" \/>\n<link rel=\"canonical\" href=\"https:\/\/informelitoral.com.ar\/paritaria-el-gobierno-y-los-gremios-estatales-se-reuniran-el-proximo-martes\/\" \/>\n<meta property=\"og:locale\" content=\"es_ES\" \/>\n<meta property=\"og:type\" content=\"article\" \/>\n<meta property=\"og:title\" content=\"Paritaria: el gobierno y los gremios estatales se reunir\u00e1n el pr\u00f3ximo martes - Informe Litoral\" \/>\n<meta property=\"og:description\" content=\"El gobierno y los gremios Upcn y ATE acordaron pasar a un nuevo cuarto intermedio hasta el pr\u00f3ximo martes 18 de marzo. El Ejecutivo continuar\u00e1 trabajando una propuesta.\" \/>\n<meta property=\"og:url\" content=\"https:\/\/informelitoral.com.ar\/paritaria-el-gobierno-y-los-gremios-estatales-se-reuniran-el-proximo-martes\/\" \/>\n<meta property=\"og:site_name\" content=\"Informe Litoral\" \/>\n<meta property=\"article:publisher\" content=\"https:\/\/www.facebook.com\/informelitoral\/\" \/>\n<meta property=\"article:published_time\" content=\"2025-03-14T18:08:07+00:00\" \/>\n<meta property=\"og:image\" content=\"https:\/\/informelitoral.com.ar\/%77%70%2d%63%6f%6e%74%65%6e%74\/uploads\/2024\/12\/paritarias-estatales-2.10.webp\" \/>\n\t<meta property=\"og:image:width\" content=\"696\" \/>\n\t<meta property=\"og:image:height\" content=\"464\" \/>\n\t<meta property=\"og:image:type\" content=\"image\/webp\" \/>\n<meta name=\"author\" content=\"Sebastian\" \/>\n<meta name=\"twitter:card\" content=\"summary_large_image\" \/>\n<meta name=\"twitter:creator\" content=\"@InformeLitoral\" \/>\n<meta name=\"twitter:site\" content=\"@InformeLitoral\" \/>\n<meta name=\"twitter:label1\" content=\"Escrito por\" \/>\n\t<meta name=\"twitter:data1\" content=\"Sebastian\" \/>\n<script type=\"application\/ld+json\" class=\"yoast-schema-graph\">{\"@context\":\"https:\\\/\\\/schema.org\",\"@graph\":[{\"@type\":\"Article\",\"@id\":\"https:\\\/\\\/informelitoral.com.ar\\\/paritaria-el-gobierno-y-los-gremios-estatales-se-reuniran-el-proximo-martes\\\/#article\",\"isPartOf\":{\"@id\":\"https:\\\/\\\/informelitoral.com.ar\\\/paritaria-el-gobierno-y-los-gremios-estatales-se-reuniran-el-proximo-martes\\\/\"},\"author\":{\"name\":\"Sebastian\",\"@id\":\"https:\\\/\\\/informelitoral.com.ar\\\/#\\\/schema\\\/person\\\/f05f9f461677119578717524b127d6d5\"},\"headline\":\"Paritaria: el gobierno y los gremios estatales se reunir\u00e1n el pr\u00f3ximo martes\",\"datePublished\":\"2025-03-14T18:08:07+00:00\",\"mainEntityOfPage\":{\"@id\":\"https:\\\/\\\/informelitoral.com.ar\\\/paritaria-el-gobierno-y-los-gremios-estatales-se-reuniran-el-proximo-martes\\\/\"},\"wordCount\":103,\"commentCount\":0,\"publisher\":{\"@id\":\"https:\\\/\\\/informelitoral.com.ar\\\/#organization\"},\"image\":{\"@id\":\"https:\\\/\\\/informelitoral.com.ar\\\/paritaria-el-gobierno-y-los-gremios-estatales-se-reuniran-el-proximo-martes\\\/#primaryimage\"},\"thumbnailUrl\":\"https:\\\/\\\/informelitoral.com.ar\\\/%77%70%2d%63%6f%6e%74%65%6e%74\\\/uploads\\\/2024\\\/12\\\/paritarias-estatales-2.10.webp\",\"keywords\":[\"Estatales\",\"Paritaria\"],\"articleSection\":[\"Entre R\u00edos\"],\"inLanguage\":\"es\",\"potentialAction\":[{\"@type\":\"CommentAction\",\"name\":\"Comment\",\"target\":[\"https:\\\/\\\/informelitoral.com.ar\\\/paritaria-el-gobierno-y-los-gremios-estatales-se-reuniran-el-proximo-martes\\\/#respond\"]}]},{\"@type\":\"WebPage\",\"@id\":\"https:\\\/\\\/informelitoral.com.ar\\\/paritaria-el-gobierno-y-los-gremios-estatales-se-reuniran-el-proximo-martes\\\/\",\"url\":\"https:\\\/\\\/informelitoral.com.ar\\\/paritaria-el-gobierno-y-los-gremios-estatales-se-reuniran-el-proximo-martes\\\/\",\"name\":\"Paritaria: el gobierno y los gremios estatales se reunir\u00e1n el pr\u00f3ximo martes - Informe Litoral\",\"isPartOf\":{\"@id\":\"https:\\\/\\\/informelitoral.com.ar\\\/#website\"},\"primaryImageOfPage\":{\"@id\":\"https:\\\/\\\/informelitoral.com.ar\\\/paritaria-el-gobierno-y-los-gremios-estatales-se-reuniran-el-proximo-martes\\\/#primaryimage\"},\"image\":{\"@id\":\"https:\\\/\\\/informelitoral.com.ar\\\/paritaria-el-gobierno-y-los-gremios-estatales-se-reuniran-el-proximo-martes\\\/#primaryimage\"},\"thumbnailUrl\":\"https:\\\/\\\/informelitoral.com.ar\\\/%77%70%2d%63%6f%6e%74%65%6e%74\\\/uploads\\\/2024\\\/12\\\/paritarias-estatales-2.10.webp\",\"datePublished\":\"2025-03-14T18:08:07+00:00\",\"breadcrumb\":{\"@id\":\"https:\\\/\\\/informelitoral.com.ar\\\/paritaria-el-gobierno-y-los-gremios-estatales-se-reuniran-el-proximo-martes\\\/#breadcrumb\"},\"inLanguage\":\"es\",\"potentialAction\":[{\"@type\":\"ReadAction\",\"target\":[\"https:\\\/\\\/informelitoral.com.ar\\\/paritaria-el-gobierno-y-los-gremios-estatales-se-reuniran-el-proximo-martes\\\/\"]}]},{\"@type\":\"ImageObject\",\"inLanguage\":\"es\",\"@id\":\"https:\\\/\\\/informelitoral.com.ar\\\/paritaria-el-gobierno-y-los-gremios-estatales-se-reuniran-el-proximo-martes\\\/#primaryimage\",\"url\":\"https:\\\/\\\/informelitoral.com.ar\\\/%77%70%2d%63%6f%6e%74%65%6e%74\\\/uploads\\\/2024\\\/12\\\/paritarias-estatales-2.10.webp\",\"contentUrl\":\"https:\\\/\\\/informelitoral.com.ar\\\/%77%70%2d%63%6f%6e%74%65%6e%74\\\/uploads\\\/2024\\\/12\\\/paritarias-estatales-2.10.webp\",\"width\":696,\"height\":464},{\"@type\":\"BreadcrumbList\",\"@id\":\"https:\\\/\\\/informelitoral.com.ar\\\/paritaria-el-gobierno-y-los-gremios-estatales-se-reuniran-el-proximo-martes\\\/#breadcrumb\",\"itemListElement\":[{\"@type\":\"ListItem\",\"position\":1,\"name\":\"Portada\",\"item\":\"https:\\\/\\\/informelitoral.com.ar\\\/\"},{\"@type\":\"ListItem\",\"position\":2,\"name\":\"Paritaria: el gobierno y los gremios estatales se reunir\u00e1n el pr\u00f3ximo martes\"}]},{\"@type\":\"WebSite\",\"@id\":\"https:\\\/\\\/informelitoral.com.ar\\\/#website\",\"url\":\"https:\\\/\\\/informelitoral.com.ar\\\/\",\"name\":\"Informe Litoral\",\"description\":\"&quot;Nos informamos&quot; \",\"publisher\":{\"@id\":\"https:\\\/\\\/informelitoral.com.ar\\\/#organization\"},\"potentialAction\":[{\"@type\":\"SearchAction\",\"target\":{\"@type\":\"EntryPoint\",\"urlTemplate\":\"https:\\\/\\\/informelitoral.com.ar\\\/?s={search_term_string}\"},\"query-input\":{\"@type\":\"PropertyValueSpecification\",\"valueRequired\":true,\"valueName\":\"search_term_string\"}}],\"inLanguage\":\"es\"},{\"@type\":\"Organization\",\"@id\":\"https:\\\/\\\/informelitoral.com.ar\\\/#organization\",\"name\":\"Informe Litoral\",\"url\":\"https:\\\/\\\/informelitoral.com.ar\\\/\",\"logo\":{\"@type\":\"ImageObject\",\"inLanguage\":\"es\",\"@id\":\"https:\\\/\\\/informelitoral.com.ar\\\/#\\\/schema\\\/logo\\\/image\\\/\",\"url\":\"https:\\\/\\\/informelitoral.com.ar\\\/%77%70%2d%63%6f%6e%74%65%6e%74\\\/uploads\\\/2021\\\/01\\\/circulo.png\",\"contentUrl\":\"https:\\\/\\\/informelitoral.com.ar\\\/%77%70%2d%63%6f%6e%74%65%6e%74\\\/uploads\\\/2021\\\/01\\\/circulo.png\",\"width\":723,\"height\":731,\"caption\":\"Informe Litoral\"},\"image\":{\"@id\":\"https:\\\/\\\/informelitoral.com.ar\\\/#\\\/schema\\\/logo\\\/image\\\/\"},\"sameAs\":[\"https:\\\/\\\/www.facebook.com\\\/informelitoral\\\/\",\"https:\\\/\\\/x.com\\\/InformeLitoral\",\"https:\\\/\\\/www.instagram.com\\\/informelitoral\\\/\",\"https:\\\/\\\/www.youtube.com\\\/channel\\\/UCua4Qvz8Icb6MYqhoq9xLXw\"]},{\"@type\":\"Person\",\"@id\":\"https:\\\/\\\/informelitoral.com.ar\\\/#\\\/schema\\\/person\\\/f05f9f461677119578717524b127d6d5\",\"name\":\"Sebastian\",\"image\":{\"@type\":\"ImageObject\",\"inLanguage\":\"es\",\"@id\":\"https:\\\/\\\/secure.gravatar.com\\\/avatar\\\/b71bf7481d447dfb9583c7f2798e7cc64de6efb9067b74633ed8c31059a3bd82?s=96&d=mm&r=g\",\"url\":\"https:\\\/\\\/secure.gravatar.com\\\/avatar\\\/b71bf7481d447dfb9583c7f2798e7cc64de6efb9067b74633ed8c31059a3bd82?s=96&d=mm&r=g\",\"contentUrl\":\"https:\\\/\\\/secure.gravatar.com\\\/avatar\\\/b71bf7481d447dfb9583c7f2798e7cc64de6efb9067b74633ed8c31059a3bd82?s=96&d=mm&r=g\",\"caption\":\"Sebastian\"},\"url\":\"https:\\\/\\\/informelitoral.com.ar\\\/author\\\/sebastian\\\/\"}]}<\/script>","yoast_head_json":{"title":"Paritaria: el gobierno y los gremios estatales se reunir\u00e1n el pr\u00f3ximo martes - Informe Litoral","robots":{"index":"index","follow":"follow","max-snippet":"max-snippet:-1","max-image-preview":"max-image-preview:large","max-video-preview":"max-video-preview:-1"},"canonical":"https:\/\/informelitoral.com.ar\/paritaria-el-gobierno-y-los-gremios-estatales-se-reuniran-el-proximo-martes\/","og_locale":"es_ES","og_type":"article","og_title":"Paritaria: el gobierno y los gremios estatales se reunir\u00e1n el pr\u00f3ximo martes - Informe Litoral","og_description":"El gobierno y los gremios Upcn y ATE acordaron pasar a un nuevo cuarto intermedio hasta el pr\u00f3ximo martes 18 de marzo. El Ejecutivo continuar\u00e1 trabajando una propuesta.","og_url":"https:\/\/informelitoral.com.ar\/paritaria-el-gobierno-y-los-gremios-estatales-se-reuniran-el-proximo-martes\/","og_site_name":"Informe Litoral","article_publisher":"https:\/\/www.facebook.com\/informelitoral\/","article_published_time":"2025-03-14T18:08:07+00:00","og_image":[{"width":696,"height":464,"url":"https:\/\/informelitoral.com.ar\/%77%70%2d%63%6f%6e%74%65%6e%74\/uploads\/2024\/12\/paritarias-estatales-2.10.webp","type":"image\/webp"}],"author":"Sebastian","twitter_card":"summary_large_image","twitter_creator":"@InformeLitoral","twitter_site":"@InformeLitoral","twitter_misc":{"Escrito por":"Sebastian"},"schema":{"@context":"https:\/\/schema.org","@graph":[{"@type":"Article","@id":"https:\/\/informelitoral.com.ar\/paritaria-el-gobierno-y-los-gremios-estatales-se-reuniran-el-proximo-martes\/#article","isPartOf":{"@id":"https:\/\/informelitoral.com.ar\/paritaria-el-gobierno-y-los-gremios-estatales-se-reuniran-el-proximo-martes\/"},"author":{"name":"Sebastian","@id":"https:\/\/informelitoral.com.ar\/#\/schema\/person\/f05f9f461677119578717524b127d6d5"},"headline":"Paritaria: el gobierno y los gremios estatales se reunir\u00e1n el pr\u00f3ximo martes","datePublished":"2025-03-14T18:08:07+00:00","mainEntityOfPage":{"@id":"https:\/\/informelitoral.com.ar\/paritaria-el-gobierno-y-los-gremios-estatales-se-reuniran-el-proximo-martes\/"},"wordCount":103,"commentCount":0,"publisher":{"@id":"https:\/\/informelitoral.com.ar\/#organization"},"image":{"@id":"https:\/\/informelitoral.com.ar\/paritaria-el-gobierno-y-los-gremios-estatales-se-reuniran-el-proximo-martes\/#primaryimage"},"thumbnailUrl":"https:\/\/informelitoral.com.ar\/%77%70%2d%63%6f%6e%74%65%6e%74\/uploads\/2024\/12\/paritarias-estatales-2.10.webp","keywords":["Estatales","Paritaria"],"articleSection":["Entre R\u00edos"],"inLanguage":"es","potentialAction":[{"@type":"CommentAction","name":"Comment","target":["https:\/\/informelitoral.com.ar\/paritaria-el-gobierno-y-los-gremios-estatales-se-reuniran-el-proximo-martes\/#respond"]}]},{"@type":"WebPage","@id":"https:\/\/informelitoral.com.ar\/paritaria-el-gobierno-y-los-gremios-estatales-se-reuniran-el-proximo-martes\/","url":"https:\/\/informelitoral.com.ar\/paritaria-el-gobierno-y-los-gremios-estatales-se-reuniran-el-proximo-martes\/","name":"Paritaria: el gobierno y los gremios estatales se reunir\u00e1n el pr\u00f3ximo martes - Informe Litoral","isPartOf":{"@id":"https:\/\/informelitoral.com.ar\/#website"},"primaryImageOfPage":{"@id":"https:\/\/informelitoral.com.ar\/paritaria-el-gobierno-y-los-gremios-estatales-se-reuniran-el-proximo-martes\/#primaryimage"},"image":{"@id":"https:\/\/informelitoral.com.ar\/paritaria-el-gobierno-y-los-gremios-estatales-se-reuniran-el-proximo-martes\/#primaryimage"},"thumbnailUrl":"https:\/\/informelitoral.com.ar\/%77%70%2d%63%6f%6e%74%65%6e%74\/uploads\/2024\/12\/paritarias-estatales-2.10.webp","datePublished":"2025-03-14T18:08:07+00:00","breadcrumb":{"@id":"https:\/\/informelitoral.com.ar\/paritaria-el-gobierno-y-los-gremios-estatales-se-reuniran-el-proximo-martes\/#breadcrumb"},"inLanguage":"es","potentialAction":[{"@type":"ReadAction","target":["https:\/\/informelitoral.com.ar\/paritaria-el-gobierno-y-los-gremios-estatales-se-reuniran-el-proximo-martes\/"]}]},{"@type":"ImageObject","inLanguage":"es","@id":"https:\/\/informelitoral.com.ar\/paritaria-el-gobierno-y-los-gremios-estatales-se-reuniran-el-proximo-martes\/#primaryimage","url":"https:\/\/informelitoral.com.ar\/%77%70%2d%63%6f%6e%74%65%6e%74\/uploads\/2024\/12\/paritarias-estatales-2.10.webp","contentUrl":"https:\/\/informelitoral.com.ar\/%77%70%2d%63%6f%6e%74%65%6e%74\/uploads\/2024\/12\/paritarias-estatales-2.10.webp","width":696,"height":464},{"@type":"BreadcrumbList","@id":"https:\/\/informelitoral.com.ar\/paritaria-el-gobierno-y-los-gremios-estatales-se-reuniran-el-proximo-martes\/#breadcrumb","itemListElement":[{"@type":"ListItem","position":1,"name":"Portada","item":"https:\/\/informelitoral.com.ar\/"},{"@type":"ListItem","position":2,"name":"Paritaria: el gobierno y los gremios estatales se reunir\u00e1n el pr\u00f3ximo martes"}]},{"@type":"WebSite","@id":"https:\/\/informelitoral.com.ar\/#website","url":"https:\/\/informelitoral.com.ar\/","name":"Informe Litoral","description":"&quot;Nos informamos&quot; ","publisher":{"@id":"https:\/\/informelitoral.com.ar\/#organization"},"potentialAction":[{"@type":"SearchAction","target":{"@type":"EntryPoint","urlTemplate":"https:\/\/informelitoral.com.ar\/?s={search_term_string}"},"query-input":{"@type":"PropertyValueSpecification","valueRequired":true,"valueName":"search_term_string"}}],"inLanguage":"es"},{"@type":"Organization","@id":"https:\/\/informelitoral.com.ar\/#organization","name":"Informe Litoral","url":"https:\/\/informelitoral.com.ar\/","logo":{"@type":"ImageObject","inLanguage":"es","@id":"https:\/\/informelitoral.com.ar\/#\/schema\/logo\/image\/","url":"https:\/\/informelitoral.com.ar\/%77%70%2d%63%6f%6e%74%65%6e%74\/uploads\/2021\/01\/circulo.png","contentUrl":"https:\/\/informelitoral.com.ar\/%77%70%2d%63%6f%6e%74%65%6e%74\/uploads\/2021\/01\/circulo.png","width":723,"height":731,"caption":"Informe Litoral"},"image":{"@id":"https:\/\/informelitoral.com.ar\/#\/schema\/logo\/image\/"},"sameAs":["https:\/\/www.facebook.com\/informelitoral\/","https:\/\/x.com\/InformeLitoral","https:\/\/www.instagram.com\/informelitoral\/","https:\/\/www.youtube.com\/channel\/UCua4Qvz8Icb6MYqhoq9xLXw"]},{"@type":"Person","@id":"https:\/\/informelitoral.com.ar\/#\/schema\/person\/f05f9f461677119578717524b127d6d5","name":"Sebastian","image":{"@type":"ImageObject","inLanguage":"es","@id":"https:\/\/secure.gravatar.com\/avatar\/b71bf7481d447dfb9583c7f2798e7cc64de6efb9067b74633ed8c31059a3bd82?s=96&d=mm&r=g","url":"https:\/\/secure.gravatar.com\/avatar\/b71bf7481d447dfb9583c7f2798e7cc64de6efb9067b74633ed8c31059a3bd82?s=96&d=mm&r=g","contentUrl":"https:\/\/secure.gravatar.com\/avatar\/b71bf7481d447dfb9583c7f2798e7cc64de6efb9067b74633ed8c31059a3bd82?s=96&d=mm&r=g","caption":"Sebastian"},"url":"https:\/\/informelitoral.com.ar\/author\/sebastian\/"}]}},"_links":{"self":[{"href":"https:\/\/informelitoral.com.ar\/%77%70%2d%6a%73%6f%6e\/wp\/v2\/posts\/214852","targetHints":{"allow":["GET"]}}],"collection":[{"href":"https:\/\/informelitoral.com.ar\/%77%70%2d%6a%73%6f%6e\/wp\/v2\/posts"}],"about":[{"href":"https:\/\/informelitoral.com.ar\/%77%70%2d%6a%73%6f%6e\/wp\/v2\/types\/post"}],"author":[{"embeddable":true,"href":"https:\/\/informelitoral.com.ar\/%77%70%2d%6a%73%6f%6e\/wp\/v2\/users\/8"}],"replies":[{"embeddable":true,"href":"https:\/\/informelitoral.com.ar\/%77%70%2d%6a%73%6f%6e\/wp\/v2\/comments?post=214852"}],"version-history":[{"count":0,"href":"https:\/\/informelitoral.com.ar\/%77%70%2d%6a%73%6f%6e\/wp\/v2\/posts\/214852\/revisions"}],"wp:featuredmedia":[{"embeddable":true,"href":"https:\/\/informelitoral.com.ar\/%77%70%2d%6a%73%6f%6e\/wp\/v2\/media\/205639"}],"wp:attachment":[{"href":"https:\/\/informelitoral.com.ar\/%77%70%2d%6a%73%6f%6e\/wp\/v2\/media?parent=214852"}],"wp:term":[{"taxonomy":"category","embeddable":true,"href":"https:\/\/informelitoral.com.ar\/%77%70%2d%6a%73%6f%6e\/wp\/v2\/categories?post=214852"},{"taxonomy":"post_tag","embeddable":true,"href":"https:\/\/informelitoral.com.ar\/%77%70%2d%6a%73%6f%6e\/wp\/v2\/tags?post=214852"}],"curies":[{"name":"wp","href":"https:\/\/api.w.org\/{rel}","templated":true}]}}