{"id":214809,"date":"2025-03-14T13:27:40","date_gmt":"2025-03-14T16:27:40","guid":{"rendered":"https:\/\/informelitoral.com.ar\/?p=214809"},"modified":"2025-03-14T13:28:56","modified_gmt":"2025-03-14T16:28:56","slug":"el-papa-francisco-continua-su-recuperacion-en-el-gemelli-estable-pero-con-cautela","status":"publish","type":"post","link":"https:\/\/informelitoral.com.ar\/el-papa-francisco-continua-su-recuperacion-en-el-gemelli-estable-pero-con-cautela\/","title":{"rendered":"El Papa Francisco contin\u00faa su recuperaci\u00f3n en el Gemelli: estable, pero con cautela"},"content":{"rendered":"<p class=\"paragraph\" data-mrf-recirculation=\"Links inline\">El\u00a0<b>papa Francisco<\/b>\u00a0pas\u00f3 una noche tranquila y se espera un nuevo parte m\u00e9dico este viernes, cuando se cumplen\u00a0<b>29 d\u00edas de internaci\u00f3n<\/b> en el policl\u00ednico Gemelli de Roma debido a problemas respiratorios.<\/p>\n<p class=\"paragraph\" data-mrf-recirculation=\"Links inline\">Seg\u00fan fuentes vaticanas citadas por la\u00a0<i>agencia EFE<\/i>, su estado es\u00a0<b>estable dentro de un cuadro complejo<\/b> y sigue recibiendo ox\u00edgeno a altos flujos con c\u00e1nulas nasales durante el d\u00eda, mientras que por la noche requiere ventilaci\u00f3n mec\u00e1nica no invasiva. Debido a esta estabilidad, el equipo m\u00e9dico decidi\u00f3 emitir informes en d\u00edas alternos en lugar de diarios.<\/p>\n<p class=\"paragraph\" data-mrf-recirculation=\"Links inline\">Con 29 d\u00edas de hospitalizaci\u00f3n, esta es la\u00a0<b>internaci\u00f3n m\u00e1s prolongada<\/b> de Francisco. Hasta ahora, su estad\u00eda m\u00e1s larga hab\u00eda sido de 10 d\u00edas en 2021, cuando fue operado del colon.<\/p>\n<p class=\"paragraph\" data-mrf-recirculation=\"Links inline\">Su actual permanencia en el Gemelli ya super\u00f3 los 28 d\u00edas que<b>\u00a0Juan Pablo II<\/b>\u00a0pas\u00f3 en 1994 tras una operaci\u00f3n de cadera, aunque la hospitalizaci\u00f3n m\u00e1s extensa de un pont\u00edfice en tiempos recientes fue la de 1981, cuando\u00a0<b>Juan Pablo II\u00a0<\/b>permaneci\u00f3 55 d\u00edas debido a una infecci\u00f3n por\u00a0<b>citomegalovirus<\/b>, tras el atentado que casi le cost\u00f3 la vida.<\/p>\n<p class=\"paragraph\" data-mrf-recirculation=\"Links inline\">El pasado lunes, la Santa Sede confirm\u00f3 que Francisco\u00a0<b>\u201cya no corre peligro inmediato\u201d<\/b>\u00a0y que su pron\u00f3stico\u00a0<b>ya no es reservado<\/b>. Sin embargo, el martes inform\u00f3 que, aunque muestra\u00a0<b>una leve mejor\u00eda<\/b>, su cuadro sigue siendo\u00a0<b>\u201ccomplejo\u201d<\/b>, por lo que los m\u00e9dicos han optado por una recuperaci\u00f3n cautelosa antes de darle el alta.<\/p>\n<div class=\"visual__image image-full-width\"><picture><source srcset=\"https:\/\/www.infobae.com\/resizer\/v2\/UKUMT2LWTKWPR3PLNOTYEMCSDM.jpg?auth=52ba2da0596d23922040622e9e39f958cc38a8ed5656f9c7517ea26b30b96fca&amp;smart=true&amp;width=1200&amp;height=800&amp;quality=85\" media=\"(min-width: 1200px)\" \/><source srcset=\"https:\/\/www.infobae.com\/resizer\/v2\/UKUMT2LWTKWPR3PLNOTYEMCSDM.jpg?auth=52ba2da0596d23922040622e9e39f958cc38a8ed5656f9c7517ea26b30b96fca&amp;smart=true&amp;width=992&amp;height=661&amp;quality=85\" media=\"(min-width: 1000px)\" \/><source srcset=\"https:\/\/www.infobae.com\/resizer\/v2\/UKUMT2LWTKWPR3PLNOTYEMCSDM.jpg?auth=52ba2da0596d23922040622e9e39f958cc38a8ed5656f9c7517ea26b30b96fca&amp;smart=true&amp;width=768&amp;height=512&amp;quality=85\" media=\"(min-width: 768px)\" \/><source srcset=\"https:\/\/www.infobae.com\/resizer\/v2\/UKUMT2LWTKWPR3PLNOTYEMCSDM.jpg?auth=52ba2da0596d23922040622e9e39f958cc38a8ed5656f9c7517ea26b30b96fca&amp;smart=true&amp;width=577&amp;height=385&amp;quality=85\" media=\"(min-width: 580px)\" \/><source srcset=\"https:\/\/www.infobae.com\/resizer\/v2\/UKUMT2LWTKWPR3PLNOTYEMCSDM.jpg?auth=52ba2da0596d23922040622e9e39f958cc38a8ed5656f9c7517ea26b30b96fca&amp;smart=true&amp;width=420&amp;height=280&amp;quality=85\" media=\"(min-width: 350px)\" \/><source srcset=\"https:\/\/www.infobae.com\/resizer\/v2\/UKUMT2LWTKWPR3PLNOTYEMCSDM.jpg?auth=52ba2da0596d23922040622e9e39f958cc38a8ed5656f9c7517ea26b30b96fca&amp;smart=true&amp;width=350&amp;height=233&amp;quality=85\" media=\"(min-width: 80px)\" \/><\/picture>La gente reza por el papa Francisco frente al Hospital Gemelli, en Roma, el jueves 13 de marzo de 2025, donde el pont\u00edfice est\u00e1 hospitalizado desde el 14 de febrero. (AP Foto\/Andrew Medichini)<\/div>\n<p class=\"paragraph\" data-mrf-recirculation=\"Links inline\">El jueves, el papa celebr\u00f3 el\u00a0<b>duod\u00e9cimo aniversario de su pontificado<\/b>\u00a0junto al personal sanitario, que le llev\u00f3 una\u00a0<b>torta con velas<\/b>\u00a0en conmemoraci\u00f3n del d\u00eda en que fue elegido pont\u00edfice, el 13 de marzo de 2013. La peque\u00f1a celebraci\u00f3n tuvo lugar en el apartamento privado reservado a los papas en el d\u00e9cimo piso del hospital.<\/p>\n<p class=\"paragraph\" data-mrf-recirculation=\"Links inline\">Este viernes, en la\u00a0<b>capilla Clementina del palacio pontificio<\/b>, el secretario de Estado del Vaticano,\u00a0<b>Pietro Parolin<\/b>, presidir\u00e1 una\u00a0<b>misa junto a embajadores acreditados ante la Santa Sede<\/b>, en la que pedir\u00e1n por la recuperaci\u00f3n del pont\u00edfice.<\/p>\n<div class=\"headline-wrapper\">\n<h2 class=\"header headline-class-h2\"><strong>C\u00f3mo sigue el tratamiento del Papa<\/strong><\/h2>\n<\/div>\n<p class=\"paragraph\" data-mrf-recirculation=\"Links inline\">En cuanto a su tratamiento,\u00a0<b>Francisco\u00a0<\/b>recibe ox\u00edgeno a alto flujo mediante c\u00e1nulas nasales durante el d\u00eda y utiliza una m\u00e1scara de ventilaci\u00f3n asistida por las noches, medidas destinadas a garantizar una oxigenaci\u00f3n adecuada y prevenir complicaciones respiratorias.<\/p>\n<p class=\"paragraph\" data-mrf-recirculation=\"Links inline\">Seg\u00fan el \u00faltimo parte m\u00e9dico del Hospital Gemelli, los an\u00e1lisis de sangre y la respuesta a la terapia farmacol\u00f3gica indican una\u00a0<b>evoluci\u00f3n positiva<\/b>, aunque los especialistas han decidido prolongar la hospitalizaci\u00f3n como medida de precauci\u00f3n para evitar reca\u00eddas.<\/p>\n<p class=\"paragraph\" data-mrf-recirculation=\"Links inline\">A pesar de la mejor\u00eda, el papa\u00a0<b>redujo significativamente su agenda p\u00fablica<\/b>, aunque continu\u00f3 algunas tareas desde el hospital, como la firma de decretos y la recepci\u00f3n de colaboradores cercanos.<\/p>\n<div class=\"visual__image image-full-width\"><picture><source srcset=\"https:\/\/www.infobae.com\/resizer\/v2\/ZS7WB2RDEVH2QHTIY4LZT32D2U.jpg?auth=9c894f5af2f27bb6fb2730fdf9a36890b432cb126b902fa683af36b6a9843af9&amp;smart=true&amp;width=1200&amp;height=800&amp;quality=85\" media=\"(min-width: 1200px)\" \/><source srcset=\"https:\/\/www.infobae.com\/resizer\/v2\/ZS7WB2RDEVH2QHTIY4LZT32D2U.jpg?auth=9c894f5af2f27bb6fb2730fdf9a36890b432cb126b902fa683af36b6a9843af9&amp;smart=true&amp;width=992&amp;height=661&amp;quality=85\" media=\"(min-width: 1000px)\" \/><source srcset=\"https:\/\/www.infobae.com\/resizer\/v2\/ZS7WB2RDEVH2QHTIY4LZT32D2U.jpg?auth=9c894f5af2f27bb6fb2730fdf9a36890b432cb126b902fa683af36b6a9843af9&amp;smart=true&amp;width=768&amp;height=512&amp;quality=85\" media=\"(min-width: 768px)\" \/><source srcset=\"https:\/\/www.infobae.com\/resizer\/v2\/ZS7WB2RDEVH2QHTIY4LZT32D2U.jpg?auth=9c894f5af2f27bb6fb2730fdf9a36890b432cb126b902fa683af36b6a9843af9&amp;smart=true&amp;width=577&amp;height=385&amp;quality=85\" media=\"(min-width: 580px)\" \/><source srcset=\"https:\/\/www.infobae.com\/resizer\/v2\/ZS7WB2RDEVH2QHTIY4LZT32D2U.jpg?auth=9c894f5af2f27bb6fb2730fdf9a36890b432cb126b902fa683af36b6a9843af9&amp;smart=true&amp;width=420&amp;height=280&amp;quality=85\" media=\"(min-width: 350px)\" \/><source srcset=\"https:\/\/www.infobae.com\/resizer\/v2\/ZS7WB2RDEVH2QHTIY4LZT32D2U.jpg?auth=9c894f5af2f27bb6fb2730fdf9a36890b432cb126b902fa683af36b6a9843af9&amp;smart=true&amp;width=350&amp;height=233&amp;quality=85\" media=\"(min-width: 80px)\" \/><img loading=\"lazy\" decoding=\"async\" class=\"global-image\" src=\"https:\/\/www.infobae.com\/resizer\/v2\/ZS7WB2RDEVH2QHTIY4LZT32D2U.jpg?auth=9c894f5af2f27bb6fb2730fdf9a36890b432cb126b902fa683af36b6a9843af9&amp;smart=true&amp;width=350&amp;height=233&amp;quality=85\" alt=\"Este viernes, en la capilla\" width=\"2654\" height=\"1769\" \/><\/picture><\/div>\n<p class=\"paragraph\" data-mrf-recirculation=\"Links inline\">Uno de los principales interrogantes sigue siendo su participaci\u00f3n en las\u00a0<b>ceremonias de Semana Santa<\/b>, previstas entre el 13 y el 20 de abril. La falta de una fecha definida para su alta m\u00e9dica ha generado incertidumbre sobre su capacidad para presidir los eventos lit\u00fargicos m\u00e1s importantes del calendario cat\u00f3lico.<\/p>\n<p class=\"paragraph\" data-mrf-recirculation=\"Links inline\">Hasta el momento,\u00a0<b>el Vaticano no hizo anuncios oficiales sobre su presencia en las celebraciones<\/b>, aunque fuentes cercanas indican que podr\u00eda delegar algunas funciones a cardenales de alto rango, como ya hizo durante su hospitalizaci\u00f3n.<em>(Infobae<\/em>)<\/p>\n","protected":false},"excerpt":{"rendered":"<p>El pont\u00edfice pas\u00f3 una noche tranquila, y su estado de salud se mantiene estable, aunque dentro de un cuadro cl\u00ednico complejo. Sigue necesitando un alto flujo de ox\u00edgeno a trav\u00e9s de c\u00e1nulas nasales durante el d\u00eda, y por la noche, utiliza ventilaci\u00f3n mec\u00e1nica no invasiva<\/p>\n","protected":false},"author":8,"featured_media":41409,"comment_status":"open","ping_status":"open","sticky":false,"template":"","format":"standard","meta":{"fifu_image_url":"","fifu_image_alt":"","footnotes":""},"categories":[9],"tags":[960,82],"class_list":{"0":"post-214809","1":"post","2":"type-post","3":"status-publish","4":"format-standard","5":"has-post-thumbnail","7":"category-sociedad","8":"tag-papa-francisco","9":"tag-salud"},"yoast_head":"<title>El Papa Francisco contin\u00faa su recuperaci\u00f3n en el Gemelli: estable, pero con cautela - Informe Litoral<\/title>\n<meta name=\"robots\" content=\"index, follow, max-snippet:-1, max-image-preview:large, max-video-preview:-1\" \/>\n<link rel=\"canonical\" href=\"https:\/\/informelitoral.com.ar\/el-papa-francisco-continua-su-recuperacion-en-el-gemelli-estable-pero-con-cautela\/\" \/>\n<meta property=\"og:locale\" content=\"es_ES\" \/>\n<meta property=\"og:type\" content=\"article\" \/>\n<meta property=\"og:title\" content=\"El Papa Francisco contin\u00faa su recuperaci\u00f3n en el Gemelli: estable, pero con cautela - Informe Litoral\" \/>\n<meta property=\"og:description\" content=\"El pont\u00edfice pas\u00f3 una noche tranquila, y su estado de salud se mantiene estable, aunque dentro de un cuadro cl\u00ednico complejo. Sigue necesitando un alto flujo de ox\u00edgeno a trav\u00e9s de c\u00e1nulas nasales durante el d\u00eda, y por la noche, utiliza ventilaci\u00f3n mec\u00e1nica no invasiva\" \/>\n<meta property=\"og:url\" content=\"https:\/\/informelitoral.com.ar\/el-papa-francisco-continua-su-recuperacion-en-el-gemelli-estable-pero-con-cautela\/\" \/>\n<meta property=\"og:site_name\" content=\"Informe Litoral\" \/>\n<meta property=\"article:publisher\" content=\"https:\/\/www.facebook.com\/informelitoral\/\" \/>\n<meta property=\"article:published_time\" content=\"2025-03-14T16:27:40+00:00\" \/>\n<meta property=\"article:modified_time\" content=\"2025-03-14T16:28:56+00:00\" \/>\n<meta property=\"og:image\" content=\"https:\/\/informelitoral.com.ar\/%77%70%2d%63%6f%6e%74%65%6e%74\/uploads\/2020\/03\/papa-francisco.jpg\" \/>\n\t<meta property=\"og:image:width\" content=\"1004\" \/>\n\t<meta property=\"og:image:height\" content=\"565\" \/>\n\t<meta property=\"og:image:type\" content=\"image\/jpeg\" \/>\n<meta name=\"author\" content=\"Sebastian\" \/>\n<meta name=\"twitter:card\" content=\"summary_large_image\" \/>\n<meta name=\"twitter:creator\" content=\"@InformeLitoral\" \/>\n<meta name=\"twitter:site\" content=\"@InformeLitoral\" \/>\n<meta name=\"twitter:label1\" content=\"Escrito por\" \/>\n\t<meta name=\"twitter:data1\" content=\"Sebastian\" \/>\n\t<meta name=\"twitter:label2\" content=\"Tiempo de lectura\" \/>\n\t<meta name=\"twitter:data2\" content=\"3 minutos\" \/>\n<script type=\"application\/ld+json\" class=\"yoast-schema-graph\">{\"@context\":\"https:\\\/\\\/schema.org\",\"@graph\":[{\"@type\":\"Article\",\"@id\":\"https:\\\/\\\/informelitoral.com.ar\\\/el-papa-francisco-continua-su-recuperacion-en-el-gemelli-estable-pero-con-cautela\\\/#article\",\"isPartOf\":{\"@id\":\"https:\\\/\\\/informelitoral.com.ar\\\/el-papa-francisco-continua-su-recuperacion-en-el-gemelli-estable-pero-con-cautela\\\/\"},\"author\":{\"name\":\"Sebastian\",\"@id\":\"https:\\\/\\\/informelitoral.com.ar\\\/#\\\/schema\\\/person\\\/f05f9f461677119578717524b127d6d5\"},\"headline\":\"El Papa Francisco contin\u00faa su recuperaci\u00f3n en el Gemelli: estable, pero con cautela\",\"datePublished\":\"2025-03-14T16:27:40+00:00\",\"dateModified\":\"2025-03-14T16:28:56+00:00\",\"mainEntityOfPage\":{\"@id\":\"https:\\\/\\\/informelitoral.com.ar\\\/el-papa-francisco-continua-su-recuperacion-en-el-gemelli-estable-pero-con-cautela\\\/\"},\"wordCount\":627,\"commentCount\":0,\"publisher\":{\"@id\":\"https:\\\/\\\/informelitoral.com.ar\\\/#organization\"},\"image\":{\"@id\":\"https:\\\/\\\/informelitoral.com.ar\\\/el-papa-francisco-continua-su-recuperacion-en-el-gemelli-estable-pero-con-cautela\\\/#primaryimage\"},\"thumbnailUrl\":\"https:\\\/\\\/informelitoral.com.ar\\\/%77%70%2d%63%6f%6e%74%65%6e%74\\\/uploads\\\/2020\\\/03\\\/papa-francisco.jpg\",\"keywords\":[\"Papa Francisco\",\"Salud\"],\"articleSection\":[\"Sociedad\"],\"inLanguage\":\"es\",\"potentialAction\":[{\"@type\":\"CommentAction\",\"name\":\"Comment\",\"target\":[\"https:\\\/\\\/informelitoral.com.ar\\\/el-papa-francisco-continua-su-recuperacion-en-el-gemelli-estable-pero-con-cautela\\\/#respond\"]}]},{\"@type\":\"WebPage\",\"@id\":\"https:\\\/\\\/informelitoral.com.ar\\\/el-papa-francisco-continua-su-recuperacion-en-el-gemelli-estable-pero-con-cautela\\\/\",\"url\":\"https:\\\/\\\/informelitoral.com.ar\\\/el-papa-francisco-continua-su-recuperacion-en-el-gemelli-estable-pero-con-cautela\\\/\",\"name\":\"El Papa Francisco contin\u00faa su recuperaci\u00f3n en el Gemelli: estable, pero con cautela - Informe Litoral\",\"isPartOf\":{\"@id\":\"https:\\\/\\\/informelitoral.com.ar\\\/#website\"},\"primaryImageOfPage\":{\"@id\":\"https:\\\/\\\/informelitoral.com.ar\\\/el-papa-francisco-continua-su-recuperacion-en-el-gemelli-estable-pero-con-cautela\\\/#primaryimage\"},\"image\":{\"@id\":\"https:\\\/\\\/informelitoral.com.ar\\\/el-papa-francisco-continua-su-recuperacion-en-el-gemelli-estable-pero-con-cautela\\\/#primaryimage\"},\"thumbnailUrl\":\"https:\\\/\\\/informelitoral.com.ar\\\/%77%70%2d%63%6f%6e%74%65%6e%74\\\/uploads\\\/2020\\\/03\\\/papa-francisco.jpg\",\"datePublished\":\"2025-03-14T16:27:40+00:00\",\"dateModified\":\"2025-03-14T16:28:56+00:00\",\"breadcrumb\":{\"@id\":\"https:\\\/\\\/informelitoral.com.ar\\\/el-papa-francisco-continua-su-recuperacion-en-el-gemelli-estable-pero-con-cautela\\\/#breadcrumb\"},\"inLanguage\":\"es\",\"potentialAction\":[{\"@type\":\"ReadAction\",\"target\":[\"https:\\\/\\\/informelitoral.com.ar\\\/el-papa-francisco-continua-su-recuperacion-en-el-gemelli-estable-pero-con-cautela\\\/\"]}]},{\"@type\":\"ImageObject\",\"inLanguage\":\"es\",\"@id\":\"https:\\\/\\\/informelitoral.com.ar\\\/el-papa-francisco-continua-su-recuperacion-en-el-gemelli-estable-pero-con-cautela\\\/#primaryimage\",\"url\":\"https:\\\/\\\/informelitoral.com.ar\\\/%77%70%2d%63%6f%6e%74%65%6e%74\\\/uploads\\\/2020\\\/03\\\/papa-francisco.jpg\",\"contentUrl\":\"https:\\\/\\\/informelitoral.com.ar\\\/%77%70%2d%63%6f%6e%74%65%6e%74\\\/uploads\\\/2020\\\/03\\\/papa-francisco.jpg\",\"width\":1004,\"height\":565},{\"@type\":\"BreadcrumbList\",\"@id\":\"https:\\\/\\\/informelitoral.com.ar\\\/el-papa-francisco-continua-su-recuperacion-en-el-gemelli-estable-pero-con-cautela\\\/#breadcrumb\",\"itemListElement\":[{\"@type\":\"ListItem\",\"position\":1,\"name\":\"Portada\",\"item\":\"https:\\\/\\\/informelitoral.com.ar\\\/\"},{\"@type\":\"ListItem\",\"position\":2,\"name\":\"El Papa Francisco contin\u00faa su recuperaci\u00f3n en el Gemelli: estable, pero con cautela\"}]},{\"@type\":\"WebSite\",\"@id\":\"https:\\\/\\\/informelitoral.com.ar\\\/#website\",\"url\":\"https:\\\/\\\/informelitoral.com.ar\\\/\",\"name\":\"Informe Litoral\",\"description\":\"&quot;Nos informamos&quot; \",\"publisher\":{\"@id\":\"https:\\\/\\\/informelitoral.com.ar\\\/#organization\"},\"potentialAction\":[{\"@type\":\"SearchAction\",\"target\":{\"@type\":\"EntryPoint\",\"urlTemplate\":\"https:\\\/\\\/informelitoral.com.ar\\\/?s={search_term_string}\"},\"query-input\":{\"@type\":\"PropertyValueSpecification\",\"valueRequired\":true,\"valueName\":\"search_term_string\"}}],\"inLanguage\":\"es\"},{\"@type\":\"Organization\",\"@id\":\"https:\\\/\\\/informelitoral.com.ar\\\/#organization\",\"name\":\"Informe Litoral\",\"url\":\"https:\\\/\\\/informelitoral.com.ar\\\/\",\"logo\":{\"@type\":\"ImageObject\",\"inLanguage\":\"es\",\"@id\":\"https:\\\/\\\/informelitoral.com.ar\\\/#\\\/schema\\\/logo\\\/image\\\/\",\"url\":\"https:\\\/\\\/informelitoral.com.ar\\\/%77%70%2d%63%6f%6e%74%65%6e%74\\\/uploads\\\/2021\\\/01\\\/circulo.png\",\"contentUrl\":\"https:\\\/\\\/informelitoral.com.ar\\\/%77%70%2d%63%6f%6e%74%65%6e%74\\\/uploads\\\/2021\\\/01\\\/circulo.png\",\"width\":723,\"height\":731,\"caption\":\"Informe Litoral\"},\"image\":{\"@id\":\"https:\\\/\\\/informelitoral.com.ar\\\/#\\\/schema\\\/logo\\\/image\\\/\"},\"sameAs\":[\"https:\\\/\\\/www.facebook.com\\\/informelitoral\\\/\",\"https:\\\/\\\/x.com\\\/InformeLitoral\",\"https:\\\/\\\/www.instagram.com\\\/informelitoral\\\/\",\"https:\\\/\\\/www.youtube.com\\\/channel\\\/UCua4Qvz8Icb6MYqhoq9xLXw\"]},{\"@type\":\"Person\",\"@id\":\"https:\\\/\\\/informelitoral.com.ar\\\/#\\\/schema\\\/person\\\/f05f9f461677119578717524b127d6d5\",\"name\":\"Sebastian\",\"image\":{\"@type\":\"ImageObject\",\"inLanguage\":\"es\",\"@id\":\"https:\\\/\\\/secure.gravatar.com\\\/avatar\\\/b71bf7481d447dfb9583c7f2798e7cc64de6efb9067b74633ed8c31059a3bd82?s=96&d=mm&r=g\",\"url\":\"https:\\\/\\\/secure.gravatar.com\\\/avatar\\\/b71bf7481d447dfb9583c7f2798e7cc64de6efb9067b74633ed8c31059a3bd82?s=96&d=mm&r=g\",\"contentUrl\":\"https:\\\/\\\/secure.gravatar.com\\\/avatar\\\/b71bf7481d447dfb9583c7f2798e7cc64de6efb9067b74633ed8c31059a3bd82?s=96&d=mm&r=g\",\"caption\":\"Sebastian\"},\"url\":\"https:\\\/\\\/informelitoral.com.ar\\\/author\\\/sebastian\\\/\"}]}<\/script>","yoast_head_json":{"title":"El Papa Francisco contin\u00faa su recuperaci\u00f3n en el Gemelli: estable, pero con cautela - Informe Litoral","robots":{"index":"index","follow":"follow","max-snippet":"max-snippet:-1","max-image-preview":"max-image-preview:large","max-video-preview":"max-video-preview:-1"},"canonical":"https:\/\/informelitoral.com.ar\/el-papa-francisco-continua-su-recuperacion-en-el-gemelli-estable-pero-con-cautela\/","og_locale":"es_ES","og_type":"article","og_title":"El Papa Francisco contin\u00faa su recuperaci\u00f3n en el Gemelli: estable, pero con cautela - Informe Litoral","og_description":"El pont\u00edfice pas\u00f3 una noche tranquila, y su estado de salud se mantiene estable, aunque dentro de un cuadro cl\u00ednico complejo. Sigue necesitando un alto flujo de ox\u00edgeno a trav\u00e9s de c\u00e1nulas nasales durante el d\u00eda, y por la noche, utiliza ventilaci\u00f3n mec\u00e1nica no invasiva","og_url":"https:\/\/informelitoral.com.ar\/el-papa-francisco-continua-su-recuperacion-en-el-gemelli-estable-pero-con-cautela\/","og_site_name":"Informe Litoral","article_publisher":"https:\/\/www.facebook.com\/informelitoral\/","article_published_time":"2025-03-14T16:27:40+00:00","article_modified_time":"2025-03-14T16:28:56+00:00","og_image":[{"width":1004,"height":565,"url":"https:\/\/informelitoral.com.ar\/%77%70%2d%63%6f%6e%74%65%6e%74\/uploads\/2020\/03\/papa-francisco.jpg","type":"image\/jpeg"}],"author":"Sebastian","twitter_card":"summary_large_image","twitter_creator":"@InformeLitoral","twitter_site":"@InformeLitoral","twitter_misc":{"Escrito por":"Sebastian","Tiempo de lectura":"3 minutos"},"schema":{"@context":"https:\/\/schema.org","@graph":[{"@type":"Article","@id":"https:\/\/informelitoral.com.ar\/el-papa-francisco-continua-su-recuperacion-en-el-gemelli-estable-pero-con-cautela\/#article","isPartOf":{"@id":"https:\/\/informelitoral.com.ar\/el-papa-francisco-continua-su-recuperacion-en-el-gemelli-estable-pero-con-cautela\/"},"author":{"name":"Sebastian","@id":"https:\/\/informelitoral.com.ar\/#\/schema\/person\/f05f9f461677119578717524b127d6d5"},"headline":"El Papa Francisco contin\u00faa su recuperaci\u00f3n en el Gemelli: estable, pero con cautela","datePublished":"2025-03-14T16:27:40+00:00","dateModified":"2025-03-14T16:28:56+00:00","mainEntityOfPage":{"@id":"https:\/\/informelitoral.com.ar\/el-papa-francisco-continua-su-recuperacion-en-el-gemelli-estable-pero-con-cautela\/"},"wordCount":627,"commentCount":0,"publisher":{"@id":"https:\/\/informelitoral.com.ar\/#organization"},"image":{"@id":"https:\/\/informelitoral.com.ar\/el-papa-francisco-continua-su-recuperacion-en-el-gemelli-estable-pero-con-cautela\/#primaryimage"},"thumbnailUrl":"https:\/\/informelitoral.com.ar\/%77%70%2d%63%6f%6e%74%65%6e%74\/uploads\/2020\/03\/papa-francisco.jpg","keywords":["Papa Francisco","Salud"],"articleSection":["Sociedad"],"inLanguage":"es","potentialAction":[{"@type":"CommentAction","name":"Comment","target":["https:\/\/informelitoral.com.ar\/el-papa-francisco-continua-su-recuperacion-en-el-gemelli-estable-pero-con-cautela\/#respond"]}]},{"@type":"WebPage","@id":"https:\/\/informelitoral.com.ar\/el-papa-francisco-continua-su-recuperacion-en-el-gemelli-estable-pero-con-cautela\/","url":"https:\/\/informelitoral.com.ar\/el-papa-francisco-continua-su-recuperacion-en-el-gemelli-estable-pero-con-cautela\/","name":"El Papa Francisco contin\u00faa su recuperaci\u00f3n en el Gemelli: estable, pero con cautela - Informe Litoral","isPartOf":{"@id":"https:\/\/informelitoral.com.ar\/#website"},"primaryImageOfPage":{"@id":"https:\/\/informelitoral.com.ar\/el-papa-francisco-continua-su-recuperacion-en-el-gemelli-estable-pero-con-cautela\/#primaryimage"},"image":{"@id":"https:\/\/informelitoral.com.ar\/el-papa-francisco-continua-su-recuperacion-en-el-gemelli-estable-pero-con-cautela\/#primaryimage"},"thumbnailUrl":"https:\/\/informelitoral.com.ar\/%77%70%2d%63%6f%6e%74%65%6e%74\/uploads\/2020\/03\/papa-francisco.jpg","datePublished":"2025-03-14T16:27:40+00:00","dateModified":"2025-03-14T16:28:56+00:00","breadcrumb":{"@id":"https:\/\/informelitoral.com.ar\/el-papa-francisco-continua-su-recuperacion-en-el-gemelli-estable-pero-con-cautela\/#breadcrumb"},"inLanguage":"es","potentialAction":[{"@type":"ReadAction","target":["https:\/\/informelitoral.com.ar\/el-papa-francisco-continua-su-recuperacion-en-el-gemelli-estable-pero-con-cautela\/"]}]},{"@type":"ImageObject","inLanguage":"es","@id":"https:\/\/informelitoral.com.ar\/el-papa-francisco-continua-su-recuperacion-en-el-gemelli-estable-pero-con-cautela\/#primaryimage","url":"https:\/\/informelitoral.com.ar\/%77%70%2d%63%6f%6e%74%65%6e%74\/uploads\/2020\/03\/papa-francisco.jpg","contentUrl":"https:\/\/informelitoral.com.ar\/%77%70%2d%63%6f%6e%74%65%6e%74\/uploads\/2020\/03\/papa-francisco.jpg","width":1004,"height":565},{"@type":"BreadcrumbList","@id":"https:\/\/informelitoral.com.ar\/el-papa-francisco-continua-su-recuperacion-en-el-gemelli-estable-pero-con-cautela\/#breadcrumb","itemListElement":[{"@type":"ListItem","position":1,"name":"Portada","item":"https:\/\/informelitoral.com.ar\/"},{"@type":"ListItem","position":2,"name":"El Papa Francisco contin\u00faa su recuperaci\u00f3n en el Gemelli: estable, pero con cautela"}]},{"@type":"WebSite","@id":"https:\/\/informelitoral.com.ar\/#website","url":"https:\/\/informelitoral.com.ar\/","name":"Informe Litoral","description":"&quot;Nos informamos&quot; ","publisher":{"@id":"https:\/\/informelitoral.com.ar\/#organization"},"potentialAction":[{"@type":"SearchAction","target":{"@type":"EntryPoint","urlTemplate":"https:\/\/informelitoral.com.ar\/?s={search_term_string}"},"query-input":{"@type":"PropertyValueSpecification","valueRequired":true,"valueName":"search_term_string"}}],"inLanguage":"es"},{"@type":"Organization","@id":"https:\/\/informelitoral.com.ar\/#organization","name":"Informe Litoral","url":"https:\/\/informelitoral.com.ar\/","logo":{"@type":"ImageObject","inLanguage":"es","@id":"https:\/\/informelitoral.com.ar\/#\/schema\/logo\/image\/","url":"https:\/\/informelitoral.com.ar\/%77%70%2d%63%6f%6e%74%65%6e%74\/uploads\/2021\/01\/circulo.png","contentUrl":"https:\/\/informelitoral.com.ar\/%77%70%2d%63%6f%6e%74%65%6e%74\/uploads\/2021\/01\/circulo.png","width":723,"height":731,"caption":"Informe Litoral"},"image":{"@id":"https:\/\/informelitoral.com.ar\/#\/schema\/logo\/image\/"},"sameAs":["https:\/\/www.facebook.com\/informelitoral\/","https:\/\/x.com\/InformeLitoral","https:\/\/www.instagram.com\/informelitoral\/","https:\/\/www.youtube.com\/channel\/UCua4Qvz8Icb6MYqhoq9xLXw"]},{"@type":"Person","@id":"https:\/\/informelitoral.com.ar\/#\/schema\/person\/f05f9f461677119578717524b127d6d5","name":"Sebastian","image":{"@type":"ImageObject","inLanguage":"es","@id":"https:\/\/secure.gravatar.com\/avatar\/b71bf7481d447dfb9583c7f2798e7cc64de6efb9067b74633ed8c31059a3bd82?s=96&d=mm&r=g","url":"https:\/\/secure.gravatar.com\/avatar\/b71bf7481d447dfb9583c7f2798e7cc64de6efb9067b74633ed8c31059a3bd82?s=96&d=mm&r=g","contentUrl":"https:\/\/secure.gravatar.com\/avatar\/b71bf7481d447dfb9583c7f2798e7cc64de6efb9067b74633ed8c31059a3bd82?s=96&d=mm&r=g","caption":"Sebastian"},"url":"https:\/\/informelitoral.com.ar\/author\/sebastian\/"}]}},"_links":{"self":[{"href":"https:\/\/informelitoral.com.ar\/%77%70%2d%6a%73%6f%6e\/wp\/v2\/posts\/214809","targetHints":{"allow":["GET"]}}],"collection":[{"href":"https:\/\/informelitoral.com.ar\/%77%70%2d%6a%73%6f%6e\/wp\/v2\/posts"}],"about":[{"href":"https:\/\/informelitoral.com.ar\/%77%70%2d%6a%73%6f%6e\/wp\/v2\/types\/post"}],"author":[{"embeddable":true,"href":"https:\/\/informelitoral.com.ar\/%77%70%2d%6a%73%6f%6e\/wp\/v2\/users\/8"}],"replies":[{"embeddable":true,"href":"https:\/\/informelitoral.com.ar\/%77%70%2d%6a%73%6f%6e\/wp\/v2\/comments?post=214809"}],"version-history":[{"count":0,"href":"https:\/\/informelitoral.com.ar\/%77%70%2d%6a%73%6f%6e\/wp\/v2\/posts\/214809\/revisions"}],"wp:featuredmedia":[{"embeddable":true,"href":"https:\/\/informelitoral.com.ar\/%77%70%2d%6a%73%6f%6e\/wp\/v2\/media\/41409"}],"wp:attachment":[{"href":"https:\/\/informelitoral.com.ar\/%77%70%2d%6a%73%6f%6e\/wp\/v2\/media?parent=214809"}],"wp:term":[{"taxonomy":"category","embeddable":true,"href":"https:\/\/informelitoral.com.ar\/%77%70%2d%6a%73%6f%6e\/wp\/v2\/categories?post=214809"},{"taxonomy":"post_tag","embeddable":true,"href":"https:\/\/informelitoral.com.ar\/%77%70%2d%6a%73%6f%6e\/wp\/v2\/tags?post=214809"}],"curies":[{"name":"wp","href":"https:\/\/api.w.org\/{rel}","templated":true}]}}