{"id":214770,"date":"2025-03-14T10:11:13","date_gmt":"2025-03-14T13:11:13","guid":{"rendered":"https:\/\/informelitoral.com.ar\/?p=214770"},"modified":"2025-03-14T10:13:26","modified_gmt":"2025-03-14T13:13:26","slug":"clausuran-un-geriatrico-en-parana-tras-denuncias-de-abusos-y-maltratos","status":"publish","type":"post","link":"https:\/\/informelitoral.com.ar\/clausuran-un-geriatrico-en-parana-tras-denuncias-de-abusos-y-maltratos\/","title":{"rendered":"Clausuraron un geri\u00e1trico en Paran\u00e1 tras denuncias de abusos y maltratos"},"content":{"rendered":"<p>La Municipalidad de Paran\u00e1 clausur\u00f3 formalmente este viernes el geri\u00e1trico \u201cMar\u00eda Reina\u201d, ubicado en calle Diamante de la capital entrerriana. Seg\u00fan inform\u00f3 H\u00e9ctor Bergara, secretario de Fiscalizaci\u00f3n, Control Urbano y Actividades Comerciales, la investigaci\u00f3n se inici\u00f3 por denuncias constatadas en la Justicia por \u201cabusos\u201d y \u201cmaltratos f\u00edsicos\u201d, entre otras falencias.<\/p>\n<p>\u201cLa clausura se dispuso el 27 de enero por el juez de Faltas Amado Siede. Se inicia por denuncias en las que est\u00e1 interviniendo el Ministerio P\u00fablico Fiscal de la Provincia por algunos abusos que hubo\u201c, afirm\u00f3. Luego ampli\u00f3 que hubo \u201cmaltratos f\u00edsicos\u201d que \u201cfueron constatados\u201d por la Justicia. \u201cUna persona era sujetada a la cama\u201c, afirm\u00f3.<\/p>\n<p>\u201cLa clausura no fue de forma inmediata ya que constatamos que hab\u00eda 10 adultos mayores en residencia, por lo tanto la idea fue trabajar el aspecto humano, social y de salud. No \u00edbamos a clausurar de forma inmediata teniendo estas personas dentro\u201c, aclar\u00f3 respecto del plazo transcurrido entre la orden judicial y efectivamente la clausura.<\/p>\n<p>En ese sentido, se explay\u00f3: \u201cSe hizo un seguimiento desde hace un mes con el \u00c1rea de Salud de la provincia que juega un rol importante y de la Municipalidad. Se fueron haciendo inspecciones diarias peri\u00f3dicas y contact\u00e1ndonos familiar por familiar hasta que logramos la relocalizaci\u00f3n de los 10. Ayer se fue la \u00faltima persona de 90 a\u00f1os\u201d.<\/p>\n<p>Consultado por las irregularidades detectadas, detall\u00f3 que la residencia \u201cno ten\u00eda contratado el servicio de residuos patol\u00f3gicos, no ten\u00eda emergencia sanitaria, no ten\u00eda nutricionista; hab\u00eda humedad, condiciones edilicias no adecuadas, no estaba habilitado; se hab\u00eda vencido hace unos a\u00f1os y no se le renov\u00f3\u201d.<\/p>\n<p>En relaci\u00f3n a su habilitaci\u00f3n, Bergara aclar\u00f3: \u201cEstuvo habilitado en alg\u00fan momento y no se hizo el tr\u00e1mite de rehabilitaci\u00f3n\u201c. Aclar\u00f3 que se dispuso tambi\u00e9n una multa a la propietaria del lugar.(<em>Ahora<\/em>)<\/p>\n","protected":false},"excerpt":{"rendered":"<p>Dentro de las denuncias judiciales, se supo que \u00abuna persona era sujetada a la cama\u00bb. Se inform\u00f3 que 10 adultos mayores fueron relocalizados antes de la clausura.<\/p>\n","protected":false},"author":8,"featured_media":214771,"comment_status":"open","ping_status":"open","sticky":false,"template":"","format":"standard","meta":{"fifu_image_url":"","fifu_image_alt":"","footnotes":""},"categories":[1597],"tags":[5123,2549,45],"class_list":{"0":"post-214770","1":"post","2":"type-post","3":"status-publish","4":"format-standard","5":"has-post-thumbnail","7":"category-parana","8":"tag-clausura","9":"tag-geriatrico","10":"tag-parana"},"yoast_head":"<title>Clausuraron un geri\u00e1trico en Paran\u00e1 tras denuncias de abusos y maltratos - Informe Litoral<\/title>\n<meta name=\"robots\" content=\"index, follow, max-snippet:-1, max-image-preview:large, max-video-preview:-1\" \/>\n<link rel=\"canonical\" href=\"https:\/\/informelitoral.com.ar\/clausuran-un-geriatrico-en-parana-tras-denuncias-de-abusos-y-maltratos\/\" \/>\n<meta property=\"og:locale\" content=\"es_ES\" \/>\n<meta property=\"og:type\" content=\"article\" \/>\n<meta property=\"og:title\" content=\"Clausuraron un geri\u00e1trico en Paran\u00e1 tras denuncias de abusos y maltratos - Informe Litoral\" \/>\n<meta property=\"og:description\" content=\"Dentro de las denuncias judiciales, se supo que &quot;una persona era sujetada a la cama&quot;. Se inform\u00f3 que 10 adultos mayores fueron relocalizados antes de la clausura.\" \/>\n<meta property=\"og:url\" content=\"https:\/\/informelitoral.com.ar\/clausuran-un-geriatrico-en-parana-tras-denuncias-de-abusos-y-maltratos\/\" \/>\n<meta property=\"og:site_name\" content=\"Informe Litoral\" \/>\n<meta property=\"article:publisher\" content=\"https:\/\/www.facebook.com\/informelitoral\/\" \/>\n<meta property=\"article:published_time\" content=\"2025-03-14T13:11:13+00:00\" \/>\n<meta property=\"article:modified_time\" content=\"2025-03-14T13:13:26+00:00\" \/>\n<meta property=\"og:image\" content=\"https:\/\/informelitoral.com.ar\/%77%70%2d%63%6f%6e%74%65%6e%74\/uploads\/2025\/03\/l_1741954680_78710-e1741957865571.webp\" \/>\n\t<meta property=\"og:image:width\" content=\"1200\" \/>\n\t<meta property=\"og:image:height\" content=\"606\" \/>\n\t<meta property=\"og:image:type\" content=\"image\/webp\" \/>\n<meta name=\"author\" content=\"Sebastian\" \/>\n<meta name=\"twitter:card\" content=\"summary_large_image\" \/>\n<meta name=\"twitter:creator\" content=\"@InformeLitoral\" \/>\n<meta name=\"twitter:site\" content=\"@InformeLitoral\" \/>\n<meta name=\"twitter:label1\" content=\"Escrito por\" \/>\n\t<meta name=\"twitter:data1\" content=\"Sebastian\" \/>\n\t<meta name=\"twitter:label2\" content=\"Tiempo de lectura\" \/>\n\t<meta name=\"twitter:data2\" content=\"2 minutos\" \/>\n<script type=\"application\/ld+json\" class=\"yoast-schema-graph\">{\"@context\":\"https:\\\/\\\/schema.org\",\"@graph\":[{\"@type\":\"Article\",\"@id\":\"https:\\\/\\\/informelitoral.com.ar\\\/clausuran-un-geriatrico-en-parana-tras-denuncias-de-abusos-y-maltratos\\\/#article\",\"isPartOf\":{\"@id\":\"https:\\\/\\\/informelitoral.com.ar\\\/clausuran-un-geriatrico-en-parana-tras-denuncias-de-abusos-y-maltratos\\\/\"},\"author\":{\"name\":\"Sebastian\",\"@id\":\"https:\\\/\\\/informelitoral.com.ar\\\/#\\\/schema\\\/person\\\/f05f9f461677119578717524b127d6d5\"},\"headline\":\"Clausuraron un geri\u00e1trico en Paran\u00e1 tras denuncias de abusos y maltratos\",\"datePublished\":\"2025-03-14T13:11:13+00:00\",\"dateModified\":\"2025-03-14T13:13:26+00:00\",\"mainEntityOfPage\":{\"@id\":\"https:\\\/\\\/informelitoral.com.ar\\\/clausuran-un-geriatrico-en-parana-tras-denuncias-de-abusos-y-maltratos\\\/\"},\"wordCount\":332,\"commentCount\":0,\"publisher\":{\"@id\":\"https:\\\/\\\/informelitoral.com.ar\\\/#organization\"},\"image\":{\"@id\":\"https:\\\/\\\/informelitoral.com.ar\\\/clausuran-un-geriatrico-en-parana-tras-denuncias-de-abusos-y-maltratos\\\/#primaryimage\"},\"thumbnailUrl\":\"https:\\\/\\\/informelitoral.com.ar\\\/%77%70%2d%63%6f%6e%74%65%6e%74\\\/uploads\\\/2025\\\/03\\\/l_1741954680_78710-e1741957865571.webp\",\"keywords\":[\"Clausura\",\"Geri\u00e1trico\",\"Paran\u00e1\"],\"articleSection\":[\"Paran\u00e1\"],\"inLanguage\":\"es\",\"potentialAction\":[{\"@type\":\"CommentAction\",\"name\":\"Comment\",\"target\":[\"https:\\\/\\\/informelitoral.com.ar\\\/clausuran-un-geriatrico-en-parana-tras-denuncias-de-abusos-y-maltratos\\\/#respond\"]}]},{\"@type\":\"WebPage\",\"@id\":\"https:\\\/\\\/informelitoral.com.ar\\\/clausuran-un-geriatrico-en-parana-tras-denuncias-de-abusos-y-maltratos\\\/\",\"url\":\"https:\\\/\\\/informelitoral.com.ar\\\/clausuran-un-geriatrico-en-parana-tras-denuncias-de-abusos-y-maltratos\\\/\",\"name\":\"Clausuraron un geri\u00e1trico en Paran\u00e1 tras denuncias de abusos y maltratos - Informe Litoral\",\"isPartOf\":{\"@id\":\"https:\\\/\\\/informelitoral.com.ar\\\/#website\"},\"primaryImageOfPage\":{\"@id\":\"https:\\\/\\\/informelitoral.com.ar\\\/clausuran-un-geriatrico-en-parana-tras-denuncias-de-abusos-y-maltratos\\\/#primaryimage\"},\"image\":{\"@id\":\"https:\\\/\\\/informelitoral.com.ar\\\/clausuran-un-geriatrico-en-parana-tras-denuncias-de-abusos-y-maltratos\\\/#primaryimage\"},\"thumbnailUrl\":\"https:\\\/\\\/informelitoral.com.ar\\\/%77%70%2d%63%6f%6e%74%65%6e%74\\\/uploads\\\/2025\\\/03\\\/l_1741954680_78710-e1741957865571.webp\",\"datePublished\":\"2025-03-14T13:11:13+00:00\",\"dateModified\":\"2025-03-14T13:13:26+00:00\",\"breadcrumb\":{\"@id\":\"https:\\\/\\\/informelitoral.com.ar\\\/clausuran-un-geriatrico-en-parana-tras-denuncias-de-abusos-y-maltratos\\\/#breadcrumb\"},\"inLanguage\":\"es\",\"potentialAction\":[{\"@type\":\"ReadAction\",\"target\":[\"https:\\\/\\\/informelitoral.com.ar\\\/clausuran-un-geriatrico-en-parana-tras-denuncias-de-abusos-y-maltratos\\\/\"]}]},{\"@type\":\"ImageObject\",\"inLanguage\":\"es\",\"@id\":\"https:\\\/\\\/informelitoral.com.ar\\\/clausuran-un-geriatrico-en-parana-tras-denuncias-de-abusos-y-maltratos\\\/#primaryimage\",\"url\":\"https:\\\/\\\/informelitoral.com.ar\\\/%77%70%2d%63%6f%6e%74%65%6e%74\\\/uploads\\\/2025\\\/03\\\/l_1741954680_78710-e1741957865571.webp\",\"contentUrl\":\"https:\\\/\\\/informelitoral.com.ar\\\/%77%70%2d%63%6f%6e%74%65%6e%74\\\/uploads\\\/2025\\\/03\\\/l_1741954680_78710-e1741957865571.webp\",\"width\":1200,\"height\":606},{\"@type\":\"BreadcrumbList\",\"@id\":\"https:\\\/\\\/informelitoral.com.ar\\\/clausuran-un-geriatrico-en-parana-tras-denuncias-de-abusos-y-maltratos\\\/#breadcrumb\",\"itemListElement\":[{\"@type\":\"ListItem\",\"position\":1,\"name\":\"Portada\",\"item\":\"https:\\\/\\\/informelitoral.com.ar\\\/\"},{\"@type\":\"ListItem\",\"position\":2,\"name\":\"Clausuraron un geri\u00e1trico en Paran\u00e1 tras denuncias de abusos y maltratos\"}]},{\"@type\":\"WebSite\",\"@id\":\"https:\\\/\\\/informelitoral.com.ar\\\/#website\",\"url\":\"https:\\\/\\\/informelitoral.com.ar\\\/\",\"name\":\"Informe Litoral\",\"description\":\"&quot;Nos informamos&quot; \",\"publisher\":{\"@id\":\"https:\\\/\\\/informelitoral.com.ar\\\/#organization\"},\"potentialAction\":[{\"@type\":\"SearchAction\",\"target\":{\"@type\":\"EntryPoint\",\"urlTemplate\":\"https:\\\/\\\/informelitoral.com.ar\\\/?s={search_term_string}\"},\"query-input\":{\"@type\":\"PropertyValueSpecification\",\"valueRequired\":true,\"valueName\":\"search_term_string\"}}],\"inLanguage\":\"es\"},{\"@type\":\"Organization\",\"@id\":\"https:\\\/\\\/informelitoral.com.ar\\\/#organization\",\"name\":\"Informe Litoral\",\"url\":\"https:\\\/\\\/informelitoral.com.ar\\\/\",\"logo\":{\"@type\":\"ImageObject\",\"inLanguage\":\"es\",\"@id\":\"https:\\\/\\\/informelitoral.com.ar\\\/#\\\/schema\\\/logo\\\/image\\\/\",\"url\":\"https:\\\/\\\/informelitoral.com.ar\\\/%77%70%2d%63%6f%6e%74%65%6e%74\\\/uploads\\\/2021\\\/01\\\/circulo.png\",\"contentUrl\":\"https:\\\/\\\/informelitoral.com.ar\\\/%77%70%2d%63%6f%6e%74%65%6e%74\\\/uploads\\\/2021\\\/01\\\/circulo.png\",\"width\":723,\"height\":731,\"caption\":\"Informe Litoral\"},\"image\":{\"@id\":\"https:\\\/\\\/informelitoral.com.ar\\\/#\\\/schema\\\/logo\\\/image\\\/\"},\"sameAs\":[\"https:\\\/\\\/www.facebook.com\\\/informelitoral\\\/\",\"https:\\\/\\\/x.com\\\/InformeLitoral\",\"https:\\\/\\\/www.instagram.com\\\/informelitoral\\\/\",\"https:\\\/\\\/www.youtube.com\\\/channel\\\/UCua4Qvz8Icb6MYqhoq9xLXw\"]},{\"@type\":\"Person\",\"@id\":\"https:\\\/\\\/informelitoral.com.ar\\\/#\\\/schema\\\/person\\\/f05f9f461677119578717524b127d6d5\",\"name\":\"Sebastian\",\"image\":{\"@type\":\"ImageObject\",\"inLanguage\":\"es\",\"@id\":\"https:\\\/\\\/secure.gravatar.com\\\/avatar\\\/b71bf7481d447dfb9583c7f2798e7cc64de6efb9067b74633ed8c31059a3bd82?s=96&d=mm&r=g\",\"url\":\"https:\\\/\\\/secure.gravatar.com\\\/avatar\\\/b71bf7481d447dfb9583c7f2798e7cc64de6efb9067b74633ed8c31059a3bd82?s=96&d=mm&r=g\",\"contentUrl\":\"https:\\\/\\\/secure.gravatar.com\\\/avatar\\\/b71bf7481d447dfb9583c7f2798e7cc64de6efb9067b74633ed8c31059a3bd82?s=96&d=mm&r=g\",\"caption\":\"Sebastian\"},\"url\":\"https:\\\/\\\/informelitoral.com.ar\\\/author\\\/sebastian\\\/\"}]}<\/script>","yoast_head_json":{"title":"Clausuraron un geri\u00e1trico en Paran\u00e1 tras denuncias de abusos y maltratos - Informe Litoral","robots":{"index":"index","follow":"follow","max-snippet":"max-snippet:-1","max-image-preview":"max-image-preview:large","max-video-preview":"max-video-preview:-1"},"canonical":"https:\/\/informelitoral.com.ar\/clausuran-un-geriatrico-en-parana-tras-denuncias-de-abusos-y-maltratos\/","og_locale":"es_ES","og_type":"article","og_title":"Clausuraron un geri\u00e1trico en Paran\u00e1 tras denuncias de abusos y maltratos - Informe Litoral","og_description":"Dentro de las denuncias judiciales, se supo que \"una persona era sujetada a la cama\". Se inform\u00f3 que 10 adultos mayores fueron relocalizados antes de la clausura.","og_url":"https:\/\/informelitoral.com.ar\/clausuran-un-geriatrico-en-parana-tras-denuncias-de-abusos-y-maltratos\/","og_site_name":"Informe Litoral","article_publisher":"https:\/\/www.facebook.com\/informelitoral\/","article_published_time":"2025-03-14T13:11:13+00:00","article_modified_time":"2025-03-14T13:13:26+00:00","og_image":[{"width":1200,"height":606,"url":"https:\/\/informelitoral.com.ar\/%77%70%2d%63%6f%6e%74%65%6e%74\/uploads\/2025\/03\/l_1741954680_78710-e1741957865571.webp","type":"image\/webp"}],"author":"Sebastian","twitter_card":"summary_large_image","twitter_creator":"@InformeLitoral","twitter_site":"@InformeLitoral","twitter_misc":{"Escrito por":"Sebastian","Tiempo de lectura":"2 minutos"},"schema":{"@context":"https:\/\/schema.org","@graph":[{"@type":"Article","@id":"https:\/\/informelitoral.com.ar\/clausuran-un-geriatrico-en-parana-tras-denuncias-de-abusos-y-maltratos\/#article","isPartOf":{"@id":"https:\/\/informelitoral.com.ar\/clausuran-un-geriatrico-en-parana-tras-denuncias-de-abusos-y-maltratos\/"},"author":{"name":"Sebastian","@id":"https:\/\/informelitoral.com.ar\/#\/schema\/person\/f05f9f461677119578717524b127d6d5"},"headline":"Clausuraron un geri\u00e1trico en Paran\u00e1 tras denuncias de abusos y maltratos","datePublished":"2025-03-14T13:11:13+00:00","dateModified":"2025-03-14T13:13:26+00:00","mainEntityOfPage":{"@id":"https:\/\/informelitoral.com.ar\/clausuran-un-geriatrico-en-parana-tras-denuncias-de-abusos-y-maltratos\/"},"wordCount":332,"commentCount":0,"publisher":{"@id":"https:\/\/informelitoral.com.ar\/#organization"},"image":{"@id":"https:\/\/informelitoral.com.ar\/clausuran-un-geriatrico-en-parana-tras-denuncias-de-abusos-y-maltratos\/#primaryimage"},"thumbnailUrl":"https:\/\/informelitoral.com.ar\/%77%70%2d%63%6f%6e%74%65%6e%74\/uploads\/2025\/03\/l_1741954680_78710-e1741957865571.webp","keywords":["Clausura","Geri\u00e1trico","Paran\u00e1"],"articleSection":["Paran\u00e1"],"inLanguage":"es","potentialAction":[{"@type":"CommentAction","name":"Comment","target":["https:\/\/informelitoral.com.ar\/clausuran-un-geriatrico-en-parana-tras-denuncias-de-abusos-y-maltratos\/#respond"]}]},{"@type":"WebPage","@id":"https:\/\/informelitoral.com.ar\/clausuran-un-geriatrico-en-parana-tras-denuncias-de-abusos-y-maltratos\/","url":"https:\/\/informelitoral.com.ar\/clausuran-un-geriatrico-en-parana-tras-denuncias-de-abusos-y-maltratos\/","name":"Clausuraron un geri\u00e1trico en Paran\u00e1 tras denuncias de abusos y maltratos - Informe Litoral","isPartOf":{"@id":"https:\/\/informelitoral.com.ar\/#website"},"primaryImageOfPage":{"@id":"https:\/\/informelitoral.com.ar\/clausuran-un-geriatrico-en-parana-tras-denuncias-de-abusos-y-maltratos\/#primaryimage"},"image":{"@id":"https:\/\/informelitoral.com.ar\/clausuran-un-geriatrico-en-parana-tras-denuncias-de-abusos-y-maltratos\/#primaryimage"},"thumbnailUrl":"https:\/\/informelitoral.com.ar\/%77%70%2d%63%6f%6e%74%65%6e%74\/uploads\/2025\/03\/l_1741954680_78710-e1741957865571.webp","datePublished":"2025-03-14T13:11:13+00:00","dateModified":"2025-03-14T13:13:26+00:00","breadcrumb":{"@id":"https:\/\/informelitoral.com.ar\/clausuran-un-geriatrico-en-parana-tras-denuncias-de-abusos-y-maltratos\/#breadcrumb"},"inLanguage":"es","potentialAction":[{"@type":"ReadAction","target":["https:\/\/informelitoral.com.ar\/clausuran-un-geriatrico-en-parana-tras-denuncias-de-abusos-y-maltratos\/"]}]},{"@type":"ImageObject","inLanguage":"es","@id":"https:\/\/informelitoral.com.ar\/clausuran-un-geriatrico-en-parana-tras-denuncias-de-abusos-y-maltratos\/#primaryimage","url":"https:\/\/informelitoral.com.ar\/%77%70%2d%63%6f%6e%74%65%6e%74\/uploads\/2025\/03\/l_1741954680_78710-e1741957865571.webp","contentUrl":"https:\/\/informelitoral.com.ar\/%77%70%2d%63%6f%6e%74%65%6e%74\/uploads\/2025\/03\/l_1741954680_78710-e1741957865571.webp","width":1200,"height":606},{"@type":"BreadcrumbList","@id":"https:\/\/informelitoral.com.ar\/clausuran-un-geriatrico-en-parana-tras-denuncias-de-abusos-y-maltratos\/#breadcrumb","itemListElement":[{"@type":"ListItem","position":1,"name":"Portada","item":"https:\/\/informelitoral.com.ar\/"},{"@type":"ListItem","position":2,"name":"Clausuraron un geri\u00e1trico en Paran\u00e1 tras denuncias de abusos y maltratos"}]},{"@type":"WebSite","@id":"https:\/\/informelitoral.com.ar\/#website","url":"https:\/\/informelitoral.com.ar\/","name":"Informe Litoral","description":"&quot;Nos informamos&quot; ","publisher":{"@id":"https:\/\/informelitoral.com.ar\/#organization"},"potentialAction":[{"@type":"SearchAction","target":{"@type":"EntryPoint","urlTemplate":"https:\/\/informelitoral.com.ar\/?s={search_term_string}"},"query-input":{"@type":"PropertyValueSpecification","valueRequired":true,"valueName":"search_term_string"}}],"inLanguage":"es"},{"@type":"Organization","@id":"https:\/\/informelitoral.com.ar\/#organization","name":"Informe Litoral","url":"https:\/\/informelitoral.com.ar\/","logo":{"@type":"ImageObject","inLanguage":"es","@id":"https:\/\/informelitoral.com.ar\/#\/schema\/logo\/image\/","url":"https:\/\/informelitoral.com.ar\/%77%70%2d%63%6f%6e%74%65%6e%74\/uploads\/2021\/01\/circulo.png","contentUrl":"https:\/\/informelitoral.com.ar\/%77%70%2d%63%6f%6e%74%65%6e%74\/uploads\/2021\/01\/circulo.png","width":723,"height":731,"caption":"Informe Litoral"},"image":{"@id":"https:\/\/informelitoral.com.ar\/#\/schema\/logo\/image\/"},"sameAs":["https:\/\/www.facebook.com\/informelitoral\/","https:\/\/x.com\/InformeLitoral","https:\/\/www.instagram.com\/informelitoral\/","https:\/\/www.youtube.com\/channel\/UCua4Qvz8Icb6MYqhoq9xLXw"]},{"@type":"Person","@id":"https:\/\/informelitoral.com.ar\/#\/schema\/person\/f05f9f461677119578717524b127d6d5","name":"Sebastian","image":{"@type":"ImageObject","inLanguage":"es","@id":"https:\/\/secure.gravatar.com\/avatar\/b71bf7481d447dfb9583c7f2798e7cc64de6efb9067b74633ed8c31059a3bd82?s=96&d=mm&r=g","url":"https:\/\/secure.gravatar.com\/avatar\/b71bf7481d447dfb9583c7f2798e7cc64de6efb9067b74633ed8c31059a3bd82?s=96&d=mm&r=g","contentUrl":"https:\/\/secure.gravatar.com\/avatar\/b71bf7481d447dfb9583c7f2798e7cc64de6efb9067b74633ed8c31059a3bd82?s=96&d=mm&r=g","caption":"Sebastian"},"url":"https:\/\/informelitoral.com.ar\/author\/sebastian\/"}]}},"_links":{"self":[{"href":"https:\/\/informelitoral.com.ar\/%77%70%2d%6a%73%6f%6e\/wp\/v2\/posts\/214770","targetHints":{"allow":["GET"]}}],"collection":[{"href":"https:\/\/informelitoral.com.ar\/%77%70%2d%6a%73%6f%6e\/wp\/v2\/posts"}],"about":[{"href":"https:\/\/informelitoral.com.ar\/%77%70%2d%6a%73%6f%6e\/wp\/v2\/types\/post"}],"author":[{"embeddable":true,"href":"https:\/\/informelitoral.com.ar\/%77%70%2d%6a%73%6f%6e\/wp\/v2\/users\/8"}],"replies":[{"embeddable":true,"href":"https:\/\/informelitoral.com.ar\/%77%70%2d%6a%73%6f%6e\/wp\/v2\/comments?post=214770"}],"version-history":[{"count":0,"href":"https:\/\/informelitoral.com.ar\/%77%70%2d%6a%73%6f%6e\/wp\/v2\/posts\/214770\/revisions"}],"wp:featuredmedia":[{"embeddable":true,"href":"https:\/\/informelitoral.com.ar\/%77%70%2d%6a%73%6f%6e\/wp\/v2\/media\/214771"}],"wp:attachment":[{"href":"https:\/\/informelitoral.com.ar\/%77%70%2d%6a%73%6f%6e\/wp\/v2\/media?parent=214770"}],"wp:term":[{"taxonomy":"category","embeddable":true,"href":"https:\/\/informelitoral.com.ar\/%77%70%2d%6a%73%6f%6e\/wp\/v2\/categories?post=214770"},{"taxonomy":"post_tag","embeddable":true,"href":"https:\/\/informelitoral.com.ar\/%77%70%2d%6a%73%6f%6e\/wp\/v2\/tags?post=214770"}],"curies":[{"name":"wp","href":"https:\/\/api.w.org\/{rel}","templated":true}]}}