{"id":214640,"date":"2025-03-13T10:56:28","date_gmt":"2025-03-13T13:56:28","guid":{"rendered":"https:\/\/informelitoral.com.ar\/?p=214640"},"modified":"2025-03-13T10:58:40","modified_gmt":"2025-03-13T13:58:40","slug":"entre-rios-las-exportaciones-fueron-las-de-mayor-crecimiento-en-la-region-centro-durante-2024","status":"publish","type":"post","link":"https:\/\/informelitoral.com.ar\/entre-rios-las-exportaciones-fueron-las-de-mayor-crecimiento-en-la-region-centro-durante-2024\/","title":{"rendered":"Las exportaciones de Entre R\u00edos fueron las de mayor crecimiento en la Regi\u00f3n Centro durante 2024"},"content":{"rendered":"<p>Las exportaciones de bienes de Entre R\u00edos alcanzaron los 1.424 millones de d\u00f3lares en el \u00faltimo a\u00f1o, lo que representa un notable crecimiento del 27,7% en comparaci\u00f3n con el a\u00f1o anterior, seg\u00fan un informe del Ministerio de Desarrollo Econ\u00f3mico basado en datos del INDEC.<\/p>\n<p>Este incremento supera significativamente el promedio nacional del 19,4%, y tambi\u00e9n supera a otras provincias importantes como C\u00f3rdoba y Santa Fe, consolidando a Entre R\u00edos como la novena jurisdicci\u00f3n con mayor volumen de exportaciones del pa\u00eds.<\/p>\n<p>El crecimiento de las exportaciones entrerrianas se debe principalmente al aumento en las ventas de cereales, especialmente el trigo, que experiment\u00f3 un impresionante aumento del 312,2%. La carne y sus preparados tambi\u00e9n jugaron un papel importante, con un aumento del 7,8%, impulsado por el crecimiento en los env\u00edos de carne de ave.<\/p>\n<p>Otros productos destacados incluyen los l\u00e1cteos, que aumentaron un 44,5%, mientras que las semillas y frutos oleaginosos experimentaron ca\u00eddas en sus ventas.<\/p>\n<p>Los principales destinos de las exportaciones entrerrianas fueron el Mercosur, con un 25,2% del total, y China, con un 13%. Otros destinos importantes incluyen la Asociaci\u00f3n Latinoamericana de Integraci\u00f3n (ALADI), la Asociaci\u00f3n de Naciones de Asia Sudoriental (ASEAN) y la Uni\u00f3n Europea.<\/p>\n<p>El Ministerio de Desarrollo Econ\u00f3mico de Entre R\u00edos destac\u00f3 la importancia de este crecimiento y se comprometi\u00f3 a seguir apoyando al sector privado para impulsar a\u00fan m\u00e1s las exportaciones. Se est\u00e1n realizando inversiones en infraestructura, simplificando tr\u00e1mites y buscando alivio impositivo para la actividad productiva local.<\/p>\n","protected":false},"excerpt":{"rendered":"<p>La din\u00e1mica exportadora entrerriana super\u00f3 la observada tanto en C\u00f3rdoba como en Santa Fe, y el incremento de las ventas entrerrianas al exterior fue superior al del total del pa\u00eds. Seg\u00fan datos relevados por Indec y un informe elaborado por el Ministerio de Desarrollo Econ\u00f3mico, lo que m\u00e1s exporta Entre R\u00edos es cereales, carnes y productos l\u00e1cteos, y el Mercosur es uno de los destinos m\u00e1s relevantes.<\/p>\n","protected":false},"author":8,"featured_media":86084,"comment_status":"open","ping_status":"open","sticky":false,"template":"","format":"standard","meta":{"fifu_image_url":"","fifu_image_alt":"","footnotes":""},"categories":[10],"tags":[81,259],"class_list":{"0":"post-214640","1":"post","2":"type-post","3":"status-publish","4":"format-standard","5":"has-post-thumbnail","7":"category-campo","8":"tag-entre-rios","9":"tag-exportacion"},"yoast_head":"<title>Las exportaciones de Entre R\u00edos fueron las de mayor crecimiento en la Regi\u00f3n Centro durante 2024 - Informe Litoral<\/title>\n<meta name=\"robots\" content=\"index, follow, max-snippet:-1, max-image-preview:large, max-video-preview:-1\" \/>\n<link rel=\"canonical\" href=\"https:\/\/informelitoral.com.ar\/entre-rios-las-exportaciones-fueron-las-de-mayor-crecimiento-en-la-region-centro-durante-2024\/\" \/>\n<meta property=\"og:locale\" content=\"es_ES\" \/>\n<meta property=\"og:type\" content=\"article\" \/>\n<meta property=\"og:title\" content=\"Las exportaciones de Entre R\u00edos fueron las de mayor crecimiento en la Regi\u00f3n Centro durante 2024 - Informe Litoral\" \/>\n<meta property=\"og:description\" content=\"La din\u00e1mica exportadora entrerriana super\u00f3 la observada tanto en C\u00f3rdoba como en Santa Fe, y el incremento de las ventas entrerrianas al exterior fue superior al del total del pa\u00eds. Seg\u00fan datos relevados por Indec y un informe elaborado por el Ministerio de Desarrollo Econ\u00f3mico, lo que m\u00e1s exporta Entre R\u00edos es cereales, carnes y productos l\u00e1cteos, y el Mercosur es uno de los destinos m\u00e1s relevantes.\" \/>\n<meta property=\"og:url\" content=\"https:\/\/informelitoral.com.ar\/entre-rios-las-exportaciones-fueron-las-de-mayor-crecimiento-en-la-region-centro-durante-2024\/\" \/>\n<meta property=\"og:site_name\" content=\"Informe Litoral\" \/>\n<meta property=\"article:publisher\" content=\"https:\/\/www.facebook.com\/informelitoral\/\" \/>\n<meta property=\"article:published_time\" content=\"2025-03-13T13:56:28+00:00\" \/>\n<meta property=\"article:modified_time\" content=\"2025-03-13T13:58:40+00:00\" \/>\n<meta property=\"og:image\" content=\"https:\/\/informelitoral.com.ar\/%77%70%2d%63%6f%6e%74%65%6e%74\/uploads\/2022\/09\/trigo-campo-696x464-1.jpg\" \/>\n\t<meta property=\"og:image:width\" content=\"696\" \/>\n\t<meta property=\"og:image:height\" content=\"464\" \/>\n\t<meta property=\"og:image:type\" content=\"image\/jpeg\" \/>\n<meta name=\"author\" content=\"Sebastian\" \/>\n<meta name=\"twitter:card\" content=\"summary_large_image\" \/>\n<meta name=\"twitter:creator\" content=\"@InformeLitoral\" \/>\n<meta name=\"twitter:site\" content=\"@InformeLitoral\" \/>\n<meta name=\"twitter:label1\" content=\"Escrito por\" \/>\n\t<meta name=\"twitter:data1\" content=\"Sebastian\" \/>\n\t<meta name=\"twitter:label2\" content=\"Tiempo de lectura\" \/>\n\t<meta name=\"twitter:data2\" content=\"1 minuto\" \/>\n<script type=\"application\/ld+json\" class=\"yoast-schema-graph\">{\"@context\":\"https:\\\/\\\/schema.org\",\"@graph\":[{\"@type\":\"Article\",\"@id\":\"https:\\\/\\\/informelitoral.com.ar\\\/entre-rios-las-exportaciones-fueron-las-de-mayor-crecimiento-en-la-region-centro-durante-2024\\\/#article\",\"isPartOf\":{\"@id\":\"https:\\\/\\\/informelitoral.com.ar\\\/entre-rios-las-exportaciones-fueron-las-de-mayor-crecimiento-en-la-region-centro-durante-2024\\\/\"},\"author\":{\"name\":\"Sebastian\",\"@id\":\"https:\\\/\\\/informelitoral.com.ar\\\/#\\\/schema\\\/person\\\/f05f9f461677119578717524b127d6d5\"},\"headline\":\"Las exportaciones de Entre R\u00edos fueron las de mayor crecimiento en la Regi\u00f3n Centro durante 2024\",\"datePublished\":\"2025-03-13T13:56:28+00:00\",\"dateModified\":\"2025-03-13T13:58:40+00:00\",\"mainEntityOfPage\":{\"@id\":\"https:\\\/\\\/informelitoral.com.ar\\\/entre-rios-las-exportaciones-fueron-las-de-mayor-crecimiento-en-la-region-centro-durante-2024\\\/\"},\"wordCount\":277,\"commentCount\":0,\"publisher\":{\"@id\":\"https:\\\/\\\/informelitoral.com.ar\\\/#organization\"},\"image\":{\"@id\":\"https:\\\/\\\/informelitoral.com.ar\\\/entre-rios-las-exportaciones-fueron-las-de-mayor-crecimiento-en-la-region-centro-durante-2024\\\/#primaryimage\"},\"thumbnailUrl\":\"https:\\\/\\\/informelitoral.com.ar\\\/%77%70%2d%63%6f%6e%74%65%6e%74\\\/uploads\\\/2022\\\/09\\\/trigo-campo-696x464-1.jpg\",\"keywords\":[\"Entre R\u00edos\",\"Exportaci\u00f3n\"],\"articleSection\":[\"Campo\"],\"inLanguage\":\"es\",\"potentialAction\":[{\"@type\":\"CommentAction\",\"name\":\"Comment\",\"target\":[\"https:\\\/\\\/informelitoral.com.ar\\\/entre-rios-las-exportaciones-fueron-las-de-mayor-crecimiento-en-la-region-centro-durante-2024\\\/#respond\"]}]},{\"@type\":\"WebPage\",\"@id\":\"https:\\\/\\\/informelitoral.com.ar\\\/entre-rios-las-exportaciones-fueron-las-de-mayor-crecimiento-en-la-region-centro-durante-2024\\\/\",\"url\":\"https:\\\/\\\/informelitoral.com.ar\\\/entre-rios-las-exportaciones-fueron-las-de-mayor-crecimiento-en-la-region-centro-durante-2024\\\/\",\"name\":\"Las exportaciones de Entre R\u00edos fueron las de mayor crecimiento en la Regi\u00f3n Centro durante 2024 - Informe Litoral\",\"isPartOf\":{\"@id\":\"https:\\\/\\\/informelitoral.com.ar\\\/#website\"},\"primaryImageOfPage\":{\"@id\":\"https:\\\/\\\/informelitoral.com.ar\\\/entre-rios-las-exportaciones-fueron-las-de-mayor-crecimiento-en-la-region-centro-durante-2024\\\/#primaryimage\"},\"image\":{\"@id\":\"https:\\\/\\\/informelitoral.com.ar\\\/entre-rios-las-exportaciones-fueron-las-de-mayor-crecimiento-en-la-region-centro-durante-2024\\\/#primaryimage\"},\"thumbnailUrl\":\"https:\\\/\\\/informelitoral.com.ar\\\/%77%70%2d%63%6f%6e%74%65%6e%74\\\/uploads\\\/2022\\\/09\\\/trigo-campo-696x464-1.jpg\",\"datePublished\":\"2025-03-13T13:56:28+00:00\",\"dateModified\":\"2025-03-13T13:58:40+00:00\",\"breadcrumb\":{\"@id\":\"https:\\\/\\\/informelitoral.com.ar\\\/entre-rios-las-exportaciones-fueron-las-de-mayor-crecimiento-en-la-region-centro-durante-2024\\\/#breadcrumb\"},\"inLanguage\":\"es\",\"potentialAction\":[{\"@type\":\"ReadAction\",\"target\":[\"https:\\\/\\\/informelitoral.com.ar\\\/entre-rios-las-exportaciones-fueron-las-de-mayor-crecimiento-en-la-region-centro-durante-2024\\\/\"]}]},{\"@type\":\"ImageObject\",\"inLanguage\":\"es\",\"@id\":\"https:\\\/\\\/informelitoral.com.ar\\\/entre-rios-las-exportaciones-fueron-las-de-mayor-crecimiento-en-la-region-centro-durante-2024\\\/#primaryimage\",\"url\":\"https:\\\/\\\/informelitoral.com.ar\\\/%77%70%2d%63%6f%6e%74%65%6e%74\\\/uploads\\\/2022\\\/09\\\/trigo-campo-696x464-1.jpg\",\"contentUrl\":\"https:\\\/\\\/informelitoral.com.ar\\\/%77%70%2d%63%6f%6e%74%65%6e%74\\\/uploads\\\/2022\\\/09\\\/trigo-campo-696x464-1.jpg\",\"width\":696,\"height\":464},{\"@type\":\"BreadcrumbList\",\"@id\":\"https:\\\/\\\/informelitoral.com.ar\\\/entre-rios-las-exportaciones-fueron-las-de-mayor-crecimiento-en-la-region-centro-durante-2024\\\/#breadcrumb\",\"itemListElement\":[{\"@type\":\"ListItem\",\"position\":1,\"name\":\"Portada\",\"item\":\"https:\\\/\\\/informelitoral.com.ar\\\/\"},{\"@type\":\"ListItem\",\"position\":2,\"name\":\"Las exportaciones de Entre R\u00edos fueron las de mayor crecimiento en la Regi\u00f3n Centro durante 2024\"}]},{\"@type\":\"WebSite\",\"@id\":\"https:\\\/\\\/informelitoral.com.ar\\\/#website\",\"url\":\"https:\\\/\\\/informelitoral.com.ar\\\/\",\"name\":\"Informe Litoral\",\"description\":\"&quot;Nos informamos&quot; \",\"publisher\":{\"@id\":\"https:\\\/\\\/informelitoral.com.ar\\\/#organization\"},\"potentialAction\":[{\"@type\":\"SearchAction\",\"target\":{\"@type\":\"EntryPoint\",\"urlTemplate\":\"https:\\\/\\\/informelitoral.com.ar\\\/?s={search_term_string}\"},\"query-input\":{\"@type\":\"PropertyValueSpecification\",\"valueRequired\":true,\"valueName\":\"search_term_string\"}}],\"inLanguage\":\"es\"},{\"@type\":\"Organization\",\"@id\":\"https:\\\/\\\/informelitoral.com.ar\\\/#organization\",\"name\":\"Informe Litoral\",\"url\":\"https:\\\/\\\/informelitoral.com.ar\\\/\",\"logo\":{\"@type\":\"ImageObject\",\"inLanguage\":\"es\",\"@id\":\"https:\\\/\\\/informelitoral.com.ar\\\/#\\\/schema\\\/logo\\\/image\\\/\",\"url\":\"https:\\\/\\\/informelitoral.com.ar\\\/%77%70%2d%63%6f%6e%74%65%6e%74\\\/uploads\\\/2021\\\/01\\\/circulo.png\",\"contentUrl\":\"https:\\\/\\\/informelitoral.com.ar\\\/%77%70%2d%63%6f%6e%74%65%6e%74\\\/uploads\\\/2021\\\/01\\\/circulo.png\",\"width\":723,\"height\":731,\"caption\":\"Informe Litoral\"},\"image\":{\"@id\":\"https:\\\/\\\/informelitoral.com.ar\\\/#\\\/schema\\\/logo\\\/image\\\/\"},\"sameAs\":[\"https:\\\/\\\/www.facebook.com\\\/informelitoral\\\/\",\"https:\\\/\\\/x.com\\\/InformeLitoral\",\"https:\\\/\\\/www.instagram.com\\\/informelitoral\\\/\",\"https:\\\/\\\/www.youtube.com\\\/channel\\\/UCua4Qvz8Icb6MYqhoq9xLXw\"]},{\"@type\":\"Person\",\"@id\":\"https:\\\/\\\/informelitoral.com.ar\\\/#\\\/schema\\\/person\\\/f05f9f461677119578717524b127d6d5\",\"name\":\"Sebastian\",\"image\":{\"@type\":\"ImageObject\",\"inLanguage\":\"es\",\"@id\":\"https:\\\/\\\/secure.gravatar.com\\\/avatar\\\/b71bf7481d447dfb9583c7f2798e7cc64de6efb9067b74633ed8c31059a3bd82?s=96&d=mm&r=g\",\"url\":\"https:\\\/\\\/secure.gravatar.com\\\/avatar\\\/b71bf7481d447dfb9583c7f2798e7cc64de6efb9067b74633ed8c31059a3bd82?s=96&d=mm&r=g\",\"contentUrl\":\"https:\\\/\\\/secure.gravatar.com\\\/avatar\\\/b71bf7481d447dfb9583c7f2798e7cc64de6efb9067b74633ed8c31059a3bd82?s=96&d=mm&r=g\",\"caption\":\"Sebastian\"},\"url\":\"https:\\\/\\\/informelitoral.com.ar\\\/author\\\/sebastian\\\/\"}]}<\/script>","yoast_head_json":{"title":"Las exportaciones de Entre R\u00edos fueron las de mayor crecimiento en la Regi\u00f3n Centro durante 2024 - Informe Litoral","robots":{"index":"index","follow":"follow","max-snippet":"max-snippet:-1","max-image-preview":"max-image-preview:large","max-video-preview":"max-video-preview:-1"},"canonical":"https:\/\/informelitoral.com.ar\/entre-rios-las-exportaciones-fueron-las-de-mayor-crecimiento-en-la-region-centro-durante-2024\/","og_locale":"es_ES","og_type":"article","og_title":"Las exportaciones de Entre R\u00edos fueron las de mayor crecimiento en la Regi\u00f3n Centro durante 2024 - Informe Litoral","og_description":"La din\u00e1mica exportadora entrerriana super\u00f3 la observada tanto en C\u00f3rdoba como en Santa Fe, y el incremento de las ventas entrerrianas al exterior fue superior al del total del pa\u00eds. Seg\u00fan datos relevados por Indec y un informe elaborado por el Ministerio de Desarrollo Econ\u00f3mico, lo que m\u00e1s exporta Entre R\u00edos es cereales, carnes y productos l\u00e1cteos, y el Mercosur es uno de los destinos m\u00e1s relevantes.","og_url":"https:\/\/informelitoral.com.ar\/entre-rios-las-exportaciones-fueron-las-de-mayor-crecimiento-en-la-region-centro-durante-2024\/","og_site_name":"Informe Litoral","article_publisher":"https:\/\/www.facebook.com\/informelitoral\/","article_published_time":"2025-03-13T13:56:28+00:00","article_modified_time":"2025-03-13T13:58:40+00:00","og_image":[{"width":696,"height":464,"url":"https:\/\/informelitoral.com.ar\/%77%70%2d%63%6f%6e%74%65%6e%74\/uploads\/2022\/09\/trigo-campo-696x464-1.jpg","type":"image\/jpeg"}],"author":"Sebastian","twitter_card":"summary_large_image","twitter_creator":"@InformeLitoral","twitter_site":"@InformeLitoral","twitter_misc":{"Escrito por":"Sebastian","Tiempo de lectura":"1 minuto"},"schema":{"@context":"https:\/\/schema.org","@graph":[{"@type":"Article","@id":"https:\/\/informelitoral.com.ar\/entre-rios-las-exportaciones-fueron-las-de-mayor-crecimiento-en-la-region-centro-durante-2024\/#article","isPartOf":{"@id":"https:\/\/informelitoral.com.ar\/entre-rios-las-exportaciones-fueron-las-de-mayor-crecimiento-en-la-region-centro-durante-2024\/"},"author":{"name":"Sebastian","@id":"https:\/\/informelitoral.com.ar\/#\/schema\/person\/f05f9f461677119578717524b127d6d5"},"headline":"Las exportaciones de Entre R\u00edos fueron las de mayor crecimiento en la Regi\u00f3n Centro durante 2024","datePublished":"2025-03-13T13:56:28+00:00","dateModified":"2025-03-13T13:58:40+00:00","mainEntityOfPage":{"@id":"https:\/\/informelitoral.com.ar\/entre-rios-las-exportaciones-fueron-las-de-mayor-crecimiento-en-la-region-centro-durante-2024\/"},"wordCount":277,"commentCount":0,"publisher":{"@id":"https:\/\/informelitoral.com.ar\/#organization"},"image":{"@id":"https:\/\/informelitoral.com.ar\/entre-rios-las-exportaciones-fueron-las-de-mayor-crecimiento-en-la-region-centro-durante-2024\/#primaryimage"},"thumbnailUrl":"https:\/\/informelitoral.com.ar\/%77%70%2d%63%6f%6e%74%65%6e%74\/uploads\/2022\/09\/trigo-campo-696x464-1.jpg","keywords":["Entre R\u00edos","Exportaci\u00f3n"],"articleSection":["Campo"],"inLanguage":"es","potentialAction":[{"@type":"CommentAction","name":"Comment","target":["https:\/\/informelitoral.com.ar\/entre-rios-las-exportaciones-fueron-las-de-mayor-crecimiento-en-la-region-centro-durante-2024\/#respond"]}]},{"@type":"WebPage","@id":"https:\/\/informelitoral.com.ar\/entre-rios-las-exportaciones-fueron-las-de-mayor-crecimiento-en-la-region-centro-durante-2024\/","url":"https:\/\/informelitoral.com.ar\/entre-rios-las-exportaciones-fueron-las-de-mayor-crecimiento-en-la-region-centro-durante-2024\/","name":"Las exportaciones de Entre R\u00edos fueron las de mayor crecimiento en la Regi\u00f3n Centro durante 2024 - Informe Litoral","isPartOf":{"@id":"https:\/\/informelitoral.com.ar\/#website"},"primaryImageOfPage":{"@id":"https:\/\/informelitoral.com.ar\/entre-rios-las-exportaciones-fueron-las-de-mayor-crecimiento-en-la-region-centro-durante-2024\/#primaryimage"},"image":{"@id":"https:\/\/informelitoral.com.ar\/entre-rios-las-exportaciones-fueron-las-de-mayor-crecimiento-en-la-region-centro-durante-2024\/#primaryimage"},"thumbnailUrl":"https:\/\/informelitoral.com.ar\/%77%70%2d%63%6f%6e%74%65%6e%74\/uploads\/2022\/09\/trigo-campo-696x464-1.jpg","datePublished":"2025-03-13T13:56:28+00:00","dateModified":"2025-03-13T13:58:40+00:00","breadcrumb":{"@id":"https:\/\/informelitoral.com.ar\/entre-rios-las-exportaciones-fueron-las-de-mayor-crecimiento-en-la-region-centro-durante-2024\/#breadcrumb"},"inLanguage":"es","potentialAction":[{"@type":"ReadAction","target":["https:\/\/informelitoral.com.ar\/entre-rios-las-exportaciones-fueron-las-de-mayor-crecimiento-en-la-region-centro-durante-2024\/"]}]},{"@type":"ImageObject","inLanguage":"es","@id":"https:\/\/informelitoral.com.ar\/entre-rios-las-exportaciones-fueron-las-de-mayor-crecimiento-en-la-region-centro-durante-2024\/#primaryimage","url":"https:\/\/informelitoral.com.ar\/%77%70%2d%63%6f%6e%74%65%6e%74\/uploads\/2022\/09\/trigo-campo-696x464-1.jpg","contentUrl":"https:\/\/informelitoral.com.ar\/%77%70%2d%63%6f%6e%74%65%6e%74\/uploads\/2022\/09\/trigo-campo-696x464-1.jpg","width":696,"height":464},{"@type":"BreadcrumbList","@id":"https:\/\/informelitoral.com.ar\/entre-rios-las-exportaciones-fueron-las-de-mayor-crecimiento-en-la-region-centro-durante-2024\/#breadcrumb","itemListElement":[{"@type":"ListItem","position":1,"name":"Portada","item":"https:\/\/informelitoral.com.ar\/"},{"@type":"ListItem","position":2,"name":"Las exportaciones de Entre R\u00edos fueron las de mayor crecimiento en la Regi\u00f3n Centro durante 2024"}]},{"@type":"WebSite","@id":"https:\/\/informelitoral.com.ar\/#website","url":"https:\/\/informelitoral.com.ar\/","name":"Informe Litoral","description":"&quot;Nos informamos&quot; ","publisher":{"@id":"https:\/\/informelitoral.com.ar\/#organization"},"potentialAction":[{"@type":"SearchAction","target":{"@type":"EntryPoint","urlTemplate":"https:\/\/informelitoral.com.ar\/?s={search_term_string}"},"query-input":{"@type":"PropertyValueSpecification","valueRequired":true,"valueName":"search_term_string"}}],"inLanguage":"es"},{"@type":"Organization","@id":"https:\/\/informelitoral.com.ar\/#organization","name":"Informe Litoral","url":"https:\/\/informelitoral.com.ar\/","logo":{"@type":"ImageObject","inLanguage":"es","@id":"https:\/\/informelitoral.com.ar\/#\/schema\/logo\/image\/","url":"https:\/\/informelitoral.com.ar\/%77%70%2d%63%6f%6e%74%65%6e%74\/uploads\/2021\/01\/circulo.png","contentUrl":"https:\/\/informelitoral.com.ar\/%77%70%2d%63%6f%6e%74%65%6e%74\/uploads\/2021\/01\/circulo.png","width":723,"height":731,"caption":"Informe Litoral"},"image":{"@id":"https:\/\/informelitoral.com.ar\/#\/schema\/logo\/image\/"},"sameAs":["https:\/\/www.facebook.com\/informelitoral\/","https:\/\/x.com\/InformeLitoral","https:\/\/www.instagram.com\/informelitoral\/","https:\/\/www.youtube.com\/channel\/UCua4Qvz8Icb6MYqhoq9xLXw"]},{"@type":"Person","@id":"https:\/\/informelitoral.com.ar\/#\/schema\/person\/f05f9f461677119578717524b127d6d5","name":"Sebastian","image":{"@type":"ImageObject","inLanguage":"es","@id":"https:\/\/secure.gravatar.com\/avatar\/b71bf7481d447dfb9583c7f2798e7cc64de6efb9067b74633ed8c31059a3bd82?s=96&d=mm&r=g","url":"https:\/\/secure.gravatar.com\/avatar\/b71bf7481d447dfb9583c7f2798e7cc64de6efb9067b74633ed8c31059a3bd82?s=96&d=mm&r=g","contentUrl":"https:\/\/secure.gravatar.com\/avatar\/b71bf7481d447dfb9583c7f2798e7cc64de6efb9067b74633ed8c31059a3bd82?s=96&d=mm&r=g","caption":"Sebastian"},"url":"https:\/\/informelitoral.com.ar\/author\/sebastian\/"}]}},"_links":{"self":[{"href":"https:\/\/informelitoral.com.ar\/%77%70%2d%6a%73%6f%6e\/wp\/v2\/posts\/214640","targetHints":{"allow":["GET"]}}],"collection":[{"href":"https:\/\/informelitoral.com.ar\/%77%70%2d%6a%73%6f%6e\/wp\/v2\/posts"}],"about":[{"href":"https:\/\/informelitoral.com.ar\/%77%70%2d%6a%73%6f%6e\/wp\/v2\/types\/post"}],"author":[{"embeddable":true,"href":"https:\/\/informelitoral.com.ar\/%77%70%2d%6a%73%6f%6e\/wp\/v2\/users\/8"}],"replies":[{"embeddable":true,"href":"https:\/\/informelitoral.com.ar\/%77%70%2d%6a%73%6f%6e\/wp\/v2\/comments?post=214640"}],"version-history":[{"count":0,"href":"https:\/\/informelitoral.com.ar\/%77%70%2d%6a%73%6f%6e\/wp\/v2\/posts\/214640\/revisions"}],"wp:featuredmedia":[{"embeddable":true,"href":"https:\/\/informelitoral.com.ar\/%77%70%2d%6a%73%6f%6e\/wp\/v2\/media\/86084"}],"wp:attachment":[{"href":"https:\/\/informelitoral.com.ar\/%77%70%2d%6a%73%6f%6e\/wp\/v2\/media?parent=214640"}],"wp:term":[{"taxonomy":"category","embeddable":true,"href":"https:\/\/informelitoral.com.ar\/%77%70%2d%6a%73%6f%6e\/wp\/v2\/categories?post=214640"},{"taxonomy":"post_tag","embeddable":true,"href":"https:\/\/informelitoral.com.ar\/%77%70%2d%6a%73%6f%6e\/wp\/v2\/tags?post=214640"}],"curies":[{"name":"wp","href":"https:\/\/api.w.org\/{rel}","templated":true}]}}